{"id":288,"date":"2016-03-25T15:29:19","date_gmt":"2016-03-25T14:29:19","guid":{"rendered":"https:\/\/dev.umweltperspektiven.ch\/?p=288"},"modified":"2022-02-09T11:10:14","modified_gmt":"2022-02-09T10:10:14","slug":"nationales-forschungsprogramm-fuer-nachhaltige-wirtschaft","status":"publish","type":"post","link":"https:\/\/www.organisator.ch\/it\/sustainability\/2016-03-25\/nationales-forschungsprogramm-fuer-nachhaltige-wirtschaft\/","title":{"rendered":"Programma nazionale di ricerca per l'economia sostenibile"},"content":{"rendered":"<figure id=\"attachment_289\" aria-describedby=\"caption-attachment-289\" style=\"width: 680px\" class=\"wp-caption alignnone\"><a href=\"\/\/dev.umweltperspektiven.ch\/wp-content\/uploads\/2016\/12\/Nationales-Forschungsprogramm-f\u00fcr-Nachhaltige-Wirtschaft-umweltperspektiven.jpg\"><img loading=\"lazy\" decoding=\"async\" class=\"size-medium wp-image-289\" src=\"\/\/dev.umweltperspektiven.ch\/wp-content\/uploads\/2016\/12\/Nationales-Forschungsprogramm-f\u00fcr-Nachhaltige-Wirtschaft-umweltperspektiven.jpg\" alt=\"Gli investimenti nell&#039;economia sostenibile dovrebbero portare la crescita in Svizzera.\" width=\"680\" height=\"452\" \/><\/a><figcaption id=\"caption-attachment-289\" class=\"wp-caption-text\">Gli investimenti nell'economia sostenibile dovrebbero portare la crescita in Svizzera.<\/figcaption><\/figure>\n<p>Il Consiglio federale ha lanciato il nuovo Programma nazionale di ricerca (PNR) \"Gestione sostenibile\". Il PNR dovrebbe dare importanti contributi a un'economia sostenibile con un uso pi\u00f9 efficiente delle risorse e una maggiore sicurezza delle stesse. Tra le altre cose, questo dovrebbe favorire la competitivit\u00e0 dell'economia svizzera e promuovere il benessere della popolazione. La durata della ricerca del programma \u00e8 di cinque anni e il budget ammonta a un totale di 20 milioni di franchi.<\/p>\n<p>Le risorse naturali hanno una capacit\u00e0 rigenerativa limitata e stanno diventando sempre pi\u00f9 scarse. Il nuovo PNR, condotto dal Fondo Nazionale Svizzero per la Scienza, mira a fornire intuizioni da una prospettiva sistemica che tiene conto dell'ambiente, dell'economia e della societ\u00e0, e considera tutte le risorse naturali e tutte le fasi della catena del valore. Invita a presentare progetti di ricerca che espandano le conoscenze esistenti e identifichino in modo completo le opportunit\u00e0, i rischi e il potenziale. Derivati da questo, le misure e gli strumenti devono essere analizzati e i risultati generali trasferiti in applicazioni concrete, per esempio attraverso lo sviluppo di standard innovativi, la progettazione di modelli innovativi di consumo e produzione, e la distribuzione di tecnologie e prodotti \"puliti\".<\/p>\n<p>Con i programmi nazionali di ricerca, la Confederazione finanzia progetti di ricerca che sviluppano conoscenze per l'orientamento e l'azione e contribuiscono cos\u00ec a risolvere i problemi attuali. I PNR si concludono dopo un periodo di circa cinque anni.<\/p>\n<p>Secondo la legge sulla promozione della ricerca e dell'innovazione, il Consiglio federale decide periodicamente sull'attuazione e sul quadro finanziario dei programmi nazionali di ricerca.<\/p>\n<p>(WBF)<\/p>","protected":false},"excerpt":{"rendered":"<p>Der Bundesrat hat\u00a0das neue Nationale Forschungsprogramm (NFP) \u201eNachhaltiges Wirtschaften\u201c lanciert. Aus dem NFP werden wichtige Beitr\u00e4ge f\u00fcr eine nachhaltige Wirtschaft mit effizienterem Ressourceneinsatz und gr\u00f6sserer Ressourcensicherheit erwartet. Dies soll unter anderem die Wettbewerbsf\u00e4higkeit der Schweizer Wirtschaft beg\u00fcnstigen und die Wohlfahrt der Bev\u00f6lkerung f\u00f6rdern. Die Forschungsdauer des Programms betr\u00e4gt f\u00fcnf Jahre, das Budget bel\u00e4uft sich auf [&hellip;]<\/p>\n","protected":false},"author":1,"featured_media":9365,"comment_status":"open","ping_status":"open","sticky":false,"template":"","format":"standard","meta":{"_acf_changed":false,"_yoast_wpseo_focuskw":"Forschungsprogramm","_yoast_wpseo_metadesc":"Der Bundesrat lanciert ein neues Nationales Forschungsprogramm (NFP) zur Erarbeitung von Wegen zu einer nachhaltigen Wirtschaft.","articlekey":"","footnotes":""},"categories":[580],"tags":[218,358,1836],"class_list":["post-288","post","type-post","status-publish","format-standard","has-post-thumbnail","hentry","category-sustainability","tag-forschung","tag-nachhaltige-wirtschaft","tag-nfp"],"acf":[],"yoast_head":"<!-- This site is optimized with the Yoast SEO plugin v27.4 - https:\/\/yoast.com\/product\/yoast-seo-wordpress\/ -->\n<title>Nationales Forschungsprogramm f\u00fcr Nachhaltige Wirtschaft - Organisator<\/title>\n<meta name=\"description\" content=\"Der Bundesrat lanciert ein neues Nationales Forschungsprogramm (NFP) zur Erarbeitung von Wegen zu einer nachhaltigen Wirtschaft.\" \/>\n<meta name=\"robots\" content=\"index, follow, max-snippet:-1, max-image-preview:large, max-video-preview:-1\" \/>\n<link rel=\"canonical\" href=\"https:\/\/www.organisator.ch\/it\/sostenibilita\/2016-03-25\/nationales-forschungsprogramm-fuer-nachhaltige-wirtschaft\/\" \/>\n<meta property=\"og:locale\" content=\"it_IT\" \/>\n<meta property=\"og:type\" content=\"article\" \/>\n<meta property=\"og:title\" content=\"Nationales Forschungsprogramm f\u00fcr Nachhaltige Wirtschaft - Organisator\" \/>\n<meta property=\"og:description\" content=\"Der Bundesrat lanciert ein neues Nationales Forschungsprogramm (NFP) zur Erarbeitung von Wegen zu einer nachhaltigen Wirtschaft.\" \/>\n<meta property=\"og:url\" content=\"https:\/\/www.organisator.ch\/it\/sostenibilita\/2016-03-25\/nationales-forschungsprogramm-fuer-nachhaltige-wirtschaft\/\" \/>\n<meta property=\"og:site_name\" content=\"Organisator\" \/>\n<meta property=\"article:publisher\" content=\"https:\/\/www.facebook.com\/OrganisatorFachmagazin\" \/>\n<meta property=\"article:published_time\" content=\"2016-03-25T14:29:19+00:00\" \/>\n<meta property=\"article:modified_time\" content=\"2022-02-09T10:10:14+00:00\" \/>\n<meta property=\"og:image\" content=\"https:\/\/www.organisator.ch\/wp-content\/uploads\/2016\/12\/Nationales-Forschungsprogramm-fuer-Nachhaltige-Wirtschaft-umweltperspektiven.jpg\" \/>\n\t<meta property=\"og:image:width\" content=\"1000\" \/>\n\t<meta property=\"og:image:height\" content=\"665\" \/>\n\t<meta property=\"og:image:type\" content=\"image\/jpeg\" \/>\n<meta name=\"author\" content=\"admin\" \/>\n<meta name=\"twitter:card\" content=\"summary_large_image\" \/>\n<script type=\"application\/ld+json\" class=\"yoast-schema-graph\">{\"@context\":\"https:\\\/\\\/schema.org\",\"@graph\":[{\"@type\":\"Article\",\"@id\":\"https:\\\/\\\/www.organisator.ch\\\/sustainability\\\/2016-03-25\\\/nationales-forschungsprogramm-fuer-nachhaltige-wirtschaft\\\/#article\",\"isPartOf\":{\"@id\":\"https:\\\/\\\/www.organisator.ch\\\/sustainability\\\/2016-03-25\\\/nationales-forschungsprogramm-fuer-nachhaltige-wirtschaft\\\/\"},\"author\":{\"name\":\"admin\",\"@id\":\"https:\\\/\\\/www.organisator.ch\\\/#\\\/schema\\\/person\\\/aa2bace6c5c5aad60102004a50c4eb1c\"},\"headline\":\"Nationales Forschungsprogramm f\u00fcr Nachhaltige Wirtschaft\",\"datePublished\":\"2016-03-25T14:29:19+00:00\",\"dateModified\":\"2022-02-09T10:10:14+00:00\",\"mainEntityOfPage\":{\"@id\":\"https:\\\/\\\/www.organisator.ch\\\/sustainability\\\/2016-03-25\\\/nationales-forschungsprogramm-fuer-nachhaltige-wirtschaft\\\/\"},\"wordCount\":251,\"commentCount\":0,\"publisher\":{\"@id\":\"https:\\\/\\\/www.organisator.ch\\\/#organization\"},\"image\":{\"@id\":\"https:\\\/\\\/www.organisator.ch\\\/sustainability\\\/2016-03-25\\\/nationales-forschungsprogramm-fuer-nachhaltige-wirtschaft\\\/#primaryimage\"},\"thumbnailUrl\":\"https:\\\/\\\/www.organisator.ch\\\/wp-content\\\/uploads\\\/2016\\\/12\\\/Nationales-Forschungsprogramm-fuer-Nachhaltige-Wirtschaft-umweltperspektiven.jpg\",\"keywords\":[\"Forschung\",\"Nachhaltige Wirtschaft\",\"NFP\"],\"articleSection\":[\"SUSTAINABILITY\"],\"inLanguage\":\"it-IT\"},{\"@type\":\"WebPage\",\"@id\":\"https:\\\/\\\/www.organisator.ch\\\/sustainability\\\/2016-03-25\\\/nationales-forschungsprogramm-fuer-nachhaltige-wirtschaft\\\/\",\"url\":\"https:\\\/\\\/www.organisator.ch\\\/sustainability\\\/2016-03-25\\\/nationales-forschungsprogramm-fuer-nachhaltige-wirtschaft\\\/\",\"name\":\"Nationales Forschungsprogramm f\u00fcr Nachhaltige Wirtschaft - Organisator\",\"isPartOf\":{\"@id\":\"https:\\\/\\\/www.organisator.ch\\\/#website\"},\"primaryImageOfPage\":{\"@id\":\"https:\\\/\\\/www.organisator.ch\\\/sustainability\\\/2016-03-25\\\/nationales-forschungsprogramm-fuer-nachhaltige-wirtschaft\\\/#primaryimage\"},\"image\":{\"@id\":\"https:\\\/\\\/www.organisator.ch\\\/sustainability\\\/2016-03-25\\\/nationales-forschungsprogramm-fuer-nachhaltige-wirtschaft\\\/#primaryimage\"},\"thumbnailUrl\":\"https:\\\/\\\/www.organisator.ch\\\/wp-content\\\/uploads\\\/2016\\\/12\\\/Nationales-Forschungsprogramm-fuer-Nachhaltige-Wirtschaft-umweltperspektiven.jpg\",\"datePublished\":\"2016-03-25T14:29:19+00:00\",\"dateModified\":\"2022-02-09T10:10:14+00:00\",\"description\":\"Der Bundesrat lanciert ein neues Nationales Forschungsprogramm (NFP) zur Erarbeitung von Wegen zu einer nachhaltigen Wirtschaft.\",\"breadcrumb\":{\"@id\":\"https:\\\/\\\/www.organisator.ch\\\/sustainability\\\/2016-03-25\\\/nationales-forschungsprogramm-fuer-nachhaltige-wirtschaft\\\/#breadcrumb\"},\"inLanguage\":\"it-IT\",\"potentialAction\":[{\"@type\":\"ReadAction\",\"target\":[\"https:\\\/\\\/www.organisator.ch\\\/sustainability\\\/2016-03-25\\\/nationales-forschungsprogramm-fuer-nachhaltige-wirtschaft\\\/\"]}]},{\"@type\":\"ImageObject\",\"inLanguage\":\"it-IT\",\"@id\":\"https:\\\/\\\/www.organisator.ch\\\/sustainability\\\/2016-03-25\\\/nationales-forschungsprogramm-fuer-nachhaltige-wirtschaft\\\/#primaryimage\",\"url\":\"https:\\\/\\\/www.organisator.ch\\\/wp-content\\\/uploads\\\/2016\\\/12\\\/Nationales-Forschungsprogramm-fuer-Nachhaltige-Wirtschaft-umweltperspektiven.jpg\",\"contentUrl\":\"https:\\\/\\\/www.organisator.ch\\\/wp-content\\\/uploads\\\/2016\\\/12\\\/Nationales-Forschungsprogramm-fuer-Nachhaltige-Wirtschaft-umweltperspektiven.jpg\",\"width\":1000,\"height\":665,\"caption\":\"Investitionen in die nachhaltige Wirtschaft soll der Schweiz Wachstum bescheren.\"},{\"@type\":\"BreadcrumbList\",\"@id\":\"https:\\\/\\\/www.organisator.ch\\\/sustainability\\\/2016-03-25\\\/nationales-forschungsprogramm-fuer-nachhaltige-wirtschaft\\\/#breadcrumb\",\"itemListElement\":[{\"@type\":\"ListItem\",\"position\":1,\"name\":\"Home\",\"item\":\"https:\\\/\\\/www.organisator.ch\\\/\"},{\"@type\":\"ListItem\",\"position\":2,\"name\":\"Nationales Forschungsprogramm f\u00fcr Nachhaltige Wirtschaft\"}]},{\"@type\":\"WebSite\",\"@id\":\"https:\\\/\\\/www.organisator.ch\\\/#website\",\"url\":\"https:\\\/\\\/www.organisator.ch\\\/\",\"name\":\"Organisator\",\"description\":\"Kompetent. Praxisnah. Der ORGANISATOR bereitet in 10 Ausgaben pro Jahr die wesentlichen Themen f\u00fcr F\u00fchrungskr\u00e4fte von KMU auf.\",\"publisher\":{\"@id\":\"https:\\\/\\\/www.organisator.ch\\\/#organization\"},\"potentialAction\":[{\"@type\":\"SearchAction\",\"target\":{\"@type\":\"EntryPoint\",\"urlTemplate\":\"https:\\\/\\\/www.organisator.ch\\\/?s={search_term_string}\"},\"query-input\":{\"@type\":\"PropertyValueSpecification\",\"valueRequired\":true,\"valueName\":\"search_term_string\"}}],\"inLanguage\":\"it-IT\"},{\"@type\":\"Organization\",\"@id\":\"https:\\\/\\\/www.organisator.ch\\\/#organization\",\"name\":\"Organisator\",\"url\":\"https:\\\/\\\/www.organisator.ch\\\/\",\"logo\":{\"@type\":\"ImageObject\",\"inLanguage\":\"it-IT\",\"@id\":\"https:\\\/\\\/www.organisator.ch\\\/#\\\/schema\\\/logo\\\/image\\\/\",\"url\":\"https:\\\/\\\/www.organisator.ch\\\/wp-content\\\/uploads\\\/2022\\\/01\\\/Logo_Organisator_Website.png\",\"contentUrl\":\"https:\\\/\\\/www.organisator.ch\\\/wp-content\\\/uploads\\\/2022\\\/01\\\/Logo_Organisator_Website.png\",\"width\":800,\"height\":77,\"caption\":\"Organisator\"},\"image\":{\"@id\":\"https:\\\/\\\/www.organisator.ch\\\/#\\\/schema\\\/logo\\\/image\\\/\"},\"sameAs\":[\"https:\\\/\\\/www.facebook.com\\\/OrganisatorFachmagazin\",\"https:\\\/\\\/www.linkedin.com\\\/showcase\\\/organisator-das-magazin-fr-kmu\",\"https:\\\/\\\/www.xing.com\\\/news\\\/pages\\\/organisator-ch-695\",\"https:\\\/\\\/www.youtube.com\\\/channel\\\/UCGP2Sq0iWaZwT3BdIAQFYpw\"]},{\"@type\":\"Person\",\"@id\":\"https:\\\/\\\/www.organisator.ch\\\/#\\\/schema\\\/person\\\/aa2bace6c5c5aad60102004a50c4eb1c\",\"name\":\"admin\",\"image\":{\"@type\":\"ImageObject\",\"inLanguage\":\"it-IT\",\"@id\":\"https:\\\/\\\/secure.gravatar.com\\\/avatar\\\/ae2f4d718e6c49043e314ce431e7e645d646302a24a5ef5a8bc8e3f5a032e319?s=96&d=mm&r=g\",\"url\":\"https:\\\/\\\/secure.gravatar.com\\\/avatar\\\/ae2f4d718e6c49043e314ce431e7e645d646302a24a5ef5a8bc8e3f5a032e319?s=96&d=mm&r=g\",\"contentUrl\":\"https:\\\/\\\/secure.gravatar.com\\\/avatar\\\/ae2f4d718e6c49043e314ce431e7e645d646302a24a5ef5a8bc8e3f5a032e319?s=96&d=mm&r=g\",\"caption\":\"admin\"},\"sameAs\":[\"https:\\\/\\\/www.organisator.ch\"],\"url\":\"https:\\\/\\\/www.organisator.ch\\\/it\\\/author\\\/admin\\\/\"}]}<\/script>\n<!-- \/ Yoast SEO plugin. -->","yoast_head_json":{"title":"Programma nazionale di ricerca per l'economia sostenibile - Organizzatore","description":"Il Consiglio federale sta lanciando un nuovo programma nazionale di ricerca (PNR) per sviluppare modi per raggiungere un'economia sostenibile.","robots":{"index":"index","follow":"follow","max-snippet":"max-snippet:-1","max-image-preview":"max-image-preview:large","max-video-preview":"max-video-preview:-1"},"canonical":"https:\/\/www.organisator.ch\/it\/sostenibilita\/2016-03-25\/nationales-forschungsprogramm-fuer-nachhaltige-wirtschaft\/","og_locale":"it_IT","og_type":"article","og_title":"Nationales Forschungsprogramm f\u00fcr Nachhaltige Wirtschaft - Organisator","og_description":"Der Bundesrat lanciert ein neues Nationales Forschungsprogramm (NFP) zur Erarbeitung von Wegen zu einer nachhaltigen Wirtschaft.","og_url":"https:\/\/www.organisator.ch\/it\/sostenibilita\/2016-03-25\/nationales-forschungsprogramm-fuer-nachhaltige-wirtschaft\/","og_site_name":"Organisator","article_publisher":"https:\/\/www.facebook.com\/OrganisatorFachmagazin","article_published_time":"2016-03-25T14:29:19+00:00","article_modified_time":"2022-02-09T10:10:14+00:00","og_image":[{"width":1000,"height":665,"url":"https:\/\/www.organisator.ch\/wp-content\/uploads\/2016\/12\/Nationales-Forschungsprogramm-fuer-Nachhaltige-Wirtschaft-umweltperspektiven.jpg","type":"image\/jpeg"}],"author":"admin","twitter_card":"summary_large_image","schema":{"@context":"https:\/\/schema.org","@graph":[{"@type":"Article","@id":"https:\/\/www.organisator.ch\/sustainability\/2016-03-25\/nationales-forschungsprogramm-fuer-nachhaltige-wirtschaft\/#article","isPartOf":{"@id":"https:\/\/www.organisator.ch\/sustainability\/2016-03-25\/nationales-forschungsprogramm-fuer-nachhaltige-wirtschaft\/"},"author":{"name":"admin","@id":"https:\/\/www.organisator.ch\/#\/schema\/person\/aa2bace6c5c5aad60102004a50c4eb1c"},"headline":"Nationales Forschungsprogramm f\u00fcr Nachhaltige Wirtschaft","datePublished":"2016-03-25T14:29:19+00:00","dateModified":"2022-02-09T10:10:14+00:00","mainEntityOfPage":{"@id":"https:\/\/www.organisator.ch\/sustainability\/2016-03-25\/nationales-forschungsprogramm-fuer-nachhaltige-wirtschaft\/"},"wordCount":251,"commentCount":0,"publisher":{"@id":"https:\/\/www.organisator.ch\/#organization"},"image":{"@id":"https:\/\/www.organisator.ch\/sustainability\/2016-03-25\/nationales-forschungsprogramm-fuer-nachhaltige-wirtschaft\/#primaryimage"},"thumbnailUrl":"https:\/\/www.organisator.ch\/wp-content\/uploads\/2016\/12\/Nationales-Forschungsprogramm-fuer-Nachhaltige-Wirtschaft-umweltperspektiven.jpg","keywords":["Forschung","Nachhaltige Wirtschaft","NFP"],"articleSection":["SUSTAINABILITY"],"inLanguage":"it-IT"},{"@type":"WebPage","@id":"https:\/\/www.organisator.ch\/sustainability\/2016-03-25\/nationales-forschungsprogramm-fuer-nachhaltige-wirtschaft\/","url":"https:\/\/www.organisator.ch\/sustainability\/2016-03-25\/nationales-forschungsprogramm-fuer-nachhaltige-wirtschaft\/","name":"Programma nazionale di ricerca per l'economia sostenibile - Organizzatore","isPartOf":{"@id":"https:\/\/www.organisator.ch\/#website"},"primaryImageOfPage":{"@id":"https:\/\/www.organisator.ch\/sustainability\/2016-03-25\/nationales-forschungsprogramm-fuer-nachhaltige-wirtschaft\/#primaryimage"},"image":{"@id":"https:\/\/www.organisator.ch\/sustainability\/2016-03-25\/nationales-forschungsprogramm-fuer-nachhaltige-wirtschaft\/#primaryimage"},"thumbnailUrl":"https:\/\/www.organisator.ch\/wp-content\/uploads\/2016\/12\/Nationales-Forschungsprogramm-fuer-Nachhaltige-Wirtschaft-umweltperspektiven.jpg","datePublished":"2016-03-25T14:29:19+00:00","dateModified":"2022-02-09T10:10:14+00:00","description":"Il Consiglio federale sta lanciando un nuovo programma nazionale di ricerca (PNR) per sviluppare modi per raggiungere un'economia sostenibile.","breadcrumb":{"@id":"https:\/\/www.organisator.ch\/sustainability\/2016-03-25\/nationales-forschungsprogramm-fuer-nachhaltige-wirtschaft\/#breadcrumb"},"inLanguage":"it-IT","potentialAction":[{"@type":"ReadAction","target":["https:\/\/www.organisator.ch\/sustainability\/2016-03-25\/nationales-forschungsprogramm-fuer-nachhaltige-wirtschaft\/"]}]},{"@type":"ImageObject","inLanguage":"it-IT","@id":"https:\/\/www.organisator.ch\/sustainability\/2016-03-25\/nationales-forschungsprogramm-fuer-nachhaltige-wirtschaft\/#primaryimage","url":"https:\/\/www.organisator.ch\/wp-content\/uploads\/2016\/12\/Nationales-Forschungsprogramm-fuer-Nachhaltige-Wirtschaft-umweltperspektiven.jpg","contentUrl":"https:\/\/www.organisator.ch\/wp-content\/uploads\/2016\/12\/Nationales-Forschungsprogramm-fuer-Nachhaltige-Wirtschaft-umweltperspektiven.jpg","width":1000,"height":665,"caption":"Investitionen in die nachhaltige Wirtschaft soll der Schweiz Wachstum bescheren."},{"@type":"BreadcrumbList","@id":"https:\/\/www.organisator.ch\/sustainability\/2016-03-25\/nationales-forschungsprogramm-fuer-nachhaltige-wirtschaft\/#breadcrumb","itemListElement":[{"@type":"ListItem","position":1,"name":"Home","item":"https:\/\/www.organisator.ch\/"},{"@type":"ListItem","position":2,"name":"Nationales Forschungsprogramm f\u00fcr Nachhaltige Wirtschaft"}]},{"@type":"WebSite","@id":"https:\/\/www.organisator.ch\/#website","url":"https:\/\/www.organisator.ch\/","name":"Organizzatore","description":"Competente. Pratico. In 10 numeri all'anno, ORGANISATOR presenta i temi essenziali per i manager delle PMI.","publisher":{"@id":"https:\/\/www.organisator.ch\/#organization"},"potentialAction":[{"@type":"SearchAction","target":{"@type":"EntryPoint","urlTemplate":"https:\/\/www.organisator.ch\/?s={search_term_string}"},"query-input":{"@type":"PropertyValueSpecification","valueRequired":true,"valueName":"search_term_string"}}],"inLanguage":"it-IT"},{"@type":"Organization","@id":"https:\/\/www.organisator.ch\/#organization","name":"Organizzatore","url":"https:\/\/www.organisator.ch\/","logo":{"@type":"ImageObject","inLanguage":"it-IT","@id":"https:\/\/www.organisator.ch\/#\/schema\/logo\/image\/","url":"https:\/\/www.organisator.ch\/wp-content\/uploads\/2022\/01\/Logo_Organisator_Website.png","contentUrl":"https:\/\/www.organisator.ch\/wp-content\/uploads\/2022\/01\/Logo_Organisator_Website.png","width":800,"height":77,"caption":"Organisator"},"image":{"@id":"https:\/\/www.organisator.ch\/#\/schema\/logo\/image\/"},"sameAs":["https:\/\/www.facebook.com\/OrganisatorFachmagazin","https:\/\/www.linkedin.com\/showcase\/organisator-das-magazin-fr-kmu","https:\/\/www.xing.com\/news\/pages\/organisator-ch-695","https:\/\/www.youtube.com\/channel\/UCGP2Sq0iWaZwT3BdIAQFYpw"]},{"@type":"Person","@id":"https:\/\/www.organisator.ch\/#\/schema\/person\/aa2bace6c5c5aad60102004a50c4eb1c","name":"amministratore","image":{"@type":"ImageObject","inLanguage":"it-IT","@id":"https:\/\/secure.gravatar.com\/avatar\/ae2f4d718e6c49043e314ce431e7e645d646302a24a5ef5a8bc8e3f5a032e319?s=96&d=mm&r=g","url":"https:\/\/secure.gravatar.com\/avatar\/ae2f4d718e6c49043e314ce431e7e645d646302a24a5ef5a8bc8e3f5a032e319?s=96&d=mm&r=g","contentUrl":"https:\/\/secure.gravatar.com\/avatar\/ae2f4d718e6c49043e314ce431e7e645d646302a24a5ef5a8bc8e3f5a032e319?s=96&d=mm&r=g","caption":"admin"},"sameAs":["https:\/\/www.organisator.ch"],"url":"https:\/\/www.organisator.ch\/it\/author\/admin\/"}]}},"_links":{"self":[{"href":"https:\/\/www.organisator.ch\/it\/wp-json\/wp\/v2\/posts\/288","targetHints":{"allow":["GET"]}}],"collection":[{"href":"https:\/\/www.organisator.ch\/it\/wp-json\/wp\/v2\/posts"}],"about":[{"href":"https:\/\/www.organisator.ch\/it\/wp-json\/wp\/v2\/types\/post"}],"author":[{"embeddable":true,"href":"https:\/\/www.organisator.ch\/it\/wp-json\/wp\/v2\/users\/1"}],"replies":[{"embeddable":true,"href":"https:\/\/www.organisator.ch\/it\/wp-json\/wp\/v2\/comments?post=288"}],"version-history":[{"count":1,"href":"https:\/\/www.organisator.ch\/it\/wp-json\/wp\/v2\/posts\/288\/revisions"}],"predecessor-version":[{"id":10966,"href":"https:\/\/www.organisator.ch\/it\/wp-json\/wp\/v2\/posts\/288\/revisions\/10966"}],"wp:featuredmedia":[{"embeddable":true,"href":"https:\/\/www.organisator.ch\/it\/wp-json\/wp\/v2\/media\/9365"}],"wp:attachment":[{"href":"https:\/\/www.organisator.ch\/it\/wp-json\/wp\/v2\/media?parent=288"}],"wp:term":[{"taxonomy":"category","embeddable":true,"href":"https:\/\/www.organisator.ch\/it\/wp-json\/wp\/v2\/categories?post=288"},{"taxonomy":"post_tag","embeddable":true,"href":"https:\/\/www.organisator.ch\/it\/wp-json\/wp\/v2\/tags?post=288"}],"curies":[{"name":"wp","href":"https:\/\/api.w.org\/{rel}","templated":true}]}}