{"id":28814,"date":"2024-08-13T10:13:37","date_gmt":"2024-08-13T08:13:37","guid":{"rendered":"https:\/\/www.organisator.ch\/?p=28814"},"modified":"2024-08-13T10:13:37","modified_gmt":"2024-08-13T08:13:37","slug":"kmu-zh-monitor-2024-leichte-entspannung-beim-fachkraeftemangel","status":"publish","type":"post","link":"https:\/\/www.organisator.ch\/it\/management\/2024-08-13\/kmu-zh-monitor-2024-leichte-entspannung-beim-fachkraeftemangel\/","title":{"rendered":"KMU ZH Monitor 2024: lieve attenuazione della carenza di competenze"},"content":{"rendered":"<figure id=\"attachment_28817\" aria-describedby=\"caption-attachment-28817\" style=\"width: 680px\" class=\"wp-caption alignnone\"><img loading=\"lazy\" decoding=\"async\" class=\"size-full wp-image-28817\" src=\"https:\/\/www.organisator.ch\/wp-content\/uploads\/2024\/08\/KMU-ZH-Monitor_Bild1_ps.jpg\" alt=\"\" width=\"680\" height=\"405\" srcset=\"https:\/\/www.organisator.ch\/wp-content\/uploads\/2024\/08\/KMU-ZH-Monitor_Bild1_ps.jpg 680w, https:\/\/www.organisator.ch\/wp-content\/uploads\/2024\/08\/KMU-ZH-Monitor_Bild1_ps-18x12.jpg 18w, https:\/\/www.organisator.ch\/wp-content\/uploads\/2024\/08\/KMU-ZH-Monitor_Bild1_ps-375x223.jpg 375w, https:\/\/www.organisator.ch\/wp-content\/uploads\/2024\/08\/KMU-ZH-Monitor_Bild1_ps-588x350.jpg 588w\" sizes=\"auto, (max-width: 680px) 100vw, 680px\" \/><figcaption id=\"caption-attachment-28817\" class=\"wp-caption-text\">Il settore della ristorazione non \u00e8 l'unico a considerare la carenza di lavoratori qualificati come la sfida pi\u00f9 grande. (Immagine: www.depositphotos.com)<\/figcaption><\/figure>\n<p>Le PMI zurighesi hanno giudicato solida la loro situazione economica nella prima met\u00e0 dell'anno. Rispetto all'anno scorso, tuttavia, gli affari sembrano essere leggermente peggiorati. Per il prossimo anno si prevede un leggero miglioramento della situazione attuale. Le PMI ritengono quindi che il punto di minimo sar\u00e0 raggiunto quest'anno o \u00e8 gi\u00e0 stato raggiunto.<\/p>\n<p>Lo dimostra l'ultimo studio \"KMU ZH Monitor\". Su incarico della Z\u00fcrcher Kantonalbank, l'Universit\u00e0 di Scienze Applicate di Zurigo (ZHAW) ha tastato il polso alle PMI del Cantone per la quarta volta. 746 aziende con un massimo di 250 dipendenti ciascuna hanno partecipato allo studio scientifico (periodo di indagine marzo-maggio 2024), che copre i seguenti settori:<\/p>\n<p>- Industria<br \/>\n- Costruzione\/Architettura<br \/>\n- Commercio<br \/>\n- Settore della ristorazione\/alberghiero<br \/>\n- Servizi economici<br \/>\n- Servizi sociali<\/p>\n<p>Le PMI rimangono leggermente ottimiste sull'attuale sviluppo degli affari (confronto tra l'esercizio 2024 e l'esercizio 2023), ma meno positive rispetto alla situazione degli affari dell'anno precedente.<\/p>\n<h3><strong>Le PMI si trovano in parte a dover sostenere costi crescenti<\/strong><\/h3>\n<p>L'aumento dell'utile netto non riesce a tenere il passo con l'aumento delle vendite, il che indica che l'aumento dei costi non pu\u00f2 essere trasferito interamente ai clienti finali.<\/p>\n<p>In un confronto a lungo termine, l'utilizzo della capacit\u00e0 delle PMI \u00e8 valutato inferiore a quello degli ultimi due anni. Questa tendenza \u00e8 riscontrabile in tutti i settori. In particolare, il settore industriale e quello della ristorazione\/ospitalit\u00e0 hanno registrato il calo pi\u00f9 marcato nell'utilizzo della capacit\u00e0 produttiva.<\/p>\n<p>Le aziende industriali stanno lottando contro il franco svizzero forte e la domanda debole dell'eurozona. Fortunatamente, i problemi della catena di approvvigionamento dovuti alla crisi della COVID-19 si sono in gran parte attenuati. Il settore industriale, in particolare, ha sofferto per l'interruzione della disponibilit\u00e0 di fattori produttivi dall'inizio della pandemia. La disponibilit\u00e0 di fattori produttivi \u00e8 attualmente valutata come \"piuttosto buona\" in tutti i settori, il che rappresenta un miglioramento significativo rispetto agli anni precedenti.\u00a0<\/p>\n<p>Rispetto ad altri settori, l'industria della ristorazione\/ospitalit\u00e0 considera la sua situazione attuale modesta e significativamente peggiore rispetto a un anno fa. Le aziende di ristorazione\/ospitalit\u00e0 citano spesso l'inflazione in particolare e, come parte di questa, i prezzi dell'energia come una sfida. Anche le normative e i requisiti imposti dalle autorit\u00e0 e la carenza di manodopera sono sfide spesso citate. La mancanza di manodopera fa s\u00ec che le imprese di ristorazione e alberghiere debbano in alcuni casi ridurre l'offerta o gli orari di apertura, nonostante la domanda esistente, con conseguente calo delle vendite.<\/p>\n<h3><strong>La carenza di manodopera qualificata si sta attenuando<\/strong><\/h3>\n<p>Il settore della ristorazione \u00e8 tutt'altro che l'unico a vedere nella carenza di lavoratori qualificati la sfida pi\u00f9 grande. Poco meno della met\u00e0 delle aziende intervistate condivide questa opinione. Questa sfida era gi\u00e0 stata menzionata pi\u00f9 frequentemente l'anno scorso, ma la percentuale di menzioni \u00e8 leggermente diminuita. In tutti i settori, le medie imprese sembrano essere pi\u00f9 colpite rispetto alle piccole e micro imprese.<\/p>\n<p>Un'altra sfida importante \u00e8 rappresentata dalle norme e dai regolamenti imposti dalle autorit\u00e0. Questa sfida \u00e8 pi\u00f9 pronunciata per le aziende dei settori della ristorazione\/ospitalit\u00e0 e dell'edilizia\/architettura. Secondo il Bureaucracy Monitor 2022 della SECO, le norme relative ai progetti di costruzione e all'igiene alimentare sono percepite come particolarmente onerose.\u00a0<\/p>\n<p>Il tema della \"trasformazione digitale e dell'ottimizzazione dei processi\" \u00e8 la terza sfida pi\u00f9 citata. Ci\u00f2 dimostra che le medie imprese lo percepiscono come una sfida maggiore rispetto alle aziende pi\u00f9 piccole.\u00a0<\/p>\n<figure id=\"attachment_28816\" aria-describedby=\"caption-attachment-28816\" style=\"width: 680px\" class=\"wp-caption alignnone\"><img loading=\"lazy\" decoding=\"async\" class=\"size-full wp-image-28816\" src=\"https:\/\/www.organisator.ch\/wp-content\/uploads\/2024\/08\/KMU-ZH-Monitor_Fachkraeftemangel_Bild_ps.jpg\" alt=\"\" width=\"680\" height=\"457\" srcset=\"https:\/\/www.organisator.ch\/wp-content\/uploads\/2024\/08\/KMU-ZH-Monitor_Fachkraeftemangel_Bild_ps.jpg 680w, https:\/\/www.organisator.ch\/wp-content\/uploads\/2024\/08\/KMU-ZH-Monitor_Fachkraeftemangel_Bild_ps-18x12.jpg 18w, https:\/\/www.organisator.ch\/wp-content\/uploads\/2024\/08\/KMU-ZH-Monitor_Fachkraeftemangel_Bild_ps-375x252.jpg 375w, https:\/\/www.organisator.ch\/wp-content\/uploads\/2024\/08\/KMU-ZH-Monitor_Fachkraeftemangel_Bild_ps-521x350.jpg 521w\" sizes=\"auto, (max-width: 680px) 100vw, 680px\" \/><figcaption id=\"caption-attachment-28816\" class=\"wp-caption-text\">Sfide attuali, menzioni percentuali e scostamenti rispetto all'anno precedente. (Immagine: Monitor KMU ZH)<\/figcaption><\/figure>\n<h3><strong>Le medie imprese vedono nell'IA un potenziale maggiore rispetto alle aziende pi\u00f9 piccole<\/strong><\/h3>\n<p>Nell'ambito dello studio, alle PMI \u00e8 stato chiesto anche di parlare dell'intelligenza artificiale e del suo impatto sulle aziende.<\/p>\n<p>Anche in questo caso, sono le medie imprese ad affermare che l'IA avr\u00e0 un impatto positivo sullo sviluppo dell'azienda e che ci\u00f2 creer\u00e0 vantaggi competitivi. \u00c8 possibile che le medie imprese stiano adottando un approccio pi\u00f9 attivo alla trasformazione digitale e che quindi vedano sempre pi\u00f9 i vantaggi dell'intelligenza artificiale.\u00a0<\/p>\n<p>Se si analizzano i risultati dello studio per settore, si pu\u00f2 notare che i settori dei servizi alle imprese, dell'industria e del commercio al dettaglio, in particolare, concordano pi\u00f9 spesso degli altri settori sul fatto che l'IA avr\u00e0 un impatto positivo sullo sviluppo delle aziende. La maggior parte del settore della ristorazione\/ospitalit\u00e0 non vede quasi nessun effetto positivo.<\/p>\n<p><em>Fonte: <a href=\"https:\/\/www.zkb.ch\/de\/lps\/unternehmen\/kmu-zh.html\">www.zkb.ch<\/a><\/em><\/p>","protected":false},"excerpt":{"rendered":"<p>Il 13 agosto \u00e8 stata pubblicata la quarta edizione del \"KMU ZH Monitor\": Lo studio condotto dall'Universit\u00e0 di Scienze Applicate di Zurigo ZHAW per conto della Z\u00fcrcher Kantonalbank tasta ogni anno il polso alle piccole e medie imprese (PMI) del Cantone di Zurigo. <\/p>","protected":false},"author":58,"featured_media":28817,"comment_status":"closed","ping_status":"closed","sticky":false,"template":"","format":"standard","meta":{"_acf_changed":false,"_yoast_wpseo_focuskw":"KMU ZH Monitor","_yoast_wpseo_metadesc":"Am 13. August erschien die vierte Ausgabe des \u00abKMU ZH Monitor\u00bb: Die Studie der ZHAW im Auftrag der Z\u00fcrcher Kantonalbank.","articlekey":"","footnotes":""},"categories":[28],"tags":[194,301,303,334,492],"class_list":["post-28814","post","type-post","status-publish","format-standard","has-post-thumbnail","hentry","category-management","tag-fachkraeftemangel","tag-kmu","tag-kmu-monitor","tag-management","tag-unternehmen"],"acf":[],"yoast_head":"<!-- This site is optimized with the Yoast SEO plugin v27.5 - https:\/\/yoast.com\/product\/yoast-seo-wordpress\/ -->\n<title>KMU ZH Monitor 2024: Leichte Entspannung beim Fachkr\u00e4ftemangel - Organisator<\/title>\n<meta name=\"description\" content=\"Am 13. August erschien die vierte Ausgabe des \u00abKMU ZH Monitor\u00bb: Die Studie der ZHAW im Auftrag der Z\u00fcrcher Kantonalbank.\" \/>\n<meta name=\"robots\" content=\"index, follow, max-snippet:-1, max-image-preview:large, max-video-preview:-1\" \/>\n<link rel=\"canonical\" href=\"https:\/\/www.organisator.ch\/it\/gestione-2\/2024-08-13\/kmu-zh-monitor-2024-leichte-entspannung-beim-fachkraeftemangel\/\" \/>\n<meta property=\"og:locale\" content=\"it_IT\" \/>\n<meta property=\"og:type\" content=\"article\" \/>\n<meta property=\"og:title\" content=\"KMU ZH Monitor 2024: Leichte Entspannung beim Fachkr\u00e4ftemangel\" \/>\n<meta property=\"og:description\" content=\"Am 13. August erschien die vierte Ausgabe des \u00abKMU ZH Monitor\u00bb: Die Studie der ZHAW im Auftrag der Z\u00fcrcher Kantonalbank.\" \/>\n<meta property=\"og:url\" content=\"https:\/\/www.organisator.ch\/it\/gestione-2\/2024-08-13\/kmu-zh-monitor-2024-leichte-entspannung-beim-fachkraeftemangel\/\" \/>\n<meta property=\"og:site_name\" content=\"Organisator\" \/>\n<meta property=\"article:publisher\" content=\"https:\/\/www.facebook.com\/OrganisatorFachmagazin\" \/>\n<meta property=\"article:published_time\" content=\"2024-08-13T08:13:37+00:00\" \/>\n<meta property=\"og:image\" content=\"https:\/\/www.organisator.ch\/wp-content\/uploads\/2024\/08\/KMU-ZH-Monitor_Bild1_ps.jpg\" \/>\n\t<meta property=\"og:image:width\" content=\"680\" \/>\n\t<meta property=\"og:image:height\" content=\"405\" \/>\n\t<meta property=\"og:image:type\" content=\"image\/jpeg\" \/>\n<meta name=\"author\" content=\"Adelisa Kalajdzini\" \/>\n<meta name=\"twitter:card\" content=\"summary_large_image\" \/>\n<meta name=\"twitter:title\" content=\"KMU ZH Monitor 2024: Leichte Entspannung beim Fachkr\u00e4ftemangel\" \/>\n<meta name=\"twitter:description\" content=\"Am 13. August erschien die vierte Ausgabe des #\u00abKMU ZH Monitor\u00bb: Die #Studie der #ZHAW im Auftrag der #Z\u00fcrcher #Kantonalbank.\" \/>\n<meta name=\"twitter:image\" content=\"https:\/\/www.organisator.ch\/wp-content\/uploads\/2024\/08\/KMU-ZH-Monitor_Bild1_ps.jpg\" \/>\n<script type=\"application\/ld+json\" class=\"yoast-schema-graph\">{\"@context\":\"https:\\\/\\\/schema.org\",\"@graph\":[{\"@type\":\"Article\",\"@id\":\"https:\\\/\\\/www.organisator.ch\\\/management\\\/2024-08-13\\\/kmu-zh-monitor-2024-leichte-entspannung-beim-fachkraeftemangel\\\/#article\",\"isPartOf\":{\"@id\":\"https:\\\/\\\/www.organisator.ch\\\/management\\\/2024-08-13\\\/kmu-zh-monitor-2024-leichte-entspannung-beim-fachkraeftemangel\\\/\"},\"author\":{\"name\":\"Adelisa Kalajdzini\",\"@id\":\"https:\\\/\\\/www.organisator.ch\\\/#\\\/schema\\\/person\\\/2e1314a2172123f874db408d8911d3f3\"},\"headline\":\"KMU ZH Monitor 2024: Leichte Entspannung beim Fachkr\u00e4ftemangel\",\"datePublished\":\"2024-08-13T08:13:37+00:00\",\"mainEntityOfPage\":{\"@id\":\"https:\\\/\\\/www.organisator.ch\\\/management\\\/2024-08-13\\\/kmu-zh-monitor-2024-leichte-entspannung-beim-fachkraeftemangel\\\/\"},\"wordCount\":725,\"publisher\":{\"@id\":\"https:\\\/\\\/www.organisator.ch\\\/#organization\"},\"image\":{\"@id\":\"https:\\\/\\\/www.organisator.ch\\\/management\\\/2024-08-13\\\/kmu-zh-monitor-2024-leichte-entspannung-beim-fachkraeftemangel\\\/#primaryimage\"},\"thumbnailUrl\":\"https:\\\/\\\/www.organisator.ch\\\/wp-content\\\/uploads\\\/2024\\\/08\\\/KMU-ZH-Monitor_Bild1_ps.jpg\",\"keywords\":[\"Fachkr\u00e4ftemangel\",\"KMU\",\"KMU-Monitor\",\"Management\",\"Unternehmen\"],\"articleSection\":[\"MANAGEMENT\"],\"inLanguage\":\"it-IT\"},{\"@type\":\"WebPage\",\"@id\":\"https:\\\/\\\/www.organisator.ch\\\/management\\\/2024-08-13\\\/kmu-zh-monitor-2024-leichte-entspannung-beim-fachkraeftemangel\\\/\",\"url\":\"https:\\\/\\\/www.organisator.ch\\\/management\\\/2024-08-13\\\/kmu-zh-monitor-2024-leichte-entspannung-beim-fachkraeftemangel\\\/\",\"name\":\"KMU ZH Monitor 2024: Leichte Entspannung beim Fachkr\u00e4ftemangel - Organisator\",\"isPartOf\":{\"@id\":\"https:\\\/\\\/www.organisator.ch\\\/#website\"},\"primaryImageOfPage\":{\"@id\":\"https:\\\/\\\/www.organisator.ch\\\/management\\\/2024-08-13\\\/kmu-zh-monitor-2024-leichte-entspannung-beim-fachkraeftemangel\\\/#primaryimage\"},\"image\":{\"@id\":\"https:\\\/\\\/www.organisator.ch\\\/management\\\/2024-08-13\\\/kmu-zh-monitor-2024-leichte-entspannung-beim-fachkraeftemangel\\\/#primaryimage\"},\"thumbnailUrl\":\"https:\\\/\\\/www.organisator.ch\\\/wp-content\\\/uploads\\\/2024\\\/08\\\/KMU-ZH-Monitor_Bild1_ps.jpg\",\"datePublished\":\"2024-08-13T08:13:37+00:00\",\"description\":\"Am 13. August erschien die vierte Ausgabe des \u00abKMU ZH Monitor\u00bb: Die Studie der ZHAW im Auftrag der Z\u00fcrcher Kantonalbank.\",\"breadcrumb\":{\"@id\":\"https:\\\/\\\/www.organisator.ch\\\/management\\\/2024-08-13\\\/kmu-zh-monitor-2024-leichte-entspannung-beim-fachkraeftemangel\\\/#breadcrumb\"},\"inLanguage\":\"it-IT\",\"potentialAction\":[{\"@type\":\"ReadAction\",\"target\":[\"https:\\\/\\\/www.organisator.ch\\\/management\\\/2024-08-13\\\/kmu-zh-monitor-2024-leichte-entspannung-beim-fachkraeftemangel\\\/\"]}]},{\"@type\":\"ImageObject\",\"inLanguage\":\"it-IT\",\"@id\":\"https:\\\/\\\/www.organisator.ch\\\/management\\\/2024-08-13\\\/kmu-zh-monitor-2024-leichte-entspannung-beim-fachkraeftemangel\\\/#primaryimage\",\"url\":\"https:\\\/\\\/www.organisator.ch\\\/wp-content\\\/uploads\\\/2024\\\/08\\\/KMU-ZH-Monitor_Bild1_ps.jpg\",\"contentUrl\":\"https:\\\/\\\/www.organisator.ch\\\/wp-content\\\/uploads\\\/2024\\\/08\\\/KMU-ZH-Monitor_Bild1_ps.jpg\",\"width\":680,\"height\":405,\"caption\":\"Die Gastronomiebranche ist bei weitem nicht die Einzige, die den Mangel an ausgebildeten Arbeitskr\u00e4ften als gr\u00f6sste Herausforderung sieht. (Bild: www.depositphotos.com)\"},{\"@type\":\"BreadcrumbList\",\"@id\":\"https:\\\/\\\/www.organisator.ch\\\/management\\\/2024-08-13\\\/kmu-zh-monitor-2024-leichte-entspannung-beim-fachkraeftemangel\\\/#breadcrumb\",\"itemListElement\":[{\"@type\":\"ListItem\",\"position\":1,\"name\":\"Home\",\"item\":\"https:\\\/\\\/www.organisator.ch\\\/\"},{\"@type\":\"ListItem\",\"position\":2,\"name\":\"KMU ZH Monitor 2024: Leichte Entspannung beim Fachkr\u00e4ftemangel\"}]},{\"@type\":\"WebSite\",\"@id\":\"https:\\\/\\\/www.organisator.ch\\\/#website\",\"url\":\"https:\\\/\\\/www.organisator.ch\\\/\",\"name\":\"Organisator\",\"description\":\"Kompetent. Praxisnah. Der ORGANISATOR bereitet in 10 Ausgaben pro Jahr die wesentlichen Themen f\u00fcr F\u00fchrungskr\u00e4fte von KMU auf.\",\"publisher\":{\"@id\":\"https:\\\/\\\/www.organisator.ch\\\/#organization\"},\"potentialAction\":[{\"@type\":\"SearchAction\",\"target\":{\"@type\":\"EntryPoint\",\"urlTemplate\":\"https:\\\/\\\/www.organisator.ch\\\/?s={search_term_string}\"},\"query-input\":{\"@type\":\"PropertyValueSpecification\",\"valueRequired\":true,\"valueName\":\"search_term_string\"}}],\"inLanguage\":\"it-IT\"},{\"@type\":\"Organization\",\"@id\":\"https:\\\/\\\/www.organisator.ch\\\/#organization\",\"name\":\"Organisator\",\"url\":\"https:\\\/\\\/www.organisator.ch\\\/\",\"logo\":{\"@type\":\"ImageObject\",\"inLanguage\":\"it-IT\",\"@id\":\"https:\\\/\\\/www.organisator.ch\\\/#\\\/schema\\\/logo\\\/image\\\/\",\"url\":\"https:\\\/\\\/www.organisator.ch\\\/wp-content\\\/uploads\\\/2022\\\/01\\\/Logo_Organisator_Website.png\",\"contentUrl\":\"https:\\\/\\\/www.organisator.ch\\\/wp-content\\\/uploads\\\/2022\\\/01\\\/Logo_Organisator_Website.png\",\"width\":800,\"height\":77,\"caption\":\"Organisator\"},\"image\":{\"@id\":\"https:\\\/\\\/www.organisator.ch\\\/#\\\/schema\\\/logo\\\/image\\\/\"},\"sameAs\":[\"https:\\\/\\\/www.facebook.com\\\/OrganisatorFachmagazin\",\"https:\\\/\\\/www.linkedin.com\\\/showcase\\\/organisator-das-magazin-fr-kmu\",\"https:\\\/\\\/www.xing.com\\\/news\\\/pages\\\/organisator-ch-695\",\"https:\\\/\\\/www.youtube.com\\\/channel\\\/UCGP2Sq0iWaZwT3BdIAQFYpw\"]},{\"@type\":\"Person\",\"@id\":\"https:\\\/\\\/www.organisator.ch\\\/#\\\/schema\\\/person\\\/2e1314a2172123f874db408d8911d3f3\",\"name\":\"Adelisa Kalajdzini\",\"image\":{\"@type\":\"ImageObject\",\"inLanguage\":\"it-IT\",\"@id\":\"https:\\\/\\\/secure.gravatar.com\\\/avatar\\\/09a397c22ac58cad6f160ee8306348599df9df58a8ede73696226897b9fa4b24?s=96&d=mm&r=g\",\"url\":\"https:\\\/\\\/secure.gravatar.com\\\/avatar\\\/09a397c22ac58cad6f160ee8306348599df9df58a8ede73696226897b9fa4b24?s=96&d=mm&r=g\",\"contentUrl\":\"https:\\\/\\\/secure.gravatar.com\\\/avatar\\\/09a397c22ac58cad6f160ee8306348599df9df58a8ede73696226897b9fa4b24?s=96&d=mm&r=g\",\"caption\":\"Adelisa Kalajdzini\"},\"url\":\"https:\\\/\\\/www.organisator.ch\\\/it\\\/author\\\/adelisa-kalajdzini\\\/\"}]}<\/script>\n<!-- \/ Yoast SEO plugin. -->","yoast_head_json":{"title":"KMU ZH Monitor 2024: lieve attenuazione della carenza di competenze - Organizzatore","description":"Il 13 agosto \u00e8 stata pubblicata la quarta edizione del \"KMU ZH Monitor\": Lo studio ZHAW commissionato dalla Z\u00fcrcher Kantonalbank.","robots":{"index":"index","follow":"follow","max-snippet":"max-snippet:-1","max-image-preview":"max-image-preview:large","max-video-preview":"max-video-preview:-1"},"canonical":"https:\/\/www.organisator.ch\/it\/gestione-2\/2024-08-13\/kmu-zh-monitor-2024-leichte-entspannung-beim-fachkraeftemangel\/","og_locale":"it_IT","og_type":"article","og_title":"KMU ZH Monitor 2024: Leichte Entspannung beim Fachkr\u00e4ftemangel","og_description":"Am 13. August erschien die vierte Ausgabe des \u00abKMU ZH Monitor\u00bb: Die Studie der ZHAW im Auftrag der Z\u00fcrcher Kantonalbank.","og_url":"https:\/\/www.organisator.ch\/it\/gestione-2\/2024-08-13\/kmu-zh-monitor-2024-leichte-entspannung-beim-fachkraeftemangel\/","og_site_name":"Organisator","article_publisher":"https:\/\/www.facebook.com\/OrganisatorFachmagazin","article_published_time":"2024-08-13T08:13:37+00:00","og_image":[{"width":680,"height":405,"url":"https:\/\/www.organisator.ch\/wp-content\/uploads\/2024\/08\/KMU-ZH-Monitor_Bild1_ps.jpg","type":"image\/jpeg"}],"author":"Adelisa Kalajdzini","twitter_card":"summary_large_image","twitter_title":"KMU ZH Monitor 2024: Leichte Entspannung beim Fachkr\u00e4ftemangel","twitter_description":"Am 13. August erschien die vierte Ausgabe des #\u00abKMU ZH Monitor\u00bb: Die #Studie der #ZHAW im Auftrag der #Z\u00fcrcher #Kantonalbank.","twitter_image":"https:\/\/www.organisator.ch\/wp-content\/uploads\/2024\/08\/KMU-ZH-Monitor_Bild1_ps.jpg","schema":{"@context":"https:\/\/schema.org","@graph":[{"@type":"Article","@id":"https:\/\/www.organisator.ch\/management\/2024-08-13\/kmu-zh-monitor-2024-leichte-entspannung-beim-fachkraeftemangel\/#article","isPartOf":{"@id":"https:\/\/www.organisator.ch\/management\/2024-08-13\/kmu-zh-monitor-2024-leichte-entspannung-beim-fachkraeftemangel\/"},"author":{"name":"Adelisa Kalajdzini","@id":"https:\/\/www.organisator.ch\/#\/schema\/person\/2e1314a2172123f874db408d8911d3f3"},"headline":"KMU ZH Monitor 2024: Leichte Entspannung beim Fachkr\u00e4ftemangel","datePublished":"2024-08-13T08:13:37+00:00","mainEntityOfPage":{"@id":"https:\/\/www.organisator.ch\/management\/2024-08-13\/kmu-zh-monitor-2024-leichte-entspannung-beim-fachkraeftemangel\/"},"wordCount":725,"publisher":{"@id":"https:\/\/www.organisator.ch\/#organization"},"image":{"@id":"https:\/\/www.organisator.ch\/management\/2024-08-13\/kmu-zh-monitor-2024-leichte-entspannung-beim-fachkraeftemangel\/#primaryimage"},"thumbnailUrl":"https:\/\/www.organisator.ch\/wp-content\/uploads\/2024\/08\/KMU-ZH-Monitor_Bild1_ps.jpg","keywords":["Fachkr\u00e4ftemangel","KMU","KMU-Monitor","Management","Unternehmen"],"articleSection":["MANAGEMENT"],"inLanguage":"it-IT"},{"@type":"WebPage","@id":"https:\/\/www.organisator.ch\/management\/2024-08-13\/kmu-zh-monitor-2024-leichte-entspannung-beim-fachkraeftemangel\/","url":"https:\/\/www.organisator.ch\/management\/2024-08-13\/kmu-zh-monitor-2024-leichte-entspannung-beim-fachkraeftemangel\/","name":"KMU ZH Monitor 2024: lieve attenuazione della carenza di competenze - Organizzatore","isPartOf":{"@id":"https:\/\/www.organisator.ch\/#website"},"primaryImageOfPage":{"@id":"https:\/\/www.organisator.ch\/management\/2024-08-13\/kmu-zh-monitor-2024-leichte-entspannung-beim-fachkraeftemangel\/#primaryimage"},"image":{"@id":"https:\/\/www.organisator.ch\/management\/2024-08-13\/kmu-zh-monitor-2024-leichte-entspannung-beim-fachkraeftemangel\/#primaryimage"},"thumbnailUrl":"https:\/\/www.organisator.ch\/wp-content\/uploads\/2024\/08\/KMU-ZH-Monitor_Bild1_ps.jpg","datePublished":"2024-08-13T08:13:37+00:00","description":"Il 13 agosto \u00e8 stata pubblicata la quarta edizione del \"KMU ZH Monitor\": Lo studio ZHAW commissionato dalla Z\u00fcrcher Kantonalbank.","breadcrumb":{"@id":"https:\/\/www.organisator.ch\/management\/2024-08-13\/kmu-zh-monitor-2024-leichte-entspannung-beim-fachkraeftemangel\/#breadcrumb"},"inLanguage":"it-IT","potentialAction":[{"@type":"ReadAction","target":["https:\/\/www.organisator.ch\/management\/2024-08-13\/kmu-zh-monitor-2024-leichte-entspannung-beim-fachkraeftemangel\/"]}]},{"@type":"ImageObject","inLanguage":"it-IT","@id":"https:\/\/www.organisator.ch\/management\/2024-08-13\/kmu-zh-monitor-2024-leichte-entspannung-beim-fachkraeftemangel\/#primaryimage","url":"https:\/\/www.organisator.ch\/wp-content\/uploads\/2024\/08\/KMU-ZH-Monitor_Bild1_ps.jpg","contentUrl":"https:\/\/www.organisator.ch\/wp-content\/uploads\/2024\/08\/KMU-ZH-Monitor_Bild1_ps.jpg","width":680,"height":405,"caption":"Die Gastronomiebranche ist bei weitem nicht die Einzige, die den Mangel an ausgebildeten Arbeitskr\u00e4ften als gr\u00f6sste Herausforderung sieht. (Bild: www.depositphotos.com)"},{"@type":"BreadcrumbList","@id":"https:\/\/www.organisator.ch\/management\/2024-08-13\/kmu-zh-monitor-2024-leichte-entspannung-beim-fachkraeftemangel\/#breadcrumb","itemListElement":[{"@type":"ListItem","position":1,"name":"Home","item":"https:\/\/www.organisator.ch\/"},{"@type":"ListItem","position":2,"name":"KMU ZH Monitor 2024: Leichte Entspannung beim Fachkr\u00e4ftemangel"}]},{"@type":"WebSite","@id":"https:\/\/www.organisator.ch\/#website","url":"https:\/\/www.organisator.ch\/","name":"Organizzatore","description":"Competente. Pratico. In 10 numeri all'anno, ORGANISATOR presenta i temi essenziali per i manager delle PMI.","publisher":{"@id":"https:\/\/www.organisator.ch\/#organization"},"potentialAction":[{"@type":"SearchAction","target":{"@type":"EntryPoint","urlTemplate":"https:\/\/www.organisator.ch\/?s={search_term_string}"},"query-input":{"@type":"PropertyValueSpecification","valueRequired":true,"valueName":"search_term_string"}}],"inLanguage":"it-IT"},{"@type":"Organization","@id":"https:\/\/www.organisator.ch\/#organization","name":"Organizzatore","url":"https:\/\/www.organisator.ch\/","logo":{"@type":"ImageObject","inLanguage":"it-IT","@id":"https:\/\/www.organisator.ch\/#\/schema\/logo\/image\/","url":"https:\/\/www.organisator.ch\/wp-content\/uploads\/2022\/01\/Logo_Organisator_Website.png","contentUrl":"https:\/\/www.organisator.ch\/wp-content\/uploads\/2022\/01\/Logo_Organisator_Website.png","width":800,"height":77,"caption":"Organisator"},"image":{"@id":"https:\/\/www.organisator.ch\/#\/schema\/logo\/image\/"},"sameAs":["https:\/\/www.facebook.com\/OrganisatorFachmagazin","https:\/\/www.linkedin.com\/showcase\/organisator-das-magazin-fr-kmu","https:\/\/www.xing.com\/news\/pages\/organisator-ch-695","https:\/\/www.youtube.com\/channel\/UCGP2Sq0iWaZwT3BdIAQFYpw"]},{"@type":"Person","@id":"https:\/\/www.organisator.ch\/#\/schema\/person\/2e1314a2172123f874db408d8911d3f3","name":"Adelisa Kalajdzini","image":{"@type":"ImageObject","inLanguage":"it-IT","@id":"https:\/\/secure.gravatar.com\/avatar\/09a397c22ac58cad6f160ee8306348599df9df58a8ede73696226897b9fa4b24?s=96&d=mm&r=g","url":"https:\/\/secure.gravatar.com\/avatar\/09a397c22ac58cad6f160ee8306348599df9df58a8ede73696226897b9fa4b24?s=96&d=mm&r=g","contentUrl":"https:\/\/secure.gravatar.com\/avatar\/09a397c22ac58cad6f160ee8306348599df9df58a8ede73696226897b9fa4b24?s=96&d=mm&r=g","caption":"Adelisa Kalajdzini"},"url":"https:\/\/www.organisator.ch\/it\/author\/adelisa-kalajdzini\/"}]}},"_links":{"self":[{"href":"https:\/\/www.organisator.ch\/it\/wp-json\/wp\/v2\/posts\/28814","targetHints":{"allow":["GET"]}}],"collection":[{"href":"https:\/\/www.organisator.ch\/it\/wp-json\/wp\/v2\/posts"}],"about":[{"href":"https:\/\/www.organisator.ch\/it\/wp-json\/wp\/v2\/types\/post"}],"author":[{"embeddable":true,"href":"https:\/\/www.organisator.ch\/it\/wp-json\/wp\/v2\/users\/58"}],"replies":[{"embeddable":true,"href":"https:\/\/www.organisator.ch\/it\/wp-json\/wp\/v2\/comments?post=28814"}],"version-history":[{"count":3,"href":"https:\/\/www.organisator.ch\/it\/wp-json\/wp\/v2\/posts\/28814\/revisions"}],"predecessor-version":[{"id":28961,"href":"https:\/\/www.organisator.ch\/it\/wp-json\/wp\/v2\/posts\/28814\/revisions\/28961"}],"wp:featuredmedia":[{"embeddable":true,"href":"https:\/\/www.organisator.ch\/it\/wp-json\/wp\/v2\/media\/28817"}],"wp:attachment":[{"href":"https:\/\/www.organisator.ch\/it\/wp-json\/wp\/v2\/media?parent=28814"}],"wp:term":[{"taxonomy":"category","embeddable":true,"href":"https:\/\/www.organisator.ch\/it\/wp-json\/wp\/v2\/categories?post=28814"},{"taxonomy":"post_tag","embeddable":true,"href":"https:\/\/www.organisator.ch\/it\/wp-json\/wp\/v2\/tags?post=28814"}],"curies":[{"name":"wp","href":"https:\/\/api.w.org\/{rel}","templated":true}]}}