{"id":28823,"date":"2024-08-13T11:39:19","date_gmt":"2024-08-13T09:39:19","guid":{"rendered":"https:\/\/www.m-q.ch\/?p=20203"},"modified":"2024-11-09T07:42:05","modified_gmt":"2024-11-09T06:42:05","slug":"autonome-ki-nutzung-im-aufschwung-und-weniger-menschliche-kontrolle","status":"publish","type":"post","link":"https:\/\/www.organisator.ch\/it\/operational-excellence\/2024-08-13\/autonome-ki-nutzung-im-aufschwung-und-weniger-menschliche-kontrolle\/","title":{"rendered":"Aumenta l'uso dell'intelligenza artificiale autonoma e diminuisce il controllo umano"},"content":{"rendered":"<figure id=\"attachment_20204\" class=\"wp-caption alignnone\" style=\"width: 680px\" aria-describedby=\"caption-attachment-20204\"><img class=\"alignnone wp-image-20204 size-full\" src=\"https:\/\/www.m-q.ch\/wp-content\/uploads\/2024\/08\/Salesforce_Bild1_ps.jpg\" alt=\"L&#039;IA sul posto di lavoro in Svizzera 2024\" width=\"680\" height=\"591\" \/>\r\n<figcaption id=\"caption-attachment-20204\" class=\"wp-caption-text\">Se da un lato i lavoratori sono favorevoli alla collaborazione tra IA ed esseri umani, dall'altro iniziano a fidarsi dell'IA per portare a termine alcuni compiti da sola. (Immagine: www.salesforce.com)<\/figcaption>\r\n<\/figure>\r\n<p>Allo stesso tempo, i dipendenti non sono ancora pronti ad affidare tutto all'IA. Lo studio mostra che preferiscono che siano gli esseri umani a svolgere compiti come la familiarizzazione, la formazione e la sicurezza dei dati. Tuttavia, questa situazione potrebbe cambiare rapidamente: i dati suggeriscono che investimenti mirati nella conoscenza e nella formazione rafforzeranno la fiducia in un futuro autonomo dell'IA.<\/p>\r\n<h3><strong>La Svizzera \u00e8 pi\u00f9 aperta all'IA rispetto ad altri Paesi<\/strong><\/h3>\r\n<p>In Germania, 28% degli intervistati hanno dichiarato di utilizzare l'IA senza esitazione. Lo studio descrive questo risultato come significativamente diverso rispetto alla vicina Germania settentrionale (20%). Tuttavia, anche il Regno Unito (17%) e l'Irlanda (15%) vedono pi\u00f9 ostacoli nell'uso dell'IA. Gli intervistati in India hanno la massima fiducia nell'IA, con un valore di 40%. Sorprendentemente, quasi lo stesso numero (24%) in Svizzera non \u00e8 affatto propenso a utilizzare l'IA sul posto di lavoro, mentre 25% non sono disposti a utilizzare l'IA generativa.<\/p>\r\n<h3><strong>Principali differenze tra i settori<\/strong><\/h3>\r\n<p>Un'analisi pi\u00f9 approfondita dei settori rivela anche delle differenze: le persone che operano nel settore delle comunicazioni sono pi\u00f9 propense a utilizzare Chat GPT, Gemini e simili. Qui \u00e8 il 69% che gi\u00e0 utilizza o utilizzerebbe questi strumenti senza esitazione. Una spiegazione \u00e8 la natura dei compiti specifici del settore che possono essere affidati all'IA. In generale, il 19% dei dipendenti in Svizzera affiderebbe completamente all'IA i testi per la comunicazione interna.<\/p>\r\n<p>D'altra parte, c'\u00e8 il settore della ricerca (scienze della vita e biotecnologie), di cui circa tre quarti degli intervistati (72%) non sono affatto disposti a utilizzare questi strumenti.<br \/>\r\n\u00a0<br \/>\r\nAnche nel settore pubblico c'\u00e8 una disponibilit\u00e0 generale, anche se 56% degli intervistati ha delle riserve. Le ragioni principali sono la mancanza di competenze e di linee guida su come gestire l'intelligenza artificiale generativa da parte dei datori di lavoro. 39% degli intervistati in questo settore sono completamente contrari all'uso di strumenti di IA e non intendono utilizzarli in futuro per le loro mansioni personali (78%).<\/p>\r\n<h3><strong>Millennials e Gen X in prima linea nella comprensione dell'IA<\/strong><\/h3>\r\n<p>Tra tutte le generazioni, i millennial e la generazione X sono quelli con le maggiori competenze nell'implementazione tecnica e nell'uso dell'IA nella vita lavorativa quotidiana. La generazione Z non \u00e8 tra quelle che conoscono meglio l'intelligenza artificiale e la utilizzano di pi\u00f9. La generazione Z sembra essere particolarmente critica nei confronti degli assistenti AI, dato che l'82% degli intervistati di questa generazione non utilizza assistenti come IBM Watson o Microsoft Copilot. I Millennials hanno una visione molto diversa, con 39% che sperimentano o hanno gi\u00e0 integrato pienamente tali assistenti AI nella loro vita lavorativa quotidiana.<\/p>\r\n<p>\"I risultati dello studio riflettono l'esperienza dei nostri clienti: L'intelligenza artificiale viene gi\u00e0 utilizzata nelle aziende svizzere per molte attivit\u00e0, ma nella maggior parte dei casi ci\u00f2 non avviene (ancora) senza l'intervento umano\", afferma Gregory Leproux, Senior Director, Solution Engineering di Salesforce Svizzera. Per sfruttare appieno il potenziale dell'IA affidabile, abbiamo bisogno di meccanismi di controllo pi\u00f9 potenti e di politiche per un'IA generativa responsabile, che permettano ai dipendenti di esaminare l'output delle applicazioni di IA a livello di sistema, anzich\u00e9 prompt per prompt\". Se i sistemi di IA vengono sviluppati in modo ponderato, possiamo combinare il meglio dell'intelligenza umana e di quella automatica per questa nuova incredibile era\".<\/p>\r\n<p>Salesforce ha condotto un sondaggio in doppio anonimato in collaborazione con YouGov dal 20 marzo al 3 aprile 2024. Al sondaggio hanno partecipato quasi 6.000 dipendenti a tempo pieno, in rappresentanza di aziende di varie dimensioni e settori in nove Paesi, tra cui Stati Uniti, Regno Unito, Irlanda, Australia, Francia, Germania, India, Singapore e Svizzera (265 persone). Il sondaggio \u00e8 stato condotto online.<\/p>\r\n<p><em>Fonte: <a href=\"http:\/\/www.salesforce.com\/\">www.salesforce.com<\/a><\/em><\/p>\n<p class=\"syndicated-attribution\">Questo articolo \u00e8 apparso originariamente su m-q.ch - <a href=\"https:\/\/www.m-q.ch\/de\/autonome-ki-nutzung-im-aufschwung-und-weniger-menschliche-kontrolle\/\" target=\"_blank\">https:\/\/www.m-q.ch\/de\/autonome-ki-nutzung-im-aufschwung-und-weniger-menschliche-kontrolle\/<\/a><\/p>","protected":false},"excerpt":{"rendered":"<p>Secondo un nuovo studio di Salesforce, quasi la met\u00e0 dei dipendenti in Svizzera si affida gi\u00e0 all'IA o la sta almeno sperimentando (46% degli intervistati). Si sentono pi\u00f9 a loro agio quando l'IA e gli esseri umani lavorano insieme. Tuttavia, le attivit\u00e0 che richiedono molto tempo, come la scrittura di codice, la scoperta di informazioni sui dati e la composizione di messaggi scritti, sono tra le attivit\u00e0 che l'IA potrebbe progressivamente svolgere in modo autonomo.<\/p>","protected":false},"author":58,"featured_media":0,"comment_status":"closed","ping_status":"closed","sticky":false,"template":"","format":"standard","meta":{"_acf_changed":false,"_yoast_wpseo_focuskw":"KI am Arbeitsplatz Schweiz 2024","_yoast_wpseo_metadesc":"28% der Schweizer Arbeitnehmenden nutzen KI bedenkenlos. Millennials und Gen X Vorreiter in KI-Verst\u00e4ndnis.","articlekey":"","footnotes":""},"categories":[582],"tags":[586,298,424,459,492],"class_list":["post-28823","post","type-post","status-publish","format-standard","hentry","category-operational-excellence","tag-allgemein","tag-ki","tag-schweiz","tag-studie","tag-unternehmen"],"acf":[],"yoast_head":"<!-- This site is optimized with the Yoast SEO plugin v27.5 - https:\/\/yoast.com\/product\/yoast-seo-wordpress\/ -->\n<title>Autonome KI-Nutzung im Aufschwung und weniger menschliche Kontrolle - Organisator<\/title>\n<meta name=\"description\" content=\"28% der Schweizer Arbeitnehmenden nutzen KI bedenkenlos. Millennials und Gen X Vorreiter in KI-Verst\u00e4ndnis.\" \/>\n<meta name=\"robots\" content=\"index, follow, max-snippet:-1, max-image-preview:large, max-video-preview:-1\" \/>\n<link rel=\"canonical\" href=\"https:\/\/www.organisator.ch\/it\/eccellenza-operativa\/2024-08-13\/autonome-ki-nutzung-im-aufschwung-und-weniger-menschliche-kontrolle\/\" \/>\n<meta property=\"og:locale\" content=\"it_IT\" \/>\n<meta property=\"og:type\" content=\"article\" \/>\n<meta property=\"og:title\" content=\"Autonome KI-Nutzung im Aufschwung und weniger menschliche Kontrolle - Organisator\" \/>\n<meta property=\"og:description\" content=\"28% der Schweizer Arbeitnehmenden nutzen KI bedenkenlos. Millennials und Gen X Vorreiter in KI-Verst\u00e4ndnis.\" \/>\n<meta property=\"og:url\" content=\"https:\/\/www.organisator.ch\/it\/eccellenza-operativa\/2024-08-13\/autonome-ki-nutzung-im-aufschwung-und-weniger-menschliche-kontrolle\/\" \/>\n<meta property=\"og:site_name\" content=\"Organisator\" \/>\n<meta property=\"article:publisher\" content=\"https:\/\/www.facebook.com\/OrganisatorFachmagazin\" \/>\n<meta property=\"article:published_time\" content=\"2024-08-13T09:39:19+00:00\" \/>\n<meta property=\"article:modified_time\" content=\"2024-11-09T06:42:05+00:00\" \/>\n<meta property=\"og:image\" content=\"https:\/\/www.m-q.ch\/wp-content\/uploads\/2024\/08\/Salesforce_Bild1_ps.jpg\" \/>\n<meta name=\"author\" content=\"Adelisa Kalajdzini\" \/>\n<meta name=\"twitter:card\" content=\"summary_large_image\" \/>\n<script type=\"application\/ld+json\" class=\"yoast-schema-graph\">{\"@context\":\"https:\\\/\\\/schema.org\",\"@graph\":[{\"@type\":\"Article\",\"@id\":\"https:\\\/\\\/www.organisator.ch\\\/operational-excellence\\\/2024-08-13\\\/autonome-ki-nutzung-im-aufschwung-und-weniger-menschliche-kontrolle\\\/#article\",\"isPartOf\":{\"@id\":\"https:\\\/\\\/www.organisator.ch\\\/operational-excellence\\\/2024-08-13\\\/autonome-ki-nutzung-im-aufschwung-und-weniger-menschliche-kontrolle\\\/\"},\"author\":{\"name\":\"Adelisa Kalajdzini\",\"@id\":\"https:\\\/\\\/www.organisator.ch\\\/#\\\/schema\\\/person\\\/2e1314a2172123f874db408d8911d3f3\"},\"headline\":\"Autonome KI-Nutzung im Aufschwung und weniger menschliche Kontrolle\",\"datePublished\":\"2024-08-13T09:39:19+00:00\",\"dateModified\":\"2024-11-09T06:42:05+00:00\",\"mainEntityOfPage\":{\"@id\":\"https:\\\/\\\/www.organisator.ch\\\/operational-excellence\\\/2024-08-13\\\/autonome-ki-nutzung-im-aufschwung-und-weniger-menschliche-kontrolle\\\/\"},\"wordCount\":624,\"publisher\":{\"@id\":\"https:\\\/\\\/www.organisator.ch\\\/#organization\"},\"image\":{\"@id\":\"https:\\\/\\\/www.organisator.ch\\\/operational-excellence\\\/2024-08-13\\\/autonome-ki-nutzung-im-aufschwung-und-weniger-menschliche-kontrolle\\\/#primaryimage\"},\"thumbnailUrl\":\"https:\\\/\\\/www.m-q.ch\\\/wp-content\\\/uploads\\\/2024\\\/08\\\/Salesforce_Bild1_ps.jpg\",\"keywords\":[\"Allgemein\",\"KI\",\"Schweiz\",\"Studie\",\"Unternehmen\"],\"articleSection\":[\"OPERATIONAL EXCELLENCE\"],\"inLanguage\":\"it-IT\"},{\"@type\":\"WebPage\",\"@id\":\"https:\\\/\\\/www.organisator.ch\\\/operational-excellence\\\/2024-08-13\\\/autonome-ki-nutzung-im-aufschwung-und-weniger-menschliche-kontrolle\\\/\",\"url\":\"https:\\\/\\\/www.organisator.ch\\\/operational-excellence\\\/2024-08-13\\\/autonome-ki-nutzung-im-aufschwung-und-weniger-menschliche-kontrolle\\\/\",\"name\":\"Autonome KI-Nutzung im Aufschwung und weniger menschliche Kontrolle - Organisator\",\"isPartOf\":{\"@id\":\"https:\\\/\\\/www.organisator.ch\\\/#website\"},\"primaryImageOfPage\":{\"@id\":\"https:\\\/\\\/www.organisator.ch\\\/operational-excellence\\\/2024-08-13\\\/autonome-ki-nutzung-im-aufschwung-und-weniger-menschliche-kontrolle\\\/#primaryimage\"},\"image\":{\"@id\":\"https:\\\/\\\/www.organisator.ch\\\/operational-excellence\\\/2024-08-13\\\/autonome-ki-nutzung-im-aufschwung-und-weniger-menschliche-kontrolle\\\/#primaryimage\"},\"thumbnailUrl\":\"https:\\\/\\\/www.m-q.ch\\\/wp-content\\\/uploads\\\/2024\\\/08\\\/Salesforce_Bild1_ps.jpg\",\"datePublished\":\"2024-08-13T09:39:19+00:00\",\"dateModified\":\"2024-11-09T06:42:05+00:00\",\"description\":\"28% der Schweizer Arbeitnehmenden nutzen KI bedenkenlos. Millennials und Gen X Vorreiter in KI-Verst\u00e4ndnis.\",\"breadcrumb\":{\"@id\":\"https:\\\/\\\/www.organisator.ch\\\/operational-excellence\\\/2024-08-13\\\/autonome-ki-nutzung-im-aufschwung-und-weniger-menschliche-kontrolle\\\/#breadcrumb\"},\"inLanguage\":\"it-IT\",\"potentialAction\":[{\"@type\":\"ReadAction\",\"target\":[\"https:\\\/\\\/www.organisator.ch\\\/operational-excellence\\\/2024-08-13\\\/autonome-ki-nutzung-im-aufschwung-und-weniger-menschliche-kontrolle\\\/\"]}]},{\"@type\":\"ImageObject\",\"inLanguage\":\"it-IT\",\"@id\":\"https:\\\/\\\/www.organisator.ch\\\/operational-excellence\\\/2024-08-13\\\/autonome-ki-nutzung-im-aufschwung-und-weniger-menschliche-kontrolle\\\/#primaryimage\",\"url\":\"https:\\\/\\\/www.m-q.ch\\\/wp-content\\\/uploads\\\/2024\\\/08\\\/Salesforce_Bild1_ps.jpg\",\"contentUrl\":\"https:\\\/\\\/www.m-q.ch\\\/wp-content\\\/uploads\\\/2024\\\/08\\\/Salesforce_Bild1_ps.jpg\"},{\"@type\":\"BreadcrumbList\",\"@id\":\"https:\\\/\\\/www.organisator.ch\\\/operational-excellence\\\/2024-08-13\\\/autonome-ki-nutzung-im-aufschwung-und-weniger-menschliche-kontrolle\\\/#breadcrumb\",\"itemListElement\":[{\"@type\":\"ListItem\",\"position\":1,\"name\":\"Home\",\"item\":\"https:\\\/\\\/www.organisator.ch\\\/\"},{\"@type\":\"ListItem\",\"position\":2,\"name\":\"Autonome KI-Nutzung im Aufschwung und weniger menschliche Kontrolle\"}]},{\"@type\":\"WebSite\",\"@id\":\"https:\\\/\\\/www.organisator.ch\\\/#website\",\"url\":\"https:\\\/\\\/www.organisator.ch\\\/\",\"name\":\"Organisator\",\"description\":\"Kompetent. Praxisnah. Der ORGANISATOR bereitet in 10 Ausgaben pro Jahr die wesentlichen Themen f\u00fcr F\u00fchrungskr\u00e4fte von KMU auf.\",\"publisher\":{\"@id\":\"https:\\\/\\\/www.organisator.ch\\\/#organization\"},\"potentialAction\":[{\"@type\":\"SearchAction\",\"target\":{\"@type\":\"EntryPoint\",\"urlTemplate\":\"https:\\\/\\\/www.organisator.ch\\\/?s={search_term_string}\"},\"query-input\":{\"@type\":\"PropertyValueSpecification\",\"valueRequired\":true,\"valueName\":\"search_term_string\"}}],\"inLanguage\":\"it-IT\"},{\"@type\":\"Organization\",\"@id\":\"https:\\\/\\\/www.organisator.ch\\\/#organization\",\"name\":\"Organisator\",\"url\":\"https:\\\/\\\/www.organisator.ch\\\/\",\"logo\":{\"@type\":\"ImageObject\",\"inLanguage\":\"it-IT\",\"@id\":\"https:\\\/\\\/www.organisator.ch\\\/#\\\/schema\\\/logo\\\/image\\\/\",\"url\":\"https:\\\/\\\/www.organisator.ch\\\/wp-content\\\/uploads\\\/2022\\\/01\\\/Logo_Organisator_Website.png\",\"contentUrl\":\"https:\\\/\\\/www.organisator.ch\\\/wp-content\\\/uploads\\\/2022\\\/01\\\/Logo_Organisator_Website.png\",\"width\":800,\"height\":77,\"caption\":\"Organisator\"},\"image\":{\"@id\":\"https:\\\/\\\/www.organisator.ch\\\/#\\\/schema\\\/logo\\\/image\\\/\"},\"sameAs\":[\"https:\\\/\\\/www.facebook.com\\\/OrganisatorFachmagazin\",\"https:\\\/\\\/www.linkedin.com\\\/showcase\\\/organisator-das-magazin-fr-kmu\",\"https:\\\/\\\/www.xing.com\\\/news\\\/pages\\\/organisator-ch-695\",\"https:\\\/\\\/www.youtube.com\\\/channel\\\/UCGP2Sq0iWaZwT3BdIAQFYpw\"]},{\"@type\":\"Person\",\"@id\":\"https:\\\/\\\/www.organisator.ch\\\/#\\\/schema\\\/person\\\/2e1314a2172123f874db408d8911d3f3\",\"name\":\"Adelisa Kalajdzini\",\"image\":{\"@type\":\"ImageObject\",\"inLanguage\":\"it-IT\",\"@id\":\"https:\\\/\\\/secure.gravatar.com\\\/avatar\\\/09a397c22ac58cad6f160ee8306348599df9df58a8ede73696226897b9fa4b24?s=96&d=mm&r=g\",\"url\":\"https:\\\/\\\/secure.gravatar.com\\\/avatar\\\/09a397c22ac58cad6f160ee8306348599df9df58a8ede73696226897b9fa4b24?s=96&d=mm&r=g\",\"contentUrl\":\"https:\\\/\\\/secure.gravatar.com\\\/avatar\\\/09a397c22ac58cad6f160ee8306348599df9df58a8ede73696226897b9fa4b24?s=96&d=mm&r=g\",\"caption\":\"Adelisa Kalajdzini\"},\"url\":\"https:\\\/\\\/www.organisator.ch\\\/it\\\/author\\\/adelisa-kalajdzini\\\/\"}]}<\/script>\n<!-- \/ Yoast SEO plugin. -->","yoast_head_json":{"title":"L'uso dell'intelligenza artificiale autonoma \u00e8 in aumento e il controllo umano \u00e8 minore - Organizzatore","description":"Il 28% dei dipendenti svizzeri utilizza l'IA senza esitazioni. I Millennials e la Gen X sono i primi a comprendere l'IA.","robots":{"index":"index","follow":"follow","max-snippet":"max-snippet:-1","max-image-preview":"max-image-preview:large","max-video-preview":"max-video-preview:-1"},"canonical":"https:\/\/www.organisator.ch\/it\/eccellenza-operativa\/2024-08-13\/autonome-ki-nutzung-im-aufschwung-und-weniger-menschliche-kontrolle\/","og_locale":"it_IT","og_type":"article","og_title":"Autonome KI-Nutzung im Aufschwung und weniger menschliche Kontrolle - Organisator","og_description":"28% der Schweizer Arbeitnehmenden nutzen KI bedenkenlos. Millennials und Gen X Vorreiter in KI-Verst\u00e4ndnis.","og_url":"https:\/\/www.organisator.ch\/it\/eccellenza-operativa\/2024-08-13\/autonome-ki-nutzung-im-aufschwung-und-weniger-menschliche-kontrolle\/","og_site_name":"Organisator","article_publisher":"https:\/\/www.facebook.com\/OrganisatorFachmagazin","article_published_time":"2024-08-13T09:39:19+00:00","article_modified_time":"2024-11-09T06:42:05+00:00","og_image":[{"url":"https:\/\/www.m-q.ch\/wp-content\/uploads\/2024\/08\/Salesforce_Bild1_ps.jpg","type":"","width":"","height":""}],"author":"Adelisa Kalajdzini","twitter_card":"summary_large_image","schema":{"@context":"https:\/\/schema.org","@graph":[{"@type":"Article","@id":"https:\/\/www.organisator.ch\/operational-excellence\/2024-08-13\/autonome-ki-nutzung-im-aufschwung-und-weniger-menschliche-kontrolle\/#article","isPartOf":{"@id":"https:\/\/www.organisator.ch\/operational-excellence\/2024-08-13\/autonome-ki-nutzung-im-aufschwung-und-weniger-menschliche-kontrolle\/"},"author":{"name":"Adelisa Kalajdzini","@id":"https:\/\/www.organisator.ch\/#\/schema\/person\/2e1314a2172123f874db408d8911d3f3"},"headline":"Autonome KI-Nutzung im Aufschwung und weniger menschliche Kontrolle","datePublished":"2024-08-13T09:39:19+00:00","dateModified":"2024-11-09T06:42:05+00:00","mainEntityOfPage":{"@id":"https:\/\/www.organisator.ch\/operational-excellence\/2024-08-13\/autonome-ki-nutzung-im-aufschwung-und-weniger-menschliche-kontrolle\/"},"wordCount":624,"publisher":{"@id":"https:\/\/www.organisator.ch\/#organization"},"image":{"@id":"https:\/\/www.organisator.ch\/operational-excellence\/2024-08-13\/autonome-ki-nutzung-im-aufschwung-und-weniger-menschliche-kontrolle\/#primaryimage"},"thumbnailUrl":"https:\/\/www.m-q.ch\/wp-content\/uploads\/2024\/08\/Salesforce_Bild1_ps.jpg","keywords":["Allgemein","KI","Schweiz","Studie","Unternehmen"],"articleSection":["OPERATIONAL EXCELLENCE"],"inLanguage":"it-IT"},{"@type":"WebPage","@id":"https:\/\/www.organisator.ch\/operational-excellence\/2024-08-13\/autonome-ki-nutzung-im-aufschwung-und-weniger-menschliche-kontrolle\/","url":"https:\/\/www.organisator.ch\/operational-excellence\/2024-08-13\/autonome-ki-nutzung-im-aufschwung-und-weniger-menschliche-kontrolle\/","name":"L'uso dell'intelligenza artificiale autonoma \u00e8 in aumento e il controllo umano \u00e8 minore - Organizzatore","isPartOf":{"@id":"https:\/\/www.organisator.ch\/#website"},"primaryImageOfPage":{"@id":"https:\/\/www.organisator.ch\/operational-excellence\/2024-08-13\/autonome-ki-nutzung-im-aufschwung-und-weniger-menschliche-kontrolle\/#primaryimage"},"image":{"@id":"https:\/\/www.organisator.ch\/operational-excellence\/2024-08-13\/autonome-ki-nutzung-im-aufschwung-und-weniger-menschliche-kontrolle\/#primaryimage"},"thumbnailUrl":"https:\/\/www.m-q.ch\/wp-content\/uploads\/2024\/08\/Salesforce_Bild1_ps.jpg","datePublished":"2024-08-13T09:39:19+00:00","dateModified":"2024-11-09T06:42:05+00:00","description":"Il 28% dei dipendenti svizzeri utilizza l'IA senza esitazioni. I Millennials e la Gen X sono i primi a comprendere l'IA.","breadcrumb":{"@id":"https:\/\/www.organisator.ch\/operational-excellence\/2024-08-13\/autonome-ki-nutzung-im-aufschwung-und-weniger-menschliche-kontrolle\/#breadcrumb"},"inLanguage":"it-IT","potentialAction":[{"@type":"ReadAction","target":["https:\/\/www.organisator.ch\/operational-excellence\/2024-08-13\/autonome-ki-nutzung-im-aufschwung-und-weniger-menschliche-kontrolle\/"]}]},{"@type":"ImageObject","inLanguage":"it-IT","@id":"https:\/\/www.organisator.ch\/operational-excellence\/2024-08-13\/autonome-ki-nutzung-im-aufschwung-und-weniger-menschliche-kontrolle\/#primaryimage","url":"https:\/\/www.m-q.ch\/wp-content\/uploads\/2024\/08\/Salesforce_Bild1_ps.jpg","contentUrl":"https:\/\/www.m-q.ch\/wp-content\/uploads\/2024\/08\/Salesforce_Bild1_ps.jpg"},{"@type":"BreadcrumbList","@id":"https:\/\/www.organisator.ch\/operational-excellence\/2024-08-13\/autonome-ki-nutzung-im-aufschwung-und-weniger-menschliche-kontrolle\/#breadcrumb","itemListElement":[{"@type":"ListItem","position":1,"name":"Home","item":"https:\/\/www.organisator.ch\/"},{"@type":"ListItem","position":2,"name":"Autonome KI-Nutzung im Aufschwung und weniger menschliche Kontrolle"}]},{"@type":"WebSite","@id":"https:\/\/www.organisator.ch\/#website","url":"https:\/\/www.organisator.ch\/","name":"Organizzatore","description":"Competente. Pratico. In 10 numeri all'anno, ORGANISATOR presenta i temi essenziali per i manager delle PMI.","publisher":{"@id":"https:\/\/www.organisator.ch\/#organization"},"potentialAction":[{"@type":"SearchAction","target":{"@type":"EntryPoint","urlTemplate":"https:\/\/www.organisator.ch\/?s={search_term_string}"},"query-input":{"@type":"PropertyValueSpecification","valueRequired":true,"valueName":"search_term_string"}}],"inLanguage":"it-IT"},{"@type":"Organization","@id":"https:\/\/www.organisator.ch\/#organization","name":"Organizzatore","url":"https:\/\/www.organisator.ch\/","logo":{"@type":"ImageObject","inLanguage":"it-IT","@id":"https:\/\/www.organisator.ch\/#\/schema\/logo\/image\/","url":"https:\/\/www.organisator.ch\/wp-content\/uploads\/2022\/01\/Logo_Organisator_Website.png","contentUrl":"https:\/\/www.organisator.ch\/wp-content\/uploads\/2022\/01\/Logo_Organisator_Website.png","width":800,"height":77,"caption":"Organisator"},"image":{"@id":"https:\/\/www.organisator.ch\/#\/schema\/logo\/image\/"},"sameAs":["https:\/\/www.facebook.com\/OrganisatorFachmagazin","https:\/\/www.linkedin.com\/showcase\/organisator-das-magazin-fr-kmu","https:\/\/www.xing.com\/news\/pages\/organisator-ch-695","https:\/\/www.youtube.com\/channel\/UCGP2Sq0iWaZwT3BdIAQFYpw"]},{"@type":"Person","@id":"https:\/\/www.organisator.ch\/#\/schema\/person\/2e1314a2172123f874db408d8911d3f3","name":"Adelisa Kalajdzini","image":{"@type":"ImageObject","inLanguage":"it-IT","@id":"https:\/\/secure.gravatar.com\/avatar\/09a397c22ac58cad6f160ee8306348599df9df58a8ede73696226897b9fa4b24?s=96&d=mm&r=g","url":"https:\/\/secure.gravatar.com\/avatar\/09a397c22ac58cad6f160ee8306348599df9df58a8ede73696226897b9fa4b24?s=96&d=mm&r=g","contentUrl":"https:\/\/secure.gravatar.com\/avatar\/09a397c22ac58cad6f160ee8306348599df9df58a8ede73696226897b9fa4b24?s=96&d=mm&r=g","caption":"Adelisa Kalajdzini"},"url":"https:\/\/www.organisator.ch\/it\/author\/adelisa-kalajdzini\/"}]}},"_links":{"self":[{"href":"https:\/\/www.organisator.ch\/it\/wp-json\/wp\/v2\/posts\/28823","targetHints":{"allow":["GET"]}}],"collection":[{"href":"https:\/\/www.organisator.ch\/it\/wp-json\/wp\/v2\/posts"}],"about":[{"href":"https:\/\/www.organisator.ch\/it\/wp-json\/wp\/v2\/types\/post"}],"author":[{"embeddable":true,"href":"https:\/\/www.organisator.ch\/it\/wp-json\/wp\/v2\/users\/58"}],"replies":[{"embeddable":true,"href":"https:\/\/www.organisator.ch\/it\/wp-json\/wp\/v2\/comments?post=28823"}],"version-history":[{"count":7,"href":"https:\/\/www.organisator.ch\/it\/wp-json\/wp\/v2\/posts\/28823\/revisions"}],"predecessor-version":[{"id":32064,"href":"https:\/\/www.organisator.ch\/it\/wp-json\/wp\/v2\/posts\/28823\/revisions\/32064"}],"wp:attachment":[{"href":"https:\/\/www.organisator.ch\/it\/wp-json\/wp\/v2\/media?parent=28823"}],"wp:term":[{"taxonomy":"category","embeddable":true,"href":"https:\/\/www.organisator.ch\/it\/wp-json\/wp\/v2\/categories?post=28823"},{"taxonomy":"post_tag","embeddable":true,"href":"https:\/\/www.organisator.ch\/it\/wp-json\/wp\/v2\/tags?post=28823"}],"curies":[{"name":"wp","href":"https:\/\/api.w.org\/{rel}","templated":true}]}}