{"id":2888,"date":"2017-12-18T07:30:24","date_gmt":"2017-12-18T06:30:24","guid":{"rendered":"https:\/\/www.organisator.ch\/?p=2888"},"modified":"2017-12-18T07:30:24","modified_gmt":"2017-12-18T06:30:24","slug":"digitale-transformation-neuer-verein-als-sparringpartner-fuer-kmu","status":"publish","type":"post","link":"https:\/\/www.organisator.ch\/it\/management\/2017-12-18\/digitale-transformation-neuer-verein-als-sparringpartner-fuer-kmu\/","title":{"rendered":"Trasformazione digitale: la nuova associazione come \"sparring partner\" per le PMI"},"content":{"rendered":"<figure id=\"attachment_2889\" aria-describedby=\"caption-attachment-2889\" style=\"width: 640px\" class=\"wp-caption alignnone\"><img loading=\"lazy\" decoding=\"async\" class=\"size-full wp-image-2889\" src=\"https:\/\/www.organisator.ch\/wp-content\/uploads\/2017\/12\/Digitale-Transformation-Neuer-Verein-als-Sparringpartner-fuer-KMU_Organisator.jpg\" alt=\"\" width=\"640\" height=\"401\" srcset=\"https:\/\/www.organisator.ch\/wp-content\/uploads\/2017\/12\/Digitale-Transformation-Neuer-Verein-als-Sparringpartner-fuer-KMU_Organisator.jpg 640w, https:\/\/www.organisator.ch\/wp-content\/uploads\/2017\/12\/Digitale-Transformation-Neuer-Verein-als-Sparringpartner-fuer-KMU_Organisator-16x10.jpg 16w, https:\/\/www.organisator.ch\/wp-content\/uploads\/2017\/12\/Digitale-Transformation-Neuer-Verein-als-Sparringpartner-fuer-KMU_Organisator-279x175.jpg 279w, https:\/\/www.organisator.ch\/wp-content\/uploads\/2017\/12\/Digitale-Transformation-Neuer-Verein-als-Sparringpartner-fuer-KMU_Organisator-559x350.jpg 559w, https:\/\/www.organisator.ch\/wp-content\/uploads\/2017\/12\/Digitale-Transformation-Neuer-Verein-als-Sparringpartner-fuer-KMU_Organisator-300x188.jpg 300w\" sizes=\"auto, (max-width: 640px) 100vw, 640px\" \/><figcaption id=\"caption-attachment-2889\" class=\"wp-caption-text\">L'associazione Chief Digital Community si considera uno sparring partner per le PMI. (Immagine: Screenshot www.chiefdigital.ch)<\/figcaption><\/figure>\n<p>Per la piazza economica svizzera \u00e8 di fondamentale importanza che le PMI padroneggino con successo la trasformazione digitale. \"Le PMI sono la spina dorsale dell'economia, ma spesso sottovalutano le sfide di questa nuova rivoluzione industriale\", dice Sita Mazumder dell'Universit\u00e0 di Scienze Applicate e Arti di Lucerna. Con l'associazione Chief Digital Community (CDC), l'universit\u00e0 ha ora creato un contenitore per aiutare le PMI a padroneggiare meglio la trasformazione.<\/p>\n<h2>Sparring partner per le PMI<\/h2>\n<p>\"Ci vediamo come uno sparring partner per le PMI\", spiega Mazumder, che dirige l'associazione come presidente. \"Con la Chief Digital Community, li sosteniamo nel modo pi\u00f9 pratico possibile\". La nuova associazione offre ai decisori delle PMI consigli su domande specifiche sulla digitalizzazione, accesso a un'ampia rete, formazione continua ed eventi vicini alla vita quotidiana degli affari.<\/p>\n<h2>Laboratori con \"Sfida<\/h2>\n<p>Un elemento centrale dell'offerta del CDC \u00e8 il cosiddetto SME Challenge. In questo workshop, un'azienda presenta i suoi sforzi di digitalizzazione ai rappresentanti delle altre PMI presenti. L'obiettivo \u00e8 che le aziende imparino l'una dall'altra e si sostengano a vicenda nella digitalizzazione. La prima azienda a presentarsi \u00e8 l'e-business e internet service provider Arcmedia AG di Lucerna il 12 aprile 2018.<\/p>\n<h2>Risultati della ricerca su misura per le PMI<\/h2>\n<p>Gli approcci del CDC si basano sugli attuali risultati della ricerca sul tema della trasformazione digitale dell'economia. La maggior parte delle analisi esistenti, tuttavia, si concentra sulle grandi aziende del mondo anglofono, come dice Sita Mazumder. Per le PMI svizzere, questi sono di uso diretto limitato. \"Ecco perch\u00e9 selezioniamo gli studi che sono rilevanti per le PMI e li mettiamo a disposizione dei nostri membri. Inoltre, conduciamo i nostri studi insieme a universit\u00e0, college e altre istituzioni.<\/p>\n<p><em>Maggiori informazioni sono disponibili sul sito web dell'associazione: <a href=\"http:\/\/www.chiefdigital.ch\">www.chiefdigital.ch<\/a><\/em><\/p>\n<p>&nbsp;<\/p>","protected":false},"excerpt":{"rendered":"<p>F\u00fcr den Wirtschaftsstandort Schweiz ist es von zentraler Bedeutung, dass KMU die digitale Transformation erfolgreich bew\u00e4ltigen. \u00abKMU bilden das R\u00fcckgrat der Wirtschaft, doch gerade sie untersch\u00e4tzen oft die Herausforderung dieser neuen industriellen Revolution\u00bb, sagt Sita Mazumder von der Hochschule Luzern. Mit dem Verein Chief Digital Community (CDC) hat die Hochschule nun ein Gef\u00e4ss geschaffen, mit [&hellip;]<\/p>\n","protected":false},"author":4,"featured_media":2889,"comment_status":"open","ping_status":"open","sticky":false,"template":"","format":"standard","meta":{"_acf_changed":false,"_yoast_wpseo_focuskw":"Sparringpartner","_yoast_wpseo_metadesc":"Die Hochschule Luzern hat den Verein Chief Digital Community gegr\u00fcndet. Dieser versteht sich als Sparringpartner der KMU in Sachen Digitalisierung.","articlekey":"","footnotes":""},"categories":[28],"tags":[156,335,393,504],"class_list":["post-2888","post","type-post","status-publish","format-standard","has-post-thumbnail","hentry","category-management","tag-digitalisierung","tag-management-und-unternehmensfuehrung","tag-produkte","tag-vereine"],"acf":[],"yoast_head":"<!-- This site is optimized with the Yoast SEO plugin v27.5 - https:\/\/yoast.com\/product\/yoast-seo-wordpress\/ -->\n<title>Digitale Transformation: Neuer Verein als \u00abSparringpartner\u00bb f\u00fcr KMU - Organisator<\/title>\n<meta name=\"description\" content=\"Die Hochschule Luzern hat den Verein Chief Digital Community gegr\u00fcndet. Dieser versteht sich als Sparringpartner der KMU in Sachen Digitalisierung.\" \/>\n<meta name=\"robots\" content=\"index, follow, max-snippet:-1, max-image-preview:large, max-video-preview:-1\" \/>\n<link rel=\"canonical\" href=\"https:\/\/www.organisator.ch\/it\/gestione-2\/2017-12-18\/digitale-transformation-neuer-verein-als-sparringpartner-fuer-kmu\/\" \/>\n<meta property=\"og:locale\" content=\"it_IT\" \/>\n<meta property=\"og:type\" content=\"article\" \/>\n<meta property=\"og:title\" content=\"Digitale Transformation: Neuer Verein als \u00abSparringpartner\u00bb f\u00fcr KMU\" \/>\n<meta property=\"og:description\" content=\"Die #Hochschule Luzern hat den Verein Chief Digital Community gegr\u00fcndet. Dieser versteht sich als #Sparringpartner der KMU in Sachen #Digitalisierung.\" \/>\n<meta property=\"og:url\" content=\"https:\/\/www.organisator.ch\/it\/gestione-2\/2017-12-18\/digitale-transformation-neuer-verein-als-sparringpartner-fuer-kmu\/\" \/>\n<meta property=\"og:site_name\" content=\"Organisator\" \/>\n<meta property=\"article:publisher\" content=\"https:\/\/www.facebook.com\/OrganisatorFachmagazin\" \/>\n<meta property=\"article:published_time\" content=\"2017-12-18T06:30:24+00:00\" \/>\n<meta property=\"og:image\" content=\"https:\/\/www.organisator.ch\/wp-content\/uploads\/2017\/12\/Digitale-Transformation-Neuer-Verein-als-Sparringpartner-fuer-KMU_Organisator.jpg\" \/>\n\t<meta property=\"og:image:width\" content=\"640\" \/>\n\t<meta property=\"og:image:height\" content=\"401\" \/>\n\t<meta property=\"og:image:type\" content=\"image\/jpeg\" \/>\n<meta name=\"author\" content=\"thomas.berner\" \/>\n<meta name=\"twitter:card\" content=\"summary_large_image\" \/>\n<meta name=\"twitter:title\" content=\"#DigitaleTransformation: Neuer Verein als \u00abSparringpartner\u00bb f\u00fcr KMU\" \/>\n<meta name=\"twitter:description\" content=\"Die #Hochschule Luzern hat den Verein Chief Digital Community gegr\u00fcndet. Dieser versteht sich als #Sparringpartner der KMU in Sachen #Digitalisierung.\" \/>\n<meta name=\"twitter:image\" content=\"https:\/\/www.organisator.ch\/wp-content\/uploads\/2017\/12\/Digitale-Transformation-Neuer-Verein-als-Sparringpartner-f\u00fcr-KMU_Organisator.jpg\" \/>\n<script type=\"application\/ld+json\" class=\"yoast-schema-graph\">{\"@context\":\"https:\\\/\\\/schema.org\",\"@graph\":[{\"@type\":\"Article\",\"@id\":\"https:\\\/\\\/www.organisator.ch\\\/management\\\/2017-12-18\\\/digitale-transformation-neuer-verein-als-sparringpartner-fuer-kmu\\\/#article\",\"isPartOf\":{\"@id\":\"https:\\\/\\\/www.organisator.ch\\\/management\\\/2017-12-18\\\/digitale-transformation-neuer-verein-als-sparringpartner-fuer-kmu\\\/\"},\"author\":{\"name\":\"thomas.berner\",\"@id\":\"https:\\\/\\\/www.organisator.ch\\\/#\\\/schema\\\/person\\\/6f650f90b2842cd4c0cc334b4e36f67e\"},\"headline\":\"Digitale Transformation: Neuer Verein als \u00abSparringpartner\u00bb f\u00fcr KMU\",\"datePublished\":\"2017-12-18T06:30:24+00:00\",\"mainEntityOfPage\":{\"@id\":\"https:\\\/\\\/www.organisator.ch\\\/management\\\/2017-12-18\\\/digitale-transformation-neuer-verein-als-sparringpartner-fuer-kmu\\\/\"},\"wordCount\":315,\"commentCount\":0,\"publisher\":{\"@id\":\"https:\\\/\\\/www.organisator.ch\\\/#organization\"},\"image\":{\"@id\":\"https:\\\/\\\/www.organisator.ch\\\/management\\\/2017-12-18\\\/digitale-transformation-neuer-verein-als-sparringpartner-fuer-kmu\\\/#primaryimage\"},\"thumbnailUrl\":\"https:\\\/\\\/www.organisator.ch\\\/wp-content\\\/uploads\\\/2017\\\/12\\\/Digitale-Transformation-Neuer-Verein-als-Sparringpartner-fuer-KMU_Organisator.jpg\",\"keywords\":[\"Digitalisierung\",\"Management und Unternehmensf\u00fchrung\",\"Produkte\",\"Vereine\"],\"articleSection\":[\"MANAGEMENT\"],\"inLanguage\":\"it-IT\"},{\"@type\":\"WebPage\",\"@id\":\"https:\\\/\\\/www.organisator.ch\\\/management\\\/2017-12-18\\\/digitale-transformation-neuer-verein-als-sparringpartner-fuer-kmu\\\/\",\"url\":\"https:\\\/\\\/www.organisator.ch\\\/management\\\/2017-12-18\\\/digitale-transformation-neuer-verein-als-sparringpartner-fuer-kmu\\\/\",\"name\":\"Digitale Transformation: Neuer Verein als \u00abSparringpartner\u00bb f\u00fcr KMU - Organisator\",\"isPartOf\":{\"@id\":\"https:\\\/\\\/www.organisator.ch\\\/#website\"},\"primaryImageOfPage\":{\"@id\":\"https:\\\/\\\/www.organisator.ch\\\/management\\\/2017-12-18\\\/digitale-transformation-neuer-verein-als-sparringpartner-fuer-kmu\\\/#primaryimage\"},\"image\":{\"@id\":\"https:\\\/\\\/www.organisator.ch\\\/management\\\/2017-12-18\\\/digitale-transformation-neuer-verein-als-sparringpartner-fuer-kmu\\\/#primaryimage\"},\"thumbnailUrl\":\"https:\\\/\\\/www.organisator.ch\\\/wp-content\\\/uploads\\\/2017\\\/12\\\/Digitale-Transformation-Neuer-Verein-als-Sparringpartner-fuer-KMU_Organisator.jpg\",\"datePublished\":\"2017-12-18T06:30:24+00:00\",\"description\":\"Die Hochschule Luzern hat den Verein Chief Digital Community gegr\u00fcndet. Dieser versteht sich als Sparringpartner der KMU in Sachen Digitalisierung.\",\"breadcrumb\":{\"@id\":\"https:\\\/\\\/www.organisator.ch\\\/management\\\/2017-12-18\\\/digitale-transformation-neuer-verein-als-sparringpartner-fuer-kmu\\\/#breadcrumb\"},\"inLanguage\":\"it-IT\",\"potentialAction\":[{\"@type\":\"ReadAction\",\"target\":[\"https:\\\/\\\/www.organisator.ch\\\/management\\\/2017-12-18\\\/digitale-transformation-neuer-verein-als-sparringpartner-fuer-kmu\\\/\"]}]},{\"@type\":\"ImageObject\",\"inLanguage\":\"it-IT\",\"@id\":\"https:\\\/\\\/www.organisator.ch\\\/management\\\/2017-12-18\\\/digitale-transformation-neuer-verein-als-sparringpartner-fuer-kmu\\\/#primaryimage\",\"url\":\"https:\\\/\\\/www.organisator.ch\\\/wp-content\\\/uploads\\\/2017\\\/12\\\/Digitale-Transformation-Neuer-Verein-als-Sparringpartner-fuer-KMU_Organisator.jpg\",\"contentUrl\":\"https:\\\/\\\/www.organisator.ch\\\/wp-content\\\/uploads\\\/2017\\\/12\\\/Digitale-Transformation-Neuer-Verein-als-Sparringpartner-fuer-KMU_Organisator.jpg\",\"width\":640,\"height\":401,\"caption\":\"Der Verein Chief Digital Community sieht sich als Sparringpartner der KMU. (Bild: Screenshot www.chiefdigital.ch)\"},{\"@type\":\"BreadcrumbList\",\"@id\":\"https:\\\/\\\/www.organisator.ch\\\/management\\\/2017-12-18\\\/digitale-transformation-neuer-verein-als-sparringpartner-fuer-kmu\\\/#breadcrumb\",\"itemListElement\":[{\"@type\":\"ListItem\",\"position\":1,\"name\":\"Home\",\"item\":\"https:\\\/\\\/www.organisator.ch\\\/\"},{\"@type\":\"ListItem\",\"position\":2,\"name\":\"Digitale Transformation: Neuer Verein als \u00abSparringpartner\u00bb f\u00fcr KMU\"}]},{\"@type\":\"WebSite\",\"@id\":\"https:\\\/\\\/www.organisator.ch\\\/#website\",\"url\":\"https:\\\/\\\/www.organisator.ch\\\/\",\"name\":\"Organisator\",\"description\":\"Kompetent. Praxisnah. Der ORGANISATOR bereitet in 10 Ausgaben pro Jahr die wesentlichen Themen f\u00fcr F\u00fchrungskr\u00e4fte von KMU auf.\",\"publisher\":{\"@id\":\"https:\\\/\\\/www.organisator.ch\\\/#organization\"},\"potentialAction\":[{\"@type\":\"SearchAction\",\"target\":{\"@type\":\"EntryPoint\",\"urlTemplate\":\"https:\\\/\\\/www.organisator.ch\\\/?s={search_term_string}\"},\"query-input\":{\"@type\":\"PropertyValueSpecification\",\"valueRequired\":true,\"valueName\":\"search_term_string\"}}],\"inLanguage\":\"it-IT\"},{\"@type\":\"Organization\",\"@id\":\"https:\\\/\\\/www.organisator.ch\\\/#organization\",\"name\":\"Organisator\",\"url\":\"https:\\\/\\\/www.organisator.ch\\\/\",\"logo\":{\"@type\":\"ImageObject\",\"inLanguage\":\"it-IT\",\"@id\":\"https:\\\/\\\/www.organisator.ch\\\/#\\\/schema\\\/logo\\\/image\\\/\",\"url\":\"https:\\\/\\\/www.organisator.ch\\\/wp-content\\\/uploads\\\/2022\\\/01\\\/Logo_Organisator_Website.png\",\"contentUrl\":\"https:\\\/\\\/www.organisator.ch\\\/wp-content\\\/uploads\\\/2022\\\/01\\\/Logo_Organisator_Website.png\",\"width\":800,\"height\":77,\"caption\":\"Organisator\"},\"image\":{\"@id\":\"https:\\\/\\\/www.organisator.ch\\\/#\\\/schema\\\/logo\\\/image\\\/\"},\"sameAs\":[\"https:\\\/\\\/www.facebook.com\\\/OrganisatorFachmagazin\",\"https:\\\/\\\/www.linkedin.com\\\/showcase\\\/organisator-das-magazin-fr-kmu\",\"https:\\\/\\\/www.xing.com\\\/news\\\/pages\\\/organisator-ch-695\",\"https:\\\/\\\/www.youtube.com\\\/channel\\\/UCGP2Sq0iWaZwT3BdIAQFYpw\"]},{\"@type\":\"Person\",\"@id\":\"https:\\\/\\\/www.organisator.ch\\\/#\\\/schema\\\/person\\\/6f650f90b2842cd4c0cc334b4e36f67e\",\"name\":\"thomas.berner\",\"image\":{\"@type\":\"ImageObject\",\"inLanguage\":\"it-IT\",\"@id\":\"https:\\\/\\\/secure.gravatar.com\\\/avatar\\\/ac5001d2a36cb6c6cd3e50789007ffca834b477b74a2144564522e944eabff61?s=96&d=mm&r=g\",\"url\":\"https:\\\/\\\/secure.gravatar.com\\\/avatar\\\/ac5001d2a36cb6c6cd3e50789007ffca834b477b74a2144564522e944eabff61?s=96&d=mm&r=g\",\"contentUrl\":\"https:\\\/\\\/secure.gravatar.com\\\/avatar\\\/ac5001d2a36cb6c6cd3e50789007ffca834b477b74a2144564522e944eabff61?s=96&d=mm&r=g\",\"caption\":\"thomas.berner\"},\"url\":\"https:\\\/\\\/www.organisator.ch\\\/it\\\/author\\\/thomas-berner\\\/\"}]}<\/script>\n<!-- \/ Yoast SEO plugin. -->","yoast_head_json":{"title":"Trasformazione digitale: la nuova associazione come \"sparring partner\" per le PMI - Organizzatore","description":"L'Universit\u00e0 di Scienze Applicate e Arti di Lucerna ha fondato la Chief Digital Community Association. Si considera uno sparring partner per le PMI in materia di digitalizzazione.","robots":{"index":"index","follow":"follow","max-snippet":"max-snippet:-1","max-image-preview":"max-image-preview:large","max-video-preview":"max-video-preview:-1"},"canonical":"https:\/\/www.organisator.ch\/it\/gestione-2\/2017-12-18\/digitale-transformation-neuer-verein-als-sparringpartner-fuer-kmu\/","og_locale":"it_IT","og_type":"article","og_title":"Digitale Transformation: Neuer Verein als \u00abSparringpartner\u00bb f\u00fcr KMU","og_description":"Die #Hochschule Luzern hat den Verein Chief Digital Community gegr\u00fcndet. Dieser versteht sich als #Sparringpartner der KMU in Sachen #Digitalisierung.","og_url":"https:\/\/www.organisator.ch\/it\/gestione-2\/2017-12-18\/digitale-transformation-neuer-verein-als-sparringpartner-fuer-kmu\/","og_site_name":"Organisator","article_publisher":"https:\/\/www.facebook.com\/OrganisatorFachmagazin","article_published_time":"2017-12-18T06:30:24+00:00","og_image":[{"width":640,"height":401,"url":"https:\/\/www.organisator.ch\/wp-content\/uploads\/2017\/12\/Digitale-Transformation-Neuer-Verein-als-Sparringpartner-fuer-KMU_Organisator.jpg","type":"image\/jpeg"}],"author":"thomas.berner","twitter_card":"summary_large_image","twitter_title":"#DigitaleTransformation: Neuer Verein als \u00abSparringpartner\u00bb f\u00fcr KMU","twitter_description":"Die #Hochschule Luzern hat den Verein Chief Digital Community gegr\u00fcndet. Dieser versteht sich als #Sparringpartner der KMU in Sachen #Digitalisierung.","twitter_image":"https:\/\/www.organisator.ch\/wp-content\/uploads\/2017\/12\/Digitale-Transformation-Neuer-Verein-als-Sparringpartner-f\u00fcr-KMU_Organisator.jpg","schema":{"@context":"https:\/\/schema.org","@graph":[{"@type":"Article","@id":"https:\/\/www.organisator.ch\/management\/2017-12-18\/digitale-transformation-neuer-verein-als-sparringpartner-fuer-kmu\/#article","isPartOf":{"@id":"https:\/\/www.organisator.ch\/management\/2017-12-18\/digitale-transformation-neuer-verein-als-sparringpartner-fuer-kmu\/"},"author":{"name":"thomas.berner","@id":"https:\/\/www.organisator.ch\/#\/schema\/person\/6f650f90b2842cd4c0cc334b4e36f67e"},"headline":"Digitale Transformation: Neuer Verein als \u00abSparringpartner\u00bb f\u00fcr KMU","datePublished":"2017-12-18T06:30:24+00:00","mainEntityOfPage":{"@id":"https:\/\/www.organisator.ch\/management\/2017-12-18\/digitale-transformation-neuer-verein-als-sparringpartner-fuer-kmu\/"},"wordCount":315,"commentCount":0,"publisher":{"@id":"https:\/\/www.organisator.ch\/#organization"},"image":{"@id":"https:\/\/www.organisator.ch\/management\/2017-12-18\/digitale-transformation-neuer-verein-als-sparringpartner-fuer-kmu\/#primaryimage"},"thumbnailUrl":"https:\/\/www.organisator.ch\/wp-content\/uploads\/2017\/12\/Digitale-Transformation-Neuer-Verein-als-Sparringpartner-fuer-KMU_Organisator.jpg","keywords":["Digitalisierung","Management und Unternehmensf\u00fchrung","Produkte","Vereine"],"articleSection":["MANAGEMENT"],"inLanguage":"it-IT"},{"@type":"WebPage","@id":"https:\/\/www.organisator.ch\/management\/2017-12-18\/digitale-transformation-neuer-verein-als-sparringpartner-fuer-kmu\/","url":"https:\/\/www.organisator.ch\/management\/2017-12-18\/digitale-transformation-neuer-verein-als-sparringpartner-fuer-kmu\/","name":"Trasformazione digitale: la nuova associazione come \"sparring partner\" per le PMI - Organizzatore","isPartOf":{"@id":"https:\/\/www.organisator.ch\/#website"},"primaryImageOfPage":{"@id":"https:\/\/www.organisator.ch\/management\/2017-12-18\/digitale-transformation-neuer-verein-als-sparringpartner-fuer-kmu\/#primaryimage"},"image":{"@id":"https:\/\/www.organisator.ch\/management\/2017-12-18\/digitale-transformation-neuer-verein-als-sparringpartner-fuer-kmu\/#primaryimage"},"thumbnailUrl":"https:\/\/www.organisator.ch\/wp-content\/uploads\/2017\/12\/Digitale-Transformation-Neuer-Verein-als-Sparringpartner-fuer-KMU_Organisator.jpg","datePublished":"2017-12-18T06:30:24+00:00","description":"L'Universit\u00e0 di Scienze Applicate e Arti di Lucerna ha fondato la Chief Digital Community Association. Si considera uno sparring partner per le PMI in materia di digitalizzazione.","breadcrumb":{"@id":"https:\/\/www.organisator.ch\/management\/2017-12-18\/digitale-transformation-neuer-verein-als-sparringpartner-fuer-kmu\/#breadcrumb"},"inLanguage":"it-IT","potentialAction":[{"@type":"ReadAction","target":["https:\/\/www.organisator.ch\/management\/2017-12-18\/digitale-transformation-neuer-verein-als-sparringpartner-fuer-kmu\/"]}]},{"@type":"ImageObject","inLanguage":"it-IT","@id":"https:\/\/www.organisator.ch\/management\/2017-12-18\/digitale-transformation-neuer-verein-als-sparringpartner-fuer-kmu\/#primaryimage","url":"https:\/\/www.organisator.ch\/wp-content\/uploads\/2017\/12\/Digitale-Transformation-Neuer-Verein-als-Sparringpartner-fuer-KMU_Organisator.jpg","contentUrl":"https:\/\/www.organisator.ch\/wp-content\/uploads\/2017\/12\/Digitale-Transformation-Neuer-Verein-als-Sparringpartner-fuer-KMU_Organisator.jpg","width":640,"height":401,"caption":"Der Verein Chief Digital Community sieht sich als Sparringpartner der KMU. (Bild: Screenshot www.chiefdigital.ch)"},{"@type":"BreadcrumbList","@id":"https:\/\/www.organisator.ch\/management\/2017-12-18\/digitale-transformation-neuer-verein-als-sparringpartner-fuer-kmu\/#breadcrumb","itemListElement":[{"@type":"ListItem","position":1,"name":"Home","item":"https:\/\/www.organisator.ch\/"},{"@type":"ListItem","position":2,"name":"Digitale Transformation: Neuer Verein als \u00abSparringpartner\u00bb f\u00fcr KMU"}]},{"@type":"WebSite","@id":"https:\/\/www.organisator.ch\/#website","url":"https:\/\/www.organisator.ch\/","name":"Organizzatore","description":"Competente. Pratico. In 10 numeri all'anno, ORGANISATOR presenta i temi essenziali per i manager delle PMI.","publisher":{"@id":"https:\/\/www.organisator.ch\/#organization"},"potentialAction":[{"@type":"SearchAction","target":{"@type":"EntryPoint","urlTemplate":"https:\/\/www.organisator.ch\/?s={search_term_string}"},"query-input":{"@type":"PropertyValueSpecification","valueRequired":true,"valueName":"search_term_string"}}],"inLanguage":"it-IT"},{"@type":"Organization","@id":"https:\/\/www.organisator.ch\/#organization","name":"Organizzatore","url":"https:\/\/www.organisator.ch\/","logo":{"@type":"ImageObject","inLanguage":"it-IT","@id":"https:\/\/www.organisator.ch\/#\/schema\/logo\/image\/","url":"https:\/\/www.organisator.ch\/wp-content\/uploads\/2022\/01\/Logo_Organisator_Website.png","contentUrl":"https:\/\/www.organisator.ch\/wp-content\/uploads\/2022\/01\/Logo_Organisator_Website.png","width":800,"height":77,"caption":"Organisator"},"image":{"@id":"https:\/\/www.organisator.ch\/#\/schema\/logo\/image\/"},"sameAs":["https:\/\/www.facebook.com\/OrganisatorFachmagazin","https:\/\/www.linkedin.com\/showcase\/organisator-das-magazin-fr-kmu","https:\/\/www.xing.com\/news\/pages\/organisator-ch-695","https:\/\/www.youtube.com\/channel\/UCGP2Sq0iWaZwT3BdIAQFYpw"]},{"@type":"Person","@id":"https:\/\/www.organisator.ch\/#\/schema\/person\/6f650f90b2842cd4c0cc334b4e36f67e","name":"Tommaso.berner","image":{"@type":"ImageObject","inLanguage":"it-IT","@id":"https:\/\/secure.gravatar.com\/avatar\/ac5001d2a36cb6c6cd3e50789007ffca834b477b74a2144564522e944eabff61?s=96&d=mm&r=g","url":"https:\/\/secure.gravatar.com\/avatar\/ac5001d2a36cb6c6cd3e50789007ffca834b477b74a2144564522e944eabff61?s=96&d=mm&r=g","contentUrl":"https:\/\/secure.gravatar.com\/avatar\/ac5001d2a36cb6c6cd3e50789007ffca834b477b74a2144564522e944eabff61?s=96&d=mm&r=g","caption":"thomas.berner"},"url":"https:\/\/www.organisator.ch\/it\/author\/thomas-berner\/"}]}},"_links":{"self":[{"href":"https:\/\/www.organisator.ch\/it\/wp-json\/wp\/v2\/posts\/2888","targetHints":{"allow":["GET"]}}],"collection":[{"href":"https:\/\/www.organisator.ch\/it\/wp-json\/wp\/v2\/posts"}],"about":[{"href":"https:\/\/www.organisator.ch\/it\/wp-json\/wp\/v2\/types\/post"}],"author":[{"embeddable":true,"href":"https:\/\/www.organisator.ch\/it\/wp-json\/wp\/v2\/users\/4"}],"replies":[{"embeddable":true,"href":"https:\/\/www.organisator.ch\/it\/wp-json\/wp\/v2\/comments?post=2888"}],"version-history":[{"count":0,"href":"https:\/\/www.organisator.ch\/it\/wp-json\/wp\/v2\/posts\/2888\/revisions"}],"wp:featuredmedia":[{"embeddable":true,"href":"https:\/\/www.organisator.ch\/it\/wp-json\/wp\/v2\/media\/2889"}],"wp:attachment":[{"href":"https:\/\/www.organisator.ch\/it\/wp-json\/wp\/v2\/media?parent=2888"}],"wp:term":[{"taxonomy":"category","embeddable":true,"href":"https:\/\/www.organisator.ch\/it\/wp-json\/wp\/v2\/categories?post=2888"},{"taxonomy":"post_tag","embeddable":true,"href":"https:\/\/www.organisator.ch\/it\/wp-json\/wp\/v2\/tags?post=2888"}],"curies":[{"name":"wp","href":"https:\/\/api.w.org\/{rel}","templated":true}]}}