{"id":289,"date":"2016-04-15T11:23:18","date_gmt":"2016-04-15T09:23:18","guid":{"rendered":"http:\/\/dev.organisator.ch\/?p=289"},"modified":"2016-04-15T11:23:18","modified_gmt":"2016-04-15T09:23:18","slug":"randstad-arbeitsbarometer-schweizer-arbeitnehmende-moechten-reisen","status":"publish","type":"post","link":"https:\/\/www.organisator.ch\/it\/allgemein\/2016-04-15\/randstad-arbeitsbarometer-schweizer-arbeitnehmende-moechten-reisen\/","title":{"rendered":"Barometro del lavoro Randstad: I dipendenti svizzeri vogliono viaggiare"},"content":{"rendered":"<p><img loading=\"lazy\" decoding=\"async\" class=\"alignnone size-medium wp-image-290\" src=\"https:\/\/organisator.ch\/wp-content\/uploads\/2016\/12\/Randstad-Arbeitsbarometer-Schweizer-Arbeitnehmende-m\u00f6chten-reisen-organisator.jpg\" alt=\"\" width=\"680\" height=\"680\" \/><\/p>\n<blockquote><p>\"Viaggiare pu\u00f2 avere un impatto sulla salute o sul rendimento\", dice il direttore delle risorse umane Randstad (Svizzera) Ltd.<\/p><\/blockquote>\n<p>I datori di lavoro svizzeri con un orientamento internazionale possono guadagnare punti con i dipendenti svizzeri. Tre quarti degli intervistati dicono che vorrebbero lavorare con colleghi di paesi diversi. Questo \u00e8 il caso per tutte le donne e gli uomini intervistati e per tutti i gruppi di et\u00e0. Il sondaggio ha anche mostrato che il 46% degli impiegati svizzeri vorrebbe un lavoro che implichi viaggi d'affari internazionali.<\/p>\n<p>Tra i 25-34enni, questo \u00e8 addirittura il 51%. Questa fascia d'et\u00e0 comprende, tra gli altri, i giovani che hanno appena completato i loro studi. I lavori con opportunit\u00e0 di viaggio sono particolarmente popolari tra molti laureati.<\/p>\n<p><strong>Discrepanza tra desiderio e realt\u00e0<\/strong><\/p>\n<p>Circa la met\u00e0 dei dipendenti vorrebbe viaggiare, ma solo il 17% viaggia all'estero come parte del suo lavoro quotidiano. Questa cifra \u00e8 pi\u00f9 del doppio per gli uomini (24%) che per le donne (11 %). Soprattutto i lavoratori molto giovani tra i 18 e i 24 anni viaggiano oltre i confini del loro paese per lavoro (29 %). Nel gruppo di et\u00e0 25-34 anni, questo valore scende, e i viaggi d'affari internazionali sono ora parte della vita lavorativa quotidiana solo per il 14%.<\/p>\n<p><strong>Alto interesse a lavorare all'estero<\/strong><\/p>\n<p>L'interesse a lavorare all'estero \u00e8 alto sia tra gli uomini che tra le donne. Poco meno di uno su due troverebbe eccitante lavorare all'estero un giorno. L'interesse aumenta costantemente tra i giovani dai 18 ai 34 anni e poi diminuisce di nuovo con l'aumentare dell'et\u00e0. Questo suggerisce che la volont\u00e0 di viaggiare \u00e8 strettamente legata alla pianificazione familiare. Questo perch\u00e9 la volont\u00e0 di viaggiare aumenta di nuovo non appena i bambini sono un po' pi\u00f9 grandi e pi\u00f9 indipendenti.<\/p>\n<p>Inoltre, il 49% dei partecipanti al sondaggio ha detto che si trasferirebbe all'estero per il lavoro giusto. Anche qui, l'entusiasmo \u00e8 pi\u00f9 alto tra i giovani, con due terzi di quelli tra i 18 e i 24 anni che dicono che lascerebbero la Svizzera per il lavoro dei loro sogni.<\/p>\n<p><strong>I viaggi internazionali allargano l'orizzonte<\/strong><\/p>\n<p>I partecipanti al sondaggio concordano sul fatto che viaggiare per lavoro pu\u00f2 offrire un valore aggiunto. I dipendenti che viaggiano per lavoro possono beneficiare in diversi modi: Entrano in contatto con una grande variet\u00e0 di persone di diversi paesi e regioni linguistiche. E si fanno un'idea delle culture aziendali straniere. Questa \u00e8 anche l'opinione di Nathalie Zihlmann, HR Director Randstad (Svizzera) Ltd:<\/p>\n<p>\"Poter fare affari in un ambiente internazionale non solo allarga i propri orizzonti professionali e culturali, ma contribuisce anche allo sviluppo personale. Tuttavia, non bisogna dimenticare che i viaggi frequenti sono anche associati allo stress e questo pu\u00f2 avere un impatto sulla salute o sulle prestazioni, soprattutto con soggiorni frequenti e brevi in altri fusi orari\".<\/p>\n<p><strong>Indice di mobilit\u00e0 Randstad<\/strong><\/p>\n<p>Il Randstad Mobility Index indica quanti dipendenti si aspettano di accettare un nuovo lavoro comparabile nei prossimi sei mesi. In Svizzera, l'indice \u00e8 sceso da 102 a 99 punti (-3) nel primo trimestre del 2016.<\/p>\n<p>Ulteriori informazioni:\u00a0<a href=\"http:\/\/www.randstad.ch\" target=\"_blank\" data-cke-saved-href=\"http:\/\/www.randstad.ch\" rel=\"noopener\">www.randstad.ch<\/a><\/p>\n<p>\u200b<\/p>\n<p>&nbsp;<\/p>","protected":false},"excerpt":{"rendered":"<p>&#8222;Reisen kann sich auf die Gesundheit oder auf die Leistungsbereitschaft niederschlagen&#8220;, sagt HR Direktorin Randstad (Schweiz) AG. Schweizer Arbeitgeber mit internationaler Ausrichtung k\u00f6nnen bei Schweizer Arbeitnehmenden punkten. So geben drei Viertel der Befragten an, dass sie gerne mit Arbeitskollegen aus verschiedenen Nationen zusammenarbeiten m\u00f6chten. Dies ist bei allen befragten Frauen und M\u00e4nnern sowie bei allen [&hellip;]<\/p>\n","protected":false},"author":1,"featured_media":290,"comment_status":"open","ping_status":"open","sticky":false,"template":"","format":"standard","meta":{"_acf_changed":false,"_yoast_wpseo_focuskw":"Arbeitsbarometer","_yoast_wpseo_metadesc":"Rund 50% w\u00fcnschen sich einen Beruf, der Gesch\u00e4ftsreisen ins Ausland erm\u00f6glicht. Fast eben so viele w\u00fcrden f\u00fcr ihren Traumberuf sogar die Schweiz verlassen.","articlekey":"","footnotes":""},"categories":[1],"tags":[459],"class_list":["post-289","post","type-post","status-publish","format-standard","has-post-thumbnail","hentry","category-allgemein","tag-studie"],"acf":[],"yoast_head":"<!-- This site is optimized with the Yoast SEO plugin v27.4 - https:\/\/yoast.com\/product\/yoast-seo-wordpress\/ -->\n<title>Randstad Arbeitsbarometer: Schweizer Arbeitnehmende m\u00f6chten reisen - Organisator<\/title>\n<meta name=\"description\" content=\"Rund 50% w\u00fcnschen sich einen Beruf, der Gesch\u00e4ftsreisen ins Ausland erm\u00f6glicht. Fast eben so viele w\u00fcrden f\u00fcr ihren Traumberuf sogar die Schweiz verlassen.\" \/>\n<meta name=\"robots\" content=\"index, follow, max-snippet:-1, max-image-preview:large, max-video-preview:-1\" \/>\n<link rel=\"canonical\" href=\"https:\/\/www.organisator.ch\/it\/generale\/2016-04-15\/randstad-arbeitsbarometer-schweizer-arbeitnehmende-moechten-reisen\/\" \/>\n<meta property=\"og:locale\" content=\"it_IT\" \/>\n<meta property=\"og:type\" content=\"article\" \/>\n<meta property=\"og:title\" content=\"Randstad Arbeitsbarometer: Schweizer Arbeitnehmende m\u00f6chten reisen\" \/>\n<meta property=\"og:description\" content=\"Unternehmen mit internationalem Flair sind beliebt bei Schweizer Arbeitnehmenden. Dies resultiert aus der aktuellen Ausgabe des Randstad Arbeitsbarometers. Rund 50 Prozent w\u00fcnschen sich einen Beruf, der Gesch\u00e4ftsreisen ins Ausland erm\u00f6glicht. Fast eben so viele w\u00fcrden f\u00fcr ihren Traumberuf sogar die Schweiz verlassen.\" \/>\n<meta property=\"og:url\" content=\"https:\/\/www.organisator.ch\/it\/generale\/2016-04-15\/randstad-arbeitsbarometer-schweizer-arbeitnehmende-moechten-reisen\/\" \/>\n<meta property=\"og:site_name\" content=\"Organisator\" \/>\n<meta property=\"article:publisher\" content=\"https:\/\/www.facebook.com\/OrganisatorFachmagazin\" \/>\n<meta property=\"article:published_time\" content=\"2016-04-15T09:23:18+00:00\" \/>\n<meta name=\"author\" content=\"admin\" \/>\n<meta name=\"twitter:card\" content=\"summary_large_image\" \/>\n<meta name=\"twitter:image\" content=\"https:\/\/www.organisator.ch\/wp-content\/uploads\/2016\/12\/Randstad-Arbeitsbarometer-Schweizer-Arbeitnehmende-moechten-reisen-organisator.jpg\" \/>\n<script type=\"application\/ld+json\" class=\"yoast-schema-graph\">{\"@context\":\"https:\\\/\\\/schema.org\",\"@graph\":[{\"@type\":\"Article\",\"@id\":\"https:\\\/\\\/www.organisator.ch\\\/it\\\/generale\\\/2016-04-15\\\/randstad-arbeitsbarometer-schweizer-arbeitnehmende-moechten-reisen\\\/#article\",\"isPartOf\":{\"@id\":\"https:\\\/\\\/www.organisator.ch\\\/it\\\/generale\\\/2016-04-15\\\/randstad-arbeitsbarometer-schweizer-arbeitnehmende-moechten-reisen\\\/\"},\"author\":{\"name\":\"admin\",\"@id\":\"https:\\\/\\\/www.organisator.ch\\\/#\\\/schema\\\/person\\\/aa2bace6c5c5aad60102004a50c4eb1c\"},\"headline\":\"Randstad Arbeitsbarometer: Schweizer Arbeitnehmende m\u00f6chten reisen\",\"datePublished\":\"2016-04-15T09:23:18+00:00\",\"mainEntityOfPage\":{\"@id\":\"https:\\\/\\\/www.organisator.ch\\\/it\\\/generale\\\/2016-04-15\\\/randstad-arbeitsbarometer-schweizer-arbeitnehmende-moechten-reisen\\\/\"},\"wordCount\":506,\"commentCount\":0,\"publisher\":{\"@id\":\"https:\\\/\\\/www.organisator.ch\\\/#organization\"},\"image\":{\"@id\":\"https:\\\/\\\/www.organisator.ch\\\/it\\\/generale\\\/2016-04-15\\\/randstad-arbeitsbarometer-schweizer-arbeitnehmende-moechten-reisen\\\/#primaryimage\"},\"thumbnailUrl\":\"https:\\\/\\\/www.organisator.ch\\\/wp-content\\\/uploads\\\/2016\\\/12\\\/Randstad-Arbeitsbarometer-Schweizer-Arbeitnehmende-moechten-reisen-organisator.jpg\",\"keywords\":[\"Studie\"],\"articleSection\":[\"Allgemein\"],\"inLanguage\":\"it-IT\"},{\"@type\":\"WebPage\",\"@id\":\"https:\\\/\\\/www.organisator.ch\\\/it\\\/generale\\\/2016-04-15\\\/randstad-arbeitsbarometer-schweizer-arbeitnehmende-moechten-reisen\\\/\",\"url\":\"https:\\\/\\\/www.organisator.ch\\\/it\\\/generale\\\/2016-04-15\\\/randstad-arbeitsbarometer-schweizer-arbeitnehmende-moechten-reisen\\\/\",\"name\":\"Randstad Arbeitsbarometer: Schweizer Arbeitnehmende m\u00f6chten reisen - Organisator\",\"isPartOf\":{\"@id\":\"https:\\\/\\\/www.organisator.ch\\\/#website\"},\"primaryImageOfPage\":{\"@id\":\"https:\\\/\\\/www.organisator.ch\\\/it\\\/generale\\\/2016-04-15\\\/randstad-arbeitsbarometer-schweizer-arbeitnehmende-moechten-reisen\\\/#primaryimage\"},\"image\":{\"@id\":\"https:\\\/\\\/www.organisator.ch\\\/it\\\/generale\\\/2016-04-15\\\/randstad-arbeitsbarometer-schweizer-arbeitnehmende-moechten-reisen\\\/#primaryimage\"},\"thumbnailUrl\":\"https:\\\/\\\/www.organisator.ch\\\/wp-content\\\/uploads\\\/2016\\\/12\\\/Randstad-Arbeitsbarometer-Schweizer-Arbeitnehmende-moechten-reisen-organisator.jpg\",\"datePublished\":\"2016-04-15T09:23:18+00:00\",\"description\":\"Rund 50% w\u00fcnschen sich einen Beruf, der Gesch\u00e4ftsreisen ins Ausland erm\u00f6glicht. Fast eben so viele w\u00fcrden f\u00fcr ihren Traumberuf sogar die Schweiz verlassen.\",\"breadcrumb\":{\"@id\":\"https:\\\/\\\/www.organisator.ch\\\/it\\\/generale\\\/2016-04-15\\\/randstad-arbeitsbarometer-schweizer-arbeitnehmende-moechten-reisen\\\/#breadcrumb\"},\"inLanguage\":\"it-IT\",\"potentialAction\":[{\"@type\":\"ReadAction\",\"target\":[\"https:\\\/\\\/www.organisator.ch\\\/it\\\/generale\\\/2016-04-15\\\/randstad-arbeitsbarometer-schweizer-arbeitnehmende-moechten-reisen\\\/\"]}]},{\"@type\":\"ImageObject\",\"inLanguage\":\"it-IT\",\"@id\":\"https:\\\/\\\/www.organisator.ch\\\/it\\\/generale\\\/2016-04-15\\\/randstad-arbeitsbarometer-schweizer-arbeitnehmende-moechten-reisen\\\/#primaryimage\",\"url\":\"https:\\\/\\\/www.organisator.ch\\\/wp-content\\\/uploads\\\/2016\\\/12\\\/Randstad-Arbeitsbarometer-Schweizer-Arbeitnehmende-moechten-reisen-organisator.jpg\",\"contentUrl\":\"https:\\\/\\\/www.organisator.ch\\\/wp-content\\\/uploads\\\/2016\\\/12\\\/Randstad-Arbeitsbarometer-Schweizer-Arbeitnehmende-moechten-reisen-organisator.jpg\",\"width\":1630,\"height\":1630},{\"@type\":\"BreadcrumbList\",\"@id\":\"https:\\\/\\\/www.organisator.ch\\\/it\\\/generale\\\/2016-04-15\\\/randstad-arbeitsbarometer-schweizer-arbeitnehmende-moechten-reisen\\\/#breadcrumb\",\"itemListElement\":[{\"@type\":\"ListItem\",\"position\":1,\"name\":\"Home\",\"item\":\"https:\\\/\\\/www.organisator.ch\\\/\"},{\"@type\":\"ListItem\",\"position\":2,\"name\":\"Randstad Arbeitsbarometer: Schweizer Arbeitnehmende m\u00f6chten reisen\"}]},{\"@type\":\"WebSite\",\"@id\":\"https:\\\/\\\/www.organisator.ch\\\/#website\",\"url\":\"https:\\\/\\\/www.organisator.ch\\\/\",\"name\":\"Organisator\",\"description\":\"Kompetent. Praxisnah. Der ORGANISATOR bereitet in 10 Ausgaben pro Jahr die wesentlichen Themen f\u00fcr F\u00fchrungskr\u00e4fte von KMU auf.\",\"publisher\":{\"@id\":\"https:\\\/\\\/www.organisator.ch\\\/#organization\"},\"potentialAction\":[{\"@type\":\"SearchAction\",\"target\":{\"@type\":\"EntryPoint\",\"urlTemplate\":\"https:\\\/\\\/www.organisator.ch\\\/?s={search_term_string}\"},\"query-input\":{\"@type\":\"PropertyValueSpecification\",\"valueRequired\":true,\"valueName\":\"search_term_string\"}}],\"inLanguage\":\"it-IT\"},{\"@type\":\"Organization\",\"@id\":\"https:\\\/\\\/www.organisator.ch\\\/#organization\",\"name\":\"Organisator\",\"url\":\"https:\\\/\\\/www.organisator.ch\\\/\",\"logo\":{\"@type\":\"ImageObject\",\"inLanguage\":\"it-IT\",\"@id\":\"https:\\\/\\\/www.organisator.ch\\\/#\\\/schema\\\/logo\\\/image\\\/\",\"url\":\"https:\\\/\\\/www.organisator.ch\\\/wp-content\\\/uploads\\\/2022\\\/01\\\/Logo_Organisator_Website.png\",\"contentUrl\":\"https:\\\/\\\/www.organisator.ch\\\/wp-content\\\/uploads\\\/2022\\\/01\\\/Logo_Organisator_Website.png\",\"width\":800,\"height\":77,\"caption\":\"Organisator\"},\"image\":{\"@id\":\"https:\\\/\\\/www.organisator.ch\\\/#\\\/schema\\\/logo\\\/image\\\/\"},\"sameAs\":[\"https:\\\/\\\/www.facebook.com\\\/OrganisatorFachmagazin\",\"https:\\\/\\\/www.linkedin.com\\\/showcase\\\/organisator-das-magazin-fr-kmu\",\"https:\\\/\\\/www.xing.com\\\/news\\\/pages\\\/organisator-ch-695\",\"https:\\\/\\\/www.youtube.com\\\/channel\\\/UCGP2Sq0iWaZwT3BdIAQFYpw\"]},{\"@type\":\"Person\",\"@id\":\"https:\\\/\\\/www.organisator.ch\\\/#\\\/schema\\\/person\\\/aa2bace6c5c5aad60102004a50c4eb1c\",\"name\":\"admin\",\"image\":{\"@type\":\"ImageObject\",\"inLanguage\":\"it-IT\",\"@id\":\"https:\\\/\\\/secure.gravatar.com\\\/avatar\\\/ae2f4d718e6c49043e314ce431e7e645d646302a24a5ef5a8bc8e3f5a032e319?s=96&d=mm&r=g\",\"url\":\"https:\\\/\\\/secure.gravatar.com\\\/avatar\\\/ae2f4d718e6c49043e314ce431e7e645d646302a24a5ef5a8bc8e3f5a032e319?s=96&d=mm&r=g\",\"contentUrl\":\"https:\\\/\\\/secure.gravatar.com\\\/avatar\\\/ae2f4d718e6c49043e314ce431e7e645d646302a24a5ef5a8bc8e3f5a032e319?s=96&d=mm&r=g\",\"caption\":\"admin\"},\"sameAs\":[\"https:\\\/\\\/www.organisator.ch\"],\"url\":\"https:\\\/\\\/www.organisator.ch\\\/it\\\/author\\\/admin\\\/\"}]}<\/script>\n<!-- \/ Yoast SEO plugin. -->","yoast_head_json":{"title":"Barometro del lavoro Randstad: I dipendenti svizzeri vogliono viaggiare - Organizzatore","description":"Circa 50% vorrebbe un lavoro che permetta viaggi di lavoro all'estero. Quasi altrettanti lascerebbero la Svizzera per il lavoro dei loro sogni.","robots":{"index":"index","follow":"follow","max-snippet":"max-snippet:-1","max-image-preview":"max-image-preview:large","max-video-preview":"max-video-preview:-1"},"canonical":"https:\/\/www.organisator.ch\/it\/generale\/2016-04-15\/randstad-arbeitsbarometer-schweizer-arbeitnehmende-moechten-reisen\/","og_locale":"it_IT","og_type":"article","og_title":"Randstad Arbeitsbarometer: Schweizer Arbeitnehmende m\u00f6chten reisen","og_description":"Unternehmen mit internationalem Flair sind beliebt bei Schweizer Arbeitnehmenden. Dies resultiert aus der aktuellen Ausgabe des Randstad Arbeitsbarometers. Rund 50 Prozent w\u00fcnschen sich einen Beruf, der Gesch\u00e4ftsreisen ins Ausland erm\u00f6glicht. Fast eben so viele w\u00fcrden f\u00fcr ihren Traumberuf sogar die Schweiz verlassen.","og_url":"https:\/\/www.organisator.ch\/it\/generale\/2016-04-15\/randstad-arbeitsbarometer-schweizer-arbeitnehmende-moechten-reisen\/","og_site_name":"Organisator","article_publisher":"https:\/\/www.facebook.com\/OrganisatorFachmagazin","article_published_time":"2016-04-15T09:23:18+00:00","author":"admin","twitter_card":"summary_large_image","twitter_image":"https:\/\/www.organisator.ch\/wp-content\/uploads\/2016\/12\/Randstad-Arbeitsbarometer-Schweizer-Arbeitnehmende-moechten-reisen-organisator.jpg","schema":{"@context":"https:\/\/schema.org","@graph":[{"@type":"Article","@id":"https:\/\/www.organisator.ch\/it\/generale\/2016-04-15\/randstad-arbeitsbarometer-schweizer-arbeitnehmende-moechten-reisen\/#article","isPartOf":{"@id":"https:\/\/www.organisator.ch\/it\/generale\/2016-04-15\/randstad-arbeitsbarometer-schweizer-arbeitnehmende-moechten-reisen\/"},"author":{"name":"admin","@id":"https:\/\/www.organisator.ch\/#\/schema\/person\/aa2bace6c5c5aad60102004a50c4eb1c"},"headline":"Randstad Arbeitsbarometer: Schweizer Arbeitnehmende m\u00f6chten reisen","datePublished":"2016-04-15T09:23:18+00:00","mainEntityOfPage":{"@id":"https:\/\/www.organisator.ch\/it\/generale\/2016-04-15\/randstad-arbeitsbarometer-schweizer-arbeitnehmende-moechten-reisen\/"},"wordCount":506,"commentCount":0,"publisher":{"@id":"https:\/\/www.organisator.ch\/#organization"},"image":{"@id":"https:\/\/www.organisator.ch\/it\/generale\/2016-04-15\/randstad-arbeitsbarometer-schweizer-arbeitnehmende-moechten-reisen\/#primaryimage"},"thumbnailUrl":"https:\/\/www.organisator.ch\/wp-content\/uploads\/2016\/12\/Randstad-Arbeitsbarometer-Schweizer-Arbeitnehmende-moechten-reisen-organisator.jpg","keywords":["Studie"],"articleSection":["Allgemein"],"inLanguage":"it-IT"},{"@type":"WebPage","@id":"https:\/\/www.organisator.ch\/it\/generale\/2016-04-15\/randstad-arbeitsbarometer-schweizer-arbeitnehmende-moechten-reisen\/","url":"https:\/\/www.organisator.ch\/it\/generale\/2016-04-15\/randstad-arbeitsbarometer-schweizer-arbeitnehmende-moechten-reisen\/","name":"Barometro del lavoro Randstad: I dipendenti svizzeri vogliono viaggiare - Organizzatore","isPartOf":{"@id":"https:\/\/www.organisator.ch\/#website"},"primaryImageOfPage":{"@id":"https:\/\/www.organisator.ch\/it\/generale\/2016-04-15\/randstad-arbeitsbarometer-schweizer-arbeitnehmende-moechten-reisen\/#primaryimage"},"image":{"@id":"https:\/\/www.organisator.ch\/it\/generale\/2016-04-15\/randstad-arbeitsbarometer-schweizer-arbeitnehmende-moechten-reisen\/#primaryimage"},"thumbnailUrl":"https:\/\/www.organisator.ch\/wp-content\/uploads\/2016\/12\/Randstad-Arbeitsbarometer-Schweizer-Arbeitnehmende-moechten-reisen-organisator.jpg","datePublished":"2016-04-15T09:23:18+00:00","description":"Circa 50% vorrebbe un lavoro che permetta viaggi di lavoro all'estero. Quasi altrettanti lascerebbero la Svizzera per il lavoro dei loro sogni.","breadcrumb":{"@id":"https:\/\/www.organisator.ch\/it\/generale\/2016-04-15\/randstad-arbeitsbarometer-schweizer-arbeitnehmende-moechten-reisen\/#breadcrumb"},"inLanguage":"it-IT","potentialAction":[{"@type":"ReadAction","target":["https:\/\/www.organisator.ch\/it\/generale\/2016-04-15\/randstad-arbeitsbarometer-schweizer-arbeitnehmende-moechten-reisen\/"]}]},{"@type":"ImageObject","inLanguage":"it-IT","@id":"https:\/\/www.organisator.ch\/it\/generale\/2016-04-15\/randstad-arbeitsbarometer-schweizer-arbeitnehmende-moechten-reisen\/#primaryimage","url":"https:\/\/www.organisator.ch\/wp-content\/uploads\/2016\/12\/Randstad-Arbeitsbarometer-Schweizer-Arbeitnehmende-moechten-reisen-organisator.jpg","contentUrl":"https:\/\/www.organisator.ch\/wp-content\/uploads\/2016\/12\/Randstad-Arbeitsbarometer-Schweizer-Arbeitnehmende-moechten-reisen-organisator.jpg","width":1630,"height":1630},{"@type":"BreadcrumbList","@id":"https:\/\/www.organisator.ch\/it\/generale\/2016-04-15\/randstad-arbeitsbarometer-schweizer-arbeitnehmende-moechten-reisen\/#breadcrumb","itemListElement":[{"@type":"ListItem","position":1,"name":"Home","item":"https:\/\/www.organisator.ch\/"},{"@type":"ListItem","position":2,"name":"Randstad Arbeitsbarometer: Schweizer Arbeitnehmende m\u00f6chten reisen"}]},{"@type":"WebSite","@id":"https:\/\/www.organisator.ch\/#website","url":"https:\/\/www.organisator.ch\/","name":"Organizzatore","description":"Competente. Pratico. In 10 numeri all'anno, ORGANISATOR presenta i temi essenziali per i manager delle PMI.","publisher":{"@id":"https:\/\/www.organisator.ch\/#organization"},"potentialAction":[{"@type":"SearchAction","target":{"@type":"EntryPoint","urlTemplate":"https:\/\/www.organisator.ch\/?s={search_term_string}"},"query-input":{"@type":"PropertyValueSpecification","valueRequired":true,"valueName":"search_term_string"}}],"inLanguage":"it-IT"},{"@type":"Organization","@id":"https:\/\/www.organisator.ch\/#organization","name":"Organizzatore","url":"https:\/\/www.organisator.ch\/","logo":{"@type":"ImageObject","inLanguage":"it-IT","@id":"https:\/\/www.organisator.ch\/#\/schema\/logo\/image\/","url":"https:\/\/www.organisator.ch\/wp-content\/uploads\/2022\/01\/Logo_Organisator_Website.png","contentUrl":"https:\/\/www.organisator.ch\/wp-content\/uploads\/2022\/01\/Logo_Organisator_Website.png","width":800,"height":77,"caption":"Organisator"},"image":{"@id":"https:\/\/www.organisator.ch\/#\/schema\/logo\/image\/"},"sameAs":["https:\/\/www.facebook.com\/OrganisatorFachmagazin","https:\/\/www.linkedin.com\/showcase\/organisator-das-magazin-fr-kmu","https:\/\/www.xing.com\/news\/pages\/organisator-ch-695","https:\/\/www.youtube.com\/channel\/UCGP2Sq0iWaZwT3BdIAQFYpw"]},{"@type":"Person","@id":"https:\/\/www.organisator.ch\/#\/schema\/person\/aa2bace6c5c5aad60102004a50c4eb1c","name":"amministratore","image":{"@type":"ImageObject","inLanguage":"it-IT","@id":"https:\/\/secure.gravatar.com\/avatar\/ae2f4d718e6c49043e314ce431e7e645d646302a24a5ef5a8bc8e3f5a032e319?s=96&d=mm&r=g","url":"https:\/\/secure.gravatar.com\/avatar\/ae2f4d718e6c49043e314ce431e7e645d646302a24a5ef5a8bc8e3f5a032e319?s=96&d=mm&r=g","contentUrl":"https:\/\/secure.gravatar.com\/avatar\/ae2f4d718e6c49043e314ce431e7e645d646302a24a5ef5a8bc8e3f5a032e319?s=96&d=mm&r=g","caption":"admin"},"sameAs":["https:\/\/www.organisator.ch"],"url":"https:\/\/www.organisator.ch\/it\/author\/admin\/"}]}},"_links":{"self":[{"href":"https:\/\/www.organisator.ch\/it\/wp-json\/wp\/v2\/posts\/289","targetHints":{"allow":["GET"]}}],"collection":[{"href":"https:\/\/www.organisator.ch\/it\/wp-json\/wp\/v2\/posts"}],"about":[{"href":"https:\/\/www.organisator.ch\/it\/wp-json\/wp\/v2\/types\/post"}],"author":[{"embeddable":true,"href":"https:\/\/www.organisator.ch\/it\/wp-json\/wp\/v2\/users\/1"}],"replies":[{"embeddable":true,"href":"https:\/\/www.organisator.ch\/it\/wp-json\/wp\/v2\/comments?post=289"}],"version-history":[{"count":0,"href":"https:\/\/www.organisator.ch\/it\/wp-json\/wp\/v2\/posts\/289\/revisions"}],"wp:featuredmedia":[{"embeddable":true,"href":"https:\/\/www.organisator.ch\/it\/wp-json\/wp\/v2\/media\/290"}],"wp:attachment":[{"href":"https:\/\/www.organisator.ch\/it\/wp-json\/wp\/v2\/media?parent=289"}],"wp:term":[{"taxonomy":"category","embeddable":true,"href":"https:\/\/www.organisator.ch\/it\/wp-json\/wp\/v2\/categories?post=289"},{"taxonomy":"post_tag","embeddable":true,"href":"https:\/\/www.organisator.ch\/it\/wp-json\/wp\/v2\/tags?post=289"}],"curies":[{"name":"wp","href":"https:\/\/api.w.org\/{rel}","templated":true}]}}