{"id":2891,"date":"2017-12-14T16:57:03","date_gmt":"2017-12-14T15:57:03","guid":{"rendered":"https:\/\/www.organisator.ch\/?p=2891"},"modified":"2017-12-14T16:57:03","modified_gmt":"2017-12-14T15:57:03","slug":"danke-sagen-ein-perspektivenwechsel","status":"publish","type":"post","link":"https:\/\/www.organisator.ch\/it\/allgemein\/2017-12-14\/danke-sagen-ein-perspektivenwechsel\/","title":{"rendered":"Dire grazie - un cambio di prospettiva"},"content":{"rendered":"<p><a href=\"mailto:\/\/servicekultur@qpm-ms.ch\"><img loading=\"lazy\" decoding=\"async\" class=\"alignnone size-full wp-image-2893\" src=\"https:\/\/www.organisator.ch\/wp-content\/uploads\/2017\/12\/Danke-sagen-ein-Perspektivenwechsel_Organisator.jpg\" alt=\"\" width=\"640\" height=\"428\" srcset=\"https:\/\/www.organisator.ch\/wp-content\/uploads\/2017\/12\/Danke-sagen-ein-Perspektivenwechsel_Organisator.jpg 640w, https:\/\/www.organisator.ch\/wp-content\/uploads\/2017\/12\/Danke-sagen-ein-Perspektivenwechsel_Organisator-16x12.jpg 16w, https:\/\/www.organisator.ch\/wp-content\/uploads\/2017\/12\/Danke-sagen-ein-Perspektivenwechsel_Organisator-262x175.jpg 262w, https:\/\/www.organisator.ch\/wp-content\/uploads\/2017\/12\/Danke-sagen-ein-Perspektivenwechsel_Organisator-523x350.jpg 523w, https:\/\/www.organisator.ch\/wp-content\/uploads\/2017\/12\/Danke-sagen-ein-Perspektivenwechsel_Organisator-300x201.jpg 300w\" sizes=\"auto, (max-width: 640px) 100vw, 640px\" \/><\/a><\/p>\n<p>Ci sono gi\u00e0 abbastanza lamentele. Si tratta di un cambio di prospettiva con l'obiettivo di ringraziare le aziende e i dipendenti che sorprendono positivamente i clienti con la loro cultura del servizio. Volete partecipare? \u00c8 cos\u00ec semplice:<\/p>\n<ul>\n<li>Scriveteci una breve e-mail con le seguenti informazioni senza impegno:<br \/>\n1. dove avete sperimentato un esempio lodevole di cultura del servizio?<br \/>\n2. Cosa c'era di cos\u00ec speciale?<br \/>\n3. perch\u00e9 vi ha sorpreso cos\u00ec positivamente?<br \/>\nImportante: non dimenticate il nome e la sede dell'azienda.<\/li>\n<li>Leggete le condizioni di partecipazione e partite.<\/li>\n<\/ul>\n<p>Condizioni di partecipazione:<\/p>\n<p>Lei ha sperimentato il suo esempio in prima persona e in Svizzera. Siete clienti dell'azienda\/organizzazione che desiderate ringraziare. Nella selezione sono da preferire brevi esempi, anche su <a href=\"http:\/\/www.qpm-ms.ch\/gut zu wissen\">www.qpm-ms.ch\/gut da sapere<\/a> da pubblicare con il vostro nome o con le vostre iniziali, come desiderate. Ogni messaggio di posta elettronica deve essere accompagnato dall'indirizzo postale completo del mittente. Chiediamo la vostra comprensione per non corrispondere su esempi non pubblicati. La scelta \u00e8 lasciata ai redattori.<\/p>\n<p><a href=\"https:\/\/de.surveymonkey.com\/r\/CGSX2YY\">Fare clic qui per accedere al sondaggio.<\/a> Data di chiusura 31.12.2017<\/p>","protected":false},"excerpt":{"rendered":"<p>Reklamationen gibt es genug. Hier geht es um einen Perspektivenwechsel mit dem Ziel, Unternehmen und Mitarbeitenden Danke zu sagen daf\u00fcr, dass sie Kunden mit ihrer Servicekultur positiv \u00fcberraschen. M\u00f6chten Sie mitmachen? So einfach geht\u2019s: Schreiben Sie uns unverbindlich ein kurzes Email mit folgenden Informationen: 1. Wo haben Sie ein lobenswertes Beispiel von Servicekultur erlebt? 2. [&hellip;]<\/p>\n","protected":false},"author":4,"featured_media":2893,"comment_status":"open","ping_status":"open","sticky":false,"template":"","format":"standard","meta":{"_acf_changed":false,"_yoast_wpseo_focuskw":"Danke","_yoast_wpseo_metadesc":"Serviceexpertin Petra R\u00fcegg hat eine Aktion rund um das Thema \u201eDanke sagen\u201c initiiert. Auch Sie sind eingeladen, mitzumachen.","articlekey":"","footnotes":""},"categories":[1],"tags":[318,339,508],"class_list":["post-2891","post","type-post","status-publish","format-standard","has-post-thumbnail","hentry","category-allgemein","tag-kundenservice","tag-marketing","tag-vermischtes"],"acf":[],"yoast_head":"<!-- This site is optimized with the Yoast SEO plugin v27.5 - https:\/\/yoast.com\/product\/yoast-seo-wordpress\/ -->\n<title>Danke sagen - ein Perspektivenwechsel - Organisator<\/title>\n<meta name=\"description\" content=\"Serviceexpertin Petra R\u00fcegg hat eine Aktion rund um das Thema \u201eDanke sagen\u201c initiiert. Auch Sie sind eingeladen, mitzumachen.\" \/>\n<meta name=\"robots\" content=\"index, follow, max-snippet:-1, max-image-preview:large, max-video-preview:-1\" \/>\n<link rel=\"canonical\" href=\"https:\/\/www.organisator.ch\/it\/generale\/2017-12-14\/danke-sagen-ein-perspektivenwechsel\/\" \/>\n<meta property=\"og:locale\" content=\"it_IT\" \/>\n<meta property=\"og:type\" content=\"article\" \/>\n<meta property=\"og:title\" content=\"Danke sagen - ein Perspektivenwechsel\" \/>\n<meta property=\"og:description\" content=\"#Serviceexpertin Petra R\u00fcegg hat eine Aktion rund um das Thema \u201e#Danke sagen\u201c initiiert. Auch Sie sind eingeladen, mitzumachen.\" \/>\n<meta property=\"og:url\" content=\"https:\/\/www.organisator.ch\/it\/generale\/2017-12-14\/danke-sagen-ein-perspektivenwechsel\/\" \/>\n<meta property=\"og:site_name\" content=\"Organisator\" \/>\n<meta property=\"article:publisher\" content=\"https:\/\/www.facebook.com\/OrganisatorFachmagazin\" \/>\n<meta property=\"article:published_time\" content=\"2017-12-14T15:57:03+00:00\" \/>\n<meta property=\"og:image\" content=\"https:\/\/www.organisator.ch\/wp-content\/uploads\/2017\/12\/Danke-sagen-ein-Perspektivenwechsel_Organisator.jpg\" \/>\n\t<meta property=\"og:image:width\" content=\"640\" \/>\n\t<meta property=\"og:image:height\" content=\"428\" \/>\n\t<meta property=\"og:image:type\" content=\"image\/jpeg\" \/>\n<meta name=\"author\" content=\"thomas.berner\" \/>\n<meta name=\"twitter:card\" content=\"summary_large_image\" \/>\n<meta name=\"twitter:title\" content=\"#Danke sagen - ein #Perspektivenwechsel\" \/>\n<meta name=\"twitter:description\" content=\"#Serviceexpertin Petra R\u00fcegg hat eine Aktion rund um das Thema \u201e#Danke sagen\u201c initiiert. Auch Sie sind eingeladen, mitzumachen.\" \/>\n<meta name=\"twitter:image\" content=\"https:\/\/www.organisator.ch\/wp-content\/uploads\/2017\/12\/Danke-sagen-ein-Perspektivenwechsel_Organisator.jpg\" \/>\n<script type=\"application\/ld+json\" class=\"yoast-schema-graph\">{\"@context\":\"https:\\\/\\\/schema.org\",\"@graph\":[{\"@type\":\"Article\",\"@id\":\"https:\\\/\\\/www.organisator.ch\\\/en\\\/general\\\/2017-12-14\\\/danke-sagen-ein-perspektivenwechsel\\\/#article\",\"isPartOf\":{\"@id\":\"https:\\\/\\\/www.organisator.ch\\\/en\\\/general\\\/2017-12-14\\\/danke-sagen-ein-perspektivenwechsel\\\/\"},\"author\":{\"name\":\"thomas.berner\",\"@id\":\"https:\\\/\\\/www.organisator.ch\\\/#\\\/schema\\\/person\\\/6f650f90b2842cd4c0cc334b4e36f67e\"},\"headline\":\"Danke sagen &#8211; ein Perspektivenwechsel\",\"datePublished\":\"2017-12-14T15:57:03+00:00\",\"mainEntityOfPage\":{\"@id\":\"https:\\\/\\\/www.organisator.ch\\\/en\\\/general\\\/2017-12-14\\\/danke-sagen-ein-perspektivenwechsel\\\/\"},\"wordCount\":176,\"commentCount\":0,\"publisher\":{\"@id\":\"https:\\\/\\\/www.organisator.ch\\\/#organization\"},\"image\":{\"@id\":\"https:\\\/\\\/www.organisator.ch\\\/en\\\/general\\\/2017-12-14\\\/danke-sagen-ein-perspektivenwechsel\\\/#primaryimage\"},\"thumbnailUrl\":\"https:\\\/\\\/www.organisator.ch\\\/wp-content\\\/uploads\\\/2017\\\/12\\\/Danke-sagen-ein-Perspektivenwechsel_Organisator.jpg\",\"keywords\":[\"Kundenservice\",\"Marketing\",\"Vermischtes\"],\"articleSection\":[\"Allgemein\"],\"inLanguage\":\"it-IT\"},{\"@type\":\"WebPage\",\"@id\":\"https:\\\/\\\/www.organisator.ch\\\/en\\\/general\\\/2017-12-14\\\/danke-sagen-ein-perspektivenwechsel\\\/\",\"url\":\"https:\\\/\\\/www.organisator.ch\\\/en\\\/general\\\/2017-12-14\\\/danke-sagen-ein-perspektivenwechsel\\\/\",\"name\":\"Danke sagen - ein Perspektivenwechsel - Organisator\",\"isPartOf\":{\"@id\":\"https:\\\/\\\/www.organisator.ch\\\/#website\"},\"primaryImageOfPage\":{\"@id\":\"https:\\\/\\\/www.organisator.ch\\\/en\\\/general\\\/2017-12-14\\\/danke-sagen-ein-perspektivenwechsel\\\/#primaryimage\"},\"image\":{\"@id\":\"https:\\\/\\\/www.organisator.ch\\\/en\\\/general\\\/2017-12-14\\\/danke-sagen-ein-perspektivenwechsel\\\/#primaryimage\"},\"thumbnailUrl\":\"https:\\\/\\\/www.organisator.ch\\\/wp-content\\\/uploads\\\/2017\\\/12\\\/Danke-sagen-ein-Perspektivenwechsel_Organisator.jpg\",\"datePublished\":\"2017-12-14T15:57:03+00:00\",\"description\":\"Serviceexpertin Petra R\u00fcegg hat eine Aktion rund um das Thema \u201eDanke sagen\u201c initiiert. Auch Sie sind eingeladen, mitzumachen.\",\"breadcrumb\":{\"@id\":\"https:\\\/\\\/www.organisator.ch\\\/en\\\/general\\\/2017-12-14\\\/danke-sagen-ein-perspektivenwechsel\\\/#breadcrumb\"},\"inLanguage\":\"it-IT\",\"potentialAction\":[{\"@type\":\"ReadAction\",\"target\":[\"https:\\\/\\\/www.organisator.ch\\\/en\\\/general\\\/2017-12-14\\\/danke-sagen-ein-perspektivenwechsel\\\/\"]}]},{\"@type\":\"ImageObject\",\"inLanguage\":\"it-IT\",\"@id\":\"https:\\\/\\\/www.organisator.ch\\\/en\\\/general\\\/2017-12-14\\\/danke-sagen-ein-perspektivenwechsel\\\/#primaryimage\",\"url\":\"https:\\\/\\\/www.organisator.ch\\\/wp-content\\\/uploads\\\/2017\\\/12\\\/Danke-sagen-ein-Perspektivenwechsel_Organisator.jpg\",\"contentUrl\":\"https:\\\/\\\/www.organisator.ch\\\/wp-content\\\/uploads\\\/2017\\\/12\\\/Danke-sagen-ein-Perspektivenwechsel_Organisator.jpg\",\"width\":640,\"height\":428},{\"@type\":\"BreadcrumbList\",\"@id\":\"https:\\\/\\\/www.organisator.ch\\\/en\\\/general\\\/2017-12-14\\\/danke-sagen-ein-perspektivenwechsel\\\/#breadcrumb\",\"itemListElement\":[{\"@type\":\"ListItem\",\"position\":1,\"name\":\"Home\",\"item\":\"https:\\\/\\\/www.organisator.ch\\\/\"},{\"@type\":\"ListItem\",\"position\":2,\"name\":\"Danke sagen &#8211; ein Perspektivenwechsel\"}]},{\"@type\":\"WebSite\",\"@id\":\"https:\\\/\\\/www.organisator.ch\\\/#website\",\"url\":\"https:\\\/\\\/www.organisator.ch\\\/\",\"name\":\"Organisator\",\"description\":\"Kompetent. Praxisnah. Der ORGANISATOR bereitet in 10 Ausgaben pro Jahr die wesentlichen Themen f\u00fcr F\u00fchrungskr\u00e4fte von KMU auf.\",\"publisher\":{\"@id\":\"https:\\\/\\\/www.organisator.ch\\\/#organization\"},\"potentialAction\":[{\"@type\":\"SearchAction\",\"target\":{\"@type\":\"EntryPoint\",\"urlTemplate\":\"https:\\\/\\\/www.organisator.ch\\\/?s={search_term_string}\"},\"query-input\":{\"@type\":\"PropertyValueSpecification\",\"valueRequired\":true,\"valueName\":\"search_term_string\"}}],\"inLanguage\":\"it-IT\"},{\"@type\":\"Organization\",\"@id\":\"https:\\\/\\\/www.organisator.ch\\\/#organization\",\"name\":\"Organisator\",\"url\":\"https:\\\/\\\/www.organisator.ch\\\/\",\"logo\":{\"@type\":\"ImageObject\",\"inLanguage\":\"it-IT\",\"@id\":\"https:\\\/\\\/www.organisator.ch\\\/#\\\/schema\\\/logo\\\/image\\\/\",\"url\":\"https:\\\/\\\/www.organisator.ch\\\/wp-content\\\/uploads\\\/2022\\\/01\\\/Logo_Organisator_Website.png\",\"contentUrl\":\"https:\\\/\\\/www.organisator.ch\\\/wp-content\\\/uploads\\\/2022\\\/01\\\/Logo_Organisator_Website.png\",\"width\":800,\"height\":77,\"caption\":\"Organisator\"},\"image\":{\"@id\":\"https:\\\/\\\/www.organisator.ch\\\/#\\\/schema\\\/logo\\\/image\\\/\"},\"sameAs\":[\"https:\\\/\\\/www.facebook.com\\\/OrganisatorFachmagazin\",\"https:\\\/\\\/www.linkedin.com\\\/showcase\\\/organisator-das-magazin-fr-kmu\",\"https:\\\/\\\/www.xing.com\\\/news\\\/pages\\\/organisator-ch-695\",\"https:\\\/\\\/www.youtube.com\\\/channel\\\/UCGP2Sq0iWaZwT3BdIAQFYpw\"]},{\"@type\":\"Person\",\"@id\":\"https:\\\/\\\/www.organisator.ch\\\/#\\\/schema\\\/person\\\/6f650f90b2842cd4c0cc334b4e36f67e\",\"name\":\"thomas.berner\",\"image\":{\"@type\":\"ImageObject\",\"inLanguage\":\"it-IT\",\"@id\":\"https:\\\/\\\/secure.gravatar.com\\\/avatar\\\/ac5001d2a36cb6c6cd3e50789007ffca834b477b74a2144564522e944eabff61?s=96&d=mm&r=g\",\"url\":\"https:\\\/\\\/secure.gravatar.com\\\/avatar\\\/ac5001d2a36cb6c6cd3e50789007ffca834b477b74a2144564522e944eabff61?s=96&d=mm&r=g\",\"contentUrl\":\"https:\\\/\\\/secure.gravatar.com\\\/avatar\\\/ac5001d2a36cb6c6cd3e50789007ffca834b477b74a2144564522e944eabff61?s=96&d=mm&r=g\",\"caption\":\"thomas.berner\"},\"url\":\"https:\\\/\\\/www.organisator.ch\\\/it\\\/author\\\/thomas-berner\\\/\"}]}<\/script>\n<!-- \/ Yoast SEO plugin. -->","yoast_head_json":{"title":"Dire grazie - un cambio di prospettiva - Organizzatore","description":"L'esperta di servizi Petra R\u00fcegg ha avviato una campagna sul tema \"dire grazie\". Anche voi siete invitati a partecipare.","robots":{"index":"index","follow":"follow","max-snippet":"max-snippet:-1","max-image-preview":"max-image-preview:large","max-video-preview":"max-video-preview:-1"},"canonical":"https:\/\/www.organisator.ch\/it\/generale\/2017-12-14\/danke-sagen-ein-perspektivenwechsel\/","og_locale":"it_IT","og_type":"article","og_title":"Danke sagen - ein Perspektivenwechsel","og_description":"#Serviceexpertin Petra R\u00fcegg hat eine Aktion rund um das Thema \u201e#Danke sagen\u201c initiiert. Auch Sie sind eingeladen, mitzumachen.","og_url":"https:\/\/www.organisator.ch\/it\/generale\/2017-12-14\/danke-sagen-ein-perspektivenwechsel\/","og_site_name":"Organisator","article_publisher":"https:\/\/www.facebook.com\/OrganisatorFachmagazin","article_published_time":"2017-12-14T15:57:03+00:00","og_image":[{"width":640,"height":428,"url":"https:\/\/www.organisator.ch\/wp-content\/uploads\/2017\/12\/Danke-sagen-ein-Perspektivenwechsel_Organisator.jpg","type":"image\/jpeg"}],"author":"thomas.berner","twitter_card":"summary_large_image","twitter_title":"#Danke sagen - ein #Perspektivenwechsel","twitter_description":"#Serviceexpertin Petra R\u00fcegg hat eine Aktion rund um das Thema \u201e#Danke sagen\u201c initiiert. Auch Sie sind eingeladen, mitzumachen.","twitter_image":"https:\/\/www.organisator.ch\/wp-content\/uploads\/2017\/12\/Danke-sagen-ein-Perspektivenwechsel_Organisator.jpg","schema":{"@context":"https:\/\/schema.org","@graph":[{"@type":"Article","@id":"https:\/\/www.organisator.ch\/en\/general\/2017-12-14\/danke-sagen-ein-perspektivenwechsel\/#article","isPartOf":{"@id":"https:\/\/www.organisator.ch\/en\/general\/2017-12-14\/danke-sagen-ein-perspektivenwechsel\/"},"author":{"name":"thomas.berner","@id":"https:\/\/www.organisator.ch\/#\/schema\/person\/6f650f90b2842cd4c0cc334b4e36f67e"},"headline":"Danke sagen &#8211; ein Perspektivenwechsel","datePublished":"2017-12-14T15:57:03+00:00","mainEntityOfPage":{"@id":"https:\/\/www.organisator.ch\/en\/general\/2017-12-14\/danke-sagen-ein-perspektivenwechsel\/"},"wordCount":176,"commentCount":0,"publisher":{"@id":"https:\/\/www.organisator.ch\/#organization"},"image":{"@id":"https:\/\/www.organisator.ch\/en\/general\/2017-12-14\/danke-sagen-ein-perspektivenwechsel\/#primaryimage"},"thumbnailUrl":"https:\/\/www.organisator.ch\/wp-content\/uploads\/2017\/12\/Danke-sagen-ein-Perspektivenwechsel_Organisator.jpg","keywords":["Kundenservice","Marketing","Vermischtes"],"articleSection":["Allgemein"],"inLanguage":"it-IT"},{"@type":"WebPage","@id":"https:\/\/www.organisator.ch\/en\/general\/2017-12-14\/danke-sagen-ein-perspektivenwechsel\/","url":"https:\/\/www.organisator.ch\/en\/general\/2017-12-14\/danke-sagen-ein-perspektivenwechsel\/","name":"Dire grazie - un cambio di prospettiva - Organizzatore","isPartOf":{"@id":"https:\/\/www.organisator.ch\/#website"},"primaryImageOfPage":{"@id":"https:\/\/www.organisator.ch\/en\/general\/2017-12-14\/danke-sagen-ein-perspektivenwechsel\/#primaryimage"},"image":{"@id":"https:\/\/www.organisator.ch\/en\/general\/2017-12-14\/danke-sagen-ein-perspektivenwechsel\/#primaryimage"},"thumbnailUrl":"https:\/\/www.organisator.ch\/wp-content\/uploads\/2017\/12\/Danke-sagen-ein-Perspektivenwechsel_Organisator.jpg","datePublished":"2017-12-14T15:57:03+00:00","description":"L'esperta di servizi Petra R\u00fcegg ha avviato una campagna sul tema \"dire grazie\". Anche voi siete invitati a partecipare.","breadcrumb":{"@id":"https:\/\/www.organisator.ch\/en\/general\/2017-12-14\/danke-sagen-ein-perspektivenwechsel\/#breadcrumb"},"inLanguage":"it-IT","potentialAction":[{"@type":"ReadAction","target":["https:\/\/www.organisator.ch\/en\/general\/2017-12-14\/danke-sagen-ein-perspektivenwechsel\/"]}]},{"@type":"ImageObject","inLanguage":"it-IT","@id":"https:\/\/www.organisator.ch\/en\/general\/2017-12-14\/danke-sagen-ein-perspektivenwechsel\/#primaryimage","url":"https:\/\/www.organisator.ch\/wp-content\/uploads\/2017\/12\/Danke-sagen-ein-Perspektivenwechsel_Organisator.jpg","contentUrl":"https:\/\/www.organisator.ch\/wp-content\/uploads\/2017\/12\/Danke-sagen-ein-Perspektivenwechsel_Organisator.jpg","width":640,"height":428},{"@type":"BreadcrumbList","@id":"https:\/\/www.organisator.ch\/en\/general\/2017-12-14\/danke-sagen-ein-perspektivenwechsel\/#breadcrumb","itemListElement":[{"@type":"ListItem","position":1,"name":"Home","item":"https:\/\/www.organisator.ch\/"},{"@type":"ListItem","position":2,"name":"Danke sagen &#8211; ein Perspektivenwechsel"}]},{"@type":"WebSite","@id":"https:\/\/www.organisator.ch\/#website","url":"https:\/\/www.organisator.ch\/","name":"Organizzatore","description":"Competente. Pratico. In 10 numeri all'anno, ORGANISATOR presenta i temi essenziali per i manager delle PMI.","publisher":{"@id":"https:\/\/www.organisator.ch\/#organization"},"potentialAction":[{"@type":"SearchAction","target":{"@type":"EntryPoint","urlTemplate":"https:\/\/www.organisator.ch\/?s={search_term_string}"},"query-input":{"@type":"PropertyValueSpecification","valueRequired":true,"valueName":"search_term_string"}}],"inLanguage":"it-IT"},{"@type":"Organization","@id":"https:\/\/www.organisator.ch\/#organization","name":"Organizzatore","url":"https:\/\/www.organisator.ch\/","logo":{"@type":"ImageObject","inLanguage":"it-IT","@id":"https:\/\/www.organisator.ch\/#\/schema\/logo\/image\/","url":"https:\/\/www.organisator.ch\/wp-content\/uploads\/2022\/01\/Logo_Organisator_Website.png","contentUrl":"https:\/\/www.organisator.ch\/wp-content\/uploads\/2022\/01\/Logo_Organisator_Website.png","width":800,"height":77,"caption":"Organisator"},"image":{"@id":"https:\/\/www.organisator.ch\/#\/schema\/logo\/image\/"},"sameAs":["https:\/\/www.facebook.com\/OrganisatorFachmagazin","https:\/\/www.linkedin.com\/showcase\/organisator-das-magazin-fr-kmu","https:\/\/www.xing.com\/news\/pages\/organisator-ch-695","https:\/\/www.youtube.com\/channel\/UCGP2Sq0iWaZwT3BdIAQFYpw"]},{"@type":"Person","@id":"https:\/\/www.organisator.ch\/#\/schema\/person\/6f650f90b2842cd4c0cc334b4e36f67e","name":"Tommaso.berner","image":{"@type":"ImageObject","inLanguage":"it-IT","@id":"https:\/\/secure.gravatar.com\/avatar\/ac5001d2a36cb6c6cd3e50789007ffca834b477b74a2144564522e944eabff61?s=96&d=mm&r=g","url":"https:\/\/secure.gravatar.com\/avatar\/ac5001d2a36cb6c6cd3e50789007ffca834b477b74a2144564522e944eabff61?s=96&d=mm&r=g","contentUrl":"https:\/\/secure.gravatar.com\/avatar\/ac5001d2a36cb6c6cd3e50789007ffca834b477b74a2144564522e944eabff61?s=96&d=mm&r=g","caption":"thomas.berner"},"url":"https:\/\/www.organisator.ch\/it\/author\/thomas-berner\/"}]}},"_links":{"self":[{"href":"https:\/\/www.organisator.ch\/it\/wp-json\/wp\/v2\/posts\/2891","targetHints":{"allow":["GET"]}}],"collection":[{"href":"https:\/\/www.organisator.ch\/it\/wp-json\/wp\/v2\/posts"}],"about":[{"href":"https:\/\/www.organisator.ch\/it\/wp-json\/wp\/v2\/types\/post"}],"author":[{"embeddable":true,"href":"https:\/\/www.organisator.ch\/it\/wp-json\/wp\/v2\/users\/4"}],"replies":[{"embeddable":true,"href":"https:\/\/www.organisator.ch\/it\/wp-json\/wp\/v2\/comments?post=2891"}],"version-history":[{"count":0,"href":"https:\/\/www.organisator.ch\/it\/wp-json\/wp\/v2\/posts\/2891\/revisions"}],"wp:featuredmedia":[{"embeddable":true,"href":"https:\/\/www.organisator.ch\/it\/wp-json\/wp\/v2\/media\/2893"}],"wp:attachment":[{"href":"https:\/\/www.organisator.ch\/it\/wp-json\/wp\/v2\/media?parent=2891"}],"wp:term":[{"taxonomy":"category","embeddable":true,"href":"https:\/\/www.organisator.ch\/it\/wp-json\/wp\/v2\/categories?post=2891"},{"taxonomy":"post_tag","embeddable":true,"href":"https:\/\/www.organisator.ch\/it\/wp-json\/wp\/v2\/tags?post=2891"}],"curies":[{"name":"wp","href":"https:\/\/api.w.org\/{rel}","templated":true}]}}