{"id":2905,"date":"2020-03-12T13:14:08","date_gmt":"2020-03-12T12:14:08","guid":{"rendered":"https:\/\/www.umweltperspektiven.ch\/?p=2905"},"modified":"2022-02-09T11:05:34","modified_gmt":"2022-02-09T10:05:34","slug":"ifat-wird-verschoben-neuer-termin-im-september-2020","status":"publish","type":"post","link":"https:\/\/www.organisator.ch\/it\/sustainability\/2020-03-12\/ifat-wird-verschoben-neuer-termin-im-september-2020\/","title":{"rendered":"IFAT \u00e8 rimandato - nuova data a settembre 2020"},"content":{"rendered":"<figure id=\"attachment_2906\" aria-describedby=\"caption-attachment-2906\" style=\"width: 680px\" class=\"wp-caption alignnone\"><img loading=\"lazy\" decoding=\"async\" class=\"size-medium wp-image-2906\" src=\"\/\/www.umweltperspektiven.ch\/wp-content\/uploads\/2020\/03\/IFAT-verschoben-UP-Umwelt-Perspektiven.jpg\" alt=\"\" width=\"680\" height=\"453\" srcset=\"https:\/\/www.organisator.ch\/wp-content\/uploads\/2020\/03\/IFAT-verschoben-UP-Umwelt-Perspektiven.jpg 1920w, https:\/\/www.organisator.ch\/wp-content\/uploads\/2020\/03\/IFAT-verschoben-UP-Umwelt-Perspektiven-680x453.jpg 680w, https:\/\/www.organisator.ch\/wp-content\/uploads\/2020\/03\/IFAT-verschoben-UP-Umwelt-Perspektiven-1024x683.jpg 1024w, https:\/\/www.organisator.ch\/wp-content\/uploads\/2020\/03\/IFAT-verschoben-UP-Umwelt-Perspektiven-768x512.jpg 768w, https:\/\/www.organisator.ch\/wp-content\/uploads\/2020\/03\/IFAT-verschoben-UP-Umwelt-Perspektiven-1536x1024.jpg 1536w, https:\/\/www.organisator.ch\/wp-content\/uploads\/2020\/03\/IFAT-verschoben-UP-Umwelt-Perspektiven-18x12.jpg 18w, https:\/\/www.organisator.ch\/wp-content\/uploads\/2020\/03\/IFAT-verschoben-UP-Umwelt-Perspektiven-263x175.jpg 263w, https:\/\/www.organisator.ch\/wp-content\/uploads\/2020\/03\/IFAT-verschoben-UP-Umwelt-Perspektiven-525x350.jpg 525w, https:\/\/www.organisator.ch\/wp-content\/uploads\/2020\/03\/IFAT-verschoben-UP-Umwelt-Perspektiven-1200x800.jpg 1200w, https:\/\/www.organisator.ch\/wp-content\/uploads\/2020\/03\/IFAT-verschoben-UP-Umwelt-Perspektiven-920x613.jpg 920w, https:\/\/www.organisator.ch\/wp-content\/uploads\/2020\/03\/IFAT-verschoben-UP-Umwelt-Perspektiven-1400x933.jpg 1400w, https:\/\/www.organisator.ch\/wp-content\/uploads\/2020\/03\/IFAT-verschoben-UP-Umwelt-Perspektiven-300x200.jpg 300w\" sizes=\"auto, (max-width: 680px) 100vw, 680px\" \/><figcaption id=\"caption-attachment-2906\" class=\"wp-caption-text\">Gli sponsor concettuali di IFAT sostengono il rinvio di IFAT 2020 a causa dell'attuale pandemia. (Immagine: zVg)<\/figcaption><\/figure>\n<p>\"Date le circostanze, non \u00e8 ragionevole per i nostri clienti iniziare l'IFAT all'inizio di maggio - sia per motivi di salute che economici\", dice Stefan Rummel, amministratore delegato di Messe M\u00fcnchen e responsabile dell'IFAT. \"Ora guardiamo con fiducia all'organizzazione di un IFAT 2020 di successo a settembre insieme all'industria\".<\/p>\n<p>La decisione del rinvio \u00e8 stata presa da Messe M\u00fcnchen in stretta consultazione con il comitato esecutivo dell'Exhibitor Advisory Board, con gli sponsor concettuali e in considerazione dei numerosi feedback degli espositori. Il presidente del comitato consultivo degli espositori, il suo comitato esecutivo e socio amministratore del gruppo Kirchhoff, il dottor Johannes F. Kirchhoff, spiega:<\/p>\n<p>\"Gli sponsor concettuali di IFAT sostengono il rinvio di IFAT 2020. Sulla base della situazione attuale, stimiamo che la volont\u00e0 degli espositori e dei visitatori di partecipare \u00e8 sempre pi\u00f9 in calo. Molte aziende hanno inasprito massicciamente le condizioni di viaggio per i loro dipendenti, a cui si aggiunge l'incertezza personale dell'individuo cos\u00ec come l'imprevedibilit\u00e0 di ulteriori sviluppi.<\/p>\n<p>Questo compromette fondamentalmente il successo della fiera di maggio. Allo stesso tempo, l'importanza di IFAT per l'intero settore \u00e8 cos\u00ec grande che non vogliamo correre questo rischio\".<\/p>\n<p><em>IFAT 2020 avr\u00e0 luogo dal 7 all'11 settembre 2020. Potete trovare maggiori informazioni su questo sito:\u00a0<\/em><\/p>\n<p><a href=\"\/\/www.ifat.de\">http:\/\/www.ifat.de<\/a><\/p>\n<p>&nbsp;<\/p>","protected":false},"excerpt":{"rendered":"<p>\u201eUnter den gegebenen Umst\u00e4nden ist es f\u00fcr unsere Kunden nicht vertretbar, die IFAT Anfang Mai zu starten \u2013 aus gesundheitlichen wie wirtschaftlichen Aspekten\u201c, sagt Stefan Rummel, Gesch\u00e4ftsf\u00fchrer der Messe M\u00fcnchen und verantwortlich f\u00fcr die IFAT. \u201eJetzt blicken wir zuversichtlich nach vorne, um gemeinsam mit der Branche eine erfolgreiche IFAT 2020 im September zu veranstalten.\u201c Die [&hellip;]<\/p>\n","protected":false},"author":5,"featured_media":2906,"comment_status":"closed","ping_status":"closed","sticky":false,"template":"","format":"standard","meta":{"_acf_changed":false,"_yoast_wpseo_focuskw":"IFAT","_yoast_wpseo_metadesc":"Aufgrund der zunehmenden Ausbreitung des Coronavirus (COVID-19) in Europa wird die IFAT in M\u00fcnchen auf September 2020 verschoben.","articlekey":"","footnotes":""},"categories":[580],"tags":[1392,1743,2294,2548],"class_list":["post-2905","post","type-post","status-publish","format-standard","has-post-thumbnail","hentry","category-sustainability","tag-ifat","tag-muenchen","tag-terminverschiebung","tag-weltleitmesse"],"acf":[],"yoast_head":"<!-- This site is optimized with the Yoast SEO plugin v27.4 - https:\/\/yoast.com\/product\/yoast-seo-wordpress\/ -->\n<title>IFAT wird verschoben \u2013 neuer Termin im September 2020 - Organisator<\/title>\n<meta name=\"description\" content=\"Aufgrund der zunehmenden Ausbreitung des Coronavirus (COVID-19) in Europa wird die IFAT in M\u00fcnchen auf September 2020 verschoben.\" \/>\n<meta name=\"robots\" content=\"index, follow, max-snippet:-1, max-image-preview:large, max-video-preview:-1\" \/>\n<link rel=\"canonical\" href=\"https:\/\/www.organisator.ch\/it\/sostenibilita\/2020-03-12\/ifat-wird-verschoben-neuer-termin-im-september-2020\/\" \/>\n<meta property=\"og:locale\" content=\"it_IT\" \/>\n<meta property=\"og:type\" content=\"article\" \/>\n<meta property=\"og:title\" content=\"IFAT wird verschoben \u2013 neuer Termin im September 2020 - Organisator\" \/>\n<meta property=\"og:description\" content=\"Aufgrund der zunehmenden Ausbreitung des Coronavirus (COVID-19) in Europa wird die IFAT in M\u00fcnchen auf September 2020 verschoben.\" \/>\n<meta property=\"og:url\" content=\"https:\/\/www.organisator.ch\/it\/sostenibilita\/2020-03-12\/ifat-wird-verschoben-neuer-termin-im-september-2020\/\" \/>\n<meta property=\"og:site_name\" content=\"Organisator\" \/>\n<meta property=\"article:publisher\" content=\"https:\/\/www.facebook.com\/OrganisatorFachmagazin\" \/>\n<meta property=\"article:published_time\" content=\"2020-03-12T12:14:08+00:00\" \/>\n<meta property=\"article:modified_time\" content=\"2022-02-09T10:05:34+00:00\" \/>\n<meta property=\"og:image\" content=\"https:\/\/www.organisator.ch\/wp-content\/uploads\/2020\/03\/IFAT-verschoben-UP-Umwelt-Perspektiven.jpg\" \/>\n\t<meta property=\"og:image:width\" content=\"1920\" \/>\n\t<meta property=\"og:image:height\" content=\"1280\" \/>\n\t<meta property=\"og:image:type\" content=\"image\/jpeg\" \/>\n<meta name=\"author\" content=\"michael.merz\" \/>\n<meta name=\"twitter:card\" content=\"summary_large_image\" \/>\n<script type=\"application\/ld+json\" class=\"yoast-schema-graph\">{\"@context\":\"https:\\\/\\\/schema.org\",\"@graph\":[{\"@type\":\"Article\",\"@id\":\"https:\\\/\\\/www.organisator.ch\\\/sustainability\\\/2020-03-12\\\/ifat-wird-verschoben-neuer-termin-im-september-2020\\\/#article\",\"isPartOf\":{\"@id\":\"https:\\\/\\\/www.organisator.ch\\\/sustainability\\\/2020-03-12\\\/ifat-wird-verschoben-neuer-termin-im-september-2020\\\/\"},\"author\":{\"name\":\"michael.merz\",\"@id\":\"https:\\\/\\\/www.organisator.ch\\\/#\\\/schema\\\/person\\\/134708ca9321c57b0362cceb7948ffbd\"},\"headline\":\"IFAT wird verschoben \u2013 neuer Termin im September 2020\",\"datePublished\":\"2020-03-12T12:14:08+00:00\",\"dateModified\":\"2022-02-09T10:05:34+00:00\",\"mainEntityOfPage\":{\"@id\":\"https:\\\/\\\/www.organisator.ch\\\/sustainability\\\/2020-03-12\\\/ifat-wird-verschoben-neuer-termin-im-september-2020\\\/\"},\"wordCount\":254,\"publisher\":{\"@id\":\"https:\\\/\\\/www.organisator.ch\\\/#organization\"},\"image\":{\"@id\":\"https:\\\/\\\/www.organisator.ch\\\/sustainability\\\/2020-03-12\\\/ifat-wird-verschoben-neuer-termin-im-september-2020\\\/#primaryimage\"},\"thumbnailUrl\":\"https:\\\/\\\/www.organisator.ch\\\/wp-content\\\/uploads\\\/2020\\\/03\\\/IFAT-verschoben-UP-Umwelt-Perspektiven.jpg\",\"keywords\":[\"IFAT\",\"M\u00fcnchen\",\"Terminverschiebung\",\"Weltleitmesse\"],\"articleSection\":[\"SUSTAINABILITY\"],\"inLanguage\":\"it-IT\"},{\"@type\":\"WebPage\",\"@id\":\"https:\\\/\\\/www.organisator.ch\\\/sustainability\\\/2020-03-12\\\/ifat-wird-verschoben-neuer-termin-im-september-2020\\\/\",\"url\":\"https:\\\/\\\/www.organisator.ch\\\/sustainability\\\/2020-03-12\\\/ifat-wird-verschoben-neuer-termin-im-september-2020\\\/\",\"name\":\"IFAT wird verschoben \u2013 neuer Termin im September 2020 - Organisator\",\"isPartOf\":{\"@id\":\"https:\\\/\\\/www.organisator.ch\\\/#website\"},\"primaryImageOfPage\":{\"@id\":\"https:\\\/\\\/www.organisator.ch\\\/sustainability\\\/2020-03-12\\\/ifat-wird-verschoben-neuer-termin-im-september-2020\\\/#primaryimage\"},\"image\":{\"@id\":\"https:\\\/\\\/www.organisator.ch\\\/sustainability\\\/2020-03-12\\\/ifat-wird-verschoben-neuer-termin-im-september-2020\\\/#primaryimage\"},\"thumbnailUrl\":\"https:\\\/\\\/www.organisator.ch\\\/wp-content\\\/uploads\\\/2020\\\/03\\\/IFAT-verschoben-UP-Umwelt-Perspektiven.jpg\",\"datePublished\":\"2020-03-12T12:14:08+00:00\",\"dateModified\":\"2022-02-09T10:05:34+00:00\",\"description\":\"Aufgrund der zunehmenden Ausbreitung des Coronavirus (COVID-19) in Europa wird die IFAT in M\u00fcnchen auf September 2020 verschoben.\",\"breadcrumb\":{\"@id\":\"https:\\\/\\\/www.organisator.ch\\\/sustainability\\\/2020-03-12\\\/ifat-wird-verschoben-neuer-termin-im-september-2020\\\/#breadcrumb\"},\"inLanguage\":\"it-IT\",\"potentialAction\":[{\"@type\":\"ReadAction\",\"target\":[\"https:\\\/\\\/www.organisator.ch\\\/sustainability\\\/2020-03-12\\\/ifat-wird-verschoben-neuer-termin-im-september-2020\\\/\"]}]},{\"@type\":\"ImageObject\",\"inLanguage\":\"it-IT\",\"@id\":\"https:\\\/\\\/www.organisator.ch\\\/sustainability\\\/2020-03-12\\\/ifat-wird-verschoben-neuer-termin-im-september-2020\\\/#primaryimage\",\"url\":\"https:\\\/\\\/www.organisator.ch\\\/wp-content\\\/uploads\\\/2020\\\/03\\\/IFAT-verschoben-UP-Umwelt-Perspektiven.jpg\",\"contentUrl\":\"https:\\\/\\\/www.organisator.ch\\\/wp-content\\\/uploads\\\/2020\\\/03\\\/IFAT-verschoben-UP-Umwelt-Perspektiven.jpg\",\"width\":1920,\"height\":1280,\"caption\":\"Die ideellen Tr\u00e4ger der IFAT unterst\u00fctzen die Verschiebung der IFAT 2020 wegen der aktuellen Pandemie. (BIld: zVg)\"},{\"@type\":\"BreadcrumbList\",\"@id\":\"https:\\\/\\\/www.organisator.ch\\\/sustainability\\\/2020-03-12\\\/ifat-wird-verschoben-neuer-termin-im-september-2020\\\/#breadcrumb\",\"itemListElement\":[{\"@type\":\"ListItem\",\"position\":1,\"name\":\"Home\",\"item\":\"https:\\\/\\\/www.organisator.ch\\\/\"},{\"@type\":\"ListItem\",\"position\":2,\"name\":\"IFAT wird verschoben \u2013 neuer Termin im September 2020\"}]},{\"@type\":\"WebSite\",\"@id\":\"https:\\\/\\\/www.organisator.ch\\\/#website\",\"url\":\"https:\\\/\\\/www.organisator.ch\\\/\",\"name\":\"Organisator\",\"description\":\"Kompetent. Praxisnah. Der ORGANISATOR bereitet in 10 Ausgaben pro Jahr die wesentlichen Themen f\u00fcr F\u00fchrungskr\u00e4fte von KMU auf.\",\"publisher\":{\"@id\":\"https:\\\/\\\/www.organisator.ch\\\/#organization\"},\"potentialAction\":[{\"@type\":\"SearchAction\",\"target\":{\"@type\":\"EntryPoint\",\"urlTemplate\":\"https:\\\/\\\/www.organisator.ch\\\/?s={search_term_string}\"},\"query-input\":{\"@type\":\"PropertyValueSpecification\",\"valueRequired\":true,\"valueName\":\"search_term_string\"}}],\"inLanguage\":\"it-IT\"},{\"@type\":\"Organization\",\"@id\":\"https:\\\/\\\/www.organisator.ch\\\/#organization\",\"name\":\"Organisator\",\"url\":\"https:\\\/\\\/www.organisator.ch\\\/\",\"logo\":{\"@type\":\"ImageObject\",\"inLanguage\":\"it-IT\",\"@id\":\"https:\\\/\\\/www.organisator.ch\\\/#\\\/schema\\\/logo\\\/image\\\/\",\"url\":\"https:\\\/\\\/www.organisator.ch\\\/wp-content\\\/uploads\\\/2022\\\/01\\\/Logo_Organisator_Website.png\",\"contentUrl\":\"https:\\\/\\\/www.organisator.ch\\\/wp-content\\\/uploads\\\/2022\\\/01\\\/Logo_Organisator_Website.png\",\"width\":800,\"height\":77,\"caption\":\"Organisator\"},\"image\":{\"@id\":\"https:\\\/\\\/www.organisator.ch\\\/#\\\/schema\\\/logo\\\/image\\\/\"},\"sameAs\":[\"https:\\\/\\\/www.facebook.com\\\/OrganisatorFachmagazin\",\"https:\\\/\\\/www.linkedin.com\\\/showcase\\\/organisator-das-magazin-fr-kmu\",\"https:\\\/\\\/www.xing.com\\\/news\\\/pages\\\/organisator-ch-695\",\"https:\\\/\\\/www.youtube.com\\\/channel\\\/UCGP2Sq0iWaZwT3BdIAQFYpw\"]},{\"@type\":\"Person\",\"@id\":\"https:\\\/\\\/www.organisator.ch\\\/#\\\/schema\\\/person\\\/134708ca9321c57b0362cceb7948ffbd\",\"name\":\"michael.merz\",\"image\":{\"@type\":\"ImageObject\",\"inLanguage\":\"it-IT\",\"@id\":\"https:\\\/\\\/secure.gravatar.com\\\/avatar\\\/?s=96&d=mm&r=g\",\"url\":\"https:\\\/\\\/secure.gravatar.com\\\/avatar\\\/?s=96&d=mm&r=g\",\"contentUrl\":\"https:\\\/\\\/secure.gravatar.com\\\/avatar\\\/?s=96&d=mm&r=g\",\"caption\":\"michael.merz\"},\"url\":\"https:\\\/\\\/www.organisator.ch\\\/it\\\/author\\\/michael-merz\\\/\"}]}<\/script>\n<!-- \/ Yoast SEO plugin. -->","yoast_head_json":{"title":"IFAT rinviata: nuova data a settembre 2020 - Organizzatore","description":"A causa della crescente diffusione del coronavirus (COVID-19) in Europa, l'IFAT di Monaco di Baviera sar\u00e0 rinviata a settembre 2020.","robots":{"index":"index","follow":"follow","max-snippet":"max-snippet:-1","max-image-preview":"max-image-preview:large","max-video-preview":"max-video-preview:-1"},"canonical":"https:\/\/www.organisator.ch\/it\/sostenibilita\/2020-03-12\/ifat-wird-verschoben-neuer-termin-im-september-2020\/","og_locale":"it_IT","og_type":"article","og_title":"IFAT wird verschoben \u2013 neuer Termin im September 2020 - Organisator","og_description":"Aufgrund der zunehmenden Ausbreitung des Coronavirus (COVID-19) in Europa wird die IFAT in M\u00fcnchen auf September 2020 verschoben.","og_url":"https:\/\/www.organisator.ch\/it\/sostenibilita\/2020-03-12\/ifat-wird-verschoben-neuer-termin-im-september-2020\/","og_site_name":"Organisator","article_publisher":"https:\/\/www.facebook.com\/OrganisatorFachmagazin","article_published_time":"2020-03-12T12:14:08+00:00","article_modified_time":"2022-02-09T10:05:34+00:00","og_image":[{"width":1920,"height":1280,"url":"https:\/\/www.organisator.ch\/wp-content\/uploads\/2020\/03\/IFAT-verschoben-UP-Umwelt-Perspektiven.jpg","type":"image\/jpeg"}],"author":"michael.merz","twitter_card":"summary_large_image","schema":{"@context":"https:\/\/schema.org","@graph":[{"@type":"Article","@id":"https:\/\/www.organisator.ch\/sustainability\/2020-03-12\/ifat-wird-verschoben-neuer-termin-im-september-2020\/#article","isPartOf":{"@id":"https:\/\/www.organisator.ch\/sustainability\/2020-03-12\/ifat-wird-verschoben-neuer-termin-im-september-2020\/"},"author":{"name":"michael.merz","@id":"https:\/\/www.organisator.ch\/#\/schema\/person\/134708ca9321c57b0362cceb7948ffbd"},"headline":"IFAT wird verschoben \u2013 neuer Termin im September 2020","datePublished":"2020-03-12T12:14:08+00:00","dateModified":"2022-02-09T10:05:34+00:00","mainEntityOfPage":{"@id":"https:\/\/www.organisator.ch\/sustainability\/2020-03-12\/ifat-wird-verschoben-neuer-termin-im-september-2020\/"},"wordCount":254,"publisher":{"@id":"https:\/\/www.organisator.ch\/#organization"},"image":{"@id":"https:\/\/www.organisator.ch\/sustainability\/2020-03-12\/ifat-wird-verschoben-neuer-termin-im-september-2020\/#primaryimage"},"thumbnailUrl":"https:\/\/www.organisator.ch\/wp-content\/uploads\/2020\/03\/IFAT-verschoben-UP-Umwelt-Perspektiven.jpg","keywords":["IFAT","M\u00fcnchen","Terminverschiebung","Weltleitmesse"],"articleSection":["SUSTAINABILITY"],"inLanguage":"it-IT"},{"@type":"WebPage","@id":"https:\/\/www.organisator.ch\/sustainability\/2020-03-12\/ifat-wird-verschoben-neuer-termin-im-september-2020\/","url":"https:\/\/www.organisator.ch\/sustainability\/2020-03-12\/ifat-wird-verschoben-neuer-termin-im-september-2020\/","name":"IFAT rinviata: nuova data a settembre 2020 - Organizzatore","isPartOf":{"@id":"https:\/\/www.organisator.ch\/#website"},"primaryImageOfPage":{"@id":"https:\/\/www.organisator.ch\/sustainability\/2020-03-12\/ifat-wird-verschoben-neuer-termin-im-september-2020\/#primaryimage"},"image":{"@id":"https:\/\/www.organisator.ch\/sustainability\/2020-03-12\/ifat-wird-verschoben-neuer-termin-im-september-2020\/#primaryimage"},"thumbnailUrl":"https:\/\/www.organisator.ch\/wp-content\/uploads\/2020\/03\/IFAT-verschoben-UP-Umwelt-Perspektiven.jpg","datePublished":"2020-03-12T12:14:08+00:00","dateModified":"2022-02-09T10:05:34+00:00","description":"A causa della crescente diffusione del coronavirus (COVID-19) in Europa, l'IFAT di Monaco di Baviera sar\u00e0 rinviata a settembre 2020.","breadcrumb":{"@id":"https:\/\/www.organisator.ch\/sustainability\/2020-03-12\/ifat-wird-verschoben-neuer-termin-im-september-2020\/#breadcrumb"},"inLanguage":"it-IT","potentialAction":[{"@type":"ReadAction","target":["https:\/\/www.organisator.ch\/sustainability\/2020-03-12\/ifat-wird-verschoben-neuer-termin-im-september-2020\/"]}]},{"@type":"ImageObject","inLanguage":"it-IT","@id":"https:\/\/www.organisator.ch\/sustainability\/2020-03-12\/ifat-wird-verschoben-neuer-termin-im-september-2020\/#primaryimage","url":"https:\/\/www.organisator.ch\/wp-content\/uploads\/2020\/03\/IFAT-verschoben-UP-Umwelt-Perspektiven.jpg","contentUrl":"https:\/\/www.organisator.ch\/wp-content\/uploads\/2020\/03\/IFAT-verschoben-UP-Umwelt-Perspektiven.jpg","width":1920,"height":1280,"caption":"Die ideellen Tr\u00e4ger der IFAT unterst\u00fctzen die Verschiebung der IFAT 2020 wegen der aktuellen Pandemie. (BIld: zVg)"},{"@type":"BreadcrumbList","@id":"https:\/\/www.organisator.ch\/sustainability\/2020-03-12\/ifat-wird-verschoben-neuer-termin-im-september-2020\/#breadcrumb","itemListElement":[{"@type":"ListItem","position":1,"name":"Home","item":"https:\/\/www.organisator.ch\/"},{"@type":"ListItem","position":2,"name":"IFAT wird verschoben \u2013 neuer Termin im September 2020"}]},{"@type":"WebSite","@id":"https:\/\/www.organisator.ch\/#website","url":"https:\/\/www.organisator.ch\/","name":"Organizzatore","description":"Competente. Pratico. In 10 numeri all'anno, ORGANISATOR presenta i temi essenziali per i manager delle PMI.","publisher":{"@id":"https:\/\/www.organisator.ch\/#organization"},"potentialAction":[{"@type":"SearchAction","target":{"@type":"EntryPoint","urlTemplate":"https:\/\/www.organisator.ch\/?s={search_term_string}"},"query-input":{"@type":"PropertyValueSpecification","valueRequired":true,"valueName":"search_term_string"}}],"inLanguage":"it-IT"},{"@type":"Organization","@id":"https:\/\/www.organisator.ch\/#organization","name":"Organizzatore","url":"https:\/\/www.organisator.ch\/","logo":{"@type":"ImageObject","inLanguage":"it-IT","@id":"https:\/\/www.organisator.ch\/#\/schema\/logo\/image\/","url":"https:\/\/www.organisator.ch\/wp-content\/uploads\/2022\/01\/Logo_Organisator_Website.png","contentUrl":"https:\/\/www.organisator.ch\/wp-content\/uploads\/2022\/01\/Logo_Organisator_Website.png","width":800,"height":77,"caption":"Organisator"},"image":{"@id":"https:\/\/www.organisator.ch\/#\/schema\/logo\/image\/"},"sameAs":["https:\/\/www.facebook.com\/OrganisatorFachmagazin","https:\/\/www.linkedin.com\/showcase\/organisator-das-magazin-fr-kmu","https:\/\/www.xing.com\/news\/pages\/organisator-ch-695","https:\/\/www.youtube.com\/channel\/UCGP2Sq0iWaZwT3BdIAQFYpw"]},{"@type":"Person","@id":"https:\/\/www.organisator.ch\/#\/schema\/person\/134708ca9321c57b0362cceb7948ffbd","name":"michael.merz","image":{"@type":"ImageObject","inLanguage":"it-IT","@id":"https:\/\/secure.gravatar.com\/avatar\/?s=96&d=mm&r=g","url":"https:\/\/secure.gravatar.com\/avatar\/?s=96&d=mm&r=g","contentUrl":"https:\/\/secure.gravatar.com\/avatar\/?s=96&d=mm&r=g","caption":"michael.merz"},"url":"https:\/\/www.organisator.ch\/it\/author\/michael-merz\/"}]}},"_links":{"self":[{"href":"https:\/\/www.organisator.ch\/it\/wp-json\/wp\/v2\/posts\/2905","targetHints":{"allow":["GET"]}}],"collection":[{"href":"https:\/\/www.organisator.ch\/it\/wp-json\/wp\/v2\/posts"}],"about":[{"href":"https:\/\/www.organisator.ch\/it\/wp-json\/wp\/v2\/types\/post"}],"author":[{"embeddable":true,"href":"https:\/\/www.organisator.ch\/it\/wp-json\/wp\/v2\/users\/5"}],"replies":[{"embeddable":true,"href":"https:\/\/www.organisator.ch\/it\/wp-json\/wp\/v2\/comments?post=2905"}],"version-history":[{"count":1,"href":"https:\/\/www.organisator.ch\/it\/wp-json\/wp\/v2\/posts\/2905\/revisions"}],"predecessor-version":[{"id":10396,"href":"https:\/\/www.organisator.ch\/it\/wp-json\/wp\/v2\/posts\/2905\/revisions\/10396"}],"wp:featuredmedia":[{"embeddable":true,"href":"https:\/\/www.organisator.ch\/it\/wp-json\/wp\/v2\/media\/2906"}],"wp:attachment":[{"href":"https:\/\/www.organisator.ch\/it\/wp-json\/wp\/v2\/media?parent=2905"}],"wp:term":[{"taxonomy":"category","embeddable":true,"href":"https:\/\/www.organisator.ch\/it\/wp-json\/wp\/v2\/categories?post=2905"},{"taxonomy":"post_tag","embeddable":true,"href":"https:\/\/www.organisator.ch\/it\/wp-json\/wp\/v2\/tags?post=2905"}],"curies":[{"name":"wp","href":"https:\/\/api.w.org\/{rel}","templated":true}]}}