{"id":29064,"date":"2024-08-15T17:01:33","date_gmt":"2024-08-15T15:01:33","guid":{"rendered":"https:\/\/www.markt-kom.com\/?p=221652"},"modified":"2024-11-08T12:51:21","modified_gmt":"2024-11-08T11:51:21","slug":"internet-anbieter-iway-unterstuetzt-a-million-dreams-2","status":"publish","type":"post","link":"https:\/\/www.organisator.ch\/it\/marketing\/2024-08-15\/internet-anbieter-iway-unterstuetzt-a-million-dreams-2\/","title":{"rendered":"Il provider Internet iWay supporta A Million Dreams"},"content":{"rendered":"<p><img class=\"alignnone wp-image-221653 size-full\" src=\"https:\/\/www.markt-kom.com\/wp-content\/uploads\/2024\/08\/walkofdreams-2024-iway.jpg\" alt=\"La passeggiata dei sogni\" width=\"1200\" height=\"627\" \/>iWay \u00e8 lo sponsor principale della prima edizione della \"Walk of Dreams\", una camminata che si svolger\u00e0 dal 25 al 29 settembre. Questo evento speciale ha lo scopo di riunire le persone per pensare ai propri sogni, parlarne con gli altri e allo stesso tempo raccogliere fondi per le persone svantaggiate.<\/p>\r\n<p>\"Siamo lieti di essere il primo sponsor principale di questo nuovo e stimolante evento e movimento. Perch\u00e9 il 100% del ricavato sar\u00e0 utilizzato per realizzare i sogni di persone svantaggiate in Svizzera\", afferma Markus Vetterli, CEO di iWay. Vetterli \u00e8 particolarmente soddisfatto del fatto che, oltre a sostenere finanziariamente la Walk of Dreams, i dipendenti di iWay parteciperanno alla camminata e raccoglieranno donazioni per l'organizzazione a ogni chilometro percorso.<\/p>\r\n<h3>Iniziare il giorno dei sogni<\/h3>\r\n<p>La Walk of Dreams inizia il 25 settembre, la Giornata internazionale dei sogni. Un Milione di Sogni desidera celebrare questa giornata in gran parte sconosciuta agli svizzeri.<br \/>\r\ne festeggiare la gente di Berna. Il percorso si snoda da Aarau attraverso Aarburg, Langenthal, Soletta, Jegenstorf fino a Berna e si estende per cinque giorni con tappe giornaliere di circa 20 chilometri. Allycorn, probabilmente il pi\u00f9 grande unicorno volante che la Svizzera abbia mai visto, sar\u00e0 utilizzato nella Walk of Dreams.<\/p>\r\n<p>La mongolfiera rosa, alta 30 metri, non sar\u00e0 solo uno spettacolo da ammirare nel cielo. Quattro giri mattutini saranno messi all'asta per una buona causa, mentre i giri in mongolfiera stazionaria con Allycorn saranno offerti nei luoghi della tappa. Ulteriori informazioni <a href=\"http:\/\/www.walkofdreams.ch.\/\">qui.<\/a><\/p>\r\n<hr \/>\r\n<p><em>iWay AG, con sede a Zurigo, \u00e8 uno dei principali fornitori di Internet per privati e piccole e medie imprese. Fondata nel 1995, l'azienda offre soluzioni personalizzate nei settori di Internet, VoIP, telefonia mobile, TV, hosting, domini e data center. I lettori della rivista economica Bilanz hanno gi\u00e0 premiato iWay pi\u00f9 volte nella loro valutazione annuale delle telecomunicazioni. iWay \u00e8 sinonimo di assistenza personale e gratuita e si affida al 100% al know-how e alle infrastrutture svizzere.<\/em><\/p>","protected":false},"excerpt":{"rendered":"<p>iWay sta ampliando le sue attivit\u00e0 di sponsorizzazione e ora sostiene un'organizzazione benefica, A Million Dreams, su scala pi\u00f9 ampia.<\/p>","protected":false},"author":8,"featured_media":0,"comment_status":"closed","ping_status":"closed","sticky":false,"template":"","format":"standard","meta":{"_acf_changed":false,"_yoast_wpseo_focuskw":"Walk of Dreams","_yoast_wpseo_metadesc":"iWay sponsort Walk of Dreams 2024. Wanderung zum Sammeln von Spenden f\u00fcr benachteiligte Menschen vom 25. bis 29. September.","articlekey":"","footnotes":""},"categories":[29],"tags":[4343,2896],"class_list":["post-29064","post","type-post","status-publish","format-standard","hentry","category-marketing","tag-markom","tag-sponsoring"],"acf":[],"yoast_head":"<!-- This site is optimized with the Yoast SEO plugin v27.4 - https:\/\/yoast.com\/product\/yoast-seo-wordpress\/ -->\n<title>Internet-Anbieter iWay unterst\u00fctzt A Million Dreams - Organisator<\/title>\n<meta name=\"description\" content=\"iWay sponsort Walk of Dreams 2024. Wanderung zum Sammeln von Spenden f\u00fcr benachteiligte Menschen vom 25. bis 29. September.\" \/>\n<meta name=\"robots\" content=\"index, follow, max-snippet:-1, max-image-preview:large, max-video-preview:-1\" \/>\n<link rel=\"canonical\" href=\"https:\/\/www.organisator.ch\/it\/marketing\/2024-08-15\/internet-anbieter-iway-unterstuetzt-a-million-dreams-2\/\" \/>\n<meta property=\"og:locale\" content=\"it_IT\" \/>\n<meta property=\"og:type\" content=\"article\" \/>\n<meta property=\"og:title\" content=\"Internet-Anbieter iWay unterst\u00fctzt A Million Dreams - Organisator\" \/>\n<meta property=\"og:description\" content=\"iWay sponsort Walk of Dreams 2024. Wanderung zum Sammeln von Spenden f\u00fcr benachteiligte Menschen vom 25. bis 29. September.\" \/>\n<meta property=\"og:url\" content=\"https:\/\/www.organisator.ch\/it\/marketing\/2024-08-15\/internet-anbieter-iway-unterstuetzt-a-million-dreams-2\/\" \/>\n<meta property=\"og:site_name\" content=\"Organisator\" \/>\n<meta property=\"article:publisher\" content=\"https:\/\/www.facebook.com\/OrganisatorFachmagazin\" \/>\n<meta property=\"article:published_time\" content=\"2024-08-15T15:01:33+00:00\" \/>\n<meta property=\"article:modified_time\" content=\"2024-11-08T11:51:21+00:00\" \/>\n<meta property=\"og:image\" content=\"https:\/\/www.markt-kom.com\/wp-content\/uploads\/2024\/08\/walkofdreams-2024-iway.jpg\" \/>\n<meta name=\"author\" content=\"galledia\" \/>\n<meta name=\"twitter:card\" content=\"summary_large_image\" \/>\n<meta name=\"twitter:creator\" content=\"@admin\" \/>\n<script type=\"application\/ld+json\" class=\"yoast-schema-graph\">{\"@context\":\"https:\\\/\\\/schema.org\",\"@graph\":[{\"@type\":\"Article\",\"@id\":\"https:\\\/\\\/www.organisator.ch\\\/marketing\\\/2024-08-15\\\/internet-anbieter-iway-unterstuetzt-a-million-dreams-2\\\/#article\",\"isPartOf\":{\"@id\":\"https:\\\/\\\/www.organisator.ch\\\/marketing\\\/2024-08-15\\\/internet-anbieter-iway-unterstuetzt-a-million-dreams-2\\\/\"},\"author\":{\"name\":\"galledia\",\"@id\":\"https:\\\/\\\/www.organisator.ch\\\/#\\\/schema\\\/person\\\/4e51799071cd2dd1232ac003643ef5f0\"},\"headline\":\"Internet-Anbieter iWay unterst\u00fctzt A Million Dreams\",\"datePublished\":\"2024-08-15T15:01:33+00:00\",\"dateModified\":\"2024-11-08T11:51:21+00:00\",\"mainEntityOfPage\":{\"@id\":\"https:\\\/\\\/www.organisator.ch\\\/marketing\\\/2024-08-15\\\/internet-anbieter-iway-unterstuetzt-a-million-dreams-2\\\/\"},\"wordCount\":328,\"publisher\":{\"@id\":\"https:\\\/\\\/www.organisator.ch\\\/#organization\"},\"image\":{\"@id\":\"https:\\\/\\\/www.organisator.ch\\\/marketing\\\/2024-08-15\\\/internet-anbieter-iway-unterstuetzt-a-million-dreams-2\\\/#primaryimage\"},\"thumbnailUrl\":\"https:\\\/\\\/www.markt-kom.com\\\/wp-content\\\/uploads\\\/2024\\\/08\\\/walkofdreams-2024-iway.jpg\",\"keywords\":[\"MarKom\",\"Sponsoring\"],\"articleSection\":[\"MARKETING\"],\"inLanguage\":\"it-IT\"},{\"@type\":\"WebPage\",\"@id\":\"https:\\\/\\\/www.organisator.ch\\\/marketing\\\/2024-08-15\\\/internet-anbieter-iway-unterstuetzt-a-million-dreams-2\\\/\",\"url\":\"https:\\\/\\\/www.organisator.ch\\\/marketing\\\/2024-08-15\\\/internet-anbieter-iway-unterstuetzt-a-million-dreams-2\\\/\",\"name\":\"Internet-Anbieter iWay unterst\u00fctzt A Million Dreams - Organisator\",\"isPartOf\":{\"@id\":\"https:\\\/\\\/www.organisator.ch\\\/#website\"},\"primaryImageOfPage\":{\"@id\":\"https:\\\/\\\/www.organisator.ch\\\/marketing\\\/2024-08-15\\\/internet-anbieter-iway-unterstuetzt-a-million-dreams-2\\\/#primaryimage\"},\"image\":{\"@id\":\"https:\\\/\\\/www.organisator.ch\\\/marketing\\\/2024-08-15\\\/internet-anbieter-iway-unterstuetzt-a-million-dreams-2\\\/#primaryimage\"},\"thumbnailUrl\":\"https:\\\/\\\/www.markt-kom.com\\\/wp-content\\\/uploads\\\/2024\\\/08\\\/walkofdreams-2024-iway.jpg\",\"datePublished\":\"2024-08-15T15:01:33+00:00\",\"dateModified\":\"2024-11-08T11:51:21+00:00\",\"description\":\"iWay sponsort Walk of Dreams 2024. Wanderung zum Sammeln von Spenden f\u00fcr benachteiligte Menschen vom 25. bis 29. September.\",\"breadcrumb\":{\"@id\":\"https:\\\/\\\/www.organisator.ch\\\/marketing\\\/2024-08-15\\\/internet-anbieter-iway-unterstuetzt-a-million-dreams-2\\\/#breadcrumb\"},\"inLanguage\":\"it-IT\",\"potentialAction\":[{\"@type\":\"ReadAction\",\"target\":[\"https:\\\/\\\/www.organisator.ch\\\/marketing\\\/2024-08-15\\\/internet-anbieter-iway-unterstuetzt-a-million-dreams-2\\\/\"]}]},{\"@type\":\"ImageObject\",\"inLanguage\":\"it-IT\",\"@id\":\"https:\\\/\\\/www.organisator.ch\\\/marketing\\\/2024-08-15\\\/internet-anbieter-iway-unterstuetzt-a-million-dreams-2\\\/#primaryimage\",\"url\":\"https:\\\/\\\/www.markt-kom.com\\\/wp-content\\\/uploads\\\/2024\\\/08\\\/walkofdreams-2024-iway.jpg\",\"contentUrl\":\"https:\\\/\\\/www.markt-kom.com\\\/wp-content\\\/uploads\\\/2024\\\/08\\\/walkofdreams-2024-iway.jpg\"},{\"@type\":\"BreadcrumbList\",\"@id\":\"https:\\\/\\\/www.organisator.ch\\\/marketing\\\/2024-08-15\\\/internet-anbieter-iway-unterstuetzt-a-million-dreams-2\\\/#breadcrumb\",\"itemListElement\":[{\"@type\":\"ListItem\",\"position\":1,\"name\":\"Home\",\"item\":\"https:\\\/\\\/www.organisator.ch\\\/\"},{\"@type\":\"ListItem\",\"position\":2,\"name\":\"Internet-Anbieter iWay unterst\u00fctzt A Million Dreams\"}]},{\"@type\":\"WebSite\",\"@id\":\"https:\\\/\\\/www.organisator.ch\\\/#website\",\"url\":\"https:\\\/\\\/www.organisator.ch\\\/\",\"name\":\"Organisator\",\"description\":\"Kompetent. Praxisnah. Der ORGANISATOR bereitet in 10 Ausgaben pro Jahr die wesentlichen Themen f\u00fcr F\u00fchrungskr\u00e4fte von KMU auf.\",\"publisher\":{\"@id\":\"https:\\\/\\\/www.organisator.ch\\\/#organization\"},\"potentialAction\":[{\"@type\":\"SearchAction\",\"target\":{\"@type\":\"EntryPoint\",\"urlTemplate\":\"https:\\\/\\\/www.organisator.ch\\\/?s={search_term_string}\"},\"query-input\":{\"@type\":\"PropertyValueSpecification\",\"valueRequired\":true,\"valueName\":\"search_term_string\"}}],\"inLanguage\":\"it-IT\"},{\"@type\":\"Organization\",\"@id\":\"https:\\\/\\\/www.organisator.ch\\\/#organization\",\"name\":\"Organisator\",\"url\":\"https:\\\/\\\/www.organisator.ch\\\/\",\"logo\":{\"@type\":\"ImageObject\",\"inLanguage\":\"it-IT\",\"@id\":\"https:\\\/\\\/www.organisator.ch\\\/#\\\/schema\\\/logo\\\/image\\\/\",\"url\":\"https:\\\/\\\/www.organisator.ch\\\/wp-content\\\/uploads\\\/2022\\\/01\\\/Logo_Organisator_Website.png\",\"contentUrl\":\"https:\\\/\\\/www.organisator.ch\\\/wp-content\\\/uploads\\\/2022\\\/01\\\/Logo_Organisator_Website.png\",\"width\":800,\"height\":77,\"caption\":\"Organisator\"},\"image\":{\"@id\":\"https:\\\/\\\/www.organisator.ch\\\/#\\\/schema\\\/logo\\\/image\\\/\"},\"sameAs\":[\"https:\\\/\\\/www.facebook.com\\\/OrganisatorFachmagazin\",\"https:\\\/\\\/www.linkedin.com\\\/showcase\\\/organisator-das-magazin-fr-kmu\",\"https:\\\/\\\/www.xing.com\\\/news\\\/pages\\\/organisator-ch-695\",\"https:\\\/\\\/www.youtube.com\\\/channel\\\/UCGP2Sq0iWaZwT3BdIAQFYpw\"]},{\"@type\":\"Person\",\"@id\":\"https:\\\/\\\/www.organisator.ch\\\/#\\\/schema\\\/person\\\/4e51799071cd2dd1232ac003643ef5f0\",\"name\":\"galledia\",\"image\":{\"@type\":\"ImageObject\",\"inLanguage\":\"it-IT\",\"@id\":\"https:\\\/\\\/secure.gravatar.com\\\/avatar\\\/78a7f90c01fc2bfc875782a0d4922b37cde2cf184ce347b91316d23cd7f69a36?s=96&d=mm&r=g\",\"url\":\"https:\\\/\\\/secure.gravatar.com\\\/avatar\\\/78a7f90c01fc2bfc875782a0d4922b37cde2cf184ce347b91316d23cd7f69a36?s=96&d=mm&r=g\",\"contentUrl\":\"https:\\\/\\\/secure.gravatar.com\\\/avatar\\\/78a7f90c01fc2bfc875782a0d4922b37cde2cf184ce347b91316d23cd7f69a36?s=96&d=mm&r=g\",\"caption\":\"galledia\"},\"sameAs\":[\"https:\\\/\\\/x.com\\\/admin\"],\"url\":\"https:\\\/\\\/www.organisator.ch\\\/it\\\/author\\\/galledia\\\/\"}]}<\/script>\n<!-- \/ Yoast SEO plugin. -->","yoast_head_json":{"title":"Il provider Internet iWay sostiene A Million Dreams - organizzatore","description":"iWay sponsorizza Walk of Dreams 2024, una camminata per raccogliere fondi per le persone svantaggiate dal 25 al 29 settembre.","robots":{"index":"index","follow":"follow","max-snippet":"max-snippet:-1","max-image-preview":"max-image-preview:large","max-video-preview":"max-video-preview:-1"},"canonical":"https:\/\/www.organisator.ch\/it\/marketing\/2024-08-15\/internet-anbieter-iway-unterstuetzt-a-million-dreams-2\/","og_locale":"it_IT","og_type":"article","og_title":"Internet-Anbieter iWay unterst\u00fctzt A Million Dreams - Organisator","og_description":"iWay sponsort Walk of Dreams 2024. Wanderung zum Sammeln von Spenden f\u00fcr benachteiligte Menschen vom 25. bis 29. September.","og_url":"https:\/\/www.organisator.ch\/it\/marketing\/2024-08-15\/internet-anbieter-iway-unterstuetzt-a-million-dreams-2\/","og_site_name":"Organisator","article_publisher":"https:\/\/www.facebook.com\/OrganisatorFachmagazin","article_published_time":"2024-08-15T15:01:33+00:00","article_modified_time":"2024-11-08T11:51:21+00:00","og_image":[{"url":"https:\/\/www.markt-kom.com\/wp-content\/uploads\/2024\/08\/walkofdreams-2024-iway.jpg","type":"","width":"","height":""}],"author":"galledia","twitter_card":"summary_large_image","twitter_creator":"@admin","schema":{"@context":"https:\/\/schema.org","@graph":[{"@type":"Article","@id":"https:\/\/www.organisator.ch\/marketing\/2024-08-15\/internet-anbieter-iway-unterstuetzt-a-million-dreams-2\/#article","isPartOf":{"@id":"https:\/\/www.organisator.ch\/marketing\/2024-08-15\/internet-anbieter-iway-unterstuetzt-a-million-dreams-2\/"},"author":{"name":"galledia","@id":"https:\/\/www.organisator.ch\/#\/schema\/person\/4e51799071cd2dd1232ac003643ef5f0"},"headline":"Internet-Anbieter iWay unterst\u00fctzt A Million Dreams","datePublished":"2024-08-15T15:01:33+00:00","dateModified":"2024-11-08T11:51:21+00:00","mainEntityOfPage":{"@id":"https:\/\/www.organisator.ch\/marketing\/2024-08-15\/internet-anbieter-iway-unterstuetzt-a-million-dreams-2\/"},"wordCount":328,"publisher":{"@id":"https:\/\/www.organisator.ch\/#organization"},"image":{"@id":"https:\/\/www.organisator.ch\/marketing\/2024-08-15\/internet-anbieter-iway-unterstuetzt-a-million-dreams-2\/#primaryimage"},"thumbnailUrl":"https:\/\/www.markt-kom.com\/wp-content\/uploads\/2024\/08\/walkofdreams-2024-iway.jpg","keywords":["MarKom","Sponsoring"],"articleSection":["MARKETING"],"inLanguage":"it-IT"},{"@type":"WebPage","@id":"https:\/\/www.organisator.ch\/marketing\/2024-08-15\/internet-anbieter-iway-unterstuetzt-a-million-dreams-2\/","url":"https:\/\/www.organisator.ch\/marketing\/2024-08-15\/internet-anbieter-iway-unterstuetzt-a-million-dreams-2\/","name":"Il provider Internet iWay sostiene A Million Dreams - organizzatore","isPartOf":{"@id":"https:\/\/www.organisator.ch\/#website"},"primaryImageOfPage":{"@id":"https:\/\/www.organisator.ch\/marketing\/2024-08-15\/internet-anbieter-iway-unterstuetzt-a-million-dreams-2\/#primaryimage"},"image":{"@id":"https:\/\/www.organisator.ch\/marketing\/2024-08-15\/internet-anbieter-iway-unterstuetzt-a-million-dreams-2\/#primaryimage"},"thumbnailUrl":"https:\/\/www.markt-kom.com\/wp-content\/uploads\/2024\/08\/walkofdreams-2024-iway.jpg","datePublished":"2024-08-15T15:01:33+00:00","dateModified":"2024-11-08T11:51:21+00:00","description":"iWay sponsorizza Walk of Dreams 2024, una camminata per raccogliere fondi per le persone svantaggiate dal 25 al 29 settembre.","breadcrumb":{"@id":"https:\/\/www.organisator.ch\/marketing\/2024-08-15\/internet-anbieter-iway-unterstuetzt-a-million-dreams-2\/#breadcrumb"},"inLanguage":"it-IT","potentialAction":[{"@type":"ReadAction","target":["https:\/\/www.organisator.ch\/marketing\/2024-08-15\/internet-anbieter-iway-unterstuetzt-a-million-dreams-2\/"]}]},{"@type":"ImageObject","inLanguage":"it-IT","@id":"https:\/\/www.organisator.ch\/marketing\/2024-08-15\/internet-anbieter-iway-unterstuetzt-a-million-dreams-2\/#primaryimage","url":"https:\/\/www.markt-kom.com\/wp-content\/uploads\/2024\/08\/walkofdreams-2024-iway.jpg","contentUrl":"https:\/\/www.markt-kom.com\/wp-content\/uploads\/2024\/08\/walkofdreams-2024-iway.jpg"},{"@type":"BreadcrumbList","@id":"https:\/\/www.organisator.ch\/marketing\/2024-08-15\/internet-anbieter-iway-unterstuetzt-a-million-dreams-2\/#breadcrumb","itemListElement":[{"@type":"ListItem","position":1,"name":"Home","item":"https:\/\/www.organisator.ch\/"},{"@type":"ListItem","position":2,"name":"Internet-Anbieter iWay unterst\u00fctzt A Million Dreams"}]},{"@type":"WebSite","@id":"https:\/\/www.organisator.ch\/#website","url":"https:\/\/www.organisator.ch\/","name":"Organizzatore","description":"Competente. Pratico. In 10 numeri all'anno, ORGANISATOR presenta i temi essenziali per i manager delle PMI.","publisher":{"@id":"https:\/\/www.organisator.ch\/#organization"},"potentialAction":[{"@type":"SearchAction","target":{"@type":"EntryPoint","urlTemplate":"https:\/\/www.organisator.ch\/?s={search_term_string}"},"query-input":{"@type":"PropertyValueSpecification","valueRequired":true,"valueName":"search_term_string"}}],"inLanguage":"it-IT"},{"@type":"Organization","@id":"https:\/\/www.organisator.ch\/#organization","name":"Organizzatore","url":"https:\/\/www.organisator.ch\/","logo":{"@type":"ImageObject","inLanguage":"it-IT","@id":"https:\/\/www.organisator.ch\/#\/schema\/logo\/image\/","url":"https:\/\/www.organisator.ch\/wp-content\/uploads\/2022\/01\/Logo_Organisator_Website.png","contentUrl":"https:\/\/www.organisator.ch\/wp-content\/uploads\/2022\/01\/Logo_Organisator_Website.png","width":800,"height":77,"caption":"Organisator"},"image":{"@id":"https:\/\/www.organisator.ch\/#\/schema\/logo\/image\/"},"sameAs":["https:\/\/www.facebook.com\/OrganisatorFachmagazin","https:\/\/www.linkedin.com\/showcase\/organisator-das-magazin-fr-kmu","https:\/\/www.xing.com\/news\/pages\/organisator-ch-695","https:\/\/www.youtube.com\/channel\/UCGP2Sq0iWaZwT3BdIAQFYpw"]},{"@type":"Person","@id":"https:\/\/www.organisator.ch\/#\/schema\/person\/4e51799071cd2dd1232ac003643ef5f0","name":"galledia","image":{"@type":"ImageObject","inLanguage":"it-IT","@id":"https:\/\/secure.gravatar.com\/avatar\/78a7f90c01fc2bfc875782a0d4922b37cde2cf184ce347b91316d23cd7f69a36?s=96&d=mm&r=g","url":"https:\/\/secure.gravatar.com\/avatar\/78a7f90c01fc2bfc875782a0d4922b37cde2cf184ce347b91316d23cd7f69a36?s=96&d=mm&r=g","contentUrl":"https:\/\/secure.gravatar.com\/avatar\/78a7f90c01fc2bfc875782a0d4922b37cde2cf184ce347b91316d23cd7f69a36?s=96&d=mm&r=g","caption":"galledia"},"sameAs":["https:\/\/x.com\/admin"],"url":"https:\/\/www.organisator.ch\/it\/author\/galledia\/"}]}},"_links":{"self":[{"href":"https:\/\/www.organisator.ch\/it\/wp-json\/wp\/v2\/posts\/29064","targetHints":{"allow":["GET"]}}],"collection":[{"href":"https:\/\/www.organisator.ch\/it\/wp-json\/wp\/v2\/posts"}],"about":[{"href":"https:\/\/www.organisator.ch\/it\/wp-json\/wp\/v2\/types\/post"}],"author":[{"embeddable":true,"href":"https:\/\/www.organisator.ch\/it\/wp-json\/wp\/v2\/users\/8"}],"replies":[{"embeddable":true,"href":"https:\/\/www.organisator.ch\/it\/wp-json\/wp\/v2\/comments?post=29064"}],"version-history":[{"count":4,"href":"https:\/\/www.organisator.ch\/it\/wp-json\/wp\/v2\/posts\/29064\/revisions"}],"predecessor-version":[{"id":32041,"href":"https:\/\/www.organisator.ch\/it\/wp-json\/wp\/v2\/posts\/29064\/revisions\/32041"}],"wp:attachment":[{"href":"https:\/\/www.organisator.ch\/it\/wp-json\/wp\/v2\/media?parent=29064"}],"wp:term":[{"taxonomy":"category","embeddable":true,"href":"https:\/\/www.organisator.ch\/it\/wp-json\/wp\/v2\/categories?post=29064"},{"taxonomy":"post_tag","embeddable":true,"href":"https:\/\/www.organisator.ch\/it\/wp-json\/wp\/v2\/tags?post=29064"}],"curies":[{"name":"wp","href":"https:\/\/api.w.org\/{rel}","templated":true}]}}