{"id":29088,"date":"2024-08-21T08:15:17","date_gmt":"2024-08-21T06:15:17","guid":{"rendered":"https:\/\/www.organisator.ch\/?p=29088"},"modified":"2024-08-19T10:15:31","modified_gmt":"2024-08-19T08:15:31","slug":"wifo-2025-das-jubilaeumsprogramm-ist-komplett","status":"publish","type":"post","link":"https:\/\/www.organisator.ch\/it\/management\/2024-08-21\/wifo-2025-das-jubilaeumsprogramm-ist-komplett\/","title":{"rendered":"Wifo 2025: il programma per l'anniversario \u00e8 completo"},"content":{"rendered":"<figure id=\"attachment_29089\" aria-describedby=\"caption-attachment-29089\" style=\"width: 680px\" class=\"wp-caption alignnone\"><img loading=\"lazy\" decoding=\"async\" class=\"size-full wp-image-29089\" src=\"https:\/\/www.organisator.ch\/wp-content\/uploads\/2024\/08\/Rheintaler-Wirtschaftsforum-2024_Rueckblick_Bild1_ps.jpg\" alt=\"\" width=\"680\" height=\"413\" srcset=\"https:\/\/www.organisator.ch\/wp-content\/uploads\/2024\/08\/Rheintaler-Wirtschaftsforum-2024_Rueckblick_Bild1_ps.jpg 680w, https:\/\/www.organisator.ch\/wp-content\/uploads\/2024\/08\/Rheintaler-Wirtschaftsforum-2024_Rueckblick_Bild1_ps-18x12.jpg 18w, https:\/\/www.organisator.ch\/wp-content\/uploads\/2024\/08\/Rheintaler-Wirtschaftsforum-2024_Rueckblick_Bild1_ps-375x228.jpg 375w, https:\/\/www.organisator.ch\/wp-content\/uploads\/2024\/08\/Rheintaler-Wirtschaftsforum-2024_Rueckblick_Bild1_ps-576x350.jpg 576w\" sizes=\"auto, (max-width: 680px) 100vw, 680px\" \/><figcaption id=\"caption-attachment-29089\" class=\"wp-caption-text\">Atmosfera del Forum economico della Valle del Reno 2024 (Immagine: www.wifo.ch)<\/figcaption><\/figure>\n<p>Il Business Forum della Valle del Reno di quest'anno \u00e8 dedicato a tre temi chiave per il futuro delle aziende: Ubicazione, strategia e passaggio di consegne del personale. Questi aspetti saranno affrontati in presentazioni e tavole rotonde con personalit\u00e0 ed esperti di spicco.<\/p>\n<h3><strong>Posizione e strategia: prospettive per il futuro<\/strong><\/h3>\n<p>Oltre a Jahangir Doongaji, CEO del Gruppo Hilti, anche Alfred Felder, CEO del Gruppo Zumtobel, e Franziska Tschudi Sauber, Presidente del Consiglio di Amministrazione del Gruppo Weidmann, parteciperanno alla tavola rotonda sulla sicurezza del futuro. Alfred Felder porta con s\u00e9 una vasta esperienza internazionale, maturata durante la sua permanenza alla Siemens e alla guida di Zumtobel. Franziska Tschudi Sauber arricchisce il panel con la sua esperienza nello sviluppo aziendale e con i suoi diversi mandati nei consigli di amministrazione di importanti societ\u00e0.<\/p>\n<h3><strong>Passaggio di consegne al personale: dal passaggio di consegne al futuro<\/strong><\/h3>\n<p>La tavola rotonda sul tema \"Passaggio di consegne - il cambiamento da una generazione all'altra\" si concentra sul modo in cui la leadership \u00e8 stata trasmessa da una generazione all'altra. Diana Gutjahr, comproprietaria e presidente del Consiglio di Amministrazione di Ernst Fischer AG, Philipp Lehner, CEO del Gruppo ALPLA, e Antje von Dewitz, amministratore delegato di VAUDE, condividono le loro esperienze personali e le loro strategie nell'acquisizione e nella gestione delle loro aziende. Raccontano come \u00e8 stato organizzato il passaggio di consegne e come intendono garantire il futuro a lungo termine delle loro aziende.\u00a0<\/p>\n<h3><strong>Il consigliere federale Guy Parmelin: la Svizzera come piazza d'affari<\/strong><\/h3>\n<p>Come gi\u00e0 annunciato nel primo comunicato stampa, il Consigliere federale Guy Parmelin interverr\u00e0 sul tema della localizzazione e parler\u00e0 dell'attrattiva della Svizzera come piazza economica per le aziende, in particolare nel contesto dei recenti negoziati tra la Svizzera e l'UE. Nel corso dell'evento verr\u00e0 inoltre consegnato il 31\u00b0 Premio imprenditoriale della Valle del Reno. Il forum sar\u00e0 nuovamente moderato da Sonja Hasler, SRF. Anche quest'anno, alla fine del 30\u00b0 Forum economico della Valle del Reno, sar\u00e0 presente un ospite a sorpresa. L'ospite a sorpresa sar\u00e0 annunciato in seguito.<\/p>\n<p><em>Fonte e registrazione: <a href=\"http:\/\/www.wifo.ch\">www.wifo.ch<\/a><\/em><\/p>","protected":false},"excerpt":{"rendered":"<p>Il 17 gennaio 2025 il Forum economico della Valle del Reno celebrer\u00e0 il suo 30\u00b0 anniversario con un programma di prim'ordine e relatori esperti: Ora che alcuni di questi relatori sono gi\u00e0 noti, \u00e8 stato annunciato il programma completo. <\/p>","protected":false},"author":58,"featured_media":29089,"comment_status":"closed","ping_status":"closed","sticky":false,"template":"","format":"standard","meta":{"_acf_changed":false,"_yoast_wpseo_focuskw":"Wifo","_yoast_wpseo_metadesc":"Das Rheintaler Wirtschaftsforum feiert am 17. Januar 2025 sein 30-j\u00e4hriges Jubil\u00e4um mit einem hochkar\u00e4tigen Programm.","articlekey":"","footnotes":""},"categories":[28],"tags":[221,292,334,3348],"class_list":["post-29088","post","type-post","status-publish","format-standard","has-post-thumbnail","hentry","category-management","tag-forum","tag-jubilaeum","tag-management","tag-rheintaler-wirtschaftsforum"],"acf":[],"yoast_head":"<!-- This site is optimized with the Yoast SEO plugin v27.5 - https:\/\/yoast.com\/product\/yoast-seo-wordpress\/ -->\n<title>Wifo 2025: Das Jubil\u00e4umsprogramm ist komplett - Organisator<\/title>\n<meta name=\"description\" content=\"Das Rheintaler Wirtschaftsforum feiert am 17. Januar 2025 sein 30-j\u00e4hriges Jubil\u00e4um mit einem hochkar\u00e4tigen Programm.\" \/>\n<meta name=\"robots\" content=\"index, follow, max-snippet:-1, max-image-preview:large, max-video-preview:-1\" \/>\n<link rel=\"canonical\" href=\"https:\/\/www.organisator.ch\/it\/gestione-2\/2024-08-21\/wifo-2025-das-jubilaeumsprogramm-ist-komplett\/\" \/>\n<meta property=\"og:locale\" content=\"it_IT\" \/>\n<meta property=\"og:type\" content=\"article\" \/>\n<meta property=\"og:title\" content=\"Wifo 2025: Das Jubil\u00e4umsprogramm ist komplett\" \/>\n<meta property=\"og:description\" content=\"Das Rheintaler Wirtschaftsforum feiert am 17. Januar 2025 sein 30-j\u00e4hriges Jubil\u00e4um mit einem hochkar\u00e4tigen Programm.\" \/>\n<meta property=\"og:url\" content=\"https:\/\/www.organisator.ch\/it\/gestione-2\/2024-08-21\/wifo-2025-das-jubilaeumsprogramm-ist-komplett\/\" \/>\n<meta property=\"og:site_name\" content=\"Organisator\" \/>\n<meta property=\"article:publisher\" content=\"https:\/\/www.facebook.com\/OrganisatorFachmagazin\" \/>\n<meta property=\"article:published_time\" content=\"2024-08-21T06:15:17+00:00\" \/>\n<meta property=\"og:image\" content=\"https:\/\/www.organisator.ch\/wp-content\/uploads\/2024\/08\/Rheintaler-Wirtschaftsforum-2024_Rueckblick_Bild1_ps.jpg\" \/>\n\t<meta property=\"og:image:width\" content=\"680\" \/>\n\t<meta property=\"og:image:height\" content=\"413\" \/>\n\t<meta property=\"og:image:type\" content=\"image\/jpeg\" \/>\n<meta name=\"author\" content=\"Adelisa Kalajdzini\" \/>\n<meta name=\"twitter:card\" content=\"summary_large_image\" \/>\n<meta name=\"twitter:title\" content=\"Wifo 2025: Das Jubil\u00e4umsprogramm ist komplett\" \/>\n<meta name=\"twitter:description\" content=\"Das #Rheintaler #Wirtschaftsforum feiert am 17. Januar 2025 sein #30-j\u00e4hriges #Jubil\u00e4um mit einem hochkar\u00e4tigen #Programm.\" \/>\n<meta name=\"twitter:image\" content=\"https:\/\/www.organisator.ch\/wp-content\/uploads\/2024\/08\/Rheintaler-Wirtschaftsforum-2024_Rueckblick_Bild1_ps.jpg\" \/>\n<script type=\"application\/ld+json\" class=\"yoast-schema-graph\">{\"@context\":\"https:\\\/\\\/schema.org\",\"@graph\":[{\"@type\":\"Article\",\"@id\":\"https:\\\/\\\/www.organisator.ch\\\/management\\\/2024-08-21\\\/wifo-2025-das-jubilaeumsprogramm-ist-komplett\\\/#article\",\"isPartOf\":{\"@id\":\"https:\\\/\\\/www.organisator.ch\\\/management\\\/2024-08-21\\\/wifo-2025-das-jubilaeumsprogramm-ist-komplett\\\/\"},\"author\":{\"name\":\"Adelisa Kalajdzini\",\"@id\":\"https:\\\/\\\/www.organisator.ch\\\/#\\\/schema\\\/person\\\/2e1314a2172123f874db408d8911d3f3\"},\"headline\":\"Wifo 2025: Das Jubil\u00e4umsprogramm ist komplett\",\"datePublished\":\"2024-08-21T06:15:17+00:00\",\"mainEntityOfPage\":{\"@id\":\"https:\\\/\\\/www.organisator.ch\\\/management\\\/2024-08-21\\\/wifo-2025-das-jubilaeumsprogramm-ist-komplett\\\/\"},\"wordCount\":330,\"publisher\":{\"@id\":\"https:\\\/\\\/www.organisator.ch\\\/#organization\"},\"image\":{\"@id\":\"https:\\\/\\\/www.organisator.ch\\\/management\\\/2024-08-21\\\/wifo-2025-das-jubilaeumsprogramm-ist-komplett\\\/#primaryimage\"},\"thumbnailUrl\":\"https:\\\/\\\/www.organisator.ch\\\/wp-content\\\/uploads\\\/2024\\\/08\\\/Rheintaler-Wirtschaftsforum-2024_Rueckblick_Bild1_ps.jpg\",\"keywords\":[\"Forum\",\"Jubil\u00e4um\",\"Management\",\"Rheintaler Wirtschaftsforum\"],\"articleSection\":[\"MANAGEMENT\"],\"inLanguage\":\"it-IT\"},{\"@type\":\"WebPage\",\"@id\":\"https:\\\/\\\/www.organisator.ch\\\/management\\\/2024-08-21\\\/wifo-2025-das-jubilaeumsprogramm-ist-komplett\\\/\",\"url\":\"https:\\\/\\\/www.organisator.ch\\\/management\\\/2024-08-21\\\/wifo-2025-das-jubilaeumsprogramm-ist-komplett\\\/\",\"name\":\"Wifo 2025: Das Jubil\u00e4umsprogramm ist komplett - Organisator\",\"isPartOf\":{\"@id\":\"https:\\\/\\\/www.organisator.ch\\\/#website\"},\"primaryImageOfPage\":{\"@id\":\"https:\\\/\\\/www.organisator.ch\\\/management\\\/2024-08-21\\\/wifo-2025-das-jubilaeumsprogramm-ist-komplett\\\/#primaryimage\"},\"image\":{\"@id\":\"https:\\\/\\\/www.organisator.ch\\\/management\\\/2024-08-21\\\/wifo-2025-das-jubilaeumsprogramm-ist-komplett\\\/#primaryimage\"},\"thumbnailUrl\":\"https:\\\/\\\/www.organisator.ch\\\/wp-content\\\/uploads\\\/2024\\\/08\\\/Rheintaler-Wirtschaftsforum-2024_Rueckblick_Bild1_ps.jpg\",\"datePublished\":\"2024-08-21T06:15:17+00:00\",\"description\":\"Das Rheintaler Wirtschaftsforum feiert am 17. Januar 2025 sein 30-j\u00e4hriges Jubil\u00e4um mit einem hochkar\u00e4tigen Programm.\",\"breadcrumb\":{\"@id\":\"https:\\\/\\\/www.organisator.ch\\\/management\\\/2024-08-21\\\/wifo-2025-das-jubilaeumsprogramm-ist-komplett\\\/#breadcrumb\"},\"inLanguage\":\"it-IT\",\"potentialAction\":[{\"@type\":\"ReadAction\",\"target\":[\"https:\\\/\\\/www.organisator.ch\\\/management\\\/2024-08-21\\\/wifo-2025-das-jubilaeumsprogramm-ist-komplett\\\/\"]}]},{\"@type\":\"ImageObject\",\"inLanguage\":\"it-IT\",\"@id\":\"https:\\\/\\\/www.organisator.ch\\\/management\\\/2024-08-21\\\/wifo-2025-das-jubilaeumsprogramm-ist-komplett\\\/#primaryimage\",\"url\":\"https:\\\/\\\/www.organisator.ch\\\/wp-content\\\/uploads\\\/2024\\\/08\\\/Rheintaler-Wirtschaftsforum-2024_Rueckblick_Bild1_ps.jpg\",\"contentUrl\":\"https:\\\/\\\/www.organisator.ch\\\/wp-content\\\/uploads\\\/2024\\\/08\\\/Rheintaler-Wirtschaftsforum-2024_Rueckblick_Bild1_ps.jpg\",\"width\":680,\"height\":413,\"caption\":\"Stimmungsbild vom Rheintaler Wirtschaftsforum 2024. (Bild: www.wifo.ch)\"},{\"@type\":\"BreadcrumbList\",\"@id\":\"https:\\\/\\\/www.organisator.ch\\\/management\\\/2024-08-21\\\/wifo-2025-das-jubilaeumsprogramm-ist-komplett\\\/#breadcrumb\",\"itemListElement\":[{\"@type\":\"ListItem\",\"position\":1,\"name\":\"Home\",\"item\":\"https:\\\/\\\/www.organisator.ch\\\/\"},{\"@type\":\"ListItem\",\"position\":2,\"name\":\"Wifo 2025: Das Jubil\u00e4umsprogramm ist komplett\"}]},{\"@type\":\"WebSite\",\"@id\":\"https:\\\/\\\/www.organisator.ch\\\/#website\",\"url\":\"https:\\\/\\\/www.organisator.ch\\\/\",\"name\":\"Organisator\",\"description\":\"Kompetent. Praxisnah. Der ORGANISATOR bereitet in 10 Ausgaben pro Jahr die wesentlichen Themen f\u00fcr F\u00fchrungskr\u00e4fte von KMU auf.\",\"publisher\":{\"@id\":\"https:\\\/\\\/www.organisator.ch\\\/#organization\"},\"potentialAction\":[{\"@type\":\"SearchAction\",\"target\":{\"@type\":\"EntryPoint\",\"urlTemplate\":\"https:\\\/\\\/www.organisator.ch\\\/?s={search_term_string}\"},\"query-input\":{\"@type\":\"PropertyValueSpecification\",\"valueRequired\":true,\"valueName\":\"search_term_string\"}}],\"inLanguage\":\"it-IT\"},{\"@type\":\"Organization\",\"@id\":\"https:\\\/\\\/www.organisator.ch\\\/#organization\",\"name\":\"Organisator\",\"url\":\"https:\\\/\\\/www.organisator.ch\\\/\",\"logo\":{\"@type\":\"ImageObject\",\"inLanguage\":\"it-IT\",\"@id\":\"https:\\\/\\\/www.organisator.ch\\\/#\\\/schema\\\/logo\\\/image\\\/\",\"url\":\"https:\\\/\\\/www.organisator.ch\\\/wp-content\\\/uploads\\\/2022\\\/01\\\/Logo_Organisator_Website.png\",\"contentUrl\":\"https:\\\/\\\/www.organisator.ch\\\/wp-content\\\/uploads\\\/2022\\\/01\\\/Logo_Organisator_Website.png\",\"width\":800,\"height\":77,\"caption\":\"Organisator\"},\"image\":{\"@id\":\"https:\\\/\\\/www.organisator.ch\\\/#\\\/schema\\\/logo\\\/image\\\/\"},\"sameAs\":[\"https:\\\/\\\/www.facebook.com\\\/OrganisatorFachmagazin\",\"https:\\\/\\\/www.linkedin.com\\\/showcase\\\/organisator-das-magazin-fr-kmu\",\"https:\\\/\\\/www.xing.com\\\/news\\\/pages\\\/organisator-ch-695\",\"https:\\\/\\\/www.youtube.com\\\/channel\\\/UCGP2Sq0iWaZwT3BdIAQFYpw\"]},{\"@type\":\"Person\",\"@id\":\"https:\\\/\\\/www.organisator.ch\\\/#\\\/schema\\\/person\\\/2e1314a2172123f874db408d8911d3f3\",\"name\":\"Adelisa Kalajdzini\",\"image\":{\"@type\":\"ImageObject\",\"inLanguage\":\"it-IT\",\"@id\":\"https:\\\/\\\/secure.gravatar.com\\\/avatar\\\/09a397c22ac58cad6f160ee8306348599df9df58a8ede73696226897b9fa4b24?s=96&d=mm&r=g\",\"url\":\"https:\\\/\\\/secure.gravatar.com\\\/avatar\\\/09a397c22ac58cad6f160ee8306348599df9df58a8ede73696226897b9fa4b24?s=96&d=mm&r=g\",\"contentUrl\":\"https:\\\/\\\/secure.gravatar.com\\\/avatar\\\/09a397c22ac58cad6f160ee8306348599df9df58a8ede73696226897b9fa4b24?s=96&d=mm&r=g\",\"caption\":\"Adelisa Kalajdzini\"},\"url\":\"https:\\\/\\\/www.organisator.ch\\\/it\\\/author\\\/adelisa-kalajdzini\\\/\"}]}<\/script>\n<!-- \/ Yoast SEO plugin. -->","yoast_head_json":{"title":"Wifo 2025: il programma dell'anniversario \u00e8 completo - Organizzatore","description":"Il 17 gennaio 2025 il Forum economico della Valle del Reno festeggia il suo 30\u00b0 anniversario con un programma di prim'ordine.","robots":{"index":"index","follow":"follow","max-snippet":"max-snippet:-1","max-image-preview":"max-image-preview:large","max-video-preview":"max-video-preview:-1"},"canonical":"https:\/\/www.organisator.ch\/it\/gestione-2\/2024-08-21\/wifo-2025-das-jubilaeumsprogramm-ist-komplett\/","og_locale":"it_IT","og_type":"article","og_title":"Wifo 2025: Das Jubil\u00e4umsprogramm ist komplett","og_description":"Das Rheintaler Wirtschaftsforum feiert am 17. Januar 2025 sein 30-j\u00e4hriges Jubil\u00e4um mit einem hochkar\u00e4tigen Programm.","og_url":"https:\/\/www.organisator.ch\/it\/gestione-2\/2024-08-21\/wifo-2025-das-jubilaeumsprogramm-ist-komplett\/","og_site_name":"Organisator","article_publisher":"https:\/\/www.facebook.com\/OrganisatorFachmagazin","article_published_time":"2024-08-21T06:15:17+00:00","og_image":[{"width":680,"height":413,"url":"https:\/\/www.organisator.ch\/wp-content\/uploads\/2024\/08\/Rheintaler-Wirtschaftsforum-2024_Rueckblick_Bild1_ps.jpg","type":"image\/jpeg"}],"author":"Adelisa Kalajdzini","twitter_card":"summary_large_image","twitter_title":"Wifo 2025: Das Jubil\u00e4umsprogramm ist komplett","twitter_description":"Das #Rheintaler #Wirtschaftsforum feiert am 17. Januar 2025 sein #30-j\u00e4hriges #Jubil\u00e4um mit einem hochkar\u00e4tigen #Programm.","twitter_image":"https:\/\/www.organisator.ch\/wp-content\/uploads\/2024\/08\/Rheintaler-Wirtschaftsforum-2024_Rueckblick_Bild1_ps.jpg","schema":{"@context":"https:\/\/schema.org","@graph":[{"@type":"Article","@id":"https:\/\/www.organisator.ch\/management\/2024-08-21\/wifo-2025-das-jubilaeumsprogramm-ist-komplett\/#article","isPartOf":{"@id":"https:\/\/www.organisator.ch\/management\/2024-08-21\/wifo-2025-das-jubilaeumsprogramm-ist-komplett\/"},"author":{"name":"Adelisa Kalajdzini","@id":"https:\/\/www.organisator.ch\/#\/schema\/person\/2e1314a2172123f874db408d8911d3f3"},"headline":"Wifo 2025: Das Jubil\u00e4umsprogramm ist komplett","datePublished":"2024-08-21T06:15:17+00:00","mainEntityOfPage":{"@id":"https:\/\/www.organisator.ch\/management\/2024-08-21\/wifo-2025-das-jubilaeumsprogramm-ist-komplett\/"},"wordCount":330,"publisher":{"@id":"https:\/\/www.organisator.ch\/#organization"},"image":{"@id":"https:\/\/www.organisator.ch\/management\/2024-08-21\/wifo-2025-das-jubilaeumsprogramm-ist-komplett\/#primaryimage"},"thumbnailUrl":"https:\/\/www.organisator.ch\/wp-content\/uploads\/2024\/08\/Rheintaler-Wirtschaftsforum-2024_Rueckblick_Bild1_ps.jpg","keywords":["Forum","Jubil\u00e4um","Management","Rheintaler Wirtschaftsforum"],"articleSection":["MANAGEMENT"],"inLanguage":"it-IT"},{"@type":"WebPage","@id":"https:\/\/www.organisator.ch\/management\/2024-08-21\/wifo-2025-das-jubilaeumsprogramm-ist-komplett\/","url":"https:\/\/www.organisator.ch\/management\/2024-08-21\/wifo-2025-das-jubilaeumsprogramm-ist-komplett\/","name":"Wifo 2025: il programma dell'anniversario \u00e8 completo - Organizzatore","isPartOf":{"@id":"https:\/\/www.organisator.ch\/#website"},"primaryImageOfPage":{"@id":"https:\/\/www.organisator.ch\/management\/2024-08-21\/wifo-2025-das-jubilaeumsprogramm-ist-komplett\/#primaryimage"},"image":{"@id":"https:\/\/www.organisator.ch\/management\/2024-08-21\/wifo-2025-das-jubilaeumsprogramm-ist-komplett\/#primaryimage"},"thumbnailUrl":"https:\/\/www.organisator.ch\/wp-content\/uploads\/2024\/08\/Rheintaler-Wirtschaftsforum-2024_Rueckblick_Bild1_ps.jpg","datePublished":"2024-08-21T06:15:17+00:00","description":"Il 17 gennaio 2025 il Forum economico della Valle del Reno festeggia il suo 30\u00b0 anniversario con un programma di prim'ordine.","breadcrumb":{"@id":"https:\/\/www.organisator.ch\/management\/2024-08-21\/wifo-2025-das-jubilaeumsprogramm-ist-komplett\/#breadcrumb"},"inLanguage":"it-IT","potentialAction":[{"@type":"ReadAction","target":["https:\/\/www.organisator.ch\/management\/2024-08-21\/wifo-2025-das-jubilaeumsprogramm-ist-komplett\/"]}]},{"@type":"ImageObject","inLanguage":"it-IT","@id":"https:\/\/www.organisator.ch\/management\/2024-08-21\/wifo-2025-das-jubilaeumsprogramm-ist-komplett\/#primaryimage","url":"https:\/\/www.organisator.ch\/wp-content\/uploads\/2024\/08\/Rheintaler-Wirtschaftsforum-2024_Rueckblick_Bild1_ps.jpg","contentUrl":"https:\/\/www.organisator.ch\/wp-content\/uploads\/2024\/08\/Rheintaler-Wirtschaftsforum-2024_Rueckblick_Bild1_ps.jpg","width":680,"height":413,"caption":"Stimmungsbild vom Rheintaler Wirtschaftsforum 2024. (Bild: www.wifo.ch)"},{"@type":"BreadcrumbList","@id":"https:\/\/www.organisator.ch\/management\/2024-08-21\/wifo-2025-das-jubilaeumsprogramm-ist-komplett\/#breadcrumb","itemListElement":[{"@type":"ListItem","position":1,"name":"Home","item":"https:\/\/www.organisator.ch\/"},{"@type":"ListItem","position":2,"name":"Wifo 2025: Das Jubil\u00e4umsprogramm ist komplett"}]},{"@type":"WebSite","@id":"https:\/\/www.organisator.ch\/#website","url":"https:\/\/www.organisator.ch\/","name":"Organizzatore","description":"Competente. Pratico. In 10 numeri all'anno, ORGANISATOR presenta i temi essenziali per i manager delle PMI.","publisher":{"@id":"https:\/\/www.organisator.ch\/#organization"},"potentialAction":[{"@type":"SearchAction","target":{"@type":"EntryPoint","urlTemplate":"https:\/\/www.organisator.ch\/?s={search_term_string}"},"query-input":{"@type":"PropertyValueSpecification","valueRequired":true,"valueName":"search_term_string"}}],"inLanguage":"it-IT"},{"@type":"Organization","@id":"https:\/\/www.organisator.ch\/#organization","name":"Organizzatore","url":"https:\/\/www.organisator.ch\/","logo":{"@type":"ImageObject","inLanguage":"it-IT","@id":"https:\/\/www.organisator.ch\/#\/schema\/logo\/image\/","url":"https:\/\/www.organisator.ch\/wp-content\/uploads\/2022\/01\/Logo_Organisator_Website.png","contentUrl":"https:\/\/www.organisator.ch\/wp-content\/uploads\/2022\/01\/Logo_Organisator_Website.png","width":800,"height":77,"caption":"Organisator"},"image":{"@id":"https:\/\/www.organisator.ch\/#\/schema\/logo\/image\/"},"sameAs":["https:\/\/www.facebook.com\/OrganisatorFachmagazin","https:\/\/www.linkedin.com\/showcase\/organisator-das-magazin-fr-kmu","https:\/\/www.xing.com\/news\/pages\/organisator-ch-695","https:\/\/www.youtube.com\/channel\/UCGP2Sq0iWaZwT3BdIAQFYpw"]},{"@type":"Person","@id":"https:\/\/www.organisator.ch\/#\/schema\/person\/2e1314a2172123f874db408d8911d3f3","name":"Adelisa Kalajdzini","image":{"@type":"ImageObject","inLanguage":"it-IT","@id":"https:\/\/secure.gravatar.com\/avatar\/09a397c22ac58cad6f160ee8306348599df9df58a8ede73696226897b9fa4b24?s=96&d=mm&r=g","url":"https:\/\/secure.gravatar.com\/avatar\/09a397c22ac58cad6f160ee8306348599df9df58a8ede73696226897b9fa4b24?s=96&d=mm&r=g","contentUrl":"https:\/\/secure.gravatar.com\/avatar\/09a397c22ac58cad6f160ee8306348599df9df58a8ede73696226897b9fa4b24?s=96&d=mm&r=g","caption":"Adelisa Kalajdzini"},"url":"https:\/\/www.organisator.ch\/it\/author\/adelisa-kalajdzini\/"}]}},"_links":{"self":[{"href":"https:\/\/www.organisator.ch\/it\/wp-json\/wp\/v2\/posts\/29088","targetHints":{"allow":["GET"]}}],"collection":[{"href":"https:\/\/www.organisator.ch\/it\/wp-json\/wp\/v2\/posts"}],"about":[{"href":"https:\/\/www.organisator.ch\/it\/wp-json\/wp\/v2\/types\/post"}],"author":[{"embeddable":true,"href":"https:\/\/www.organisator.ch\/it\/wp-json\/wp\/v2\/users\/58"}],"replies":[{"embeddable":true,"href":"https:\/\/www.organisator.ch\/it\/wp-json\/wp\/v2\/comments?post=29088"}],"version-history":[{"count":2,"href":"https:\/\/www.organisator.ch\/it\/wp-json\/wp\/v2\/posts\/29088\/revisions"}],"predecessor-version":[{"id":29185,"href":"https:\/\/www.organisator.ch\/it\/wp-json\/wp\/v2\/posts\/29088\/revisions\/29185"}],"wp:featuredmedia":[{"embeddable":true,"href":"https:\/\/www.organisator.ch\/it\/wp-json\/wp\/v2\/media\/29089"}],"wp:attachment":[{"href":"https:\/\/www.organisator.ch\/it\/wp-json\/wp\/v2\/media?parent=29088"}],"wp:term":[{"taxonomy":"category","embeddable":true,"href":"https:\/\/www.organisator.ch\/it\/wp-json\/wp\/v2\/categories?post=29088"},{"taxonomy":"post_tag","embeddable":true,"href":"https:\/\/www.organisator.ch\/it\/wp-json\/wp\/v2\/tags?post=29088"}],"curies":[{"name":"wp","href":"https:\/\/api.w.org\/{rel}","templated":true}]}}