{"id":29143,"date":"2024-08-21T13:01:38","date_gmt":"2024-08-21T11:01:38","guid":{"rendered":"https:\/\/www.organisator.ch\/?p=29143"},"modified":"2024-08-20T15:03:07","modified_gmt":"2024-08-20T13:03:07","slug":"green-business-award-2024-drei-nachhaltige-pioniere-im-finale","status":"publish","type":"post","link":"https:\/\/www.organisator.ch\/it\/sustainability\/2024-08-21\/green-business-award-2024-drei-nachhaltige-pioniere-im-finale\/","title":{"rendered":"Green Business Award 2024: tre pionieri della sostenibilit\u00e0 in finale"},"content":{"rendered":"<figure id=\"attachment_29145\" aria-describedby=\"caption-attachment-29145\" style=\"width: 680px\" class=\"wp-caption alignnone\"><img loading=\"lazy\" decoding=\"async\" class=\"size-full wp-image-29145\" src=\"https:\/\/www.organisator.ch\/wp-content\/uploads\/2024\/08\/Green-Business-Award_Bild1_ps.jpg\" alt=\"\" width=\"680\" height=\"459\" srcset=\"https:\/\/www.organisator.ch\/wp-content\/uploads\/2024\/08\/Green-Business-Award_Bild1_ps.jpg 680w, https:\/\/www.organisator.ch\/wp-content\/uploads\/2024\/08\/Green-Business-Award_Bild1_ps-18x12.jpg 18w, https:\/\/www.organisator.ch\/wp-content\/uploads\/2024\/08\/Green-Business-Award_Bild1_ps-375x253.jpg 375w, https:\/\/www.organisator.ch\/wp-content\/uploads\/2024\/08\/Green-Business-Award_Bild1_ps-519x350.jpg 519w\" sizes=\"auto, (max-width: 680px) 100vw, 680px\" \/><figcaption id=\"caption-attachment-29145\" class=\"wp-caption-text\">Da sinistra a destra: C\u00e9dric Habermacher, Doris Leuthard e Reto Knutti. (Immagine: www.greenbusiness.ch)<\/figcaption><\/figure>\n<p>Il Green Business Award sar\u00e0 consegnato per la sesta volta il 14 febbraio 2025 e premia le soluzioni svizzere che combinano impatto ecologico e successo economico. Quest'anno sono state 36 le aziende candidate al Green Business Award. Le seguenti tre aziende hanno colpito maggiormente la prestigiosa giuria presieduta dalla presidente della giuria ed ex consigliera federale Doris Leuthard:<\/p>\n<h3><a href=\"https:\/\/u26141229.ct.sendgrid.net\/ls\/click?upn=u001.0m-2ByIoC1MUcI9WhvsU-2BXmmKaWCsUX8pgMRPojvtwWxY-3DwvrR_93BsojE-2BL5C-2BY5bA-2FpB2S5x4ASie2lf0OAH97LZOvRzt5D75qfMMOIGJGzLAWsXl43EB-2B3wOiImx3S8XavHqrkIPozTGIe2fiLMifZvFVsk-2BdSsFGgZYSi0H6-2FdE2YvjOfO6FmHidCmNfK39Oi85tzDbfDNeDypQhniiIsYJ-2FdU2o6NNjRjeC7BLvMXr-2BNuGS1mnYg0N2408nIxWUsnDVrvt8Bvy0aGD88MGmByFqovbc1HExmIiDLe8TIxw7OUTh-2Fr1H8XyirVj8MSCuKDvJBTomA725u0U6-2FOVwpH6jrr-2BOHN-2FJUop-2BdY4i1n6SFAcC0ajsFmFAr6O-2F8LTufrz6W0vZTnKDKb07LupCd-2FCUVZ-2BMh3XsdfX-2FbMaiLtrUBUrufQK3zDLrbyqJ1-2B4e1AyopaV6RMY2Dr4sIAGinh51LJFdRvW-2FrCOdlkBjEQVenRZ47b14heYG0LBYp5xQfSKyiB2LgEqAb-2FkXPvL-2B4Lk3xnqEDLyvoh0t7KPBxdVM-2BE-2F\"><strong>Algrano AG<\/strong><\/a><strong> da Zurigo (ZH) - perch\u00e9 il commercio diretto di caff\u00e8 riduce l'impronta di CO\u2082<\/strong><\/h3>\n<p><strong>\u200b<\/strong>La Svizzera \u00e8 un Paese produttore di caff\u00e8: oltre 50% del commercio mondiale di caff\u00e8 passa attraverso la Svizzera. Tuttavia, \u00e8 difficile risalire alla catena di approvvigionamento fino ai produttori di caff\u00e8, poich\u00e9 il commercio coinvolge molte fasi intermedie ed \u00e8 solitamente soggetto al segreto commerciale. Il problema: 2\/3 delle emissioni di caff\u00e8 sono generate nel Paese d'origine. Questo perch\u00e9 i produttori non possono permettersi economicamente una coltivazione sostenibile. Il CEO e fondatore Raphael Studer ha riconosciuto questa situazione circa dieci anni fa e ha fondato Algrano. La loro piattaforma consente il contatto diretto tra torrefattori e produttori di caff\u00e8. Di conseguenza, i produttori guadagnano 30-40% di pi\u00f9 e possono investire in coltivazioni sostenibili. Il commercio diretto triplica la percentuale di caff\u00e8 certificato e Fairtrade. \"Con Algrano, siamo rimasti colpiti dal pacchetto complessivo: danno un contributo prezioso all'ambiente, ma combinano anche sostenibilit\u00e0 sociale ed economica\", afferma Doris Leuthard a proposito della decisione della giuria.<\/p>\n<h3><a href=\"https:\/\/u26141229.ct.sendgrid.net\/ls\/click?upn=u001.0m-2ByIoC1MUcI9WhvsU-2BXmiBmd7axHiR0EBG-2BGuSEOI4-3Dsb5-_93BsojE-2BL5C-2BY5bA-2FpB2S5x4ASie2lf0OAH97LZOvRzt5D75qfMMOIGJGzLAWsXl43EB-2B3wOiImx3S8XavHqrkIPozTGIe2fiLMifZvFVsk-2BdSsFGgZYSi0H6-2FdE2YvjOfO6FmHidCmNfK39Oi85tzDbfDNeDypQhniiIsYJ-2FdU2o6NNjRjeC7BLvMXr-2BNuGS1mnYg0N2408nIxWUsnDVrvt8Bvy0aGD88MGmByFqovbc1HExmIiDLe8TIxw7OUTh-2Fr1H8XyirVj8MSCuKDvJBTomA725u0U6-2FOVwpH6jrr-2BOHN-2FJUop-2BdY4i1n6SFAcqI-2BCJaBDGSfKboL06QK7CE-2BJdBd-2BWoAyTU5ueSeI1p4cbNo9blvXdosdREUkYIZb4VD8-2Fy4YqNHBTZ2p40Vw7IP030SSecpvDN1K3e3ItrcfWrEmRpOg5BRhQkhL6-2BHKnRsSEgq3-2B1sQ2xkSmPe-2FzqsXaUAs11asilGkwPPjGD1t0q1Q0uoOyVBaYsnCN4S0\"><strong>Nuove radici AG<\/strong><\/a><strong> da Oberdiessbach (BE) - Alternative di formaggio con emissioni di CO\u2082 inferiori fino a 60% rispetto ai prodotti a base di latte vaccino<\/strong><\/h3>\n<p><strong>\u200b<\/strong>Gli svizzeri consumano ogni anno circa 23 chili di formaggio pro capite. Eppure i prodotti di origine animale sono tra gli alimenti con la maggiore impronta ecologica: il formaggio prodotto con latte di mucca viene subito dopo la carne bovina. Tuttavia, per molti \u00e8 difficile rinunciare al formaggio, anche perch\u00e9 non esistono alternative gustose. \u00c8 stato cos\u00ec anche per Alice Fauconnet e Freddy Hunziker, quando Hunziker \u00e8 passato a una dieta vegana dopo un incidente. Cos\u00ec hanno iniziato a lavorare su alternative a base vegetale. Dal 2016 New Roots sviluppa, produce e vende formaggi e latticini alternativi a base vegetale e ricchi di proteine. Con il 60% in meno di emissioni di CO\u2082 e il 40% in meno di consumo di acqua rispetto ai prodotti a base di latte vaccino, riducono significativamente l'impronta ecologica. New Roots si affida ai metodi di produzione tradizionali svizzeri per preservare l'artigianato caseario e utilizzare le infrastrutture esistenti. C\u00e9dric Habermacher, direttore di Green Business Switzerland, \u00e8 convinto: \"La maggior parte delle persone \u00e8 consapevole che la carne ha un'impronta ecologica negativa. Tuttavia, molti sottovalutano l'impatto ambientale negativo del formaggio. New Roots promuove attivamente questo ripensamento ed \u00e8 coraggiosamente all'avanguardia\".<\/p>\n<h3><a href=\"https:\/\/u26141229.ct.sendgrid.net\/ls\/click?upn=u001.0m-2ByIoC1MUcI9WhvsU-2BXmpTPU2LaN-2B4MycDR5-2FIMKxyt8HD1hSCYRvkPgZS3nQdZzK5U_93BsojE-2BL5C-2BY5bA-2FpB2S5x4ASie2lf0OAH97LZOvRzt5D75qfMMOIGJGzLAWsXl43EB-2B3wOiImx3S8XavHqrkIPozTGIe2fiLMifZvFVsk-2BdSsFGgZYSi0H6-2FdE2YvjOfO6FmHidCmNfK39Oi85tzDbfDNeDypQhniiIsYJ-2FdU2o6NNjRjeC7BLvMXr-2BNuGS1mnYg0N2408nIxWUsnDVrvt8Bvy0aGD88MGmByFqovbc1HExmIiDLe8TIxw7OUTh-2Fr1H8XyirVj8MSCuKDvJBTomA725u0U6-2FOVwpH6jrr-2BOHN-2FJUop-2BdY4i1n6SFAciF3CUkcii1LeWppni7U7SzmKv1Lfiwsn7hIxxOpHAY2svtmpMfqigYnYOVOsvqPH9WjgeMvptmD6pSp1npwqtqaY8jrRDOWgh-2BhWUdogOZ07lNsnG28UlfX98wa4at9sG-2F265u-2BQL-2BnvB21KlWW8RWM5uzWqo5vgMCn2QLiDYwAtJIOvzkOEgGlCSZ-2F2u52t\"><strong>Selfrag AG<\/strong><\/a><strong> da Kerzers (FR) - Economia circolare grazie alla trasformazione dei rifiuti in preziose materie prime<\/strong><\/h3>\n<p><strong>\u200b<\/strong>Ogni anno in Svizzera si producono circa 800.000 tonnellate di residui di incenerimento provenienti da impianti di incenerimento dei rifiuti. Selfrag utilizza la sua tecnologia per estrarre metalli e minerali preziosi dalle cosiddette ceneri pesanti. Selfrag recupera pi\u00f9 rame da una tonnellata di scorie che da una tonnellata di minerale proveniente dalla pi\u00f9 grande miniera di rame del mondo. Selfrag ha un tasso di recupero di 50%, il pi\u00f9 alto del settore. In questo modo, riduce le emissioni di CO\u2082 e contribuisce a colmare il divario verso un'economia circolare pienamente realizzata. Il loro obiettivo: restituire al processo di recupero la met\u00e0 dei residui di incenerimento della Svizzera con quattro o sei impianti all'anno. In questo modo si risolver\u00e0 anche il problema della carenza di spazio in discarica per le ceneri pesanti. \"Selfrag dimostra in modo impressionante come l'economia circolare crei nuovo valore. La tecnologia ha un enorme potenziale, in quanto \u00e8 scalabile sia a livello internazionale che in altre aree\", spiega Doris Leuthard.<\/p>\n<p>La finale del Green Business Award si svolger\u00e0 il 14 febbraio 2025 presso l'Impact Circle di Impact Gstaad. I finalisti presenteranno le loro soluzioni a potenziali investitori, dando loro l'opportunit\u00e0 di assicurarsi un finanziamento per la crescita. Perch\u00e9 solo quando le soluzioni svizzere possono scalare a livello internazionale si pu\u00f2 creare un impatto reale per il pianeta.<\/p>\n<p><em>Fonte: <a href=\"http:\/\/www.greenbusiness.ch\">www.greenbusiness.ch<\/a><\/em><\/p>","protected":false},"excerpt":{"rendered":"<p>Tre aziende svizzere di settori diversi dimostrano che sostenibilit\u00e0 e successo economico vanno di pari passo. Algrano, che promuove il commercio diretto del caff\u00e8 con il suo mercato online di caff\u00e8 verde. New Roots, che produce formaggi e alternative casearie a base vegetale, e Selfrag, che estrae preziose materie prime dalle scorie degli impianti di incenerimento dei rifiuti. Queste tre aziende sono in finale al Green Business Award 2024. <\/p>","protected":false},"author":58,"featured_media":29145,"comment_status":"closed","ping_status":"closed","sticky":false,"template":"","format":"standard","meta":{"_acf_changed":false,"_yoast_wpseo_focuskw":"Green Business Award","_yoast_wpseo_metadesc":"Drei Schweizer Unternehmen aus unterschiedlichen Branchen beweisen, dass Nachhaltigkeit und wirtschaftlicher Erfolg Hand in Hand gehen.","articlekey":"","footnotes":""},"categories":[580],"tags":[65,928,594,334,1787],"class_list":["post-29143","post","type-post","status-publish","format-standard","has-post-thumbnail","hentry","category-sustainability","tag-award","tag-co2","tag-kreislaufwirtschaft","tag-management","tag-nachhaltigkeit"],"acf":[],"yoast_head":"<!-- This site is optimized with the Yoast SEO plugin v27.4 - https:\/\/yoast.com\/product\/yoast-seo-wordpress\/ -->\n<title>Green Business Award 2024: Drei nachhaltige Pioniere im Finale - Organisator<\/title>\n<meta name=\"description\" content=\"Drei Schweizer Unternehmen aus unterschiedlichen Branchen beweisen, dass Nachhaltigkeit und wirtschaftlicher Erfolg Hand in Hand gehen.\" \/>\n<meta name=\"robots\" content=\"index, follow, max-snippet:-1, max-image-preview:large, max-video-preview:-1\" \/>\n<link rel=\"canonical\" href=\"https:\/\/www.organisator.ch\/it\/sostenibilita\/2024-08-21\/green-business-award-2024-drei-nachhaltige-pioniere-im-finale\/\" \/>\n<meta property=\"og:locale\" content=\"it_IT\" \/>\n<meta property=\"og:type\" content=\"article\" \/>\n<meta property=\"og:title\" content=\"Green Business Award 2024: Drei nachhaltige Pioniere im Finale\" \/>\n<meta property=\"og:description\" content=\"Drei Schweizer Unternehmen aus unterschiedlichen Branchen beweisen, dass Nachhaltigkeit und wirtschaftlicher Erfolg Hand in Hand gehen.\" \/>\n<meta property=\"og:url\" content=\"https:\/\/www.organisator.ch\/it\/sostenibilita\/2024-08-21\/green-business-award-2024-drei-nachhaltige-pioniere-im-finale\/\" \/>\n<meta property=\"og:site_name\" content=\"Organisator\" \/>\n<meta property=\"article:publisher\" content=\"https:\/\/www.facebook.com\/OrganisatorFachmagazin\" \/>\n<meta property=\"article:published_time\" content=\"2024-08-21T11:01:38+00:00\" \/>\n<meta property=\"og:image\" content=\"https:\/\/www.organisator.ch\/wp-content\/uploads\/2024\/08\/Green-Business-Award_Bild1_ps.jpg\" \/>\n\t<meta property=\"og:image:width\" content=\"680\" \/>\n\t<meta property=\"og:image:height\" content=\"459\" \/>\n\t<meta property=\"og:image:type\" content=\"image\/jpeg\" \/>\n<meta name=\"author\" content=\"Adelisa Kalajdzini\" \/>\n<meta name=\"twitter:card\" content=\"summary_large_image\" \/>\n<meta name=\"twitter:title\" content=\"Green Business Award 2024: Drei nachhaltige Pioniere im Finale\" \/>\n<meta name=\"twitter:description\" content=\"Drei #Schweizer #Unternehmen aus unterschiedlichen Branchen beweisen, dass #Nachhaltigkeit und #wirtschaftlicher #Erfolg Hand in Hand gehen.\" \/>\n<meta name=\"twitter:image\" content=\"https:\/\/www.organisator.ch\/wp-content\/uploads\/2024\/08\/Green-Business-Award_Bild1_ps.jpg\" \/>\n<script type=\"application\/ld+json\" class=\"yoast-schema-graph\">{\"@context\":\"https:\\\/\\\/schema.org\",\"@graph\":[{\"@type\":\"Article\",\"@id\":\"https:\\\/\\\/www.organisator.ch\\\/sustainability\\\/2024-08-21\\\/green-business-award-2024-drei-nachhaltige-pioniere-im-finale\\\/#article\",\"isPartOf\":{\"@id\":\"https:\\\/\\\/www.organisator.ch\\\/sustainability\\\/2024-08-21\\\/green-business-award-2024-drei-nachhaltige-pioniere-im-finale\\\/\"},\"author\":{\"name\":\"Adelisa Kalajdzini\",\"@id\":\"https:\\\/\\\/www.organisator.ch\\\/#\\\/schema\\\/person\\\/2e1314a2172123f874db408d8911d3f3\"},\"headline\":\"Green Business Award 2024: Drei nachhaltige Pioniere im Finale\",\"datePublished\":\"2024-08-21T11:01:38+00:00\",\"mainEntityOfPage\":{\"@id\":\"https:\\\/\\\/www.organisator.ch\\\/sustainability\\\/2024-08-21\\\/green-business-award-2024-drei-nachhaltige-pioniere-im-finale\\\/\"},\"wordCount\":645,\"publisher\":{\"@id\":\"https:\\\/\\\/www.organisator.ch\\\/#organization\"},\"image\":{\"@id\":\"https:\\\/\\\/www.organisator.ch\\\/sustainability\\\/2024-08-21\\\/green-business-award-2024-drei-nachhaltige-pioniere-im-finale\\\/#primaryimage\"},\"thumbnailUrl\":\"https:\\\/\\\/www.organisator.ch\\\/wp-content\\\/uploads\\\/2024\\\/08\\\/Green-Business-Award_Bild1_ps.jpg\",\"keywords\":[\"Award\",\"CO2\",\"Kreislaufwirtschaft\",\"Management\",\"Nachhaltigkeit\"],\"articleSection\":[\"SUSTAINABILITY\"],\"inLanguage\":\"it-IT\"},{\"@type\":\"WebPage\",\"@id\":\"https:\\\/\\\/www.organisator.ch\\\/sustainability\\\/2024-08-21\\\/green-business-award-2024-drei-nachhaltige-pioniere-im-finale\\\/\",\"url\":\"https:\\\/\\\/www.organisator.ch\\\/sustainability\\\/2024-08-21\\\/green-business-award-2024-drei-nachhaltige-pioniere-im-finale\\\/\",\"name\":\"Green Business Award 2024: Drei nachhaltige Pioniere im Finale - Organisator\",\"isPartOf\":{\"@id\":\"https:\\\/\\\/www.organisator.ch\\\/#website\"},\"primaryImageOfPage\":{\"@id\":\"https:\\\/\\\/www.organisator.ch\\\/sustainability\\\/2024-08-21\\\/green-business-award-2024-drei-nachhaltige-pioniere-im-finale\\\/#primaryimage\"},\"image\":{\"@id\":\"https:\\\/\\\/www.organisator.ch\\\/sustainability\\\/2024-08-21\\\/green-business-award-2024-drei-nachhaltige-pioniere-im-finale\\\/#primaryimage\"},\"thumbnailUrl\":\"https:\\\/\\\/www.organisator.ch\\\/wp-content\\\/uploads\\\/2024\\\/08\\\/Green-Business-Award_Bild1_ps.jpg\",\"datePublished\":\"2024-08-21T11:01:38+00:00\",\"description\":\"Drei Schweizer Unternehmen aus unterschiedlichen Branchen beweisen, dass Nachhaltigkeit und wirtschaftlicher Erfolg Hand in Hand gehen.\",\"breadcrumb\":{\"@id\":\"https:\\\/\\\/www.organisator.ch\\\/sustainability\\\/2024-08-21\\\/green-business-award-2024-drei-nachhaltige-pioniere-im-finale\\\/#breadcrumb\"},\"inLanguage\":\"it-IT\",\"potentialAction\":[{\"@type\":\"ReadAction\",\"target\":[\"https:\\\/\\\/www.organisator.ch\\\/sustainability\\\/2024-08-21\\\/green-business-award-2024-drei-nachhaltige-pioniere-im-finale\\\/\"]}]},{\"@type\":\"ImageObject\",\"inLanguage\":\"it-IT\",\"@id\":\"https:\\\/\\\/www.organisator.ch\\\/sustainability\\\/2024-08-21\\\/green-business-award-2024-drei-nachhaltige-pioniere-im-finale\\\/#primaryimage\",\"url\":\"https:\\\/\\\/www.organisator.ch\\\/wp-content\\\/uploads\\\/2024\\\/08\\\/Green-Business-Award_Bild1_ps.jpg\",\"contentUrl\":\"https:\\\/\\\/www.organisator.ch\\\/wp-content\\\/uploads\\\/2024\\\/08\\\/Green-Business-Award_Bild1_ps.jpg\",\"width\":680,\"height\":459,\"caption\":\"Einblick in die Jurysitzung v.l.n.r. C\u00e9dric Habermacher, Doris Leuthard und Reto Knutti. (Bild: www.greenbusiness.ch)\"},{\"@type\":\"BreadcrumbList\",\"@id\":\"https:\\\/\\\/www.organisator.ch\\\/sustainability\\\/2024-08-21\\\/green-business-award-2024-drei-nachhaltige-pioniere-im-finale\\\/#breadcrumb\",\"itemListElement\":[{\"@type\":\"ListItem\",\"position\":1,\"name\":\"Home\",\"item\":\"https:\\\/\\\/www.organisator.ch\\\/\"},{\"@type\":\"ListItem\",\"position\":2,\"name\":\"Green Business Award 2024: Drei nachhaltige Pioniere im Finale\"}]},{\"@type\":\"WebSite\",\"@id\":\"https:\\\/\\\/www.organisator.ch\\\/#website\",\"url\":\"https:\\\/\\\/www.organisator.ch\\\/\",\"name\":\"Organisator\",\"description\":\"Kompetent. Praxisnah. Der ORGANISATOR bereitet in 10 Ausgaben pro Jahr die wesentlichen Themen f\u00fcr F\u00fchrungskr\u00e4fte von KMU auf.\",\"publisher\":{\"@id\":\"https:\\\/\\\/www.organisator.ch\\\/#organization\"},\"potentialAction\":[{\"@type\":\"SearchAction\",\"target\":{\"@type\":\"EntryPoint\",\"urlTemplate\":\"https:\\\/\\\/www.organisator.ch\\\/?s={search_term_string}\"},\"query-input\":{\"@type\":\"PropertyValueSpecification\",\"valueRequired\":true,\"valueName\":\"search_term_string\"}}],\"inLanguage\":\"it-IT\"},{\"@type\":\"Organization\",\"@id\":\"https:\\\/\\\/www.organisator.ch\\\/#organization\",\"name\":\"Organisator\",\"url\":\"https:\\\/\\\/www.organisator.ch\\\/\",\"logo\":{\"@type\":\"ImageObject\",\"inLanguage\":\"it-IT\",\"@id\":\"https:\\\/\\\/www.organisator.ch\\\/#\\\/schema\\\/logo\\\/image\\\/\",\"url\":\"https:\\\/\\\/www.organisator.ch\\\/wp-content\\\/uploads\\\/2022\\\/01\\\/Logo_Organisator_Website.png\",\"contentUrl\":\"https:\\\/\\\/www.organisator.ch\\\/wp-content\\\/uploads\\\/2022\\\/01\\\/Logo_Organisator_Website.png\",\"width\":800,\"height\":77,\"caption\":\"Organisator\"},\"image\":{\"@id\":\"https:\\\/\\\/www.organisator.ch\\\/#\\\/schema\\\/logo\\\/image\\\/\"},\"sameAs\":[\"https:\\\/\\\/www.facebook.com\\\/OrganisatorFachmagazin\",\"https:\\\/\\\/www.linkedin.com\\\/showcase\\\/organisator-das-magazin-fr-kmu\",\"https:\\\/\\\/www.xing.com\\\/news\\\/pages\\\/organisator-ch-695\",\"https:\\\/\\\/www.youtube.com\\\/channel\\\/UCGP2Sq0iWaZwT3BdIAQFYpw\"]},{\"@type\":\"Person\",\"@id\":\"https:\\\/\\\/www.organisator.ch\\\/#\\\/schema\\\/person\\\/2e1314a2172123f874db408d8911d3f3\",\"name\":\"Adelisa Kalajdzini\",\"image\":{\"@type\":\"ImageObject\",\"inLanguage\":\"it-IT\",\"@id\":\"https:\\\/\\\/secure.gravatar.com\\\/avatar\\\/09a397c22ac58cad6f160ee8306348599df9df58a8ede73696226897b9fa4b24?s=96&d=mm&r=g\",\"url\":\"https:\\\/\\\/secure.gravatar.com\\\/avatar\\\/09a397c22ac58cad6f160ee8306348599df9df58a8ede73696226897b9fa4b24?s=96&d=mm&r=g\",\"contentUrl\":\"https:\\\/\\\/secure.gravatar.com\\\/avatar\\\/09a397c22ac58cad6f160ee8306348599df9df58a8ede73696226897b9fa4b24?s=96&d=mm&r=g\",\"caption\":\"Adelisa Kalajdzini\"},\"url\":\"https:\\\/\\\/www.organisator.ch\\\/it\\\/author\\\/adelisa-kalajdzini\\\/\"}]}<\/script>\n<!-- \/ Yoast SEO plugin. -->","yoast_head_json":{"title":"Premio Green Business 2024: tre pionieri della sostenibilit\u00e0 in finale - Organizzatore","description":"Tre aziende svizzere di settori diversi dimostrano che sostenibilit\u00e0 e successo economico vanno di pari passo.","robots":{"index":"index","follow":"follow","max-snippet":"max-snippet:-1","max-image-preview":"max-image-preview:large","max-video-preview":"max-video-preview:-1"},"canonical":"https:\/\/www.organisator.ch\/it\/sostenibilita\/2024-08-21\/green-business-award-2024-drei-nachhaltige-pioniere-im-finale\/","og_locale":"it_IT","og_type":"article","og_title":"Green Business Award 2024: Drei nachhaltige Pioniere im Finale","og_description":"Drei Schweizer Unternehmen aus unterschiedlichen Branchen beweisen, dass Nachhaltigkeit und wirtschaftlicher Erfolg Hand in Hand gehen.","og_url":"https:\/\/www.organisator.ch\/it\/sostenibilita\/2024-08-21\/green-business-award-2024-drei-nachhaltige-pioniere-im-finale\/","og_site_name":"Organisator","article_publisher":"https:\/\/www.facebook.com\/OrganisatorFachmagazin","article_published_time":"2024-08-21T11:01:38+00:00","og_image":[{"width":680,"height":459,"url":"https:\/\/www.organisator.ch\/wp-content\/uploads\/2024\/08\/Green-Business-Award_Bild1_ps.jpg","type":"image\/jpeg"}],"author":"Adelisa Kalajdzini","twitter_card":"summary_large_image","twitter_title":"Green Business Award 2024: Drei nachhaltige Pioniere im Finale","twitter_description":"Drei #Schweizer #Unternehmen aus unterschiedlichen Branchen beweisen, dass #Nachhaltigkeit und #wirtschaftlicher #Erfolg Hand in Hand gehen.","twitter_image":"https:\/\/www.organisator.ch\/wp-content\/uploads\/2024\/08\/Green-Business-Award_Bild1_ps.jpg","schema":{"@context":"https:\/\/schema.org","@graph":[{"@type":"Article","@id":"https:\/\/www.organisator.ch\/sustainability\/2024-08-21\/green-business-award-2024-drei-nachhaltige-pioniere-im-finale\/#article","isPartOf":{"@id":"https:\/\/www.organisator.ch\/sustainability\/2024-08-21\/green-business-award-2024-drei-nachhaltige-pioniere-im-finale\/"},"author":{"name":"Adelisa Kalajdzini","@id":"https:\/\/www.organisator.ch\/#\/schema\/person\/2e1314a2172123f874db408d8911d3f3"},"headline":"Green Business Award 2024: Drei nachhaltige Pioniere im Finale","datePublished":"2024-08-21T11:01:38+00:00","mainEntityOfPage":{"@id":"https:\/\/www.organisator.ch\/sustainability\/2024-08-21\/green-business-award-2024-drei-nachhaltige-pioniere-im-finale\/"},"wordCount":645,"publisher":{"@id":"https:\/\/www.organisator.ch\/#organization"},"image":{"@id":"https:\/\/www.organisator.ch\/sustainability\/2024-08-21\/green-business-award-2024-drei-nachhaltige-pioniere-im-finale\/#primaryimage"},"thumbnailUrl":"https:\/\/www.organisator.ch\/wp-content\/uploads\/2024\/08\/Green-Business-Award_Bild1_ps.jpg","keywords":["Award","CO2","Kreislaufwirtschaft","Management","Nachhaltigkeit"],"articleSection":["SUSTAINABILITY"],"inLanguage":"it-IT"},{"@type":"WebPage","@id":"https:\/\/www.organisator.ch\/sustainability\/2024-08-21\/green-business-award-2024-drei-nachhaltige-pioniere-im-finale\/","url":"https:\/\/www.organisator.ch\/sustainability\/2024-08-21\/green-business-award-2024-drei-nachhaltige-pioniere-im-finale\/","name":"Premio Green Business 2024: tre pionieri della sostenibilit\u00e0 in finale - Organizzatore","isPartOf":{"@id":"https:\/\/www.organisator.ch\/#website"},"primaryImageOfPage":{"@id":"https:\/\/www.organisator.ch\/sustainability\/2024-08-21\/green-business-award-2024-drei-nachhaltige-pioniere-im-finale\/#primaryimage"},"image":{"@id":"https:\/\/www.organisator.ch\/sustainability\/2024-08-21\/green-business-award-2024-drei-nachhaltige-pioniere-im-finale\/#primaryimage"},"thumbnailUrl":"https:\/\/www.organisator.ch\/wp-content\/uploads\/2024\/08\/Green-Business-Award_Bild1_ps.jpg","datePublished":"2024-08-21T11:01:38+00:00","description":"Tre aziende svizzere di settori diversi dimostrano che sostenibilit\u00e0 e successo economico vanno di pari passo.","breadcrumb":{"@id":"https:\/\/www.organisator.ch\/sustainability\/2024-08-21\/green-business-award-2024-drei-nachhaltige-pioniere-im-finale\/#breadcrumb"},"inLanguage":"it-IT","potentialAction":[{"@type":"ReadAction","target":["https:\/\/www.organisator.ch\/sustainability\/2024-08-21\/green-business-award-2024-drei-nachhaltige-pioniere-im-finale\/"]}]},{"@type":"ImageObject","inLanguage":"it-IT","@id":"https:\/\/www.organisator.ch\/sustainability\/2024-08-21\/green-business-award-2024-drei-nachhaltige-pioniere-im-finale\/#primaryimage","url":"https:\/\/www.organisator.ch\/wp-content\/uploads\/2024\/08\/Green-Business-Award_Bild1_ps.jpg","contentUrl":"https:\/\/www.organisator.ch\/wp-content\/uploads\/2024\/08\/Green-Business-Award_Bild1_ps.jpg","width":680,"height":459,"caption":"Einblick in die Jurysitzung v.l.n.r. C\u00e9dric Habermacher, Doris Leuthard und Reto Knutti. (Bild: www.greenbusiness.ch)"},{"@type":"BreadcrumbList","@id":"https:\/\/www.organisator.ch\/sustainability\/2024-08-21\/green-business-award-2024-drei-nachhaltige-pioniere-im-finale\/#breadcrumb","itemListElement":[{"@type":"ListItem","position":1,"name":"Home","item":"https:\/\/www.organisator.ch\/"},{"@type":"ListItem","position":2,"name":"Green Business Award 2024: Drei nachhaltige Pioniere im Finale"}]},{"@type":"WebSite","@id":"https:\/\/www.organisator.ch\/#website","url":"https:\/\/www.organisator.ch\/","name":"Organizzatore","description":"Competente. Pratico. In 10 numeri all'anno, ORGANISATOR presenta i temi essenziali per i manager delle PMI.","publisher":{"@id":"https:\/\/www.organisator.ch\/#organization"},"potentialAction":[{"@type":"SearchAction","target":{"@type":"EntryPoint","urlTemplate":"https:\/\/www.organisator.ch\/?s={search_term_string}"},"query-input":{"@type":"PropertyValueSpecification","valueRequired":true,"valueName":"search_term_string"}}],"inLanguage":"it-IT"},{"@type":"Organization","@id":"https:\/\/www.organisator.ch\/#organization","name":"Organizzatore","url":"https:\/\/www.organisator.ch\/","logo":{"@type":"ImageObject","inLanguage":"it-IT","@id":"https:\/\/www.organisator.ch\/#\/schema\/logo\/image\/","url":"https:\/\/www.organisator.ch\/wp-content\/uploads\/2022\/01\/Logo_Organisator_Website.png","contentUrl":"https:\/\/www.organisator.ch\/wp-content\/uploads\/2022\/01\/Logo_Organisator_Website.png","width":800,"height":77,"caption":"Organisator"},"image":{"@id":"https:\/\/www.organisator.ch\/#\/schema\/logo\/image\/"},"sameAs":["https:\/\/www.facebook.com\/OrganisatorFachmagazin","https:\/\/www.linkedin.com\/showcase\/organisator-das-magazin-fr-kmu","https:\/\/www.xing.com\/news\/pages\/organisator-ch-695","https:\/\/www.youtube.com\/channel\/UCGP2Sq0iWaZwT3BdIAQFYpw"]},{"@type":"Person","@id":"https:\/\/www.organisator.ch\/#\/schema\/person\/2e1314a2172123f874db408d8911d3f3","name":"Adelisa Kalajdzini","image":{"@type":"ImageObject","inLanguage":"it-IT","@id":"https:\/\/secure.gravatar.com\/avatar\/09a397c22ac58cad6f160ee8306348599df9df58a8ede73696226897b9fa4b24?s=96&d=mm&r=g","url":"https:\/\/secure.gravatar.com\/avatar\/09a397c22ac58cad6f160ee8306348599df9df58a8ede73696226897b9fa4b24?s=96&d=mm&r=g","contentUrl":"https:\/\/secure.gravatar.com\/avatar\/09a397c22ac58cad6f160ee8306348599df9df58a8ede73696226897b9fa4b24?s=96&d=mm&r=g","caption":"Adelisa Kalajdzini"},"url":"https:\/\/www.organisator.ch\/it\/author\/adelisa-kalajdzini\/"}]}},"_links":{"self":[{"href":"https:\/\/www.organisator.ch\/it\/wp-json\/wp\/v2\/posts\/29143","targetHints":{"allow":["GET"]}}],"collection":[{"href":"https:\/\/www.organisator.ch\/it\/wp-json\/wp\/v2\/posts"}],"about":[{"href":"https:\/\/www.organisator.ch\/it\/wp-json\/wp\/v2\/types\/post"}],"author":[{"embeddable":true,"href":"https:\/\/www.organisator.ch\/it\/wp-json\/wp\/v2\/users\/58"}],"replies":[{"embeddable":true,"href":"https:\/\/www.organisator.ch\/it\/wp-json\/wp\/v2\/comments?post=29143"}],"version-history":[{"count":4,"href":"https:\/\/www.organisator.ch\/it\/wp-json\/wp\/v2\/posts\/29143\/revisions"}],"predecessor-version":[{"id":29201,"href":"https:\/\/www.organisator.ch\/it\/wp-json\/wp\/v2\/posts\/29143\/revisions\/29201"}],"wp:featuredmedia":[{"embeddable":true,"href":"https:\/\/www.organisator.ch\/it\/wp-json\/wp\/v2\/media\/29145"}],"wp:attachment":[{"href":"https:\/\/www.organisator.ch\/it\/wp-json\/wp\/v2\/media?parent=29143"}],"wp:term":[{"taxonomy":"category","embeddable":true,"href":"https:\/\/www.organisator.ch\/it\/wp-json\/wp\/v2\/categories?post=29143"},{"taxonomy":"post_tag","embeddable":true,"href":"https:\/\/www.organisator.ch\/it\/wp-json\/wp\/v2\/tags?post=29143"}],"curies":[{"name":"wp","href":"https:\/\/api.w.org\/{rel}","templated":true}]}}