{"id":2917,"date":"2017-12-28T07:30:33","date_gmt":"2017-12-28T06:30:33","guid":{"rendered":"https:\/\/www.organisator.ch\/?p=2917"},"modified":"2017-12-28T07:30:33","modified_gmt":"2017-12-28T06:30:33","slug":"die-finalisten-des-prix-svc-ostschweiz-2018-sind-nominiert","status":"publish","type":"post","link":"https:\/\/www.organisator.ch\/it\/management\/2017-12-28\/die-finalisten-des-prix-svc-ostschweiz-2018-sind-nominiert\/","title":{"rendered":"I finalisti del Prix SVC Ostschweiz 2018 sono nominati"},"content":{"rendered":"<figure id=\"attachment_2918\" aria-describedby=\"caption-attachment-2918\" style=\"width: 640px\" class=\"wp-caption alignnone\"><img loading=\"lazy\" decoding=\"async\" class=\"size-full wp-image-2918\" src=\"https:\/\/www.organisator.ch\/wp-content\/uploads\/2017\/12\/Die-Finalisten-des-Prix-SVC-Ostschweiz-2018-sind-nominiert_Organisator.jpg\" alt=\"\" width=\"640\" height=\"362\" srcset=\"https:\/\/www.organisator.ch\/wp-content\/uploads\/2017\/12\/Die-Finalisten-des-Prix-SVC-Ostschweiz-2018-sind-nominiert_Organisator.jpg 640w, https:\/\/www.organisator.ch\/wp-content\/uploads\/2017\/12\/Die-Finalisten-des-Prix-SVC-Ostschweiz-2018-sind-nominiert_Organisator-16x9.jpg 16w, https:\/\/www.organisator.ch\/wp-content\/uploads\/2017\/12\/Die-Finalisten-des-Prix-SVC-Ostschweiz-2018-sind-nominiert_Organisator-309x175.jpg 309w, https:\/\/www.organisator.ch\/wp-content\/uploads\/2017\/12\/Die-Finalisten-des-Prix-SVC-Ostschweiz-2018-sind-nominiert_Organisator-619x350.jpg 619w, https:\/\/www.organisator.ch\/wp-content\/uploads\/2017\/12\/Die-Finalisten-des-Prix-SVC-Ostschweiz-2018-sind-nominiert_Organisator-300x170.jpg 300w\" sizes=\"auto, (max-width: 640px) 100vw, 640px\" \/><figcaption id=\"caption-attachment-2918\" class=\"wp-caption-text\">Chi vincer\u00e0 il Prix SVC Ostschweiz 2018? (Immagine: Thomas Berner)<\/figcaption><\/figure>\n<p>Il Prix SVC Ostschweiz viene assegnato dallo Swiss Venture Club (SVC) alle piccole e medie imprese (PMI) di successo della regione che convincono per la loro cultura aziendale, per la qualit\u00e0 dei dipendenti e del management, per i loro prodotti e innovazioni e per il loro curriculum sostenibile. Dal 2004, il Prix SVC Ostschweiz viene assegnato ogni due anni, quindi il 2018 \u00e8 gi\u00e0 l'ottava volta. Lo Swiss Venture Club (SVC) \u00e8 un'associazione indipendente, senza scopo di lucro, di imprenditori per gli imprenditori. Sostiene e promuove le PMI come forza trainante dell'economia svizzera, contribuendo cos\u00ec alla creazione e al mantenimento di posti di lavoro in Svizzera. L'USC crea opportunit\u00e0 di contatto e di networking per i suoi oltre 3000 membri in sette regioni economiche e genera impulsi imprenditoriali per la piazza economica svizzera.<\/p>\n<h2><strong>Aziende di tutta la Svizzera orientale<\/strong><\/h2>\n<p>La giuria di esperti, composta da 13 membri, ha nominato i sei vincitori del premio da un elenco di circa 150 aziende in un processo a pi\u00f9 fasi - sotto la direzione del professor Thomas Zellweger dell'Istituto PMI della HSG. Sono state selezionate aziende di Appenzello, Glarona, Grigioni, San Gallo e Turgovia. I finalisti del Prix SVC Ostschweiz 2018 sono (in ordine alfabetico):<\/p>\n<ul>\n<li><strong>B\u00fcchi Labortechnik AG:<\/strong> Il fornitore leader mondiale di soluzioni tecnologiche di laboratorio per la ricerca e lo sviluppo, il controllo qualit\u00e0 e la produzione offre soluzioni per l'evaporazione industriale e parallela, l'essiccazione a spruzzo e l'incapsulamento, nonch\u00e9 per l'essiccazione in laboratorio e la liofilizzazione. B\u00fcchi Labortechnik AG sviluppa da 75 anni tecnologie di laboratorio convincenti per industrie come quella farmaceutica, chimica, alimentare, mangimistica, analisi ambientale e universit\u00e0 e impiega pi\u00f9 di 700 persone nella sede centrale di Flawil, San Gallo, e in 18 filiali (Asia, Europa, America) in tutto il mondo.<\/li>\n<li><strong>Corvaglia Holding AG: <\/strong>Con tre sedi, partner in 15 Paesi e clienti in tutto il mondo, Corvaglia Holding AG di Eschlikon in Turgovia fornisce a rinomate multinazionali soluzioni di chiusura per bottiglie in PET con grande spirito pionieristico. In qualit\u00e0 di fornitore innovativo e di successo dell'industria delle bevande, Corvaglia Holding AG ha definito gli standard globali per i tappi in plastica. I 275 dipendenti coprono l'intera catena di processo completamente integrata, dalla progettazione e sviluppo di chiusure, alla costruzione di stampi e alla produzione di chiusure, fino all'applicazione e al supporto tecnico.<\/li>\n<li><strong>HB-Therm Ltd: <\/strong>Settori come l'automotive, la tecnologia medica, i beni di consumo, l'ottica e l'industria sono equipaggiati con le innovative unit\u00e0 di controllo della temperatura di HB-Therm AG, che garantiscono cos\u00ec la qualit\u00e0 e l'alta efficienza dei pezzi stampati a iniezione di plastica. I 130 dipendenti supportano i clienti dalla progettazione delle apparecchiature all'assistenza post-vendita. L'impianto di produzione di San Gallo vende le unit\u00e0 di termoregolazione alle proprie societ\u00e0 di vendita in Germania e in Francia, nonch\u00e9 attraverso una rete di vendita in oltre 50 altri Paesi.<\/li>\n<li><strong>Namics AG: <\/strong>Namics \u00e8 una delle principali agenzie digitali full-service per l'e-commerce, i siti web e i portali e la comunicazione digitale. In qualit\u00e0 di partner strategico nella trasformazione digitale, lo specialista dell'e-business con circa 500 dipendenti offre consulenza strategica, concezione creativa e implementazione tecnica da un'unica fonte. L'azienda, gestita dal proprietario, \u00e8 stata fondata nel 1995, originariamente come spin-off dell'HSG. Oltre alla sede principale di San Gallo, Namics AG \u00e8 rappresentata in altre cinque sedi in Germania e in Serbia.<\/li>\n<li><strong>MS Direct Group AG: <\/strong>Il leader di mercato svizzero nella gestione delle relazioni con i clienti offre servizi di CRM, call center, lettershop, soluzioni IT per l'e-commerce e logistica dei resi. La sua filiale Quickmail consegna ogni settimana mailing e cataloghi indirizzati a 3 milioni di famiglie in Svizzera. MS Direct Group AG, con sede a San Gallo, impiega circa 1200 persone in otto sedi in tutta la Svizzera.<\/li>\n<li><strong>Uffer AG: <\/strong>Costruzioni in legno, costruzioni ad elementi e modulari, costruzioni a secco, costruzioni edilizie e ingegneria civile, oltre a garantire la mobilit\u00e0 elettrica nella regione in cui si trova: Uffer AG ha un'ampia posizione. Con una tradizione artigianale e una visione del futuro, fa parte di \"ela energiewelt\", ospita il centro di competenza \"Building and Energy\" e ha posto una pietra miliare nella costruzione modulare con il sistema \"QUADRIN\". Uffer AG, uno dei maggiori datori di lavoro della regione, impiega circa 80 persone nella sua sede di Savognin.<\/li>\n<\/ul>\n<h2>Cerimonia di premiazione l'8 marzo 2018 a San Gallo<\/h2>\n<p>Il Prix SVC Ostschweiz \u00e8 stato assegnato per la prima volta nel 2004 a San Gallo - all'epoca si chiamava ancora \"Premio Imprenditoriale SVC Svizzera Orientale\". Oltre al trofeo, tutti i finalisti potranno contare su interessanti premi che li aiuteranno a sviluppare ulteriormente e con successo la loro azienda.<\/p>\n<p><a href=\"http:\/\/www.swiss-venture-club.ch\/Web\/Ostschweiz_id318\"><em>Ulteriori informazioni<\/em><\/a><\/p>","protected":false},"excerpt":{"rendered":"<p>Mit dem Prix SVC Ostschweiz werden erfolgreiche Klein- und Mittelunternehmen (KMU) der Region vom Swiss Venture Club (SVC) ausgezeichnet, die \u00fcberzeugen: mit ihrer Firmenkultur, mit der Qualit\u00e4t der Mitarbeitenden und des Managements, mit ihren Produkten und Innovationen sowie mit einem nachhaltigen Erfolgsausweis. Seit 2004 wird der Prix SVC Ostschweiz alle zwei Jahre vergeben, 2018 also [&hellip;]<\/p>\n","protected":false},"author":4,"featured_media":2918,"comment_status":"open","ping_status":"open","sticky":false,"template":"","format":"standard","meta":{"_acf_changed":false,"_yoast_wpseo_focuskw":"Prix SVC Ostschweiz","_yoast_wpseo_metadesc":"Die sechs Finalisten f\u00fcr den Prix SVC Ostschweiz, allesamt erfolgreiche Ostschweizer KMU, stehen nun fest. Die Preisverleihung findet am 8. M\u00e4rz 2018 statt.","articlekey":"","footnotes":""},"categories":[28],"tags":[66,492,496,502],"class_list":["post-2917","post","type-post","status-publish","format-standard","has-post-thumbnail","hentry","category-management","tag-awards","tag-unternehmen","tag-unternehmensfuehrung","tag-veranstaltungen"],"acf":[],"yoast_head":"<!-- This site is optimized with the Yoast SEO plugin v27.4 - https:\/\/yoast.com\/product\/yoast-seo-wordpress\/ -->\n<title>Die Finalisten des Prix SVC Ostschweiz 2018 sind nominiert - Organisator<\/title>\n<meta name=\"description\" content=\"Die sechs Finalisten f\u00fcr den Prix SVC Ostschweiz, allesamt erfolgreiche Ostschweizer KMU, stehen nun fest. Die Preisverleihung findet am 8. M\u00e4rz 2018 statt.\" \/>\n<meta name=\"robots\" content=\"index, follow, max-snippet:-1, max-image-preview:large, max-video-preview:-1\" \/>\n<link rel=\"canonical\" href=\"https:\/\/www.organisator.ch\/it\/gestione-2\/2017-12-28\/die-finalisten-des-prix-svc-ostschweiz-2018-sind-nominiert\/\" \/>\n<meta property=\"og:locale\" content=\"it_IT\" \/>\n<meta property=\"og:type\" content=\"article\" \/>\n<meta property=\"og:title\" content=\"Die Finalisten des Prix SVC Ostschweiz 2018 sind nominiert\" \/>\n<meta property=\"og:description\" content=\"Die sechs #Finalisten f\u00fcr den Prix #SVC #Ostschweiz, allesamt erfolgreiche Ostschweizer KMU, stehen nun fest. Die #Preisverleihung findet am 8. M\u00e4rz 2018 statt.\" \/>\n<meta property=\"og:url\" content=\"https:\/\/www.organisator.ch\/it\/gestione-2\/2017-12-28\/die-finalisten-des-prix-svc-ostschweiz-2018-sind-nominiert\/\" \/>\n<meta property=\"og:site_name\" content=\"Organisator\" \/>\n<meta property=\"article:publisher\" content=\"https:\/\/www.facebook.com\/OrganisatorFachmagazin\" \/>\n<meta property=\"article:published_time\" content=\"2017-12-28T06:30:33+00:00\" \/>\n<meta property=\"og:image\" content=\"https:\/\/www.organisator.ch\/wp-content\/uploads\/2017\/12\/Die-Finalisten-des-Prix-SVC-Ostschweiz-2018-sind-nominiert_Organisator.jpg\" \/>\n\t<meta property=\"og:image:width\" content=\"640\" \/>\n\t<meta property=\"og:image:height\" content=\"362\" \/>\n\t<meta property=\"og:image:type\" content=\"image\/jpeg\" \/>\n<meta name=\"author\" content=\"thomas.berner\" \/>\n<meta name=\"twitter:card\" content=\"summary_large_image\" \/>\n<meta name=\"twitter:title\" content=\"Die #Finalisten des Prix SVC Ostschweiz 2018 sind nominiert #PrixSVC_Ostschweiz\" \/>\n<meta name=\"twitter:description\" content=\"Die sechs #Finalisten f\u00fcr den Prix SVC #Ostschweiz, allesamt erfolgreiche Ostschweizer KMU, stehen nun fest. Die #Preisverleihung findet am 8. M\u00e4rz 2018 statt.\" \/>\n<meta name=\"twitter:image\" content=\"https:\/\/www.organisator.ch\/wp-content\/uploads\/2017\/12\/Die-Finalisten-des-Prix-SVC-Ostschweiz-2018-sind-nominiert_Organisator.jpg\" \/>\n<script type=\"application\/ld+json\" class=\"yoast-schema-graph\">{\"@context\":\"https:\\\/\\\/schema.org\",\"@graph\":[{\"@type\":\"Article\",\"@id\":\"https:\\\/\\\/www.organisator.ch\\\/management\\\/2017-12-28\\\/die-finalisten-des-prix-svc-ostschweiz-2018-sind-nominiert\\\/#article\",\"isPartOf\":{\"@id\":\"https:\\\/\\\/www.organisator.ch\\\/management\\\/2017-12-28\\\/die-finalisten-des-prix-svc-ostschweiz-2018-sind-nominiert\\\/\"},\"author\":{\"name\":\"thomas.berner\",\"@id\":\"https:\\\/\\\/www.organisator.ch\\\/#\\\/schema\\\/person\\\/6f650f90b2842cd4c0cc334b4e36f67e\"},\"headline\":\"Die Finalisten des Prix SVC Ostschweiz 2018 sind nominiert\",\"datePublished\":\"2017-12-28T06:30:33+00:00\",\"mainEntityOfPage\":{\"@id\":\"https:\\\/\\\/www.organisator.ch\\\/management\\\/2017-12-28\\\/die-finalisten-des-prix-svc-ostschweiz-2018-sind-nominiert\\\/\"},\"wordCount\":708,\"commentCount\":0,\"publisher\":{\"@id\":\"https:\\\/\\\/www.organisator.ch\\\/#organization\"},\"image\":{\"@id\":\"https:\\\/\\\/www.organisator.ch\\\/management\\\/2017-12-28\\\/die-finalisten-des-prix-svc-ostschweiz-2018-sind-nominiert\\\/#primaryimage\"},\"thumbnailUrl\":\"https:\\\/\\\/www.organisator.ch\\\/wp-content\\\/uploads\\\/2017\\\/12\\\/Die-Finalisten-des-Prix-SVC-Ostschweiz-2018-sind-nominiert_Organisator.jpg\",\"keywords\":[\"Awards\",\"Unternehmen\",\"Unternehmensf\u00fchrung\",\"Veranstaltungen\"],\"articleSection\":[\"MANAGEMENT\"],\"inLanguage\":\"it-IT\"},{\"@type\":\"WebPage\",\"@id\":\"https:\\\/\\\/www.organisator.ch\\\/management\\\/2017-12-28\\\/die-finalisten-des-prix-svc-ostschweiz-2018-sind-nominiert\\\/\",\"url\":\"https:\\\/\\\/www.organisator.ch\\\/management\\\/2017-12-28\\\/die-finalisten-des-prix-svc-ostschweiz-2018-sind-nominiert\\\/\",\"name\":\"Die Finalisten des Prix SVC Ostschweiz 2018 sind nominiert - Organisator\",\"isPartOf\":{\"@id\":\"https:\\\/\\\/www.organisator.ch\\\/#website\"},\"primaryImageOfPage\":{\"@id\":\"https:\\\/\\\/www.organisator.ch\\\/management\\\/2017-12-28\\\/die-finalisten-des-prix-svc-ostschweiz-2018-sind-nominiert\\\/#primaryimage\"},\"image\":{\"@id\":\"https:\\\/\\\/www.organisator.ch\\\/management\\\/2017-12-28\\\/die-finalisten-des-prix-svc-ostschweiz-2018-sind-nominiert\\\/#primaryimage\"},\"thumbnailUrl\":\"https:\\\/\\\/www.organisator.ch\\\/wp-content\\\/uploads\\\/2017\\\/12\\\/Die-Finalisten-des-Prix-SVC-Ostschweiz-2018-sind-nominiert_Organisator.jpg\",\"datePublished\":\"2017-12-28T06:30:33+00:00\",\"description\":\"Die sechs Finalisten f\u00fcr den Prix SVC Ostschweiz, allesamt erfolgreiche Ostschweizer KMU, stehen nun fest. Die Preisverleihung findet am 8. M\u00e4rz 2018 statt.\",\"breadcrumb\":{\"@id\":\"https:\\\/\\\/www.organisator.ch\\\/management\\\/2017-12-28\\\/die-finalisten-des-prix-svc-ostschweiz-2018-sind-nominiert\\\/#breadcrumb\"},\"inLanguage\":\"it-IT\",\"potentialAction\":[{\"@type\":\"ReadAction\",\"target\":[\"https:\\\/\\\/www.organisator.ch\\\/management\\\/2017-12-28\\\/die-finalisten-des-prix-svc-ostschweiz-2018-sind-nominiert\\\/\"]}]},{\"@type\":\"ImageObject\",\"inLanguage\":\"it-IT\",\"@id\":\"https:\\\/\\\/www.organisator.ch\\\/management\\\/2017-12-28\\\/die-finalisten-des-prix-svc-ostschweiz-2018-sind-nominiert\\\/#primaryimage\",\"url\":\"https:\\\/\\\/www.organisator.ch\\\/wp-content\\\/uploads\\\/2017\\\/12\\\/Die-Finalisten-des-Prix-SVC-Ostschweiz-2018-sind-nominiert_Organisator.jpg\",\"contentUrl\":\"https:\\\/\\\/www.organisator.ch\\\/wp-content\\\/uploads\\\/2017\\\/12\\\/Die-Finalisten-des-Prix-SVC-Ostschweiz-2018-sind-nominiert_Organisator.jpg\",\"width\":640,\"height\":362,\"caption\":\"Wer gewinnt den Prix SVC Ostschweiz 2018? (Bild: Thomas Berner)\"},{\"@type\":\"BreadcrumbList\",\"@id\":\"https:\\\/\\\/www.organisator.ch\\\/management\\\/2017-12-28\\\/die-finalisten-des-prix-svc-ostschweiz-2018-sind-nominiert\\\/#breadcrumb\",\"itemListElement\":[{\"@type\":\"ListItem\",\"position\":1,\"name\":\"Home\",\"item\":\"https:\\\/\\\/www.organisator.ch\\\/\"},{\"@type\":\"ListItem\",\"position\":2,\"name\":\"Die Finalisten des Prix SVC Ostschweiz 2018 sind nominiert\"}]},{\"@type\":\"WebSite\",\"@id\":\"https:\\\/\\\/www.organisator.ch\\\/#website\",\"url\":\"https:\\\/\\\/www.organisator.ch\\\/\",\"name\":\"Organisator\",\"description\":\"Kompetent. Praxisnah. Der ORGANISATOR bereitet in 10 Ausgaben pro Jahr die wesentlichen Themen f\u00fcr F\u00fchrungskr\u00e4fte von KMU auf.\",\"publisher\":{\"@id\":\"https:\\\/\\\/www.organisator.ch\\\/#organization\"},\"potentialAction\":[{\"@type\":\"SearchAction\",\"target\":{\"@type\":\"EntryPoint\",\"urlTemplate\":\"https:\\\/\\\/www.organisator.ch\\\/?s={search_term_string}\"},\"query-input\":{\"@type\":\"PropertyValueSpecification\",\"valueRequired\":true,\"valueName\":\"search_term_string\"}}],\"inLanguage\":\"it-IT\"},{\"@type\":\"Organization\",\"@id\":\"https:\\\/\\\/www.organisator.ch\\\/#organization\",\"name\":\"Organisator\",\"url\":\"https:\\\/\\\/www.organisator.ch\\\/\",\"logo\":{\"@type\":\"ImageObject\",\"inLanguage\":\"it-IT\",\"@id\":\"https:\\\/\\\/www.organisator.ch\\\/#\\\/schema\\\/logo\\\/image\\\/\",\"url\":\"https:\\\/\\\/www.organisator.ch\\\/wp-content\\\/uploads\\\/2022\\\/01\\\/Logo_Organisator_Website.png\",\"contentUrl\":\"https:\\\/\\\/www.organisator.ch\\\/wp-content\\\/uploads\\\/2022\\\/01\\\/Logo_Organisator_Website.png\",\"width\":800,\"height\":77,\"caption\":\"Organisator\"},\"image\":{\"@id\":\"https:\\\/\\\/www.organisator.ch\\\/#\\\/schema\\\/logo\\\/image\\\/\"},\"sameAs\":[\"https:\\\/\\\/www.facebook.com\\\/OrganisatorFachmagazin\",\"https:\\\/\\\/www.linkedin.com\\\/showcase\\\/organisator-das-magazin-fr-kmu\",\"https:\\\/\\\/www.xing.com\\\/news\\\/pages\\\/organisator-ch-695\",\"https:\\\/\\\/www.youtube.com\\\/channel\\\/UCGP2Sq0iWaZwT3BdIAQFYpw\"]},{\"@type\":\"Person\",\"@id\":\"https:\\\/\\\/www.organisator.ch\\\/#\\\/schema\\\/person\\\/6f650f90b2842cd4c0cc334b4e36f67e\",\"name\":\"thomas.berner\",\"image\":{\"@type\":\"ImageObject\",\"inLanguage\":\"it-IT\",\"@id\":\"https:\\\/\\\/secure.gravatar.com\\\/avatar\\\/ac5001d2a36cb6c6cd3e50789007ffca834b477b74a2144564522e944eabff61?s=96&d=mm&r=g\",\"url\":\"https:\\\/\\\/secure.gravatar.com\\\/avatar\\\/ac5001d2a36cb6c6cd3e50789007ffca834b477b74a2144564522e944eabff61?s=96&d=mm&r=g\",\"contentUrl\":\"https:\\\/\\\/secure.gravatar.com\\\/avatar\\\/ac5001d2a36cb6c6cd3e50789007ffca834b477b74a2144564522e944eabff61?s=96&d=mm&r=g\",\"caption\":\"thomas.berner\"},\"url\":\"https:\\\/\\\/www.organisator.ch\\\/it\\\/author\\\/thomas-berner\\\/\"}]}<\/script>\n<!-- \/ Yoast SEO plugin. -->","yoast_head_json":{"title":"I finalisti del Prix SVC Ostschweiz 2018 sono nominati - Organizzatore","description":"Sono stati selezionati i sei finalisti del Prix SVC Ostschweiz, tutte PMI di successo della Svizzera orientale. La cerimonia di premiazione si terr\u00e0 l'8 marzo 2018.","robots":{"index":"index","follow":"follow","max-snippet":"max-snippet:-1","max-image-preview":"max-image-preview:large","max-video-preview":"max-video-preview:-1"},"canonical":"https:\/\/www.organisator.ch\/it\/gestione-2\/2017-12-28\/die-finalisten-des-prix-svc-ostschweiz-2018-sind-nominiert\/","og_locale":"it_IT","og_type":"article","og_title":"Die Finalisten des Prix SVC Ostschweiz 2018 sind nominiert","og_description":"Die sechs #Finalisten f\u00fcr den Prix #SVC #Ostschweiz, allesamt erfolgreiche Ostschweizer KMU, stehen nun fest. Die #Preisverleihung findet am 8. M\u00e4rz 2018 statt.","og_url":"https:\/\/www.organisator.ch\/it\/gestione-2\/2017-12-28\/die-finalisten-des-prix-svc-ostschweiz-2018-sind-nominiert\/","og_site_name":"Organisator","article_publisher":"https:\/\/www.facebook.com\/OrganisatorFachmagazin","article_published_time":"2017-12-28T06:30:33+00:00","og_image":[{"width":640,"height":362,"url":"https:\/\/www.organisator.ch\/wp-content\/uploads\/2017\/12\/Die-Finalisten-des-Prix-SVC-Ostschweiz-2018-sind-nominiert_Organisator.jpg","type":"image\/jpeg"}],"author":"thomas.berner","twitter_card":"summary_large_image","twitter_title":"Die #Finalisten des Prix SVC Ostschweiz 2018 sind nominiert #PrixSVC_Ostschweiz","twitter_description":"Die sechs #Finalisten f\u00fcr den Prix SVC #Ostschweiz, allesamt erfolgreiche Ostschweizer KMU, stehen nun fest. Die #Preisverleihung findet am 8. M\u00e4rz 2018 statt.","twitter_image":"https:\/\/www.organisator.ch\/wp-content\/uploads\/2017\/12\/Die-Finalisten-des-Prix-SVC-Ostschweiz-2018-sind-nominiert_Organisator.jpg","schema":{"@context":"https:\/\/schema.org","@graph":[{"@type":"Article","@id":"https:\/\/www.organisator.ch\/management\/2017-12-28\/die-finalisten-des-prix-svc-ostschweiz-2018-sind-nominiert\/#article","isPartOf":{"@id":"https:\/\/www.organisator.ch\/management\/2017-12-28\/die-finalisten-des-prix-svc-ostschweiz-2018-sind-nominiert\/"},"author":{"name":"thomas.berner","@id":"https:\/\/www.organisator.ch\/#\/schema\/person\/6f650f90b2842cd4c0cc334b4e36f67e"},"headline":"Die Finalisten des Prix SVC Ostschweiz 2018 sind nominiert","datePublished":"2017-12-28T06:30:33+00:00","mainEntityOfPage":{"@id":"https:\/\/www.organisator.ch\/management\/2017-12-28\/die-finalisten-des-prix-svc-ostschweiz-2018-sind-nominiert\/"},"wordCount":708,"commentCount":0,"publisher":{"@id":"https:\/\/www.organisator.ch\/#organization"},"image":{"@id":"https:\/\/www.organisator.ch\/management\/2017-12-28\/die-finalisten-des-prix-svc-ostschweiz-2018-sind-nominiert\/#primaryimage"},"thumbnailUrl":"https:\/\/www.organisator.ch\/wp-content\/uploads\/2017\/12\/Die-Finalisten-des-Prix-SVC-Ostschweiz-2018-sind-nominiert_Organisator.jpg","keywords":["Awards","Unternehmen","Unternehmensf\u00fchrung","Veranstaltungen"],"articleSection":["MANAGEMENT"],"inLanguage":"it-IT"},{"@type":"WebPage","@id":"https:\/\/www.organisator.ch\/management\/2017-12-28\/die-finalisten-des-prix-svc-ostschweiz-2018-sind-nominiert\/","url":"https:\/\/www.organisator.ch\/management\/2017-12-28\/die-finalisten-des-prix-svc-ostschweiz-2018-sind-nominiert\/","name":"I finalisti del Prix SVC Ostschweiz 2018 sono nominati - Organizzatore","isPartOf":{"@id":"https:\/\/www.organisator.ch\/#website"},"primaryImageOfPage":{"@id":"https:\/\/www.organisator.ch\/management\/2017-12-28\/die-finalisten-des-prix-svc-ostschweiz-2018-sind-nominiert\/#primaryimage"},"image":{"@id":"https:\/\/www.organisator.ch\/management\/2017-12-28\/die-finalisten-des-prix-svc-ostschweiz-2018-sind-nominiert\/#primaryimage"},"thumbnailUrl":"https:\/\/www.organisator.ch\/wp-content\/uploads\/2017\/12\/Die-Finalisten-des-Prix-SVC-Ostschweiz-2018-sind-nominiert_Organisator.jpg","datePublished":"2017-12-28T06:30:33+00:00","description":"Sono stati selezionati i sei finalisti del Prix SVC Ostschweiz, tutte PMI di successo della Svizzera orientale. La cerimonia di premiazione si terr\u00e0 l'8 marzo 2018.","breadcrumb":{"@id":"https:\/\/www.organisator.ch\/management\/2017-12-28\/die-finalisten-des-prix-svc-ostschweiz-2018-sind-nominiert\/#breadcrumb"},"inLanguage":"it-IT","potentialAction":[{"@type":"ReadAction","target":["https:\/\/www.organisator.ch\/management\/2017-12-28\/die-finalisten-des-prix-svc-ostschweiz-2018-sind-nominiert\/"]}]},{"@type":"ImageObject","inLanguage":"it-IT","@id":"https:\/\/www.organisator.ch\/management\/2017-12-28\/die-finalisten-des-prix-svc-ostschweiz-2018-sind-nominiert\/#primaryimage","url":"https:\/\/www.organisator.ch\/wp-content\/uploads\/2017\/12\/Die-Finalisten-des-Prix-SVC-Ostschweiz-2018-sind-nominiert_Organisator.jpg","contentUrl":"https:\/\/www.organisator.ch\/wp-content\/uploads\/2017\/12\/Die-Finalisten-des-Prix-SVC-Ostschweiz-2018-sind-nominiert_Organisator.jpg","width":640,"height":362,"caption":"Wer gewinnt den Prix SVC Ostschweiz 2018? (Bild: Thomas Berner)"},{"@type":"BreadcrumbList","@id":"https:\/\/www.organisator.ch\/management\/2017-12-28\/die-finalisten-des-prix-svc-ostschweiz-2018-sind-nominiert\/#breadcrumb","itemListElement":[{"@type":"ListItem","position":1,"name":"Home","item":"https:\/\/www.organisator.ch\/"},{"@type":"ListItem","position":2,"name":"Die Finalisten des Prix SVC Ostschweiz 2018 sind nominiert"}]},{"@type":"WebSite","@id":"https:\/\/www.organisator.ch\/#website","url":"https:\/\/www.organisator.ch\/","name":"Organizzatore","description":"Competente. Pratico. In 10 numeri all'anno, ORGANISATOR presenta i temi essenziali per i manager delle PMI.","publisher":{"@id":"https:\/\/www.organisator.ch\/#organization"},"potentialAction":[{"@type":"SearchAction","target":{"@type":"EntryPoint","urlTemplate":"https:\/\/www.organisator.ch\/?s={search_term_string}"},"query-input":{"@type":"PropertyValueSpecification","valueRequired":true,"valueName":"search_term_string"}}],"inLanguage":"it-IT"},{"@type":"Organization","@id":"https:\/\/www.organisator.ch\/#organization","name":"Organizzatore","url":"https:\/\/www.organisator.ch\/","logo":{"@type":"ImageObject","inLanguage":"it-IT","@id":"https:\/\/www.organisator.ch\/#\/schema\/logo\/image\/","url":"https:\/\/www.organisator.ch\/wp-content\/uploads\/2022\/01\/Logo_Organisator_Website.png","contentUrl":"https:\/\/www.organisator.ch\/wp-content\/uploads\/2022\/01\/Logo_Organisator_Website.png","width":800,"height":77,"caption":"Organisator"},"image":{"@id":"https:\/\/www.organisator.ch\/#\/schema\/logo\/image\/"},"sameAs":["https:\/\/www.facebook.com\/OrganisatorFachmagazin","https:\/\/www.linkedin.com\/showcase\/organisator-das-magazin-fr-kmu","https:\/\/www.xing.com\/news\/pages\/organisator-ch-695","https:\/\/www.youtube.com\/channel\/UCGP2Sq0iWaZwT3BdIAQFYpw"]},{"@type":"Person","@id":"https:\/\/www.organisator.ch\/#\/schema\/person\/6f650f90b2842cd4c0cc334b4e36f67e","name":"Tommaso.berner","image":{"@type":"ImageObject","inLanguage":"it-IT","@id":"https:\/\/secure.gravatar.com\/avatar\/ac5001d2a36cb6c6cd3e50789007ffca834b477b74a2144564522e944eabff61?s=96&d=mm&r=g","url":"https:\/\/secure.gravatar.com\/avatar\/ac5001d2a36cb6c6cd3e50789007ffca834b477b74a2144564522e944eabff61?s=96&d=mm&r=g","contentUrl":"https:\/\/secure.gravatar.com\/avatar\/ac5001d2a36cb6c6cd3e50789007ffca834b477b74a2144564522e944eabff61?s=96&d=mm&r=g","caption":"thomas.berner"},"url":"https:\/\/www.organisator.ch\/it\/author\/thomas-berner\/"}]}},"_links":{"self":[{"href":"https:\/\/www.organisator.ch\/it\/wp-json\/wp\/v2\/posts\/2917","targetHints":{"allow":["GET"]}}],"collection":[{"href":"https:\/\/www.organisator.ch\/it\/wp-json\/wp\/v2\/posts"}],"about":[{"href":"https:\/\/www.organisator.ch\/it\/wp-json\/wp\/v2\/types\/post"}],"author":[{"embeddable":true,"href":"https:\/\/www.organisator.ch\/it\/wp-json\/wp\/v2\/users\/4"}],"replies":[{"embeddable":true,"href":"https:\/\/www.organisator.ch\/it\/wp-json\/wp\/v2\/comments?post=2917"}],"version-history":[{"count":0,"href":"https:\/\/www.organisator.ch\/it\/wp-json\/wp\/v2\/posts\/2917\/revisions"}],"wp:featuredmedia":[{"embeddable":true,"href":"https:\/\/www.organisator.ch\/it\/wp-json\/wp\/v2\/media\/2918"}],"wp:attachment":[{"href":"https:\/\/www.organisator.ch\/it\/wp-json\/wp\/v2\/media?parent=2917"}],"wp:term":[{"taxonomy":"category","embeddable":true,"href":"https:\/\/www.organisator.ch\/it\/wp-json\/wp\/v2\/categories?post=2917"},{"taxonomy":"post_tag","embeddable":true,"href":"https:\/\/www.organisator.ch\/it\/wp-json\/wp\/v2\/tags?post=2917"}],"curies":[{"name":"wp","href":"https:\/\/api.w.org\/{rel}","templated":true}]}}