{"id":29177,"date":"2024-08-21T14:12:09","date_gmt":"2024-08-21T12:12:09","guid":{"rendered":"https:\/\/www.organisator.ch\/?p=29177"},"modified":"2024-08-21T13:12:20","modified_gmt":"2024-08-21T11:12:20","slug":"wechsel-in-der-geschaeftsfuehrung-der-quickmail-planzer-ag","status":"publish","type":"post","link":"https:\/\/www.organisator.ch\/it\/management\/2024-08-21\/wechsel-in-der-geschaeftsfuehrung-der-quickmail-planzer-ag\/","title":{"rendered":"Cambiamento nella gestione di Quickmail Planzer AG"},"content":{"rendered":"<figure id=\"attachment_29179\" aria-describedby=\"caption-attachment-29179\" style=\"width: 680px\" class=\"wp-caption alignnone\"><img loading=\"lazy\" decoding=\"async\" class=\"size-full wp-image-29179\" src=\"https:\/\/www.organisator.ch\/wp-content\/uploads\/2024\/08\/Quickmail-Planzer_Bild1_ps_ps.jpg\" alt=\"\" width=\"680\" height=\"381\" srcset=\"https:\/\/www.organisator.ch\/wp-content\/uploads\/2024\/08\/Quickmail-Planzer_Bild1_ps_ps.jpg 680w, https:\/\/www.organisator.ch\/wp-content\/uploads\/2024\/08\/Quickmail-Planzer_Bild1_ps_ps-18x10.jpg 18w, https:\/\/www.organisator.ch\/wp-content\/uploads\/2024\/08\/Quickmail-Planzer_Bild1_ps_ps-375x210.jpg 375w, https:\/\/www.organisator.ch\/wp-content\/uploads\/2024\/08\/Quickmail-Planzer_Bild1_ps_ps-625x350.jpg 625w\" sizes=\"auto, (max-width: 680px) 100vw, 680px\" \/><figcaption id=\"caption-attachment-29179\" class=\"wp-caption-text\">I nuovi direttori generali di Quickmail: Claude Bruderer (a sinistra) e Carsten Vossmeyer (a destra). (Immagine: www.quickmail-ag.ch)<\/figcaption><\/figure>\n<p>Christof Lenhard, in precedenza amministratore delegato (CEO), e Bernard Germanier, in precedenza amministratore delegato e responsabile vendite e marketing, hanno deciso di lasciare l'azienda il 31 agosto 2024 per affrontare nuove sfide professionali.<\/p>\n<h3><strong>Nuova coppia di direttori generali<\/strong><\/h3>\n<p>Claude Bruderer assumer\u00e0 la carica di Amministratore delegato dal 1\u00b0 dicembre 2024, mentre Carsten Vossmeyer assumer\u00e0 la posizione di Amministratore delegato Vendite e Marketing dall'inizio del 2025. Claude Bruderer ha 48 anni e vive nel Canton Argovia. Ha una lunga esperienza manageriale maturata in diverse posizioni presso la Posta Svizzera. Carsten Vossmeyer ha 61 anni, vive nel Canton Zurigo ed \u00e8 attualmente CEO di EDS Media AG (ex Asendia Press EDS AG), una societ\u00e0 del Gruppo Posta. In precedenza Carsten Vossmeyer \u00e8 stato amministratore delegato di GO! Express &amp; Logistics Augsburg GmbH.<\/p>\n<p>Nils Planzer, CEO di Planzer, si rallegra: \"Claude Bruderer e Carsten Vossmeyer hanno una conoscenza approfondita del mercato svizzero dei francobolli. Dispongono di un'ampia rete di contatti e di una buona conoscenza degli sviluppi del settore. Siamo convinti che con Bruderer e Vossmeyer saremo in grado di sviluppare con successo la divisione Quickmail, il che \u00e8 entusiasmante per la nostra azienda familiare Planzer.\"<\/p>\n<h3><strong>Concentrarsi sulla continuit\u00e0 e sull'ulteriore sviluppo<\/strong><\/h3>\n<p>Durante la fase di transizione dal 1\u00b0 settembre al 30 novembre, Daniel Goldman gestir\u00e0 Quickmail Planzer AG ad interim nel suo ruolo di Presidente del Consiglio di Amministrazione. \"Desideriamo ringraziare sinceramente Christof Lenhard e Bernard Germanier per il loro prezioso lavoro in Quickmail nel corso di 15 anni e auguriamo loro ogni successo e divertimento nelle loro sfide future\", sottolinea Nils Planzer. \"Per noi era importante organizzare con cura le nuove nomine per garantire la continuit\u00e0 e salvaguardare in modo ottimale le competenze specifiche del settore\".<\/p>\n<p><em>Fonte: <a href=\"http:\/\/www.quickmail-ag.ch\">www.quickmail-ag.ch<\/a><\/em><\/p>","protected":false},"excerpt":{"rendered":"<p>Con Claude Bruderer e Carsten Vossmeyer, Quickmail ha acquisito un duo con ottime conoscenze nel mercato svizzero delle lettere per assumere la direzione dell'azienda. Quickmail \u00e8 l'unico fornitore privato di servizi in Svizzera per la consegna di mailing indirizzati e non indirizzati, cataloghi e riviste per i clienti.<\/p>","protected":false},"author":58,"featured_media":29179,"comment_status":"closed","ping_status":"closed","sticky":false,"template":"","format":"standard","meta":{"_acf_changed":false,"_yoast_wpseo_focuskw":"Quickmail Planzer AG","_yoast_wpseo_metadesc":"Mit Claude Bruderer und Carsten Vossmeyer konnte Quickmail ein im Schweizerischen Briefmarkt bestens vernetztes Duo f\u00fcr die Neubesetzung der Gesch\u00e4ftsf\u00fchrung gewinnen.","articlekey":"","footnotes":""},"categories":[28],"tags":[238,335,424,492],"class_list":["post-29177","post","type-post","status-publish","format-standard","has-post-thumbnail","hentry","category-management","tag-geschaeftsfuehrung","tag-management-und-unternehmensfuehrung","tag-schweiz","tag-unternehmen"],"acf":[],"yoast_head":"<!-- This site is optimized with the Yoast SEO plugin v27.4 - https:\/\/yoast.com\/product\/yoast-seo-wordpress\/ -->\n<title>Wechsel in der Gesch\u00e4ftsf\u00fchrung der Quickmail Planzer AG - Organisator<\/title>\n<meta name=\"description\" content=\"Mit Claude Bruderer und Carsten Vossmeyer konnte Quickmail ein im Schweizerischen Briefmarkt bestens vernetztes Duo f\u00fcr die Neubesetzung der Gesch\u00e4ftsf\u00fchrung gewinnen.\" \/>\n<meta name=\"robots\" content=\"index, follow, max-snippet:-1, max-image-preview:large, max-video-preview:-1\" \/>\n<link rel=\"canonical\" href=\"https:\/\/www.organisator.ch\/it\/gestione-2\/2024-08-21\/wechsel-in-der-geschaeftsfuehrung-der-quickmail-planzer-ag\/\" \/>\n<meta property=\"og:locale\" content=\"it_IT\" \/>\n<meta property=\"og:type\" content=\"article\" \/>\n<meta property=\"og:title\" content=\"Wechsel in der Gesch\u00e4ftsf\u00fchrung der Quickmail Planzer AG\" \/>\n<meta property=\"og:description\" content=\"Mit Claude Bruderer und Carsten Vossmeyer konnte Quickmail ein im Schweizerischen Briefmarkt bestens vernetztes Duo f\u00fcr die Neubesetzung der Gesch\u00e4ftsf\u00fchrung gewinnen.\" \/>\n<meta property=\"og:url\" content=\"https:\/\/www.organisator.ch\/it\/gestione-2\/2024-08-21\/wechsel-in-der-geschaeftsfuehrung-der-quickmail-planzer-ag\/\" \/>\n<meta property=\"og:site_name\" content=\"Organisator\" \/>\n<meta property=\"article:publisher\" content=\"https:\/\/www.facebook.com\/OrganisatorFachmagazin\" \/>\n<meta property=\"article:published_time\" content=\"2024-08-21T12:12:09+00:00\" \/>\n<meta property=\"og:image\" content=\"https:\/\/www.organisator.ch\/wp-content\/uploads\/2024\/08\/Quickmail-Planzer_Bild1_ps_ps.jpg\" \/>\n\t<meta property=\"og:image:width\" content=\"680\" \/>\n\t<meta property=\"og:image:height\" content=\"381\" \/>\n\t<meta property=\"og:image:type\" content=\"image\/jpeg\" \/>\n<meta name=\"author\" content=\"Adelisa Kalajdzini\" \/>\n<meta name=\"twitter:card\" content=\"summary_large_image\" \/>\n<meta name=\"twitter:title\" content=\"Wechsel in der Gesch\u00e4ftsf\u00fchrung der Quickmail Planzer AG\" \/>\n<meta name=\"twitter:description\" content=\"Mit #Claude #Bruderer und #Carsten #Vossmeyer konnte #Quickmail ein im Schweizerischen Briefmarkt bestens vernetztes #Duo f\u00fcr die Neubesetzung der #Gesch\u00e4ftsf\u00fchrung gewinnen.\" \/>\n<meta name=\"twitter:image\" content=\"https:\/\/www.organisator.ch\/wp-content\/uploads\/2024\/08\/Quickmail-Planzer_Bild1_ps_ps.jpg\" \/>\n<script type=\"application\/ld+json\" class=\"yoast-schema-graph\">{\"@context\":\"https:\\\/\\\/schema.org\",\"@graph\":[{\"@type\":\"Article\",\"@id\":\"https:\\\/\\\/www.organisator.ch\\\/management\\\/2024-08-21\\\/wechsel-in-der-geschaeftsfuehrung-der-quickmail-planzer-ag\\\/#article\",\"isPartOf\":{\"@id\":\"https:\\\/\\\/www.organisator.ch\\\/management\\\/2024-08-21\\\/wechsel-in-der-geschaeftsfuehrung-der-quickmail-planzer-ag\\\/\"},\"author\":{\"name\":\"Adelisa Kalajdzini\",\"@id\":\"https:\\\/\\\/www.organisator.ch\\\/#\\\/schema\\\/person\\\/2e1314a2172123f874db408d8911d3f3\"},\"headline\":\"Wechsel in der Gesch\u00e4ftsf\u00fchrung der Quickmail Planzer AG\",\"datePublished\":\"2024-08-21T12:12:09+00:00\",\"mainEntityOfPage\":{\"@id\":\"https:\\\/\\\/www.organisator.ch\\\/management\\\/2024-08-21\\\/wechsel-in-der-geschaeftsfuehrung-der-quickmail-planzer-ag\\\/\"},\"wordCount\":308,\"publisher\":{\"@id\":\"https:\\\/\\\/www.organisator.ch\\\/#organization\"},\"image\":{\"@id\":\"https:\\\/\\\/www.organisator.ch\\\/management\\\/2024-08-21\\\/wechsel-in-der-geschaeftsfuehrung-der-quickmail-planzer-ag\\\/#primaryimage\"},\"thumbnailUrl\":\"https:\\\/\\\/www.organisator.ch\\\/wp-content\\\/uploads\\\/2024\\\/08\\\/Quickmail-Planzer_Bild1_ps_ps.jpg\",\"keywords\":[\"Gesch\u00e4ftsf\u00fchrung\",\"Management und Unternehmensf\u00fchrung\",\"Schweiz\",\"Unternehmen\"],\"articleSection\":[\"MANAGEMENT\"],\"inLanguage\":\"it-IT\"},{\"@type\":\"WebPage\",\"@id\":\"https:\\\/\\\/www.organisator.ch\\\/management\\\/2024-08-21\\\/wechsel-in-der-geschaeftsfuehrung-der-quickmail-planzer-ag\\\/\",\"url\":\"https:\\\/\\\/www.organisator.ch\\\/management\\\/2024-08-21\\\/wechsel-in-der-geschaeftsfuehrung-der-quickmail-planzer-ag\\\/\",\"name\":\"Wechsel in der Gesch\u00e4ftsf\u00fchrung der Quickmail Planzer AG - Organisator\",\"isPartOf\":{\"@id\":\"https:\\\/\\\/www.organisator.ch\\\/#website\"},\"primaryImageOfPage\":{\"@id\":\"https:\\\/\\\/www.organisator.ch\\\/management\\\/2024-08-21\\\/wechsel-in-der-geschaeftsfuehrung-der-quickmail-planzer-ag\\\/#primaryimage\"},\"image\":{\"@id\":\"https:\\\/\\\/www.organisator.ch\\\/management\\\/2024-08-21\\\/wechsel-in-der-geschaeftsfuehrung-der-quickmail-planzer-ag\\\/#primaryimage\"},\"thumbnailUrl\":\"https:\\\/\\\/www.organisator.ch\\\/wp-content\\\/uploads\\\/2024\\\/08\\\/Quickmail-Planzer_Bild1_ps_ps.jpg\",\"datePublished\":\"2024-08-21T12:12:09+00:00\",\"description\":\"Mit Claude Bruderer und Carsten Vossmeyer konnte Quickmail ein im Schweizerischen Briefmarkt bestens vernetztes Duo f\u00fcr die Neubesetzung der Gesch\u00e4ftsf\u00fchrung gewinnen.\",\"breadcrumb\":{\"@id\":\"https:\\\/\\\/www.organisator.ch\\\/management\\\/2024-08-21\\\/wechsel-in-der-geschaeftsfuehrung-der-quickmail-planzer-ag\\\/#breadcrumb\"},\"inLanguage\":\"it-IT\",\"potentialAction\":[{\"@type\":\"ReadAction\",\"target\":[\"https:\\\/\\\/www.organisator.ch\\\/management\\\/2024-08-21\\\/wechsel-in-der-geschaeftsfuehrung-der-quickmail-planzer-ag\\\/\"]}]},{\"@type\":\"ImageObject\",\"inLanguage\":\"it-IT\",\"@id\":\"https:\\\/\\\/www.organisator.ch\\\/management\\\/2024-08-21\\\/wechsel-in-der-geschaeftsfuehrung-der-quickmail-planzer-ag\\\/#primaryimage\",\"url\":\"https:\\\/\\\/www.organisator.ch\\\/wp-content\\\/uploads\\\/2024\\\/08\\\/Quickmail-Planzer_Bild1_ps_ps.jpg\",\"contentUrl\":\"https:\\\/\\\/www.organisator.ch\\\/wp-content\\\/uploads\\\/2024\\\/08\\\/Quickmail-Planzer_Bild1_ps_ps.jpg\",\"width\":680,\"height\":381,\"caption\":\"Neue Gesch\u00e4ftsf\u00fchrer bei Quickmail: Claude Bruderer (links) und Carsten Vossmeyer (rechts). (Bild: www.quickmail-ag.ch)\"},{\"@type\":\"BreadcrumbList\",\"@id\":\"https:\\\/\\\/www.organisator.ch\\\/management\\\/2024-08-21\\\/wechsel-in-der-geschaeftsfuehrung-der-quickmail-planzer-ag\\\/#breadcrumb\",\"itemListElement\":[{\"@type\":\"ListItem\",\"position\":1,\"name\":\"Home\",\"item\":\"https:\\\/\\\/www.organisator.ch\\\/\"},{\"@type\":\"ListItem\",\"position\":2,\"name\":\"Wechsel in der Gesch\u00e4ftsf\u00fchrung der Quickmail Planzer AG\"}]},{\"@type\":\"WebSite\",\"@id\":\"https:\\\/\\\/www.organisator.ch\\\/#website\",\"url\":\"https:\\\/\\\/www.organisator.ch\\\/\",\"name\":\"Organisator\",\"description\":\"Kompetent. Praxisnah. Der ORGANISATOR bereitet in 10 Ausgaben pro Jahr die wesentlichen Themen f\u00fcr F\u00fchrungskr\u00e4fte von KMU auf.\",\"publisher\":{\"@id\":\"https:\\\/\\\/www.organisator.ch\\\/#organization\"},\"potentialAction\":[{\"@type\":\"SearchAction\",\"target\":{\"@type\":\"EntryPoint\",\"urlTemplate\":\"https:\\\/\\\/www.organisator.ch\\\/?s={search_term_string}\"},\"query-input\":{\"@type\":\"PropertyValueSpecification\",\"valueRequired\":true,\"valueName\":\"search_term_string\"}}],\"inLanguage\":\"it-IT\"},{\"@type\":\"Organization\",\"@id\":\"https:\\\/\\\/www.organisator.ch\\\/#organization\",\"name\":\"Organisator\",\"url\":\"https:\\\/\\\/www.organisator.ch\\\/\",\"logo\":{\"@type\":\"ImageObject\",\"inLanguage\":\"it-IT\",\"@id\":\"https:\\\/\\\/www.organisator.ch\\\/#\\\/schema\\\/logo\\\/image\\\/\",\"url\":\"https:\\\/\\\/www.organisator.ch\\\/wp-content\\\/uploads\\\/2022\\\/01\\\/Logo_Organisator_Website.png\",\"contentUrl\":\"https:\\\/\\\/www.organisator.ch\\\/wp-content\\\/uploads\\\/2022\\\/01\\\/Logo_Organisator_Website.png\",\"width\":800,\"height\":77,\"caption\":\"Organisator\"},\"image\":{\"@id\":\"https:\\\/\\\/www.organisator.ch\\\/#\\\/schema\\\/logo\\\/image\\\/\"},\"sameAs\":[\"https:\\\/\\\/www.facebook.com\\\/OrganisatorFachmagazin\",\"https:\\\/\\\/www.linkedin.com\\\/showcase\\\/organisator-das-magazin-fr-kmu\",\"https:\\\/\\\/www.xing.com\\\/news\\\/pages\\\/organisator-ch-695\",\"https:\\\/\\\/www.youtube.com\\\/channel\\\/UCGP2Sq0iWaZwT3BdIAQFYpw\"]},{\"@type\":\"Person\",\"@id\":\"https:\\\/\\\/www.organisator.ch\\\/#\\\/schema\\\/person\\\/2e1314a2172123f874db408d8911d3f3\",\"name\":\"Adelisa Kalajdzini\",\"image\":{\"@type\":\"ImageObject\",\"inLanguage\":\"it-IT\",\"@id\":\"https:\\\/\\\/secure.gravatar.com\\\/avatar\\\/09a397c22ac58cad6f160ee8306348599df9df58a8ede73696226897b9fa4b24?s=96&d=mm&r=g\",\"url\":\"https:\\\/\\\/secure.gravatar.com\\\/avatar\\\/09a397c22ac58cad6f160ee8306348599df9df58a8ede73696226897b9fa4b24?s=96&d=mm&r=g\",\"contentUrl\":\"https:\\\/\\\/secure.gravatar.com\\\/avatar\\\/09a397c22ac58cad6f160ee8306348599df9df58a8ede73696226897b9fa4b24?s=96&d=mm&r=g\",\"caption\":\"Adelisa Kalajdzini\"},\"url\":\"https:\\\/\\\/www.organisator.ch\\\/it\\\/author\\\/adelisa-kalajdzini\\\/\"}]}<\/script>\n<!-- \/ Yoast SEO plugin. -->","yoast_head_json":{"title":"Cambio di gestione di Quickmail Planzer AG - Organizzatore","description":"Con Claude Bruderer e Carsten Vossmeyer, Quickmail \u00e8 riuscita a reclutare un duo con ottime conoscenze nel mercato svizzero delle lettere per ricoprire la posizione dirigenziale.","robots":{"index":"index","follow":"follow","max-snippet":"max-snippet:-1","max-image-preview":"max-image-preview:large","max-video-preview":"max-video-preview:-1"},"canonical":"https:\/\/www.organisator.ch\/it\/gestione-2\/2024-08-21\/wechsel-in-der-geschaeftsfuehrung-der-quickmail-planzer-ag\/","og_locale":"it_IT","og_type":"article","og_title":"Wechsel in der Gesch\u00e4ftsf\u00fchrung der Quickmail Planzer AG","og_description":"Mit Claude Bruderer und Carsten Vossmeyer konnte Quickmail ein im Schweizerischen Briefmarkt bestens vernetztes Duo f\u00fcr die Neubesetzung der Gesch\u00e4ftsf\u00fchrung gewinnen.","og_url":"https:\/\/www.organisator.ch\/it\/gestione-2\/2024-08-21\/wechsel-in-der-geschaeftsfuehrung-der-quickmail-planzer-ag\/","og_site_name":"Organisator","article_publisher":"https:\/\/www.facebook.com\/OrganisatorFachmagazin","article_published_time":"2024-08-21T12:12:09+00:00","og_image":[{"width":680,"height":381,"url":"https:\/\/www.organisator.ch\/wp-content\/uploads\/2024\/08\/Quickmail-Planzer_Bild1_ps_ps.jpg","type":"image\/jpeg"}],"author":"Adelisa Kalajdzini","twitter_card":"summary_large_image","twitter_title":"Wechsel in der Gesch\u00e4ftsf\u00fchrung der Quickmail Planzer AG","twitter_description":"Mit #Claude #Bruderer und #Carsten #Vossmeyer konnte #Quickmail ein im Schweizerischen Briefmarkt bestens vernetztes #Duo f\u00fcr die Neubesetzung der #Gesch\u00e4ftsf\u00fchrung gewinnen.","twitter_image":"https:\/\/www.organisator.ch\/wp-content\/uploads\/2024\/08\/Quickmail-Planzer_Bild1_ps_ps.jpg","schema":{"@context":"https:\/\/schema.org","@graph":[{"@type":"Article","@id":"https:\/\/www.organisator.ch\/management\/2024-08-21\/wechsel-in-der-geschaeftsfuehrung-der-quickmail-planzer-ag\/#article","isPartOf":{"@id":"https:\/\/www.organisator.ch\/management\/2024-08-21\/wechsel-in-der-geschaeftsfuehrung-der-quickmail-planzer-ag\/"},"author":{"name":"Adelisa Kalajdzini","@id":"https:\/\/www.organisator.ch\/#\/schema\/person\/2e1314a2172123f874db408d8911d3f3"},"headline":"Wechsel in der Gesch\u00e4ftsf\u00fchrung der Quickmail Planzer AG","datePublished":"2024-08-21T12:12:09+00:00","mainEntityOfPage":{"@id":"https:\/\/www.organisator.ch\/management\/2024-08-21\/wechsel-in-der-geschaeftsfuehrung-der-quickmail-planzer-ag\/"},"wordCount":308,"publisher":{"@id":"https:\/\/www.organisator.ch\/#organization"},"image":{"@id":"https:\/\/www.organisator.ch\/management\/2024-08-21\/wechsel-in-der-geschaeftsfuehrung-der-quickmail-planzer-ag\/#primaryimage"},"thumbnailUrl":"https:\/\/www.organisator.ch\/wp-content\/uploads\/2024\/08\/Quickmail-Planzer_Bild1_ps_ps.jpg","keywords":["Gesch\u00e4ftsf\u00fchrung","Management und Unternehmensf\u00fchrung","Schweiz","Unternehmen"],"articleSection":["MANAGEMENT"],"inLanguage":"it-IT"},{"@type":"WebPage","@id":"https:\/\/www.organisator.ch\/management\/2024-08-21\/wechsel-in-der-geschaeftsfuehrung-der-quickmail-planzer-ag\/","url":"https:\/\/www.organisator.ch\/management\/2024-08-21\/wechsel-in-der-geschaeftsfuehrung-der-quickmail-planzer-ag\/","name":"Cambio di gestione di Quickmail Planzer AG - Organizzatore","isPartOf":{"@id":"https:\/\/www.organisator.ch\/#website"},"primaryImageOfPage":{"@id":"https:\/\/www.organisator.ch\/management\/2024-08-21\/wechsel-in-der-geschaeftsfuehrung-der-quickmail-planzer-ag\/#primaryimage"},"image":{"@id":"https:\/\/www.organisator.ch\/management\/2024-08-21\/wechsel-in-der-geschaeftsfuehrung-der-quickmail-planzer-ag\/#primaryimage"},"thumbnailUrl":"https:\/\/www.organisator.ch\/wp-content\/uploads\/2024\/08\/Quickmail-Planzer_Bild1_ps_ps.jpg","datePublished":"2024-08-21T12:12:09+00:00","description":"Con Claude Bruderer e Carsten Vossmeyer, Quickmail \u00e8 riuscita a reclutare un duo con ottime conoscenze nel mercato svizzero delle lettere per ricoprire la posizione dirigenziale.","breadcrumb":{"@id":"https:\/\/www.organisator.ch\/management\/2024-08-21\/wechsel-in-der-geschaeftsfuehrung-der-quickmail-planzer-ag\/#breadcrumb"},"inLanguage":"it-IT","potentialAction":[{"@type":"ReadAction","target":["https:\/\/www.organisator.ch\/management\/2024-08-21\/wechsel-in-der-geschaeftsfuehrung-der-quickmail-planzer-ag\/"]}]},{"@type":"ImageObject","inLanguage":"it-IT","@id":"https:\/\/www.organisator.ch\/management\/2024-08-21\/wechsel-in-der-geschaeftsfuehrung-der-quickmail-planzer-ag\/#primaryimage","url":"https:\/\/www.organisator.ch\/wp-content\/uploads\/2024\/08\/Quickmail-Planzer_Bild1_ps_ps.jpg","contentUrl":"https:\/\/www.organisator.ch\/wp-content\/uploads\/2024\/08\/Quickmail-Planzer_Bild1_ps_ps.jpg","width":680,"height":381,"caption":"Neue Gesch\u00e4ftsf\u00fchrer bei Quickmail: Claude Bruderer (links) und Carsten Vossmeyer (rechts). (Bild: www.quickmail-ag.ch)"},{"@type":"BreadcrumbList","@id":"https:\/\/www.organisator.ch\/management\/2024-08-21\/wechsel-in-der-geschaeftsfuehrung-der-quickmail-planzer-ag\/#breadcrumb","itemListElement":[{"@type":"ListItem","position":1,"name":"Home","item":"https:\/\/www.organisator.ch\/"},{"@type":"ListItem","position":2,"name":"Wechsel in der Gesch\u00e4ftsf\u00fchrung der Quickmail Planzer AG"}]},{"@type":"WebSite","@id":"https:\/\/www.organisator.ch\/#website","url":"https:\/\/www.organisator.ch\/","name":"Organizzatore","description":"Competente. Pratico. In 10 numeri all'anno, ORGANISATOR presenta i temi essenziali per i manager delle PMI.","publisher":{"@id":"https:\/\/www.organisator.ch\/#organization"},"potentialAction":[{"@type":"SearchAction","target":{"@type":"EntryPoint","urlTemplate":"https:\/\/www.organisator.ch\/?s={search_term_string}"},"query-input":{"@type":"PropertyValueSpecification","valueRequired":true,"valueName":"search_term_string"}}],"inLanguage":"it-IT"},{"@type":"Organization","@id":"https:\/\/www.organisator.ch\/#organization","name":"Organizzatore","url":"https:\/\/www.organisator.ch\/","logo":{"@type":"ImageObject","inLanguage":"it-IT","@id":"https:\/\/www.organisator.ch\/#\/schema\/logo\/image\/","url":"https:\/\/www.organisator.ch\/wp-content\/uploads\/2022\/01\/Logo_Organisator_Website.png","contentUrl":"https:\/\/www.organisator.ch\/wp-content\/uploads\/2022\/01\/Logo_Organisator_Website.png","width":800,"height":77,"caption":"Organisator"},"image":{"@id":"https:\/\/www.organisator.ch\/#\/schema\/logo\/image\/"},"sameAs":["https:\/\/www.facebook.com\/OrganisatorFachmagazin","https:\/\/www.linkedin.com\/showcase\/organisator-das-magazin-fr-kmu","https:\/\/www.xing.com\/news\/pages\/organisator-ch-695","https:\/\/www.youtube.com\/channel\/UCGP2Sq0iWaZwT3BdIAQFYpw"]},{"@type":"Person","@id":"https:\/\/www.organisator.ch\/#\/schema\/person\/2e1314a2172123f874db408d8911d3f3","name":"Adelisa Kalajdzini","image":{"@type":"ImageObject","inLanguage":"it-IT","@id":"https:\/\/secure.gravatar.com\/avatar\/09a397c22ac58cad6f160ee8306348599df9df58a8ede73696226897b9fa4b24?s=96&d=mm&r=g","url":"https:\/\/secure.gravatar.com\/avatar\/09a397c22ac58cad6f160ee8306348599df9df58a8ede73696226897b9fa4b24?s=96&d=mm&r=g","contentUrl":"https:\/\/secure.gravatar.com\/avatar\/09a397c22ac58cad6f160ee8306348599df9df58a8ede73696226897b9fa4b24?s=96&d=mm&r=g","caption":"Adelisa Kalajdzini"},"url":"https:\/\/www.organisator.ch\/it\/author\/adelisa-kalajdzini\/"}]}},"_links":{"self":[{"href":"https:\/\/www.organisator.ch\/it\/wp-json\/wp\/v2\/posts\/29177","targetHints":{"allow":["GET"]}}],"collection":[{"href":"https:\/\/www.organisator.ch\/it\/wp-json\/wp\/v2\/posts"}],"about":[{"href":"https:\/\/www.organisator.ch\/it\/wp-json\/wp\/v2\/types\/post"}],"author":[{"embeddable":true,"href":"https:\/\/www.organisator.ch\/it\/wp-json\/wp\/v2\/users\/58"}],"replies":[{"embeddable":true,"href":"https:\/\/www.organisator.ch\/it\/wp-json\/wp\/v2\/comments?post=29177"}],"version-history":[{"count":3,"href":"https:\/\/www.organisator.ch\/it\/wp-json\/wp\/v2\/posts\/29177\/revisions"}],"predecessor-version":[{"id":29200,"href":"https:\/\/www.organisator.ch\/it\/wp-json\/wp\/v2\/posts\/29177\/revisions\/29200"}],"wp:featuredmedia":[{"embeddable":true,"href":"https:\/\/www.organisator.ch\/it\/wp-json\/wp\/v2\/media\/29179"}],"wp:attachment":[{"href":"https:\/\/www.organisator.ch\/it\/wp-json\/wp\/v2\/media?parent=29177"}],"wp:term":[{"taxonomy":"category","embeddable":true,"href":"https:\/\/www.organisator.ch\/it\/wp-json\/wp\/v2\/categories?post=29177"},{"taxonomy":"post_tag","embeddable":true,"href":"https:\/\/www.organisator.ch\/it\/wp-json\/wp\/v2\/tags?post=29177"}],"curies":[{"name":"wp","href":"https:\/\/api.w.org\/{rel}","templated":true}]}}