{"id":29188,"date":"2024-08-22T13:03:34","date_gmt":"2024-08-22T11:03:34","guid":{"rendered":"https:\/\/www.organisator.ch\/?p=29188"},"modified":"2024-08-21T15:33:48","modified_gmt":"2024-08-21T13:33:48","slug":"schwaches-geschaeftsklima-im-kmu-mem-sektor","status":"publish","type":"post","link":"https:\/\/www.organisator.ch\/it\/management\/2024-08-22\/schwaches-geschaeftsklima-im-kmu-mem-sektor\/","title":{"rendered":"Debolezza del clima imprenditoriale nel settore delle PMI-MEM"},"content":{"rendered":"<figure id=\"attachment_29190\" aria-describedby=\"caption-attachment-29190\" style=\"width: 680px\" class=\"wp-caption alignnone\"><img loading=\"lazy\" decoding=\"async\" class=\"size-full wp-image-29190\" src=\"https:\/\/www.organisator.ch\/wp-content\/uploads\/2024\/08\/DE_Geschaeftsklimaindex_Bild1_ps.jpg\" alt=\"\" width=\"680\" height=\"594\" srcset=\"https:\/\/www.organisator.ch\/wp-content\/uploads\/2024\/08\/DE_Geschaeftsklimaindex_Bild1_ps.jpg 680w, https:\/\/www.organisator.ch\/wp-content\/uploads\/2024\/08\/DE_Geschaeftsklimaindex_Bild1_ps-14x12.jpg 14w, https:\/\/www.organisator.ch\/wp-content\/uploads\/2024\/08\/DE_Geschaeftsklimaindex_Bild1_ps-343x300.jpg 343w, https:\/\/www.organisator.ch\/wp-content\/uploads\/2024\/08\/DE_Geschaeftsklimaindex_Bild1_ps-401x350.jpg 401w\" sizes=\"auto, (max-width: 680px) 100vw, 680px\" \/><figcaption id=\"caption-attachment-29190\" class=\"wp-caption-text\">(Immagine: www.swissmechanic.ch)<\/figcaption><\/figure>\n<p>L'umore dell'industria ha continuato a peggiorare durante l'estate: pi\u00f9 di due terzi delle imprese intervistate hanno valutato il clima aziendale come sfavorevole. L'indice del clima aziendale di Swissmechanic, il misuratore del polso della PMI MEM, \u00e8 ora in territorio negativo da oltre un anno.\u00a0<\/p>\n<h3><strong>Il calo degli ordini rimane la sfida pi\u00f9 grande per le PMI-MEM<\/strong><\/h3>\n<p>La mancanza di ordini rimane la sfida pi\u00f9 grande per le aziende intervistate. A luglio 2024, circa la met\u00e0 ha segnalato un calo degli ordini e delle vendite in entrata rispetto all'anno precedente. Circa un quarto degli intervistati ha assicurato la produzione per un massimo di un mese. Se finora le PMI-MEM sono state cautamente ottimiste sul futuro nonostante il difficile contesto economico, le prospettive per il terzo trimestre del 2024 tendono ora al pessimismo.\u00a0<\/p>\n<figure id=\"attachment_29189\" aria-describedby=\"caption-attachment-29189\" style=\"width: 680px\" class=\"wp-caption alignnone\"><img loading=\"lazy\" decoding=\"async\" class=\"size-full wp-image-29189\" src=\"https:\/\/www.organisator.ch\/wp-content\/uploads\/2024\/08\/DE_Herausforderungen_Bild2_ps.jpg\" alt=\"\" width=\"680\" height=\"652\" srcset=\"https:\/\/www.organisator.ch\/wp-content\/uploads\/2024\/08\/DE_Herausforderungen_Bild2_ps.jpg 680w, https:\/\/www.organisator.ch\/wp-content\/uploads\/2024\/08\/DE_Herausforderungen_Bild2_ps-13x12.jpg 13w, https:\/\/www.organisator.ch\/wp-content\/uploads\/2024\/08\/DE_Herausforderungen_Bild2_ps-313x300.jpg 313w, https:\/\/www.organisator.ch\/wp-content\/uploads\/2024\/08\/DE_Herausforderungen_Bild2_ps-365x350.jpg 365w\" sizes=\"auto, (max-width: 680px) 100vw, 680px\" \/><figcaption id=\"caption-attachment-29189\" class=\"wp-caption-text\">La mancanza di ordini rimane la sfida pi\u00f9 grande per le aziende intervistate. (Immagine: www.swissmechanic.ch)<\/figcaption><\/figure>\n<h3><strong>Il calo dei margini grava sull'azienda: Patrimonio netto in calo<\/strong><\/h3>\n<p>Un altro problema \u00e8 il calo dei margini. Pi\u00f9 di un'azienda su tre registra cali da due anni a questa parte. Nel secondo trimestre del 2024, i margini di oltre il 40% delle aziende sono diminuiti rispetto allo stesso trimestre dell'anno precedente. In questo contesto, \u00e8 preoccupante l'aumento delle aziende che hanno dichiarato di non investire per mancanza di capitale proprio. Questa tendenza indica che le prime PMI MEM, spesso finanziate con fondi propri, stanno lentamente esaurendo il loro respiro.<\/p>\n<h3><strong>Il taglio dei tassi di interesse potrebbe stimolare la domanda di beni strumentali<\/strong><\/h3>\n<p>Alla luce del calo dell'inflazione, gli esperti prevedono un'ulteriore riduzione del tasso d'interesse di riferimento entro la fine dell'anno. Swissmechanic, in qualit\u00e0 di organizzazione mantello delle PMI MEM, accoglierebbe con grande favore tale adeguamento. Dopo tutto, le due riduzioni dei tassi d'interesse gi\u00e0 avvenute nel 2024 hanno avuto un impatto molto positivo sulle industrie MEM, fortemente orientate all'esportazione.\u00a0<\/p>\n<h3><strong>Le condizioni quadro devono essere migliorate<\/strong><\/h3>\n<p>Alla luce delle sfide strutturali e dell'instabilit\u00e0 della situazione geopolitica, Swissmechanic ritiene inoltre che i politici abbiano il dovere di dare priorit\u00e0 al miglioramento delle condizioni quadro per le PMI svizzere. Le PMI sono la spina dorsale dell'economia svizzera. Il posto di lavoro in Svizzera \u00e8 un fattore essenziale per la prosperit\u00e0 del Paese. Swissmechanic si impegna ad arginare la marea di norme. Secondo il Barometro economico di Swissmechanic del maggio 2024, infatti, i processi burocratici impegnano attualmente una quantit\u00e0 considerevole di risorse umane nel settore delle PMI-MEM, pari a 15%.\u00a0<\/p>\n<p><em>Fonte: <a href=\"http:\/\/www.swissmechanic.ch\">www.swissmechanic.ch<\/a><\/em><\/p>","protected":false},"excerpt":{"rendered":"<p>Nel mese di luglio 2024 l'indice PMI-MEM di Swissmechanic \u00e8 rimasto in territorio negativo per la quinta volta consecutiva. La debolezza dell'economia industriale continua a pesare sulle PMI. A ci\u00f2 si aggiungono le sfide strutturali. La mancanza di ordini \u00e8 una sfida particolare per le PMI-MEM. <\/p>","protected":false},"author":58,"featured_media":29190,"comment_status":"closed","ping_status":"closed","sticky":false,"template":"","format":"standard","meta":{"_acf_changed":false,"_yoast_wpseo_focuskw":"KMU-MEM","_yoast_wpseo_metadesc":"Der Swissmechanic KMU-MEM-Gesch\u00e4ftsklimaindex verharrt im Juli 2024 zum f\u00fcnften Mal in Folge im negativen Bereich.","articlekey":"","footnotes":""},"categories":[28],"tags":[4406,334,424,3414,492],"class_list":["post-29188","post","type-post","status-publish","format-standard","has-post-thumbnail","hentry","category-management","tag-kmu-mem","tag-management","tag-schweiz","tag-swissmechanic","tag-unternehmen"],"acf":[],"yoast_head":"<!-- This site is optimized with the Yoast SEO plugin v27.5 - https:\/\/yoast.com\/product\/yoast-seo-wordpress\/ -->\n<title>Schwaches Gesch\u00e4ftsklima im KMU-MEM-Sektor - Organisator<\/title>\n<meta name=\"description\" content=\"Der Swissmechanic KMU-MEM-Gesch\u00e4ftsklimaindex verharrt im Juli 2024 zum f\u00fcnften Mal in Folge im negativen Bereich.\" \/>\n<meta name=\"robots\" content=\"index, follow, max-snippet:-1, max-image-preview:large, max-video-preview:-1\" \/>\n<link rel=\"canonical\" href=\"https:\/\/www.organisator.ch\/it\/gestione-2\/2024-08-22\/schwaches-geschaeftsklima-im-kmu-mem-sektor\/\" \/>\n<meta property=\"og:locale\" content=\"it_IT\" \/>\n<meta property=\"og:type\" content=\"article\" \/>\n<meta property=\"og:title\" content=\"Schwaches Gesch\u00e4ftsklima im KMU-MEM-Sektor\" \/>\n<meta property=\"og:description\" content=\"Der Swissmechanic KMU-MEM-Gesch\u00e4ftsklimaindex verharrt im Juli 2024 zum f\u00fcnften Mal in Folge im negativen Bereich.\" \/>\n<meta property=\"og:url\" content=\"https:\/\/www.organisator.ch\/it\/gestione-2\/2024-08-22\/schwaches-geschaeftsklima-im-kmu-mem-sektor\/\" \/>\n<meta property=\"og:site_name\" content=\"Organisator\" \/>\n<meta property=\"article:publisher\" content=\"https:\/\/www.facebook.com\/OrganisatorFachmagazin\" \/>\n<meta property=\"article:published_time\" content=\"2024-08-22T11:03:34+00:00\" \/>\n<meta property=\"og:image\" content=\"https:\/\/www.organisator.ch\/wp-content\/uploads\/2024\/08\/DE_Geschaeftsklimaindex_Bild1_ps.jpg\" \/>\n\t<meta property=\"og:image:width\" content=\"680\" \/>\n\t<meta property=\"og:image:height\" content=\"594\" \/>\n\t<meta property=\"og:image:type\" content=\"image\/jpeg\" \/>\n<meta name=\"author\" content=\"Adelisa Kalajdzini\" \/>\n<meta name=\"twitter:card\" content=\"summary_large_image\" \/>\n<meta name=\"twitter:title\" content=\"Schwaches Gesch\u00e4ftsklima im KMU-MEM-Sektor\" \/>\n<meta name=\"twitter:description\" content=\"Der #Swissmechanic #KMU-MEM-Gesch\u00e4ftsklimaindex verharrt im #Juli 2024 zum f\u00fcnften Mal in Folge im #negativen #Bereich.\" \/>\n<meta name=\"twitter:image\" content=\"https:\/\/www.organisator.ch\/wp-content\/uploads\/2024\/08\/DE_Geschaeftsklimaindex_Bild1_ps.jpg\" \/>\n<script type=\"application\/ld+json\" class=\"yoast-schema-graph\">{\"@context\":\"https:\\\/\\\/schema.org\",\"@graph\":[{\"@type\":\"Article\",\"@id\":\"https:\\\/\\\/www.organisator.ch\\\/management\\\/2024-08-22\\\/schwaches-geschaeftsklima-im-kmu-mem-sektor\\\/#article\",\"isPartOf\":{\"@id\":\"https:\\\/\\\/www.organisator.ch\\\/management\\\/2024-08-22\\\/schwaches-geschaeftsklima-im-kmu-mem-sektor\\\/\"},\"author\":{\"name\":\"Adelisa Kalajdzini\",\"@id\":\"https:\\\/\\\/www.organisator.ch\\\/#\\\/schema\\\/person\\\/2e1314a2172123f874db408d8911d3f3\"},\"headline\":\"Schwaches Gesch\u00e4ftsklima im KMU-MEM-Sektor\",\"datePublished\":\"2024-08-22T11:03:34+00:00\",\"mainEntityOfPage\":{\"@id\":\"https:\\\/\\\/www.organisator.ch\\\/management\\\/2024-08-22\\\/schwaches-geschaeftsklima-im-kmu-mem-sektor\\\/\"},\"wordCount\":398,\"publisher\":{\"@id\":\"https:\\\/\\\/www.organisator.ch\\\/#organization\"},\"image\":{\"@id\":\"https:\\\/\\\/www.organisator.ch\\\/management\\\/2024-08-22\\\/schwaches-geschaeftsklima-im-kmu-mem-sektor\\\/#primaryimage\"},\"thumbnailUrl\":\"https:\\\/\\\/www.organisator.ch\\\/wp-content\\\/uploads\\\/2024\\\/08\\\/DE_Geschaeftsklimaindex_Bild1_ps.jpg\",\"keywords\":[\"KMU-MEM\",\"Management\",\"Schweiz\",\"Swissmechanic\",\"Unternehmen\"],\"articleSection\":[\"MANAGEMENT\"],\"inLanguage\":\"it-IT\"},{\"@type\":\"WebPage\",\"@id\":\"https:\\\/\\\/www.organisator.ch\\\/management\\\/2024-08-22\\\/schwaches-geschaeftsklima-im-kmu-mem-sektor\\\/\",\"url\":\"https:\\\/\\\/www.organisator.ch\\\/management\\\/2024-08-22\\\/schwaches-geschaeftsklima-im-kmu-mem-sektor\\\/\",\"name\":\"Schwaches Gesch\u00e4ftsklima im KMU-MEM-Sektor - Organisator\",\"isPartOf\":{\"@id\":\"https:\\\/\\\/www.organisator.ch\\\/#website\"},\"primaryImageOfPage\":{\"@id\":\"https:\\\/\\\/www.organisator.ch\\\/management\\\/2024-08-22\\\/schwaches-geschaeftsklima-im-kmu-mem-sektor\\\/#primaryimage\"},\"image\":{\"@id\":\"https:\\\/\\\/www.organisator.ch\\\/management\\\/2024-08-22\\\/schwaches-geschaeftsklima-im-kmu-mem-sektor\\\/#primaryimage\"},\"thumbnailUrl\":\"https:\\\/\\\/www.organisator.ch\\\/wp-content\\\/uploads\\\/2024\\\/08\\\/DE_Geschaeftsklimaindex_Bild1_ps.jpg\",\"datePublished\":\"2024-08-22T11:03:34+00:00\",\"description\":\"Der Swissmechanic KMU-MEM-Gesch\u00e4ftsklimaindex verharrt im Juli 2024 zum f\u00fcnften Mal in Folge im negativen Bereich.\",\"breadcrumb\":{\"@id\":\"https:\\\/\\\/www.organisator.ch\\\/management\\\/2024-08-22\\\/schwaches-geschaeftsklima-im-kmu-mem-sektor\\\/#breadcrumb\"},\"inLanguage\":\"it-IT\",\"potentialAction\":[{\"@type\":\"ReadAction\",\"target\":[\"https:\\\/\\\/www.organisator.ch\\\/management\\\/2024-08-22\\\/schwaches-geschaeftsklima-im-kmu-mem-sektor\\\/\"]}]},{\"@type\":\"ImageObject\",\"inLanguage\":\"it-IT\",\"@id\":\"https:\\\/\\\/www.organisator.ch\\\/management\\\/2024-08-22\\\/schwaches-geschaeftsklima-im-kmu-mem-sektor\\\/#primaryimage\",\"url\":\"https:\\\/\\\/www.organisator.ch\\\/wp-content\\\/uploads\\\/2024\\\/08\\\/DE_Geschaeftsklimaindex_Bild1_ps.jpg\",\"contentUrl\":\"https:\\\/\\\/www.organisator.ch\\\/wp-content\\\/uploads\\\/2024\\\/08\\\/DE_Geschaeftsklimaindex_Bild1_ps.jpg\",\"width\":680,\"height\":594,\"caption\":\"(Bild: www.swissmechanic.ch)\"},{\"@type\":\"BreadcrumbList\",\"@id\":\"https:\\\/\\\/www.organisator.ch\\\/management\\\/2024-08-22\\\/schwaches-geschaeftsklima-im-kmu-mem-sektor\\\/#breadcrumb\",\"itemListElement\":[{\"@type\":\"ListItem\",\"position\":1,\"name\":\"Home\",\"item\":\"https:\\\/\\\/www.organisator.ch\\\/\"},{\"@type\":\"ListItem\",\"position\":2,\"name\":\"Schwaches Gesch\u00e4ftsklima im KMU-MEM-Sektor\"}]},{\"@type\":\"WebSite\",\"@id\":\"https:\\\/\\\/www.organisator.ch\\\/#website\",\"url\":\"https:\\\/\\\/www.organisator.ch\\\/\",\"name\":\"Organisator\",\"description\":\"Kompetent. Praxisnah. Der ORGANISATOR bereitet in 10 Ausgaben pro Jahr die wesentlichen Themen f\u00fcr F\u00fchrungskr\u00e4fte von KMU auf.\",\"publisher\":{\"@id\":\"https:\\\/\\\/www.organisator.ch\\\/#organization\"},\"potentialAction\":[{\"@type\":\"SearchAction\",\"target\":{\"@type\":\"EntryPoint\",\"urlTemplate\":\"https:\\\/\\\/www.organisator.ch\\\/?s={search_term_string}\"},\"query-input\":{\"@type\":\"PropertyValueSpecification\",\"valueRequired\":true,\"valueName\":\"search_term_string\"}}],\"inLanguage\":\"it-IT\"},{\"@type\":\"Organization\",\"@id\":\"https:\\\/\\\/www.organisator.ch\\\/#organization\",\"name\":\"Organisator\",\"url\":\"https:\\\/\\\/www.organisator.ch\\\/\",\"logo\":{\"@type\":\"ImageObject\",\"inLanguage\":\"it-IT\",\"@id\":\"https:\\\/\\\/www.organisator.ch\\\/#\\\/schema\\\/logo\\\/image\\\/\",\"url\":\"https:\\\/\\\/www.organisator.ch\\\/wp-content\\\/uploads\\\/2022\\\/01\\\/Logo_Organisator_Website.png\",\"contentUrl\":\"https:\\\/\\\/www.organisator.ch\\\/wp-content\\\/uploads\\\/2022\\\/01\\\/Logo_Organisator_Website.png\",\"width\":800,\"height\":77,\"caption\":\"Organisator\"},\"image\":{\"@id\":\"https:\\\/\\\/www.organisator.ch\\\/#\\\/schema\\\/logo\\\/image\\\/\"},\"sameAs\":[\"https:\\\/\\\/www.facebook.com\\\/OrganisatorFachmagazin\",\"https:\\\/\\\/www.linkedin.com\\\/showcase\\\/organisator-das-magazin-fr-kmu\",\"https:\\\/\\\/www.xing.com\\\/news\\\/pages\\\/organisator-ch-695\",\"https:\\\/\\\/www.youtube.com\\\/channel\\\/UCGP2Sq0iWaZwT3BdIAQFYpw\"]},{\"@type\":\"Person\",\"@id\":\"https:\\\/\\\/www.organisator.ch\\\/#\\\/schema\\\/person\\\/2e1314a2172123f874db408d8911d3f3\",\"name\":\"Adelisa Kalajdzini\",\"image\":{\"@type\":\"ImageObject\",\"inLanguage\":\"it-IT\",\"@id\":\"https:\\\/\\\/secure.gravatar.com\\\/avatar\\\/09a397c22ac58cad6f160ee8306348599df9df58a8ede73696226897b9fa4b24?s=96&d=mm&r=g\",\"url\":\"https:\\\/\\\/secure.gravatar.com\\\/avatar\\\/09a397c22ac58cad6f160ee8306348599df9df58a8ede73696226897b9fa4b24?s=96&d=mm&r=g\",\"contentUrl\":\"https:\\\/\\\/secure.gravatar.com\\\/avatar\\\/09a397c22ac58cad6f160ee8306348599df9df58a8ede73696226897b9fa4b24?s=96&d=mm&r=g\",\"caption\":\"Adelisa Kalajdzini\"},\"url\":\"https:\\\/\\\/www.organisator.ch\\\/it\\\/author\\\/adelisa-kalajdzini\\\/\"}]}<\/script>\n<!-- \/ Yoast SEO plugin. -->","yoast_head_json":{"title":"Clima imprenditoriale debole nel settore delle PMI-MEM - Organizzatore","description":"Nel mese di luglio 2024 l'indice PMI-MEM di Swissmechanic \u00e8 rimasto in territorio negativo per la quinta volta consecutiva.","robots":{"index":"index","follow":"follow","max-snippet":"max-snippet:-1","max-image-preview":"max-image-preview:large","max-video-preview":"max-video-preview:-1"},"canonical":"https:\/\/www.organisator.ch\/it\/gestione-2\/2024-08-22\/schwaches-geschaeftsklima-im-kmu-mem-sektor\/","og_locale":"it_IT","og_type":"article","og_title":"Schwaches Gesch\u00e4ftsklima im KMU-MEM-Sektor","og_description":"Der Swissmechanic KMU-MEM-Gesch\u00e4ftsklimaindex verharrt im Juli 2024 zum f\u00fcnften Mal in Folge im negativen Bereich.","og_url":"https:\/\/www.organisator.ch\/it\/gestione-2\/2024-08-22\/schwaches-geschaeftsklima-im-kmu-mem-sektor\/","og_site_name":"Organisator","article_publisher":"https:\/\/www.facebook.com\/OrganisatorFachmagazin","article_published_time":"2024-08-22T11:03:34+00:00","og_image":[{"width":680,"height":594,"url":"https:\/\/www.organisator.ch\/wp-content\/uploads\/2024\/08\/DE_Geschaeftsklimaindex_Bild1_ps.jpg","type":"image\/jpeg"}],"author":"Adelisa Kalajdzini","twitter_card":"summary_large_image","twitter_title":"Schwaches Gesch\u00e4ftsklima im KMU-MEM-Sektor","twitter_description":"Der #Swissmechanic #KMU-MEM-Gesch\u00e4ftsklimaindex verharrt im #Juli 2024 zum f\u00fcnften Mal in Folge im #negativen #Bereich.","twitter_image":"https:\/\/www.organisator.ch\/wp-content\/uploads\/2024\/08\/DE_Geschaeftsklimaindex_Bild1_ps.jpg","schema":{"@context":"https:\/\/schema.org","@graph":[{"@type":"Article","@id":"https:\/\/www.organisator.ch\/management\/2024-08-22\/schwaches-geschaeftsklima-im-kmu-mem-sektor\/#article","isPartOf":{"@id":"https:\/\/www.organisator.ch\/management\/2024-08-22\/schwaches-geschaeftsklima-im-kmu-mem-sektor\/"},"author":{"name":"Adelisa Kalajdzini","@id":"https:\/\/www.organisator.ch\/#\/schema\/person\/2e1314a2172123f874db408d8911d3f3"},"headline":"Schwaches Gesch\u00e4ftsklima im KMU-MEM-Sektor","datePublished":"2024-08-22T11:03:34+00:00","mainEntityOfPage":{"@id":"https:\/\/www.organisator.ch\/management\/2024-08-22\/schwaches-geschaeftsklima-im-kmu-mem-sektor\/"},"wordCount":398,"publisher":{"@id":"https:\/\/www.organisator.ch\/#organization"},"image":{"@id":"https:\/\/www.organisator.ch\/management\/2024-08-22\/schwaches-geschaeftsklima-im-kmu-mem-sektor\/#primaryimage"},"thumbnailUrl":"https:\/\/www.organisator.ch\/wp-content\/uploads\/2024\/08\/DE_Geschaeftsklimaindex_Bild1_ps.jpg","keywords":["KMU-MEM","Management","Schweiz","Swissmechanic","Unternehmen"],"articleSection":["MANAGEMENT"],"inLanguage":"it-IT"},{"@type":"WebPage","@id":"https:\/\/www.organisator.ch\/management\/2024-08-22\/schwaches-geschaeftsklima-im-kmu-mem-sektor\/","url":"https:\/\/www.organisator.ch\/management\/2024-08-22\/schwaches-geschaeftsklima-im-kmu-mem-sektor\/","name":"Clima imprenditoriale debole nel settore delle PMI-MEM - Organizzatore","isPartOf":{"@id":"https:\/\/www.organisator.ch\/#website"},"primaryImageOfPage":{"@id":"https:\/\/www.organisator.ch\/management\/2024-08-22\/schwaches-geschaeftsklima-im-kmu-mem-sektor\/#primaryimage"},"image":{"@id":"https:\/\/www.organisator.ch\/management\/2024-08-22\/schwaches-geschaeftsklima-im-kmu-mem-sektor\/#primaryimage"},"thumbnailUrl":"https:\/\/www.organisator.ch\/wp-content\/uploads\/2024\/08\/DE_Geschaeftsklimaindex_Bild1_ps.jpg","datePublished":"2024-08-22T11:03:34+00:00","description":"Nel mese di luglio 2024 l'indice PMI-MEM di Swissmechanic \u00e8 rimasto in territorio negativo per la quinta volta consecutiva.","breadcrumb":{"@id":"https:\/\/www.organisator.ch\/management\/2024-08-22\/schwaches-geschaeftsklima-im-kmu-mem-sektor\/#breadcrumb"},"inLanguage":"it-IT","potentialAction":[{"@type":"ReadAction","target":["https:\/\/www.organisator.ch\/management\/2024-08-22\/schwaches-geschaeftsklima-im-kmu-mem-sektor\/"]}]},{"@type":"ImageObject","inLanguage":"it-IT","@id":"https:\/\/www.organisator.ch\/management\/2024-08-22\/schwaches-geschaeftsklima-im-kmu-mem-sektor\/#primaryimage","url":"https:\/\/www.organisator.ch\/wp-content\/uploads\/2024\/08\/DE_Geschaeftsklimaindex_Bild1_ps.jpg","contentUrl":"https:\/\/www.organisator.ch\/wp-content\/uploads\/2024\/08\/DE_Geschaeftsklimaindex_Bild1_ps.jpg","width":680,"height":594,"caption":"(Bild: www.swissmechanic.ch)"},{"@type":"BreadcrumbList","@id":"https:\/\/www.organisator.ch\/management\/2024-08-22\/schwaches-geschaeftsklima-im-kmu-mem-sektor\/#breadcrumb","itemListElement":[{"@type":"ListItem","position":1,"name":"Home","item":"https:\/\/www.organisator.ch\/"},{"@type":"ListItem","position":2,"name":"Schwaches Gesch\u00e4ftsklima im KMU-MEM-Sektor"}]},{"@type":"WebSite","@id":"https:\/\/www.organisator.ch\/#website","url":"https:\/\/www.organisator.ch\/","name":"Organizzatore","description":"Competente. Pratico. In 10 numeri all'anno, ORGANISATOR presenta i temi essenziali per i manager delle PMI.","publisher":{"@id":"https:\/\/www.organisator.ch\/#organization"},"potentialAction":[{"@type":"SearchAction","target":{"@type":"EntryPoint","urlTemplate":"https:\/\/www.organisator.ch\/?s={search_term_string}"},"query-input":{"@type":"PropertyValueSpecification","valueRequired":true,"valueName":"search_term_string"}}],"inLanguage":"it-IT"},{"@type":"Organization","@id":"https:\/\/www.organisator.ch\/#organization","name":"Organizzatore","url":"https:\/\/www.organisator.ch\/","logo":{"@type":"ImageObject","inLanguage":"it-IT","@id":"https:\/\/www.organisator.ch\/#\/schema\/logo\/image\/","url":"https:\/\/www.organisator.ch\/wp-content\/uploads\/2022\/01\/Logo_Organisator_Website.png","contentUrl":"https:\/\/www.organisator.ch\/wp-content\/uploads\/2022\/01\/Logo_Organisator_Website.png","width":800,"height":77,"caption":"Organisator"},"image":{"@id":"https:\/\/www.organisator.ch\/#\/schema\/logo\/image\/"},"sameAs":["https:\/\/www.facebook.com\/OrganisatorFachmagazin","https:\/\/www.linkedin.com\/showcase\/organisator-das-magazin-fr-kmu","https:\/\/www.xing.com\/news\/pages\/organisator-ch-695","https:\/\/www.youtube.com\/channel\/UCGP2Sq0iWaZwT3BdIAQFYpw"]},{"@type":"Person","@id":"https:\/\/www.organisator.ch\/#\/schema\/person\/2e1314a2172123f874db408d8911d3f3","name":"Adelisa Kalajdzini","image":{"@type":"ImageObject","inLanguage":"it-IT","@id":"https:\/\/secure.gravatar.com\/avatar\/09a397c22ac58cad6f160ee8306348599df9df58a8ede73696226897b9fa4b24?s=96&d=mm&r=g","url":"https:\/\/secure.gravatar.com\/avatar\/09a397c22ac58cad6f160ee8306348599df9df58a8ede73696226897b9fa4b24?s=96&d=mm&r=g","contentUrl":"https:\/\/secure.gravatar.com\/avatar\/09a397c22ac58cad6f160ee8306348599df9df58a8ede73696226897b9fa4b24?s=96&d=mm&r=g","caption":"Adelisa Kalajdzini"},"url":"https:\/\/www.organisator.ch\/it\/author\/adelisa-kalajdzini\/"}]}},"_links":{"self":[{"href":"https:\/\/www.organisator.ch\/it\/wp-json\/wp\/v2\/posts\/29188","targetHints":{"allow":["GET"]}}],"collection":[{"href":"https:\/\/www.organisator.ch\/it\/wp-json\/wp\/v2\/posts"}],"about":[{"href":"https:\/\/www.organisator.ch\/it\/wp-json\/wp\/v2\/types\/post"}],"author":[{"embeddable":true,"href":"https:\/\/www.organisator.ch\/it\/wp-json\/wp\/v2\/users\/58"}],"replies":[{"embeddable":true,"href":"https:\/\/www.organisator.ch\/it\/wp-json\/wp\/v2\/comments?post=29188"}],"version-history":[{"count":4,"href":"https:\/\/www.organisator.ch\/it\/wp-json\/wp\/v2\/posts\/29188\/revisions"}],"predecessor-version":[{"id":29258,"href":"https:\/\/www.organisator.ch\/it\/wp-json\/wp\/v2\/posts\/29188\/revisions\/29258"}],"wp:featuredmedia":[{"embeddable":true,"href":"https:\/\/www.organisator.ch\/it\/wp-json\/wp\/v2\/media\/29190"}],"wp:attachment":[{"href":"https:\/\/www.organisator.ch\/it\/wp-json\/wp\/v2\/media?parent=29188"}],"wp:term":[{"taxonomy":"category","embeddable":true,"href":"https:\/\/www.organisator.ch\/it\/wp-json\/wp\/v2\/categories?post=29188"},{"taxonomy":"post_tag","embeddable":true,"href":"https:\/\/www.organisator.ch\/it\/wp-json\/wp\/v2\/tags?post=29188"}],"curies":[{"name":"wp","href":"https:\/\/api.w.org\/{rel}","templated":true}]}}