{"id":29195,"date":"2024-08-21T14:22:38","date_gmt":"2024-08-21T12:22:38","guid":{"rendered":"https:\/\/www.markt-kom.com\/?p=221864"},"modified":"2024-11-08T12:39:08","modified_gmt":"2024-11-08T11:39:08","slug":"seed-visualisiert-wie-swiss-life-nachhaltig-in-immobilien-investiert","status":"publish","type":"post","link":"https:\/\/www.organisator.ch\/it\/marketing\/2024-08-21\/seed-visualisiert-wie-swiss-life-nachhaltig-in-immobilien-investiert\/","title":{"rendered":"Seed visualizza come Swiss Life investe in modo sostenibile nel settore immobiliare"},"content":{"rendered":"<p><img class=\"aligncenter wp-image-221867 size-full\" src=\"https:\/\/www.markt-kom.com\/wp-content\/uploads\/2024\/08\/Swiss-Life-Brannhof-1.jpg\" alt=\"Vita Svizzera\" width=\"1200\" height=\"900\" \/>Nel filmato, Swiss Life Asset Managers utilizza la rivitalizzazione dello Swiss Life Brannhof sulla Bahnhofstrasse a Zurigo per mostrare come, nella sua gestione immobiliare completa, tenga conto di un'ampia gamma di requisiti e li integri nella ristrutturazione di un edificio. Le sfide sono numerose: pianificazione urbana, conservazione dei monumenti, questioni energetiche, cambiamento del comportamento degli acquirenti, condizioni strutturali generali.<\/p>\r\n<p><a href=\"https:\/\/www.markt-kom.com\/wp-content\/uploads\/2024\/08\/Swiss-Life-Brannhof-4.jpg\"><img class=\"attachment-full size-full\" src=\"https:\/\/www.markt-kom.com\/wp-content\/uploads\/2024\/08\/Swiss-Life-Brannhof-4.jpg\" alt=\"\" width=\"1200\" height=\"900\" \/><\/a> <a href=\"https:\/\/www.markt-kom.com\/wp-content\/uploads\/2024\/08\/Swiss-Life-Brannhof-3.jpg\"><img class=\"attachment-full size-full\" src=\"https:\/\/www.markt-kom.com\/wp-content\/uploads\/2024\/08\/Swiss-Life-Brannhof-3.jpg\" alt=\"\" width=\"1200\" height=\"900\" \/><\/a><\/p>\r\n<p>Seed ha sviluppato e prodotto il film in stretta collaborazione con Swiss Life Asset Managers. Il film \u00e8 stato girato nell'arco di tre anni e mezzo. Oltre alla versione originale di otto minuti, Seed ha realizzato anche una versione breve di due minuti. Nel corso delle riprese sono state prodotte anche diverse clip per i social media su argomenti selezionati.<\/p>\r\n<p><\/p>\r\n<p><\/p>\r\n<hr \/>\r\n<p><strong>Responsabile presso Swiss Life Asset Managers:<\/strong> Karin Pache, Tatjana Schachenmann. <strong>Responsabile della comunicazione audiovisiva di Seed:<\/strong> Simon Koller (regia, sceneggiatura, montaggio), Atila Ulcay (macchina da presa), Julian Joseph, Mourad Keller (suono), Roman Linder (color grading), Matthias M\u00fcller (composizione musicale, sound design, missaggio sonoro), Bastian Hertel (direttore di produzione\/registrazione), Felix Courvoisier (produttore).<\/p>","protected":false},"excerpt":{"rendered":"<p>Lo Swiss Life Brannhof \u00e8 un ottimo esempio di ristrutturazione di un edificio sostenibile. Seed ha accompagnato il progetto per tre anni e mezzo.<\/p>","protected":false},"author":8,"featured_media":0,"comment_status":"closed","ping_status":"closed","sticky":false,"template":"","format":"standard","meta":{"_acf_changed":false,"_yoast_wpseo_focuskw":"Swiss Life","_yoast_wpseo_metadesc":"Film zeigt Swiss Life Brannhofs Sanierung und die Herausforderungen im Immobilienmanagement bei Swiss Life Asset Managers.","articlekey":"","footnotes":""},"categories":[29],"tags":[4409,4343,4227,4410],"class_list":["post-29195","post","type-post","status-publish","format-standard","hentry","category-marketing","tag-imagefilm","tag-markom","tag-seed","tag-swiss-life"],"acf":[],"yoast_head":"<!-- This site is optimized with the Yoast SEO plugin v27.5 - https:\/\/yoast.com\/product\/yoast-seo-wordpress\/ -->\n<title>Seed visualisiert, wie Swiss Life nachhaltig in Immobilien investiert - Organisator<\/title>\n<meta name=\"description\" content=\"Film zeigt Swiss Life Brannhofs Sanierung und die Herausforderungen im Immobilienmanagement bei Swiss Life Asset Managers.\" \/>\n<meta name=\"robots\" content=\"index, follow, max-snippet:-1, max-image-preview:large, max-video-preview:-1\" \/>\n<link rel=\"canonical\" href=\"https:\/\/www.organisator.ch\/it\/marketing\/2024-08-21\/seed-visualisiert-wie-swiss-life-nachhaltig-in-immobilien-investiert\/\" \/>\n<meta property=\"og:locale\" content=\"it_IT\" \/>\n<meta property=\"og:type\" content=\"article\" \/>\n<meta property=\"og:title\" content=\"Seed visualisiert, wie Swiss Life nachhaltig in Immobilien investiert - Organisator\" \/>\n<meta property=\"og:description\" content=\"Film zeigt Swiss Life Brannhofs Sanierung und die Herausforderungen im Immobilienmanagement bei Swiss Life Asset Managers.\" \/>\n<meta property=\"og:url\" content=\"https:\/\/www.organisator.ch\/it\/marketing\/2024-08-21\/seed-visualisiert-wie-swiss-life-nachhaltig-in-immobilien-investiert\/\" \/>\n<meta property=\"og:site_name\" content=\"Organisator\" \/>\n<meta property=\"article:publisher\" content=\"https:\/\/www.facebook.com\/OrganisatorFachmagazin\" \/>\n<meta property=\"article:published_time\" content=\"2024-08-21T12:22:38+00:00\" \/>\n<meta property=\"article:modified_time\" content=\"2024-11-08T11:39:08+00:00\" \/>\n<meta property=\"og:image\" content=\"https:\/\/www.markt-kom.com\/wp-content\/uploads\/2024\/08\/Swiss-Life-Brannhof-1.jpg\" \/>\n<meta name=\"author\" content=\"galledia\" \/>\n<meta name=\"twitter:card\" content=\"summary_large_image\" \/>\n<meta name=\"twitter:creator\" content=\"@admin\" \/>\n<script type=\"application\/ld+json\" class=\"yoast-schema-graph\">{\"@context\":\"https:\\\/\\\/schema.org\",\"@graph\":[{\"@type\":\"Article\",\"@id\":\"https:\\\/\\\/www.organisator.ch\\\/marketing\\\/2024-08-21\\\/seed-visualisiert-wie-swiss-life-nachhaltig-in-immobilien-investiert\\\/#article\",\"isPartOf\":{\"@id\":\"https:\\\/\\\/www.organisator.ch\\\/marketing\\\/2024-08-21\\\/seed-visualisiert-wie-swiss-life-nachhaltig-in-immobilien-investiert\\\/\"},\"author\":{\"name\":\"galledia\",\"@id\":\"https:\\\/\\\/www.organisator.ch\\\/#\\\/schema\\\/person\\\/4e51799071cd2dd1232ac003643ef5f0\"},\"headline\":\"Seed visualisiert, wie Swiss Life nachhaltig in Immobilien investiert\",\"datePublished\":\"2024-08-21T12:22:38+00:00\",\"dateModified\":\"2024-11-08T11:39:08+00:00\",\"mainEntityOfPage\":{\"@id\":\"https:\\\/\\\/www.organisator.ch\\\/marketing\\\/2024-08-21\\\/seed-visualisiert-wie-swiss-life-nachhaltig-in-immobilien-investiert\\\/\"},\"wordCount\":158,\"publisher\":{\"@id\":\"https:\\\/\\\/www.organisator.ch\\\/#organization\"},\"image\":{\"@id\":\"https:\\\/\\\/www.organisator.ch\\\/marketing\\\/2024-08-21\\\/seed-visualisiert-wie-swiss-life-nachhaltig-in-immobilien-investiert\\\/#primaryimage\"},\"thumbnailUrl\":\"https:\\\/\\\/www.markt-kom.com\\\/wp-content\\\/uploads\\\/2024\\\/08\\\/Swiss-Life-Brannhof-1.jpg\",\"keywords\":[\"Imagefilm\",\"MarKom\",\"Seed\",\"Swiss Life\"],\"articleSection\":[\"MARKETING\"],\"inLanguage\":\"it-IT\"},{\"@type\":\"WebPage\",\"@id\":\"https:\\\/\\\/www.organisator.ch\\\/marketing\\\/2024-08-21\\\/seed-visualisiert-wie-swiss-life-nachhaltig-in-immobilien-investiert\\\/\",\"url\":\"https:\\\/\\\/www.organisator.ch\\\/marketing\\\/2024-08-21\\\/seed-visualisiert-wie-swiss-life-nachhaltig-in-immobilien-investiert\\\/\",\"name\":\"Seed visualisiert, wie Swiss Life nachhaltig in Immobilien investiert - Organisator\",\"isPartOf\":{\"@id\":\"https:\\\/\\\/www.organisator.ch\\\/#website\"},\"primaryImageOfPage\":{\"@id\":\"https:\\\/\\\/www.organisator.ch\\\/marketing\\\/2024-08-21\\\/seed-visualisiert-wie-swiss-life-nachhaltig-in-immobilien-investiert\\\/#primaryimage\"},\"image\":{\"@id\":\"https:\\\/\\\/www.organisator.ch\\\/marketing\\\/2024-08-21\\\/seed-visualisiert-wie-swiss-life-nachhaltig-in-immobilien-investiert\\\/#primaryimage\"},\"thumbnailUrl\":\"https:\\\/\\\/www.markt-kom.com\\\/wp-content\\\/uploads\\\/2024\\\/08\\\/Swiss-Life-Brannhof-1.jpg\",\"datePublished\":\"2024-08-21T12:22:38+00:00\",\"dateModified\":\"2024-11-08T11:39:08+00:00\",\"description\":\"Film zeigt Swiss Life Brannhofs Sanierung und die Herausforderungen im Immobilienmanagement bei Swiss Life Asset Managers.\",\"breadcrumb\":{\"@id\":\"https:\\\/\\\/www.organisator.ch\\\/marketing\\\/2024-08-21\\\/seed-visualisiert-wie-swiss-life-nachhaltig-in-immobilien-investiert\\\/#breadcrumb\"},\"inLanguage\":\"it-IT\",\"potentialAction\":[{\"@type\":\"ReadAction\",\"target\":[\"https:\\\/\\\/www.organisator.ch\\\/marketing\\\/2024-08-21\\\/seed-visualisiert-wie-swiss-life-nachhaltig-in-immobilien-investiert\\\/\"]}]},{\"@type\":\"ImageObject\",\"inLanguage\":\"it-IT\",\"@id\":\"https:\\\/\\\/www.organisator.ch\\\/marketing\\\/2024-08-21\\\/seed-visualisiert-wie-swiss-life-nachhaltig-in-immobilien-investiert\\\/#primaryimage\",\"url\":\"https:\\\/\\\/www.markt-kom.com\\\/wp-content\\\/uploads\\\/2024\\\/08\\\/Swiss-Life-Brannhof-1.jpg\",\"contentUrl\":\"https:\\\/\\\/www.markt-kom.com\\\/wp-content\\\/uploads\\\/2024\\\/08\\\/Swiss-Life-Brannhof-1.jpg\"},{\"@type\":\"BreadcrumbList\",\"@id\":\"https:\\\/\\\/www.organisator.ch\\\/marketing\\\/2024-08-21\\\/seed-visualisiert-wie-swiss-life-nachhaltig-in-immobilien-investiert\\\/#breadcrumb\",\"itemListElement\":[{\"@type\":\"ListItem\",\"position\":1,\"name\":\"Home\",\"item\":\"https:\\\/\\\/www.organisator.ch\\\/\"},{\"@type\":\"ListItem\",\"position\":2,\"name\":\"Seed visualisiert, wie Swiss Life nachhaltig in Immobilien investiert\"}]},{\"@type\":\"WebSite\",\"@id\":\"https:\\\/\\\/www.organisator.ch\\\/#website\",\"url\":\"https:\\\/\\\/www.organisator.ch\\\/\",\"name\":\"Organisator\",\"description\":\"Kompetent. Praxisnah. Der ORGANISATOR bereitet in 10 Ausgaben pro Jahr die wesentlichen Themen f\u00fcr F\u00fchrungskr\u00e4fte von KMU auf.\",\"publisher\":{\"@id\":\"https:\\\/\\\/www.organisator.ch\\\/#organization\"},\"potentialAction\":[{\"@type\":\"SearchAction\",\"target\":{\"@type\":\"EntryPoint\",\"urlTemplate\":\"https:\\\/\\\/www.organisator.ch\\\/?s={search_term_string}\"},\"query-input\":{\"@type\":\"PropertyValueSpecification\",\"valueRequired\":true,\"valueName\":\"search_term_string\"}}],\"inLanguage\":\"it-IT\"},{\"@type\":\"Organization\",\"@id\":\"https:\\\/\\\/www.organisator.ch\\\/#organization\",\"name\":\"Organisator\",\"url\":\"https:\\\/\\\/www.organisator.ch\\\/\",\"logo\":{\"@type\":\"ImageObject\",\"inLanguage\":\"it-IT\",\"@id\":\"https:\\\/\\\/www.organisator.ch\\\/#\\\/schema\\\/logo\\\/image\\\/\",\"url\":\"https:\\\/\\\/www.organisator.ch\\\/wp-content\\\/uploads\\\/2022\\\/01\\\/Logo_Organisator_Website.png\",\"contentUrl\":\"https:\\\/\\\/www.organisator.ch\\\/wp-content\\\/uploads\\\/2022\\\/01\\\/Logo_Organisator_Website.png\",\"width\":800,\"height\":77,\"caption\":\"Organisator\"},\"image\":{\"@id\":\"https:\\\/\\\/www.organisator.ch\\\/#\\\/schema\\\/logo\\\/image\\\/\"},\"sameAs\":[\"https:\\\/\\\/www.facebook.com\\\/OrganisatorFachmagazin\",\"https:\\\/\\\/www.linkedin.com\\\/showcase\\\/organisator-das-magazin-fr-kmu\",\"https:\\\/\\\/www.xing.com\\\/news\\\/pages\\\/organisator-ch-695\",\"https:\\\/\\\/www.youtube.com\\\/channel\\\/UCGP2Sq0iWaZwT3BdIAQFYpw\"]},{\"@type\":\"Person\",\"@id\":\"https:\\\/\\\/www.organisator.ch\\\/#\\\/schema\\\/person\\\/4e51799071cd2dd1232ac003643ef5f0\",\"name\":\"galledia\",\"image\":{\"@type\":\"ImageObject\",\"inLanguage\":\"it-IT\",\"@id\":\"https:\\\/\\\/secure.gravatar.com\\\/avatar\\\/78a7f90c01fc2bfc875782a0d4922b37cde2cf184ce347b91316d23cd7f69a36?s=96&d=mm&r=g\",\"url\":\"https:\\\/\\\/secure.gravatar.com\\\/avatar\\\/78a7f90c01fc2bfc875782a0d4922b37cde2cf184ce347b91316d23cd7f69a36?s=96&d=mm&r=g\",\"contentUrl\":\"https:\\\/\\\/secure.gravatar.com\\\/avatar\\\/78a7f90c01fc2bfc875782a0d4922b37cde2cf184ce347b91316d23cd7f69a36?s=96&d=mm&r=g\",\"caption\":\"galledia\"},\"sameAs\":[\"https:\\\/\\\/x.com\\\/admin\"],\"url\":\"https:\\\/\\\/www.organisator.ch\\\/it\\\/author\\\/galledia\\\/\"}]}<\/script>\n<!-- \/ Yoast SEO plugin. -->","yoast_head_json":{"title":"Seed visualizza come Swiss Life investe in modo sostenibile nel settore immobiliare - Organizzatore","description":"Il filmato mostra la ristrutturazione di Swiss Life Brannhof e le sfide della gestione immobiliare presso Swiss Life Asset Managers.","robots":{"index":"index","follow":"follow","max-snippet":"max-snippet:-1","max-image-preview":"max-image-preview:large","max-video-preview":"max-video-preview:-1"},"canonical":"https:\/\/www.organisator.ch\/it\/marketing\/2024-08-21\/seed-visualisiert-wie-swiss-life-nachhaltig-in-immobilien-investiert\/","og_locale":"it_IT","og_type":"article","og_title":"Seed visualisiert, wie Swiss Life nachhaltig in Immobilien investiert - Organisator","og_description":"Film zeigt Swiss Life Brannhofs Sanierung und die Herausforderungen im Immobilienmanagement bei Swiss Life Asset Managers.","og_url":"https:\/\/www.organisator.ch\/it\/marketing\/2024-08-21\/seed-visualisiert-wie-swiss-life-nachhaltig-in-immobilien-investiert\/","og_site_name":"Organisator","article_publisher":"https:\/\/www.facebook.com\/OrganisatorFachmagazin","article_published_time":"2024-08-21T12:22:38+00:00","article_modified_time":"2024-11-08T11:39:08+00:00","og_image":[{"url":"https:\/\/www.markt-kom.com\/wp-content\/uploads\/2024\/08\/Swiss-Life-Brannhof-1.jpg","type":"","width":"","height":""}],"author":"galledia","twitter_card":"summary_large_image","twitter_creator":"@admin","schema":{"@context":"https:\/\/schema.org","@graph":[{"@type":"Article","@id":"https:\/\/www.organisator.ch\/marketing\/2024-08-21\/seed-visualisiert-wie-swiss-life-nachhaltig-in-immobilien-investiert\/#article","isPartOf":{"@id":"https:\/\/www.organisator.ch\/marketing\/2024-08-21\/seed-visualisiert-wie-swiss-life-nachhaltig-in-immobilien-investiert\/"},"author":{"name":"galledia","@id":"https:\/\/www.organisator.ch\/#\/schema\/person\/4e51799071cd2dd1232ac003643ef5f0"},"headline":"Seed visualisiert, wie Swiss Life nachhaltig in Immobilien investiert","datePublished":"2024-08-21T12:22:38+00:00","dateModified":"2024-11-08T11:39:08+00:00","mainEntityOfPage":{"@id":"https:\/\/www.organisator.ch\/marketing\/2024-08-21\/seed-visualisiert-wie-swiss-life-nachhaltig-in-immobilien-investiert\/"},"wordCount":158,"publisher":{"@id":"https:\/\/www.organisator.ch\/#organization"},"image":{"@id":"https:\/\/www.organisator.ch\/marketing\/2024-08-21\/seed-visualisiert-wie-swiss-life-nachhaltig-in-immobilien-investiert\/#primaryimage"},"thumbnailUrl":"https:\/\/www.markt-kom.com\/wp-content\/uploads\/2024\/08\/Swiss-Life-Brannhof-1.jpg","keywords":["Imagefilm","MarKom","Seed","Swiss Life"],"articleSection":["MARKETING"],"inLanguage":"it-IT"},{"@type":"WebPage","@id":"https:\/\/www.organisator.ch\/marketing\/2024-08-21\/seed-visualisiert-wie-swiss-life-nachhaltig-in-immobilien-investiert\/","url":"https:\/\/www.organisator.ch\/marketing\/2024-08-21\/seed-visualisiert-wie-swiss-life-nachhaltig-in-immobilien-investiert\/","name":"Seed visualizza come Swiss Life investe in modo sostenibile nel settore immobiliare - Organizzatore","isPartOf":{"@id":"https:\/\/www.organisator.ch\/#website"},"primaryImageOfPage":{"@id":"https:\/\/www.organisator.ch\/marketing\/2024-08-21\/seed-visualisiert-wie-swiss-life-nachhaltig-in-immobilien-investiert\/#primaryimage"},"image":{"@id":"https:\/\/www.organisator.ch\/marketing\/2024-08-21\/seed-visualisiert-wie-swiss-life-nachhaltig-in-immobilien-investiert\/#primaryimage"},"thumbnailUrl":"https:\/\/www.markt-kom.com\/wp-content\/uploads\/2024\/08\/Swiss-Life-Brannhof-1.jpg","datePublished":"2024-08-21T12:22:38+00:00","dateModified":"2024-11-08T11:39:08+00:00","description":"Il filmato mostra la ristrutturazione di Swiss Life Brannhof e le sfide della gestione immobiliare presso Swiss Life Asset Managers.","breadcrumb":{"@id":"https:\/\/www.organisator.ch\/marketing\/2024-08-21\/seed-visualisiert-wie-swiss-life-nachhaltig-in-immobilien-investiert\/#breadcrumb"},"inLanguage":"it-IT","potentialAction":[{"@type":"ReadAction","target":["https:\/\/www.organisator.ch\/marketing\/2024-08-21\/seed-visualisiert-wie-swiss-life-nachhaltig-in-immobilien-investiert\/"]}]},{"@type":"ImageObject","inLanguage":"it-IT","@id":"https:\/\/www.organisator.ch\/marketing\/2024-08-21\/seed-visualisiert-wie-swiss-life-nachhaltig-in-immobilien-investiert\/#primaryimage","url":"https:\/\/www.markt-kom.com\/wp-content\/uploads\/2024\/08\/Swiss-Life-Brannhof-1.jpg","contentUrl":"https:\/\/www.markt-kom.com\/wp-content\/uploads\/2024\/08\/Swiss-Life-Brannhof-1.jpg"},{"@type":"BreadcrumbList","@id":"https:\/\/www.organisator.ch\/marketing\/2024-08-21\/seed-visualisiert-wie-swiss-life-nachhaltig-in-immobilien-investiert\/#breadcrumb","itemListElement":[{"@type":"ListItem","position":1,"name":"Home","item":"https:\/\/www.organisator.ch\/"},{"@type":"ListItem","position":2,"name":"Seed visualisiert, wie Swiss Life nachhaltig in Immobilien investiert"}]},{"@type":"WebSite","@id":"https:\/\/www.organisator.ch\/#website","url":"https:\/\/www.organisator.ch\/","name":"Organizzatore","description":"Competente. Pratico. In 10 numeri all'anno, ORGANISATOR presenta i temi essenziali per i manager delle PMI.","publisher":{"@id":"https:\/\/www.organisator.ch\/#organization"},"potentialAction":[{"@type":"SearchAction","target":{"@type":"EntryPoint","urlTemplate":"https:\/\/www.organisator.ch\/?s={search_term_string}"},"query-input":{"@type":"PropertyValueSpecification","valueRequired":true,"valueName":"search_term_string"}}],"inLanguage":"it-IT"},{"@type":"Organization","@id":"https:\/\/www.organisator.ch\/#organization","name":"Organizzatore","url":"https:\/\/www.organisator.ch\/","logo":{"@type":"ImageObject","inLanguage":"it-IT","@id":"https:\/\/www.organisator.ch\/#\/schema\/logo\/image\/","url":"https:\/\/www.organisator.ch\/wp-content\/uploads\/2022\/01\/Logo_Organisator_Website.png","contentUrl":"https:\/\/www.organisator.ch\/wp-content\/uploads\/2022\/01\/Logo_Organisator_Website.png","width":800,"height":77,"caption":"Organisator"},"image":{"@id":"https:\/\/www.organisator.ch\/#\/schema\/logo\/image\/"},"sameAs":["https:\/\/www.facebook.com\/OrganisatorFachmagazin","https:\/\/www.linkedin.com\/showcase\/organisator-das-magazin-fr-kmu","https:\/\/www.xing.com\/news\/pages\/organisator-ch-695","https:\/\/www.youtube.com\/channel\/UCGP2Sq0iWaZwT3BdIAQFYpw"]},{"@type":"Person","@id":"https:\/\/www.organisator.ch\/#\/schema\/person\/4e51799071cd2dd1232ac003643ef5f0","name":"galledia","image":{"@type":"ImageObject","inLanguage":"it-IT","@id":"https:\/\/secure.gravatar.com\/avatar\/78a7f90c01fc2bfc875782a0d4922b37cde2cf184ce347b91316d23cd7f69a36?s=96&d=mm&r=g","url":"https:\/\/secure.gravatar.com\/avatar\/78a7f90c01fc2bfc875782a0d4922b37cde2cf184ce347b91316d23cd7f69a36?s=96&d=mm&r=g","contentUrl":"https:\/\/secure.gravatar.com\/avatar\/78a7f90c01fc2bfc875782a0d4922b37cde2cf184ce347b91316d23cd7f69a36?s=96&d=mm&r=g","caption":"galledia"},"sameAs":["https:\/\/x.com\/admin"],"url":"https:\/\/www.organisator.ch\/it\/author\/galledia\/"}]}},"_links":{"self":[{"href":"https:\/\/www.organisator.ch\/it\/wp-json\/wp\/v2\/posts\/29195","targetHints":{"allow":["GET"]}}],"collection":[{"href":"https:\/\/www.organisator.ch\/it\/wp-json\/wp\/v2\/posts"}],"about":[{"href":"https:\/\/www.organisator.ch\/it\/wp-json\/wp\/v2\/types\/post"}],"author":[{"embeddable":true,"href":"https:\/\/www.organisator.ch\/it\/wp-json\/wp\/v2\/users\/8"}],"replies":[{"embeddable":true,"href":"https:\/\/www.organisator.ch\/it\/wp-json\/wp\/v2\/comments?post=29195"}],"version-history":[{"count":4,"href":"https:\/\/www.organisator.ch\/it\/wp-json\/wp\/v2\/posts\/29195\/revisions"}],"predecessor-version":[{"id":32027,"href":"https:\/\/www.organisator.ch\/it\/wp-json\/wp\/v2\/posts\/29195\/revisions\/32027"}],"wp:attachment":[{"href":"https:\/\/www.organisator.ch\/it\/wp-json\/wp\/v2\/media?parent=29195"}],"wp:term":[{"taxonomy":"category","embeddable":true,"href":"https:\/\/www.organisator.ch\/it\/wp-json\/wp\/v2\/categories?post=29195"},{"taxonomy":"post_tag","embeddable":true,"href":"https:\/\/www.organisator.ch\/it\/wp-json\/wp\/v2\/tags?post=29195"}],"curies":[{"name":"wp","href":"https:\/\/api.w.org\/{rel}","templated":true}]}}