{"id":2923,"date":"2020-03-16T15:01:00","date_gmt":"2020-03-16T14:01:00","guid":{"rendered":"https:\/\/www.umweltperspektiven.ch\/?p=2923"},"modified":"2022-02-09T11:06:50","modified_gmt":"2022-02-09T10:06:50","slug":"waldabholzungen-corona-und-fledermaeuse-zur-entstehung-einer-ansteckenden-epidemie","status":"publish","type":"post","link":"https:\/\/www.organisator.ch\/it\/sustainability\/2020-03-16\/waldabholzungen-corona-und-fledermaeuse-zur-entstehung-einer-ansteckenden-epidemie\/","title":{"rendered":"Deforestazione, Corona e pipistrelli: sull'emergenza di un'epidemia contagiosa"},"content":{"rendered":"<figure id=\"attachment_2924\" aria-describedby=\"caption-attachment-2924\" style=\"width: 680px\" class=\"wp-caption alignnone\"><img loading=\"lazy\" decoding=\"async\" class=\"size-medium wp-image-2924\" src=\"\/\/www.umweltperspektiven.ch\/wp-content\/uploads\/2020\/03\/Corona-Waldabholzungen-Flederm\u00e4use-UP_Umwelt-Perspektiven.jpg\" alt=\"\" width=\"680\" height=\"453\" \/><figcaption id=\"caption-attachment-2924\" class=\"wp-caption-text\">Quando si tratta di contenere la diffusione dei coronavirus, diventa ancora pi\u00f9 importante educare le persone sui rischi ambientali causati dall'uomo (ad esempio, tra esseri umani e animali). Immagine simbolo: Unsplash<\/figcaption><\/figure>\n<p>La pandemia COVID-19 (descritta colloquialmente anche come \"pandemia da coronavirus\", \"crisi della corona\") \u00e8 una <a href=\"\/\/de.wikipedia.org\/wiki\/Epidemiologie#Endemie,_Epidemie_und_Pandemie\">Epidemia<\/a> del nuovo <a href=\"\/\/de.wikipedia.org\/wiki\/Atemwegserkrankung\">Malattie respiratorie<\/a> <a href=\"\/\/de.wikipedia.org\/wiki\/COVID-19\">COVID-19<\/a> (o \"Covid-19\", per <em>Malattia da virus della corona 2019<\/em>). Le prime infezioni al di fuori della Repubblica Popolare Cinese sono state segnalate gi\u00e0 nel gennaio 2020, ma \u00e8 solo dall'11 marzo 2020 che l'Organizzazione Mondiale della Sanit\u00e0 (OMS) ha ufficialmente ipotizzato una pandemia (la prima dopo la pandemia H1N1 del 2009\/10).<\/p>\n<p>\"Nel 1997, mentre nuvole di fumo incombevano sulle foreste pluviali dell'Indonesia, perch\u00e9 un'area grande quanto la Pennsylvania era stata bruciata per far posto all'agricoltura - con gli incendi ulteriormente aggravati dalla siccit\u00e0 - gli alberi, soffocati dalla foschia, non potevano pi\u00f9 produrre frutti. Questo ha lasciato ai pipistrelli residenti un posto dove volare per procurarsi il cibo e una malattia mortale da portare con s\u00e9\", inizia l'articolo della giornalista scientifica freelance Katarina Zimmer, pubblicato su National Geographic il 22 novembre 2019.<\/p>\n<p>Zimmer scrive che i pipistrelli si nascosero negli alberi di orchidee della Malesia. I maiali si sono improvvisamente ammalati. Forse hanno mangiato frutti caduti e appassiti che i pipistrelli avevano sgranocchiato in precedenza. Nel 1999, a 265 persone sono state diagnosticate pericolose infezioni cerebrali e 105 sono morte a causa del cosiddetto virus Nipah.<\/p>\n<p>Diversi ricercatori sottolineano che il virus Nipah \u00e8 solo una delle tante malattie contagiose provenienti da regioni in cui la deforestazione massiccia \u00e8 in atto da decenni. Diversi studi scientificamente provati ipotizzano un legame causale tra la deforestazione e una complessa cascata di eventi che alla fine trasportano i virus che causano le malattie in ogni angolo del mondo.<\/p>\n<p><strong>Punture di zanzara e \"moltiplicatori\" creati dall'uomo \u00a0\u00a0<\/strong><\/p>\n<p>In una complessa analisi di dati satellitari e sanitari pubblicata di recente sulla rivista Proceedings of National Academy of Sciences, Erin Mordecai di MacDonald e dell'Universit\u00e0 di Stanford ha rilevato un impatto significativo della deforestazione nel bacino amazzonico sulla trasmissione della malaria, in linea con alcune ricerche precedenti.<\/p>\n<p>Sebbene si tratti di stime elevate, la scala \u00e8 illuminante: Tra il 2003 e il 2015 \u00e8 stato registrato un aumento annuale del 10% della perdita di foreste. I casi di malaria sono aumentati del 3% all'anno durante questo periodo. In un anno di studio, ad esempio, 618 chilometri quadrati in pi\u00f9 di foresta disboscata - l'equivalente di quasi 300.000 campi da calcio - sono stati associati a 10.000 casi di malaria in pi\u00f9.<\/p>\n<p>Questo effetto \u00e8 stato pi\u00f9 pronunciato all'interno della foresta. Qui le aree forestali erano ancora intatte, con le zanzare che colonizzavano un habitat umido ai loro margini.<\/p>\n<blockquote><p>\"Poich\u00e9 le radure alberate per le zanzare stanno scomparendo, i contagi nelle aree urbane potrebbero aumentare\".<\/p><\/blockquote>\n<p>Altri studi, come quello dell'epidemiologa Amy Vittor dell'Emerging Pathogens Institute dell'Universit\u00e0 della Florida, dimostrano che i margini delle foreste sono un habitat ideale per la riproduzione delle zanzare: Lungo i bordi disboscati si forma un habitat ideale per la riproduzione della zanzara Anopheles darlingi, il pi\u00f9 importante vettore della malaria nella regione amazzonica.<\/p>\n<p>Attraverso un'attenta ricerca nell'Amazzonia peruviana, Vittor ha trovato un numero maggiore di larve in pozze calde e parzialmente ombreggiate che si formavano vicino a strade e detriti tagliati nella foresta. \"Questi erano i luoghi in cui Anopheles darlingi amava frequentare\", ricorda il ricercatore.<\/p>\n<p>Visti gli incendi in corso in Amazzonia nel 2019, questi risultati non lasciano presagire nulla di buono. I dati pubblicati nel novembre 2019 hanno mostrato che nel 2019 \u00e8 stata distrutta in Amazzonia un'area grande 12 volte la citt\u00e0 di New York. Tuttavia, l'acqua piovana non pu\u00f2 essere rigenerata da alberi e piante in questi luoghi falciati.<\/p>\n<p><strong>Conclusione: i pipistrelli come vettori della malattia da CoV? \u00a0\u00a0<\/strong><\/p>\n<p>Il documento pubblicato nell'aprile 2018 e intitolato \"Bats, Coronavirus, and Deforestation: Toward the Emergence of Novel Infectious Diseases?\" (Fonte: US National Library of Medicine \/ National Institutes of Health) di <a href=\"\/\/www.ncbi.nlm.nih.gov\/pubmed\/?term=Afelt%20A%5BAuthor%5D&amp;cauthor=true&amp;cauthor_uid=29696007\">Aneta Afelt<\/a>, <a href=\"\/\/www.ncbi.nlm.nih.gov\/pubmed\/?term=Frutos%20R%5BAuthor%5D&amp;cauthor=true&amp;cauthor_uid=29696007\">Roger Frutos<\/a> e <a href=\"\/\/www.ncbi.nlm.nih.gov\/pubmed\/?term=Devaux%20C%5BAuthor%5D&amp;cauthor=true&amp;cauthor_uid=29696007\">Christian Devaux<\/a> stabilisce un chiaro legame tra pipistrelli, disboscamento e coronavirus. A causa dell'evoluzione dell'uso del suolo, le popolazioni di pipistrelli si stanno insediando in aree pi\u00f9 vicine alle abitazioni umane (Reuter et al., 2016).<\/p>\n<p>Tuttavia, i ricercatori fanno una distinzione tra uomini e animali:<\/p>\n<p>\"Sebbene sia stato trovato sangue umano nella dieta dei pipistrelli D. ecaudata in Brasile (Ito et al., 2016), indicando che i pipistrelli possono nutrirsi di esseri umani, si tratta di un'eccezione. Inoltre, forse con l'eccezione dell'Australian bat lyssavirus (ABLV) e del Duvanhage virus, non esiste un chiaro caso di trasmissione diretta del virus dai pipistrelli all'uomo (Tignor et al., 1977; Hanna et al., 2000; Paweska et al., 2006)\".<\/p>\n<p>Gli esperti ritengono addirittura che i pipistrelli siano pi\u00f9 utili di quanto molti pensino. Ad esempio, i pipistrelli aiutano l'impollinazione degli alberi da frutto (Whittnaker et al., 1992; Kelm et al., 2008) e contribuirebbero anche a contenere le popolazioni di insetti (Leelapaibul et al., 2005; Kalka et al., 2008). Oggi, tuttavia, circa 56 specie di pipistrelli sono cacciate e consumate da popolazioni a basso reddito in Asia (Mildenstein et al., 2016). Sono anche utilizzate nella medicina tradizionale (Walker, 2005; Ashwell e Walston, 2008) e nelle aziende agricole per produrre fertilizzante a base di guano (Chhay, 2012; Thi et al., 2014).<\/p>\n<p>&nbsp;<\/p>\n<p><img loading=\"lazy\" decoding=\"async\" class=\"alignnone size-medium wp-image-2925\" src=\"\/\/www.umweltperspektiven.ch\/wp-content\/uploads\/2020\/03\/Waldabholzungen-Corona-und-Flederm\u00e4use-Zur-Entstehung-einer-ansteckenden-Epidemie-UP_Umwelt-Perspektiven.jpg\" alt=\"\" width=\"680\" height=\"451\" \/><\/p>\n<p>Tuttavia, le analisi dei ricercatori citati sottolineano che ci sarebbero stati diversi eventi di trasmissione del CoV tra pipistrelli, zibetti ed esseri umani anche prima dell'epidemia di SARS del 2002 (Zheng et al., 2004). Ad esempio, nella loro pubblicazione si legge: \"Il problema biologico dell'insorgenza dei virus non \u00e8 fondamentalmente cambiato, ma la probabilit\u00e0 che il rischio si verifichi a causa di stress e cambiamenti ambientali \u00e8 in aumento\".<\/p>\n<p><strong>Antropizzazione e presenza di malattie<\/strong><\/p>\n<p>A <strong>Antropizzazione<\/strong> L'antropizzazione in geografia ed ecologia \u00e8 la trasformazione di spazi aperti, paesaggi e ambienti naturali da parte dell'attivit\u00e0 umana. L'\"erosione antropica\", ad esempio, descrive il processo di attivit\u00e0 umana che degrada il terreno e il suolo.<\/p>\n<p>Le aree rurali sono caratterizzate da una grande diversit\u00e0 di paesaggi, tra cui case, fienili, campi, frutteti e boschi di diversa densit\u00e0. \u00c8 opinione comune che la deforestazione e l'antropizzazione possano portare alla scomparsa delle specie. Tuttavia, questo non \u00e8 sempre vero quando i nuovi ambienti forniscono un habitat accettabile per un gran numero di animali e favoriscono, ad esempio, una maggiore diversit\u00e0 di pipistrelli.<\/p>\n<p>Inoltre, le luci delle case attirano di notte un gran numero di insetti, facili prede dei pipistrelli insettivori. Le case e i fienili offrono rifugio ai pipistrelli cavernicoli, mentre i frutteti e i campi attirano i pipistrelli frugivori. Questo effetto attrattivo degli ambienti antropizzati sui pipistrelli con esigenze biologiche diverse porta a una maggiore concentrazione e biodiversit\u00e0 dei roost dei pipistrelli (Han et al., 2015; Plowright et al., 2015; Reuter et al., 2016; Lacroix et al., 2017a,b; Walsh et al., 2017; Afelt et al., 2018).<\/p>\n<p>Questo aumenta il rischio di trasmissione del virus attraverso il contatto diretto, le infezioni da animali domestici o la contaminazione attraverso l'urina o le feci. Questo perch\u00e9 i pipistrelli producono virus anche in prossimit\u00e0 di abitazioni umane (Plowright et al., 2015; Afelt et al., 2018). Poich\u00e9 le CoV (vedi infobox \"<strong>Nuova malattia da pipistrello CoV\".<\/strong>) sono principalmente patogeni di malattie animali, esiste il rischio di insorgenza di malattie sia negli animali domestici che nell'uomo.<\/p>\n<p><strong>Virus di origine animale: un nemico storico con un futuro brillante<\/strong><\/p>\n<p>Il nuovo coronavirus \u00e8 noto come <strong>SARS-CoV-2<\/strong> (Sindrome respiratoria acuta grave Coronavirus 2). La malattia respiratoria causata dal virus \u00e8 chiamata <strong>COVID-19 <\/strong>(Malattia da coronavirus 2019).<\/p>\n<p>Infezioni importanti di esseri umani da parte di virus dei pipistrelli sono state documentate di recente, anche se potrebbero essersi verificate in passato. I coronavirus (in sigla CoV) sono stati per lo pi\u00f9 associati a malattie animali, con bestiame e animali domestici che fungono da vettori intermedi per la trasmissione all'uomo.<\/p>\n<p>Circa il 4,4% dei ratti venduti in tre mercati di animali vivi nella regione del Delta del Mekong in Vietnam e il 22% dei pipistrelli campionati in tre allevamenti di pipistrelli erano portatori di CoV, il che rappresenta un alto livello di contaminazione animale (Berto et al., 2017). Prima della comparsa del SARS-CoV e del MERS-CoV nell'uomo, i quattro CoV umani noti (HCoV-HKU1, HCoV-229E, HCoV-NL63 e HCoV-OC43) sono stati segnalati come endemici e responsabili di malattie respiratorie da lievi a moderate per pi\u00f9 di tre decenni.<\/p>\n<p>\u00c8 dimostrato che gli alfa-CoV del pipistrello Hipposideros caffer ruber condividono antenati comuni con l'HCoV-229E umano (Pfefferle et al., 2009) e che un virus correlato ha infettato gli alpaca in cattivit\u00e0 (Vicugna pacos), mentre un altro virus correlato ha infettato i cammelli (Corman et al., 2016).<\/p>\n<p>Inoltre, l'HCoV-NL63 \u00e8 stato trovato nel 9,3% dei campioni provenienti da persone ricoverate per malattie respiratorie. Esistono quindi somiglianze di sequenza tra il CoV ARCoV.2 dei pipistrelli (Perimyotis subflavus) e gli esseri umani infetti, mentre l'HCoV-NL63 pu\u00f2 replicarsi in linee cellulari provenienti dai polmoni dei pipistrelli tricolori (Huynh et al., 2012).<\/p>\n<p>Il MERS-CoV \u00e8 strettamente correlato al CoV HKU4 dei pipistrelli (nei pipistrelli Tylonycteris) e al CoV HKU5 dei pipistrelli Pipistrellus. Nel complesso, questi dati illustrano la complessa dinamica della circolazione del CoV tra pipistrelli e animali selvatici o domestici (bovini, suini) prima dell'incrocio con l'uomo.<\/p>\n<p>Tuttavia, i pipistrelli non devono necessariamente essere coinvolti nelle infezioni primarie dell'uomo. Tuttavia, scrivere <a href=\"\/\/www.ncbi.nlm.nih.gov\/pubmed\/?term=Afelt%20A%5BAuthor%5D&amp;cauthor=true&amp;cauthor_uid=29696007\">Aneta Afelt<\/a>, <a href=\"\/\/www.ncbi.nlm.nih.gov\/pubmed\/?term=Frutos%20R%5BAuthor%5D&amp;cauthor=true&amp;cauthor_uid=29696007\">Roger Frutos<\/a> e <a href=\"\/\/www.ncbi.nlm.nih.gov\/pubmed\/?term=Devaux%20C%5BAuthor%5D&amp;cauthor=true&amp;cauthor_uid=29696007\">Christian Devaux<\/a> nel loro studio del 2018 intitolato \"Bats, Coronavirus, and Deforestation: Toward the Emergence of Novel Infectious Diseases?\":<\/p>\n<p>\"La situazione \u00e8 diversa con l'emergere di un nuovo patogeno all'interno della popolazione umana immunologicamente attiva. In questo caso, il rischio di grandi epidemie combinate con un'elevata mortalit\u00e0 \u00e8 molto alto. Una volta adattati all'uomo, i CoV possono evolvere per sviluppare una modalit\u00e0 di trasmissione intraspecifica pi\u00f9 efficiente. Durante le epidemie di SARS a Taiwan e a Toronto, alcuni individui sono stati molto efficienti nel trasmettere il SARS CoV e sono stati definiti \"superspreaders\" (McDonald et al., 2004).<\/p>\n<p>Un totale dell'83,2% degli eventi di trasmissione \u00e8 stato collegato epidemiologicamente a cinque \"superdiffusori\", tutti con polmonite diagnosticata alla prima visita medica.<\/p>\n<p><strong>Resum\u00e9e (sulla diffusione dei coronavirus) <\/strong><\/p>\n<p>Poich\u00e9 \u00e8 improbabile che l'impatto crescente delle attivit\u00e0 umane sugli ecosistemi si riduca, \u00e8 necessario rafforzare la sorveglianza del virus CoV nella fauna selvatica, nel bestiame, negli animali domestici e nell'uomo per comprendere meglio le dinamiche della trasmissione interspecie e migliorare la valutazione del rischio, l'allerta precoce e l'intervento (Devaux, 2012).<\/p>\n<p>Purtroppo, il problema dei virus trasmessi dai pipistrelli non si limita ai CoV. Delle 60 specie virali segnalate come associate ai pipistrelli, 59 sono virus a RNA che potrebbero essere potenzialmente responsabili dell'insorgenza e della ricomparsa di malattie infettive nell'uomo (Brook e Dobson, 2015).<\/p>\n<p>Tuttavia, il rischio di insorgenza della malattia \u00e8 direttamente correlato alla distribuzione delle specie di pipistrelli? Diversi esempi si trovano in altre famiglie di virus. Il virus Hendra \u00e8 stato individuato nel 1994 dopo la morte di 30 cavalli e 1 maschio a Hendra, in Australia. La modalit\u00e0 pi\u00f9 probabile di contaminazione umana \u00e8 stata l'aerosol di cavalli malati inizialmente contaminati da urina o liquido amniotico di pipistrelli Pteropus (Weatherman et al., 2017). Il virus Nipah \u00e8 un altro esempio dell'effetto combinato della deforestazione e dell'attrazione per gli ambienti antropizzati. I pipistrelli Pteropus colpiti dalla deforestazione si sono insediati nei fienili, dove hanno trasmesso il virus ai maiali, che a loro volta hanno infettato gli esseri umani (Chadha et al., 2006).<\/p>\n<blockquote><p>\"Rimane evidente che il rischio che emergano nuovi virus \u00e8 molto alto\".<\/p><\/blockquote>\n<p>Anthony e colleghi hanno stimato che ci sono almeno 3.204 CoV in circolazione nei pipistrelli nel 2018 (Anthony et al., 2017). Indipendentemente dall'accuratezza di questa previsione, resta evidente che il rischio di emergere di nuovi virus dai pipistrelli \u00e8 probabilmente molto alto. Poich\u00e9 il continente asiatico in particolare - insieme al Sudamerica - \u00e8 una delle regioni del mondo in cui la crescita demografica \u00e8 pi\u00f9 forte e il tasso di deforestazione \u00e8 estremo, soddisfa tutti i requisiti - vedi anche le condizioni sanitarie - per diventare sede di insorgenza o riemergenza di malattie infettive.<\/p>\n<p>Il concetto di One Health riconosce che la salute umana \u00e8 legata alla salute animale e all'ambiente. Tuttavia, la popolazione mondiale deve affrontare molti problemi in termini di aumento della popolazione urbana, diminuzione dei terreni agricoli e urbanizzazione mal gestita in molti luoghi.<\/p>\n<p>&nbsp;<\/p>\n<blockquote>\n<figure id=\"attachment_2926\" aria-describedby=\"caption-attachment-2926\" style=\"width: 680px\" class=\"wp-caption alignnone\"><img loading=\"lazy\" decoding=\"async\" class=\"size-medium wp-image-2926\" src=\"\/\/www.umweltperspektiven.ch\/wp-content\/uploads\/2020\/03\/Abrodung_Waldabholzungen-Corona-und-Flederm\u00e4use-Zur-Entstehung-einer-ansteckenden-Epidemie-UP_Umwelt-Perspektiven-.jpg\" alt=\"\" width=\"680\" height=\"453\" \/><figcaption id=\"caption-attachment-2926\" class=\"wp-caption-text\">Un agricoltore asiatico spegne i \"rifiuti\" vicino alla giungla. Il fuoco e il fumo, ma anche le feci di pipistrello contenute nella polvere, potrebbero diffondersi nell'aria. (Immagine: Unsplash)<\/figcaption><\/figure><\/blockquote>\n<p>&nbsp;<\/p>\n<p>Infobox:<\/p>\n<p><strong>Nuova malattia da pipistrello CoV<\/strong><\/p>\n<p><em>I coronavirus (CoV) sono da tempo associati a diverse malattie animali, ad esempio gli uccelli presentano infezioni da corona infettiva, ma anche infezioni respiratorie (BRD-BCoV) nei bovini, diarrea dei vitelli, SDCV, PEDV, SECD nei suini e nei cani, malattie intestinali o peritonite infettiva nei felini (Saif, 2014).<\/em><\/p>\n<p><em>Le persone hanno sempre avuto ondate di influenza e raffreddori comuni. Tuttavia, la SARS \u00e8 comparsa in Cina nel 2002 e si \u00e8 diffusa in modo esponenziale in altri 29 Paesi con un tasso di mortalit\u00e0 del 10%. Pi\u00f9 recentemente, l'epidemia di MERS-CoV in Arabia Saudita nel 2012 ha avuto un tasso di mortalit\u00e0 del 38%. Il verificarsi di questi due eventi con i CoV altamente patogeni getta luce sulla minaccia che i coronavirus rappresentano per l'uomo.<\/em><\/p>\n<p><em>I pipistrelli ospitano molti virus (Calisher et al., 2006), in particolare i coronavirus, che rappresentano il 31% del loro vioma (Chen et al., 2014). Inoltre, i pipistrelli mostrano una notevole resistenza ai virus (Omatsu et al., 2007; Storm et al., 2018). Il rischio di comparsa di una nuova malattia da pipistrello CoV \u00e8 quindi prevedibile. (mm)<\/em><\/p>\n<p>&nbsp;<\/p>\n<p>Suggerimento:<\/p>\n<p><em><strong>I ricercatori avevano gi\u00e0 indicato i \"superdiffusori\" anni fa \u00a0<\/strong><\/em><\/p>\n<p><em>Sar\u00e0 certamente fondamentale prestare particolare attenzione ai \"superspreaders\", che trasmettono in modo molto efficiente i CoV attraverso l'esposizione alle goccioline respiratorie, afferma ad esempio lo studio \"Bats, Coronaviruses, and Deforestation: Toward the Emergence of Novel Infectious Diseases?\", pubblicato nell'aprile 2018 nella US National Library of Medicine \/ National Institutes of Health. Una sezione di questo testo recita:<\/em><\/p>\n<p><em>\"L'emergere di una malattia \u00e8 un processo casuale ed \u00e8 quindi impossibile prevedere gli scenari e le dinamiche delle malattie infettive emergenti. L'effetto attrattivo degli ambienti antropizzati sui pipistrelli \u00e8 un importante fattore di rischio per l'insorgenza di nuove malattie trasmesse dai pipistrelli sia nell'uomo che negli animali. Data la percentuale di CoV descritta nei pipistrelli, pari al 31%, il rischio di malattie emergenti associate a CoV dovrebbe essere preso seriamente in considerazione in futuro\".<\/em><\/p>\n<p><em>Se la priorit\u00e0 \u00e8 scoprire opzioni terapeutiche e vaccini (Graham et al., 2013; Zumla et al., 2016), \u00e8 ancora pi\u00f9 importante lavorare sull'educazione e la sensibilizzazione ai rischi associati all'ambiente antropizzato.<\/em><\/p>\n<p><a href=\"\/\/www.ncbi.nlm.nih.gov\/pmc\/articles\/PMC5904276\/\"><em>All'elenco di riferimento<\/em> <\/a><\/p>\n<p id=\"__p13\"><em>Gli autori dichiarano che la ricerca \u00e8 stata condotta in assenza di relazioni commerciali o finanziarie che possano essere interpretate come un potenziale conflitto di interessi.<\/em><\/p>\n<p>&nbsp;<\/p>\n<p>&nbsp;<\/p>\n<p>Copyright dei testi pubblicati sopra:<\/p>\n<p>Michael Merz, PROSPETTIVE AMBIENTALI<\/p>\n<p>&nbsp;<\/p>\n<p>&nbsp;<\/p>\n<p>&nbsp;<\/p>","protected":false},"excerpt":{"rendered":"<p>Die COVID-19-Pandemie (umgangssprachlich auch \u00abCoronavirus-Pandemie\u00bb, \u00abCorona-Krise\u00bb beschrieben) ist ein Ausbruch der neuartigen Atemwegserkrankung COVID-19 (oder \u201eCovid-19\u201c, f\u00fcr Corona virus disease 2019). Bereits im Januar 2020 wurden erste Ansteckungen ausserhalb der Volksrepublik China gemeldet, doch erst seit dem 11. M\u00e4rz 2020 geht die Weltgesundheitsorganisation WHO offiziell von einer Pandemie (der ersten seit der Pandemie H1N1 2009\/10) [&hellip;]<\/p>\n","protected":false},"author":5,"featured_media":9686,"comment_status":"closed","ping_status":"closed","sticky":false,"template":"","format":"standard","meta":{"_acf_changed":false,"_yoast_wpseo_focuskw":"Corona","_yoast_wpseo_metadesc":"Waldabholzungen, Corona und Flederm\u00e4use: Seit die W\u00e4lder gerodet werden, warnen Experten vor Umweltrisiken wie CoV. Zur Entstehung einer Epidemie.","articlekey":"","footnotes":""},"categories":[580],"tags":[713,714,715,946,949,951,953,968,1190,460,2476],"class_list":["post-2923","post","type-post","status-publish","format-standard","has-post-thumbnail","hentry","category-sustainability","tag-ansteckende-krankheiten","tag-anthropisierung","tag-anthropization","tag-corona","tag-coronaviren","tag-cov","tag-covid-19","tag-deforestation","tag-fledermaeuse","tag-studien","tag-viren"],"acf":[],"yoast_head":"<!-- This site is optimized with the Yoast SEO plugin v27.4 - https:\/\/yoast.com\/product\/yoast-seo-wordpress\/ -->\n<title>Waldabholzungen, Corona und Flederm\u00e4use: Zur Entstehung einer ansteckenden Epidemie - Organisator<\/title>\n<meta name=\"description\" content=\"Waldabholzungen, Corona und Flederm\u00e4use: Seit die W\u00e4lder gerodet werden, warnen Experten vor Umweltrisiken wie CoV. Zur Entstehung einer Epidemie.\" \/>\n<meta name=\"robots\" content=\"index, follow, max-snippet:-1, max-image-preview:large, max-video-preview:-1\" \/>\n<link rel=\"canonical\" href=\"https:\/\/www.organisator.ch\/it\/sostenibilita\/2020-03-16\/waldabholzungen-corona-und-fledermaeuse-zur-entstehung-einer-ansteckenden-epidemie\/\" \/>\n<meta property=\"og:locale\" content=\"it_IT\" \/>\n<meta property=\"og:type\" content=\"article\" \/>\n<meta property=\"og:title\" content=\"Waldabholzungen, Corona und Flederm\u00e4use: Zur Entstehung einer ansteckenden Epidemie - Organisator\" \/>\n<meta property=\"og:description\" content=\"Waldabholzungen, Corona und Flederm\u00e4use: Seit die W\u00e4lder gerodet werden, warnen Experten vor Umweltrisiken wie CoV. Zur Entstehung einer Epidemie.\" \/>\n<meta property=\"og:url\" content=\"https:\/\/www.organisator.ch\/it\/sostenibilita\/2020-03-16\/waldabholzungen-corona-und-fledermaeuse-zur-entstehung-einer-ansteckenden-epidemie\/\" \/>\n<meta property=\"og:site_name\" content=\"Organisator\" \/>\n<meta property=\"article:publisher\" content=\"https:\/\/www.facebook.com\/OrganisatorFachmagazin\" \/>\n<meta property=\"article:published_time\" content=\"2020-03-16T14:01:00+00:00\" \/>\n<meta property=\"article:modified_time\" content=\"2022-02-09T10:06:50+00:00\" \/>\n<meta property=\"og:image\" content=\"https:\/\/www.organisator.ch\/wp-content\/uploads\/2020\/03\/Waldabholzungen-Corona-und-Fledermaeuse-Zur-Entstehung-einer-ansteckenden-Epidemie-UP_Umwelt-Perspektiven-scaled.jpg\" \/>\n\t<meta property=\"og:image:width\" content=\"2560\" \/>\n\t<meta property=\"og:image:height\" content=\"1700\" \/>\n\t<meta property=\"og:image:type\" content=\"image\/jpeg\" \/>\n<meta name=\"author\" content=\"michael.merz\" \/>\n<meta name=\"twitter:card\" content=\"summary_large_image\" \/>\n<script type=\"application\/ld+json\" class=\"yoast-schema-graph\">{\"@context\":\"https:\\\/\\\/schema.org\",\"@graph\":[{\"@type\":\"Article\",\"@id\":\"https:\\\/\\\/www.organisator.ch\\\/sustainability\\\/2020-03-16\\\/waldabholzungen-corona-und-fledermaeuse-zur-entstehung-einer-ansteckenden-epidemie\\\/#article\",\"isPartOf\":{\"@id\":\"https:\\\/\\\/www.organisator.ch\\\/sustainability\\\/2020-03-16\\\/waldabholzungen-corona-und-fledermaeuse-zur-entstehung-einer-ansteckenden-epidemie\\\/\"},\"author\":{\"name\":\"michael.merz\",\"@id\":\"https:\\\/\\\/www.organisator.ch\\\/#\\\/schema\\\/person\\\/134708ca9321c57b0362cceb7948ffbd\"},\"headline\":\"Waldabholzungen, Corona und Flederm\u00e4use: Zur Entstehung einer ansteckenden Epidemie\",\"datePublished\":\"2020-03-16T14:01:00+00:00\",\"dateModified\":\"2022-02-09T10:06:50+00:00\",\"mainEntityOfPage\":{\"@id\":\"https:\\\/\\\/www.organisator.ch\\\/sustainability\\\/2020-03-16\\\/waldabholzungen-corona-und-fledermaeuse-zur-entstehung-einer-ansteckenden-epidemie\\\/\"},\"wordCount\":2492,\"publisher\":{\"@id\":\"https:\\\/\\\/www.organisator.ch\\\/#organization\"},\"image\":{\"@id\":\"https:\\\/\\\/www.organisator.ch\\\/sustainability\\\/2020-03-16\\\/waldabholzungen-corona-und-fledermaeuse-zur-entstehung-einer-ansteckenden-epidemie\\\/#primaryimage\"},\"thumbnailUrl\":\"https:\\\/\\\/www.organisator.ch\\\/wp-content\\\/uploads\\\/2020\\\/03\\\/Waldabholzungen-Corona-und-Fledermaeuse-Zur-Entstehung-einer-ansteckenden-Epidemie-UP_Umwelt-Perspektiven-scaled.jpg\",\"keywords\":[\"ansteckende Krankheiten\",\"Anthropisierung\",\"Anthropization\",\"Corona\",\"Coronaviren\",\"Cov\",\"Covid-19\",\"Deforestation\",\"Flederm\u00e4use\",\"Studien\",\"Viren\"],\"articleSection\":[\"SUSTAINABILITY\"],\"inLanguage\":\"it-IT\"},{\"@type\":\"WebPage\",\"@id\":\"https:\\\/\\\/www.organisator.ch\\\/sustainability\\\/2020-03-16\\\/waldabholzungen-corona-und-fledermaeuse-zur-entstehung-einer-ansteckenden-epidemie\\\/\",\"url\":\"https:\\\/\\\/www.organisator.ch\\\/sustainability\\\/2020-03-16\\\/waldabholzungen-corona-und-fledermaeuse-zur-entstehung-einer-ansteckenden-epidemie\\\/\",\"name\":\"Waldabholzungen, Corona und Flederm\u00e4use: Zur Entstehung einer ansteckenden Epidemie - Organisator\",\"isPartOf\":{\"@id\":\"https:\\\/\\\/www.organisator.ch\\\/#website\"},\"primaryImageOfPage\":{\"@id\":\"https:\\\/\\\/www.organisator.ch\\\/sustainability\\\/2020-03-16\\\/waldabholzungen-corona-und-fledermaeuse-zur-entstehung-einer-ansteckenden-epidemie\\\/#primaryimage\"},\"image\":{\"@id\":\"https:\\\/\\\/www.organisator.ch\\\/sustainability\\\/2020-03-16\\\/waldabholzungen-corona-und-fledermaeuse-zur-entstehung-einer-ansteckenden-epidemie\\\/#primaryimage\"},\"thumbnailUrl\":\"https:\\\/\\\/www.organisator.ch\\\/wp-content\\\/uploads\\\/2020\\\/03\\\/Waldabholzungen-Corona-und-Fledermaeuse-Zur-Entstehung-einer-ansteckenden-Epidemie-UP_Umwelt-Perspektiven-scaled.jpg\",\"datePublished\":\"2020-03-16T14:01:00+00:00\",\"dateModified\":\"2022-02-09T10:06:50+00:00\",\"description\":\"Waldabholzungen, Corona und Flederm\u00e4use: Seit die W\u00e4lder gerodet werden, warnen Experten vor Umweltrisiken wie CoV. Zur Entstehung einer Epidemie.\",\"breadcrumb\":{\"@id\":\"https:\\\/\\\/www.organisator.ch\\\/sustainability\\\/2020-03-16\\\/waldabholzungen-corona-und-fledermaeuse-zur-entstehung-einer-ansteckenden-epidemie\\\/#breadcrumb\"},\"inLanguage\":\"it-IT\",\"potentialAction\":[{\"@type\":\"ReadAction\",\"target\":[\"https:\\\/\\\/www.organisator.ch\\\/sustainability\\\/2020-03-16\\\/waldabholzungen-corona-und-fledermaeuse-zur-entstehung-einer-ansteckenden-epidemie\\\/\"]}]},{\"@type\":\"ImageObject\",\"inLanguage\":\"it-IT\",\"@id\":\"https:\\\/\\\/www.organisator.ch\\\/sustainability\\\/2020-03-16\\\/waldabholzungen-corona-und-fledermaeuse-zur-entstehung-einer-ansteckenden-epidemie\\\/#primaryimage\",\"url\":\"https:\\\/\\\/www.organisator.ch\\\/wp-content\\\/uploads\\\/2020\\\/03\\\/Waldabholzungen-Corona-und-Fledermaeuse-Zur-Entstehung-einer-ansteckenden-Epidemie-UP_Umwelt-Perspektiven-scaled.jpg\",\"contentUrl\":\"https:\\\/\\\/www.organisator.ch\\\/wp-content\\\/uploads\\\/2020\\\/03\\\/Waldabholzungen-Corona-und-Fledermaeuse-Zur-Entstehung-einer-ansteckenden-Epidemie-UP_Umwelt-Perspektiven-scaled.jpg\",\"width\":2560,\"height\":1700},{\"@type\":\"BreadcrumbList\",\"@id\":\"https:\\\/\\\/www.organisator.ch\\\/sustainability\\\/2020-03-16\\\/waldabholzungen-corona-und-fledermaeuse-zur-entstehung-einer-ansteckenden-epidemie\\\/#breadcrumb\",\"itemListElement\":[{\"@type\":\"ListItem\",\"position\":1,\"name\":\"Home\",\"item\":\"https:\\\/\\\/www.organisator.ch\\\/\"},{\"@type\":\"ListItem\",\"position\":2,\"name\":\"Waldabholzungen, Corona und Flederm\u00e4use: Zur Entstehung einer ansteckenden Epidemie\"}]},{\"@type\":\"WebSite\",\"@id\":\"https:\\\/\\\/www.organisator.ch\\\/#website\",\"url\":\"https:\\\/\\\/www.organisator.ch\\\/\",\"name\":\"Organisator\",\"description\":\"Kompetent. Praxisnah. Der ORGANISATOR bereitet in 10 Ausgaben pro Jahr die wesentlichen Themen f\u00fcr F\u00fchrungskr\u00e4fte von KMU auf.\",\"publisher\":{\"@id\":\"https:\\\/\\\/www.organisator.ch\\\/#organization\"},\"potentialAction\":[{\"@type\":\"SearchAction\",\"target\":{\"@type\":\"EntryPoint\",\"urlTemplate\":\"https:\\\/\\\/www.organisator.ch\\\/?s={search_term_string}\"},\"query-input\":{\"@type\":\"PropertyValueSpecification\",\"valueRequired\":true,\"valueName\":\"search_term_string\"}}],\"inLanguage\":\"it-IT\"},{\"@type\":\"Organization\",\"@id\":\"https:\\\/\\\/www.organisator.ch\\\/#organization\",\"name\":\"Organisator\",\"url\":\"https:\\\/\\\/www.organisator.ch\\\/\",\"logo\":{\"@type\":\"ImageObject\",\"inLanguage\":\"it-IT\",\"@id\":\"https:\\\/\\\/www.organisator.ch\\\/#\\\/schema\\\/logo\\\/image\\\/\",\"url\":\"https:\\\/\\\/www.organisator.ch\\\/wp-content\\\/uploads\\\/2022\\\/01\\\/Logo_Organisator_Website.png\",\"contentUrl\":\"https:\\\/\\\/www.organisator.ch\\\/wp-content\\\/uploads\\\/2022\\\/01\\\/Logo_Organisator_Website.png\",\"width\":800,\"height\":77,\"caption\":\"Organisator\"},\"image\":{\"@id\":\"https:\\\/\\\/www.organisator.ch\\\/#\\\/schema\\\/logo\\\/image\\\/\"},\"sameAs\":[\"https:\\\/\\\/www.facebook.com\\\/OrganisatorFachmagazin\",\"https:\\\/\\\/www.linkedin.com\\\/showcase\\\/organisator-das-magazin-fr-kmu\",\"https:\\\/\\\/www.xing.com\\\/news\\\/pages\\\/organisator-ch-695\",\"https:\\\/\\\/www.youtube.com\\\/channel\\\/UCGP2Sq0iWaZwT3BdIAQFYpw\"]},{\"@type\":\"Person\",\"@id\":\"https:\\\/\\\/www.organisator.ch\\\/#\\\/schema\\\/person\\\/134708ca9321c57b0362cceb7948ffbd\",\"name\":\"michael.merz\",\"image\":{\"@type\":\"ImageObject\",\"inLanguage\":\"it-IT\",\"@id\":\"https:\\\/\\\/secure.gravatar.com\\\/avatar\\\/?s=96&d=mm&r=g\",\"url\":\"https:\\\/\\\/secure.gravatar.com\\\/avatar\\\/?s=96&d=mm&r=g\",\"contentUrl\":\"https:\\\/\\\/secure.gravatar.com\\\/avatar\\\/?s=96&d=mm&r=g\",\"caption\":\"michael.merz\"},\"url\":\"https:\\\/\\\/www.organisator.ch\\\/it\\\/author\\\/michael-merz\\\/\"}]}<\/script>\n<!-- \/ Yoast SEO plugin. -->","yoast_head_json":{"title":"Deforestazione, corona e pipistrelli: l'emergere di un'epidemia contagiosa - Organizzatore","description":"Deforestazione, Corona e pipistrelli: poich\u00e9 le foreste vengono disboscate, gli esperti mettono in guardia dai rischi ambientali come la CoV. Sulla comparsa di un'epidemia.","robots":{"index":"index","follow":"follow","max-snippet":"max-snippet:-1","max-image-preview":"max-image-preview:large","max-video-preview":"max-video-preview:-1"},"canonical":"https:\/\/www.organisator.ch\/it\/sostenibilita\/2020-03-16\/waldabholzungen-corona-und-fledermaeuse-zur-entstehung-einer-ansteckenden-epidemie\/","og_locale":"it_IT","og_type":"article","og_title":"Waldabholzungen, Corona und Flederm\u00e4use: Zur Entstehung einer ansteckenden Epidemie - Organisator","og_description":"Waldabholzungen, Corona und Flederm\u00e4use: Seit die W\u00e4lder gerodet werden, warnen Experten vor Umweltrisiken wie CoV. Zur Entstehung einer Epidemie.","og_url":"https:\/\/www.organisator.ch\/it\/sostenibilita\/2020-03-16\/waldabholzungen-corona-und-fledermaeuse-zur-entstehung-einer-ansteckenden-epidemie\/","og_site_name":"Organisator","article_publisher":"https:\/\/www.facebook.com\/OrganisatorFachmagazin","article_published_time":"2020-03-16T14:01:00+00:00","article_modified_time":"2022-02-09T10:06:50+00:00","og_image":[{"width":2560,"height":1700,"url":"https:\/\/www.organisator.ch\/wp-content\/uploads\/2020\/03\/Waldabholzungen-Corona-und-Fledermaeuse-Zur-Entstehung-einer-ansteckenden-Epidemie-UP_Umwelt-Perspektiven-scaled.jpg","type":"image\/jpeg"}],"author":"michael.merz","twitter_card":"summary_large_image","schema":{"@context":"https:\/\/schema.org","@graph":[{"@type":"Article","@id":"https:\/\/www.organisator.ch\/sustainability\/2020-03-16\/waldabholzungen-corona-und-fledermaeuse-zur-entstehung-einer-ansteckenden-epidemie\/#article","isPartOf":{"@id":"https:\/\/www.organisator.ch\/sustainability\/2020-03-16\/waldabholzungen-corona-und-fledermaeuse-zur-entstehung-einer-ansteckenden-epidemie\/"},"author":{"name":"michael.merz","@id":"https:\/\/www.organisator.ch\/#\/schema\/person\/134708ca9321c57b0362cceb7948ffbd"},"headline":"Waldabholzungen, Corona und Flederm\u00e4use: Zur Entstehung einer ansteckenden Epidemie","datePublished":"2020-03-16T14:01:00+00:00","dateModified":"2022-02-09T10:06:50+00:00","mainEntityOfPage":{"@id":"https:\/\/www.organisator.ch\/sustainability\/2020-03-16\/waldabholzungen-corona-und-fledermaeuse-zur-entstehung-einer-ansteckenden-epidemie\/"},"wordCount":2492,"publisher":{"@id":"https:\/\/www.organisator.ch\/#organization"},"image":{"@id":"https:\/\/www.organisator.ch\/sustainability\/2020-03-16\/waldabholzungen-corona-und-fledermaeuse-zur-entstehung-einer-ansteckenden-epidemie\/#primaryimage"},"thumbnailUrl":"https:\/\/www.organisator.ch\/wp-content\/uploads\/2020\/03\/Waldabholzungen-Corona-und-Fledermaeuse-Zur-Entstehung-einer-ansteckenden-Epidemie-UP_Umwelt-Perspektiven-scaled.jpg","keywords":["ansteckende Krankheiten","Anthropisierung","Anthropization","Corona","Coronaviren","Cov","Covid-19","Deforestation","Flederm\u00e4use","Studien","Viren"],"articleSection":["SUSTAINABILITY"],"inLanguage":"it-IT"},{"@type":"WebPage","@id":"https:\/\/www.organisator.ch\/sustainability\/2020-03-16\/waldabholzungen-corona-und-fledermaeuse-zur-entstehung-einer-ansteckenden-epidemie\/","url":"https:\/\/www.organisator.ch\/sustainability\/2020-03-16\/waldabholzungen-corona-und-fledermaeuse-zur-entstehung-einer-ansteckenden-epidemie\/","name":"Deforestazione, corona e pipistrelli: l'emergere di un'epidemia contagiosa - Organizzatore","isPartOf":{"@id":"https:\/\/www.organisator.ch\/#website"},"primaryImageOfPage":{"@id":"https:\/\/www.organisator.ch\/sustainability\/2020-03-16\/waldabholzungen-corona-und-fledermaeuse-zur-entstehung-einer-ansteckenden-epidemie\/#primaryimage"},"image":{"@id":"https:\/\/www.organisator.ch\/sustainability\/2020-03-16\/waldabholzungen-corona-und-fledermaeuse-zur-entstehung-einer-ansteckenden-epidemie\/#primaryimage"},"thumbnailUrl":"https:\/\/www.organisator.ch\/wp-content\/uploads\/2020\/03\/Waldabholzungen-Corona-und-Fledermaeuse-Zur-Entstehung-einer-ansteckenden-Epidemie-UP_Umwelt-Perspektiven-scaled.jpg","datePublished":"2020-03-16T14:01:00+00:00","dateModified":"2022-02-09T10:06:50+00:00","description":"Deforestazione, Corona e pipistrelli: poich\u00e9 le foreste vengono disboscate, gli esperti mettono in guardia dai rischi ambientali come la CoV. Sulla comparsa di un'epidemia.","breadcrumb":{"@id":"https:\/\/www.organisator.ch\/sustainability\/2020-03-16\/waldabholzungen-corona-und-fledermaeuse-zur-entstehung-einer-ansteckenden-epidemie\/#breadcrumb"},"inLanguage":"it-IT","potentialAction":[{"@type":"ReadAction","target":["https:\/\/www.organisator.ch\/sustainability\/2020-03-16\/waldabholzungen-corona-und-fledermaeuse-zur-entstehung-einer-ansteckenden-epidemie\/"]}]},{"@type":"ImageObject","inLanguage":"it-IT","@id":"https:\/\/www.organisator.ch\/sustainability\/2020-03-16\/waldabholzungen-corona-und-fledermaeuse-zur-entstehung-einer-ansteckenden-epidemie\/#primaryimage","url":"https:\/\/www.organisator.ch\/wp-content\/uploads\/2020\/03\/Waldabholzungen-Corona-und-Fledermaeuse-Zur-Entstehung-einer-ansteckenden-Epidemie-UP_Umwelt-Perspektiven-scaled.jpg","contentUrl":"https:\/\/www.organisator.ch\/wp-content\/uploads\/2020\/03\/Waldabholzungen-Corona-und-Fledermaeuse-Zur-Entstehung-einer-ansteckenden-Epidemie-UP_Umwelt-Perspektiven-scaled.jpg","width":2560,"height":1700},{"@type":"BreadcrumbList","@id":"https:\/\/www.organisator.ch\/sustainability\/2020-03-16\/waldabholzungen-corona-und-fledermaeuse-zur-entstehung-einer-ansteckenden-epidemie\/#breadcrumb","itemListElement":[{"@type":"ListItem","position":1,"name":"Home","item":"https:\/\/www.organisator.ch\/"},{"@type":"ListItem","position":2,"name":"Waldabholzungen, Corona und Flederm\u00e4use: Zur Entstehung einer ansteckenden Epidemie"}]},{"@type":"WebSite","@id":"https:\/\/www.organisator.ch\/#website","url":"https:\/\/www.organisator.ch\/","name":"Organizzatore","description":"Competente. Pratico. In 10 numeri all'anno, ORGANISATOR presenta i temi essenziali per i manager delle PMI.","publisher":{"@id":"https:\/\/www.organisator.ch\/#organization"},"potentialAction":[{"@type":"SearchAction","target":{"@type":"EntryPoint","urlTemplate":"https:\/\/www.organisator.ch\/?s={search_term_string}"},"query-input":{"@type":"PropertyValueSpecification","valueRequired":true,"valueName":"search_term_string"}}],"inLanguage":"it-IT"},{"@type":"Organization","@id":"https:\/\/www.organisator.ch\/#organization","name":"Organizzatore","url":"https:\/\/www.organisator.ch\/","logo":{"@type":"ImageObject","inLanguage":"it-IT","@id":"https:\/\/www.organisator.ch\/#\/schema\/logo\/image\/","url":"https:\/\/www.organisator.ch\/wp-content\/uploads\/2022\/01\/Logo_Organisator_Website.png","contentUrl":"https:\/\/www.organisator.ch\/wp-content\/uploads\/2022\/01\/Logo_Organisator_Website.png","width":800,"height":77,"caption":"Organisator"},"image":{"@id":"https:\/\/www.organisator.ch\/#\/schema\/logo\/image\/"},"sameAs":["https:\/\/www.facebook.com\/OrganisatorFachmagazin","https:\/\/www.linkedin.com\/showcase\/organisator-das-magazin-fr-kmu","https:\/\/www.xing.com\/news\/pages\/organisator-ch-695","https:\/\/www.youtube.com\/channel\/UCGP2Sq0iWaZwT3BdIAQFYpw"]},{"@type":"Person","@id":"https:\/\/www.organisator.ch\/#\/schema\/person\/134708ca9321c57b0362cceb7948ffbd","name":"michael.merz","image":{"@type":"ImageObject","inLanguage":"it-IT","@id":"https:\/\/secure.gravatar.com\/avatar\/?s=96&d=mm&r=g","url":"https:\/\/secure.gravatar.com\/avatar\/?s=96&d=mm&r=g","contentUrl":"https:\/\/secure.gravatar.com\/avatar\/?s=96&d=mm&r=g","caption":"michael.merz"},"url":"https:\/\/www.organisator.ch\/it\/author\/michael-merz\/"}]}},"_links":{"self":[{"href":"https:\/\/www.organisator.ch\/it\/wp-json\/wp\/v2\/posts\/2923","targetHints":{"allow":["GET"]}}],"collection":[{"href":"https:\/\/www.organisator.ch\/it\/wp-json\/wp\/v2\/posts"}],"about":[{"href":"https:\/\/www.organisator.ch\/it\/wp-json\/wp\/v2\/types\/post"}],"author":[{"embeddable":true,"href":"https:\/\/www.organisator.ch\/it\/wp-json\/wp\/v2\/users\/5"}],"replies":[{"embeddable":true,"href":"https:\/\/www.organisator.ch\/it\/wp-json\/wp\/v2\/comments?post=2923"}],"version-history":[{"count":1,"href":"https:\/\/www.organisator.ch\/it\/wp-json\/wp\/v2\/posts\/2923\/revisions"}],"predecessor-version":[{"id":10681,"href":"https:\/\/www.organisator.ch\/it\/wp-json\/wp\/v2\/posts\/2923\/revisions\/10681"}],"wp:featuredmedia":[{"embeddable":true,"href":"https:\/\/www.organisator.ch\/it\/wp-json\/wp\/v2\/media\/9686"}],"wp:attachment":[{"href":"https:\/\/www.organisator.ch\/it\/wp-json\/wp\/v2\/media?parent=2923"}],"wp:term":[{"taxonomy":"category","embeddable":true,"href":"https:\/\/www.organisator.ch\/it\/wp-json\/wp\/v2\/categories?post=2923"},{"taxonomy":"post_tag","embeddable":true,"href":"https:\/\/www.organisator.ch\/it\/wp-json\/wp\/v2\/tags?post=2923"}],"curies":[{"name":"wp","href":"https:\/\/api.w.org\/{rel}","templated":true}]}}