{"id":29236,"date":"2024-08-23T09:19:42","date_gmt":"2024-08-23T07:19:42","guid":{"rendered":"https:\/\/www.organisator.ch\/?p=29236"},"modified":"2024-08-22T11:20:01","modified_gmt":"2024-08-22T09:20:01","slug":"die-schweiz-besitzt-eine-gigantische-rohstoffmine","status":"publish","type":"post","link":"https:\/\/www.organisator.ch\/it\/sustainability\/2024-08-23\/die-schweiz-besitzt-eine-gigantische-rohstoffmine\/","title":{"rendered":"La Svizzera ha una gigantesca miniera di materie prime"},"content":{"rendered":"<figure id=\"attachment_29238\" aria-describedby=\"caption-attachment-29238\" style=\"width: 680px\" class=\"wp-caption alignnone\"><img loading=\"lazy\" decoding=\"async\" class=\"size-full wp-image-29238\" src=\"https:\/\/www.organisator.ch\/wp-content\/uploads\/2024\/08\/Swico_Bild1_ps.jpg\" alt=\"\" width=\"680\" height=\"453\" srcset=\"https:\/\/www.organisator.ch\/wp-content\/uploads\/2024\/08\/Swico_Bild1_ps.jpg 680w, https:\/\/www.organisator.ch\/wp-content\/uploads\/2024\/08\/Swico_Bild1_ps-18x12.jpg 18w, https:\/\/www.organisator.ch\/wp-content\/uploads\/2024\/08\/Swico_Bild1_ps-375x250.jpg 375w, https:\/\/www.organisator.ch\/wp-content\/uploads\/2024\/08\/Swico_Bild1_ps-525x350.jpg 525w\" sizes=\"auto, (max-width: 680px) 100vw, 680px\" \/><figcaption id=\"caption-attachment-29238\" class=\"wp-caption-text\">Il sistema di riciclaggio Swico recupera ogni anno circa 27.000 tonnellate di materie prime secondarie da vecchi apparecchi elettrici. (Immagine: www.swico.ch)<\/figcaption><\/figure>\n<p>Chiudere i cicli dei materiali significa utilizzare in modo efficiente le materie prime esistenti e aumentarne il valore aggiunto. Il volume di materie prime nelle aree urbane \u00e8 enorme. Attraverso un recupero efficiente e mirato, questo potenziale pu\u00f2 contribuire in modo significativo a ridurre l'estrazione dannosa per l'ambiente nelle miniere e a rifornire l'industria di materie prime secondarie.<\/p>\n<h3><strong>Materie prime secondarie preziose per l'industria<\/strong><\/h3>\n<p>Il sistema di riciclaggio Swico recupera ogni anno circa 27.000 tonnellate di materie prime secondarie da vecchi apparecchi elettrici. Si stima che queste includano<\/p>\n<ul>\n<li>21.600 tonnellate di metalli industriali quali ferro, alluminio e rame<\/li>\n<li>4.300 tonnellate di plastica<\/li>\n<li>900 chilogrammi di metalli preziosi come oro, argento e palladio.<\/li>\n<\/ul>\n<p>I soli metalli preziosi recuperati sono sufficienti a coprire quattro volte la domanda annuale di computer portatili in Svizzera. Inoltre, il rame riciclato da vecchi elettrodomestici sarebbe sufficiente a produrre un numero di smartphone 14 volte superiore a quello attualmente venduto in Svizzera.<\/p>\n<h3><strong>Il riciclaggio promuove l'indipendenza<\/strong><\/h3>\n<p>Circa il 90% dei dispositivi informatici, di comunicazione e di intrattenimento immessi sul mercato svizzero rientra anni dopo nel sistema di riciclaggio Swico. A differenza delle miniere naturali, che a un certo punto si esauriscono, il flusso di dispositivi elettronici smaltiti e raccolti non si esaurisce mai. La missione centrale di Swico \u00e8 riportare nel ciclo economico globale il maggior numero possibile di materie prime nella loro forma pi\u00f9 pura. \"Il nostro sistema di riciclaggio \u00e8 una miniera urbana e quindi una risorsa inestimabile per l'economia circolare\", afferma Jon Fanzun, amministratore delegato di Swico. \"Il nostro impegno riduce la dipendenza dall'estrazione di materie prime dannose per l'ambiente e crea posti di lavoro preziosi\".<\/p>\n<h3><strong>Rapida crescita dei dispositivi elettronici<\/strong><\/h3>\n<p>La rapida crescita dei dispositivi elettronici negli ultimi anni sottolinea la necessit\u00e0 di un sistema di riciclaggio efficiente. Il numero di dispositivi ritirati \u00e8 passato da circa 7 milioni nel 2012 a ben 10 milioni nel 2023, con un incremento annuo del 28%. Questa crescita \u00e8 dovuta all'aumento della domanda di nuovi apparecchi multifunzionali.<\/p>\n<p>Urban Mining grazie a un sistema di riciclaggio sofisticato e raffinato: Swico gestisce da 30 anni un ecosistema nazionale di 600 punti di raccolta, 6.000 punti di riconsegna nei punti vendita e 7 partner di riciclaggio. Questi raccolgono, smontano e riciclano gli elettrodomestici di tutte le marche con attenzione e secondo gli standard pi\u00f9 elevati - e per quanto possibile in Svizzera. Ma \u00e8 solo grazie ai consumatori che portano coscienziosamente i loro apparecchi per lo smaltimento che ogni anno vengono raccolte circa 40.000 tonnellate di rifiuti elettronici.<\/p>\n<h3><strong>L'innovazione come fattore chiave di successo<\/strong><\/h3>\n<p>Swico promuove costantemente l'innovazione per rendere il sistema di riciclaggio sempre pi\u00f9 efficiente e all'avanguardia. Il Fondo per l'innovazione di Swico Recycling, che sostiene progetti lungimiranti con un massimo di 300.000 franchi svizzeri, indica la strada per un futuro sostenibile. In particolare, il recupero delle terre rare, ancora oggi economicamente impegnativo, rimane un obiettivo a lungo termine.<\/p>\n<p><em>Fonte: <a href=\"http:\/\/www.swico.ch\">www.swico.ch<\/a><\/em><\/p>","protected":false},"excerpt":{"rendered":"<p>Negli ultimi 30 anni, Swico ha raccolto e riciclato circa un milione di tonnellate di dispositivi elettronici, pari al doppio del peso del Burj Khalifa, l'edificio pi\u00f9 alto del mondo. Il risultato? Una miniera di materie prime che fornisce ogni anno quasi una tonnellata di metalli preziosi per un valore di circa 12 milioni di franchi svizzeri.<\/p>","protected":false},"author":58,"featured_media":0,"comment_status":"closed","ping_status":"closed","sticky":false,"template":"","format":"standard","meta":{"_acf_changed":false,"_yoast_wpseo_focuskw":"Rohstoffmine","_yoast_wpseo_metadesc":"In den letzten 30 Jahren sammelte und recycelte Swico rund eine Million Tonnen Elektronikger\u00e4t.","articlekey":"","footnotes":""},"categories":[580],"tags":[1787,1987,2026,424,492],"class_list":["post-29236","post","type-post","status-publish","format-standard","hentry","category-sustainability","tag-nachhaltigkeit","tag-recycling","tag-rohstoff","tag-schweiz","tag-unternehmen"],"acf":[],"yoast_head":"<!-- This site is optimized with the Yoast SEO plugin v27.4 - https:\/\/yoast.com\/product\/yoast-seo-wordpress\/ -->\n<title>Die Schweiz besitzt eine gigantische Rohstoffmine - Organisator<\/title>\n<meta name=\"description\" content=\"In den letzten 30 Jahren sammelte und recycelte Swico rund eine Million Tonnen Elektronikger\u00e4t.\" \/>\n<meta name=\"robots\" content=\"index, follow, max-snippet:-1, max-image-preview:large, max-video-preview:-1\" \/>\n<link rel=\"canonical\" href=\"https:\/\/www.organisator.ch\/it\/sostenibilita\/2024-08-23\/die-schweiz-besitzt-eine-gigantische-rohstoffmine\/\" \/>\n<meta property=\"og:locale\" content=\"it_IT\" \/>\n<meta property=\"og:type\" content=\"article\" \/>\n<meta property=\"og:title\" content=\"Die Schweiz besitzt eine gigantische Rohstoffmine\" \/>\n<meta property=\"og:description\" content=\"In den letzten 30 Jahren sammelte und recycelte Swico rund eine Million Tonnen Elektronikger\u00e4t.\" \/>\n<meta property=\"og:url\" content=\"https:\/\/www.organisator.ch\/it\/sostenibilita\/2024-08-23\/die-schweiz-besitzt-eine-gigantische-rohstoffmine\/\" \/>\n<meta property=\"og:site_name\" content=\"Organisator\" \/>\n<meta property=\"article:publisher\" content=\"https:\/\/www.facebook.com\/OrganisatorFachmagazin\" \/>\n<meta property=\"article:published_time\" content=\"2024-08-23T07:19:42+00:00\" \/>\n<meta property=\"og:image\" content=\"https:\/\/www.organisator.ch\/wp-content\/uploads\/2024\/08\/Swico_Bild1_ps.jpg\" \/>\n\t<meta property=\"og:image:width\" content=\"680\" \/>\n\t<meta property=\"og:image:height\" content=\"453\" \/>\n\t<meta property=\"og:image:type\" content=\"image\/jpeg\" \/>\n<meta name=\"author\" content=\"Adelisa Kalajdzini\" \/>\n<meta name=\"twitter:card\" content=\"summary_large_image\" \/>\n<meta name=\"twitter:title\" content=\"Die Schweiz besitzt eine gigantische Rohstoffmine\" \/>\n<meta name=\"twitter:description\" content=\"In den letzten #30 #Jahren sammelte und #recycelte #Swico rund eine #Million #Tonnen #Elektronikger\u00e4t.\" \/>\n<meta name=\"twitter:image\" content=\"https:\/\/www.organisator.ch\/wp-content\/uploads\/2024\/08\/Swico_Bild1_ps.jpg\" \/>\n<script type=\"application\/ld+json\" class=\"yoast-schema-graph\">{\"@context\":\"https:\\\/\\\/schema.org\",\"@graph\":[{\"@type\":\"Article\",\"@id\":\"https:\\\/\\\/www.organisator.ch\\\/sustainability\\\/2024-08-23\\\/die-schweiz-besitzt-eine-gigantische-rohstoffmine\\\/#article\",\"isPartOf\":{\"@id\":\"https:\\\/\\\/www.organisator.ch\\\/sustainability\\\/2024-08-23\\\/die-schweiz-besitzt-eine-gigantische-rohstoffmine\\\/\"},\"author\":{\"name\":\"Adelisa Kalajdzini\",\"@id\":\"https:\\\/\\\/www.organisator.ch\\\/#\\\/schema\\\/person\\\/2e1314a2172123f874db408d8911d3f3\"},\"headline\":\"Die Schweiz besitzt eine gigantische Rohstoffmine\",\"datePublished\":\"2024-08-23T07:19:42+00:00\",\"mainEntityOfPage\":{\"@id\":\"https:\\\/\\\/www.organisator.ch\\\/sustainability\\\/2024-08-23\\\/die-schweiz-besitzt-eine-gigantische-rohstoffmine\\\/\"},\"wordCount\":475,\"publisher\":{\"@id\":\"https:\\\/\\\/www.organisator.ch\\\/#organization\"},\"image\":{\"@id\":\"https:\\\/\\\/www.organisator.ch\\\/sustainability\\\/2024-08-23\\\/die-schweiz-besitzt-eine-gigantische-rohstoffmine\\\/#primaryimage\"},\"thumbnailUrl\":\"https:\\\/\\\/www.organisator.ch\\\/wp-content\\\/uploads\\\/2024\\\/08\\\/Swico_Bild1_ps.jpg\",\"keywords\":[\"Nachhaltigkeit\",\"Recycling\",\"Rohstoff\",\"Schweiz\",\"Unternehmen\"],\"articleSection\":[\"SUSTAINABILITY\"],\"inLanguage\":\"it-IT\"},{\"@type\":\"WebPage\",\"@id\":\"https:\\\/\\\/www.organisator.ch\\\/sustainability\\\/2024-08-23\\\/die-schweiz-besitzt-eine-gigantische-rohstoffmine\\\/\",\"url\":\"https:\\\/\\\/www.organisator.ch\\\/sustainability\\\/2024-08-23\\\/die-schweiz-besitzt-eine-gigantische-rohstoffmine\\\/\",\"name\":\"Die Schweiz besitzt eine gigantische Rohstoffmine - Organisator\",\"isPartOf\":{\"@id\":\"https:\\\/\\\/www.organisator.ch\\\/#website\"},\"primaryImageOfPage\":{\"@id\":\"https:\\\/\\\/www.organisator.ch\\\/sustainability\\\/2024-08-23\\\/die-schweiz-besitzt-eine-gigantische-rohstoffmine\\\/#primaryimage\"},\"image\":{\"@id\":\"https:\\\/\\\/www.organisator.ch\\\/sustainability\\\/2024-08-23\\\/die-schweiz-besitzt-eine-gigantische-rohstoffmine\\\/#primaryimage\"},\"thumbnailUrl\":\"https:\\\/\\\/www.organisator.ch\\\/wp-content\\\/uploads\\\/2024\\\/08\\\/Swico_Bild1_ps.jpg\",\"datePublished\":\"2024-08-23T07:19:42+00:00\",\"description\":\"In den letzten 30 Jahren sammelte und recycelte Swico rund eine Million Tonnen Elektronikger\u00e4t.\",\"breadcrumb\":{\"@id\":\"https:\\\/\\\/www.organisator.ch\\\/sustainability\\\/2024-08-23\\\/die-schweiz-besitzt-eine-gigantische-rohstoffmine\\\/#breadcrumb\"},\"inLanguage\":\"it-IT\",\"potentialAction\":[{\"@type\":\"ReadAction\",\"target\":[\"https:\\\/\\\/www.organisator.ch\\\/sustainability\\\/2024-08-23\\\/die-schweiz-besitzt-eine-gigantische-rohstoffmine\\\/\"]}]},{\"@type\":\"ImageObject\",\"inLanguage\":\"it-IT\",\"@id\":\"https:\\\/\\\/www.organisator.ch\\\/sustainability\\\/2024-08-23\\\/die-schweiz-besitzt-eine-gigantische-rohstoffmine\\\/#primaryimage\",\"url\":\"https:\\\/\\\/www.organisator.ch\\\/wp-content\\\/uploads\\\/2024\\\/08\\\/Swico_Bild1_ps.jpg\",\"contentUrl\":\"https:\\\/\\\/www.organisator.ch\\\/wp-content\\\/uploads\\\/2024\\\/08\\\/Swico_Bild1_ps.jpg\"},{\"@type\":\"BreadcrumbList\",\"@id\":\"https:\\\/\\\/www.organisator.ch\\\/sustainability\\\/2024-08-23\\\/die-schweiz-besitzt-eine-gigantische-rohstoffmine\\\/#breadcrumb\",\"itemListElement\":[{\"@type\":\"ListItem\",\"position\":1,\"name\":\"Home\",\"item\":\"https:\\\/\\\/www.organisator.ch\\\/\"},{\"@type\":\"ListItem\",\"position\":2,\"name\":\"Die Schweiz besitzt eine gigantische Rohstoffmine\"}]},{\"@type\":\"WebSite\",\"@id\":\"https:\\\/\\\/www.organisator.ch\\\/#website\",\"url\":\"https:\\\/\\\/www.organisator.ch\\\/\",\"name\":\"Organisator\",\"description\":\"Kompetent. Praxisnah. Der ORGANISATOR bereitet in 10 Ausgaben pro Jahr die wesentlichen Themen f\u00fcr F\u00fchrungskr\u00e4fte von KMU auf.\",\"publisher\":{\"@id\":\"https:\\\/\\\/www.organisator.ch\\\/#organization\"},\"potentialAction\":[{\"@type\":\"SearchAction\",\"target\":{\"@type\":\"EntryPoint\",\"urlTemplate\":\"https:\\\/\\\/www.organisator.ch\\\/?s={search_term_string}\"},\"query-input\":{\"@type\":\"PropertyValueSpecification\",\"valueRequired\":true,\"valueName\":\"search_term_string\"}}],\"inLanguage\":\"it-IT\"},{\"@type\":\"Organization\",\"@id\":\"https:\\\/\\\/www.organisator.ch\\\/#organization\",\"name\":\"Organisator\",\"url\":\"https:\\\/\\\/www.organisator.ch\\\/\",\"logo\":{\"@type\":\"ImageObject\",\"inLanguage\":\"it-IT\",\"@id\":\"https:\\\/\\\/www.organisator.ch\\\/#\\\/schema\\\/logo\\\/image\\\/\",\"url\":\"https:\\\/\\\/www.organisator.ch\\\/wp-content\\\/uploads\\\/2022\\\/01\\\/Logo_Organisator_Website.png\",\"contentUrl\":\"https:\\\/\\\/www.organisator.ch\\\/wp-content\\\/uploads\\\/2022\\\/01\\\/Logo_Organisator_Website.png\",\"width\":800,\"height\":77,\"caption\":\"Organisator\"},\"image\":{\"@id\":\"https:\\\/\\\/www.organisator.ch\\\/#\\\/schema\\\/logo\\\/image\\\/\"},\"sameAs\":[\"https:\\\/\\\/www.facebook.com\\\/OrganisatorFachmagazin\",\"https:\\\/\\\/www.linkedin.com\\\/showcase\\\/organisator-das-magazin-fr-kmu\",\"https:\\\/\\\/www.xing.com\\\/news\\\/pages\\\/organisator-ch-695\",\"https:\\\/\\\/www.youtube.com\\\/channel\\\/UCGP2Sq0iWaZwT3BdIAQFYpw\"]},{\"@type\":\"Person\",\"@id\":\"https:\\\/\\\/www.organisator.ch\\\/#\\\/schema\\\/person\\\/2e1314a2172123f874db408d8911d3f3\",\"name\":\"Adelisa Kalajdzini\",\"image\":{\"@type\":\"ImageObject\",\"inLanguage\":\"it-IT\",\"@id\":\"https:\\\/\\\/secure.gravatar.com\\\/avatar\\\/09a397c22ac58cad6f160ee8306348599df9df58a8ede73696226897b9fa4b24?s=96&d=mm&r=g\",\"url\":\"https:\\\/\\\/secure.gravatar.com\\\/avatar\\\/09a397c22ac58cad6f160ee8306348599df9df58a8ede73696226897b9fa4b24?s=96&d=mm&r=g\",\"contentUrl\":\"https:\\\/\\\/secure.gravatar.com\\\/avatar\\\/09a397c22ac58cad6f160ee8306348599df9df58a8ede73696226897b9fa4b24?s=96&d=mm&r=g\",\"caption\":\"Adelisa Kalajdzini\"},\"url\":\"https:\\\/\\\/www.organisator.ch\\\/it\\\/author\\\/adelisa-kalajdzini\\\/\"}]}<\/script>\n<!-- \/ Yoast SEO plugin. -->","yoast_head_json":{"title":"La Svizzera possiede una gigantesca miniera di materie prime - Organizzatore","description":"Negli ultimi 30 anni, Swico ha raccolto e riciclato circa un milione di tonnellate di apparecchiature elettroniche.","robots":{"index":"index","follow":"follow","max-snippet":"max-snippet:-1","max-image-preview":"max-image-preview:large","max-video-preview":"max-video-preview:-1"},"canonical":"https:\/\/www.organisator.ch\/it\/sostenibilita\/2024-08-23\/die-schweiz-besitzt-eine-gigantische-rohstoffmine\/","og_locale":"it_IT","og_type":"article","og_title":"Die Schweiz besitzt eine gigantische Rohstoffmine","og_description":"In den letzten 30 Jahren sammelte und recycelte Swico rund eine Million Tonnen Elektronikger\u00e4t.","og_url":"https:\/\/www.organisator.ch\/it\/sostenibilita\/2024-08-23\/die-schweiz-besitzt-eine-gigantische-rohstoffmine\/","og_site_name":"Organisator","article_publisher":"https:\/\/www.facebook.com\/OrganisatorFachmagazin","article_published_time":"2024-08-23T07:19:42+00:00","og_image":[{"width":680,"height":453,"url":"https:\/\/www.organisator.ch\/wp-content\/uploads\/2024\/08\/Swico_Bild1_ps.jpg","type":"image\/jpeg"}],"author":"Adelisa Kalajdzini","twitter_card":"summary_large_image","twitter_title":"Die Schweiz besitzt eine gigantische Rohstoffmine","twitter_description":"In den letzten #30 #Jahren sammelte und #recycelte #Swico rund eine #Million #Tonnen #Elektronikger\u00e4t.","twitter_image":"https:\/\/www.organisator.ch\/wp-content\/uploads\/2024\/08\/Swico_Bild1_ps.jpg","schema":{"@context":"https:\/\/schema.org","@graph":[{"@type":"Article","@id":"https:\/\/www.organisator.ch\/sustainability\/2024-08-23\/die-schweiz-besitzt-eine-gigantische-rohstoffmine\/#article","isPartOf":{"@id":"https:\/\/www.organisator.ch\/sustainability\/2024-08-23\/die-schweiz-besitzt-eine-gigantische-rohstoffmine\/"},"author":{"name":"Adelisa Kalajdzini","@id":"https:\/\/www.organisator.ch\/#\/schema\/person\/2e1314a2172123f874db408d8911d3f3"},"headline":"Die Schweiz besitzt eine gigantische Rohstoffmine","datePublished":"2024-08-23T07:19:42+00:00","mainEntityOfPage":{"@id":"https:\/\/www.organisator.ch\/sustainability\/2024-08-23\/die-schweiz-besitzt-eine-gigantische-rohstoffmine\/"},"wordCount":475,"publisher":{"@id":"https:\/\/www.organisator.ch\/#organization"},"image":{"@id":"https:\/\/www.organisator.ch\/sustainability\/2024-08-23\/die-schweiz-besitzt-eine-gigantische-rohstoffmine\/#primaryimage"},"thumbnailUrl":"https:\/\/www.organisator.ch\/wp-content\/uploads\/2024\/08\/Swico_Bild1_ps.jpg","keywords":["Nachhaltigkeit","Recycling","Rohstoff","Schweiz","Unternehmen"],"articleSection":["SUSTAINABILITY"],"inLanguage":"it-IT"},{"@type":"WebPage","@id":"https:\/\/www.organisator.ch\/sustainability\/2024-08-23\/die-schweiz-besitzt-eine-gigantische-rohstoffmine\/","url":"https:\/\/www.organisator.ch\/sustainability\/2024-08-23\/die-schweiz-besitzt-eine-gigantische-rohstoffmine\/","name":"La Svizzera possiede una gigantesca miniera di materie prime - Organizzatore","isPartOf":{"@id":"https:\/\/www.organisator.ch\/#website"},"primaryImageOfPage":{"@id":"https:\/\/www.organisator.ch\/sustainability\/2024-08-23\/die-schweiz-besitzt-eine-gigantische-rohstoffmine\/#primaryimage"},"image":{"@id":"https:\/\/www.organisator.ch\/sustainability\/2024-08-23\/die-schweiz-besitzt-eine-gigantische-rohstoffmine\/#primaryimage"},"thumbnailUrl":"https:\/\/www.organisator.ch\/wp-content\/uploads\/2024\/08\/Swico_Bild1_ps.jpg","datePublished":"2024-08-23T07:19:42+00:00","description":"Negli ultimi 30 anni, Swico ha raccolto e riciclato circa un milione di tonnellate di apparecchiature elettroniche.","breadcrumb":{"@id":"https:\/\/www.organisator.ch\/sustainability\/2024-08-23\/die-schweiz-besitzt-eine-gigantische-rohstoffmine\/#breadcrumb"},"inLanguage":"it-IT","potentialAction":[{"@type":"ReadAction","target":["https:\/\/www.organisator.ch\/sustainability\/2024-08-23\/die-schweiz-besitzt-eine-gigantische-rohstoffmine\/"]}]},{"@type":"ImageObject","inLanguage":"it-IT","@id":"https:\/\/www.organisator.ch\/sustainability\/2024-08-23\/die-schweiz-besitzt-eine-gigantische-rohstoffmine\/#primaryimage","url":"https:\/\/www.organisator.ch\/wp-content\/uploads\/2024\/08\/Swico_Bild1_ps.jpg","contentUrl":"https:\/\/www.organisator.ch\/wp-content\/uploads\/2024\/08\/Swico_Bild1_ps.jpg"},{"@type":"BreadcrumbList","@id":"https:\/\/www.organisator.ch\/sustainability\/2024-08-23\/die-schweiz-besitzt-eine-gigantische-rohstoffmine\/#breadcrumb","itemListElement":[{"@type":"ListItem","position":1,"name":"Home","item":"https:\/\/www.organisator.ch\/"},{"@type":"ListItem","position":2,"name":"Die Schweiz besitzt eine gigantische Rohstoffmine"}]},{"@type":"WebSite","@id":"https:\/\/www.organisator.ch\/#website","url":"https:\/\/www.organisator.ch\/","name":"Organizzatore","description":"Competente. Pratico. In 10 numeri all'anno, ORGANISATOR presenta i temi essenziali per i manager delle PMI.","publisher":{"@id":"https:\/\/www.organisator.ch\/#organization"},"potentialAction":[{"@type":"SearchAction","target":{"@type":"EntryPoint","urlTemplate":"https:\/\/www.organisator.ch\/?s={search_term_string}"},"query-input":{"@type":"PropertyValueSpecification","valueRequired":true,"valueName":"search_term_string"}}],"inLanguage":"it-IT"},{"@type":"Organization","@id":"https:\/\/www.organisator.ch\/#organization","name":"Organizzatore","url":"https:\/\/www.organisator.ch\/","logo":{"@type":"ImageObject","inLanguage":"it-IT","@id":"https:\/\/www.organisator.ch\/#\/schema\/logo\/image\/","url":"https:\/\/www.organisator.ch\/wp-content\/uploads\/2022\/01\/Logo_Organisator_Website.png","contentUrl":"https:\/\/www.organisator.ch\/wp-content\/uploads\/2022\/01\/Logo_Organisator_Website.png","width":800,"height":77,"caption":"Organisator"},"image":{"@id":"https:\/\/www.organisator.ch\/#\/schema\/logo\/image\/"},"sameAs":["https:\/\/www.facebook.com\/OrganisatorFachmagazin","https:\/\/www.linkedin.com\/showcase\/organisator-das-magazin-fr-kmu","https:\/\/www.xing.com\/news\/pages\/organisator-ch-695","https:\/\/www.youtube.com\/channel\/UCGP2Sq0iWaZwT3BdIAQFYpw"]},{"@type":"Person","@id":"https:\/\/www.organisator.ch\/#\/schema\/person\/2e1314a2172123f874db408d8911d3f3","name":"Adelisa Kalajdzini","image":{"@type":"ImageObject","inLanguage":"it-IT","@id":"https:\/\/secure.gravatar.com\/avatar\/09a397c22ac58cad6f160ee8306348599df9df58a8ede73696226897b9fa4b24?s=96&d=mm&r=g","url":"https:\/\/secure.gravatar.com\/avatar\/09a397c22ac58cad6f160ee8306348599df9df58a8ede73696226897b9fa4b24?s=96&d=mm&r=g","contentUrl":"https:\/\/secure.gravatar.com\/avatar\/09a397c22ac58cad6f160ee8306348599df9df58a8ede73696226897b9fa4b24?s=96&d=mm&r=g","caption":"Adelisa Kalajdzini"},"url":"https:\/\/www.organisator.ch\/it\/author\/adelisa-kalajdzini\/"}]}},"_links":{"self":[{"href":"https:\/\/www.organisator.ch\/it\/wp-json\/wp\/v2\/posts\/29236","targetHints":{"allow":["GET"]}}],"collection":[{"href":"https:\/\/www.organisator.ch\/it\/wp-json\/wp\/v2\/posts"}],"about":[{"href":"https:\/\/www.organisator.ch\/it\/wp-json\/wp\/v2\/types\/post"}],"author":[{"embeddable":true,"href":"https:\/\/www.organisator.ch\/it\/wp-json\/wp\/v2\/users\/58"}],"replies":[{"embeddable":true,"href":"https:\/\/www.organisator.ch\/it\/wp-json\/wp\/v2\/comments?post=29236"}],"version-history":[{"count":5,"href":"https:\/\/www.organisator.ch\/it\/wp-json\/wp\/v2\/posts\/29236\/revisions"}],"predecessor-version":[{"id":29302,"href":"https:\/\/www.organisator.ch\/it\/wp-json\/wp\/v2\/posts\/29236\/revisions\/29302"}],"wp:attachment":[{"href":"https:\/\/www.organisator.ch\/it\/wp-json\/wp\/v2\/media?parent=29236"}],"wp:term":[{"taxonomy":"category","embeddable":true,"href":"https:\/\/www.organisator.ch\/it\/wp-json\/wp\/v2\/categories?post=29236"},{"taxonomy":"post_tag","embeddable":true,"href":"https:\/\/www.organisator.ch\/it\/wp-json\/wp\/v2\/tags?post=29236"}],"curies":[{"name":"wp","href":"https:\/\/api.w.org\/{rel}","templated":true}]}}