{"id":29240,"date":"2024-08-23T12:49:08","date_gmt":"2024-08-23T10:49:08","guid":{"rendered":"https:\/\/www.organisator.ch\/?p=29240"},"modified":"2024-08-22T13:49:19","modified_gmt":"2024-08-22T11:49:19","slug":"igravity-erweitert-kompetenz-mit-zwei-neuen-verwaltungsraeten","status":"publish","type":"post","link":"https:\/\/www.organisator.ch\/it\/management\/2024-08-23\/igravity-erweitert-kompetenz-mit-zwei-neuen-verwaltungsraeten\/","title":{"rendered":"iGravity amplia le proprie competenze con due nuovi membri del consiglio di amministrazione"},"content":{"rendered":"<figure id=\"attachment_29242\" aria-describedby=\"caption-attachment-29242\" style=\"width: 680px\" class=\"wp-caption alignnone\"><img loading=\"lazy\" decoding=\"async\" class=\"size-full wp-image-29242\" src=\"https:\/\/www.organisator.ch\/wp-content\/uploads\/2024\/08\/Heidi-Foppa-and-Andrew-Bredenkamp_Bild1_ps.jpg\" alt=\"\" width=\"680\" height=\"382\" srcset=\"https:\/\/www.organisator.ch\/wp-content\/uploads\/2024\/08\/Heidi-Foppa-and-Andrew-Bredenkamp_Bild1_ps.jpg 680w, https:\/\/www.organisator.ch\/wp-content\/uploads\/2024\/08\/Heidi-Foppa-and-Andrew-Bredenkamp_Bild1_ps-18x10.jpg 18w, https:\/\/www.organisator.ch\/wp-content\/uploads\/2024\/08\/Heidi-Foppa-and-Andrew-Bredenkamp_Bild1_ps-375x211.jpg 375w, https:\/\/www.organisator.ch\/wp-content\/uploads\/2024\/08\/Heidi-Foppa-and-Andrew-Bredenkamp_Bild1_ps-623x350.jpg 623w\" sizes=\"auto, (max-width: 680px) 100vw, 680px\" \/><figcaption id=\"caption-attachment-29242\" class=\"wp-caption-text\">Due nuovi membri del Consiglio di amministrazione: Heidi Foppa e Andrew Bredenkamp. (Immagine: www.igravity.net)<\/figcaption><\/figure>\n<p>L'impact investing si riferisce a investimenti che non mirano solo a generare rendimenti finanziari, ma anche a ottenere un impatto sociale o ambientale positivo e dimostrabile. Gli investimenti vengono effettuati in aziende, organizzazioni e fondi al fine di creare benefici sociali o ecologici oltre al profitto economico. Una di queste societ\u00e0 \u00e8 iGravity, che sta rafforzando ulteriormente le sue competenze con due nuovi membri del consiglio di amministrazione.<\/p>\n<p>Heidi Foppa vanta oltre 25 anni di esperienza di leadership nel campo della gestione, della consulenza e del management e dell'impact investing. La sua vasta carriera comprende ruoli nello sviluppo dei prodotti, nei servizi finanziari e nello sviluppo strategico del business presso istituzioni riconosciute a livello mondiale come Sectoral Asset Management, Triodos Investment Management e Lombard Odier. L'impegno di Heidi nell'impact investing e il suo ruolo attivo come angel investor e leader di B-Corp istruite faranno progredire la missione di iGravity di sfruttare i fondi per scopi sociali positivi.<\/p>\n<p>Andrew Bredenkamp \u00e8 un imprenditore tecnologico esperto e una figura di spicco nei settori dell'IA e degli investimenti a impatto sociale. In qualit\u00e0 di fondatore ed ex CEO di Acrolinx, Andrew ha guidato sviluppi innovativi. Il suo coinvolgimento in Clear Global e in numerose iniziative a impatto sociale in Africa, India ed Europa sottolinea il suo impegno nel promuovere un cambiamento significativo attraverso soluzioni innovative. L'esperienza di Andrew contribuir\u00e0 in modo significativo all'ulteriore sviluppo di iGravity.<\/p>\n<h3><strong>Autorizzazione FINMA: La prova del nostro impegno<\/strong><\/h3>\n<p>Questa espansione della gestione coincide con un'altra importante pietra miliare per iGravity: l'autorizzazione della FINMA come gestore di portafoglio autorizzato. Questo riconoscimento normativo non solo conferma la professionalit\u00e0 e l'impegno di iGravity per l'integrit\u00e0 dell'impatto, ma rafforza anche le sue capacit\u00e0 per i clienti e i partner alla ricerca di investimenti d'impatto che offrano sia rendimenti finanziari che benefici sociali tangibili.<\/p>\n<p><em>Fonte: <a href=\"http:\/\/www.igravity.net\">www.igravity.net<\/a><\/em><\/p>","protected":false},"excerpt":{"rendered":"<p>iGravity, societ\u00e0 di investimento a impatto globale dedicata alla creazione di un mondo pi\u00f9 giusto e sostenibile, \u00e8 lieta di annunciare la nomina di due nuovi membri nel suo Consiglio di amministrazione: Heidi Foppa e Andrew Bredenkamp, che si aggiungono agli attuali membri del Consiglio di amministrazione Bernhard Hodler e Patrick Elmer. <\/p>","protected":false},"author":58,"featured_media":29242,"comment_status":"closed","ping_status":"closed","sticky":false,"template":"","format":"standard","meta":{"_acf_changed":false,"_yoast_wpseo_focuskw":"iGravity","_yoast_wpseo_metadesc":"iGravity, eine globale Impact-Investmentfirma freut sich, die Ernennung von zwei neuen Mitgliedern in seinen Vorstand bekannt zu geben.","articlekey":"","footnotes":""},"categories":[28,580],"tags":[1442,335,1787,492,513],"class_list":["post-29240","post","type-post","status-publish","format-standard","has-post-thumbnail","hentry","category-management","category-sustainability","tag-investment","tag-management-und-unternehmensfuehrung","tag-nachhaltigkeit","tag-unternehmen","tag-verwaltungsraete"],"acf":[],"yoast_head":"<!-- This site is optimized with the Yoast SEO plugin v27.5 - https:\/\/yoast.com\/product\/yoast-seo-wordpress\/ -->\n<title>iGravity erweitert Kompetenz mit zwei neuen Verwaltungsr\u00e4ten - Organisator<\/title>\n<meta name=\"description\" content=\"iGravity, eine globale Impact-Investmentfirma freut sich, die Ernennung von zwei neuen Mitgliedern in seinen Vorstand bekannt zu geben.\" \/>\n<meta name=\"robots\" content=\"index, follow, max-snippet:-1, max-image-preview:large, max-video-preview:-1\" \/>\n<link rel=\"canonical\" href=\"https:\/\/www.organisator.ch\/it\/gestione-2\/2024-08-23\/igravity-erweitert-kompetenz-mit-zwei-neuen-verwaltungsraeten\/\" \/>\n<meta property=\"og:locale\" content=\"it_IT\" \/>\n<meta property=\"og:type\" content=\"article\" \/>\n<meta property=\"og:title\" content=\"iGravity erweitert Kompetenz mit zwei neuen Verwaltungsr\u00e4ten\" \/>\n<meta property=\"og:description\" content=\"iGravity, eine globale Impact-Investmentfirma freut sich, die Ernennung von zwei neuen Mitgliedern in seinen Vorstand bekannt zu geben.\" \/>\n<meta property=\"og:url\" content=\"https:\/\/www.organisator.ch\/it\/gestione-2\/2024-08-23\/igravity-erweitert-kompetenz-mit-zwei-neuen-verwaltungsraeten\/\" \/>\n<meta property=\"og:site_name\" content=\"Organisator\" \/>\n<meta property=\"article:publisher\" content=\"https:\/\/www.facebook.com\/OrganisatorFachmagazin\" \/>\n<meta property=\"article:published_time\" content=\"2024-08-23T10:49:08+00:00\" \/>\n<meta property=\"og:image\" content=\"https:\/\/www.organisator.ch\/wp-content\/uploads\/2024\/08\/Heidi-Foppa-and-Andrew-Bredenkamp_Bild1_ps.jpg\" \/>\n\t<meta property=\"og:image:width\" content=\"680\" \/>\n\t<meta property=\"og:image:height\" content=\"382\" \/>\n\t<meta property=\"og:image:type\" content=\"image\/jpeg\" \/>\n<meta name=\"author\" content=\"Adelisa Kalajdzini\" \/>\n<meta name=\"twitter:card\" content=\"summary_large_image\" \/>\n<meta name=\"twitter:title\" content=\"iGravity erweitert Kompetenz mit zwei neuen Verwaltungsr\u00e4ten\" \/>\n<meta name=\"twitter:description\" content=\"#iGravity, eine globale #Impact-Investmentfirma freut sich, die #Ernennung von #zwei neuen #Mitgliedern in seinen #Vorstand bekannt zu geben.\" \/>\n<meta name=\"twitter:image\" content=\"https:\/\/www.organisator.ch\/wp-content\/uploads\/2024\/08\/Heidi-Foppa-and-Andrew-Bredenkamp_Bild1_ps.jpg\" \/>\n<script type=\"application\/ld+json\" class=\"yoast-schema-graph\">{\"@context\":\"https:\\\/\\\/schema.org\",\"@graph\":[{\"@type\":\"Article\",\"@id\":\"https:\\\/\\\/www.organisator.ch\\\/management\\\/2024-08-23\\\/igravity-erweitert-kompetenz-mit-zwei-neuen-verwaltungsraeten\\\/#article\",\"isPartOf\":{\"@id\":\"https:\\\/\\\/www.organisator.ch\\\/management\\\/2024-08-23\\\/igravity-erweitert-kompetenz-mit-zwei-neuen-verwaltungsraeten\\\/\"},\"author\":{\"name\":\"Adelisa Kalajdzini\",\"@id\":\"https:\\\/\\\/www.organisator.ch\\\/#\\\/schema\\\/person\\\/2e1314a2172123f874db408d8911d3f3\"},\"headline\":\"iGravity erweitert Kompetenz mit zwei neuen Verwaltungsr\u00e4ten\",\"datePublished\":\"2024-08-23T10:49:08+00:00\",\"mainEntityOfPage\":{\"@id\":\"https:\\\/\\\/www.organisator.ch\\\/management\\\/2024-08-23\\\/igravity-erweitert-kompetenz-mit-zwei-neuen-verwaltungsraeten\\\/\"},\"wordCount\":315,\"publisher\":{\"@id\":\"https:\\\/\\\/www.organisator.ch\\\/#organization\"},\"image\":{\"@id\":\"https:\\\/\\\/www.organisator.ch\\\/management\\\/2024-08-23\\\/igravity-erweitert-kompetenz-mit-zwei-neuen-verwaltungsraeten\\\/#primaryimage\"},\"thumbnailUrl\":\"https:\\\/\\\/www.organisator.ch\\\/wp-content\\\/uploads\\\/2024\\\/08\\\/Heidi-Foppa-and-Andrew-Bredenkamp_Bild1_ps.jpg\",\"keywords\":[\"Investment\",\"Management und Unternehmensf\u00fchrung\",\"Nachhaltigkeit\",\"Unternehmen\",\"Verwaltungsr\u00e4te\"],\"articleSection\":[\"MANAGEMENT\",\"SUSTAINABILITY\"],\"inLanguage\":\"it-IT\"},{\"@type\":\"WebPage\",\"@id\":\"https:\\\/\\\/www.organisator.ch\\\/management\\\/2024-08-23\\\/igravity-erweitert-kompetenz-mit-zwei-neuen-verwaltungsraeten\\\/\",\"url\":\"https:\\\/\\\/www.organisator.ch\\\/management\\\/2024-08-23\\\/igravity-erweitert-kompetenz-mit-zwei-neuen-verwaltungsraeten\\\/\",\"name\":\"iGravity erweitert Kompetenz mit zwei neuen Verwaltungsr\u00e4ten - Organisator\",\"isPartOf\":{\"@id\":\"https:\\\/\\\/www.organisator.ch\\\/#website\"},\"primaryImageOfPage\":{\"@id\":\"https:\\\/\\\/www.organisator.ch\\\/management\\\/2024-08-23\\\/igravity-erweitert-kompetenz-mit-zwei-neuen-verwaltungsraeten\\\/#primaryimage\"},\"image\":{\"@id\":\"https:\\\/\\\/www.organisator.ch\\\/management\\\/2024-08-23\\\/igravity-erweitert-kompetenz-mit-zwei-neuen-verwaltungsraeten\\\/#primaryimage\"},\"thumbnailUrl\":\"https:\\\/\\\/www.organisator.ch\\\/wp-content\\\/uploads\\\/2024\\\/08\\\/Heidi-Foppa-and-Andrew-Bredenkamp_Bild1_ps.jpg\",\"datePublished\":\"2024-08-23T10:49:08+00:00\",\"description\":\"iGravity, eine globale Impact-Investmentfirma freut sich, die Ernennung von zwei neuen Mitgliedern in seinen Vorstand bekannt zu geben.\",\"breadcrumb\":{\"@id\":\"https:\\\/\\\/www.organisator.ch\\\/management\\\/2024-08-23\\\/igravity-erweitert-kompetenz-mit-zwei-neuen-verwaltungsraeten\\\/#breadcrumb\"},\"inLanguage\":\"it-IT\",\"potentialAction\":[{\"@type\":\"ReadAction\",\"target\":[\"https:\\\/\\\/www.organisator.ch\\\/management\\\/2024-08-23\\\/igravity-erweitert-kompetenz-mit-zwei-neuen-verwaltungsraeten\\\/\"]}]},{\"@type\":\"ImageObject\",\"inLanguage\":\"it-IT\",\"@id\":\"https:\\\/\\\/www.organisator.ch\\\/management\\\/2024-08-23\\\/igravity-erweitert-kompetenz-mit-zwei-neuen-verwaltungsraeten\\\/#primaryimage\",\"url\":\"https:\\\/\\\/www.organisator.ch\\\/wp-content\\\/uploads\\\/2024\\\/08\\\/Heidi-Foppa-and-Andrew-Bredenkamp_Bild1_ps.jpg\",\"contentUrl\":\"https:\\\/\\\/www.organisator.ch\\\/wp-content\\\/uploads\\\/2024\\\/08\\\/Heidi-Foppa-and-Andrew-Bredenkamp_Bild1_ps.jpg\",\"width\":680,\"height\":382,\"caption\":\"Zwei neue Mitglieder in den Vorstand - Heidi Foppa und Andrew Bredenkamp. (Bild: www.igravity.net)\"},{\"@type\":\"BreadcrumbList\",\"@id\":\"https:\\\/\\\/www.organisator.ch\\\/management\\\/2024-08-23\\\/igravity-erweitert-kompetenz-mit-zwei-neuen-verwaltungsraeten\\\/#breadcrumb\",\"itemListElement\":[{\"@type\":\"ListItem\",\"position\":1,\"name\":\"Home\",\"item\":\"https:\\\/\\\/www.organisator.ch\\\/\"},{\"@type\":\"ListItem\",\"position\":2,\"name\":\"iGravity erweitert Kompetenz mit zwei neuen Verwaltungsr\u00e4ten\"}]},{\"@type\":\"WebSite\",\"@id\":\"https:\\\/\\\/www.organisator.ch\\\/#website\",\"url\":\"https:\\\/\\\/www.organisator.ch\\\/\",\"name\":\"Organisator\",\"description\":\"Kompetent. Praxisnah. Der ORGANISATOR bereitet in 10 Ausgaben pro Jahr die wesentlichen Themen f\u00fcr F\u00fchrungskr\u00e4fte von KMU auf.\",\"publisher\":{\"@id\":\"https:\\\/\\\/www.organisator.ch\\\/#organization\"},\"potentialAction\":[{\"@type\":\"SearchAction\",\"target\":{\"@type\":\"EntryPoint\",\"urlTemplate\":\"https:\\\/\\\/www.organisator.ch\\\/?s={search_term_string}\"},\"query-input\":{\"@type\":\"PropertyValueSpecification\",\"valueRequired\":true,\"valueName\":\"search_term_string\"}}],\"inLanguage\":\"it-IT\"},{\"@type\":\"Organization\",\"@id\":\"https:\\\/\\\/www.organisator.ch\\\/#organization\",\"name\":\"Organisator\",\"url\":\"https:\\\/\\\/www.organisator.ch\\\/\",\"logo\":{\"@type\":\"ImageObject\",\"inLanguage\":\"it-IT\",\"@id\":\"https:\\\/\\\/www.organisator.ch\\\/#\\\/schema\\\/logo\\\/image\\\/\",\"url\":\"https:\\\/\\\/www.organisator.ch\\\/wp-content\\\/uploads\\\/2022\\\/01\\\/Logo_Organisator_Website.png\",\"contentUrl\":\"https:\\\/\\\/www.organisator.ch\\\/wp-content\\\/uploads\\\/2022\\\/01\\\/Logo_Organisator_Website.png\",\"width\":800,\"height\":77,\"caption\":\"Organisator\"},\"image\":{\"@id\":\"https:\\\/\\\/www.organisator.ch\\\/#\\\/schema\\\/logo\\\/image\\\/\"},\"sameAs\":[\"https:\\\/\\\/www.facebook.com\\\/OrganisatorFachmagazin\",\"https:\\\/\\\/www.linkedin.com\\\/showcase\\\/organisator-das-magazin-fr-kmu\",\"https:\\\/\\\/www.xing.com\\\/news\\\/pages\\\/organisator-ch-695\",\"https:\\\/\\\/www.youtube.com\\\/channel\\\/UCGP2Sq0iWaZwT3BdIAQFYpw\"]},{\"@type\":\"Person\",\"@id\":\"https:\\\/\\\/www.organisator.ch\\\/#\\\/schema\\\/person\\\/2e1314a2172123f874db408d8911d3f3\",\"name\":\"Adelisa Kalajdzini\",\"image\":{\"@type\":\"ImageObject\",\"inLanguage\":\"it-IT\",\"@id\":\"https:\\\/\\\/secure.gravatar.com\\\/avatar\\\/09a397c22ac58cad6f160ee8306348599df9df58a8ede73696226897b9fa4b24?s=96&d=mm&r=g\",\"url\":\"https:\\\/\\\/secure.gravatar.com\\\/avatar\\\/09a397c22ac58cad6f160ee8306348599df9df58a8ede73696226897b9fa4b24?s=96&d=mm&r=g\",\"contentUrl\":\"https:\\\/\\\/secure.gravatar.com\\\/avatar\\\/09a397c22ac58cad6f160ee8306348599df9df58a8ede73696226897b9fa4b24?s=96&d=mm&r=g\",\"caption\":\"Adelisa Kalajdzini\"},\"url\":\"https:\\\/\\\/www.organisator.ch\\\/it\\\/author\\\/adelisa-kalajdzini\\\/\"}]}<\/script>\n<!-- \/ Yoast SEO plugin. -->","yoast_head_json":{"title":"iGravity amplia le competenze con due nuovi membri del consiglio di amministrazione - Organizzatore","description":"iGravity, societ\u00e0 di investimento a impatto globale, \u00e8 lieta di annunciare la nomina di due nuovi membri del suo Consiglio di amministrazione.","robots":{"index":"index","follow":"follow","max-snippet":"max-snippet:-1","max-image-preview":"max-image-preview:large","max-video-preview":"max-video-preview:-1"},"canonical":"https:\/\/www.organisator.ch\/it\/gestione-2\/2024-08-23\/igravity-erweitert-kompetenz-mit-zwei-neuen-verwaltungsraeten\/","og_locale":"it_IT","og_type":"article","og_title":"iGravity erweitert Kompetenz mit zwei neuen Verwaltungsr\u00e4ten","og_description":"iGravity, eine globale Impact-Investmentfirma freut sich, die Ernennung von zwei neuen Mitgliedern in seinen Vorstand bekannt zu geben.","og_url":"https:\/\/www.organisator.ch\/it\/gestione-2\/2024-08-23\/igravity-erweitert-kompetenz-mit-zwei-neuen-verwaltungsraeten\/","og_site_name":"Organisator","article_publisher":"https:\/\/www.facebook.com\/OrganisatorFachmagazin","article_published_time":"2024-08-23T10:49:08+00:00","og_image":[{"width":680,"height":382,"url":"https:\/\/www.organisator.ch\/wp-content\/uploads\/2024\/08\/Heidi-Foppa-and-Andrew-Bredenkamp_Bild1_ps.jpg","type":"image\/jpeg"}],"author":"Adelisa Kalajdzini","twitter_card":"summary_large_image","twitter_title":"iGravity erweitert Kompetenz mit zwei neuen Verwaltungsr\u00e4ten","twitter_description":"#iGravity, eine globale #Impact-Investmentfirma freut sich, die #Ernennung von #zwei neuen #Mitgliedern in seinen #Vorstand bekannt zu geben.","twitter_image":"https:\/\/www.organisator.ch\/wp-content\/uploads\/2024\/08\/Heidi-Foppa-and-Andrew-Bredenkamp_Bild1_ps.jpg","schema":{"@context":"https:\/\/schema.org","@graph":[{"@type":"Article","@id":"https:\/\/www.organisator.ch\/management\/2024-08-23\/igravity-erweitert-kompetenz-mit-zwei-neuen-verwaltungsraeten\/#article","isPartOf":{"@id":"https:\/\/www.organisator.ch\/management\/2024-08-23\/igravity-erweitert-kompetenz-mit-zwei-neuen-verwaltungsraeten\/"},"author":{"name":"Adelisa Kalajdzini","@id":"https:\/\/www.organisator.ch\/#\/schema\/person\/2e1314a2172123f874db408d8911d3f3"},"headline":"iGravity erweitert Kompetenz mit zwei neuen Verwaltungsr\u00e4ten","datePublished":"2024-08-23T10:49:08+00:00","mainEntityOfPage":{"@id":"https:\/\/www.organisator.ch\/management\/2024-08-23\/igravity-erweitert-kompetenz-mit-zwei-neuen-verwaltungsraeten\/"},"wordCount":315,"publisher":{"@id":"https:\/\/www.organisator.ch\/#organization"},"image":{"@id":"https:\/\/www.organisator.ch\/management\/2024-08-23\/igravity-erweitert-kompetenz-mit-zwei-neuen-verwaltungsraeten\/#primaryimage"},"thumbnailUrl":"https:\/\/www.organisator.ch\/wp-content\/uploads\/2024\/08\/Heidi-Foppa-and-Andrew-Bredenkamp_Bild1_ps.jpg","keywords":["Investment","Management und Unternehmensf\u00fchrung","Nachhaltigkeit","Unternehmen","Verwaltungsr\u00e4te"],"articleSection":["MANAGEMENT","SUSTAINABILITY"],"inLanguage":"it-IT"},{"@type":"WebPage","@id":"https:\/\/www.organisator.ch\/management\/2024-08-23\/igravity-erweitert-kompetenz-mit-zwei-neuen-verwaltungsraeten\/","url":"https:\/\/www.organisator.ch\/management\/2024-08-23\/igravity-erweitert-kompetenz-mit-zwei-neuen-verwaltungsraeten\/","name":"iGravity amplia le competenze con due nuovi membri del consiglio di amministrazione - Organizzatore","isPartOf":{"@id":"https:\/\/www.organisator.ch\/#website"},"primaryImageOfPage":{"@id":"https:\/\/www.organisator.ch\/management\/2024-08-23\/igravity-erweitert-kompetenz-mit-zwei-neuen-verwaltungsraeten\/#primaryimage"},"image":{"@id":"https:\/\/www.organisator.ch\/management\/2024-08-23\/igravity-erweitert-kompetenz-mit-zwei-neuen-verwaltungsraeten\/#primaryimage"},"thumbnailUrl":"https:\/\/www.organisator.ch\/wp-content\/uploads\/2024\/08\/Heidi-Foppa-and-Andrew-Bredenkamp_Bild1_ps.jpg","datePublished":"2024-08-23T10:49:08+00:00","description":"iGravity, societ\u00e0 di investimento a impatto globale, \u00e8 lieta di annunciare la nomina di due nuovi membri del suo Consiglio di amministrazione.","breadcrumb":{"@id":"https:\/\/www.organisator.ch\/management\/2024-08-23\/igravity-erweitert-kompetenz-mit-zwei-neuen-verwaltungsraeten\/#breadcrumb"},"inLanguage":"it-IT","potentialAction":[{"@type":"ReadAction","target":["https:\/\/www.organisator.ch\/management\/2024-08-23\/igravity-erweitert-kompetenz-mit-zwei-neuen-verwaltungsraeten\/"]}]},{"@type":"ImageObject","inLanguage":"it-IT","@id":"https:\/\/www.organisator.ch\/management\/2024-08-23\/igravity-erweitert-kompetenz-mit-zwei-neuen-verwaltungsraeten\/#primaryimage","url":"https:\/\/www.organisator.ch\/wp-content\/uploads\/2024\/08\/Heidi-Foppa-and-Andrew-Bredenkamp_Bild1_ps.jpg","contentUrl":"https:\/\/www.organisator.ch\/wp-content\/uploads\/2024\/08\/Heidi-Foppa-and-Andrew-Bredenkamp_Bild1_ps.jpg","width":680,"height":382,"caption":"Zwei neue Mitglieder in den Vorstand - Heidi Foppa und Andrew Bredenkamp. (Bild: www.igravity.net)"},{"@type":"BreadcrumbList","@id":"https:\/\/www.organisator.ch\/management\/2024-08-23\/igravity-erweitert-kompetenz-mit-zwei-neuen-verwaltungsraeten\/#breadcrumb","itemListElement":[{"@type":"ListItem","position":1,"name":"Home","item":"https:\/\/www.organisator.ch\/"},{"@type":"ListItem","position":2,"name":"iGravity erweitert Kompetenz mit zwei neuen Verwaltungsr\u00e4ten"}]},{"@type":"WebSite","@id":"https:\/\/www.organisator.ch\/#website","url":"https:\/\/www.organisator.ch\/","name":"Organizzatore","description":"Competente. Pratico. In 10 numeri all'anno, ORGANISATOR presenta i temi essenziali per i manager delle PMI.","publisher":{"@id":"https:\/\/www.organisator.ch\/#organization"},"potentialAction":[{"@type":"SearchAction","target":{"@type":"EntryPoint","urlTemplate":"https:\/\/www.organisator.ch\/?s={search_term_string}"},"query-input":{"@type":"PropertyValueSpecification","valueRequired":true,"valueName":"search_term_string"}}],"inLanguage":"it-IT"},{"@type":"Organization","@id":"https:\/\/www.organisator.ch\/#organization","name":"Organizzatore","url":"https:\/\/www.organisator.ch\/","logo":{"@type":"ImageObject","inLanguage":"it-IT","@id":"https:\/\/www.organisator.ch\/#\/schema\/logo\/image\/","url":"https:\/\/www.organisator.ch\/wp-content\/uploads\/2022\/01\/Logo_Organisator_Website.png","contentUrl":"https:\/\/www.organisator.ch\/wp-content\/uploads\/2022\/01\/Logo_Organisator_Website.png","width":800,"height":77,"caption":"Organisator"},"image":{"@id":"https:\/\/www.organisator.ch\/#\/schema\/logo\/image\/"},"sameAs":["https:\/\/www.facebook.com\/OrganisatorFachmagazin","https:\/\/www.linkedin.com\/showcase\/organisator-das-magazin-fr-kmu","https:\/\/www.xing.com\/news\/pages\/organisator-ch-695","https:\/\/www.youtube.com\/channel\/UCGP2Sq0iWaZwT3BdIAQFYpw"]},{"@type":"Person","@id":"https:\/\/www.organisator.ch\/#\/schema\/person\/2e1314a2172123f874db408d8911d3f3","name":"Adelisa Kalajdzini","image":{"@type":"ImageObject","inLanguage":"it-IT","@id":"https:\/\/secure.gravatar.com\/avatar\/09a397c22ac58cad6f160ee8306348599df9df58a8ede73696226897b9fa4b24?s=96&d=mm&r=g","url":"https:\/\/secure.gravatar.com\/avatar\/09a397c22ac58cad6f160ee8306348599df9df58a8ede73696226897b9fa4b24?s=96&d=mm&r=g","contentUrl":"https:\/\/secure.gravatar.com\/avatar\/09a397c22ac58cad6f160ee8306348599df9df58a8ede73696226897b9fa4b24?s=96&d=mm&r=g","caption":"Adelisa Kalajdzini"},"url":"https:\/\/www.organisator.ch\/it\/author\/adelisa-kalajdzini\/"}]}},"_links":{"self":[{"href":"https:\/\/www.organisator.ch\/it\/wp-json\/wp\/v2\/posts\/29240","targetHints":{"allow":["GET"]}}],"collection":[{"href":"https:\/\/www.organisator.ch\/it\/wp-json\/wp\/v2\/posts"}],"about":[{"href":"https:\/\/www.organisator.ch\/it\/wp-json\/wp\/v2\/types\/post"}],"author":[{"embeddable":true,"href":"https:\/\/www.organisator.ch\/it\/wp-json\/wp\/v2\/users\/58"}],"replies":[{"embeddable":true,"href":"https:\/\/www.organisator.ch\/it\/wp-json\/wp\/v2\/comments?post=29240"}],"version-history":[{"count":5,"href":"https:\/\/www.organisator.ch\/it\/wp-json\/wp\/v2\/posts\/29240\/revisions"}],"predecessor-version":[{"id":29301,"href":"https:\/\/www.organisator.ch\/it\/wp-json\/wp\/v2\/posts\/29240\/revisions\/29301"}],"wp:featuredmedia":[{"embeddable":true,"href":"https:\/\/www.organisator.ch\/it\/wp-json\/wp\/v2\/media\/29242"}],"wp:attachment":[{"href":"https:\/\/www.organisator.ch\/it\/wp-json\/wp\/v2\/media?parent=29240"}],"wp:term":[{"taxonomy":"category","embeddable":true,"href":"https:\/\/www.organisator.ch\/it\/wp-json\/wp\/v2\/categories?post=29240"},{"taxonomy":"post_tag","embeddable":true,"href":"https:\/\/www.organisator.ch\/it\/wp-json\/wp\/v2\/tags?post=29240"}],"curies":[{"name":"wp","href":"https:\/\/api.w.org\/{rel}","templated":true}]}}