{"id":29254,"date":"2024-08-22T23:00:43","date_gmt":"2024-08-22T21:00:43","guid":{"rendered":"https:\/\/www.markt-kom.com\/?p=221947"},"modified":"2024-11-08T12:34:39","modified_gmt":"2024-11-08T11:34:39","slug":"saskia-von-moos-ist-cmo-of-the-year-2024","status":"publish","type":"post","link":"https:\/\/www.organisator.ch\/it\/marketing\/2024-08-22\/saskia-von-moos-ist-cmo-of-the-year-2024\/","title":{"rendered":"Saskia von Moos \u00e8 il \"CMO dell'anno\" 2024"},"content":{"rendered":"<figure id=\"attachment_221954\" class=\"wp-caption alignnone\" style=\"width: 1400px\" aria-describedby=\"caption-attachment-221954\"><img class=\"alignnone wp-image-221954 size-full\" src=\"https:\/\/www.markt-kom.com\/wp-content\/uploads\/2024\/08\/IMG_4228-scaled.jpg\" alt=\"Saskia von Moos\" width=\"1400\" height=\"788\" \/>\r\n<figcaption id=\"caption-attachment-221954\" class=\"wp-caption-text\">Saskia von Moos accetta il premio CMO OF THE YEAR da Vanessa Meier.<\/figcaption>\r\n<\/figure>\r\n<p>Negli ultimi anni il marketing ha assunto un'importanza sempre maggiore, soprattutto a causa di temi quali la digitalizzazione, la sostenibilit\u00e0 e la significativit\u00e0 dei prodotti. Il premio \"CMO dell'anno\" riconosce il Chief Marketing Officer dell'economia svizzera. I candidati sono persone che si impegnano particolarmente per il loro marchio, si concentrano sui clienti e sulle loro esigenze, dimostrano lungimiranza nel campo della sostenibilit\u00e0 e sono un modello di comportamento come manager. Sono persone che escono dalla loro zona di comfort, creano qualcosa di nuovo e generano un reale valore aggiunto per l'azienda e i consumatori.<\/p>\r\n<p>Quest'anno la giuria ha inviato <a href=\"https:\/\/www.markt-kom.com\/de\/markom\/awards\/mut-und-emotionen-spielen-eine-grosse-rolle-josephine-chamoulaud-im-interview\/\" rel=\"noopener\">Jos\u00e9phine Chamoulaud da Smile<\/a>, <a href=\"https:\/\/www.markt-kom.com\/de\/markom\/awards\/swissquote-ist-wie-ein-aufzug-nach-oben-jan-de-schepper-im-interview\/\" rel=\"noopener\">Jan De Schepper di Swissquote<\/a>, <a href=\"https:\/\/www.markt-kom.com\/markom\/awards\/wenn-man-zu-den-besten-gehoeren-will-ist-ein-gutes-team-entscheidend-christian-gut\/\" rel=\"noopener\">Christian Gut di St\u00f6ckli Swiss Sports<\/a>, <a href=\"https:\/\/www.markt-kom.com\/markom\/awards\/arent-gut-feelings-the-start-of-everything-in-marketing-nathalie-noel-im-interview\/\" rel=\"noopener\">Nathalie No\u00ebl di V-Zug<\/a> e <a href=\"https:\/\/www.markt-kom.com\/markom\/awards\/bauchgefuehl-spielt-bei-uns-eine-riesige-rolle-saskia-von-moos-im-interview\/\" rel=\"noopener\">Saskia von Moos di Intelligentfood Svizzera<\/a>. Saskia von Moos ha vinto il premio \"CMO dell'anno\" contro i suoi forti concorrenti.<\/p>\r\n<h3><strong>Responsabile marketing di successo<\/strong><\/h3>\r\n<p>Vincere il titolo di \"CMO dell'anno\" fa parte della storia di successo personale di Saskia von Moos: lavora presso Intelligentfood Svizzera da circa dieci anni e dal 2018 \u00e8 responsabile del marketing e dell'innovazione di prodotto. Sotto la sua guida, il marchio El Tony Mate si \u00e8 affermato sul mercato e ha scatenato un vero e proprio hype per le bevande a base di mate. \"Il nostro obiettivo era quello di rivoluzionare il mercato delle bevande energetiche\", afferma la von Moos. La sua passione e la sua forza innovativa hanno giocato un ruolo fondamentale nell'affermare El Tony Mate come il marchio pi\u00f9 dinamico. L'azienda svizzera di intelligentfood ha gi\u00e0 vinto due volte il titolo di \"Marchio dell'anno\".<\/p>\r\n<p><img class=\"alignnone size-full wp-image-221960\" src=\"https:\/\/www.markt-kom.com\/wp-content\/uploads\/2024\/08\/EVENT_CMO_d9a4896-1-scaled.jpg\" alt=\"\" width=\"933\" height=\"1400\" \/><\/p>\r\n<figure id=\"attachment_221955\" class=\"wp-caption alignnone\" style=\"width: 750px\" aria-describedby=\"caption-attachment-221955\"><img class=\"wp-image-221955 size-full\" src=\"https:\/\/www.markt-kom.com\/wp-content\/uploads\/2024\/08\/EVENT_CMO_dsf0415-scaled.jpg\" alt=\"\" width=\"750\" height=\"1000\" \/>\r\n<figcaption id=\"caption-attachment-221955\" class=\"wp-caption-text\">Frank Zelger, CEO di Admeira, ha pronunciato il discorso elogiativo per Saskia von Moos (a sinistra). Vanessa Meier (a destra) ha condotto la serata in modo affascinante.<\/figcaption>\r\n<\/figure>\r\n<p>La cerimonia di premiazione si \u00e8 svolta gioved\u00ec sera in occasione di un'esclusiva cena di gala presso la Papiersaal di Zurigo. La serata \u00e8 stata condotta dalla presentatrice Vanessa Meier. Gli ospiti hanno avuto l'opportunit\u00e0 di scoprire le interessanti intuizioni di Sven Labenz di Serviceplan Culture e dell'esperta di calcio ed ex giocatrice della nazionale Rachel Rinast sul tema \"Oltre la pubblicit\u00e0: l'influenza del marketing culturale sulla fedelt\u00e0 al marchio\".<\/p>\r\n<p><img class=\"alignnone size-full wp-image-221956\" src=\"https:\/\/www.markt-kom.com\/wp-content\/uploads\/2024\/08\/EVENT_CMO_d9a4875-scaled.jpg\" alt=\"\" width=\"1400\" height=\"933\" \/><\/p>\r\n<p><img class=\"alignnone size-full wp-image-221958\" src=\"https:\/\/www.markt-kom.com\/wp-content\/uploads\/2024\/08\/EVENT_CMO_d9a4891-scaled.jpg\" alt=\"\" width=\"1400\" height=\"933\" \/><\/p>\r\n<hr \/>\r\n<p><em>Il <a href=\"https:\/\/www.cmo-of-the-year.com\/de.html\">CMO dell'anno<\/a> \u00e8 un'iniziativa di Serviceplan Group Svizzera in collaborazione con Admeira, APG, Meta, m&amp;k, Pers\u00f6nlich e l'Universit\u00e0 di San Gallo. Una giuria composta da 23 personalit\u00e0 provenienti dai settori della gestione aziendale, del marketing, della ricerca, dei media, della consulenza sulle risorse umane e dell'insegnamento nomina i potenziali candidati. I candidati vengono analizzati e valutati dall'Istituto di Marketing e Consumer Insight dell'Universit\u00e0 di San Gallo. Sulla base del lavoro dell'Universit\u00e0 di San Gallo, un massimo di sei candidati sar\u00e0 selezionato per il premio.<\/em><\/p>","protected":false},"excerpt":{"rendered":"<p>Saskia von Moos, CMO di Intelligentfood, \u00e8 stata nominata \"CMO dell'anno\" 2024 gioved\u00ec sera. Il premio premia i Chief Marketing Officer che guidano i marchi e realizzano grandi cose con un impegno eccezionale. E con la bevanda energetica \"El Tony Mate\", i responsabili hanno scatenato un vero e proprio hype per il mate in Svizzera.<\/p>","protected":false},"author":8,"featured_media":0,"comment_status":"closed","ping_status":"closed","sticky":false,"template":"","format":"standard","meta":{"_acf_changed":false,"_yoast_wpseo_focuskw":"Saskia von Moos","_yoast_wpseo_metadesc":"Saskia von Moos gewinnt den Titel CMO of the Year 2024 f\u00fcr herausragende Leistungen im Marketing und Innovationskraft.","articlekey":"","footnotes":""},"categories":[29],"tags":[66,3733],"class_list":["post-29254","post","type-post","status-publish","format-standard","hentry","category-marketing","tag-awards","tag-cmo-of-the-year"],"acf":[],"yoast_head":"<!-- This site is optimized with the Yoast SEO plugin v27.5 - https:\/\/yoast.com\/product\/yoast-seo-wordpress\/ -->\n<title>Saskia von Moos ist \u00abCMO of the Year\u00bb 2024 - Organisator<\/title>\n<meta name=\"description\" content=\"Saskia von Moos gewinnt den Titel CMO of the Year 2024 f\u00fcr herausragende Leistungen im Marketing und Innovationskraft.\" \/>\n<meta name=\"robots\" content=\"index, follow, max-snippet:-1, max-image-preview:large, max-video-preview:-1\" \/>\n<link rel=\"canonical\" href=\"https:\/\/www.organisator.ch\/it\/marketing\/2024-08-22\/saskia-von-moos-ist-cmo-of-the-year-2024\/\" \/>\n<meta property=\"og:locale\" content=\"it_IT\" \/>\n<meta property=\"og:type\" content=\"article\" \/>\n<meta property=\"og:title\" content=\"Saskia von Moos ist \u00abCMO of the Year\u00bb 2024 - Organisator\" \/>\n<meta property=\"og:description\" content=\"Saskia von Moos gewinnt den Titel CMO of the Year 2024 f\u00fcr herausragende Leistungen im Marketing und Innovationskraft.\" \/>\n<meta property=\"og:url\" content=\"https:\/\/www.organisator.ch\/it\/marketing\/2024-08-22\/saskia-von-moos-ist-cmo-of-the-year-2024\/\" \/>\n<meta property=\"og:site_name\" content=\"Organisator\" \/>\n<meta property=\"article:publisher\" content=\"https:\/\/www.facebook.com\/OrganisatorFachmagazin\" \/>\n<meta property=\"article:published_time\" content=\"2024-08-22T21:00:43+00:00\" \/>\n<meta property=\"article:modified_time\" content=\"2024-11-08T11:34:39+00:00\" \/>\n<meta property=\"og:image\" content=\"https:\/\/www.markt-kom.com\/wp-content\/uploads\/2024\/08\/IMG_4228-scaled.jpg\" \/>\n<meta name=\"author\" content=\"galledia\" \/>\n<meta name=\"twitter:card\" content=\"summary_large_image\" \/>\n<meta name=\"twitter:creator\" content=\"@admin\" \/>\n<script type=\"application\/ld+json\" class=\"yoast-schema-graph\">{\"@context\":\"https:\\\/\\\/schema.org\",\"@graph\":[{\"@type\":\"Article\",\"@id\":\"https:\\\/\\\/www.organisator.ch\\\/marketing\\\/2024-08-22\\\/saskia-von-moos-ist-cmo-of-the-year-2024\\\/#article\",\"isPartOf\":{\"@id\":\"https:\\\/\\\/www.organisator.ch\\\/marketing\\\/2024-08-22\\\/saskia-von-moos-ist-cmo-of-the-year-2024\\\/\"},\"author\":{\"name\":\"galledia\",\"@id\":\"https:\\\/\\\/www.organisator.ch\\\/#\\\/schema\\\/person\\\/4e51799071cd2dd1232ac003643ef5f0\"},\"headline\":\"Saskia von Moos ist \u00abCMO of the Year\u00bb 2024\",\"datePublished\":\"2024-08-22T21:00:43+00:00\",\"dateModified\":\"2024-11-08T11:34:39+00:00\",\"mainEntityOfPage\":{\"@id\":\"https:\\\/\\\/www.organisator.ch\\\/marketing\\\/2024-08-22\\\/saskia-von-moos-ist-cmo-of-the-year-2024\\\/\"},\"wordCount\":448,\"publisher\":{\"@id\":\"https:\\\/\\\/www.organisator.ch\\\/#organization\"},\"image\":{\"@id\":\"https:\\\/\\\/www.organisator.ch\\\/marketing\\\/2024-08-22\\\/saskia-von-moos-ist-cmo-of-the-year-2024\\\/#primaryimage\"},\"thumbnailUrl\":\"https:\\\/\\\/www.markt-kom.com\\\/wp-content\\\/uploads\\\/2024\\\/08\\\/IMG_4228-scaled.jpg\",\"keywords\":[\"Awards\",\"CMO of the year\"],\"articleSection\":[\"MARKETING\"],\"inLanguage\":\"it-IT\"},{\"@type\":\"WebPage\",\"@id\":\"https:\\\/\\\/www.organisator.ch\\\/marketing\\\/2024-08-22\\\/saskia-von-moos-ist-cmo-of-the-year-2024\\\/\",\"url\":\"https:\\\/\\\/www.organisator.ch\\\/marketing\\\/2024-08-22\\\/saskia-von-moos-ist-cmo-of-the-year-2024\\\/\",\"name\":\"Saskia von Moos ist \u00abCMO of the Year\u00bb 2024 - Organisator\",\"isPartOf\":{\"@id\":\"https:\\\/\\\/www.organisator.ch\\\/#website\"},\"primaryImageOfPage\":{\"@id\":\"https:\\\/\\\/www.organisator.ch\\\/marketing\\\/2024-08-22\\\/saskia-von-moos-ist-cmo-of-the-year-2024\\\/#primaryimage\"},\"image\":{\"@id\":\"https:\\\/\\\/www.organisator.ch\\\/marketing\\\/2024-08-22\\\/saskia-von-moos-ist-cmo-of-the-year-2024\\\/#primaryimage\"},\"thumbnailUrl\":\"https:\\\/\\\/www.markt-kom.com\\\/wp-content\\\/uploads\\\/2024\\\/08\\\/IMG_4228-scaled.jpg\",\"datePublished\":\"2024-08-22T21:00:43+00:00\",\"dateModified\":\"2024-11-08T11:34:39+00:00\",\"description\":\"Saskia von Moos gewinnt den Titel CMO of the Year 2024 f\u00fcr herausragende Leistungen im Marketing und Innovationskraft.\",\"breadcrumb\":{\"@id\":\"https:\\\/\\\/www.organisator.ch\\\/marketing\\\/2024-08-22\\\/saskia-von-moos-ist-cmo-of-the-year-2024\\\/#breadcrumb\"},\"inLanguage\":\"it-IT\",\"potentialAction\":[{\"@type\":\"ReadAction\",\"target\":[\"https:\\\/\\\/www.organisator.ch\\\/marketing\\\/2024-08-22\\\/saskia-von-moos-ist-cmo-of-the-year-2024\\\/\"]}]},{\"@type\":\"ImageObject\",\"inLanguage\":\"it-IT\",\"@id\":\"https:\\\/\\\/www.organisator.ch\\\/marketing\\\/2024-08-22\\\/saskia-von-moos-ist-cmo-of-the-year-2024\\\/#primaryimage\",\"url\":\"https:\\\/\\\/www.markt-kom.com\\\/wp-content\\\/uploads\\\/2024\\\/08\\\/IMG_4228-scaled.jpg\",\"contentUrl\":\"https:\\\/\\\/www.markt-kom.com\\\/wp-content\\\/uploads\\\/2024\\\/08\\\/IMG_4228-scaled.jpg\"},{\"@type\":\"BreadcrumbList\",\"@id\":\"https:\\\/\\\/www.organisator.ch\\\/marketing\\\/2024-08-22\\\/saskia-von-moos-ist-cmo-of-the-year-2024\\\/#breadcrumb\",\"itemListElement\":[{\"@type\":\"ListItem\",\"position\":1,\"name\":\"Home\",\"item\":\"https:\\\/\\\/www.organisator.ch\\\/\"},{\"@type\":\"ListItem\",\"position\":2,\"name\":\"Saskia von Moos ist \u00abCMO of the Year\u00bb 2024\"}]},{\"@type\":\"WebSite\",\"@id\":\"https:\\\/\\\/www.organisator.ch\\\/#website\",\"url\":\"https:\\\/\\\/www.organisator.ch\\\/\",\"name\":\"Organisator\",\"description\":\"Kompetent. Praxisnah. Der ORGANISATOR bereitet in 10 Ausgaben pro Jahr die wesentlichen Themen f\u00fcr F\u00fchrungskr\u00e4fte von KMU auf.\",\"publisher\":{\"@id\":\"https:\\\/\\\/www.organisator.ch\\\/#organization\"},\"potentialAction\":[{\"@type\":\"SearchAction\",\"target\":{\"@type\":\"EntryPoint\",\"urlTemplate\":\"https:\\\/\\\/www.organisator.ch\\\/?s={search_term_string}\"},\"query-input\":{\"@type\":\"PropertyValueSpecification\",\"valueRequired\":true,\"valueName\":\"search_term_string\"}}],\"inLanguage\":\"it-IT\"},{\"@type\":\"Organization\",\"@id\":\"https:\\\/\\\/www.organisator.ch\\\/#organization\",\"name\":\"Organisator\",\"url\":\"https:\\\/\\\/www.organisator.ch\\\/\",\"logo\":{\"@type\":\"ImageObject\",\"inLanguage\":\"it-IT\",\"@id\":\"https:\\\/\\\/www.organisator.ch\\\/#\\\/schema\\\/logo\\\/image\\\/\",\"url\":\"https:\\\/\\\/www.organisator.ch\\\/wp-content\\\/uploads\\\/2022\\\/01\\\/Logo_Organisator_Website.png\",\"contentUrl\":\"https:\\\/\\\/www.organisator.ch\\\/wp-content\\\/uploads\\\/2022\\\/01\\\/Logo_Organisator_Website.png\",\"width\":800,\"height\":77,\"caption\":\"Organisator\"},\"image\":{\"@id\":\"https:\\\/\\\/www.organisator.ch\\\/#\\\/schema\\\/logo\\\/image\\\/\"},\"sameAs\":[\"https:\\\/\\\/www.facebook.com\\\/OrganisatorFachmagazin\",\"https:\\\/\\\/www.linkedin.com\\\/showcase\\\/organisator-das-magazin-fr-kmu\",\"https:\\\/\\\/www.xing.com\\\/news\\\/pages\\\/organisator-ch-695\",\"https:\\\/\\\/www.youtube.com\\\/channel\\\/UCGP2Sq0iWaZwT3BdIAQFYpw\"]},{\"@type\":\"Person\",\"@id\":\"https:\\\/\\\/www.organisator.ch\\\/#\\\/schema\\\/person\\\/4e51799071cd2dd1232ac003643ef5f0\",\"name\":\"galledia\",\"image\":{\"@type\":\"ImageObject\",\"inLanguage\":\"it-IT\",\"@id\":\"https:\\\/\\\/secure.gravatar.com\\\/avatar\\\/78a7f90c01fc2bfc875782a0d4922b37cde2cf184ce347b91316d23cd7f69a36?s=96&d=mm&r=g\",\"url\":\"https:\\\/\\\/secure.gravatar.com\\\/avatar\\\/78a7f90c01fc2bfc875782a0d4922b37cde2cf184ce347b91316d23cd7f69a36?s=96&d=mm&r=g\",\"contentUrl\":\"https:\\\/\\\/secure.gravatar.com\\\/avatar\\\/78a7f90c01fc2bfc875782a0d4922b37cde2cf184ce347b91316d23cd7f69a36?s=96&d=mm&r=g\",\"caption\":\"galledia\"},\"sameAs\":[\"https:\\\/\\\/x.com\\\/admin\"],\"url\":\"https:\\\/\\\/www.organisator.ch\\\/it\\\/author\\\/galledia\\\/\"}]}<\/script>\n<!-- \/ Yoast SEO plugin. -->","yoast_head_json":{"title":"Saskia von Moos \u00e8 il \"CMO dell'anno\" 2024 - Organizzatore","description":"Saskia von Moos si aggiudica il titolo di CMO dell'anno 2024 per gli eccezionali risultati ottenuti nel marketing e nell'innovazione.","robots":{"index":"index","follow":"follow","max-snippet":"max-snippet:-1","max-image-preview":"max-image-preview:large","max-video-preview":"max-video-preview:-1"},"canonical":"https:\/\/www.organisator.ch\/it\/marketing\/2024-08-22\/saskia-von-moos-ist-cmo-of-the-year-2024\/","og_locale":"it_IT","og_type":"article","og_title":"Saskia von Moos ist \u00abCMO of the Year\u00bb 2024 - Organisator","og_description":"Saskia von Moos gewinnt den Titel CMO of the Year 2024 f\u00fcr herausragende Leistungen im Marketing und Innovationskraft.","og_url":"https:\/\/www.organisator.ch\/it\/marketing\/2024-08-22\/saskia-von-moos-ist-cmo-of-the-year-2024\/","og_site_name":"Organisator","article_publisher":"https:\/\/www.facebook.com\/OrganisatorFachmagazin","article_published_time":"2024-08-22T21:00:43+00:00","article_modified_time":"2024-11-08T11:34:39+00:00","og_image":[{"url":"https:\/\/www.markt-kom.com\/wp-content\/uploads\/2024\/08\/IMG_4228-scaled.jpg","type":"","width":"","height":""}],"author":"galledia","twitter_card":"summary_large_image","twitter_creator":"@admin","schema":{"@context":"https:\/\/schema.org","@graph":[{"@type":"Article","@id":"https:\/\/www.organisator.ch\/marketing\/2024-08-22\/saskia-von-moos-ist-cmo-of-the-year-2024\/#article","isPartOf":{"@id":"https:\/\/www.organisator.ch\/marketing\/2024-08-22\/saskia-von-moos-ist-cmo-of-the-year-2024\/"},"author":{"name":"galledia","@id":"https:\/\/www.organisator.ch\/#\/schema\/person\/4e51799071cd2dd1232ac003643ef5f0"},"headline":"Saskia von Moos ist \u00abCMO of the Year\u00bb 2024","datePublished":"2024-08-22T21:00:43+00:00","dateModified":"2024-11-08T11:34:39+00:00","mainEntityOfPage":{"@id":"https:\/\/www.organisator.ch\/marketing\/2024-08-22\/saskia-von-moos-ist-cmo-of-the-year-2024\/"},"wordCount":448,"publisher":{"@id":"https:\/\/www.organisator.ch\/#organization"},"image":{"@id":"https:\/\/www.organisator.ch\/marketing\/2024-08-22\/saskia-von-moos-ist-cmo-of-the-year-2024\/#primaryimage"},"thumbnailUrl":"https:\/\/www.markt-kom.com\/wp-content\/uploads\/2024\/08\/IMG_4228-scaled.jpg","keywords":["Awards","CMO of the year"],"articleSection":["MARKETING"],"inLanguage":"it-IT"},{"@type":"WebPage","@id":"https:\/\/www.organisator.ch\/marketing\/2024-08-22\/saskia-von-moos-ist-cmo-of-the-year-2024\/","url":"https:\/\/www.organisator.ch\/marketing\/2024-08-22\/saskia-von-moos-ist-cmo-of-the-year-2024\/","name":"Saskia von Moos \u00e8 il \"CMO dell'anno\" 2024 - Organizzatore","isPartOf":{"@id":"https:\/\/www.organisator.ch\/#website"},"primaryImageOfPage":{"@id":"https:\/\/www.organisator.ch\/marketing\/2024-08-22\/saskia-von-moos-ist-cmo-of-the-year-2024\/#primaryimage"},"image":{"@id":"https:\/\/www.organisator.ch\/marketing\/2024-08-22\/saskia-von-moos-ist-cmo-of-the-year-2024\/#primaryimage"},"thumbnailUrl":"https:\/\/www.markt-kom.com\/wp-content\/uploads\/2024\/08\/IMG_4228-scaled.jpg","datePublished":"2024-08-22T21:00:43+00:00","dateModified":"2024-11-08T11:34:39+00:00","description":"Saskia von Moos si aggiudica il titolo di CMO dell'anno 2024 per gli eccezionali risultati ottenuti nel marketing e nell'innovazione.","breadcrumb":{"@id":"https:\/\/www.organisator.ch\/marketing\/2024-08-22\/saskia-von-moos-ist-cmo-of-the-year-2024\/#breadcrumb"},"inLanguage":"it-IT","potentialAction":[{"@type":"ReadAction","target":["https:\/\/www.organisator.ch\/marketing\/2024-08-22\/saskia-von-moos-ist-cmo-of-the-year-2024\/"]}]},{"@type":"ImageObject","inLanguage":"it-IT","@id":"https:\/\/www.organisator.ch\/marketing\/2024-08-22\/saskia-von-moos-ist-cmo-of-the-year-2024\/#primaryimage","url":"https:\/\/www.markt-kom.com\/wp-content\/uploads\/2024\/08\/IMG_4228-scaled.jpg","contentUrl":"https:\/\/www.markt-kom.com\/wp-content\/uploads\/2024\/08\/IMG_4228-scaled.jpg"},{"@type":"BreadcrumbList","@id":"https:\/\/www.organisator.ch\/marketing\/2024-08-22\/saskia-von-moos-ist-cmo-of-the-year-2024\/#breadcrumb","itemListElement":[{"@type":"ListItem","position":1,"name":"Home","item":"https:\/\/www.organisator.ch\/"},{"@type":"ListItem","position":2,"name":"Saskia von Moos ist \u00abCMO of the Year\u00bb 2024"}]},{"@type":"WebSite","@id":"https:\/\/www.organisator.ch\/#website","url":"https:\/\/www.organisator.ch\/","name":"Organizzatore","description":"Competente. Pratico. In 10 numeri all'anno, ORGANISATOR presenta i temi essenziali per i manager delle PMI.","publisher":{"@id":"https:\/\/www.organisator.ch\/#organization"},"potentialAction":[{"@type":"SearchAction","target":{"@type":"EntryPoint","urlTemplate":"https:\/\/www.organisator.ch\/?s={search_term_string}"},"query-input":{"@type":"PropertyValueSpecification","valueRequired":true,"valueName":"search_term_string"}}],"inLanguage":"it-IT"},{"@type":"Organization","@id":"https:\/\/www.organisator.ch\/#organization","name":"Organizzatore","url":"https:\/\/www.organisator.ch\/","logo":{"@type":"ImageObject","inLanguage":"it-IT","@id":"https:\/\/www.organisator.ch\/#\/schema\/logo\/image\/","url":"https:\/\/www.organisator.ch\/wp-content\/uploads\/2022\/01\/Logo_Organisator_Website.png","contentUrl":"https:\/\/www.organisator.ch\/wp-content\/uploads\/2022\/01\/Logo_Organisator_Website.png","width":800,"height":77,"caption":"Organisator"},"image":{"@id":"https:\/\/www.organisator.ch\/#\/schema\/logo\/image\/"},"sameAs":["https:\/\/www.facebook.com\/OrganisatorFachmagazin","https:\/\/www.linkedin.com\/showcase\/organisator-das-magazin-fr-kmu","https:\/\/www.xing.com\/news\/pages\/organisator-ch-695","https:\/\/www.youtube.com\/channel\/UCGP2Sq0iWaZwT3BdIAQFYpw"]},{"@type":"Person","@id":"https:\/\/www.organisator.ch\/#\/schema\/person\/4e51799071cd2dd1232ac003643ef5f0","name":"galledia","image":{"@type":"ImageObject","inLanguage":"it-IT","@id":"https:\/\/secure.gravatar.com\/avatar\/78a7f90c01fc2bfc875782a0d4922b37cde2cf184ce347b91316d23cd7f69a36?s=96&d=mm&r=g","url":"https:\/\/secure.gravatar.com\/avatar\/78a7f90c01fc2bfc875782a0d4922b37cde2cf184ce347b91316d23cd7f69a36?s=96&d=mm&r=g","contentUrl":"https:\/\/secure.gravatar.com\/avatar\/78a7f90c01fc2bfc875782a0d4922b37cde2cf184ce347b91316d23cd7f69a36?s=96&d=mm&r=g","caption":"galledia"},"sameAs":["https:\/\/x.com\/admin"],"url":"https:\/\/www.organisator.ch\/it\/author\/galledia\/"}]}},"_links":{"self":[{"href":"https:\/\/www.organisator.ch\/it\/wp-json\/wp\/v2\/posts\/29254","targetHints":{"allow":["GET"]}}],"collection":[{"href":"https:\/\/www.organisator.ch\/it\/wp-json\/wp\/v2\/posts"}],"about":[{"href":"https:\/\/www.organisator.ch\/it\/wp-json\/wp\/v2\/types\/post"}],"author":[{"embeddable":true,"href":"https:\/\/www.organisator.ch\/it\/wp-json\/wp\/v2\/users\/8"}],"replies":[{"embeddable":true,"href":"https:\/\/www.organisator.ch\/it\/wp-json\/wp\/v2\/comments?post=29254"}],"version-history":[{"count":8,"href":"https:\/\/www.organisator.ch\/it\/wp-json\/wp\/v2\/posts\/29254\/revisions"}],"predecessor-version":[{"id":32021,"href":"https:\/\/www.organisator.ch\/it\/wp-json\/wp\/v2\/posts\/29254\/revisions\/32021"}],"wp:attachment":[{"href":"https:\/\/www.organisator.ch\/it\/wp-json\/wp\/v2\/media?parent=29254"}],"wp:term":[{"taxonomy":"category","embeddable":true,"href":"https:\/\/www.organisator.ch\/it\/wp-json\/wp\/v2\/categories?post=29254"},{"taxonomy":"post_tag","embeddable":true,"href":"https:\/\/www.organisator.ch\/it\/wp-json\/wp\/v2\/tags?post=29254"}],"curies":[{"name":"wp","href":"https:\/\/api.w.org\/{rel}","templated":true}]}}