{"id":29268,"date":"2024-08-26T06:46:29","date_gmt":"2024-08-26T04:46:29","guid":{"rendered":"https:\/\/www.organisator.ch\/?p=29268"},"modified":"2024-08-23T10:46:57","modified_gmt":"2024-08-23T08:46:57","slug":"flotter-wiedereinstieg-nach-dem-urlaub-10-praktische-tipps","status":"publish","type":"post","link":"https:\/\/www.organisator.ch\/it\/human-resources\/2024-08-26\/flotter-wiedereinstieg-nach-dem-urlaub-10-praktische-tipps\/","title":{"rendered":"Ritornare rapidamente al lavoro dopo le vacanze: 10 consigli pratici"},"content":{"rendered":"<figure id=\"attachment_29270\" aria-describedby=\"caption-attachment-29270\" style=\"width: 680px\" class=\"wp-caption alignnone\"><img loading=\"lazy\" decoding=\"async\" class=\"size-full wp-image-29270\" src=\"https:\/\/www.organisator.ch\/wp-content\/uploads\/2024\/08\/Robert-Walters_Bild1_ps-1.jpg\" alt=\"\" width=\"680\" height=\"476\" srcset=\"https:\/\/www.organisator.ch\/wp-content\/uploads\/2024\/08\/Robert-Walters_Bild1_ps-1.jpg 680w, https:\/\/www.organisator.ch\/wp-content\/uploads\/2024\/08\/Robert-Walters_Bild1_ps-1-18x12.jpg 18w, https:\/\/www.organisator.ch\/wp-content\/uploads\/2024\/08\/Robert-Walters_Bild1_ps-1-375x263.jpg 375w, https:\/\/www.organisator.ch\/wp-content\/uploads\/2024\/08\/Robert-Walters_Bild1_ps-1-500x350.jpg 500w\" sizes=\"auto, (max-width: 680px) 100vw, 680px\" \/><figcaption id=\"caption-attachment-29270\" class=\"wp-caption-text\">Il primo giorno di lavoro non \u00e8 il momento giusto per svuotare la cassetta delle lettere. (Immagine: www.depositphotos.com)<\/figcaption><\/figure>\n<ol>\n<li><strong>Iniziate la mattina ben preparati\u00a0 \u00a0<\/strong><\/li>\n<\/ol>\n<p>Doversi alzare di nuovo presto \u00e8 gi\u00e0 abbastanza difficile. Preparate la tavola per la colazione la sera prima e scegliete il vostro abbigliamento in anticipo. In questo modo eviterete lo stress prima ancora di partire per il lavoro. Viaggiate in auto? Allora partite per tempo, perch\u00e9 non si sa mai se ci saranno ingorghi. Se potete lavorare da casa, il primo giorno \u00e8 sicuramente consigliabile. In questo modo, tutto \u00e8 un po' pi\u00f9 tranquillo.\u00a0\u00a0\u00a0<\/p>\n<ol start=\"2\">\n<li><strong>Iniziare con una scrivania ordinata\u00a0\u00a0\u00a0<\/strong><\/li>\n<\/ol>\n<p>Se sulla scrivania c'\u00e8 ancora del disordine perch\u00e9 non avete avuto il tempo o la voglia di farlo prima delle vacanze, riordinatelo prima. Controllate la posta e gli oggetti che erano sulla scrivania mentre eravate via. Prima di tornare in aereo, date un'occhiata all'agenda. Cosa c'\u00e8 in programma per i prossimi giorni? Questo vi aiuter\u00e0 a non perdere le scadenze nella prima settimana.\u00a0\u00a0\u00a0\u00a0<\/p>\n<ol start=\"3\">\n<li><strong>Incontrare i colleghi\u00a0\u00a0\u00a0<\/strong><\/li>\n<\/ol>\n<p>Mentre voi vi godevate le vacanze, i vostri colleghi erano senza dubbio molto impegnati. Chiedete loro cosa \u00e8 successo in ufficio nel frattempo. Ci sono novit\u00e0 su quel file? Il tempo \u00e8 stato bello anche qui? Se anche loro non sono stati in ufficio, potete chiedere loro cosa hanno fatto. Prendetevi il tempo necessario per recuperare i rapporti con tutti, in modo da rendere pi\u00f9 facile il passaggio dalle vacanze al lavoro.\u00a0\u00a0\u00a0\u00a0<\/p>\n<ol start=\"4\">\n<li><strong>Usate saggiamente la vostra cassetta delle lettere troppo piena\u00a0\u00a0<\/strong><\/li>\n<\/ol>\n<p>Il primo giorno di lavoro non \u00e8 il momento giusto per svuotare la cassetta delle lettere. Probabilmente sar\u00e0 troppo piena. Create tre etichette per risolvere il problema. Ad esempio, rosso per \"urgente\", blu per \"meno urgente\" e verde per \"probabilmente posso cancellare\".\u00a0\u00a0\u00a0<\/p>\n<p>Quindi etichettate le vostre e-mail guardando solo l'oggetto. Una volta fatto questo, iniziate a lavorare sulle \"mail rosse\" e lasciate da parte le altre finch\u00e9 non le avrete aggiornate. Se un'e-mail \u00e8 urgente, il mittente probabilmente invier\u00e0 un promemoria.\u00a0\u00a0\u00a0<\/p>\n<ol start=\"5\">\n<li><strong>Non scorrere le e-mail in ordine cronologico\u00a0<\/strong><\/li>\n<\/ol>\n<p>Sembra logico iniziare rispondendo alle e-mail pi\u00f9 vecchie. Tuttavia, questo non \u00e8 efficiente. Dopo tutto, potreste rispondere a una domanda che \u00e8 gi\u00e0 stata risposta dieci e-mail dopo da un collega (che non era in vacanza).\u00a0\u00a0\u00a0<\/p>\n<p>Evitate le e-mail inutili del tipo \"scusa, ho appena visto che il mio collega ha gi\u00e0 risposto alla tua domanda\" e iniziate dall'inizio della vostra casella di posta. In questo modo potrete cancellare alcune vecchie e-mail perch\u00e9 sono gi\u00e0 state risolte. Inoltre, alcuni avranno memorizzato le date di uscita dall'ufficio, il che significa che le loro e-mail saranno in cima alla vostra casella di posta.\u00a0\u00a0\u00a0<\/p>\n<ol start=\"6\">\n<li><strong>Scegliere la qualit\u00e0 piuttosto che la quantit\u00e0\u00a0\u00a0\u00a0<\/strong><\/li>\n<\/ol>\n<p>Non esagerate con le e-mail. Cercare di rispondere a tutti nel pi\u00f9 breve tempo possibile a volte pu\u00f2 risultare sbagliato. Se leggete troppo velocemente e vi sfugge una domanda particolare, potete aspettarvi un'altra e-mail con la stessa domanda. Un'altra e-mail nella pila dei messaggi non letti che avreste potuto evitare. Pertanto, prendetevi il tempo necessario per leggere completamente un messaggio.\u00a0\u00a0\u00a0\u00a0<\/p>\n<ol start=\"7\">\n<li><strong>Creare un elenco di cose da fare\u00a0\u00a0\u00a0<\/strong><\/li>\n<\/ol>\n<p>Ora che sapete quali sono gli appuntamenti dei prossimi giorni e avete controllato la casella di posta elettronica, \u00e8 bene creare una lista di cose da fare. Prendete un foglio di carta o un foglio digitale e scrivete tutti i vostri compiti. Date loro una priorit\u00e0 o fissate una scadenza. Poi decidete quali compiti dovete svolgere oggi e quali pi\u00f9 avanti nella settimana. Ma non prendete subito troppe cose: ci vuole un po' di tempo per riprendere il ritmo delle cose. Iniziate quindi con le piccole cose.\u00a0\u00a0\u00a0<\/p>\n<ol start=\"8\">\n<li><strong>Rimandare le riunioni non urgenti\u00a0\u00a0\u00a0<\/strong><\/li>\n<\/ol>\n<p>Avete una lunga lista di cose da fare e la vostra casella di posta \u00e8 piena di e-mail urgenti. \u00c8 logico che preferiate dedicare il vostro tempo a queste cose piuttosto che a una lunga riunione. Pertanto, cercate di rimandare le riunioni non urgenti alla fine della settimana.\u00a0\u00a0\u00a0<\/p>\n<ol start=\"9\">\n<li><strong>Seguire una dieta sana e fare esercizio fisico\u00a0\u00a0\u00a0<\/strong><\/li>\n<\/ol>\n<p>Portate con voi in ufficio uno spuntino e un pranzo sani per mantenere alti i livelli di energia. L'alimentazione gioca un ruolo importante per la concentrazione e la produttivit\u00e0. Evitate quindi gli snack zuccherati e optate per frutta, noci o yogurt. Programmate una breve passeggiata durante la pausa pranzo. L'esercizio fisico vi aiuter\u00e0 a rimanere vigili ed energici. L'aria fresca pu\u00f2 anche aiutarvi a schiarirvi le idee e a concentrarvi.\u00a0<\/p>\n<ol start=\"10\">\n<li><strong>Concedetevi una pausa\u00a0<\/strong><\/li>\n<\/ol>\n<p>Se pensate di poter lavorare per otto ore di fila dopo due settimane di vacanza, vi sbagliate. Non sprecate tutte le energie il primo giorno. Pi\u00f9 energia risparmiate oggi, pi\u00f9 calmo sar\u00e0 il resto della settimana. Non lavorate nemmeno fino a tarda sera: non ha senso esaurirsi il primo giorno.\u00a0\u00a0\u00a0<\/p>\n<p>Il primo giorno pu\u00f2 essere un po' caotico e senza dubbio sentirete la nostalgia di questa meravigliosa vacanza, ma prima di accorgervene tornerete al vostro ritmo abituale. Non avete voglia di tornare al lavoro? Allora forse \u00e8 il momento di pensare a un nuovo lavoro...\u00a0<\/p>\n<p><em>Fonte: <a href=\"https:\/\/u7061146.ct.sendgrid.net\/ls\/click?upn=u001.b00YhNV2Nr0-2BaZn7eVNAdUpwgVb96Xw3DoSd1B5AU3ZBWpVOsxG7wxbi3ZMNc-2F4rmQ9b_4jONtdJ4LK-2FbrRpX1xmCwNt72j2n1I4FY7ryu1dqlxGC3Ukfg4AKMBi2WbIwulBTrlCERxBoD207AylUAsxC22l6Zv-2Bp0drfWc9oNmN2CgRscph7BbZVRd0Z7VKHlz515Cpzs7w-2Br1JJNaSg7oGVyumVlwOyk8-2FtcfbqFg6clQjGfhNoUoUnT1vflVVOx9tgCssculm3JEvvhdUi4HO8yVI9Mb1Kqrid2gnMcgVrCxmvXzn8CInt0-2FFHDnmCbmm4y5o22U7s0GtW-2Fb1eSkmAWu-2ByykzV1hb-2BHE-2FNN5YK8QJRV40irizhcGyNCbS7q5jfY50-2B09Axj7xpJ1LY4c28waFz6jG23D2ZlQCsPDnIfc4-3D\">www.robertwalters.ch<\/a><\/em><\/p>","protected":false},"excerpt":{"rendered":"<p>I colleghi vanno e vengono dal lavoro durante i mesi estivi. Le meritate vacanze estive sono quasi finite e temete il ritorno in ufficio? Il recruiter svizzero Robert Walters ci svela 10 consigli per rendere il vostro rientro al lavoro un po' pi\u00f9 semplice.    <\/p>","protected":false},"author":58,"featured_media":29270,"comment_status":"closed","ping_status":"closed","sticky":false,"template":"","format":"standard","meta":{"_acf_changed":false,"_yoast_wpseo_focuskw":"Wiedereinstieg","_yoast_wpseo_metadesc":"Ist Ihr wohlverdienter Sommerurlaub fast vorbei und graut Ihnen vor der R\u00fcckkehr ins B\u00fcro? Der Schweizer Personalvermittler Robert Walters verr\u00e4t Ihnen 10 Tipps.","articlekey":"","footnotes":""},"categories":[579],"tags":[3506,4214,492,3842,4416],"class_list":["post-29268","post","type-post","status-publish","format-standard","has-post-thumbnail","hentry","category-human-resources","tag-human-resources","tag-tipps","tag-unternehmen","tag-urlaubszeit","tag-wiedereinstieg"],"acf":[],"yoast_head":"<!-- This site is optimized with the Yoast SEO plugin v27.4 - https:\/\/yoast.com\/product\/yoast-seo-wordpress\/ -->\n<title>Flotter Wiedereinstieg nach dem Urlaub: 10 praktische Tipps - Organisator<\/title>\n<meta name=\"description\" content=\"Ist Ihr wohlverdienter Sommerurlaub fast vorbei und graut Ihnen vor der R\u00fcckkehr ins B\u00fcro? Der Schweizer Personalvermittler Robert Walters verr\u00e4t Ihnen 10 Tipps.\" \/>\n<meta name=\"robots\" content=\"index, follow, max-snippet:-1, max-image-preview:large, max-video-preview:-1\" \/>\n<link rel=\"canonical\" href=\"https:\/\/www.organisator.ch\/it\/risorse-umane\/2024-08-26\/flotter-wiedereinstieg-nach-dem-urlaub-10-praktische-tipps\/\" \/>\n<meta property=\"og:locale\" content=\"it_IT\" \/>\n<meta property=\"og:type\" content=\"article\" \/>\n<meta property=\"og:title\" content=\"Flotter Wiedereinstieg nach dem Urlaub: 10 praktische Tipps\" \/>\n<meta property=\"og:description\" content=\"Ist Ihr wohlverdienter Sommerurlaub fast vorbei und graut Ihnen vor der R\u00fcckkehr ins B\u00fcro? Der Schweizer Personalvermittler Robert Walters verr\u00e4t Ihnen 10 Tipps.\" \/>\n<meta property=\"og:url\" content=\"https:\/\/www.organisator.ch\/it\/risorse-umane\/2024-08-26\/flotter-wiedereinstieg-nach-dem-urlaub-10-praktische-tipps\/\" \/>\n<meta property=\"og:site_name\" content=\"Organisator\" \/>\n<meta property=\"article:publisher\" content=\"https:\/\/www.facebook.com\/OrganisatorFachmagazin\" \/>\n<meta property=\"article:published_time\" content=\"2024-08-26T04:46:29+00:00\" \/>\n<meta property=\"og:image\" content=\"https:\/\/www.organisator.ch\/wp-content\/uploads\/2024\/08\/Robert-Walters_Bild1_ps-1.jpg\" \/>\n\t<meta property=\"og:image:width\" content=\"680\" \/>\n\t<meta property=\"og:image:height\" content=\"476\" \/>\n\t<meta property=\"og:image:type\" content=\"image\/jpeg\" \/>\n<meta name=\"author\" content=\"Adelisa Kalajdzini\" \/>\n<meta name=\"twitter:card\" content=\"summary_large_image\" \/>\n<meta name=\"twitter:title\" content=\"Flotter Wiedereinstieg nach dem Urlaub: 10 praktische Tipps\" \/>\n<meta name=\"twitter:description\" content=\"Ist Ihr wohlverdienter #Sommerurlaub fast vorbei und graut Ihnen vor der #R\u00fcckkehr ins #B\u00fcro? Der Schweizer Personalvermittler Robert Walters verr\u00e4t Ihnen 10 #Tipps.\" \/>\n<meta name=\"twitter:image\" content=\"https:\/\/www.organisator.ch\/wp-content\/uploads\/2024\/08\/Robert-Walters_Bild1_ps-1.jpg\" \/>\n<script type=\"application\/ld+json\" class=\"yoast-schema-graph\">{\"@context\":\"https:\\\/\\\/schema.org\",\"@graph\":[{\"@type\":\"Article\",\"@id\":\"https:\\\/\\\/www.organisator.ch\\\/human-resources\\\/2024-08-26\\\/flotter-wiedereinstieg-nach-dem-urlaub-10-praktische-tipps\\\/#article\",\"isPartOf\":{\"@id\":\"https:\\\/\\\/www.organisator.ch\\\/human-resources\\\/2024-08-26\\\/flotter-wiedereinstieg-nach-dem-urlaub-10-praktische-tipps\\\/\"},\"author\":{\"name\":\"Adelisa Kalajdzini\",\"@id\":\"https:\\\/\\\/www.organisator.ch\\\/#\\\/schema\\\/person\\\/2e1314a2172123f874db408d8911d3f3\"},\"headline\":\"Flotter Wiedereinstieg nach dem Urlaub: 10 praktische Tipps\",\"datePublished\":\"2024-08-26T04:46:29+00:00\",\"mainEntityOfPage\":{\"@id\":\"https:\\\/\\\/www.organisator.ch\\\/human-resources\\\/2024-08-26\\\/flotter-wiedereinstieg-nach-dem-urlaub-10-praktische-tipps\\\/\"},\"wordCount\":955,\"publisher\":{\"@id\":\"https:\\\/\\\/www.organisator.ch\\\/#organization\"},\"image\":{\"@id\":\"https:\\\/\\\/www.organisator.ch\\\/human-resources\\\/2024-08-26\\\/flotter-wiedereinstieg-nach-dem-urlaub-10-praktische-tipps\\\/#primaryimage\"},\"thumbnailUrl\":\"https:\\\/\\\/www.organisator.ch\\\/wp-content\\\/uploads\\\/2024\\\/08\\\/Robert-Walters_Bild1_ps-1.jpg\",\"keywords\":[\"Human Resources\",\"Tipps\",\"Unternehmen\",\"Urlaubszeit\",\"Wiedereinstieg\"],\"articleSection\":[\"HUMAN RESOURCES\"],\"inLanguage\":\"it-IT\"},{\"@type\":\"WebPage\",\"@id\":\"https:\\\/\\\/www.organisator.ch\\\/human-resources\\\/2024-08-26\\\/flotter-wiedereinstieg-nach-dem-urlaub-10-praktische-tipps\\\/\",\"url\":\"https:\\\/\\\/www.organisator.ch\\\/human-resources\\\/2024-08-26\\\/flotter-wiedereinstieg-nach-dem-urlaub-10-praktische-tipps\\\/\",\"name\":\"Flotter Wiedereinstieg nach dem Urlaub: 10 praktische Tipps - Organisator\",\"isPartOf\":{\"@id\":\"https:\\\/\\\/www.organisator.ch\\\/#website\"},\"primaryImageOfPage\":{\"@id\":\"https:\\\/\\\/www.organisator.ch\\\/human-resources\\\/2024-08-26\\\/flotter-wiedereinstieg-nach-dem-urlaub-10-praktische-tipps\\\/#primaryimage\"},\"image\":{\"@id\":\"https:\\\/\\\/www.organisator.ch\\\/human-resources\\\/2024-08-26\\\/flotter-wiedereinstieg-nach-dem-urlaub-10-praktische-tipps\\\/#primaryimage\"},\"thumbnailUrl\":\"https:\\\/\\\/www.organisator.ch\\\/wp-content\\\/uploads\\\/2024\\\/08\\\/Robert-Walters_Bild1_ps-1.jpg\",\"datePublished\":\"2024-08-26T04:46:29+00:00\",\"description\":\"Ist Ihr wohlverdienter Sommerurlaub fast vorbei und graut Ihnen vor der R\u00fcckkehr ins B\u00fcro? Der Schweizer Personalvermittler Robert Walters verr\u00e4t Ihnen 10 Tipps.\",\"breadcrumb\":{\"@id\":\"https:\\\/\\\/www.organisator.ch\\\/human-resources\\\/2024-08-26\\\/flotter-wiedereinstieg-nach-dem-urlaub-10-praktische-tipps\\\/#breadcrumb\"},\"inLanguage\":\"it-IT\",\"potentialAction\":[{\"@type\":\"ReadAction\",\"target\":[\"https:\\\/\\\/www.organisator.ch\\\/human-resources\\\/2024-08-26\\\/flotter-wiedereinstieg-nach-dem-urlaub-10-praktische-tipps\\\/\"]}]},{\"@type\":\"ImageObject\",\"inLanguage\":\"it-IT\",\"@id\":\"https:\\\/\\\/www.organisator.ch\\\/human-resources\\\/2024-08-26\\\/flotter-wiedereinstieg-nach-dem-urlaub-10-praktische-tipps\\\/#primaryimage\",\"url\":\"https:\\\/\\\/www.organisator.ch\\\/wp-content\\\/uploads\\\/2024\\\/08\\\/Robert-Walters_Bild1_ps-1.jpg\",\"contentUrl\":\"https:\\\/\\\/www.organisator.ch\\\/wp-content\\\/uploads\\\/2024\\\/08\\\/Robert-Walters_Bild1_ps-1.jpg\",\"width\":680,\"height\":476,\"caption\":\"Ihr erster Arbeitstag ist nicht der richtige Zeitpunkt, um Ihren Briefkasten zu leeren. (Bild: www.depositphotos.com)\"},{\"@type\":\"BreadcrumbList\",\"@id\":\"https:\\\/\\\/www.organisator.ch\\\/human-resources\\\/2024-08-26\\\/flotter-wiedereinstieg-nach-dem-urlaub-10-praktische-tipps\\\/#breadcrumb\",\"itemListElement\":[{\"@type\":\"ListItem\",\"position\":1,\"name\":\"Home\",\"item\":\"https:\\\/\\\/www.organisator.ch\\\/\"},{\"@type\":\"ListItem\",\"position\":2,\"name\":\"Flotter Wiedereinstieg nach dem Urlaub: 10 praktische Tipps\"}]},{\"@type\":\"WebSite\",\"@id\":\"https:\\\/\\\/www.organisator.ch\\\/#website\",\"url\":\"https:\\\/\\\/www.organisator.ch\\\/\",\"name\":\"Organisator\",\"description\":\"Kompetent. Praxisnah. Der ORGANISATOR bereitet in 10 Ausgaben pro Jahr die wesentlichen Themen f\u00fcr F\u00fchrungskr\u00e4fte von KMU auf.\",\"publisher\":{\"@id\":\"https:\\\/\\\/www.organisator.ch\\\/#organization\"},\"potentialAction\":[{\"@type\":\"SearchAction\",\"target\":{\"@type\":\"EntryPoint\",\"urlTemplate\":\"https:\\\/\\\/www.organisator.ch\\\/?s={search_term_string}\"},\"query-input\":{\"@type\":\"PropertyValueSpecification\",\"valueRequired\":true,\"valueName\":\"search_term_string\"}}],\"inLanguage\":\"it-IT\"},{\"@type\":\"Organization\",\"@id\":\"https:\\\/\\\/www.organisator.ch\\\/#organization\",\"name\":\"Organisator\",\"url\":\"https:\\\/\\\/www.organisator.ch\\\/\",\"logo\":{\"@type\":\"ImageObject\",\"inLanguage\":\"it-IT\",\"@id\":\"https:\\\/\\\/www.organisator.ch\\\/#\\\/schema\\\/logo\\\/image\\\/\",\"url\":\"https:\\\/\\\/www.organisator.ch\\\/wp-content\\\/uploads\\\/2022\\\/01\\\/Logo_Organisator_Website.png\",\"contentUrl\":\"https:\\\/\\\/www.organisator.ch\\\/wp-content\\\/uploads\\\/2022\\\/01\\\/Logo_Organisator_Website.png\",\"width\":800,\"height\":77,\"caption\":\"Organisator\"},\"image\":{\"@id\":\"https:\\\/\\\/www.organisator.ch\\\/#\\\/schema\\\/logo\\\/image\\\/\"},\"sameAs\":[\"https:\\\/\\\/www.facebook.com\\\/OrganisatorFachmagazin\",\"https:\\\/\\\/www.linkedin.com\\\/showcase\\\/organisator-das-magazin-fr-kmu\",\"https:\\\/\\\/www.xing.com\\\/news\\\/pages\\\/organisator-ch-695\",\"https:\\\/\\\/www.youtube.com\\\/channel\\\/UCGP2Sq0iWaZwT3BdIAQFYpw\"]},{\"@type\":\"Person\",\"@id\":\"https:\\\/\\\/www.organisator.ch\\\/#\\\/schema\\\/person\\\/2e1314a2172123f874db408d8911d3f3\",\"name\":\"Adelisa Kalajdzini\",\"image\":{\"@type\":\"ImageObject\",\"inLanguage\":\"it-IT\",\"@id\":\"https:\\\/\\\/secure.gravatar.com\\\/avatar\\\/09a397c22ac58cad6f160ee8306348599df9df58a8ede73696226897b9fa4b24?s=96&d=mm&r=g\",\"url\":\"https:\\\/\\\/secure.gravatar.com\\\/avatar\\\/09a397c22ac58cad6f160ee8306348599df9df58a8ede73696226897b9fa4b24?s=96&d=mm&r=g\",\"contentUrl\":\"https:\\\/\\\/secure.gravatar.com\\\/avatar\\\/09a397c22ac58cad6f160ee8306348599df9df58a8ede73696226897b9fa4b24?s=96&d=mm&r=g\",\"caption\":\"Adelisa Kalajdzini\"},\"url\":\"https:\\\/\\\/www.organisator.ch\\\/it\\\/author\\\/adelisa-kalajdzini\\\/\"}]}<\/script>\n<!-- \/ Yoast SEO plugin. -->","yoast_head_json":{"title":"Tornare rapidamente al lavoro dopo le vacanze: 10 consigli pratici - Organiser","description":"Le meritate vacanze estive sono quasi finite e temete il ritorno in ufficio? Il recruiter svizzero Robert Walters ha 10 consigli per voi.","robots":{"index":"index","follow":"follow","max-snippet":"max-snippet:-1","max-image-preview":"max-image-preview:large","max-video-preview":"max-video-preview:-1"},"canonical":"https:\/\/www.organisator.ch\/it\/risorse-umane\/2024-08-26\/flotter-wiedereinstieg-nach-dem-urlaub-10-praktische-tipps\/","og_locale":"it_IT","og_type":"article","og_title":"Flotter Wiedereinstieg nach dem Urlaub: 10 praktische Tipps","og_description":"Ist Ihr wohlverdienter Sommerurlaub fast vorbei und graut Ihnen vor der R\u00fcckkehr ins B\u00fcro? Der Schweizer Personalvermittler Robert Walters verr\u00e4t Ihnen 10 Tipps.","og_url":"https:\/\/www.organisator.ch\/it\/risorse-umane\/2024-08-26\/flotter-wiedereinstieg-nach-dem-urlaub-10-praktische-tipps\/","og_site_name":"Organisator","article_publisher":"https:\/\/www.facebook.com\/OrganisatorFachmagazin","article_published_time":"2024-08-26T04:46:29+00:00","og_image":[{"width":680,"height":476,"url":"https:\/\/www.organisator.ch\/wp-content\/uploads\/2024\/08\/Robert-Walters_Bild1_ps-1.jpg","type":"image\/jpeg"}],"author":"Adelisa Kalajdzini","twitter_card":"summary_large_image","twitter_title":"Flotter Wiedereinstieg nach dem Urlaub: 10 praktische Tipps","twitter_description":"Ist Ihr wohlverdienter #Sommerurlaub fast vorbei und graut Ihnen vor der #R\u00fcckkehr ins #B\u00fcro? Der Schweizer Personalvermittler Robert Walters verr\u00e4t Ihnen 10 #Tipps.","twitter_image":"https:\/\/www.organisator.ch\/wp-content\/uploads\/2024\/08\/Robert-Walters_Bild1_ps-1.jpg","schema":{"@context":"https:\/\/schema.org","@graph":[{"@type":"Article","@id":"https:\/\/www.organisator.ch\/human-resources\/2024-08-26\/flotter-wiedereinstieg-nach-dem-urlaub-10-praktische-tipps\/#article","isPartOf":{"@id":"https:\/\/www.organisator.ch\/human-resources\/2024-08-26\/flotter-wiedereinstieg-nach-dem-urlaub-10-praktische-tipps\/"},"author":{"name":"Adelisa Kalajdzini","@id":"https:\/\/www.organisator.ch\/#\/schema\/person\/2e1314a2172123f874db408d8911d3f3"},"headline":"Flotter Wiedereinstieg nach dem Urlaub: 10 praktische Tipps","datePublished":"2024-08-26T04:46:29+00:00","mainEntityOfPage":{"@id":"https:\/\/www.organisator.ch\/human-resources\/2024-08-26\/flotter-wiedereinstieg-nach-dem-urlaub-10-praktische-tipps\/"},"wordCount":955,"publisher":{"@id":"https:\/\/www.organisator.ch\/#organization"},"image":{"@id":"https:\/\/www.organisator.ch\/human-resources\/2024-08-26\/flotter-wiedereinstieg-nach-dem-urlaub-10-praktische-tipps\/#primaryimage"},"thumbnailUrl":"https:\/\/www.organisator.ch\/wp-content\/uploads\/2024\/08\/Robert-Walters_Bild1_ps-1.jpg","keywords":["Human Resources","Tipps","Unternehmen","Urlaubszeit","Wiedereinstieg"],"articleSection":["HUMAN RESOURCES"],"inLanguage":"it-IT"},{"@type":"WebPage","@id":"https:\/\/www.organisator.ch\/human-resources\/2024-08-26\/flotter-wiedereinstieg-nach-dem-urlaub-10-praktische-tipps\/","url":"https:\/\/www.organisator.ch\/human-resources\/2024-08-26\/flotter-wiedereinstieg-nach-dem-urlaub-10-praktische-tipps\/","name":"Tornare rapidamente al lavoro dopo le vacanze: 10 consigli pratici - Organiser","isPartOf":{"@id":"https:\/\/www.organisator.ch\/#website"},"primaryImageOfPage":{"@id":"https:\/\/www.organisator.ch\/human-resources\/2024-08-26\/flotter-wiedereinstieg-nach-dem-urlaub-10-praktische-tipps\/#primaryimage"},"image":{"@id":"https:\/\/www.organisator.ch\/human-resources\/2024-08-26\/flotter-wiedereinstieg-nach-dem-urlaub-10-praktische-tipps\/#primaryimage"},"thumbnailUrl":"https:\/\/www.organisator.ch\/wp-content\/uploads\/2024\/08\/Robert-Walters_Bild1_ps-1.jpg","datePublished":"2024-08-26T04:46:29+00:00","description":"Le meritate vacanze estive sono quasi finite e temete il ritorno in ufficio? Il recruiter svizzero Robert Walters ha 10 consigli per voi.","breadcrumb":{"@id":"https:\/\/www.organisator.ch\/human-resources\/2024-08-26\/flotter-wiedereinstieg-nach-dem-urlaub-10-praktische-tipps\/#breadcrumb"},"inLanguage":"it-IT","potentialAction":[{"@type":"ReadAction","target":["https:\/\/www.organisator.ch\/human-resources\/2024-08-26\/flotter-wiedereinstieg-nach-dem-urlaub-10-praktische-tipps\/"]}]},{"@type":"ImageObject","inLanguage":"it-IT","@id":"https:\/\/www.organisator.ch\/human-resources\/2024-08-26\/flotter-wiedereinstieg-nach-dem-urlaub-10-praktische-tipps\/#primaryimage","url":"https:\/\/www.organisator.ch\/wp-content\/uploads\/2024\/08\/Robert-Walters_Bild1_ps-1.jpg","contentUrl":"https:\/\/www.organisator.ch\/wp-content\/uploads\/2024\/08\/Robert-Walters_Bild1_ps-1.jpg","width":680,"height":476,"caption":"Ihr erster Arbeitstag ist nicht der richtige Zeitpunkt, um Ihren Briefkasten zu leeren. (Bild: www.depositphotos.com)"},{"@type":"BreadcrumbList","@id":"https:\/\/www.organisator.ch\/human-resources\/2024-08-26\/flotter-wiedereinstieg-nach-dem-urlaub-10-praktische-tipps\/#breadcrumb","itemListElement":[{"@type":"ListItem","position":1,"name":"Home","item":"https:\/\/www.organisator.ch\/"},{"@type":"ListItem","position":2,"name":"Flotter Wiedereinstieg nach dem Urlaub: 10 praktische Tipps"}]},{"@type":"WebSite","@id":"https:\/\/www.organisator.ch\/#website","url":"https:\/\/www.organisator.ch\/","name":"Organizzatore","description":"Competente. Pratico. In 10 numeri all'anno, ORGANISATOR presenta i temi essenziali per i manager delle PMI.","publisher":{"@id":"https:\/\/www.organisator.ch\/#organization"},"potentialAction":[{"@type":"SearchAction","target":{"@type":"EntryPoint","urlTemplate":"https:\/\/www.organisator.ch\/?s={search_term_string}"},"query-input":{"@type":"PropertyValueSpecification","valueRequired":true,"valueName":"search_term_string"}}],"inLanguage":"it-IT"},{"@type":"Organization","@id":"https:\/\/www.organisator.ch\/#organization","name":"Organizzatore","url":"https:\/\/www.organisator.ch\/","logo":{"@type":"ImageObject","inLanguage":"it-IT","@id":"https:\/\/www.organisator.ch\/#\/schema\/logo\/image\/","url":"https:\/\/www.organisator.ch\/wp-content\/uploads\/2022\/01\/Logo_Organisator_Website.png","contentUrl":"https:\/\/www.organisator.ch\/wp-content\/uploads\/2022\/01\/Logo_Organisator_Website.png","width":800,"height":77,"caption":"Organisator"},"image":{"@id":"https:\/\/www.organisator.ch\/#\/schema\/logo\/image\/"},"sameAs":["https:\/\/www.facebook.com\/OrganisatorFachmagazin","https:\/\/www.linkedin.com\/showcase\/organisator-das-magazin-fr-kmu","https:\/\/www.xing.com\/news\/pages\/organisator-ch-695","https:\/\/www.youtube.com\/channel\/UCGP2Sq0iWaZwT3BdIAQFYpw"]},{"@type":"Person","@id":"https:\/\/www.organisator.ch\/#\/schema\/person\/2e1314a2172123f874db408d8911d3f3","name":"Adelisa Kalajdzini","image":{"@type":"ImageObject","inLanguage":"it-IT","@id":"https:\/\/secure.gravatar.com\/avatar\/09a397c22ac58cad6f160ee8306348599df9df58a8ede73696226897b9fa4b24?s=96&d=mm&r=g","url":"https:\/\/secure.gravatar.com\/avatar\/09a397c22ac58cad6f160ee8306348599df9df58a8ede73696226897b9fa4b24?s=96&d=mm&r=g","contentUrl":"https:\/\/secure.gravatar.com\/avatar\/09a397c22ac58cad6f160ee8306348599df9df58a8ede73696226897b9fa4b24?s=96&d=mm&r=g","caption":"Adelisa Kalajdzini"},"url":"https:\/\/www.organisator.ch\/it\/author\/adelisa-kalajdzini\/"}]}},"_links":{"self":[{"href":"https:\/\/www.organisator.ch\/it\/wp-json\/wp\/v2\/posts\/29268","targetHints":{"allow":["GET"]}}],"collection":[{"href":"https:\/\/www.organisator.ch\/it\/wp-json\/wp\/v2\/posts"}],"about":[{"href":"https:\/\/www.organisator.ch\/it\/wp-json\/wp\/v2\/types\/post"}],"author":[{"embeddable":true,"href":"https:\/\/www.organisator.ch\/it\/wp-json\/wp\/v2\/users\/58"}],"replies":[{"embeddable":true,"href":"https:\/\/www.organisator.ch\/it\/wp-json\/wp\/v2\/comments?post=29268"}],"version-history":[{"count":3,"href":"https:\/\/www.organisator.ch\/it\/wp-json\/wp\/v2\/posts\/29268\/revisions"}],"predecessor-version":[{"id":29300,"href":"https:\/\/www.organisator.ch\/it\/wp-json\/wp\/v2\/posts\/29268\/revisions\/29300"}],"wp:featuredmedia":[{"embeddable":true,"href":"https:\/\/www.organisator.ch\/it\/wp-json\/wp\/v2\/media\/29270"}],"wp:attachment":[{"href":"https:\/\/www.organisator.ch\/it\/wp-json\/wp\/v2\/media?parent=29268"}],"wp:term":[{"taxonomy":"category","embeddable":true,"href":"https:\/\/www.organisator.ch\/it\/wp-json\/wp\/v2\/categories?post=29268"},{"taxonomy":"post_tag","embeddable":true,"href":"https:\/\/www.organisator.ch\/it\/wp-json\/wp\/v2\/tags?post=29268"}],"curies":[{"name":"wp","href":"https:\/\/api.w.org\/{rel}","templated":true}]}}