{"id":29293,"date":"2024-08-26T09:36:23","date_gmt":"2024-08-26T07:36:23","guid":{"rendered":"https:\/\/www.markt-kom.com\/?p=222078"},"modified":"2024-11-08T12:30:01","modified_gmt":"2024-11-08T11:30:01","slug":"arosa-tourismus-feiert-weiteren-erfolg-mit-ki-kampagne","status":"publish","type":"post","link":"https:\/\/www.organisator.ch\/it\/marketing\/2024-08-26\/arosa-tourismus-feiert-weiteren-erfolg-mit-ki-kampagne\/","title":{"rendered":"Arosa Turismo festeggia un ulteriore successo con la campagna AI"},"content":{"rendered":"<figure id=\"attachment_222083\" class=\"wp-caption alignnone\" style=\"width: 1400px\" aria-describedby=\"caption-attachment-222083\"><a href=\"https:\/\/www.markt-kom.com\/wp-content\/uploads\/2024\/08\/arosa-macht-traeume-wahr-wurde-an-den-sdv-awards-2024-ausgezeichnet-17763599-scaled.jpg\"><img class=\"alignnone wp-image-222083 size-full\" src=\"https:\/\/www.markt-kom.com\/wp-content\/uploads\/2024\/08\/arosa-macht-traeume-wahr-wurde-an-den-sdv-awards-2024-ausgezeichnet-17763599-scaled.jpg\" alt=\"Arosa\" width=\"1400\" height=\"932\" \/><\/a>\r\n<figcaption id=\"caption-attachment-222083\" class=\"wp-caption-text\">\"Arosa realizza i sogni\" \u00e8 stata premiata agli SDV Awards 2024 (Foto: Arosa Turismo)<\/figcaption>\r\n<\/figure>\r\n<h3>Creativit\u00e0 e tecnologia insieme: la storia di successo di #Bergtraum<\/h3>\r\n<p>Arosa Turismo ha stabilito un nuovo punto di riferimento nel 2024 con una miscela unica di creativit\u00e0 e tecnologia. La prima campagna di AI generata dalla folla in Svizzera ha trasformato i desideri degli ospiti in opere d'arte mozzafiato, presentate sia in formato digitale che su carta stampata. In poche settimane sono state create oltre 43.000 immagini: un successo impressionante che si \u00e8 riflesso anche nel settore del marketing. Dopo i riconoscimenti nazionali e internazionali, la campagna \u00e8 stata premiata a Zurigo con l'oro nella categoria \"Campagne multicanale e crossmediali\" e con l'argento nella categoria \"Uso creativo dei dati e\/o della marketing automation\".<\/p>\r\n<p>Marion Schmitz, vicedirettore del Turismo, si rallegra del rinnovato successo: \"La risposta alla campagna Bergtraum \u00e8 stata travolgente e ci motiva a pensare di continuarla\".<\/p>\r\n<figure id=\"attachment_222081\" class=\"wp-caption alignnone\" style=\"width: 1400px\" aria-describedby=\"caption-attachment-222081\"><a href=\"https:\/\/www.markt-kom.com\/wp-content\/uploads\/2024\/08\/ueber-43-000-sujets-wurden-kreiert-und-mehr-als-100-traeume-der-teilnehmenden-verwirklicht-17763597-scaled.jpg\"><img class=\"size-full wp-image-222081\" src=\"https:\/\/www.markt-kom.com\/wp-content\/uploads\/2024\/08\/ueber-43-000-sujets-wurden-kreiert-und-mehr-als-100-traeume-der-teilnehmenden-verwirklicht-17763597-scaled.jpg\" alt=\"\" width=\"1400\" height=\"933\" \/><\/a>\r\n<figcaption id=\"caption-attachment-222081\" class=\"wp-caption-text\">Sono stati creati oltre 43.000 soggetti e sono stati realizzati pi\u00f9 di 100 sogni dei partecipanti (Immagine: Arosa Tourismus)<\/figcaption>\r\n<\/figure>\r\n<h3>I sogni diventano realt\u00e0: Arosa lo rende possibile<\/h3>\r\n<p>Uno dei punti salienti della campagna \u00e8 stata la realizzazione di oltre 100 sogni dei partecipanti, con skipass, weekend benessere o eventi speciali. I motivi Bergtraum non solo hanno adornato supporti digitali e stampati, ma anche prodotti di merchandising e persino gondole, autobus e francobolli. Grazie alla collaborazione con Ifolor, i partecipanti hanno potuto stampare le proprie creazioni sui prodotti.<\/p>\r\n<h3>Premi SDV: Il premio del marketing del dialogo<\/h3>\r\n<p>Il Premio SDV \u00e8 uno dei premi pi\u00f9 prestigiosi del marketing dialogico svizzero. Da oltre 20 anni, una giuria di esperti composta da quasi 100 membri valuta i migliori lavori del settore in termini di impatto, successo e creativit\u00e0.<\/p>\r\n<p>&nbsp;<\/p>","protected":false},"excerpt":{"rendered":"<p>La campagna #Bergtraum di Arosa Turismo continua il suo percorso di successo: Dopo diversi riconoscimenti, l'innovativa campagna invernale 2023\/24, la prima generata dall'intelligenza artificiale in Svizzera, ha ora vinto anche l'oro e l'argento agli SDV Awards 2024 dell'Associazione svizzera di marketing dialogico.<\/p>","protected":false},"author":8,"featured_media":0,"comment_status":"closed","ping_status":"closed","sticky":false,"template":"","format":"standard","meta":{"_acf_changed":false,"_yoast_wpseo_focuskw":"Arosa","_yoast_wpseo_metadesc":"Arosa Tourismus gewinnt mit Bergtraum-Kampagne Gold und Silber bei SDV Awards 2024. Kreativit\u00e4t und Technik vereint.","articlekey":"","footnotes":""},"categories":[29],"tags":[727,66,4419],"class_list":["post-29293","post","type-post","status-publish","format-standard","hentry","category-marketing","tag-arosa","tag-awards","tag-sdv-award"],"acf":[],"yoast_head":"<!-- This site is optimized with the Yoast SEO plugin v27.5 - https:\/\/yoast.com\/product\/yoast-seo-wordpress\/ -->\n<title>Arosa Tourismus feiert weiteren Erfolg mit KI-Kampagne - Organisator<\/title>\n<meta name=\"description\" content=\"Arosa Tourismus gewinnt mit Bergtraum-Kampagne Gold und Silber bei SDV Awards 2024. Kreativit\u00e4t und Technik vereint.\" \/>\n<meta name=\"robots\" content=\"index, follow, max-snippet:-1, max-image-preview:large, max-video-preview:-1\" \/>\n<link rel=\"canonical\" href=\"https:\/\/www.organisator.ch\/it\/marketing\/2024-08-26\/arosa-tourismus-feiert-weiteren-erfolg-mit-ki-kampagne\/\" \/>\n<meta property=\"og:locale\" content=\"it_IT\" \/>\n<meta property=\"og:type\" content=\"article\" \/>\n<meta property=\"og:title\" content=\"Arosa Tourismus feiert weiteren Erfolg mit KI-Kampagne - Organisator\" \/>\n<meta property=\"og:description\" content=\"Arosa Tourismus gewinnt mit Bergtraum-Kampagne Gold und Silber bei SDV Awards 2024. Kreativit\u00e4t und Technik vereint.\" \/>\n<meta property=\"og:url\" content=\"https:\/\/www.organisator.ch\/it\/marketing\/2024-08-26\/arosa-tourismus-feiert-weiteren-erfolg-mit-ki-kampagne\/\" \/>\n<meta property=\"og:site_name\" content=\"Organisator\" \/>\n<meta property=\"article:publisher\" content=\"https:\/\/www.facebook.com\/OrganisatorFachmagazin\" \/>\n<meta property=\"article:published_time\" content=\"2024-08-26T07:36:23+00:00\" \/>\n<meta property=\"article:modified_time\" content=\"2024-11-08T11:30:01+00:00\" \/>\n<meta property=\"og:image\" content=\"https:\/\/www.markt-kom.com\/wp-content\/uploads\/2024\/08\/arosa-macht-traeume-wahr-wurde-an-den-sdv-awards-2024-ausgezeichnet-17763599-scaled.jpg\" \/>\n<meta name=\"author\" content=\"galledia\" \/>\n<meta name=\"twitter:card\" content=\"summary_large_image\" \/>\n<meta name=\"twitter:creator\" content=\"@admin\" \/>\n<script type=\"application\/ld+json\" class=\"yoast-schema-graph\">{\"@context\":\"https:\\\/\\\/schema.org\",\"@graph\":[{\"@type\":\"Article\",\"@id\":\"https:\\\/\\\/www.organisator.ch\\\/marketing\\\/2024-08-26\\\/arosa-tourismus-feiert-weiteren-erfolg-mit-ki-kampagne\\\/#article\",\"isPartOf\":{\"@id\":\"https:\\\/\\\/www.organisator.ch\\\/marketing\\\/2024-08-26\\\/arosa-tourismus-feiert-weiteren-erfolg-mit-ki-kampagne\\\/\"},\"author\":{\"name\":\"galledia\",\"@id\":\"https:\\\/\\\/www.organisator.ch\\\/#\\\/schema\\\/person\\\/4e51799071cd2dd1232ac003643ef5f0\"},\"headline\":\"Arosa Tourismus feiert weiteren Erfolg mit KI-Kampagne\",\"datePublished\":\"2024-08-26T07:36:23+00:00\",\"dateModified\":\"2024-11-08T11:30:01+00:00\",\"mainEntityOfPage\":{\"@id\":\"https:\\\/\\\/www.organisator.ch\\\/marketing\\\/2024-08-26\\\/arosa-tourismus-feiert-weiteren-erfolg-mit-ki-kampagne\\\/\"},\"wordCount\":264,\"publisher\":{\"@id\":\"https:\\\/\\\/www.organisator.ch\\\/#organization\"},\"image\":{\"@id\":\"https:\\\/\\\/www.organisator.ch\\\/marketing\\\/2024-08-26\\\/arosa-tourismus-feiert-weiteren-erfolg-mit-ki-kampagne\\\/#primaryimage\"},\"thumbnailUrl\":\"https:\\\/\\\/www.markt-kom.com\\\/wp-content\\\/uploads\\\/2024\\\/08\\\/arosa-macht-traeume-wahr-wurde-an-den-sdv-awards-2024-ausgezeichnet-17763599-scaled.jpg\",\"keywords\":[\"Arosa\",\"Awards\",\"SDV-Award\"],\"articleSection\":[\"MARKETING\"],\"inLanguage\":\"it-IT\"},{\"@type\":\"WebPage\",\"@id\":\"https:\\\/\\\/www.organisator.ch\\\/marketing\\\/2024-08-26\\\/arosa-tourismus-feiert-weiteren-erfolg-mit-ki-kampagne\\\/\",\"url\":\"https:\\\/\\\/www.organisator.ch\\\/marketing\\\/2024-08-26\\\/arosa-tourismus-feiert-weiteren-erfolg-mit-ki-kampagne\\\/\",\"name\":\"Arosa Tourismus feiert weiteren Erfolg mit KI-Kampagne - Organisator\",\"isPartOf\":{\"@id\":\"https:\\\/\\\/www.organisator.ch\\\/#website\"},\"primaryImageOfPage\":{\"@id\":\"https:\\\/\\\/www.organisator.ch\\\/marketing\\\/2024-08-26\\\/arosa-tourismus-feiert-weiteren-erfolg-mit-ki-kampagne\\\/#primaryimage\"},\"image\":{\"@id\":\"https:\\\/\\\/www.organisator.ch\\\/marketing\\\/2024-08-26\\\/arosa-tourismus-feiert-weiteren-erfolg-mit-ki-kampagne\\\/#primaryimage\"},\"thumbnailUrl\":\"https:\\\/\\\/www.markt-kom.com\\\/wp-content\\\/uploads\\\/2024\\\/08\\\/arosa-macht-traeume-wahr-wurde-an-den-sdv-awards-2024-ausgezeichnet-17763599-scaled.jpg\",\"datePublished\":\"2024-08-26T07:36:23+00:00\",\"dateModified\":\"2024-11-08T11:30:01+00:00\",\"description\":\"Arosa Tourismus gewinnt mit Bergtraum-Kampagne Gold und Silber bei SDV Awards 2024. Kreativit\u00e4t und Technik vereint.\",\"breadcrumb\":{\"@id\":\"https:\\\/\\\/www.organisator.ch\\\/marketing\\\/2024-08-26\\\/arosa-tourismus-feiert-weiteren-erfolg-mit-ki-kampagne\\\/#breadcrumb\"},\"inLanguage\":\"it-IT\",\"potentialAction\":[{\"@type\":\"ReadAction\",\"target\":[\"https:\\\/\\\/www.organisator.ch\\\/marketing\\\/2024-08-26\\\/arosa-tourismus-feiert-weiteren-erfolg-mit-ki-kampagne\\\/\"]}]},{\"@type\":\"ImageObject\",\"inLanguage\":\"it-IT\",\"@id\":\"https:\\\/\\\/www.organisator.ch\\\/marketing\\\/2024-08-26\\\/arosa-tourismus-feiert-weiteren-erfolg-mit-ki-kampagne\\\/#primaryimage\",\"url\":\"https:\\\/\\\/www.markt-kom.com\\\/wp-content\\\/uploads\\\/2024\\\/08\\\/arosa-macht-traeume-wahr-wurde-an-den-sdv-awards-2024-ausgezeichnet-17763599-scaled.jpg\",\"contentUrl\":\"https:\\\/\\\/www.markt-kom.com\\\/wp-content\\\/uploads\\\/2024\\\/08\\\/arosa-macht-traeume-wahr-wurde-an-den-sdv-awards-2024-ausgezeichnet-17763599-scaled.jpg\"},{\"@type\":\"BreadcrumbList\",\"@id\":\"https:\\\/\\\/www.organisator.ch\\\/marketing\\\/2024-08-26\\\/arosa-tourismus-feiert-weiteren-erfolg-mit-ki-kampagne\\\/#breadcrumb\",\"itemListElement\":[{\"@type\":\"ListItem\",\"position\":1,\"name\":\"Home\",\"item\":\"https:\\\/\\\/www.organisator.ch\\\/\"},{\"@type\":\"ListItem\",\"position\":2,\"name\":\"Arosa Tourismus feiert weiteren Erfolg mit KI-Kampagne\"}]},{\"@type\":\"WebSite\",\"@id\":\"https:\\\/\\\/www.organisator.ch\\\/#website\",\"url\":\"https:\\\/\\\/www.organisator.ch\\\/\",\"name\":\"Organisator\",\"description\":\"Kompetent. Praxisnah. Der ORGANISATOR bereitet in 10 Ausgaben pro Jahr die wesentlichen Themen f\u00fcr F\u00fchrungskr\u00e4fte von KMU auf.\",\"publisher\":{\"@id\":\"https:\\\/\\\/www.organisator.ch\\\/#organization\"},\"potentialAction\":[{\"@type\":\"SearchAction\",\"target\":{\"@type\":\"EntryPoint\",\"urlTemplate\":\"https:\\\/\\\/www.organisator.ch\\\/?s={search_term_string}\"},\"query-input\":{\"@type\":\"PropertyValueSpecification\",\"valueRequired\":true,\"valueName\":\"search_term_string\"}}],\"inLanguage\":\"it-IT\"},{\"@type\":\"Organization\",\"@id\":\"https:\\\/\\\/www.organisator.ch\\\/#organization\",\"name\":\"Organisator\",\"url\":\"https:\\\/\\\/www.organisator.ch\\\/\",\"logo\":{\"@type\":\"ImageObject\",\"inLanguage\":\"it-IT\",\"@id\":\"https:\\\/\\\/www.organisator.ch\\\/#\\\/schema\\\/logo\\\/image\\\/\",\"url\":\"https:\\\/\\\/www.organisator.ch\\\/wp-content\\\/uploads\\\/2022\\\/01\\\/Logo_Organisator_Website.png\",\"contentUrl\":\"https:\\\/\\\/www.organisator.ch\\\/wp-content\\\/uploads\\\/2022\\\/01\\\/Logo_Organisator_Website.png\",\"width\":800,\"height\":77,\"caption\":\"Organisator\"},\"image\":{\"@id\":\"https:\\\/\\\/www.organisator.ch\\\/#\\\/schema\\\/logo\\\/image\\\/\"},\"sameAs\":[\"https:\\\/\\\/www.facebook.com\\\/OrganisatorFachmagazin\",\"https:\\\/\\\/www.linkedin.com\\\/showcase\\\/organisator-das-magazin-fr-kmu\",\"https:\\\/\\\/www.xing.com\\\/news\\\/pages\\\/organisator-ch-695\",\"https:\\\/\\\/www.youtube.com\\\/channel\\\/UCGP2Sq0iWaZwT3BdIAQFYpw\"]},{\"@type\":\"Person\",\"@id\":\"https:\\\/\\\/www.organisator.ch\\\/#\\\/schema\\\/person\\\/4e51799071cd2dd1232ac003643ef5f0\",\"name\":\"galledia\",\"image\":{\"@type\":\"ImageObject\",\"inLanguage\":\"it-IT\",\"@id\":\"https:\\\/\\\/secure.gravatar.com\\\/avatar\\\/78a7f90c01fc2bfc875782a0d4922b37cde2cf184ce347b91316d23cd7f69a36?s=96&d=mm&r=g\",\"url\":\"https:\\\/\\\/secure.gravatar.com\\\/avatar\\\/78a7f90c01fc2bfc875782a0d4922b37cde2cf184ce347b91316d23cd7f69a36?s=96&d=mm&r=g\",\"contentUrl\":\"https:\\\/\\\/secure.gravatar.com\\\/avatar\\\/78a7f90c01fc2bfc875782a0d4922b37cde2cf184ce347b91316d23cd7f69a36?s=96&d=mm&r=g\",\"caption\":\"galledia\"},\"sameAs\":[\"https:\\\/\\\/x.com\\\/admin\"],\"url\":\"https:\\\/\\\/www.organisator.ch\\\/it\\\/author\\\/galledia\\\/\"}]}<\/script>\n<!-- \/ Yoast SEO plugin. -->","yoast_head_json":{"title":"Arosa Turismo festeggia un ulteriore successo con la campagna AI - Organizzatore","description":"Arosa Turismo vince l'oro e l'argento agli SDV Awards 2024 con la campagna Bergtraum, che unisce creativit\u00e0 e tecnologia.","robots":{"index":"index","follow":"follow","max-snippet":"max-snippet:-1","max-image-preview":"max-image-preview:large","max-video-preview":"max-video-preview:-1"},"canonical":"https:\/\/www.organisator.ch\/it\/marketing\/2024-08-26\/arosa-tourismus-feiert-weiteren-erfolg-mit-ki-kampagne\/","og_locale":"it_IT","og_type":"article","og_title":"Arosa Tourismus feiert weiteren Erfolg mit KI-Kampagne - Organisator","og_description":"Arosa Tourismus gewinnt mit Bergtraum-Kampagne Gold und Silber bei SDV Awards 2024. Kreativit\u00e4t und Technik vereint.","og_url":"https:\/\/www.organisator.ch\/it\/marketing\/2024-08-26\/arosa-tourismus-feiert-weiteren-erfolg-mit-ki-kampagne\/","og_site_name":"Organisator","article_publisher":"https:\/\/www.facebook.com\/OrganisatorFachmagazin","article_published_time":"2024-08-26T07:36:23+00:00","article_modified_time":"2024-11-08T11:30:01+00:00","og_image":[{"url":"https:\/\/www.markt-kom.com\/wp-content\/uploads\/2024\/08\/arosa-macht-traeume-wahr-wurde-an-den-sdv-awards-2024-ausgezeichnet-17763599-scaled.jpg","type":"","width":"","height":""}],"author":"galledia","twitter_card":"summary_large_image","twitter_creator":"@admin","schema":{"@context":"https:\/\/schema.org","@graph":[{"@type":"Article","@id":"https:\/\/www.organisator.ch\/marketing\/2024-08-26\/arosa-tourismus-feiert-weiteren-erfolg-mit-ki-kampagne\/#article","isPartOf":{"@id":"https:\/\/www.organisator.ch\/marketing\/2024-08-26\/arosa-tourismus-feiert-weiteren-erfolg-mit-ki-kampagne\/"},"author":{"name":"galledia","@id":"https:\/\/www.organisator.ch\/#\/schema\/person\/4e51799071cd2dd1232ac003643ef5f0"},"headline":"Arosa Tourismus feiert weiteren Erfolg mit KI-Kampagne","datePublished":"2024-08-26T07:36:23+00:00","dateModified":"2024-11-08T11:30:01+00:00","mainEntityOfPage":{"@id":"https:\/\/www.organisator.ch\/marketing\/2024-08-26\/arosa-tourismus-feiert-weiteren-erfolg-mit-ki-kampagne\/"},"wordCount":264,"publisher":{"@id":"https:\/\/www.organisator.ch\/#organization"},"image":{"@id":"https:\/\/www.organisator.ch\/marketing\/2024-08-26\/arosa-tourismus-feiert-weiteren-erfolg-mit-ki-kampagne\/#primaryimage"},"thumbnailUrl":"https:\/\/www.markt-kom.com\/wp-content\/uploads\/2024\/08\/arosa-macht-traeume-wahr-wurde-an-den-sdv-awards-2024-ausgezeichnet-17763599-scaled.jpg","keywords":["Arosa","Awards","SDV-Award"],"articleSection":["MARKETING"],"inLanguage":"it-IT"},{"@type":"WebPage","@id":"https:\/\/www.organisator.ch\/marketing\/2024-08-26\/arosa-tourismus-feiert-weiteren-erfolg-mit-ki-kampagne\/","url":"https:\/\/www.organisator.ch\/marketing\/2024-08-26\/arosa-tourismus-feiert-weiteren-erfolg-mit-ki-kampagne\/","name":"Arosa Turismo festeggia un ulteriore successo con la campagna AI - Organizzatore","isPartOf":{"@id":"https:\/\/www.organisator.ch\/#website"},"primaryImageOfPage":{"@id":"https:\/\/www.organisator.ch\/marketing\/2024-08-26\/arosa-tourismus-feiert-weiteren-erfolg-mit-ki-kampagne\/#primaryimage"},"image":{"@id":"https:\/\/www.organisator.ch\/marketing\/2024-08-26\/arosa-tourismus-feiert-weiteren-erfolg-mit-ki-kampagne\/#primaryimage"},"thumbnailUrl":"https:\/\/www.markt-kom.com\/wp-content\/uploads\/2024\/08\/arosa-macht-traeume-wahr-wurde-an-den-sdv-awards-2024-ausgezeichnet-17763599-scaled.jpg","datePublished":"2024-08-26T07:36:23+00:00","dateModified":"2024-11-08T11:30:01+00:00","description":"Arosa Turismo vince l'oro e l'argento agli SDV Awards 2024 con la campagna Bergtraum, che unisce creativit\u00e0 e tecnologia.","breadcrumb":{"@id":"https:\/\/www.organisator.ch\/marketing\/2024-08-26\/arosa-tourismus-feiert-weiteren-erfolg-mit-ki-kampagne\/#breadcrumb"},"inLanguage":"it-IT","potentialAction":[{"@type":"ReadAction","target":["https:\/\/www.organisator.ch\/marketing\/2024-08-26\/arosa-tourismus-feiert-weiteren-erfolg-mit-ki-kampagne\/"]}]},{"@type":"ImageObject","inLanguage":"it-IT","@id":"https:\/\/www.organisator.ch\/marketing\/2024-08-26\/arosa-tourismus-feiert-weiteren-erfolg-mit-ki-kampagne\/#primaryimage","url":"https:\/\/www.markt-kom.com\/wp-content\/uploads\/2024\/08\/arosa-macht-traeume-wahr-wurde-an-den-sdv-awards-2024-ausgezeichnet-17763599-scaled.jpg","contentUrl":"https:\/\/www.markt-kom.com\/wp-content\/uploads\/2024\/08\/arosa-macht-traeume-wahr-wurde-an-den-sdv-awards-2024-ausgezeichnet-17763599-scaled.jpg"},{"@type":"BreadcrumbList","@id":"https:\/\/www.organisator.ch\/marketing\/2024-08-26\/arosa-tourismus-feiert-weiteren-erfolg-mit-ki-kampagne\/#breadcrumb","itemListElement":[{"@type":"ListItem","position":1,"name":"Home","item":"https:\/\/www.organisator.ch\/"},{"@type":"ListItem","position":2,"name":"Arosa Tourismus feiert weiteren Erfolg mit KI-Kampagne"}]},{"@type":"WebSite","@id":"https:\/\/www.organisator.ch\/#website","url":"https:\/\/www.organisator.ch\/","name":"Organizzatore","description":"Competente. Pratico. In 10 numeri all'anno, ORGANISATOR presenta i temi essenziali per i manager delle PMI.","publisher":{"@id":"https:\/\/www.organisator.ch\/#organization"},"potentialAction":[{"@type":"SearchAction","target":{"@type":"EntryPoint","urlTemplate":"https:\/\/www.organisator.ch\/?s={search_term_string}"},"query-input":{"@type":"PropertyValueSpecification","valueRequired":true,"valueName":"search_term_string"}}],"inLanguage":"it-IT"},{"@type":"Organization","@id":"https:\/\/www.organisator.ch\/#organization","name":"Organizzatore","url":"https:\/\/www.organisator.ch\/","logo":{"@type":"ImageObject","inLanguage":"it-IT","@id":"https:\/\/www.organisator.ch\/#\/schema\/logo\/image\/","url":"https:\/\/www.organisator.ch\/wp-content\/uploads\/2022\/01\/Logo_Organisator_Website.png","contentUrl":"https:\/\/www.organisator.ch\/wp-content\/uploads\/2022\/01\/Logo_Organisator_Website.png","width":800,"height":77,"caption":"Organisator"},"image":{"@id":"https:\/\/www.organisator.ch\/#\/schema\/logo\/image\/"},"sameAs":["https:\/\/www.facebook.com\/OrganisatorFachmagazin","https:\/\/www.linkedin.com\/showcase\/organisator-das-magazin-fr-kmu","https:\/\/www.xing.com\/news\/pages\/organisator-ch-695","https:\/\/www.youtube.com\/channel\/UCGP2Sq0iWaZwT3BdIAQFYpw"]},{"@type":"Person","@id":"https:\/\/www.organisator.ch\/#\/schema\/person\/4e51799071cd2dd1232ac003643ef5f0","name":"galledia","image":{"@type":"ImageObject","inLanguage":"it-IT","@id":"https:\/\/secure.gravatar.com\/avatar\/78a7f90c01fc2bfc875782a0d4922b37cde2cf184ce347b91316d23cd7f69a36?s=96&d=mm&r=g","url":"https:\/\/secure.gravatar.com\/avatar\/78a7f90c01fc2bfc875782a0d4922b37cde2cf184ce347b91316d23cd7f69a36?s=96&d=mm&r=g","contentUrl":"https:\/\/secure.gravatar.com\/avatar\/78a7f90c01fc2bfc875782a0d4922b37cde2cf184ce347b91316d23cd7f69a36?s=96&d=mm&r=g","caption":"galledia"},"sameAs":["https:\/\/x.com\/admin"],"url":"https:\/\/www.organisator.ch\/it\/author\/galledia\/"}]}},"_links":{"self":[{"href":"https:\/\/www.organisator.ch\/it\/wp-json\/wp\/v2\/posts\/29293","targetHints":{"allow":["GET"]}}],"collection":[{"href":"https:\/\/www.organisator.ch\/it\/wp-json\/wp\/v2\/posts"}],"about":[{"href":"https:\/\/www.organisator.ch\/it\/wp-json\/wp\/v2\/types\/post"}],"author":[{"embeddable":true,"href":"https:\/\/www.organisator.ch\/it\/wp-json\/wp\/v2\/users\/8"}],"replies":[{"embeddable":true,"href":"https:\/\/www.organisator.ch\/it\/wp-json\/wp\/v2\/comments?post=29293"}],"version-history":[{"count":3,"href":"https:\/\/www.organisator.ch\/it\/wp-json\/wp\/v2\/posts\/29293\/revisions"}],"predecessor-version":[{"id":32018,"href":"https:\/\/www.organisator.ch\/it\/wp-json\/wp\/v2\/posts\/29293\/revisions\/32018"}],"wp:attachment":[{"href":"https:\/\/www.organisator.ch\/it\/wp-json\/wp\/v2\/media?parent=29293"}],"wp:term":[{"taxonomy":"category","embeddable":true,"href":"https:\/\/www.organisator.ch\/it\/wp-json\/wp\/v2\/categories?post=29293"},{"taxonomy":"post_tag","embeddable":true,"href":"https:\/\/www.organisator.ch\/it\/wp-json\/wp\/v2\/tags?post=29293"}],"curies":[{"name":"wp","href":"https:\/\/api.w.org\/{rel}","templated":true}]}}