{"id":29304,"date":"2024-08-27T07:23:42","date_gmt":"2024-08-27T05:23:42","guid":{"rendered":"https:\/\/www.organisator.ch\/?p=29304"},"modified":"2024-08-26T13:41:44","modified_gmt":"2024-08-26T11:41:44","slug":"interiman-group-stabiler-umsatz-im-ersten-halbjahr-2024","status":"publish","type":"post","link":"https:\/\/www.organisator.ch\/it\/management\/2024-08-27\/interiman-group-stabiler-umsatz-im-ersten-halbjahr-2024\/","title":{"rendered":"Gruppo Interiman: vendite stabili nella prima met\u00e0 del 2024"},"content":{"rendered":"<figure id=\"attachment_29306\" aria-describedby=\"caption-attachment-29306\" style=\"width: 680px\" class=\"wp-caption alignnone\"><img loading=\"lazy\" decoding=\"async\" class=\"size-full wp-image-29306\" src=\"https:\/\/www.organisator.ch\/wp-content\/uploads\/2024\/08\/Interiman-Group_Bild1_ps.jpg\" alt=\"\" width=\"680\" height=\"432\" srcset=\"https:\/\/www.organisator.ch\/wp-content\/uploads\/2024\/08\/Interiman-Group_Bild1_ps.jpg 680w, https:\/\/www.organisator.ch\/wp-content\/uploads\/2024\/08\/Interiman-Group_Bild1_ps-18x12.jpg 18w, https:\/\/www.organisator.ch\/wp-content\/uploads\/2024\/08\/Interiman-Group_Bild1_ps-375x238.jpg 375w, https:\/\/www.organisator.ch\/wp-content\/uploads\/2024\/08\/Interiman-Group_Bild1_ps-551x350.jpg 551w\" sizes=\"auto, (max-width: 680px) 100vw, 680px\" \/><figcaption id=\"caption-attachment-29306\" class=\"wp-caption-text\">Nonostante le incertezze economiche, l'azienda ha dimostrato la sua capacit\u00e0 di crescere aprendo due nuovi negozi. (Immagine: www.depositphotos.com)<\/figcaption><\/figure>\n<p>Il Gruppo Interiman, fornitore svizzero di servizi per il personale e di collocamento a tempo indeterminato, ha registrato un fatturato consolidato di 275 milioni di franchi svizzeri per il primo semestre del 2024, stabile rispetto allo stesso periodo del 2023.<\/p>\n<p>Nonostante un mercato in calo, caratterizzato da una diminuzione media del fatturato di 4,9 % nel settore del lavoro temporaneo e da un crollo di 20,8 % nel settore del lavoro permanente (secondo l'indice Swissstaffing), l'azienda \u00e8 riuscita a mantenere le proprie prestazioni e a proseguire la propria espansione.<\/p>\n<p>\"Nonostante l'incertezza del contesto economico, il nostro Gruppo continua a dimostrare la sua resilienza e la sua capacit\u00e0 di crescere, in particolare nella Svizzera tedesca, come dimostrano le recenti aperture degli uffici di Pratteln e Sciaffusa. Queste nuove sedi rafforzano la nostra presenza in Svizzera e sottolineano il nostro impegno a servire i clienti in modo ancora pi\u00f9 attento e reattivo\", ha commentato Raymond Knigge, fondatore del Gruppo Interiman.<\/p>\n<p>\"La stabilit\u00e0 finanziaria che abbiamo mantenuto nonostante il calo del mercato dimostra la capacit\u00e0 di resistenza della nostra azienda e la sua abilit\u00e0 nel superare un contesto economico difficile, mentre pianifichiamo strategicamente i prossimi passi della nostra crescita\", ha dichiarato Robin Gordon, Presidente del Consiglio di Amministrazione.<\/p>\n<p><em>Fonte: <a href=\"http:\/\/www.interiman-group.ch\">www.interiman-group.ch<\/a><\/em><\/p>","protected":false},"excerpt":{"rendered":"<p>Nonostante il settore svizzero del reclutamento stia attraversando una fase difficile, il Gruppo Interiman \u00e8 riuscito a mantenere il proprio volume d'affari, confermando cos\u00ec la propria posizione di leader del mercato. <\/p>","protected":false},"author":58,"featured_media":0,"comment_status":"closed","ping_status":"closed","sticky":false,"template":"","format":"standard","meta":{"_acf_changed":false,"_yoast_wpseo_focuskw":"Interiman Group","_yoast_wpseo_metadesc":"Die Interiman Gruppe konnte ihr Gesch\u00e4ftsvolumen halten und damit ihre Position als Marktf\u00fchrerin best\u00e4tigen.","articlekey":"","footnotes":""},"categories":[28],"tags":[334,4421,4420,492],"class_list":["post-29304","post","type-post","status-publish","format-standard","hentry","category-management","tag-management","tag-marktfuehrer","tag-umsatz","tag-unternehmen"],"acf":[],"yoast_head":"<!-- This site is optimized with the Yoast SEO plugin v27.5 - https:\/\/yoast.com\/product\/yoast-seo-wordpress\/ -->\n<title>Interiman Group: Stabiler Umsatz im ersten Halbjahr 2024 - Organisator<\/title>\n<meta name=\"description\" content=\"Die Interiman Gruppe konnte ihr Gesch\u00e4ftsvolumen halten und damit ihre Position als Marktf\u00fchrerin best\u00e4tigen.\" \/>\n<meta name=\"robots\" content=\"index, follow, max-snippet:-1, max-image-preview:large, max-video-preview:-1\" \/>\n<link rel=\"canonical\" href=\"https:\/\/www.organisator.ch\/it\/gestione-2\/2024-08-27\/interiman-group-stabiler-umsatz-im-ersten-halbjahr-2024\/\" \/>\n<meta property=\"og:locale\" content=\"it_IT\" \/>\n<meta property=\"og:type\" content=\"article\" \/>\n<meta property=\"og:title\" content=\"Interiman Group: Stabiler Umsatz im ersten Halbjahr 2024\" \/>\n<meta property=\"og:description\" content=\"Die Interiman Gruppe konnte ihr Gesch\u00e4ftsvolumen halten und damit ihre Position als Marktf\u00fchrerin best\u00e4tigen.\" \/>\n<meta property=\"og:url\" content=\"https:\/\/www.organisator.ch\/it\/gestione-2\/2024-08-27\/interiman-group-stabiler-umsatz-im-ersten-halbjahr-2024\/\" \/>\n<meta property=\"og:site_name\" content=\"Organisator\" \/>\n<meta property=\"article:publisher\" content=\"https:\/\/www.facebook.com\/OrganisatorFachmagazin\" \/>\n<meta property=\"article:published_time\" content=\"2024-08-27T05:23:42+00:00\" \/>\n<meta property=\"og:image\" content=\"https:\/\/www.organisator.ch\/wp-content\/uploads\/2024\/08\/Interiman-Group_Bild1_ps.jpg\" \/>\n\t<meta property=\"og:image:width\" content=\"680\" \/>\n\t<meta property=\"og:image:height\" content=\"432\" \/>\n\t<meta property=\"og:image:type\" content=\"image\/jpeg\" \/>\n<meta name=\"author\" content=\"Adelisa Kalajdzini\" \/>\n<meta name=\"twitter:card\" content=\"summary_large_image\" \/>\n<meta name=\"twitter:title\" content=\"Interiman Group: Stabiler Umsatz im ersten Halbjahr 2024\" \/>\n<meta name=\"twitter:description\" content=\"Die #Interiman #Gruppe konnte ihr #Gesch\u00e4ftsvolumen halten und damit ihre #Position als #Marktf\u00fchrerin best\u00e4tigen.\" \/>\n<meta name=\"twitter:image\" content=\"https:\/\/www.organisator.ch\/wp-content\/uploads\/2024\/08\/Interiman-Group_Bild1_ps.jpg\" \/>\n<script type=\"application\/ld+json\" class=\"yoast-schema-graph\">{\"@context\":\"https:\\\/\\\/schema.org\",\"@graph\":[{\"@type\":\"Article\",\"@id\":\"https:\\\/\\\/www.organisator.ch\\\/management\\\/2024-08-27\\\/interiman-group-stabiler-umsatz-im-ersten-halbjahr-2024\\\/#article\",\"isPartOf\":{\"@id\":\"https:\\\/\\\/www.organisator.ch\\\/management\\\/2024-08-27\\\/interiman-group-stabiler-umsatz-im-ersten-halbjahr-2024\\\/\"},\"author\":{\"name\":\"Adelisa Kalajdzini\",\"@id\":\"https:\\\/\\\/www.organisator.ch\\\/#\\\/schema\\\/person\\\/2e1314a2172123f874db408d8911d3f3\"},\"headline\":\"Interiman Group: Stabiler Umsatz im ersten Halbjahr 2024\",\"datePublished\":\"2024-08-27T05:23:42+00:00\",\"mainEntityOfPage\":{\"@id\":\"https:\\\/\\\/www.organisator.ch\\\/management\\\/2024-08-27\\\/interiman-group-stabiler-umsatz-im-ersten-halbjahr-2024\\\/\"},\"wordCount\":228,\"publisher\":{\"@id\":\"https:\\\/\\\/www.organisator.ch\\\/#organization\"},\"image\":{\"@id\":\"https:\\\/\\\/www.organisator.ch\\\/management\\\/2024-08-27\\\/interiman-group-stabiler-umsatz-im-ersten-halbjahr-2024\\\/#primaryimage\"},\"thumbnailUrl\":\"https:\\\/\\\/www.organisator.ch\\\/wp-content\\\/uploads\\\/2024\\\/08\\\/Interiman-Group_Bild1_ps.jpg\",\"keywords\":[\"Management\",\"Marktf\u00fchrer\",\"Umsatz\",\"Unternehmen\"],\"articleSection\":[\"MANAGEMENT\"],\"inLanguage\":\"it-IT\"},{\"@type\":\"WebPage\",\"@id\":\"https:\\\/\\\/www.organisator.ch\\\/management\\\/2024-08-27\\\/interiman-group-stabiler-umsatz-im-ersten-halbjahr-2024\\\/\",\"url\":\"https:\\\/\\\/www.organisator.ch\\\/management\\\/2024-08-27\\\/interiman-group-stabiler-umsatz-im-ersten-halbjahr-2024\\\/\",\"name\":\"Interiman Group: Stabiler Umsatz im ersten Halbjahr 2024 - Organisator\",\"isPartOf\":{\"@id\":\"https:\\\/\\\/www.organisator.ch\\\/#website\"},\"primaryImageOfPage\":{\"@id\":\"https:\\\/\\\/www.organisator.ch\\\/management\\\/2024-08-27\\\/interiman-group-stabiler-umsatz-im-ersten-halbjahr-2024\\\/#primaryimage\"},\"image\":{\"@id\":\"https:\\\/\\\/www.organisator.ch\\\/management\\\/2024-08-27\\\/interiman-group-stabiler-umsatz-im-ersten-halbjahr-2024\\\/#primaryimage\"},\"thumbnailUrl\":\"https:\\\/\\\/www.organisator.ch\\\/wp-content\\\/uploads\\\/2024\\\/08\\\/Interiman-Group_Bild1_ps.jpg\",\"datePublished\":\"2024-08-27T05:23:42+00:00\",\"description\":\"Die Interiman Gruppe konnte ihr Gesch\u00e4ftsvolumen halten und damit ihre Position als Marktf\u00fchrerin best\u00e4tigen.\",\"breadcrumb\":{\"@id\":\"https:\\\/\\\/www.organisator.ch\\\/management\\\/2024-08-27\\\/interiman-group-stabiler-umsatz-im-ersten-halbjahr-2024\\\/#breadcrumb\"},\"inLanguage\":\"it-IT\",\"potentialAction\":[{\"@type\":\"ReadAction\",\"target\":[\"https:\\\/\\\/www.organisator.ch\\\/management\\\/2024-08-27\\\/interiman-group-stabiler-umsatz-im-ersten-halbjahr-2024\\\/\"]}]},{\"@type\":\"ImageObject\",\"inLanguage\":\"it-IT\",\"@id\":\"https:\\\/\\\/www.organisator.ch\\\/management\\\/2024-08-27\\\/interiman-group-stabiler-umsatz-im-ersten-halbjahr-2024\\\/#primaryimage\",\"url\":\"https:\\\/\\\/www.organisator.ch\\\/wp-content\\\/uploads\\\/2024\\\/08\\\/Interiman-Group_Bild1_ps.jpg\",\"contentUrl\":\"https:\\\/\\\/www.organisator.ch\\\/wp-content\\\/uploads\\\/2024\\\/08\\\/Interiman-Group_Bild1_ps.jpg\"},{\"@type\":\"BreadcrumbList\",\"@id\":\"https:\\\/\\\/www.organisator.ch\\\/management\\\/2024-08-27\\\/interiman-group-stabiler-umsatz-im-ersten-halbjahr-2024\\\/#breadcrumb\",\"itemListElement\":[{\"@type\":\"ListItem\",\"position\":1,\"name\":\"Home\",\"item\":\"https:\\\/\\\/www.organisator.ch\\\/\"},{\"@type\":\"ListItem\",\"position\":2,\"name\":\"Interiman Group: Stabiler Umsatz im ersten Halbjahr 2024\"}]},{\"@type\":\"WebSite\",\"@id\":\"https:\\\/\\\/www.organisator.ch\\\/#website\",\"url\":\"https:\\\/\\\/www.organisator.ch\\\/\",\"name\":\"Organisator\",\"description\":\"Kompetent. Praxisnah. Der ORGANISATOR bereitet in 10 Ausgaben pro Jahr die wesentlichen Themen f\u00fcr F\u00fchrungskr\u00e4fte von KMU auf.\",\"publisher\":{\"@id\":\"https:\\\/\\\/www.organisator.ch\\\/#organization\"},\"potentialAction\":[{\"@type\":\"SearchAction\",\"target\":{\"@type\":\"EntryPoint\",\"urlTemplate\":\"https:\\\/\\\/www.organisator.ch\\\/?s={search_term_string}\"},\"query-input\":{\"@type\":\"PropertyValueSpecification\",\"valueRequired\":true,\"valueName\":\"search_term_string\"}}],\"inLanguage\":\"it-IT\"},{\"@type\":\"Organization\",\"@id\":\"https:\\\/\\\/www.organisator.ch\\\/#organization\",\"name\":\"Organisator\",\"url\":\"https:\\\/\\\/www.organisator.ch\\\/\",\"logo\":{\"@type\":\"ImageObject\",\"inLanguage\":\"it-IT\",\"@id\":\"https:\\\/\\\/www.organisator.ch\\\/#\\\/schema\\\/logo\\\/image\\\/\",\"url\":\"https:\\\/\\\/www.organisator.ch\\\/wp-content\\\/uploads\\\/2022\\\/01\\\/Logo_Organisator_Website.png\",\"contentUrl\":\"https:\\\/\\\/www.organisator.ch\\\/wp-content\\\/uploads\\\/2022\\\/01\\\/Logo_Organisator_Website.png\",\"width\":800,\"height\":77,\"caption\":\"Organisator\"},\"image\":{\"@id\":\"https:\\\/\\\/www.organisator.ch\\\/#\\\/schema\\\/logo\\\/image\\\/\"},\"sameAs\":[\"https:\\\/\\\/www.facebook.com\\\/OrganisatorFachmagazin\",\"https:\\\/\\\/www.linkedin.com\\\/showcase\\\/organisator-das-magazin-fr-kmu\",\"https:\\\/\\\/www.xing.com\\\/news\\\/pages\\\/organisator-ch-695\",\"https:\\\/\\\/www.youtube.com\\\/channel\\\/UCGP2Sq0iWaZwT3BdIAQFYpw\"]},{\"@type\":\"Person\",\"@id\":\"https:\\\/\\\/www.organisator.ch\\\/#\\\/schema\\\/person\\\/2e1314a2172123f874db408d8911d3f3\",\"name\":\"Adelisa Kalajdzini\",\"image\":{\"@type\":\"ImageObject\",\"inLanguage\":\"it-IT\",\"@id\":\"https:\\\/\\\/secure.gravatar.com\\\/avatar\\\/09a397c22ac58cad6f160ee8306348599df9df58a8ede73696226897b9fa4b24?s=96&d=mm&r=g\",\"url\":\"https:\\\/\\\/secure.gravatar.com\\\/avatar\\\/09a397c22ac58cad6f160ee8306348599df9df58a8ede73696226897b9fa4b24?s=96&d=mm&r=g\",\"contentUrl\":\"https:\\\/\\\/secure.gravatar.com\\\/avatar\\\/09a397c22ac58cad6f160ee8306348599df9df58a8ede73696226897b9fa4b24?s=96&d=mm&r=g\",\"caption\":\"Adelisa Kalajdzini\"},\"url\":\"https:\\\/\\\/www.organisator.ch\\\/it\\\/author\\\/adelisa-kalajdzini\\\/\"}]}<\/script>\n<!-- \/ Yoast SEO plugin. -->","yoast_head_json":{"title":"Gruppo Interiman: fatturato stabile nel primo semestre del 2024 - Organizzatore","description":"Il Gruppo Interiman \u00e8 riuscito a mantenere il proprio volume d'affari, confermando cos\u00ec la propria posizione di leader di mercato.","robots":{"index":"index","follow":"follow","max-snippet":"max-snippet:-1","max-image-preview":"max-image-preview:large","max-video-preview":"max-video-preview:-1"},"canonical":"https:\/\/www.organisator.ch\/it\/gestione-2\/2024-08-27\/interiman-group-stabiler-umsatz-im-ersten-halbjahr-2024\/","og_locale":"it_IT","og_type":"article","og_title":"Interiman Group: Stabiler Umsatz im ersten Halbjahr 2024","og_description":"Die Interiman Gruppe konnte ihr Gesch\u00e4ftsvolumen halten und damit ihre Position als Marktf\u00fchrerin best\u00e4tigen.","og_url":"https:\/\/www.organisator.ch\/it\/gestione-2\/2024-08-27\/interiman-group-stabiler-umsatz-im-ersten-halbjahr-2024\/","og_site_name":"Organisator","article_publisher":"https:\/\/www.facebook.com\/OrganisatorFachmagazin","article_published_time":"2024-08-27T05:23:42+00:00","og_image":[{"width":680,"height":432,"url":"https:\/\/www.organisator.ch\/wp-content\/uploads\/2024\/08\/Interiman-Group_Bild1_ps.jpg","type":"image\/jpeg"}],"author":"Adelisa Kalajdzini","twitter_card":"summary_large_image","twitter_title":"Interiman Group: Stabiler Umsatz im ersten Halbjahr 2024","twitter_description":"Die #Interiman #Gruppe konnte ihr #Gesch\u00e4ftsvolumen halten und damit ihre #Position als #Marktf\u00fchrerin best\u00e4tigen.","twitter_image":"https:\/\/www.organisator.ch\/wp-content\/uploads\/2024\/08\/Interiman-Group_Bild1_ps.jpg","schema":{"@context":"https:\/\/schema.org","@graph":[{"@type":"Article","@id":"https:\/\/www.organisator.ch\/management\/2024-08-27\/interiman-group-stabiler-umsatz-im-ersten-halbjahr-2024\/#article","isPartOf":{"@id":"https:\/\/www.organisator.ch\/management\/2024-08-27\/interiman-group-stabiler-umsatz-im-ersten-halbjahr-2024\/"},"author":{"name":"Adelisa Kalajdzini","@id":"https:\/\/www.organisator.ch\/#\/schema\/person\/2e1314a2172123f874db408d8911d3f3"},"headline":"Interiman Group: Stabiler Umsatz im ersten Halbjahr 2024","datePublished":"2024-08-27T05:23:42+00:00","mainEntityOfPage":{"@id":"https:\/\/www.organisator.ch\/management\/2024-08-27\/interiman-group-stabiler-umsatz-im-ersten-halbjahr-2024\/"},"wordCount":228,"publisher":{"@id":"https:\/\/www.organisator.ch\/#organization"},"image":{"@id":"https:\/\/www.organisator.ch\/management\/2024-08-27\/interiman-group-stabiler-umsatz-im-ersten-halbjahr-2024\/#primaryimage"},"thumbnailUrl":"https:\/\/www.organisator.ch\/wp-content\/uploads\/2024\/08\/Interiman-Group_Bild1_ps.jpg","keywords":["Management","Marktf\u00fchrer","Umsatz","Unternehmen"],"articleSection":["MANAGEMENT"],"inLanguage":"it-IT"},{"@type":"WebPage","@id":"https:\/\/www.organisator.ch\/management\/2024-08-27\/interiman-group-stabiler-umsatz-im-ersten-halbjahr-2024\/","url":"https:\/\/www.organisator.ch\/management\/2024-08-27\/interiman-group-stabiler-umsatz-im-ersten-halbjahr-2024\/","name":"Gruppo Interiman: fatturato stabile nel primo semestre del 2024 - Organizzatore","isPartOf":{"@id":"https:\/\/www.organisator.ch\/#website"},"primaryImageOfPage":{"@id":"https:\/\/www.organisator.ch\/management\/2024-08-27\/interiman-group-stabiler-umsatz-im-ersten-halbjahr-2024\/#primaryimage"},"image":{"@id":"https:\/\/www.organisator.ch\/management\/2024-08-27\/interiman-group-stabiler-umsatz-im-ersten-halbjahr-2024\/#primaryimage"},"thumbnailUrl":"https:\/\/www.organisator.ch\/wp-content\/uploads\/2024\/08\/Interiman-Group_Bild1_ps.jpg","datePublished":"2024-08-27T05:23:42+00:00","description":"Il Gruppo Interiman \u00e8 riuscito a mantenere il proprio volume d'affari, confermando cos\u00ec la propria posizione di leader di mercato.","breadcrumb":{"@id":"https:\/\/www.organisator.ch\/management\/2024-08-27\/interiman-group-stabiler-umsatz-im-ersten-halbjahr-2024\/#breadcrumb"},"inLanguage":"it-IT","potentialAction":[{"@type":"ReadAction","target":["https:\/\/www.organisator.ch\/management\/2024-08-27\/interiman-group-stabiler-umsatz-im-ersten-halbjahr-2024\/"]}]},{"@type":"ImageObject","inLanguage":"it-IT","@id":"https:\/\/www.organisator.ch\/management\/2024-08-27\/interiman-group-stabiler-umsatz-im-ersten-halbjahr-2024\/#primaryimage","url":"https:\/\/www.organisator.ch\/wp-content\/uploads\/2024\/08\/Interiman-Group_Bild1_ps.jpg","contentUrl":"https:\/\/www.organisator.ch\/wp-content\/uploads\/2024\/08\/Interiman-Group_Bild1_ps.jpg"},{"@type":"BreadcrumbList","@id":"https:\/\/www.organisator.ch\/management\/2024-08-27\/interiman-group-stabiler-umsatz-im-ersten-halbjahr-2024\/#breadcrumb","itemListElement":[{"@type":"ListItem","position":1,"name":"Home","item":"https:\/\/www.organisator.ch\/"},{"@type":"ListItem","position":2,"name":"Interiman Group: Stabiler Umsatz im ersten Halbjahr 2024"}]},{"@type":"WebSite","@id":"https:\/\/www.organisator.ch\/#website","url":"https:\/\/www.organisator.ch\/","name":"Organizzatore","description":"Competente. Pratico. In 10 numeri all'anno, ORGANISATOR presenta i temi essenziali per i manager delle PMI.","publisher":{"@id":"https:\/\/www.organisator.ch\/#organization"},"potentialAction":[{"@type":"SearchAction","target":{"@type":"EntryPoint","urlTemplate":"https:\/\/www.organisator.ch\/?s={search_term_string}"},"query-input":{"@type":"PropertyValueSpecification","valueRequired":true,"valueName":"search_term_string"}}],"inLanguage":"it-IT"},{"@type":"Organization","@id":"https:\/\/www.organisator.ch\/#organization","name":"Organizzatore","url":"https:\/\/www.organisator.ch\/","logo":{"@type":"ImageObject","inLanguage":"it-IT","@id":"https:\/\/www.organisator.ch\/#\/schema\/logo\/image\/","url":"https:\/\/www.organisator.ch\/wp-content\/uploads\/2022\/01\/Logo_Organisator_Website.png","contentUrl":"https:\/\/www.organisator.ch\/wp-content\/uploads\/2022\/01\/Logo_Organisator_Website.png","width":800,"height":77,"caption":"Organisator"},"image":{"@id":"https:\/\/www.organisator.ch\/#\/schema\/logo\/image\/"},"sameAs":["https:\/\/www.facebook.com\/OrganisatorFachmagazin","https:\/\/www.linkedin.com\/showcase\/organisator-das-magazin-fr-kmu","https:\/\/www.xing.com\/news\/pages\/organisator-ch-695","https:\/\/www.youtube.com\/channel\/UCGP2Sq0iWaZwT3BdIAQFYpw"]},{"@type":"Person","@id":"https:\/\/www.organisator.ch\/#\/schema\/person\/2e1314a2172123f874db408d8911d3f3","name":"Adelisa Kalajdzini","image":{"@type":"ImageObject","inLanguage":"it-IT","@id":"https:\/\/secure.gravatar.com\/avatar\/09a397c22ac58cad6f160ee8306348599df9df58a8ede73696226897b9fa4b24?s=96&d=mm&r=g","url":"https:\/\/secure.gravatar.com\/avatar\/09a397c22ac58cad6f160ee8306348599df9df58a8ede73696226897b9fa4b24?s=96&d=mm&r=g","contentUrl":"https:\/\/secure.gravatar.com\/avatar\/09a397c22ac58cad6f160ee8306348599df9df58a8ede73696226897b9fa4b24?s=96&d=mm&r=g","caption":"Adelisa Kalajdzini"},"url":"https:\/\/www.organisator.ch\/it\/author\/adelisa-kalajdzini\/"}]}},"_links":{"self":[{"href":"https:\/\/www.organisator.ch\/it\/wp-json\/wp\/v2\/posts\/29304","targetHints":{"allow":["GET"]}}],"collection":[{"href":"https:\/\/www.organisator.ch\/it\/wp-json\/wp\/v2\/posts"}],"about":[{"href":"https:\/\/www.organisator.ch\/it\/wp-json\/wp\/v2\/types\/post"}],"author":[{"embeddable":true,"href":"https:\/\/www.organisator.ch\/it\/wp-json\/wp\/v2\/users\/58"}],"replies":[{"embeddable":true,"href":"https:\/\/www.organisator.ch\/it\/wp-json\/wp\/v2\/comments?post=29304"}],"version-history":[{"count":4,"href":"https:\/\/www.organisator.ch\/it\/wp-json\/wp\/v2\/posts\/29304\/revisions"}],"predecessor-version":[{"id":29350,"href":"https:\/\/www.organisator.ch\/it\/wp-json\/wp\/v2\/posts\/29304\/revisions\/29350"}],"wp:attachment":[{"href":"https:\/\/www.organisator.ch\/it\/wp-json\/wp\/v2\/media?parent=29304"}],"wp:term":[{"taxonomy":"category","embeddable":true,"href":"https:\/\/www.organisator.ch\/it\/wp-json\/wp\/v2\/categories?post=29304"},{"taxonomy":"post_tag","embeddable":true,"href":"https:\/\/www.organisator.ch\/it\/wp-json\/wp\/v2\/tags?post=29304"}],"curies":[{"name":"wp","href":"https:\/\/api.w.org\/{rel}","templated":true}]}}