{"id":29309,"date":"2024-08-27T10:26:05","date_gmt":"2024-08-27T08:26:05","guid":{"rendered":"https:\/\/www.organisator.ch\/?p=29309"},"modified":"2024-08-27T11:13:06","modified_gmt":"2024-08-27T09:13:06","slug":"digitalisierung-als-wachstumsmotor-fuer-kleinunternehmer-in-dach","status":"publish","type":"post","link":"https:\/\/www.organisator.ch\/it\/management\/2024-08-27\/digitalisierung-als-wachstumsmotor-fuer-kleinunternehmer-in-dach\/","title":{"rendered":"La digitalizzazione come motore di crescita per le piccole imprese in DACH"},"content":{"rendered":"<figure id=\"attachment_29311\" aria-describedby=\"caption-attachment-29311\" style=\"width: 680px\" class=\"wp-caption alignnone\"><img loading=\"lazy\" decoding=\"async\" class=\"size-full wp-image-29311\" src=\"https:\/\/www.organisator.ch\/wp-content\/uploads\/2024\/08\/GoDaddy_Bild1_ps.jpg\" alt=\"\" width=\"680\" height=\"438\" srcset=\"https:\/\/www.organisator.ch\/wp-content\/uploads\/2024\/08\/GoDaddy_Bild1_ps.jpg 680w, https:\/\/www.organisator.ch\/wp-content\/uploads\/2024\/08\/GoDaddy_Bild1_ps-18x12.jpg 18w, https:\/\/www.organisator.ch\/wp-content\/uploads\/2024\/08\/GoDaddy_Bild1_ps-375x242.jpg 375w, https:\/\/www.organisator.ch\/wp-content\/uploads\/2024\/08\/GoDaddy_Bild1_ps-543x350.jpg 543w\" sizes=\"auto, (max-width: 680px) 100vw, 680px\" \/><figcaption id=\"caption-attachment-29311\" class=\"wp-caption-text\">Quando un'azienda cresce, cambiano anche le sfide. (Immagine: www.depositphotos.com)<\/figcaption><\/figure>\n<p>GoDaddy, fornitore di siti web e domini, ha pubblicato i risultati dell'indagine globale sull'imprenditorialit\u00e0 2024. I risultati fanno luce sulle motivazioni, gli ostacoli e i successi degli imprenditori della regione DACH.<\/p>\n<h3><strong>Motivazioni e ostacoli iniziali<\/strong><\/h3>\n<p>L'indagine mostra le diverse provenienze degli imprenditori di oggi. La maggior parte degli intervistati sono Millennials (36 %) e Generazione X (34 %), seguiti dai Baby Boomers (22 %) e dalla Generazione Z (8 %). In termini di istruzione, il 61 % degli intervistati ha una qualifica scolastica o professionale, il 24 % ha una laurea e il 15 % ha un titolo accademico superiore.<\/p>\n<p>I motivi principali che hanno spinto a diventare lavoratori autonomi sono stati la ricerca di una passione (31 %), il desiderio di maggiore flessibilit\u00e0 (18 %) e la necessit\u00e0 di un nuovo inizio di carriera (16 %).<\/p>\n<p>Colpisce il fatto che 40 % degli imprenditori gestiscano le loro aziende da meno di cinque anni, il che indica una scena dinamica e vivace di start-up nella regione DACH. Indipendentemente dal fatto che si tratti di imprese appena avviate o attive da tempo sul mercato, le prime fasi dell'attivit\u00e0 imprenditoriale sono spesso caratterizzate da grandi sfide. I maggiori ostacoli all'avvio di un'attivit\u00e0 includono il marketing online (31 %), le questioni fiscali (25 %) e la mancanza di competenze nella pianificazione e gestione aziendale (24 %).<\/p>\n<p>Per superare questi ostacoli, gli imprenditori hanno utilizzato le loro risorse finanziarie in modo strategico: I primi investimenti sono stati effettuati principalmente in attrezzature (20 %), inventario (13 %) e marketing online (13 %).<\/p>\n<h3><strong>Sfide attuali e trasformazione digitale<\/strong><\/h3>\n<p>Man mano che un'azienda cresce, anche le sfide cambiano. Attualmente, il 48 % degli intervistati considera i problemi con i clienti la sfida pi\u00f9 grande, seguita dalle difficolt\u00e0 finanziarie (26 %) e dai problemi con i dipendenti (23 %).\u00a0<\/p>\n<p>La maggiore attenzione alle attrezzature (27 %) illustra l'importanza della trasformazione digitale. Gli imprenditori investono sempre pi\u00f9 nell'espansione della loro infrastruttura digitale, in particolare nel marketing online (16 %) e nello sviluppo di nuovi prodotti (13 %). Per molti, questa trasformazione digitale potrebbe essere la chiave per nuove opportunit\u00e0 di crescita e successo a lungo termine.<\/p>\n<h3><strong>Cercare consigli e misurare il successo<\/strong><\/h3>\n<p>Il mentoring svolge un ruolo centrale nella carriera imprenditoriale: 46 % dei titolari d'azienda hanno chiesto consiglio a mentori esperti. Gli imprenditori concordano sul fatto che questo supporto li aiuta a gestire la complessit\u00e0 della vita aziendale quotidiana e contribuisce in modo decisivo al loro successo.<\/p>\n<p>Gli effetti positivi dell'imprenditorialit\u00e0 sono chiaramente visibili: 85 % degli intervistati dichiarano che la loro vita \u00e8 migliorata da quando hanno iniziato l'attivit\u00e0 imprenditoriale. Questa soddisfazione motiva molti a puntare pi\u00f9 in alto: 63 % delle imprese generano gi\u00e0 fino a met\u00e0 delle loro entrate online, e 98 % di coloro che attualmente guadagnano un reddito aggiuntivo puntano a farlo diventare il loro reddito principale. Ci\u00f2 sottolinea la crescente importanza delle piattaforme digitali e il forte desiderio di indipendenza finanziaria.<\/p>\n<p>Guardando al futuro, il 52 % degli intervistati prevede uno sviluppo positivo dell'attivit\u00e0 nei prossimi tre-cinque anni, espressione dell'ottimismo e della fiducia nelle proprie capacit\u00e0 imprenditoriali.<\/p>\n<p>\"GoDaddy si impegna a fornire agli imprenditori gli strumenti e le risorse online di cui hanno bisogno per avere successo nell'era digitale\", afferma Alexandra Anderson, Marketing Director DACH di GoDaddy. \"Il nostro obiettivo \u00e8 sostenere gli imprenditori in ogni fase del loro sviluppo e trasformare la loro visione in realt\u00e0\".<\/p>\n<p><em>Fonte: <a href=\"http:\/\/www.godaddy.com\">www.godaddy.com<\/a><\/em><\/p>","protected":false},"excerpt":{"rendered":"<p>Cosa spinge le persone ad abbandonare un lavoro sicuro e a lanciarsi nell'imprenditoria? In un mondo in continua evoluzione, il percorso verso il lavoro autonomo \u00e8 un viaggio pieno di sfide e di storie di successo. <\/p>","protected":false},"author":58,"featured_media":29311,"comment_status":"closed","ping_status":"closed","sticky":false,"template":"","format":"standard","meta":{"_acf_changed":false,"_yoast_wpseo_focuskw":"Kleinunternehmer","_yoast_wpseo_metadesc":"In einer Welt, die sich st\u00e4ndig wandelt, ist der Weg in die Selbstst\u00e4ndigkeit eine Reise voller Herausforderungen und Erfolgsgeschichten.","articlekey":"","footnotes":""},"categories":[28],"tags":[795,3992,156,301,335],"class_list":["post-29309","post","type-post","status-publish","format-standard","has-post-thumbnail","hentry","category-management","tag-befragung","tag-dach","tag-digitalisierung","tag-kmu","tag-management-und-unternehmensfuehrung"],"acf":[],"yoast_head":"<!-- This site is optimized with the Yoast SEO plugin v27.4 - https:\/\/yoast.com\/product\/yoast-seo-wordpress\/ -->\n<title>Digitalisierung als Wachstumsmotor f\u00fcr Kleinunternehmer in DACH - Organisator<\/title>\n<meta name=\"description\" content=\"In einer Welt, die sich st\u00e4ndig wandelt, ist der Weg in die Selbstst\u00e4ndigkeit eine Reise voller Herausforderungen und Erfolgsgeschichten.\" \/>\n<meta name=\"robots\" content=\"index, follow, max-snippet:-1, max-image-preview:large, max-video-preview:-1\" \/>\n<link rel=\"canonical\" href=\"https:\/\/www.organisator.ch\/it\/gestione-2\/2024-08-27\/digitalisierung-als-wachstumsmotor-fuer-kleinunternehmer-in-dach\/\" \/>\n<meta property=\"og:locale\" content=\"it_IT\" \/>\n<meta property=\"og:type\" content=\"article\" \/>\n<meta property=\"og:title\" content=\"Digitalisierung als Wachstumsmotor f\u00fcr Kleinunternehmer in DACH\" \/>\n<meta property=\"og:description\" content=\"In einer Welt, die sich st\u00e4ndig wandelt, ist der Weg in die Selbstst\u00e4ndigkeit eine Reise voller Herausforderungen und Erfolgsgeschichten.\" \/>\n<meta property=\"og:url\" content=\"https:\/\/www.organisator.ch\/it\/gestione-2\/2024-08-27\/digitalisierung-als-wachstumsmotor-fuer-kleinunternehmer-in-dach\/\" \/>\n<meta property=\"og:site_name\" content=\"Organisator\" \/>\n<meta property=\"article:publisher\" content=\"https:\/\/www.facebook.com\/OrganisatorFachmagazin\" \/>\n<meta property=\"article:published_time\" content=\"2024-08-27T08:26:05+00:00\" \/>\n<meta property=\"article:modified_time\" content=\"2024-08-27T09:13:06+00:00\" \/>\n<meta property=\"og:image\" content=\"https:\/\/www.organisator.ch\/wp-content\/uploads\/2024\/08\/GoDaddy_Bild1_ps.jpg\" \/>\n\t<meta property=\"og:image:width\" content=\"680\" \/>\n\t<meta property=\"og:image:height\" content=\"438\" \/>\n\t<meta property=\"og:image:type\" content=\"image\/jpeg\" \/>\n<meta name=\"author\" content=\"Adelisa Kalajdzini\" \/>\n<meta name=\"twitter:card\" content=\"summary_large_image\" \/>\n<meta name=\"twitter:title\" content=\"Digitalisierung als Wachstumsmotor f\u00fcr Kleinunternehmer in DACH\" \/>\n<meta name=\"twitter:description\" content=\"In einer Welt, die sich st\u00e4ndig wandelt, ist der #Weg in die #Selbstst\u00e4ndigkeit eine #Reise voller #Herausforderungen und #Erfolgsgeschichten.\" \/>\n<meta name=\"twitter:image\" content=\"https:\/\/www.organisator.ch\/wp-content\/uploads\/2024\/08\/GoDaddy_Bild1_ps.jpg\" \/>\n<script type=\"application\/ld+json\" class=\"yoast-schema-graph\">{\"@context\":\"https:\\\/\\\/schema.org\",\"@graph\":[{\"@type\":\"Article\",\"@id\":\"https:\\\/\\\/www.organisator.ch\\\/management\\\/2024-08-27\\\/digitalisierung-als-wachstumsmotor-fuer-kleinunternehmer-in-dach\\\/#article\",\"isPartOf\":{\"@id\":\"https:\\\/\\\/www.organisator.ch\\\/management\\\/2024-08-27\\\/digitalisierung-als-wachstumsmotor-fuer-kleinunternehmer-in-dach\\\/\"},\"author\":{\"name\":\"Adelisa Kalajdzini\",\"@id\":\"https:\\\/\\\/www.organisator.ch\\\/#\\\/schema\\\/person\\\/2e1314a2172123f874db408d8911d3f3\"},\"headline\":\"Digitalisierung als Wachstumsmotor f\u00fcr Kleinunternehmer in DACH\",\"datePublished\":\"2024-08-27T08:26:05+00:00\",\"dateModified\":\"2024-08-27T09:13:06+00:00\",\"mainEntityOfPage\":{\"@id\":\"https:\\\/\\\/www.organisator.ch\\\/management\\\/2024-08-27\\\/digitalisierung-als-wachstumsmotor-fuer-kleinunternehmer-in-dach\\\/\"},\"wordCount\":558,\"publisher\":{\"@id\":\"https:\\\/\\\/www.organisator.ch\\\/#organization\"},\"image\":{\"@id\":\"https:\\\/\\\/www.organisator.ch\\\/management\\\/2024-08-27\\\/digitalisierung-als-wachstumsmotor-fuer-kleinunternehmer-in-dach\\\/#primaryimage\"},\"thumbnailUrl\":\"https:\\\/\\\/www.organisator.ch\\\/wp-content\\\/uploads\\\/2024\\\/08\\\/GoDaddy_Bild1_ps.jpg\",\"keywords\":[\"Befragung\",\"DACH\",\"Digitalisierung\",\"KMU\",\"Management und Unternehmensf\u00fchrung\"],\"articleSection\":[\"MANAGEMENT\"],\"inLanguage\":\"it-IT\"},{\"@type\":\"WebPage\",\"@id\":\"https:\\\/\\\/www.organisator.ch\\\/management\\\/2024-08-27\\\/digitalisierung-als-wachstumsmotor-fuer-kleinunternehmer-in-dach\\\/\",\"url\":\"https:\\\/\\\/www.organisator.ch\\\/management\\\/2024-08-27\\\/digitalisierung-als-wachstumsmotor-fuer-kleinunternehmer-in-dach\\\/\",\"name\":\"Digitalisierung als Wachstumsmotor f\u00fcr Kleinunternehmer in DACH - Organisator\",\"isPartOf\":{\"@id\":\"https:\\\/\\\/www.organisator.ch\\\/#website\"},\"primaryImageOfPage\":{\"@id\":\"https:\\\/\\\/www.organisator.ch\\\/management\\\/2024-08-27\\\/digitalisierung-als-wachstumsmotor-fuer-kleinunternehmer-in-dach\\\/#primaryimage\"},\"image\":{\"@id\":\"https:\\\/\\\/www.organisator.ch\\\/management\\\/2024-08-27\\\/digitalisierung-als-wachstumsmotor-fuer-kleinunternehmer-in-dach\\\/#primaryimage\"},\"thumbnailUrl\":\"https:\\\/\\\/www.organisator.ch\\\/wp-content\\\/uploads\\\/2024\\\/08\\\/GoDaddy_Bild1_ps.jpg\",\"datePublished\":\"2024-08-27T08:26:05+00:00\",\"dateModified\":\"2024-08-27T09:13:06+00:00\",\"description\":\"In einer Welt, die sich st\u00e4ndig wandelt, ist der Weg in die Selbstst\u00e4ndigkeit eine Reise voller Herausforderungen und Erfolgsgeschichten.\",\"breadcrumb\":{\"@id\":\"https:\\\/\\\/www.organisator.ch\\\/management\\\/2024-08-27\\\/digitalisierung-als-wachstumsmotor-fuer-kleinunternehmer-in-dach\\\/#breadcrumb\"},\"inLanguage\":\"it-IT\",\"potentialAction\":[{\"@type\":\"ReadAction\",\"target\":[\"https:\\\/\\\/www.organisator.ch\\\/management\\\/2024-08-27\\\/digitalisierung-als-wachstumsmotor-fuer-kleinunternehmer-in-dach\\\/\"]}]},{\"@type\":\"ImageObject\",\"inLanguage\":\"it-IT\",\"@id\":\"https:\\\/\\\/www.organisator.ch\\\/management\\\/2024-08-27\\\/digitalisierung-als-wachstumsmotor-fuer-kleinunternehmer-in-dach\\\/#primaryimage\",\"url\":\"https:\\\/\\\/www.organisator.ch\\\/wp-content\\\/uploads\\\/2024\\\/08\\\/GoDaddy_Bild1_ps.jpg\",\"contentUrl\":\"https:\\\/\\\/www.organisator.ch\\\/wp-content\\\/uploads\\\/2024\\\/08\\\/GoDaddy_Bild1_ps.jpg\",\"width\":680,\"height\":438,\"caption\":\"Mit dem Wachstum eines Unternehmens ver\u00e4ndern sich auch die Herausforderungen. (Bild: www.depositphotos.com)\"},{\"@type\":\"BreadcrumbList\",\"@id\":\"https:\\\/\\\/www.organisator.ch\\\/management\\\/2024-08-27\\\/digitalisierung-als-wachstumsmotor-fuer-kleinunternehmer-in-dach\\\/#breadcrumb\",\"itemListElement\":[{\"@type\":\"ListItem\",\"position\":1,\"name\":\"Home\",\"item\":\"https:\\\/\\\/www.organisator.ch\\\/\"},{\"@type\":\"ListItem\",\"position\":2,\"name\":\"Digitalisierung als Wachstumsmotor f\u00fcr Kleinunternehmer in DACH\"}]},{\"@type\":\"WebSite\",\"@id\":\"https:\\\/\\\/www.organisator.ch\\\/#website\",\"url\":\"https:\\\/\\\/www.organisator.ch\\\/\",\"name\":\"Organisator\",\"description\":\"Kompetent. Praxisnah. Der ORGANISATOR bereitet in 10 Ausgaben pro Jahr die wesentlichen Themen f\u00fcr F\u00fchrungskr\u00e4fte von KMU auf.\",\"publisher\":{\"@id\":\"https:\\\/\\\/www.organisator.ch\\\/#organization\"},\"potentialAction\":[{\"@type\":\"SearchAction\",\"target\":{\"@type\":\"EntryPoint\",\"urlTemplate\":\"https:\\\/\\\/www.organisator.ch\\\/?s={search_term_string}\"},\"query-input\":{\"@type\":\"PropertyValueSpecification\",\"valueRequired\":true,\"valueName\":\"search_term_string\"}}],\"inLanguage\":\"it-IT\"},{\"@type\":\"Organization\",\"@id\":\"https:\\\/\\\/www.organisator.ch\\\/#organization\",\"name\":\"Organisator\",\"url\":\"https:\\\/\\\/www.organisator.ch\\\/\",\"logo\":{\"@type\":\"ImageObject\",\"inLanguage\":\"it-IT\",\"@id\":\"https:\\\/\\\/www.organisator.ch\\\/#\\\/schema\\\/logo\\\/image\\\/\",\"url\":\"https:\\\/\\\/www.organisator.ch\\\/wp-content\\\/uploads\\\/2022\\\/01\\\/Logo_Organisator_Website.png\",\"contentUrl\":\"https:\\\/\\\/www.organisator.ch\\\/wp-content\\\/uploads\\\/2022\\\/01\\\/Logo_Organisator_Website.png\",\"width\":800,\"height\":77,\"caption\":\"Organisator\"},\"image\":{\"@id\":\"https:\\\/\\\/www.organisator.ch\\\/#\\\/schema\\\/logo\\\/image\\\/\"},\"sameAs\":[\"https:\\\/\\\/www.facebook.com\\\/OrganisatorFachmagazin\",\"https:\\\/\\\/www.linkedin.com\\\/showcase\\\/organisator-das-magazin-fr-kmu\",\"https:\\\/\\\/www.xing.com\\\/news\\\/pages\\\/organisator-ch-695\",\"https:\\\/\\\/www.youtube.com\\\/channel\\\/UCGP2Sq0iWaZwT3BdIAQFYpw\"]},{\"@type\":\"Person\",\"@id\":\"https:\\\/\\\/www.organisator.ch\\\/#\\\/schema\\\/person\\\/2e1314a2172123f874db408d8911d3f3\",\"name\":\"Adelisa Kalajdzini\",\"image\":{\"@type\":\"ImageObject\",\"inLanguage\":\"it-IT\",\"@id\":\"https:\\\/\\\/secure.gravatar.com\\\/avatar\\\/09a397c22ac58cad6f160ee8306348599df9df58a8ede73696226897b9fa4b24?s=96&d=mm&r=g\",\"url\":\"https:\\\/\\\/secure.gravatar.com\\\/avatar\\\/09a397c22ac58cad6f160ee8306348599df9df58a8ede73696226897b9fa4b24?s=96&d=mm&r=g\",\"contentUrl\":\"https:\\\/\\\/secure.gravatar.com\\\/avatar\\\/09a397c22ac58cad6f160ee8306348599df9df58a8ede73696226897b9fa4b24?s=96&d=mm&r=g\",\"caption\":\"Adelisa Kalajdzini\"},\"url\":\"https:\\\/\\\/www.organisator.ch\\\/it\\\/author\\\/adelisa-kalajdzini\\\/\"}]}<\/script>\n<!-- \/ Yoast SEO plugin. -->","yoast_head_json":{"title":"La digitalizzazione come motore di crescita per le piccole imprese in DACH - Organizzatore","description":"In un mondo in continua evoluzione, il percorso verso il lavoro autonomo \u00e8 un viaggio pieno di sfide e di storie di successo.","robots":{"index":"index","follow":"follow","max-snippet":"max-snippet:-1","max-image-preview":"max-image-preview:large","max-video-preview":"max-video-preview:-1"},"canonical":"https:\/\/www.organisator.ch\/it\/gestione-2\/2024-08-27\/digitalisierung-als-wachstumsmotor-fuer-kleinunternehmer-in-dach\/","og_locale":"it_IT","og_type":"article","og_title":"Digitalisierung als Wachstumsmotor f\u00fcr Kleinunternehmer in DACH","og_description":"In einer Welt, die sich st\u00e4ndig wandelt, ist der Weg in die Selbstst\u00e4ndigkeit eine Reise voller Herausforderungen und Erfolgsgeschichten.","og_url":"https:\/\/www.organisator.ch\/it\/gestione-2\/2024-08-27\/digitalisierung-als-wachstumsmotor-fuer-kleinunternehmer-in-dach\/","og_site_name":"Organisator","article_publisher":"https:\/\/www.facebook.com\/OrganisatorFachmagazin","article_published_time":"2024-08-27T08:26:05+00:00","article_modified_time":"2024-08-27T09:13:06+00:00","og_image":[{"width":680,"height":438,"url":"https:\/\/www.organisator.ch\/wp-content\/uploads\/2024\/08\/GoDaddy_Bild1_ps.jpg","type":"image\/jpeg"}],"author":"Adelisa Kalajdzini","twitter_card":"summary_large_image","twitter_title":"Digitalisierung als Wachstumsmotor f\u00fcr Kleinunternehmer in DACH","twitter_description":"In einer Welt, die sich st\u00e4ndig wandelt, ist der #Weg in die #Selbstst\u00e4ndigkeit eine #Reise voller #Herausforderungen und #Erfolgsgeschichten.","twitter_image":"https:\/\/www.organisator.ch\/wp-content\/uploads\/2024\/08\/GoDaddy_Bild1_ps.jpg","schema":{"@context":"https:\/\/schema.org","@graph":[{"@type":"Article","@id":"https:\/\/www.organisator.ch\/management\/2024-08-27\/digitalisierung-als-wachstumsmotor-fuer-kleinunternehmer-in-dach\/#article","isPartOf":{"@id":"https:\/\/www.organisator.ch\/management\/2024-08-27\/digitalisierung-als-wachstumsmotor-fuer-kleinunternehmer-in-dach\/"},"author":{"name":"Adelisa Kalajdzini","@id":"https:\/\/www.organisator.ch\/#\/schema\/person\/2e1314a2172123f874db408d8911d3f3"},"headline":"Digitalisierung als Wachstumsmotor f\u00fcr Kleinunternehmer in DACH","datePublished":"2024-08-27T08:26:05+00:00","dateModified":"2024-08-27T09:13:06+00:00","mainEntityOfPage":{"@id":"https:\/\/www.organisator.ch\/management\/2024-08-27\/digitalisierung-als-wachstumsmotor-fuer-kleinunternehmer-in-dach\/"},"wordCount":558,"publisher":{"@id":"https:\/\/www.organisator.ch\/#organization"},"image":{"@id":"https:\/\/www.organisator.ch\/management\/2024-08-27\/digitalisierung-als-wachstumsmotor-fuer-kleinunternehmer-in-dach\/#primaryimage"},"thumbnailUrl":"https:\/\/www.organisator.ch\/wp-content\/uploads\/2024\/08\/GoDaddy_Bild1_ps.jpg","keywords":["Befragung","DACH","Digitalisierung","KMU","Management und Unternehmensf\u00fchrung"],"articleSection":["MANAGEMENT"],"inLanguage":"it-IT"},{"@type":"WebPage","@id":"https:\/\/www.organisator.ch\/management\/2024-08-27\/digitalisierung-als-wachstumsmotor-fuer-kleinunternehmer-in-dach\/","url":"https:\/\/www.organisator.ch\/management\/2024-08-27\/digitalisierung-als-wachstumsmotor-fuer-kleinunternehmer-in-dach\/","name":"La digitalizzazione come motore di crescita per le piccole imprese in DACH - Organizzatore","isPartOf":{"@id":"https:\/\/www.organisator.ch\/#website"},"primaryImageOfPage":{"@id":"https:\/\/www.organisator.ch\/management\/2024-08-27\/digitalisierung-als-wachstumsmotor-fuer-kleinunternehmer-in-dach\/#primaryimage"},"image":{"@id":"https:\/\/www.organisator.ch\/management\/2024-08-27\/digitalisierung-als-wachstumsmotor-fuer-kleinunternehmer-in-dach\/#primaryimage"},"thumbnailUrl":"https:\/\/www.organisator.ch\/wp-content\/uploads\/2024\/08\/GoDaddy_Bild1_ps.jpg","datePublished":"2024-08-27T08:26:05+00:00","dateModified":"2024-08-27T09:13:06+00:00","description":"In un mondo in continua evoluzione, il percorso verso il lavoro autonomo \u00e8 un viaggio pieno di sfide e di storie di successo.","breadcrumb":{"@id":"https:\/\/www.organisator.ch\/management\/2024-08-27\/digitalisierung-als-wachstumsmotor-fuer-kleinunternehmer-in-dach\/#breadcrumb"},"inLanguage":"it-IT","potentialAction":[{"@type":"ReadAction","target":["https:\/\/www.organisator.ch\/management\/2024-08-27\/digitalisierung-als-wachstumsmotor-fuer-kleinunternehmer-in-dach\/"]}]},{"@type":"ImageObject","inLanguage":"it-IT","@id":"https:\/\/www.organisator.ch\/management\/2024-08-27\/digitalisierung-als-wachstumsmotor-fuer-kleinunternehmer-in-dach\/#primaryimage","url":"https:\/\/www.organisator.ch\/wp-content\/uploads\/2024\/08\/GoDaddy_Bild1_ps.jpg","contentUrl":"https:\/\/www.organisator.ch\/wp-content\/uploads\/2024\/08\/GoDaddy_Bild1_ps.jpg","width":680,"height":438,"caption":"Mit dem Wachstum eines Unternehmens ver\u00e4ndern sich auch die Herausforderungen. (Bild: www.depositphotos.com)"},{"@type":"BreadcrumbList","@id":"https:\/\/www.organisator.ch\/management\/2024-08-27\/digitalisierung-als-wachstumsmotor-fuer-kleinunternehmer-in-dach\/#breadcrumb","itemListElement":[{"@type":"ListItem","position":1,"name":"Home","item":"https:\/\/www.organisator.ch\/"},{"@type":"ListItem","position":2,"name":"Digitalisierung als Wachstumsmotor f\u00fcr Kleinunternehmer in DACH"}]},{"@type":"WebSite","@id":"https:\/\/www.organisator.ch\/#website","url":"https:\/\/www.organisator.ch\/","name":"Organizzatore","description":"Competente. Pratico. In 10 numeri all'anno, ORGANISATOR presenta i temi essenziali per i manager delle PMI.","publisher":{"@id":"https:\/\/www.organisator.ch\/#organization"},"potentialAction":[{"@type":"SearchAction","target":{"@type":"EntryPoint","urlTemplate":"https:\/\/www.organisator.ch\/?s={search_term_string}"},"query-input":{"@type":"PropertyValueSpecification","valueRequired":true,"valueName":"search_term_string"}}],"inLanguage":"it-IT"},{"@type":"Organization","@id":"https:\/\/www.organisator.ch\/#organization","name":"Organizzatore","url":"https:\/\/www.organisator.ch\/","logo":{"@type":"ImageObject","inLanguage":"it-IT","@id":"https:\/\/www.organisator.ch\/#\/schema\/logo\/image\/","url":"https:\/\/www.organisator.ch\/wp-content\/uploads\/2022\/01\/Logo_Organisator_Website.png","contentUrl":"https:\/\/www.organisator.ch\/wp-content\/uploads\/2022\/01\/Logo_Organisator_Website.png","width":800,"height":77,"caption":"Organisator"},"image":{"@id":"https:\/\/www.organisator.ch\/#\/schema\/logo\/image\/"},"sameAs":["https:\/\/www.facebook.com\/OrganisatorFachmagazin","https:\/\/www.linkedin.com\/showcase\/organisator-das-magazin-fr-kmu","https:\/\/www.xing.com\/news\/pages\/organisator-ch-695","https:\/\/www.youtube.com\/channel\/UCGP2Sq0iWaZwT3BdIAQFYpw"]},{"@type":"Person","@id":"https:\/\/www.organisator.ch\/#\/schema\/person\/2e1314a2172123f874db408d8911d3f3","name":"Adelisa Kalajdzini","image":{"@type":"ImageObject","inLanguage":"it-IT","@id":"https:\/\/secure.gravatar.com\/avatar\/09a397c22ac58cad6f160ee8306348599df9df58a8ede73696226897b9fa4b24?s=96&d=mm&r=g","url":"https:\/\/secure.gravatar.com\/avatar\/09a397c22ac58cad6f160ee8306348599df9df58a8ede73696226897b9fa4b24?s=96&d=mm&r=g","contentUrl":"https:\/\/secure.gravatar.com\/avatar\/09a397c22ac58cad6f160ee8306348599df9df58a8ede73696226897b9fa4b24?s=96&d=mm&r=g","caption":"Adelisa Kalajdzini"},"url":"https:\/\/www.organisator.ch\/it\/author\/adelisa-kalajdzini\/"}]}},"_links":{"self":[{"href":"https:\/\/www.organisator.ch\/it\/wp-json\/wp\/v2\/posts\/29309","targetHints":{"allow":["GET"]}}],"collection":[{"href":"https:\/\/www.organisator.ch\/it\/wp-json\/wp\/v2\/posts"}],"about":[{"href":"https:\/\/www.organisator.ch\/it\/wp-json\/wp\/v2\/types\/post"}],"author":[{"embeddable":true,"href":"https:\/\/www.organisator.ch\/it\/wp-json\/wp\/v2\/users\/58"}],"replies":[{"embeddable":true,"href":"https:\/\/www.organisator.ch\/it\/wp-json\/wp\/v2\/comments?post=29309"}],"version-history":[{"count":6,"href":"https:\/\/www.organisator.ch\/it\/wp-json\/wp\/v2\/posts\/29309\/revisions"}],"predecessor-version":[{"id":29325,"href":"https:\/\/www.organisator.ch\/it\/wp-json\/wp\/v2\/posts\/29309\/revisions\/29325"}],"wp:featuredmedia":[{"embeddable":true,"href":"https:\/\/www.organisator.ch\/it\/wp-json\/wp\/v2\/media\/29311"}],"wp:attachment":[{"href":"https:\/\/www.organisator.ch\/it\/wp-json\/wp\/v2\/media?parent=29309"}],"wp:term":[{"taxonomy":"category","embeddable":true,"href":"https:\/\/www.organisator.ch\/it\/wp-json\/wp\/v2\/categories?post=29309"},{"taxonomy":"post_tag","embeddable":true,"href":"https:\/\/www.organisator.ch\/it\/wp-json\/wp\/v2\/tags?post=29309"}],"curies":[{"name":"wp","href":"https:\/\/api.w.org\/{rel}","templated":true}]}}