{"id":29317,"date":"2024-08-28T07:05:56","date_gmt":"2024-08-28T05:05:56","guid":{"rendered":"https:\/\/www.organisator.ch\/?p=29317"},"modified":"2024-08-27T10:06:13","modified_gmt":"2024-08-27T08:06:13","slug":"die-hoehle-der-loewen-schweiz-neue-staffel-mit-einem-neuen-loewen","status":"publish","type":"post","link":"https:\/\/www.organisator.ch\/it\/management\/2024-08-28\/die-hoehle-der-loewen-schweiz-neue-staffel-mit-einem-neuen-loewen\/","title":{"rendered":"\"La Tana del Leone Svizzera\": Nuova stagione con un nuovo leone"},"content":{"rendered":"<figure id=\"attachment_29320\" aria-describedby=\"caption-attachment-29320\" style=\"width: 680px\" class=\"wp-caption alignnone\"><img loading=\"lazy\" decoding=\"async\" class=\"size-full wp-image-29320\" src=\"https:\/\/www.organisator.ch\/wp-content\/uploads\/2024\/08\/HDL6_Bild1_ps.jpg\" alt=\"\" width=\"680\" height=\"400\" srcset=\"https:\/\/www.organisator.ch\/wp-content\/uploads\/2024\/08\/HDL6_Bild1_ps.jpg 680w, https:\/\/www.organisator.ch\/wp-content\/uploads\/2024\/08\/HDL6_Bild1_ps-18x12.jpg 18w, https:\/\/www.organisator.ch\/wp-content\/uploads\/2024\/08\/HDL6_Bild1_ps-375x221.jpg 375w, https:\/\/www.organisator.ch\/wp-content\/uploads\/2024\/08\/HDL6_Bild1_ps-595x350.jpg 595w\" sizes=\"auto, (max-width: 680px) 100vw, 680px\" \/><figcaption id=\"caption-attachment-29320\" class=\"wp-caption-text\">\"Die H\u00f6hle der L\u00f6wen Schweiz\" torna il 10 settembre con un nuovo leone. (Immagine: CH Media)<\/figcaption><\/figure>\n<p>Come gli vengono in mente queste idee? Chiunque guardi \"Die H\u00f6hle der L\u00f6wen Schweiz\" si porr\u00e0 inevitabilmente questa domanda. Le start-up sono altamente creative, perch\u00e9 nella battaglia per gli investimenti, le giovani aziende devono riuscire a convincere gli investitori delle loro idee: l'esperto di vendita al dettaglio online e fondatore di Brack.Roland Brack, pioniere del business flat, Anja Graf, l'imprenditrice tecnologica Bettina Hein, l'imprenditore della sostenibilit\u00e0 Tobias Reichmuth, il cofondatore e CEO di Amorana Lukas Speiser, il proprietario di una societ\u00e0 di investimenti J\u00fcrg Schwarzenbach, il dermatologo e relatore di TedX Felix Bertram, l'imprenditrice dell'AI Nicole B\u00fcttner-Thiel e il nuovo imprenditore IT Tom Zimmermann.<\/p>\n<h3><strong>Chi \u00e8 il nuovo leone?<\/strong><\/h3>\n<p>Tom Zimmermann ha svolto un ruolo chiave nel plasmare l'industria informatica nel settore dell'istruzione per oltre due decenni. La sua esperienza nelle vendite e nel marketing lo ha portato a ricoprire posizioni di prestigio presso importanti banche e aziende leader come ALSO e IBM. Insieme al suo partner commerciale, ha fondato Pathworks, che ha venduto al gruppo quotato Computacenter nel 2019. Oltre alle sue attivit\u00e0 imprenditoriali, Tom Zimmermann \u00e8 anche impegnato nel settore delle start-up. Nella vita privata \u00e8 appassionato di arte e cultura. Gli piace giocare a snooker e a golf, quest'ultimo anche con la sua giovane famiglia.<\/p>\n<h3><strong>Quali start-up si distinguono in particolare?<\/strong><\/h3>\n<p>Questa volta, 42 entusiasmanti start-up provenienti da un'ampia gamma di settori si avventurano nella Fossa dei Leoni. Ad esempio:<\/p>\n<ul>\n<li><strong>Flappie (SZ) - la gattaiola intelligente:<\/strong> Flappie \u00e8 rivoluzionario. Ogni volta che il gatto cerca di entrare con una preda, Flappie reagisce istantaneamente e chiude l'ingresso. \u00c8 l'intelligenza artificiale a renderlo possibile e una start-up di Freienbach, nel Canton Svitto.<\/li>\n<li><strong>Everyman Health (ZH) - Piattaforma per uomini con problemi di potenza:<\/strong> Everyman Health, una start-up della citt\u00e0 di Zurigo, offre agli uomini con problemi di potenza un punto di contatto online senza stigma, comodo e sicuro per le cure mediche. I soggetti interessati ricevono una raccomandazione da medici svizzeri in pochi clic e una farmacia svizzera consegna con discrezione la soluzione giusta a domicilio.<\/li>\n<li><strong>Kanbii (ZH) - Applicazione per l'incontro tra domanda e offerta di lavoro:<\/strong> Questa applicazione per l'incontro tra domanda e offerta di lavoro crea un profilo professionale basato solo sulle competenze, senza un curriculum vitae. Ci\u00f2 significa che non vengono condivise informazioni personali prima che venga effettuato un abbinamento. Chi cerca lavoro e chi lo offre viene abbinato semplicemente strisciando a destra o a sinistra. Prodotto a Zurigo.<\/li>\n<li><strong>House of Momos (ZH) - servizio di consegna e catering: <\/strong>La start-up di Adliswil (ZH) offre un servizio di consegna di deliziosi ravioli tibetani, compreso il catering. Preparati a mano con ingredienti regionali e sempre con le salse giuste. Tutti gli imballaggi sono compostabili e realizzati con materiali rinnovabili.<\/li>\n<li><strong>Studyflash (BE) - AI che aiuta l'apprendimento: <\/strong>A Muri, vicino a Berna, una start-up si \u00e8 prefissata il compito di utilizzare l'intelligenza artificiale per adattare il materiale didattico alle lezioni e ai corsi frequentati, nonch\u00e9 alle esigenze individuali.<\/li>\n<\/ul>\n<p>Quali start-up riescono a ispirare le leonesse e i leoni e quali invece restano a mani vuote?<\/p>\n<h3><strong>Panoramica delle start-up organizzate per cantone:\u00a0<\/strong><\/h3>\n<ul>\n<li>Argovia: 4<\/li>\n<li>Basilea Citt\u00e0: 1<\/li>\n<li>Berna: 3<\/li>\n<li>Friburgo: 1<\/li>\n<li>Glarona: 1<\/li>\n<li>Lucerna: 3<\/li>\n<li>Svitto: 4<\/li>\n<li>Gallen: 3<\/li>\n<li>Ticino: 1<\/li>\n<li>Uri: 2<\/li>\n<li>Vallese: 1<\/li>\n<li>Zurigo: 18<\/li>\n<\/ul>\n<p>La sesta stagione di \"Die H\u00f6hle der L\u00f6wen Schweiz\" sar\u00e0 trasmessa su 3+ da marted\u00ec 10 settembre 2024 alle 20.15.<\/p>\n<p><em>Fonte: <a href=\"http:\/\/www.oneplus.ch\">www.oneplus.ch<\/a><\/em><\/p>","protected":false},"excerpt":{"rendered":"<p>Il pubblico svizzero della TV e dello streaming pu\u00f2 nuovamente aspettarsi idee imprenditoriali originali e talvolta rivoluzionarie - e un nuovo Leone: Tom Zimmermann \u00e8 un imprenditore informatico di successo e un investitore immobiliare. Si unisce alla giuria di investitori di alto livello in questa sesta stagione. 42 start-up sperano in un accordo, in 7 episodi danno tutto per convincere. Dal 10 settembre 2024 ogni marted\u00ec sera su 3+.<\/p>","protected":false},"author":58,"featured_media":29320,"comment_status":"closed","ping_status":"closed","sticky":false,"template":"","format":"standard","meta":{"_acf_changed":false,"_yoast_wpseo_focuskw":"L\u00f6wen","_yoast_wpseo_metadesc":"Das Schweizer TV- und Streaming-Publikum darf sich wieder auf originelle und teils revolution\u00e4re Business-Ideen freuen.","articlekey":"","footnotes":""},"categories":[28],"tags":[4015,284,334,450,492],"class_list":["post-29317","post","type-post","status-publish","format-standard","has-post-thumbnail","hentry","category-management","tag-die-hoehle-der-loewen-schweiz","tag-investitionen","tag-management","tag-start-ups","tag-unternehmen"],"acf":[],"yoast_head":"<!-- This site is optimized with the Yoast SEO plugin v27.5 - https:\/\/yoast.com\/product\/yoast-seo-wordpress\/ -->\n<title>\u00abDie H\u00f6hle der L\u00f6wen Schweiz\u00bb: Neue Staffel mit einem neuen L\u00f6wen - Organisator<\/title>\n<meta name=\"description\" content=\"Das Schweizer TV- und Streaming-Publikum darf sich wieder auf originelle und teils revolution\u00e4re Business-Ideen freuen.\" \/>\n<meta name=\"robots\" content=\"index, follow, max-snippet:-1, max-image-preview:large, max-video-preview:-1\" \/>\n<link rel=\"canonical\" href=\"https:\/\/www.organisator.ch\/it\/gestione-2\/2024-08-28\/die-hoehle-der-loewen-schweiz-neue-staffel-mit-einem-neuen-loewen\/\" \/>\n<meta property=\"og:locale\" content=\"it_IT\" \/>\n<meta property=\"og:type\" content=\"article\" \/>\n<meta property=\"og:title\" content=\"\u00abDie H\u00f6hle der L\u00f6wen Schweiz\u00bb: Neue Staffel mit einem neuen L\u00f6wen\" \/>\n<meta property=\"og:description\" content=\"Das Schweizer TV- und Streaming-Publikum darf sich wieder auf originelle und teils revolution\u00e4re Business-Ideen freuen.\" \/>\n<meta property=\"og:url\" content=\"https:\/\/www.organisator.ch\/it\/gestione-2\/2024-08-28\/die-hoehle-der-loewen-schweiz-neue-staffel-mit-einem-neuen-loewen\/\" \/>\n<meta property=\"og:site_name\" content=\"Organisator\" \/>\n<meta property=\"article:publisher\" content=\"https:\/\/www.facebook.com\/OrganisatorFachmagazin\" \/>\n<meta property=\"article:published_time\" content=\"2024-08-28T05:05:56+00:00\" \/>\n<meta property=\"og:image\" content=\"https:\/\/www.organisator.ch\/wp-content\/uploads\/2024\/08\/HDL6_Bild1_ps.jpg\" \/>\n\t<meta property=\"og:image:width\" content=\"680\" \/>\n\t<meta property=\"og:image:height\" content=\"400\" \/>\n\t<meta property=\"og:image:type\" content=\"image\/jpeg\" \/>\n<meta name=\"author\" content=\"Adelisa Kalajdzini\" \/>\n<meta name=\"twitter:card\" content=\"summary_large_image\" \/>\n<meta name=\"twitter:title\" content=\"\u00abDie H\u00f6hle der L\u00f6wen Schweiz\u00bb: Neue Staffel mit einem neuen L\u00f6wen\" \/>\n<meta name=\"twitter:description\" content=\"Das #Schweizer #TV- und #Streaming-Publikum darf sich wieder auf originelle und teils revolution\u00e4re #Business-Ideen freuen.\" \/>\n<meta name=\"twitter:image\" content=\"https:\/\/www.organisator.ch\/wp-content\/uploads\/2024\/08\/HDL6_Bild1_ps.jpg\" \/>\n<script type=\"application\/ld+json\" class=\"yoast-schema-graph\">{\"@context\":\"https:\\\/\\\/schema.org\",\"@graph\":[{\"@type\":\"Article\",\"@id\":\"https:\\\/\\\/www.organisator.ch\\\/management\\\/2024-08-28\\\/die-hoehle-der-loewen-schweiz-neue-staffel-mit-einem-neuen-loewen\\\/#article\",\"isPartOf\":{\"@id\":\"https:\\\/\\\/www.organisator.ch\\\/management\\\/2024-08-28\\\/die-hoehle-der-loewen-schweiz-neue-staffel-mit-einem-neuen-loewen\\\/\"},\"author\":{\"name\":\"Adelisa Kalajdzini\",\"@id\":\"https:\\\/\\\/www.organisator.ch\\\/#\\\/schema\\\/person\\\/2e1314a2172123f874db408d8911d3f3\"},\"headline\":\"\u00abDie H\u00f6hle der L\u00f6wen Schweiz\u00bb: Neue Staffel mit einem neuen L\u00f6wen\",\"datePublished\":\"2024-08-28T05:05:56+00:00\",\"mainEntityOfPage\":{\"@id\":\"https:\\\/\\\/www.organisator.ch\\\/management\\\/2024-08-28\\\/die-hoehle-der-loewen-schweiz-neue-staffel-mit-einem-neuen-loewen\\\/\"},\"wordCount\":521,\"publisher\":{\"@id\":\"https:\\\/\\\/www.organisator.ch\\\/#organization\"},\"image\":{\"@id\":\"https:\\\/\\\/www.organisator.ch\\\/management\\\/2024-08-28\\\/die-hoehle-der-loewen-schweiz-neue-staffel-mit-einem-neuen-loewen\\\/#primaryimage\"},\"thumbnailUrl\":\"https:\\\/\\\/www.organisator.ch\\\/wp-content\\\/uploads\\\/2024\\\/08\\\/HDL6_Bild1_ps.jpg\",\"keywords\":[\"Die H\u00f6hle der L\u00f6wen Schweiz\",\"Investitionen\",\"Management\",\"Start-ups\",\"Unternehmen\"],\"articleSection\":[\"MANAGEMENT\"],\"inLanguage\":\"it-IT\"},{\"@type\":\"WebPage\",\"@id\":\"https:\\\/\\\/www.organisator.ch\\\/management\\\/2024-08-28\\\/die-hoehle-der-loewen-schweiz-neue-staffel-mit-einem-neuen-loewen\\\/\",\"url\":\"https:\\\/\\\/www.organisator.ch\\\/management\\\/2024-08-28\\\/die-hoehle-der-loewen-schweiz-neue-staffel-mit-einem-neuen-loewen\\\/\",\"name\":\"\u00abDie H\u00f6hle der L\u00f6wen Schweiz\u00bb: Neue Staffel mit einem neuen L\u00f6wen - Organisator\",\"isPartOf\":{\"@id\":\"https:\\\/\\\/www.organisator.ch\\\/#website\"},\"primaryImageOfPage\":{\"@id\":\"https:\\\/\\\/www.organisator.ch\\\/management\\\/2024-08-28\\\/die-hoehle-der-loewen-schweiz-neue-staffel-mit-einem-neuen-loewen\\\/#primaryimage\"},\"image\":{\"@id\":\"https:\\\/\\\/www.organisator.ch\\\/management\\\/2024-08-28\\\/die-hoehle-der-loewen-schweiz-neue-staffel-mit-einem-neuen-loewen\\\/#primaryimage\"},\"thumbnailUrl\":\"https:\\\/\\\/www.organisator.ch\\\/wp-content\\\/uploads\\\/2024\\\/08\\\/HDL6_Bild1_ps.jpg\",\"datePublished\":\"2024-08-28T05:05:56+00:00\",\"description\":\"Das Schweizer TV- und Streaming-Publikum darf sich wieder auf originelle und teils revolution\u00e4re Business-Ideen freuen.\",\"breadcrumb\":{\"@id\":\"https:\\\/\\\/www.organisator.ch\\\/management\\\/2024-08-28\\\/die-hoehle-der-loewen-schweiz-neue-staffel-mit-einem-neuen-loewen\\\/#breadcrumb\"},\"inLanguage\":\"it-IT\",\"potentialAction\":[{\"@type\":\"ReadAction\",\"target\":[\"https:\\\/\\\/www.organisator.ch\\\/management\\\/2024-08-28\\\/die-hoehle-der-loewen-schweiz-neue-staffel-mit-einem-neuen-loewen\\\/\"]}]},{\"@type\":\"ImageObject\",\"inLanguage\":\"it-IT\",\"@id\":\"https:\\\/\\\/www.organisator.ch\\\/management\\\/2024-08-28\\\/die-hoehle-der-loewen-schweiz-neue-staffel-mit-einem-neuen-loewen\\\/#primaryimage\",\"url\":\"https:\\\/\\\/www.organisator.ch\\\/wp-content\\\/uploads\\\/2024\\\/08\\\/HDL6_Bild1_ps.jpg\",\"contentUrl\":\"https:\\\/\\\/www.organisator.ch\\\/wp-content\\\/uploads\\\/2024\\\/08\\\/HDL6_Bild1_ps.jpg\",\"width\":680,\"height\":400,\"caption\":\"\u00abDie H\u00f6hle der L\u00f6wen Schweiz\u00bb kehrt am 10. September mit einem neuen L\u00f6wen zur\u00fcck. (Bild: CH Media)\"},{\"@type\":\"BreadcrumbList\",\"@id\":\"https:\\\/\\\/www.organisator.ch\\\/management\\\/2024-08-28\\\/die-hoehle-der-loewen-schweiz-neue-staffel-mit-einem-neuen-loewen\\\/#breadcrumb\",\"itemListElement\":[{\"@type\":\"ListItem\",\"position\":1,\"name\":\"Home\",\"item\":\"https:\\\/\\\/www.organisator.ch\\\/\"},{\"@type\":\"ListItem\",\"position\":2,\"name\":\"\u00abDie H\u00f6hle der L\u00f6wen Schweiz\u00bb: Neue Staffel mit einem neuen L\u00f6wen\"}]},{\"@type\":\"WebSite\",\"@id\":\"https:\\\/\\\/www.organisator.ch\\\/#website\",\"url\":\"https:\\\/\\\/www.organisator.ch\\\/\",\"name\":\"Organisator\",\"description\":\"Kompetent. Praxisnah. Der ORGANISATOR bereitet in 10 Ausgaben pro Jahr die wesentlichen Themen f\u00fcr F\u00fchrungskr\u00e4fte von KMU auf.\",\"publisher\":{\"@id\":\"https:\\\/\\\/www.organisator.ch\\\/#organization\"},\"potentialAction\":[{\"@type\":\"SearchAction\",\"target\":{\"@type\":\"EntryPoint\",\"urlTemplate\":\"https:\\\/\\\/www.organisator.ch\\\/?s={search_term_string}\"},\"query-input\":{\"@type\":\"PropertyValueSpecification\",\"valueRequired\":true,\"valueName\":\"search_term_string\"}}],\"inLanguage\":\"it-IT\"},{\"@type\":\"Organization\",\"@id\":\"https:\\\/\\\/www.organisator.ch\\\/#organization\",\"name\":\"Organisator\",\"url\":\"https:\\\/\\\/www.organisator.ch\\\/\",\"logo\":{\"@type\":\"ImageObject\",\"inLanguage\":\"it-IT\",\"@id\":\"https:\\\/\\\/www.organisator.ch\\\/#\\\/schema\\\/logo\\\/image\\\/\",\"url\":\"https:\\\/\\\/www.organisator.ch\\\/wp-content\\\/uploads\\\/2022\\\/01\\\/Logo_Organisator_Website.png\",\"contentUrl\":\"https:\\\/\\\/www.organisator.ch\\\/wp-content\\\/uploads\\\/2022\\\/01\\\/Logo_Organisator_Website.png\",\"width\":800,\"height\":77,\"caption\":\"Organisator\"},\"image\":{\"@id\":\"https:\\\/\\\/www.organisator.ch\\\/#\\\/schema\\\/logo\\\/image\\\/\"},\"sameAs\":[\"https:\\\/\\\/www.facebook.com\\\/OrganisatorFachmagazin\",\"https:\\\/\\\/www.linkedin.com\\\/showcase\\\/organisator-das-magazin-fr-kmu\",\"https:\\\/\\\/www.xing.com\\\/news\\\/pages\\\/organisator-ch-695\",\"https:\\\/\\\/www.youtube.com\\\/channel\\\/UCGP2Sq0iWaZwT3BdIAQFYpw\"]},{\"@type\":\"Person\",\"@id\":\"https:\\\/\\\/www.organisator.ch\\\/#\\\/schema\\\/person\\\/2e1314a2172123f874db408d8911d3f3\",\"name\":\"Adelisa Kalajdzini\",\"image\":{\"@type\":\"ImageObject\",\"inLanguage\":\"it-IT\",\"@id\":\"https:\\\/\\\/secure.gravatar.com\\\/avatar\\\/09a397c22ac58cad6f160ee8306348599df9df58a8ede73696226897b9fa4b24?s=96&d=mm&r=g\",\"url\":\"https:\\\/\\\/secure.gravatar.com\\\/avatar\\\/09a397c22ac58cad6f160ee8306348599df9df58a8ede73696226897b9fa4b24?s=96&d=mm&r=g\",\"contentUrl\":\"https:\\\/\\\/secure.gravatar.com\\\/avatar\\\/09a397c22ac58cad6f160ee8306348599df9df58a8ede73696226897b9fa4b24?s=96&d=mm&r=g\",\"caption\":\"Adelisa Kalajdzini\"},\"url\":\"https:\\\/\\\/www.organisator.ch\\\/it\\\/author\\\/adelisa-kalajdzini\\\/\"}]}<\/script>\n<!-- \/ Yoast SEO plugin. -->","yoast_head_json":{"title":"\"La Tana del Leone Svizzera\": Nuova stagione con un nuovo leone - organizzatore","description":"Il pubblico svizzero della TV e dello streaming pu\u00f2 di nuovo aspettarsi idee imprenditoriali originali e talvolta rivoluzionarie.","robots":{"index":"index","follow":"follow","max-snippet":"max-snippet:-1","max-image-preview":"max-image-preview:large","max-video-preview":"max-video-preview:-1"},"canonical":"https:\/\/www.organisator.ch\/it\/gestione-2\/2024-08-28\/die-hoehle-der-loewen-schweiz-neue-staffel-mit-einem-neuen-loewen\/","og_locale":"it_IT","og_type":"article","og_title":"\u00abDie H\u00f6hle der L\u00f6wen Schweiz\u00bb: Neue Staffel mit einem neuen L\u00f6wen","og_description":"Das Schweizer TV- und Streaming-Publikum darf sich wieder auf originelle und teils revolution\u00e4re Business-Ideen freuen.","og_url":"https:\/\/www.organisator.ch\/it\/gestione-2\/2024-08-28\/die-hoehle-der-loewen-schweiz-neue-staffel-mit-einem-neuen-loewen\/","og_site_name":"Organisator","article_publisher":"https:\/\/www.facebook.com\/OrganisatorFachmagazin","article_published_time":"2024-08-28T05:05:56+00:00","og_image":[{"width":680,"height":400,"url":"https:\/\/www.organisator.ch\/wp-content\/uploads\/2024\/08\/HDL6_Bild1_ps.jpg","type":"image\/jpeg"}],"author":"Adelisa Kalajdzini","twitter_card":"summary_large_image","twitter_title":"\u00abDie H\u00f6hle der L\u00f6wen Schweiz\u00bb: Neue Staffel mit einem neuen L\u00f6wen","twitter_description":"Das #Schweizer #TV- und #Streaming-Publikum darf sich wieder auf originelle und teils revolution\u00e4re #Business-Ideen freuen.","twitter_image":"https:\/\/www.organisator.ch\/wp-content\/uploads\/2024\/08\/HDL6_Bild1_ps.jpg","schema":{"@context":"https:\/\/schema.org","@graph":[{"@type":"Article","@id":"https:\/\/www.organisator.ch\/management\/2024-08-28\/die-hoehle-der-loewen-schweiz-neue-staffel-mit-einem-neuen-loewen\/#article","isPartOf":{"@id":"https:\/\/www.organisator.ch\/management\/2024-08-28\/die-hoehle-der-loewen-schweiz-neue-staffel-mit-einem-neuen-loewen\/"},"author":{"name":"Adelisa Kalajdzini","@id":"https:\/\/www.organisator.ch\/#\/schema\/person\/2e1314a2172123f874db408d8911d3f3"},"headline":"\u00abDie H\u00f6hle der L\u00f6wen Schweiz\u00bb: Neue Staffel mit einem neuen L\u00f6wen","datePublished":"2024-08-28T05:05:56+00:00","mainEntityOfPage":{"@id":"https:\/\/www.organisator.ch\/management\/2024-08-28\/die-hoehle-der-loewen-schweiz-neue-staffel-mit-einem-neuen-loewen\/"},"wordCount":521,"publisher":{"@id":"https:\/\/www.organisator.ch\/#organization"},"image":{"@id":"https:\/\/www.organisator.ch\/management\/2024-08-28\/die-hoehle-der-loewen-schweiz-neue-staffel-mit-einem-neuen-loewen\/#primaryimage"},"thumbnailUrl":"https:\/\/www.organisator.ch\/wp-content\/uploads\/2024\/08\/HDL6_Bild1_ps.jpg","keywords":["Die H\u00f6hle der L\u00f6wen Schweiz","Investitionen","Management","Start-ups","Unternehmen"],"articleSection":["MANAGEMENT"],"inLanguage":"it-IT"},{"@type":"WebPage","@id":"https:\/\/www.organisator.ch\/management\/2024-08-28\/die-hoehle-der-loewen-schweiz-neue-staffel-mit-einem-neuen-loewen\/","url":"https:\/\/www.organisator.ch\/management\/2024-08-28\/die-hoehle-der-loewen-schweiz-neue-staffel-mit-einem-neuen-loewen\/","name":"\"La Tana del Leone Svizzera\": Nuova stagione con un nuovo leone - organizzatore","isPartOf":{"@id":"https:\/\/www.organisator.ch\/#website"},"primaryImageOfPage":{"@id":"https:\/\/www.organisator.ch\/management\/2024-08-28\/die-hoehle-der-loewen-schweiz-neue-staffel-mit-einem-neuen-loewen\/#primaryimage"},"image":{"@id":"https:\/\/www.organisator.ch\/management\/2024-08-28\/die-hoehle-der-loewen-schweiz-neue-staffel-mit-einem-neuen-loewen\/#primaryimage"},"thumbnailUrl":"https:\/\/www.organisator.ch\/wp-content\/uploads\/2024\/08\/HDL6_Bild1_ps.jpg","datePublished":"2024-08-28T05:05:56+00:00","description":"Il pubblico svizzero della TV e dello streaming pu\u00f2 di nuovo aspettarsi idee imprenditoriali originali e talvolta rivoluzionarie.","breadcrumb":{"@id":"https:\/\/www.organisator.ch\/management\/2024-08-28\/die-hoehle-der-loewen-schweiz-neue-staffel-mit-einem-neuen-loewen\/#breadcrumb"},"inLanguage":"it-IT","potentialAction":[{"@type":"ReadAction","target":["https:\/\/www.organisator.ch\/management\/2024-08-28\/die-hoehle-der-loewen-schweiz-neue-staffel-mit-einem-neuen-loewen\/"]}]},{"@type":"ImageObject","inLanguage":"it-IT","@id":"https:\/\/www.organisator.ch\/management\/2024-08-28\/die-hoehle-der-loewen-schweiz-neue-staffel-mit-einem-neuen-loewen\/#primaryimage","url":"https:\/\/www.organisator.ch\/wp-content\/uploads\/2024\/08\/HDL6_Bild1_ps.jpg","contentUrl":"https:\/\/www.organisator.ch\/wp-content\/uploads\/2024\/08\/HDL6_Bild1_ps.jpg","width":680,"height":400,"caption":"\u00abDie H\u00f6hle der L\u00f6wen Schweiz\u00bb kehrt am 10. September mit einem neuen L\u00f6wen zur\u00fcck. (Bild: CH Media)"},{"@type":"BreadcrumbList","@id":"https:\/\/www.organisator.ch\/management\/2024-08-28\/die-hoehle-der-loewen-schweiz-neue-staffel-mit-einem-neuen-loewen\/#breadcrumb","itemListElement":[{"@type":"ListItem","position":1,"name":"Home","item":"https:\/\/www.organisator.ch\/"},{"@type":"ListItem","position":2,"name":"\u00abDie H\u00f6hle der L\u00f6wen Schweiz\u00bb: Neue Staffel mit einem neuen L\u00f6wen"}]},{"@type":"WebSite","@id":"https:\/\/www.organisator.ch\/#website","url":"https:\/\/www.organisator.ch\/","name":"Organizzatore","description":"Competente. Pratico. In 10 numeri all'anno, ORGANISATOR presenta i temi essenziali per i manager delle PMI.","publisher":{"@id":"https:\/\/www.organisator.ch\/#organization"},"potentialAction":[{"@type":"SearchAction","target":{"@type":"EntryPoint","urlTemplate":"https:\/\/www.organisator.ch\/?s={search_term_string}"},"query-input":{"@type":"PropertyValueSpecification","valueRequired":true,"valueName":"search_term_string"}}],"inLanguage":"it-IT"},{"@type":"Organization","@id":"https:\/\/www.organisator.ch\/#organization","name":"Organizzatore","url":"https:\/\/www.organisator.ch\/","logo":{"@type":"ImageObject","inLanguage":"it-IT","@id":"https:\/\/www.organisator.ch\/#\/schema\/logo\/image\/","url":"https:\/\/www.organisator.ch\/wp-content\/uploads\/2022\/01\/Logo_Organisator_Website.png","contentUrl":"https:\/\/www.organisator.ch\/wp-content\/uploads\/2022\/01\/Logo_Organisator_Website.png","width":800,"height":77,"caption":"Organisator"},"image":{"@id":"https:\/\/www.organisator.ch\/#\/schema\/logo\/image\/"},"sameAs":["https:\/\/www.facebook.com\/OrganisatorFachmagazin","https:\/\/www.linkedin.com\/showcase\/organisator-das-magazin-fr-kmu","https:\/\/www.xing.com\/news\/pages\/organisator-ch-695","https:\/\/www.youtube.com\/channel\/UCGP2Sq0iWaZwT3BdIAQFYpw"]},{"@type":"Person","@id":"https:\/\/www.organisator.ch\/#\/schema\/person\/2e1314a2172123f874db408d8911d3f3","name":"Adelisa Kalajdzini","image":{"@type":"ImageObject","inLanguage":"it-IT","@id":"https:\/\/secure.gravatar.com\/avatar\/09a397c22ac58cad6f160ee8306348599df9df58a8ede73696226897b9fa4b24?s=96&d=mm&r=g","url":"https:\/\/secure.gravatar.com\/avatar\/09a397c22ac58cad6f160ee8306348599df9df58a8ede73696226897b9fa4b24?s=96&d=mm&r=g","contentUrl":"https:\/\/secure.gravatar.com\/avatar\/09a397c22ac58cad6f160ee8306348599df9df58a8ede73696226897b9fa4b24?s=96&d=mm&r=g","caption":"Adelisa Kalajdzini"},"url":"https:\/\/www.organisator.ch\/it\/author\/adelisa-kalajdzini\/"}]}},"_links":{"self":[{"href":"https:\/\/www.organisator.ch\/it\/wp-json\/wp\/v2\/posts\/29317","targetHints":{"allow":["GET"]}}],"collection":[{"href":"https:\/\/www.organisator.ch\/it\/wp-json\/wp\/v2\/posts"}],"about":[{"href":"https:\/\/www.organisator.ch\/it\/wp-json\/wp\/v2\/types\/post"}],"author":[{"embeddable":true,"href":"https:\/\/www.organisator.ch\/it\/wp-json\/wp\/v2\/users\/58"}],"replies":[{"embeddable":true,"href":"https:\/\/www.organisator.ch\/it\/wp-json\/wp\/v2\/comments?post=29317"}],"version-history":[{"count":6,"href":"https:\/\/www.organisator.ch\/it\/wp-json\/wp\/v2\/posts\/29317\/revisions"}],"predecessor-version":[{"id":29415,"href":"https:\/\/www.organisator.ch\/it\/wp-json\/wp\/v2\/posts\/29317\/revisions\/29415"}],"wp:featuredmedia":[{"embeddable":true,"href":"https:\/\/www.organisator.ch\/it\/wp-json\/wp\/v2\/media\/29320"}],"wp:attachment":[{"href":"https:\/\/www.organisator.ch\/it\/wp-json\/wp\/v2\/media?parent=29317"}],"wp:term":[{"taxonomy":"category","embeddable":true,"href":"https:\/\/www.organisator.ch\/it\/wp-json\/wp\/v2\/categories?post=29317"},{"taxonomy":"post_tag","embeddable":true,"href":"https:\/\/www.organisator.ch\/it\/wp-json\/wp\/v2\/tags?post=29317"}],"curies":[{"name":"wp","href":"https:\/\/api.w.org\/{rel}","templated":true}]}}