{"id":29342,"date":"2024-08-27T14:24:18","date_gmt":"2024-08-27T12:24:18","guid":{"rendered":"https:\/\/www.markt-kom.com\/?p=222178"},"modified":"2024-11-08T12:26:28","modified_gmt":"2024-11-08T11:26:28","slug":"krankenkassen-sollen-weiterhin-praemien-fuer-werbung-einsetzen-koennen","status":"publish","type":"post","link":"https:\/\/www.organisator.ch\/it\/marketing\/2024-08-27\/krankenkassen-sollen-weiterhin-praemien-fuer-werbung-einsetzen-koennen\/","title":{"rendered":"Le compagnie di assicurazione sanitaria devono continuare a poter utilizzare i premi per la pubblicit\u00e0"},"content":{"rendered":"<figure id=\"attachment_211065\" class=\"wp-caption aligncenter\" style=\"width: 1223px\" aria-describedby=\"caption-attachment-211065\"><img class=\"aligncenter wp-image-211065 size-full\" src=\"https:\/\/www.markt-kom.com\/wp-content\/uploads\/2024\/02\/Krankenkasse-Symbolbild-Christian-Beutler.png\" alt=\"Fondi di assicurazione sanitaria\" width=\"1223\" height=\"682\" \/>\r\n<figcaption id=\"caption-attachment-211065\" class=\"wp-caption-text\">(Immagine simbolica: Keystone\/Christian Beutler)<\/figcaption>\r\n<\/figure>\r\n<p>Come annunciato marted\u00ec dai servizi parlamentari, la Commissione per la sicurezza sociale e la salute del Consiglio degli Stati (SGK-S) ritiene che la pubblicit\u00e0 sia necessaria anche in un sistema di concorrenza regolamentata e che offra un valore aggiunto. La commissione sottolinea inoltre che i costi della pubblicit\u00e0 ammonterebbero solo a circa lo 0,2% dei premi.<\/p>\r\n<p>Con 7 voti favorevoli, 4 contrari e un'astensione, la commissione del Consiglio degli Stati ha respinto la decisione della commissione consorella del Consiglio nazionale di dare seguito a un'iniziativa parlamentare. L'iniziativa era stata presentata dall'ex consigliere nazionale Baptiste Hurni (SP\/NE), che voleva impedire l'utilizzo dei premi per la pubblicit\u00e0 delle assicurazioni sanitarie.<\/p>\r\n<p>In seguito alla decisione dell'SGK-S, la proposta torner\u00e0 ora alla commissione del Consiglio nazionale competente. La Commissione per la sicurezza sociale e la salute del Consiglio nazionale (SGK-N) l'ha approvata con un margine sottilissimo a febbraio. La decisione \u00e8 stata presa con 12 voti favorevoli e 12 contrari, con il voto decisivo della presidente della commissione Barbara Gysi (SP\/SG).<\/p>\r\n<p>A febbraio, la maggioranza della SGK-N ha sottolineato che l'assicurazione di base \u00e8 obbligatoria e che la pubblicit\u00e0 non serve n\u00e9 alla prevenzione n\u00e9 alla promozione della salute e quindi non apporta alcun valore aggiunto. Pertanto, la spesa corrispondente non dovrebbe essere finanziata dai premi. La pratica attuale \"non \u00e8 pi\u00f9 accettabile\" alla luce del continuo aumento dei premi.<\/p>\r\n<p>Oggi la pubblicit\u00e0 per l'assicurazione sanitaria obbligatoria pu\u00f2 essere riconosciuta anche dagli assicuratori come spesa amministrativa e viene quindi finanziata attraverso i premi degli assicurati. Nel 2022, questi costi pubblicitari ammontavano a poco meno di 73 milioni di franchi, come ha scritto la SGK-N all'inizio dell'anno. <em>(SDA)<\/em><\/p>","protected":false},"excerpt":{"rendered":"<p>Anche in futuro le compagnie di assicurazione sanitaria svizzere dovrebbero poter utilizzare i premi per la pubblicit\u00e0. Questo \u00e8 ci\u00f2 che vuole la commissione competente del Consiglio degli Stati.<\/p>","protected":false},"author":8,"featured_media":0,"comment_status":"closed","ping_status":"closed","sticky":false,"template":"","format":"standard","meta":{"_acf_changed":false,"_yoast_wpseo_focuskw":"Krankenkassen","_yoast_wpseo_metadesc":"Debatte \u00fcber Krankenkassen-Werbung in der Schweiz: SGK-S lehnt Initiative zur Verhinderung von Pr\u00e4miengeldern f\u00fcr Werbung ab.","articlekey":"","footnotes":""},"categories":[29],"tags":[4425,4343,520],"class_list":["post-29342","post","type-post","status-publish","format-standard","hentry","category-marketing","tag-krankenkassen","tag-markom","tag-werbung"],"acf":[],"yoast_head":"<!-- This site is optimized with the Yoast SEO plugin v27.5 - https:\/\/yoast.com\/product\/yoast-seo-wordpress\/ -->\n<title>Krankenkassen sollen weiterhin Pr\u00e4mien f\u00fcr Werbung einsetzen k\u00f6nnen - Organisator<\/title>\n<meta name=\"description\" content=\"Debatte \u00fcber Krankenkassen-Werbung in der Schweiz: SGK-S lehnt Initiative zur Verhinderung von Pr\u00e4miengeldern f\u00fcr Werbung ab.\" \/>\n<meta name=\"robots\" content=\"index, follow, max-snippet:-1, max-image-preview:large, max-video-preview:-1\" \/>\n<link rel=\"canonical\" href=\"https:\/\/www.organisator.ch\/it\/marketing\/2024-08-27\/krankenkassen-sollen-weiterhin-praemien-fuer-werbung-einsetzen-koennen\/\" \/>\n<meta property=\"og:locale\" content=\"it_IT\" \/>\n<meta property=\"og:type\" content=\"article\" \/>\n<meta property=\"og:title\" content=\"Krankenkassen sollen weiterhin Pr\u00e4mien f\u00fcr Werbung einsetzen k\u00f6nnen - Organisator\" \/>\n<meta property=\"og:description\" content=\"Debatte \u00fcber Krankenkassen-Werbung in der Schweiz: SGK-S lehnt Initiative zur Verhinderung von Pr\u00e4miengeldern f\u00fcr Werbung ab.\" \/>\n<meta property=\"og:url\" content=\"https:\/\/www.organisator.ch\/it\/marketing\/2024-08-27\/krankenkassen-sollen-weiterhin-praemien-fuer-werbung-einsetzen-koennen\/\" \/>\n<meta property=\"og:site_name\" content=\"Organisator\" \/>\n<meta property=\"article:publisher\" content=\"https:\/\/www.facebook.com\/OrganisatorFachmagazin\" \/>\n<meta property=\"article:published_time\" content=\"2024-08-27T12:24:18+00:00\" \/>\n<meta property=\"article:modified_time\" content=\"2024-11-08T11:26:28+00:00\" \/>\n<meta property=\"og:image\" content=\"https:\/\/www.markt-kom.com\/wp-content\/uploads\/2024\/02\/Krankenkasse-Symbolbild-Christian-Beutler.png\" \/>\n<meta name=\"author\" content=\"galledia\" \/>\n<meta name=\"twitter:card\" content=\"summary_large_image\" \/>\n<meta name=\"twitter:creator\" content=\"@admin\" \/>\n<script type=\"application\/ld+json\" class=\"yoast-schema-graph\">{\"@context\":\"https:\\\/\\\/schema.org\",\"@graph\":[{\"@type\":\"Article\",\"@id\":\"https:\\\/\\\/www.organisator.ch\\\/marketing\\\/2024-08-27\\\/krankenkassen-sollen-weiterhin-praemien-fuer-werbung-einsetzen-koennen\\\/#article\",\"isPartOf\":{\"@id\":\"https:\\\/\\\/www.organisator.ch\\\/marketing\\\/2024-08-27\\\/krankenkassen-sollen-weiterhin-praemien-fuer-werbung-einsetzen-koennen\\\/\"},\"author\":{\"name\":\"galledia\",\"@id\":\"https:\\\/\\\/www.organisator.ch\\\/#\\\/schema\\\/person\\\/4e51799071cd2dd1232ac003643ef5f0\"},\"headline\":\"Krankenkassen sollen weiterhin Pr\u00e4mien f\u00fcr Werbung einsetzen k\u00f6nnen\",\"datePublished\":\"2024-08-27T12:24:18+00:00\",\"dateModified\":\"2024-11-08T11:26:28+00:00\",\"mainEntityOfPage\":{\"@id\":\"https:\\\/\\\/www.organisator.ch\\\/marketing\\\/2024-08-27\\\/krankenkassen-sollen-weiterhin-praemien-fuer-werbung-einsetzen-koennen\\\/\"},\"wordCount\":254,\"publisher\":{\"@id\":\"https:\\\/\\\/www.organisator.ch\\\/#organization\"},\"image\":{\"@id\":\"https:\\\/\\\/www.organisator.ch\\\/marketing\\\/2024-08-27\\\/krankenkassen-sollen-weiterhin-praemien-fuer-werbung-einsetzen-koennen\\\/#primaryimage\"},\"thumbnailUrl\":\"https:\\\/\\\/www.markt-kom.com\\\/wp-content\\\/uploads\\\/2024\\\/02\\\/Krankenkasse-Symbolbild-Christian-Beutler.png\",\"keywords\":[\"Krankenkassen\",\"MarKom\",\"Werbung\"],\"articleSection\":[\"MARKETING\"],\"inLanguage\":\"it-IT\"},{\"@type\":\"WebPage\",\"@id\":\"https:\\\/\\\/www.organisator.ch\\\/marketing\\\/2024-08-27\\\/krankenkassen-sollen-weiterhin-praemien-fuer-werbung-einsetzen-koennen\\\/\",\"url\":\"https:\\\/\\\/www.organisator.ch\\\/marketing\\\/2024-08-27\\\/krankenkassen-sollen-weiterhin-praemien-fuer-werbung-einsetzen-koennen\\\/\",\"name\":\"Krankenkassen sollen weiterhin Pr\u00e4mien f\u00fcr Werbung einsetzen k\u00f6nnen - Organisator\",\"isPartOf\":{\"@id\":\"https:\\\/\\\/www.organisator.ch\\\/#website\"},\"primaryImageOfPage\":{\"@id\":\"https:\\\/\\\/www.organisator.ch\\\/marketing\\\/2024-08-27\\\/krankenkassen-sollen-weiterhin-praemien-fuer-werbung-einsetzen-koennen\\\/#primaryimage\"},\"image\":{\"@id\":\"https:\\\/\\\/www.organisator.ch\\\/marketing\\\/2024-08-27\\\/krankenkassen-sollen-weiterhin-praemien-fuer-werbung-einsetzen-koennen\\\/#primaryimage\"},\"thumbnailUrl\":\"https:\\\/\\\/www.markt-kom.com\\\/wp-content\\\/uploads\\\/2024\\\/02\\\/Krankenkasse-Symbolbild-Christian-Beutler.png\",\"datePublished\":\"2024-08-27T12:24:18+00:00\",\"dateModified\":\"2024-11-08T11:26:28+00:00\",\"description\":\"Debatte \u00fcber Krankenkassen-Werbung in der Schweiz: SGK-S lehnt Initiative zur Verhinderung von Pr\u00e4miengeldern f\u00fcr Werbung ab.\",\"breadcrumb\":{\"@id\":\"https:\\\/\\\/www.organisator.ch\\\/marketing\\\/2024-08-27\\\/krankenkassen-sollen-weiterhin-praemien-fuer-werbung-einsetzen-koennen\\\/#breadcrumb\"},\"inLanguage\":\"it-IT\",\"potentialAction\":[{\"@type\":\"ReadAction\",\"target\":[\"https:\\\/\\\/www.organisator.ch\\\/marketing\\\/2024-08-27\\\/krankenkassen-sollen-weiterhin-praemien-fuer-werbung-einsetzen-koennen\\\/\"]}]},{\"@type\":\"ImageObject\",\"inLanguage\":\"it-IT\",\"@id\":\"https:\\\/\\\/www.organisator.ch\\\/marketing\\\/2024-08-27\\\/krankenkassen-sollen-weiterhin-praemien-fuer-werbung-einsetzen-koennen\\\/#primaryimage\",\"url\":\"https:\\\/\\\/www.markt-kom.com\\\/wp-content\\\/uploads\\\/2024\\\/02\\\/Krankenkasse-Symbolbild-Christian-Beutler.png\",\"contentUrl\":\"https:\\\/\\\/www.markt-kom.com\\\/wp-content\\\/uploads\\\/2024\\\/02\\\/Krankenkasse-Symbolbild-Christian-Beutler.png\"},{\"@type\":\"BreadcrumbList\",\"@id\":\"https:\\\/\\\/www.organisator.ch\\\/marketing\\\/2024-08-27\\\/krankenkassen-sollen-weiterhin-praemien-fuer-werbung-einsetzen-koennen\\\/#breadcrumb\",\"itemListElement\":[{\"@type\":\"ListItem\",\"position\":1,\"name\":\"Home\",\"item\":\"https:\\\/\\\/www.organisator.ch\\\/\"},{\"@type\":\"ListItem\",\"position\":2,\"name\":\"Krankenkassen sollen weiterhin Pr\u00e4mien f\u00fcr Werbung einsetzen k\u00f6nnen\"}]},{\"@type\":\"WebSite\",\"@id\":\"https:\\\/\\\/www.organisator.ch\\\/#website\",\"url\":\"https:\\\/\\\/www.organisator.ch\\\/\",\"name\":\"Organisator\",\"description\":\"Kompetent. Praxisnah. Der ORGANISATOR bereitet in 10 Ausgaben pro Jahr die wesentlichen Themen f\u00fcr F\u00fchrungskr\u00e4fte von KMU auf.\",\"publisher\":{\"@id\":\"https:\\\/\\\/www.organisator.ch\\\/#organization\"},\"potentialAction\":[{\"@type\":\"SearchAction\",\"target\":{\"@type\":\"EntryPoint\",\"urlTemplate\":\"https:\\\/\\\/www.organisator.ch\\\/?s={search_term_string}\"},\"query-input\":{\"@type\":\"PropertyValueSpecification\",\"valueRequired\":true,\"valueName\":\"search_term_string\"}}],\"inLanguage\":\"it-IT\"},{\"@type\":\"Organization\",\"@id\":\"https:\\\/\\\/www.organisator.ch\\\/#organization\",\"name\":\"Organisator\",\"url\":\"https:\\\/\\\/www.organisator.ch\\\/\",\"logo\":{\"@type\":\"ImageObject\",\"inLanguage\":\"it-IT\",\"@id\":\"https:\\\/\\\/www.organisator.ch\\\/#\\\/schema\\\/logo\\\/image\\\/\",\"url\":\"https:\\\/\\\/www.organisator.ch\\\/wp-content\\\/uploads\\\/2022\\\/01\\\/Logo_Organisator_Website.png\",\"contentUrl\":\"https:\\\/\\\/www.organisator.ch\\\/wp-content\\\/uploads\\\/2022\\\/01\\\/Logo_Organisator_Website.png\",\"width\":800,\"height\":77,\"caption\":\"Organisator\"},\"image\":{\"@id\":\"https:\\\/\\\/www.organisator.ch\\\/#\\\/schema\\\/logo\\\/image\\\/\"},\"sameAs\":[\"https:\\\/\\\/www.facebook.com\\\/OrganisatorFachmagazin\",\"https:\\\/\\\/www.linkedin.com\\\/showcase\\\/organisator-das-magazin-fr-kmu\",\"https:\\\/\\\/www.xing.com\\\/news\\\/pages\\\/organisator-ch-695\",\"https:\\\/\\\/www.youtube.com\\\/channel\\\/UCGP2Sq0iWaZwT3BdIAQFYpw\"]},{\"@type\":\"Person\",\"@id\":\"https:\\\/\\\/www.organisator.ch\\\/#\\\/schema\\\/person\\\/4e51799071cd2dd1232ac003643ef5f0\",\"name\":\"galledia\",\"image\":{\"@type\":\"ImageObject\",\"inLanguage\":\"it-IT\",\"@id\":\"https:\\\/\\\/secure.gravatar.com\\\/avatar\\\/78a7f90c01fc2bfc875782a0d4922b37cde2cf184ce347b91316d23cd7f69a36?s=96&d=mm&r=g\",\"url\":\"https:\\\/\\\/secure.gravatar.com\\\/avatar\\\/78a7f90c01fc2bfc875782a0d4922b37cde2cf184ce347b91316d23cd7f69a36?s=96&d=mm&r=g\",\"contentUrl\":\"https:\\\/\\\/secure.gravatar.com\\\/avatar\\\/78a7f90c01fc2bfc875782a0d4922b37cde2cf184ce347b91316d23cd7f69a36?s=96&d=mm&r=g\",\"caption\":\"galledia\"},\"sameAs\":[\"https:\\\/\\\/x.com\\\/admin\"],\"url\":\"https:\\\/\\\/www.organisator.ch\\\/it\\\/author\\\/galledia\\\/\"}]}<\/script>\n<!-- \/ Yoast SEO plugin. -->","yoast_head_json":{"title":"Le compagnie di assicurazione sanitaria devono continuare a poter utilizzare i premi per la pubblicit\u00e0 - Organizzatore","description":"Dibattito sulla pubblicit\u00e0 delle assicurazioni sanitarie in Svizzera: la SGK-S respinge l'iniziativa di impedire l'utilizzo dei premi per la pubblicit\u00e0.","robots":{"index":"index","follow":"follow","max-snippet":"max-snippet:-1","max-image-preview":"max-image-preview:large","max-video-preview":"max-video-preview:-1"},"canonical":"https:\/\/www.organisator.ch\/it\/marketing\/2024-08-27\/krankenkassen-sollen-weiterhin-praemien-fuer-werbung-einsetzen-koennen\/","og_locale":"it_IT","og_type":"article","og_title":"Krankenkassen sollen weiterhin Pr\u00e4mien f\u00fcr Werbung einsetzen k\u00f6nnen - Organisator","og_description":"Debatte \u00fcber Krankenkassen-Werbung in der Schweiz: SGK-S lehnt Initiative zur Verhinderung von Pr\u00e4miengeldern f\u00fcr Werbung ab.","og_url":"https:\/\/www.organisator.ch\/it\/marketing\/2024-08-27\/krankenkassen-sollen-weiterhin-praemien-fuer-werbung-einsetzen-koennen\/","og_site_name":"Organisator","article_publisher":"https:\/\/www.facebook.com\/OrganisatorFachmagazin","article_published_time":"2024-08-27T12:24:18+00:00","article_modified_time":"2024-11-08T11:26:28+00:00","og_image":[{"url":"https:\/\/www.markt-kom.com\/wp-content\/uploads\/2024\/02\/Krankenkasse-Symbolbild-Christian-Beutler.png","type":"","width":"","height":""}],"author":"galledia","twitter_card":"summary_large_image","twitter_creator":"@admin","schema":{"@context":"https:\/\/schema.org","@graph":[{"@type":"Article","@id":"https:\/\/www.organisator.ch\/marketing\/2024-08-27\/krankenkassen-sollen-weiterhin-praemien-fuer-werbung-einsetzen-koennen\/#article","isPartOf":{"@id":"https:\/\/www.organisator.ch\/marketing\/2024-08-27\/krankenkassen-sollen-weiterhin-praemien-fuer-werbung-einsetzen-koennen\/"},"author":{"name":"galledia","@id":"https:\/\/www.organisator.ch\/#\/schema\/person\/4e51799071cd2dd1232ac003643ef5f0"},"headline":"Krankenkassen sollen weiterhin Pr\u00e4mien f\u00fcr Werbung einsetzen k\u00f6nnen","datePublished":"2024-08-27T12:24:18+00:00","dateModified":"2024-11-08T11:26:28+00:00","mainEntityOfPage":{"@id":"https:\/\/www.organisator.ch\/marketing\/2024-08-27\/krankenkassen-sollen-weiterhin-praemien-fuer-werbung-einsetzen-koennen\/"},"wordCount":254,"publisher":{"@id":"https:\/\/www.organisator.ch\/#organization"},"image":{"@id":"https:\/\/www.organisator.ch\/marketing\/2024-08-27\/krankenkassen-sollen-weiterhin-praemien-fuer-werbung-einsetzen-koennen\/#primaryimage"},"thumbnailUrl":"https:\/\/www.markt-kom.com\/wp-content\/uploads\/2024\/02\/Krankenkasse-Symbolbild-Christian-Beutler.png","keywords":["Krankenkassen","MarKom","Werbung"],"articleSection":["MARKETING"],"inLanguage":"it-IT"},{"@type":"WebPage","@id":"https:\/\/www.organisator.ch\/marketing\/2024-08-27\/krankenkassen-sollen-weiterhin-praemien-fuer-werbung-einsetzen-koennen\/","url":"https:\/\/www.organisator.ch\/marketing\/2024-08-27\/krankenkassen-sollen-weiterhin-praemien-fuer-werbung-einsetzen-koennen\/","name":"Le compagnie di assicurazione sanitaria devono continuare a poter utilizzare i premi per la pubblicit\u00e0 - Organizzatore","isPartOf":{"@id":"https:\/\/www.organisator.ch\/#website"},"primaryImageOfPage":{"@id":"https:\/\/www.organisator.ch\/marketing\/2024-08-27\/krankenkassen-sollen-weiterhin-praemien-fuer-werbung-einsetzen-koennen\/#primaryimage"},"image":{"@id":"https:\/\/www.organisator.ch\/marketing\/2024-08-27\/krankenkassen-sollen-weiterhin-praemien-fuer-werbung-einsetzen-koennen\/#primaryimage"},"thumbnailUrl":"https:\/\/www.markt-kom.com\/wp-content\/uploads\/2024\/02\/Krankenkasse-Symbolbild-Christian-Beutler.png","datePublished":"2024-08-27T12:24:18+00:00","dateModified":"2024-11-08T11:26:28+00:00","description":"Dibattito sulla pubblicit\u00e0 delle assicurazioni sanitarie in Svizzera: la SGK-S respinge l'iniziativa di impedire l'utilizzo dei premi per la pubblicit\u00e0.","breadcrumb":{"@id":"https:\/\/www.organisator.ch\/marketing\/2024-08-27\/krankenkassen-sollen-weiterhin-praemien-fuer-werbung-einsetzen-koennen\/#breadcrumb"},"inLanguage":"it-IT","potentialAction":[{"@type":"ReadAction","target":["https:\/\/www.organisator.ch\/marketing\/2024-08-27\/krankenkassen-sollen-weiterhin-praemien-fuer-werbung-einsetzen-koennen\/"]}]},{"@type":"ImageObject","inLanguage":"it-IT","@id":"https:\/\/www.organisator.ch\/marketing\/2024-08-27\/krankenkassen-sollen-weiterhin-praemien-fuer-werbung-einsetzen-koennen\/#primaryimage","url":"https:\/\/www.markt-kom.com\/wp-content\/uploads\/2024\/02\/Krankenkasse-Symbolbild-Christian-Beutler.png","contentUrl":"https:\/\/www.markt-kom.com\/wp-content\/uploads\/2024\/02\/Krankenkasse-Symbolbild-Christian-Beutler.png"},{"@type":"BreadcrumbList","@id":"https:\/\/www.organisator.ch\/marketing\/2024-08-27\/krankenkassen-sollen-weiterhin-praemien-fuer-werbung-einsetzen-koennen\/#breadcrumb","itemListElement":[{"@type":"ListItem","position":1,"name":"Home","item":"https:\/\/www.organisator.ch\/"},{"@type":"ListItem","position":2,"name":"Krankenkassen sollen weiterhin Pr\u00e4mien f\u00fcr Werbung einsetzen k\u00f6nnen"}]},{"@type":"WebSite","@id":"https:\/\/www.organisator.ch\/#website","url":"https:\/\/www.organisator.ch\/","name":"Organizzatore","description":"Competente. Pratico. In 10 numeri all'anno, ORGANISATOR presenta i temi essenziali per i manager delle PMI.","publisher":{"@id":"https:\/\/www.organisator.ch\/#organization"},"potentialAction":[{"@type":"SearchAction","target":{"@type":"EntryPoint","urlTemplate":"https:\/\/www.organisator.ch\/?s={search_term_string}"},"query-input":{"@type":"PropertyValueSpecification","valueRequired":true,"valueName":"search_term_string"}}],"inLanguage":"it-IT"},{"@type":"Organization","@id":"https:\/\/www.organisator.ch\/#organization","name":"Organizzatore","url":"https:\/\/www.organisator.ch\/","logo":{"@type":"ImageObject","inLanguage":"it-IT","@id":"https:\/\/www.organisator.ch\/#\/schema\/logo\/image\/","url":"https:\/\/www.organisator.ch\/wp-content\/uploads\/2022\/01\/Logo_Organisator_Website.png","contentUrl":"https:\/\/www.organisator.ch\/wp-content\/uploads\/2022\/01\/Logo_Organisator_Website.png","width":800,"height":77,"caption":"Organisator"},"image":{"@id":"https:\/\/www.organisator.ch\/#\/schema\/logo\/image\/"},"sameAs":["https:\/\/www.facebook.com\/OrganisatorFachmagazin","https:\/\/www.linkedin.com\/showcase\/organisator-das-magazin-fr-kmu","https:\/\/www.xing.com\/news\/pages\/organisator-ch-695","https:\/\/www.youtube.com\/channel\/UCGP2Sq0iWaZwT3BdIAQFYpw"]},{"@type":"Person","@id":"https:\/\/www.organisator.ch\/#\/schema\/person\/4e51799071cd2dd1232ac003643ef5f0","name":"galledia","image":{"@type":"ImageObject","inLanguage":"it-IT","@id":"https:\/\/secure.gravatar.com\/avatar\/78a7f90c01fc2bfc875782a0d4922b37cde2cf184ce347b91316d23cd7f69a36?s=96&d=mm&r=g","url":"https:\/\/secure.gravatar.com\/avatar\/78a7f90c01fc2bfc875782a0d4922b37cde2cf184ce347b91316d23cd7f69a36?s=96&d=mm&r=g","contentUrl":"https:\/\/secure.gravatar.com\/avatar\/78a7f90c01fc2bfc875782a0d4922b37cde2cf184ce347b91316d23cd7f69a36?s=96&d=mm&r=g","caption":"galledia"},"sameAs":["https:\/\/x.com\/admin"],"url":"https:\/\/www.organisator.ch\/it\/author\/galledia\/"}]}},"_links":{"self":[{"href":"https:\/\/www.organisator.ch\/it\/wp-json\/wp\/v2\/posts\/29342","targetHints":{"allow":["GET"]}}],"collection":[{"href":"https:\/\/www.organisator.ch\/it\/wp-json\/wp\/v2\/posts"}],"about":[{"href":"https:\/\/www.organisator.ch\/it\/wp-json\/wp\/v2\/types\/post"}],"author":[{"embeddable":true,"href":"https:\/\/www.organisator.ch\/it\/wp-json\/wp\/v2\/users\/8"}],"replies":[{"embeddable":true,"href":"https:\/\/www.organisator.ch\/it\/wp-json\/wp\/v2\/comments?post=29342"}],"version-history":[{"count":4,"href":"https:\/\/www.organisator.ch\/it\/wp-json\/wp\/v2\/posts\/29342\/revisions"}],"predecessor-version":[{"id":32015,"href":"https:\/\/www.organisator.ch\/it\/wp-json\/wp\/v2\/posts\/29342\/revisions\/32015"}],"wp:attachment":[{"href":"https:\/\/www.organisator.ch\/it\/wp-json\/wp\/v2\/media?parent=29342"}],"wp:term":[{"taxonomy":"category","embeddable":true,"href":"https:\/\/www.organisator.ch\/it\/wp-json\/wp\/v2\/categories?post=29342"},{"taxonomy":"post_tag","embeddable":true,"href":"https:\/\/www.organisator.ch\/it\/wp-json\/wp\/v2\/tags?post=29342"}],"curies":[{"name":"wp","href":"https:\/\/api.w.org\/{rel}","templated":true}]}}