{"id":29364,"date":"2024-08-28T05:34:59","date_gmt":"2024-08-28T03:34:59","guid":{"rendered":"https:\/\/www.m-q.ch\/?p=20254"},"modified":"2024-11-08T12:19:55","modified_gmt":"2024-11-08T11:19:55","slug":"scholtysik-gewinnt-strategie-mandat-der-groessten-schweizer-rehaklinik-gruppe","status":"publish","type":"post","link":"https:\/\/www.organisator.ch\/it\/operational-excellence\/2024-08-28\/scholtysik-gewinnt-strategie-mandat-der-groessten-schweizer-rehaklinik-gruppe\/","title":{"rendered":"Scholtysik si aggiudica il mandato strategico del pi\u00f9 grande gruppo svizzero di cliniche di riabilitazione"},"content":{"rendered":"<figure id=\"attachment_20256\" class=\"wp-caption alignnone\" style=\"width: 680px\" aria-describedby=\"caption-attachment-20256\"><img class=\"alignnone wp-image-20256 size-full\" src=\"https:\/\/www.m-q.ch\/wp-content\/uploads\/2024\/08\/scholtysik_fusion_valens_zhreha_Bild1_ps.jpg\" alt=\"Cliniche Valens\" width=\"680\" height=\"453\" \/>\r\n<figcaption id=\"caption-attachment-20256\" class=\"wp-caption-text\">La fusione delle cliniche Valens e dei centri di riabilitazione di Zurigo crea il pi\u00f9 grande fornitore di riabilitazione medica in Svizzera. (Immagine: www.scholtysik.ch)<\/figcaption>\r\n<\/figure>\r\n<p>Il fabbisogno di riabilitazione medica in Svizzera \u00e8 in forte aumento, a causa del costante invecchiamento della popolazione e dell'aumento della percentuale di malati cronici. Nell'agosto 2023, i centri di riabilitazione di Zurigo e le cliniche Valens decidono di unire le forze. La fusione crea il pi\u00f9 grande fornitore di servizi completi per la riabilitazione medica in Svizzera, con 12 cliniche ospedaliere e ambulatoriali e oltre 2.200 dipendenti. Nel nuovo gruppo di cliniche, circa 10.000 pazienti all'anno riceveranno una riabilitazione personalizzata e olistica. In quanto organizzazione eccellente, il 23 aprile 2024 il gruppo di cliniche ha ricevuto il premio ESPRIX come riconoscimento per la sua gestione della qualit\u00e0 secondo il modello EFQM.<\/p>\r\n<h3><strong>Strategia di posizionamento, naming e portafoglio marchi del nuovo gruppo di cliniche<\/strong><\/h3>\r\n<p>Nell'ambito del processo pluriennale di integrazione, uno dei compiti \u00e8 quello di definire la strategia del marchio per il nuovo gruppo di cliniche. Scholtysik si aggiudica il mandato in un processo di valutazione a pi\u00f9 fasi. L'agenzia ha impressionato i responsabili con il suo approccio strutturato e la sua esperienza pluriennale nel branding strategico. Scholtysik analizzer\u00e0 innanzitutto il posizionamento del nuovo gruppo di cliniche, nonch\u00e9 le singole sedi e offerte. Su questa base, verranno sviluppati insieme al cliente il futuro portafoglio di marchi, il naming e la nuova identit\u00e0 complessiva del marchio.<\/p>\r\n<p><em>Fonte: <a href=\"http:\/\/www.scholtysik.ch\/\">www.scholtysik.ch<\/a><\/em><\/p>\n<p class=\"syndicated-attribution\">Questo articolo \u00e8 apparso originariamente su m-q.ch - <a href=\"https:\/\/www.m-q.ch\/de\/scholtysik-gewinnt-strategie-mandat-der-groessten-schweizer-rehaklinik-gruppe\/\" target=\"_blank\">https:\/\/www.m-q.ch\/de\/scholtysik-gewinnt-strategie-mandat-der-groessten-schweizer-rehaklinik-gruppe\/<\/a><\/p>","protected":false},"excerpt":{"rendered":"<p>La fusione delle cliniche Valens e dei centri di riabilitazione di Zurigo crea il pi\u00f9 grande fornitore di riabilitazione medica in Svizzera. Scholtysik viene incaricata di sviluppare la strategia del marchio per il gruppo di cliniche nato dalla fusione. Scholtysik si impone in un processo di valutazione in pi\u00f9 fasi.<\/p>","protected":false},"author":58,"featured_media":0,"comment_status":"closed","ping_status":"closed","sticky":false,"template":"","format":"standard","meta":{"_acf_changed":false,"_yoast_wpseo_focuskw":"Kliniken Valens","_yoast_wpseo_metadesc":"Fusion der Kliniken Valens und Z\u00fcrcher Rehazentren schafft gr\u00f6\u00dften Anbieter f\u00fcr medizinische Rehabilitation in der Schweiz.","articlekey":"","footnotes":""},"categories":[582],"tags":[1235,605,4427,492],"class_list":["post-29364","post","type-post","status-publish","format-standard","hentry","category-operational-excellence","tag-fusion","tag-qualitaetsmanagement","tag-rehaklinik-gruppe","tag-unternehmen"],"acf":[],"yoast_head":"<!-- This site is optimized with the Yoast SEO plugin v27.4 - https:\/\/yoast.com\/product\/yoast-seo-wordpress\/ -->\n<title>Scholtysik gewinnt Strategie-Mandat der gr\u00f6ssten Schweizer Rehaklinik-Gruppe - Organisator<\/title>\n<meta name=\"description\" content=\"Fusion der Kliniken Valens und Z\u00fcrcher Rehazentren schafft gr\u00f6\u00dften Anbieter f\u00fcr medizinische Rehabilitation in der Schweiz.\" \/>\n<meta name=\"robots\" content=\"index, follow, max-snippet:-1, max-image-preview:large, max-video-preview:-1\" \/>\n<link rel=\"canonical\" href=\"https:\/\/www.organisator.ch\/it\/eccellenza-operativa\/2024-08-28\/scholtysik-gewinnt-strategie-mandat-der-groessten-schweizer-rehaklinik-gruppe\/\" \/>\n<meta property=\"og:locale\" content=\"it_IT\" \/>\n<meta property=\"og:type\" content=\"article\" \/>\n<meta property=\"og:title\" content=\"Scholtysik gewinnt Strategie-Mandat der gr\u00f6ssten Schweizer Rehaklinik-Gruppe - Organisator\" \/>\n<meta property=\"og:description\" content=\"Fusion der Kliniken Valens und Z\u00fcrcher Rehazentren schafft gr\u00f6\u00dften Anbieter f\u00fcr medizinische Rehabilitation in der Schweiz.\" \/>\n<meta property=\"og:url\" content=\"https:\/\/www.organisator.ch\/it\/eccellenza-operativa\/2024-08-28\/scholtysik-gewinnt-strategie-mandat-der-groessten-schweizer-rehaklinik-gruppe\/\" \/>\n<meta property=\"og:site_name\" content=\"Organisator\" \/>\n<meta property=\"article:publisher\" content=\"https:\/\/www.facebook.com\/OrganisatorFachmagazin\" \/>\n<meta property=\"article:published_time\" content=\"2024-08-28T03:34:59+00:00\" \/>\n<meta property=\"article:modified_time\" content=\"2024-11-08T11:19:55+00:00\" \/>\n<meta property=\"og:image\" content=\"https:\/\/www.m-q.ch\/wp-content\/uploads\/2024\/08\/scholtysik_fusion_valens_zhreha_Bild1_ps.jpg\" \/>\n<meta name=\"author\" content=\"Adelisa Kalajdzini\" \/>\n<meta name=\"twitter:card\" content=\"summary_large_image\" \/>\n<script type=\"application\/ld+json\" class=\"yoast-schema-graph\">{\"@context\":\"https:\\\/\\\/schema.org\",\"@graph\":[{\"@type\":\"Article\",\"@id\":\"https:\\\/\\\/www.organisator.ch\\\/operational-excellence\\\/2024-08-28\\\/scholtysik-gewinnt-strategie-mandat-der-groessten-schweizer-rehaklinik-gruppe\\\/#article\",\"isPartOf\":{\"@id\":\"https:\\\/\\\/www.organisator.ch\\\/operational-excellence\\\/2024-08-28\\\/scholtysik-gewinnt-strategie-mandat-der-groessten-schweizer-rehaklinik-gruppe\\\/\"},\"author\":{\"name\":\"Adelisa Kalajdzini\",\"@id\":\"https:\\\/\\\/www.organisator.ch\\\/#\\\/schema\\\/person\\\/2e1314a2172123f874db408d8911d3f3\"},\"headline\":\"Scholtysik gewinnt Strategie-Mandat der gr\u00f6ssten Schweizer Rehaklinik-Gruppe\",\"datePublished\":\"2024-08-28T03:34:59+00:00\",\"dateModified\":\"2024-11-08T11:19:55+00:00\",\"mainEntityOfPage\":{\"@id\":\"https:\\\/\\\/www.organisator.ch\\\/operational-excellence\\\/2024-08-28\\\/scholtysik-gewinnt-strategie-mandat-der-groessten-schweizer-rehaklinik-gruppe\\\/\"},\"wordCount\":231,\"publisher\":{\"@id\":\"https:\\\/\\\/www.organisator.ch\\\/#organization\"},\"image\":{\"@id\":\"https:\\\/\\\/www.organisator.ch\\\/operational-excellence\\\/2024-08-28\\\/scholtysik-gewinnt-strategie-mandat-der-groessten-schweizer-rehaklinik-gruppe\\\/#primaryimage\"},\"thumbnailUrl\":\"https:\\\/\\\/www.m-q.ch\\\/wp-content\\\/uploads\\\/2024\\\/08\\\/scholtysik_fusion_valens_zhreha_Bild1_ps.jpg\",\"keywords\":[\"Fusion\",\"Qualit\u00e4tsmanagement\",\"Rehaklinik-Gruppe\",\"Unternehmen\"],\"articleSection\":[\"OPERATIONAL EXCELLENCE\"],\"inLanguage\":\"it-IT\"},{\"@type\":\"WebPage\",\"@id\":\"https:\\\/\\\/www.organisator.ch\\\/operational-excellence\\\/2024-08-28\\\/scholtysik-gewinnt-strategie-mandat-der-groessten-schweizer-rehaklinik-gruppe\\\/\",\"url\":\"https:\\\/\\\/www.organisator.ch\\\/operational-excellence\\\/2024-08-28\\\/scholtysik-gewinnt-strategie-mandat-der-groessten-schweizer-rehaklinik-gruppe\\\/\",\"name\":\"Scholtysik gewinnt Strategie-Mandat der gr\u00f6ssten Schweizer Rehaklinik-Gruppe - Organisator\",\"isPartOf\":{\"@id\":\"https:\\\/\\\/www.organisator.ch\\\/#website\"},\"primaryImageOfPage\":{\"@id\":\"https:\\\/\\\/www.organisator.ch\\\/operational-excellence\\\/2024-08-28\\\/scholtysik-gewinnt-strategie-mandat-der-groessten-schweizer-rehaklinik-gruppe\\\/#primaryimage\"},\"image\":{\"@id\":\"https:\\\/\\\/www.organisator.ch\\\/operational-excellence\\\/2024-08-28\\\/scholtysik-gewinnt-strategie-mandat-der-groessten-schweizer-rehaklinik-gruppe\\\/#primaryimage\"},\"thumbnailUrl\":\"https:\\\/\\\/www.m-q.ch\\\/wp-content\\\/uploads\\\/2024\\\/08\\\/scholtysik_fusion_valens_zhreha_Bild1_ps.jpg\",\"datePublished\":\"2024-08-28T03:34:59+00:00\",\"dateModified\":\"2024-11-08T11:19:55+00:00\",\"description\":\"Fusion der Kliniken Valens und Z\u00fcrcher Rehazentren schafft gr\u00f6\u00dften Anbieter f\u00fcr medizinische Rehabilitation in der Schweiz.\",\"breadcrumb\":{\"@id\":\"https:\\\/\\\/www.organisator.ch\\\/operational-excellence\\\/2024-08-28\\\/scholtysik-gewinnt-strategie-mandat-der-groessten-schweizer-rehaklinik-gruppe\\\/#breadcrumb\"},\"inLanguage\":\"it-IT\",\"potentialAction\":[{\"@type\":\"ReadAction\",\"target\":[\"https:\\\/\\\/www.organisator.ch\\\/operational-excellence\\\/2024-08-28\\\/scholtysik-gewinnt-strategie-mandat-der-groessten-schweizer-rehaklinik-gruppe\\\/\"]}]},{\"@type\":\"ImageObject\",\"inLanguage\":\"it-IT\",\"@id\":\"https:\\\/\\\/www.organisator.ch\\\/operational-excellence\\\/2024-08-28\\\/scholtysik-gewinnt-strategie-mandat-der-groessten-schweizer-rehaklinik-gruppe\\\/#primaryimage\",\"url\":\"https:\\\/\\\/www.m-q.ch\\\/wp-content\\\/uploads\\\/2024\\\/08\\\/scholtysik_fusion_valens_zhreha_Bild1_ps.jpg\",\"contentUrl\":\"https:\\\/\\\/www.m-q.ch\\\/wp-content\\\/uploads\\\/2024\\\/08\\\/scholtysik_fusion_valens_zhreha_Bild1_ps.jpg\"},{\"@type\":\"BreadcrumbList\",\"@id\":\"https:\\\/\\\/www.organisator.ch\\\/operational-excellence\\\/2024-08-28\\\/scholtysik-gewinnt-strategie-mandat-der-groessten-schweizer-rehaklinik-gruppe\\\/#breadcrumb\",\"itemListElement\":[{\"@type\":\"ListItem\",\"position\":1,\"name\":\"Home\",\"item\":\"https:\\\/\\\/www.organisator.ch\\\/\"},{\"@type\":\"ListItem\",\"position\":2,\"name\":\"Scholtysik gewinnt Strategie-Mandat der gr\u00f6ssten Schweizer Rehaklinik-Gruppe\"}]},{\"@type\":\"WebSite\",\"@id\":\"https:\\\/\\\/www.organisator.ch\\\/#website\",\"url\":\"https:\\\/\\\/www.organisator.ch\\\/\",\"name\":\"Organisator\",\"description\":\"Kompetent. Praxisnah. Der ORGANISATOR bereitet in 10 Ausgaben pro Jahr die wesentlichen Themen f\u00fcr F\u00fchrungskr\u00e4fte von KMU auf.\",\"publisher\":{\"@id\":\"https:\\\/\\\/www.organisator.ch\\\/#organization\"},\"potentialAction\":[{\"@type\":\"SearchAction\",\"target\":{\"@type\":\"EntryPoint\",\"urlTemplate\":\"https:\\\/\\\/www.organisator.ch\\\/?s={search_term_string}\"},\"query-input\":{\"@type\":\"PropertyValueSpecification\",\"valueRequired\":true,\"valueName\":\"search_term_string\"}}],\"inLanguage\":\"it-IT\"},{\"@type\":\"Organization\",\"@id\":\"https:\\\/\\\/www.organisator.ch\\\/#organization\",\"name\":\"Organisator\",\"url\":\"https:\\\/\\\/www.organisator.ch\\\/\",\"logo\":{\"@type\":\"ImageObject\",\"inLanguage\":\"it-IT\",\"@id\":\"https:\\\/\\\/www.organisator.ch\\\/#\\\/schema\\\/logo\\\/image\\\/\",\"url\":\"https:\\\/\\\/www.organisator.ch\\\/wp-content\\\/uploads\\\/2022\\\/01\\\/Logo_Organisator_Website.png\",\"contentUrl\":\"https:\\\/\\\/www.organisator.ch\\\/wp-content\\\/uploads\\\/2022\\\/01\\\/Logo_Organisator_Website.png\",\"width\":800,\"height\":77,\"caption\":\"Organisator\"},\"image\":{\"@id\":\"https:\\\/\\\/www.organisator.ch\\\/#\\\/schema\\\/logo\\\/image\\\/\"},\"sameAs\":[\"https:\\\/\\\/www.facebook.com\\\/OrganisatorFachmagazin\",\"https:\\\/\\\/www.linkedin.com\\\/showcase\\\/organisator-das-magazin-fr-kmu\",\"https:\\\/\\\/www.xing.com\\\/news\\\/pages\\\/organisator-ch-695\",\"https:\\\/\\\/www.youtube.com\\\/channel\\\/UCGP2Sq0iWaZwT3BdIAQFYpw\"]},{\"@type\":\"Person\",\"@id\":\"https:\\\/\\\/www.organisator.ch\\\/#\\\/schema\\\/person\\\/2e1314a2172123f874db408d8911d3f3\",\"name\":\"Adelisa Kalajdzini\",\"image\":{\"@type\":\"ImageObject\",\"inLanguage\":\"it-IT\",\"@id\":\"https:\\\/\\\/secure.gravatar.com\\\/avatar\\\/09a397c22ac58cad6f160ee8306348599df9df58a8ede73696226897b9fa4b24?s=96&d=mm&r=g\",\"url\":\"https:\\\/\\\/secure.gravatar.com\\\/avatar\\\/09a397c22ac58cad6f160ee8306348599df9df58a8ede73696226897b9fa4b24?s=96&d=mm&r=g\",\"contentUrl\":\"https:\\\/\\\/secure.gravatar.com\\\/avatar\\\/09a397c22ac58cad6f160ee8306348599df9df58a8ede73696226897b9fa4b24?s=96&d=mm&r=g\",\"caption\":\"Adelisa Kalajdzini\"},\"url\":\"https:\\\/\\\/www.organisator.ch\\\/it\\\/author\\\/adelisa-kalajdzini\\\/\"}]}<\/script>\n<!-- \/ Yoast SEO plugin. -->","yoast_head_json":{"title":"Scholtysik si aggiudica il mandato strategico del pi\u00f9 grande gruppo svizzero di cliniche per la riabilitazione - Organizzatore","description":"La fusione delle cliniche Valens e dei centri di riabilitazione di Zurigo crea il pi\u00f9 grande fornitore di riabilitazione medica in Svizzera.","robots":{"index":"index","follow":"follow","max-snippet":"max-snippet:-1","max-image-preview":"max-image-preview:large","max-video-preview":"max-video-preview:-1"},"canonical":"https:\/\/www.organisator.ch\/it\/eccellenza-operativa\/2024-08-28\/scholtysik-gewinnt-strategie-mandat-der-groessten-schweizer-rehaklinik-gruppe\/","og_locale":"it_IT","og_type":"article","og_title":"Scholtysik gewinnt Strategie-Mandat der gr\u00f6ssten Schweizer Rehaklinik-Gruppe - Organisator","og_description":"Fusion der Kliniken Valens und Z\u00fcrcher Rehazentren schafft gr\u00f6\u00dften Anbieter f\u00fcr medizinische Rehabilitation in der Schweiz.","og_url":"https:\/\/www.organisator.ch\/it\/eccellenza-operativa\/2024-08-28\/scholtysik-gewinnt-strategie-mandat-der-groessten-schweizer-rehaklinik-gruppe\/","og_site_name":"Organisator","article_publisher":"https:\/\/www.facebook.com\/OrganisatorFachmagazin","article_published_time":"2024-08-28T03:34:59+00:00","article_modified_time":"2024-11-08T11:19:55+00:00","og_image":[{"url":"https:\/\/www.m-q.ch\/wp-content\/uploads\/2024\/08\/scholtysik_fusion_valens_zhreha_Bild1_ps.jpg","type":"","width":"","height":""}],"author":"Adelisa Kalajdzini","twitter_card":"summary_large_image","schema":{"@context":"https:\/\/schema.org","@graph":[{"@type":"Article","@id":"https:\/\/www.organisator.ch\/operational-excellence\/2024-08-28\/scholtysik-gewinnt-strategie-mandat-der-groessten-schweizer-rehaklinik-gruppe\/#article","isPartOf":{"@id":"https:\/\/www.organisator.ch\/operational-excellence\/2024-08-28\/scholtysik-gewinnt-strategie-mandat-der-groessten-schweizer-rehaklinik-gruppe\/"},"author":{"name":"Adelisa Kalajdzini","@id":"https:\/\/www.organisator.ch\/#\/schema\/person\/2e1314a2172123f874db408d8911d3f3"},"headline":"Scholtysik gewinnt Strategie-Mandat der gr\u00f6ssten Schweizer Rehaklinik-Gruppe","datePublished":"2024-08-28T03:34:59+00:00","dateModified":"2024-11-08T11:19:55+00:00","mainEntityOfPage":{"@id":"https:\/\/www.organisator.ch\/operational-excellence\/2024-08-28\/scholtysik-gewinnt-strategie-mandat-der-groessten-schweizer-rehaklinik-gruppe\/"},"wordCount":231,"publisher":{"@id":"https:\/\/www.organisator.ch\/#organization"},"image":{"@id":"https:\/\/www.organisator.ch\/operational-excellence\/2024-08-28\/scholtysik-gewinnt-strategie-mandat-der-groessten-schweizer-rehaklinik-gruppe\/#primaryimage"},"thumbnailUrl":"https:\/\/www.m-q.ch\/wp-content\/uploads\/2024\/08\/scholtysik_fusion_valens_zhreha_Bild1_ps.jpg","keywords":["Fusion","Qualit\u00e4tsmanagement","Rehaklinik-Gruppe","Unternehmen"],"articleSection":["OPERATIONAL EXCELLENCE"],"inLanguage":"it-IT"},{"@type":"WebPage","@id":"https:\/\/www.organisator.ch\/operational-excellence\/2024-08-28\/scholtysik-gewinnt-strategie-mandat-der-groessten-schweizer-rehaklinik-gruppe\/","url":"https:\/\/www.organisator.ch\/operational-excellence\/2024-08-28\/scholtysik-gewinnt-strategie-mandat-der-groessten-schweizer-rehaklinik-gruppe\/","name":"Scholtysik si aggiudica il mandato strategico del pi\u00f9 grande gruppo svizzero di cliniche per la riabilitazione - Organizzatore","isPartOf":{"@id":"https:\/\/www.organisator.ch\/#website"},"primaryImageOfPage":{"@id":"https:\/\/www.organisator.ch\/operational-excellence\/2024-08-28\/scholtysik-gewinnt-strategie-mandat-der-groessten-schweizer-rehaklinik-gruppe\/#primaryimage"},"image":{"@id":"https:\/\/www.organisator.ch\/operational-excellence\/2024-08-28\/scholtysik-gewinnt-strategie-mandat-der-groessten-schweizer-rehaklinik-gruppe\/#primaryimage"},"thumbnailUrl":"https:\/\/www.m-q.ch\/wp-content\/uploads\/2024\/08\/scholtysik_fusion_valens_zhreha_Bild1_ps.jpg","datePublished":"2024-08-28T03:34:59+00:00","dateModified":"2024-11-08T11:19:55+00:00","description":"La fusione delle cliniche Valens e dei centri di riabilitazione di Zurigo crea il pi\u00f9 grande fornitore di riabilitazione medica in Svizzera.","breadcrumb":{"@id":"https:\/\/www.organisator.ch\/operational-excellence\/2024-08-28\/scholtysik-gewinnt-strategie-mandat-der-groessten-schweizer-rehaklinik-gruppe\/#breadcrumb"},"inLanguage":"it-IT","potentialAction":[{"@type":"ReadAction","target":["https:\/\/www.organisator.ch\/operational-excellence\/2024-08-28\/scholtysik-gewinnt-strategie-mandat-der-groessten-schweizer-rehaklinik-gruppe\/"]}]},{"@type":"ImageObject","inLanguage":"it-IT","@id":"https:\/\/www.organisator.ch\/operational-excellence\/2024-08-28\/scholtysik-gewinnt-strategie-mandat-der-groessten-schweizer-rehaklinik-gruppe\/#primaryimage","url":"https:\/\/www.m-q.ch\/wp-content\/uploads\/2024\/08\/scholtysik_fusion_valens_zhreha_Bild1_ps.jpg","contentUrl":"https:\/\/www.m-q.ch\/wp-content\/uploads\/2024\/08\/scholtysik_fusion_valens_zhreha_Bild1_ps.jpg"},{"@type":"BreadcrumbList","@id":"https:\/\/www.organisator.ch\/operational-excellence\/2024-08-28\/scholtysik-gewinnt-strategie-mandat-der-groessten-schweizer-rehaklinik-gruppe\/#breadcrumb","itemListElement":[{"@type":"ListItem","position":1,"name":"Home","item":"https:\/\/www.organisator.ch\/"},{"@type":"ListItem","position":2,"name":"Scholtysik gewinnt Strategie-Mandat der gr\u00f6ssten Schweizer Rehaklinik-Gruppe"}]},{"@type":"WebSite","@id":"https:\/\/www.organisator.ch\/#website","url":"https:\/\/www.organisator.ch\/","name":"Organizzatore","description":"Competente. Pratico. In 10 numeri all'anno, ORGANISATOR presenta i temi essenziali per i manager delle PMI.","publisher":{"@id":"https:\/\/www.organisator.ch\/#organization"},"potentialAction":[{"@type":"SearchAction","target":{"@type":"EntryPoint","urlTemplate":"https:\/\/www.organisator.ch\/?s={search_term_string}"},"query-input":{"@type":"PropertyValueSpecification","valueRequired":true,"valueName":"search_term_string"}}],"inLanguage":"it-IT"},{"@type":"Organization","@id":"https:\/\/www.organisator.ch\/#organization","name":"Organizzatore","url":"https:\/\/www.organisator.ch\/","logo":{"@type":"ImageObject","inLanguage":"it-IT","@id":"https:\/\/www.organisator.ch\/#\/schema\/logo\/image\/","url":"https:\/\/www.organisator.ch\/wp-content\/uploads\/2022\/01\/Logo_Organisator_Website.png","contentUrl":"https:\/\/www.organisator.ch\/wp-content\/uploads\/2022\/01\/Logo_Organisator_Website.png","width":800,"height":77,"caption":"Organisator"},"image":{"@id":"https:\/\/www.organisator.ch\/#\/schema\/logo\/image\/"},"sameAs":["https:\/\/www.facebook.com\/OrganisatorFachmagazin","https:\/\/www.linkedin.com\/showcase\/organisator-das-magazin-fr-kmu","https:\/\/www.xing.com\/news\/pages\/organisator-ch-695","https:\/\/www.youtube.com\/channel\/UCGP2Sq0iWaZwT3BdIAQFYpw"]},{"@type":"Person","@id":"https:\/\/www.organisator.ch\/#\/schema\/person\/2e1314a2172123f874db408d8911d3f3","name":"Adelisa Kalajdzini","image":{"@type":"ImageObject","inLanguage":"it-IT","@id":"https:\/\/secure.gravatar.com\/avatar\/09a397c22ac58cad6f160ee8306348599df9df58a8ede73696226897b9fa4b24?s=96&d=mm&r=g","url":"https:\/\/secure.gravatar.com\/avatar\/09a397c22ac58cad6f160ee8306348599df9df58a8ede73696226897b9fa4b24?s=96&d=mm&r=g","contentUrl":"https:\/\/secure.gravatar.com\/avatar\/09a397c22ac58cad6f160ee8306348599df9df58a8ede73696226897b9fa4b24?s=96&d=mm&r=g","caption":"Adelisa Kalajdzini"},"url":"https:\/\/www.organisator.ch\/it\/author\/adelisa-kalajdzini\/"}]}},"_links":{"self":[{"href":"https:\/\/www.organisator.ch\/it\/wp-json\/wp\/v2\/posts\/29364","targetHints":{"allow":["GET"]}}],"collection":[{"href":"https:\/\/www.organisator.ch\/it\/wp-json\/wp\/v2\/posts"}],"about":[{"href":"https:\/\/www.organisator.ch\/it\/wp-json\/wp\/v2\/types\/post"}],"author":[{"embeddable":true,"href":"https:\/\/www.organisator.ch\/it\/wp-json\/wp\/v2\/users\/58"}],"replies":[{"embeddable":true,"href":"https:\/\/www.organisator.ch\/it\/wp-json\/wp\/v2\/comments?post=29364"}],"version-history":[{"count":5,"href":"https:\/\/www.organisator.ch\/it\/wp-json\/wp\/v2\/posts\/29364\/revisions"}],"predecessor-version":[{"id":32009,"href":"https:\/\/www.organisator.ch\/it\/wp-json\/wp\/v2\/posts\/29364\/revisions\/32009"}],"wp:attachment":[{"href":"https:\/\/www.organisator.ch\/it\/wp-json\/wp\/v2\/media?parent=29364"}],"wp:term":[{"taxonomy":"category","embeddable":true,"href":"https:\/\/www.organisator.ch\/it\/wp-json\/wp\/v2\/categories?post=29364"},{"taxonomy":"post_tag","embeddable":true,"href":"https:\/\/www.organisator.ch\/it\/wp-json\/wp\/v2\/tags?post=29364"}],"curies":[{"name":"wp","href":"https:\/\/api.w.org\/{rel}","templated":true}]}}