{"id":294,"date":"2016-04-18T11:24:42","date_gmt":"2016-04-18T09:24:42","guid":{"rendered":"http:\/\/dev.organisator.ch\/?p=294"},"modified":"2016-04-18T11:24:42","modified_gmt":"2016-04-18T09:24:42","slug":"gianni-valeri-wird-neuer-country-manager-switzerland","status":"publish","type":"post","link":"https:\/\/www.organisator.ch\/it\/allgemein\/2016-04-18\/gianni-valeri-wird-neuer-country-manager-switzerland\/","title":{"rendered":"Gianni Valeri diventa il nuovo Country Manager Svizzera"},"content":{"rendered":"<figure id=\"attachment_295\" aria-describedby=\"caption-attachment-295\" style=\"width: 420px\" class=\"wp-caption alignnone\"><img loading=\"lazy\" decoding=\"async\" class=\"size-full wp-image-295\" src=\"https:\/\/www.organisator.ch\/wp-content\/uploads\/2016\/12\/Gianni-Valeri-wird-neuer-Country-Manager-Switzerland-organisator.jpg\" alt=\"\" width=\"420\" height=\"607\" srcset=\"https:\/\/www.organisator.ch\/wp-content\/uploads\/2016\/12\/Gianni-Valeri-wird-neuer-Country-Manager-Switzerland-organisator.jpg 420w, https:\/\/www.organisator.ch\/wp-content\/uploads\/2016\/12\/Gianni-Valeri-wird-neuer-Country-Manager-Switzerland-organisator-8x12.jpg 8w, https:\/\/www.organisator.ch\/wp-content\/uploads\/2016\/12\/Gianni-Valeri-wird-neuer-Country-Manager-Switzerland-organisator-121x175.jpg 121w, https:\/\/www.organisator.ch\/wp-content\/uploads\/2016\/12\/Gianni-Valeri-wird-neuer-Country-Manager-Switzerland-organisator-242x350.jpg 242w, https:\/\/www.organisator.ch\/wp-content\/uploads\/2016\/12\/Gianni-Valeri-wird-neuer-Country-Manager-Switzerland-organisator-300x434.jpg 300w\" sizes=\"auto, (max-width: 420px) 100vw, 420px\" \/><figcaption id=\"caption-attachment-295\" class=\"wp-caption-text\">Gianni Valeri, nuovo Country Manager Svizzera<\/figcaption><\/figure>\n<p>Nell'ambito del suo lavoro, Valeri ha anche pianificato e implementato il lancio della nuova business unit \"euroengineering\". Nel 2015, Valeri ha completato un International Executive MBA con specializzazione in General Management presso la Zurich University of Applied Sciences (ZHAW). STAFF FINDER sta quindi gettando ulteriori basi per l'espansione internazionale e lo sviluppo nel mercato svizzero.<\/p>\n<p>L'ampliamento del team di gestione consente a Viktor Calabr\u00f2, fondatore e CEO di STAFF FINDER, di concentrarsi maggiormente sull'ulteriore sviluppo dell'azienda e sulla sua internazionalizzazione. Ci\u00f2 \u00e8 tanto pi\u00f9 importante in quanto STAFF FINDER ha chiuso con successo un round di finanziamento con One Peak Partners e Goldmann Sachs Private Capital all'inizio di marzo.<\/p>\n<p>Per ulteriori informazioni, vedere: <a href=\"http:\/\/www.staff-finder.jobs\" target=\"_blank\" data-cke-saved-href=\"http:\/\/www.staff-finder.jobs\" rel=\"noopener\">www.staff-finder.jobs<\/a><\/p>","protected":false},"excerpt":{"rendered":"<p>Im Rahmen seiner T\u00e4tigkeit plante und setzte Valeri unter anderem auch den Launch der neuen Business Unit \u201eeuroengineering\u201c um. 2015 schloss Valeri einen International Executive MBA mit Schwerpunkt General Management an der Z\u00fcrcher Hochschule f\u00fcr Angewandte Wissenschaften (ZHAW) ab. Damit schafft STAFF FINDER weitere Grundlagen f\u00fcr die internationale Expansion und den Ausbau im Markt Schweiz. [&hellip;]<\/p>\n","protected":false},"author":1,"featured_media":295,"comment_status":"open","ping_status":"open","sticky":false,"template":"","format":"standard","meta":{"_acf_changed":false,"_yoast_wpseo_focuskw":"Country Manager Switzerland","_yoast_wpseo_metadesc":"Gianni Valeri verst\u00e4rkt durch die neu geschaffene Position die Gesch\u00e4ftsleitung des gr\u00f6ssten Arbeitgebers f\u00fcr tempor\u00e4re Stellen.","articlekey":"","footnotes":""},"categories":[1],"tags":[382],"class_list":["post-294","post","type-post","status-publish","format-standard","has-post-thumbnail","hentry","category-allgemein","tag-personalien"],"acf":[],"yoast_head":"<!-- This site is optimized with the Yoast SEO plugin v27.4 - https:\/\/yoast.com\/product\/yoast-seo-wordpress\/ -->\n<title>Gianni Valeri wird neuer Country Manager Switzerland - Organisator<\/title>\n<meta name=\"description\" content=\"Gianni Valeri verst\u00e4rkt durch die neu geschaffene Position die Gesch\u00e4ftsleitung des gr\u00f6ssten Arbeitgebers f\u00fcr tempor\u00e4re Stellen.\" \/>\n<meta name=\"robots\" content=\"index, follow, max-snippet:-1, max-image-preview:large, max-video-preview:-1\" \/>\n<link rel=\"canonical\" href=\"https:\/\/www.organisator.ch\/it\/generale\/2016-04-18\/gianni-valeri-wird-neuer-country-manager-switzerland\/\" \/>\n<meta property=\"og:locale\" content=\"it_IT\" \/>\n<meta property=\"og:type\" content=\"article\" \/>\n<meta property=\"og:title\" content=\"Gianni Valeri wird neuer Country Manager Switzerland\" \/>\n<meta property=\"og:description\" content=\"Gianni Valeri verst\u00e4rkt durch die neu geschaffene Position die Gesch\u00e4ftsleitung des gr\u00f6ssten Arbeitgebers f\u00fcr tempor\u00e4re Stellen mit Sitz in Z\u00fcrich und Lausanne. Valeri verf\u00fcgt \u00fcber langj\u00e4hrige Erfahrung im Business Development und als F\u00fchrungskraft. Seit 19 Jahren ist Gianni Valeri im Recruiting t\u00e4tig, wovon 17 Jahre bei Adecco. Dort fungierte er die letzten drei Jahre als Director der Professional Staffing Business Lines Switzerland.\" \/>\n<meta property=\"og:url\" content=\"https:\/\/www.organisator.ch\/it\/generale\/2016-04-18\/gianni-valeri-wird-neuer-country-manager-switzerland\/\" \/>\n<meta property=\"og:site_name\" content=\"Organisator\" \/>\n<meta property=\"article:publisher\" content=\"https:\/\/www.facebook.com\/OrganisatorFachmagazin\" \/>\n<meta property=\"article:published_time\" content=\"2016-04-18T09:24:42+00:00\" \/>\n<meta name=\"author\" content=\"admin\" \/>\n<meta name=\"twitter:card\" content=\"summary_large_image\" \/>\n<meta name=\"twitter:image\" content=\"https:\/\/www.organisator.ch\/wp-content\/uploads\/2016\/12\/Gianni-Valeri-wird-neuer-Country-Manager-Switzerland-organisator.jpg\" \/>\n<script type=\"application\/ld+json\" class=\"yoast-schema-graph\">{\"@context\":\"https:\\\/\\\/schema.org\",\"@graph\":[{\"@type\":\"Article\",\"@id\":\"https:\\\/\\\/www.organisator.ch\\\/it\\\/generale\\\/2016-04-18\\\/gianni-valeri-wird-neuer-country-manager-switzerland\\\/#article\",\"isPartOf\":{\"@id\":\"https:\\\/\\\/www.organisator.ch\\\/it\\\/generale\\\/2016-04-18\\\/gianni-valeri-wird-neuer-country-manager-switzerland\\\/\"},\"author\":{\"name\":\"admin\",\"@id\":\"https:\\\/\\\/www.organisator.ch\\\/#\\\/schema\\\/person\\\/aa2bace6c5c5aad60102004a50c4eb1c\"},\"headline\":\"Gianni Valeri wird neuer Country Manager Switzerland\",\"datePublished\":\"2016-04-18T09:24:42+00:00\",\"mainEntityOfPage\":{\"@id\":\"https:\\\/\\\/www.organisator.ch\\\/it\\\/generale\\\/2016-04-18\\\/gianni-valeri-wird-neuer-country-manager-switzerland\\\/\"},\"wordCount\":136,\"commentCount\":0,\"publisher\":{\"@id\":\"https:\\\/\\\/www.organisator.ch\\\/#organization\"},\"image\":{\"@id\":\"https:\\\/\\\/www.organisator.ch\\\/it\\\/generale\\\/2016-04-18\\\/gianni-valeri-wird-neuer-country-manager-switzerland\\\/#primaryimage\"},\"thumbnailUrl\":\"https:\\\/\\\/www.organisator.ch\\\/wp-content\\\/uploads\\\/2016\\\/12\\\/Gianni-Valeri-wird-neuer-Country-Manager-Switzerland-organisator.jpg\",\"keywords\":[\"Personalien\"],\"articleSection\":[\"Allgemein\"],\"inLanguage\":\"it-IT\"},{\"@type\":\"WebPage\",\"@id\":\"https:\\\/\\\/www.organisator.ch\\\/it\\\/generale\\\/2016-04-18\\\/gianni-valeri-wird-neuer-country-manager-switzerland\\\/\",\"url\":\"https:\\\/\\\/www.organisator.ch\\\/it\\\/generale\\\/2016-04-18\\\/gianni-valeri-wird-neuer-country-manager-switzerland\\\/\",\"name\":\"Gianni Valeri wird neuer Country Manager Switzerland - Organisator\",\"isPartOf\":{\"@id\":\"https:\\\/\\\/www.organisator.ch\\\/#website\"},\"primaryImageOfPage\":{\"@id\":\"https:\\\/\\\/www.organisator.ch\\\/it\\\/generale\\\/2016-04-18\\\/gianni-valeri-wird-neuer-country-manager-switzerland\\\/#primaryimage\"},\"image\":{\"@id\":\"https:\\\/\\\/www.organisator.ch\\\/it\\\/generale\\\/2016-04-18\\\/gianni-valeri-wird-neuer-country-manager-switzerland\\\/#primaryimage\"},\"thumbnailUrl\":\"https:\\\/\\\/www.organisator.ch\\\/wp-content\\\/uploads\\\/2016\\\/12\\\/Gianni-Valeri-wird-neuer-Country-Manager-Switzerland-organisator.jpg\",\"datePublished\":\"2016-04-18T09:24:42+00:00\",\"description\":\"Gianni Valeri verst\u00e4rkt durch die neu geschaffene Position die Gesch\u00e4ftsleitung des gr\u00f6ssten Arbeitgebers f\u00fcr tempor\u00e4re Stellen.\",\"breadcrumb\":{\"@id\":\"https:\\\/\\\/www.organisator.ch\\\/it\\\/generale\\\/2016-04-18\\\/gianni-valeri-wird-neuer-country-manager-switzerland\\\/#breadcrumb\"},\"inLanguage\":\"it-IT\",\"potentialAction\":[{\"@type\":\"ReadAction\",\"target\":[\"https:\\\/\\\/www.organisator.ch\\\/it\\\/generale\\\/2016-04-18\\\/gianni-valeri-wird-neuer-country-manager-switzerland\\\/\"]}]},{\"@type\":\"ImageObject\",\"inLanguage\":\"it-IT\",\"@id\":\"https:\\\/\\\/www.organisator.ch\\\/it\\\/generale\\\/2016-04-18\\\/gianni-valeri-wird-neuer-country-manager-switzerland\\\/#primaryimage\",\"url\":\"https:\\\/\\\/www.organisator.ch\\\/wp-content\\\/uploads\\\/2016\\\/12\\\/Gianni-Valeri-wird-neuer-Country-Manager-Switzerland-organisator.jpg\",\"contentUrl\":\"https:\\\/\\\/www.organisator.ch\\\/wp-content\\\/uploads\\\/2016\\\/12\\\/Gianni-Valeri-wird-neuer-Country-Manager-Switzerland-organisator.jpg\",\"width\":420,\"height\":607,\"caption\":\"Gianni Valeri, neuer Country Manager Switzerland\"},{\"@type\":\"BreadcrumbList\",\"@id\":\"https:\\\/\\\/www.organisator.ch\\\/it\\\/generale\\\/2016-04-18\\\/gianni-valeri-wird-neuer-country-manager-switzerland\\\/#breadcrumb\",\"itemListElement\":[{\"@type\":\"ListItem\",\"position\":1,\"name\":\"Home\",\"item\":\"https:\\\/\\\/www.organisator.ch\\\/\"},{\"@type\":\"ListItem\",\"position\":2,\"name\":\"Gianni Valeri wird neuer Country Manager Switzerland\"}]},{\"@type\":\"WebSite\",\"@id\":\"https:\\\/\\\/www.organisator.ch\\\/#website\",\"url\":\"https:\\\/\\\/www.organisator.ch\\\/\",\"name\":\"Organisator\",\"description\":\"Kompetent. Praxisnah. Der ORGANISATOR bereitet in 10 Ausgaben pro Jahr die wesentlichen Themen f\u00fcr F\u00fchrungskr\u00e4fte von KMU auf.\",\"publisher\":{\"@id\":\"https:\\\/\\\/www.organisator.ch\\\/#organization\"},\"potentialAction\":[{\"@type\":\"SearchAction\",\"target\":{\"@type\":\"EntryPoint\",\"urlTemplate\":\"https:\\\/\\\/www.organisator.ch\\\/?s={search_term_string}\"},\"query-input\":{\"@type\":\"PropertyValueSpecification\",\"valueRequired\":true,\"valueName\":\"search_term_string\"}}],\"inLanguage\":\"it-IT\"},{\"@type\":\"Organization\",\"@id\":\"https:\\\/\\\/www.organisator.ch\\\/#organization\",\"name\":\"Organisator\",\"url\":\"https:\\\/\\\/www.organisator.ch\\\/\",\"logo\":{\"@type\":\"ImageObject\",\"inLanguage\":\"it-IT\",\"@id\":\"https:\\\/\\\/www.organisator.ch\\\/#\\\/schema\\\/logo\\\/image\\\/\",\"url\":\"https:\\\/\\\/www.organisator.ch\\\/wp-content\\\/uploads\\\/2022\\\/01\\\/Logo_Organisator_Website.png\",\"contentUrl\":\"https:\\\/\\\/www.organisator.ch\\\/wp-content\\\/uploads\\\/2022\\\/01\\\/Logo_Organisator_Website.png\",\"width\":800,\"height\":77,\"caption\":\"Organisator\"},\"image\":{\"@id\":\"https:\\\/\\\/www.organisator.ch\\\/#\\\/schema\\\/logo\\\/image\\\/\"},\"sameAs\":[\"https:\\\/\\\/www.facebook.com\\\/OrganisatorFachmagazin\",\"https:\\\/\\\/www.linkedin.com\\\/showcase\\\/organisator-das-magazin-fr-kmu\",\"https:\\\/\\\/www.xing.com\\\/news\\\/pages\\\/organisator-ch-695\",\"https:\\\/\\\/www.youtube.com\\\/channel\\\/UCGP2Sq0iWaZwT3BdIAQFYpw\"]},{\"@type\":\"Person\",\"@id\":\"https:\\\/\\\/www.organisator.ch\\\/#\\\/schema\\\/person\\\/aa2bace6c5c5aad60102004a50c4eb1c\",\"name\":\"admin\",\"image\":{\"@type\":\"ImageObject\",\"inLanguage\":\"it-IT\",\"@id\":\"https:\\\/\\\/secure.gravatar.com\\\/avatar\\\/ae2f4d718e6c49043e314ce431e7e645d646302a24a5ef5a8bc8e3f5a032e319?s=96&d=mm&r=g\",\"url\":\"https:\\\/\\\/secure.gravatar.com\\\/avatar\\\/ae2f4d718e6c49043e314ce431e7e645d646302a24a5ef5a8bc8e3f5a032e319?s=96&d=mm&r=g\",\"contentUrl\":\"https:\\\/\\\/secure.gravatar.com\\\/avatar\\\/ae2f4d718e6c49043e314ce431e7e645d646302a24a5ef5a8bc8e3f5a032e319?s=96&d=mm&r=g\",\"caption\":\"admin\"},\"sameAs\":[\"https:\\\/\\\/www.organisator.ch\"],\"url\":\"https:\\\/\\\/www.organisator.ch\\\/it\\\/author\\\/admin\\\/\"}]}<\/script>\n<!-- \/ Yoast SEO plugin. -->","yoast_head_json":{"title":"Gianni Valeri diventa nuovo Country Manager Svizzera - Organiser","description":"La nuova posizione di Gianni Valeri rafforza la gestione del pi\u00f9 grande datore di lavoro di posizioni temporanee.","robots":{"index":"index","follow":"follow","max-snippet":"max-snippet:-1","max-image-preview":"max-image-preview:large","max-video-preview":"max-video-preview:-1"},"canonical":"https:\/\/www.organisator.ch\/it\/generale\/2016-04-18\/gianni-valeri-wird-neuer-country-manager-switzerland\/","og_locale":"it_IT","og_type":"article","og_title":"Gianni Valeri wird neuer Country Manager Switzerland","og_description":"Gianni Valeri verst\u00e4rkt durch die neu geschaffene Position die Gesch\u00e4ftsleitung des gr\u00f6ssten Arbeitgebers f\u00fcr tempor\u00e4re Stellen mit Sitz in Z\u00fcrich und Lausanne. Valeri verf\u00fcgt \u00fcber langj\u00e4hrige Erfahrung im Business Development und als F\u00fchrungskraft. Seit 19 Jahren ist Gianni Valeri im Recruiting t\u00e4tig, wovon 17 Jahre bei Adecco. Dort fungierte er die letzten drei Jahre als Director der Professional Staffing Business Lines Switzerland.","og_url":"https:\/\/www.organisator.ch\/it\/generale\/2016-04-18\/gianni-valeri-wird-neuer-country-manager-switzerland\/","og_site_name":"Organisator","article_publisher":"https:\/\/www.facebook.com\/OrganisatorFachmagazin","article_published_time":"2016-04-18T09:24:42+00:00","author":"admin","twitter_card":"summary_large_image","twitter_image":"https:\/\/www.organisator.ch\/wp-content\/uploads\/2016\/12\/Gianni-Valeri-wird-neuer-Country-Manager-Switzerland-organisator.jpg","schema":{"@context":"https:\/\/schema.org","@graph":[{"@type":"Article","@id":"https:\/\/www.organisator.ch\/it\/generale\/2016-04-18\/gianni-valeri-wird-neuer-country-manager-switzerland\/#article","isPartOf":{"@id":"https:\/\/www.organisator.ch\/it\/generale\/2016-04-18\/gianni-valeri-wird-neuer-country-manager-switzerland\/"},"author":{"name":"admin","@id":"https:\/\/www.organisator.ch\/#\/schema\/person\/aa2bace6c5c5aad60102004a50c4eb1c"},"headline":"Gianni Valeri wird neuer Country Manager Switzerland","datePublished":"2016-04-18T09:24:42+00:00","mainEntityOfPage":{"@id":"https:\/\/www.organisator.ch\/it\/generale\/2016-04-18\/gianni-valeri-wird-neuer-country-manager-switzerland\/"},"wordCount":136,"commentCount":0,"publisher":{"@id":"https:\/\/www.organisator.ch\/#organization"},"image":{"@id":"https:\/\/www.organisator.ch\/it\/generale\/2016-04-18\/gianni-valeri-wird-neuer-country-manager-switzerland\/#primaryimage"},"thumbnailUrl":"https:\/\/www.organisator.ch\/wp-content\/uploads\/2016\/12\/Gianni-Valeri-wird-neuer-Country-Manager-Switzerland-organisator.jpg","keywords":["Personalien"],"articleSection":["Allgemein"],"inLanguage":"it-IT"},{"@type":"WebPage","@id":"https:\/\/www.organisator.ch\/it\/generale\/2016-04-18\/gianni-valeri-wird-neuer-country-manager-switzerland\/","url":"https:\/\/www.organisator.ch\/it\/generale\/2016-04-18\/gianni-valeri-wird-neuer-country-manager-switzerland\/","name":"Gianni Valeri diventa nuovo Country Manager Svizzera - Organiser","isPartOf":{"@id":"https:\/\/www.organisator.ch\/#website"},"primaryImageOfPage":{"@id":"https:\/\/www.organisator.ch\/it\/generale\/2016-04-18\/gianni-valeri-wird-neuer-country-manager-switzerland\/#primaryimage"},"image":{"@id":"https:\/\/www.organisator.ch\/it\/generale\/2016-04-18\/gianni-valeri-wird-neuer-country-manager-switzerland\/#primaryimage"},"thumbnailUrl":"https:\/\/www.organisator.ch\/wp-content\/uploads\/2016\/12\/Gianni-Valeri-wird-neuer-Country-Manager-Switzerland-organisator.jpg","datePublished":"2016-04-18T09:24:42+00:00","description":"La nuova posizione di Gianni Valeri rafforza la gestione del pi\u00f9 grande datore di lavoro di posizioni temporanee.","breadcrumb":{"@id":"https:\/\/www.organisator.ch\/it\/generale\/2016-04-18\/gianni-valeri-wird-neuer-country-manager-switzerland\/#breadcrumb"},"inLanguage":"it-IT","potentialAction":[{"@type":"ReadAction","target":["https:\/\/www.organisator.ch\/it\/generale\/2016-04-18\/gianni-valeri-wird-neuer-country-manager-switzerland\/"]}]},{"@type":"ImageObject","inLanguage":"it-IT","@id":"https:\/\/www.organisator.ch\/it\/generale\/2016-04-18\/gianni-valeri-wird-neuer-country-manager-switzerland\/#primaryimage","url":"https:\/\/www.organisator.ch\/wp-content\/uploads\/2016\/12\/Gianni-Valeri-wird-neuer-Country-Manager-Switzerland-organisator.jpg","contentUrl":"https:\/\/www.organisator.ch\/wp-content\/uploads\/2016\/12\/Gianni-Valeri-wird-neuer-Country-Manager-Switzerland-organisator.jpg","width":420,"height":607,"caption":"Gianni Valeri, neuer Country Manager Switzerland"},{"@type":"BreadcrumbList","@id":"https:\/\/www.organisator.ch\/it\/generale\/2016-04-18\/gianni-valeri-wird-neuer-country-manager-switzerland\/#breadcrumb","itemListElement":[{"@type":"ListItem","position":1,"name":"Home","item":"https:\/\/www.organisator.ch\/"},{"@type":"ListItem","position":2,"name":"Gianni Valeri wird neuer Country Manager Switzerland"}]},{"@type":"WebSite","@id":"https:\/\/www.organisator.ch\/#website","url":"https:\/\/www.organisator.ch\/","name":"Organizzatore","description":"Competente. Pratico. In 10 numeri all'anno, ORGANISATOR presenta i temi essenziali per i manager delle PMI.","publisher":{"@id":"https:\/\/www.organisator.ch\/#organization"},"potentialAction":[{"@type":"SearchAction","target":{"@type":"EntryPoint","urlTemplate":"https:\/\/www.organisator.ch\/?s={search_term_string}"},"query-input":{"@type":"PropertyValueSpecification","valueRequired":true,"valueName":"search_term_string"}}],"inLanguage":"it-IT"},{"@type":"Organization","@id":"https:\/\/www.organisator.ch\/#organization","name":"Organizzatore","url":"https:\/\/www.organisator.ch\/","logo":{"@type":"ImageObject","inLanguage":"it-IT","@id":"https:\/\/www.organisator.ch\/#\/schema\/logo\/image\/","url":"https:\/\/www.organisator.ch\/wp-content\/uploads\/2022\/01\/Logo_Organisator_Website.png","contentUrl":"https:\/\/www.organisator.ch\/wp-content\/uploads\/2022\/01\/Logo_Organisator_Website.png","width":800,"height":77,"caption":"Organisator"},"image":{"@id":"https:\/\/www.organisator.ch\/#\/schema\/logo\/image\/"},"sameAs":["https:\/\/www.facebook.com\/OrganisatorFachmagazin","https:\/\/www.linkedin.com\/showcase\/organisator-das-magazin-fr-kmu","https:\/\/www.xing.com\/news\/pages\/organisator-ch-695","https:\/\/www.youtube.com\/channel\/UCGP2Sq0iWaZwT3BdIAQFYpw"]},{"@type":"Person","@id":"https:\/\/www.organisator.ch\/#\/schema\/person\/aa2bace6c5c5aad60102004a50c4eb1c","name":"amministratore","image":{"@type":"ImageObject","inLanguage":"it-IT","@id":"https:\/\/secure.gravatar.com\/avatar\/ae2f4d718e6c49043e314ce431e7e645d646302a24a5ef5a8bc8e3f5a032e319?s=96&d=mm&r=g","url":"https:\/\/secure.gravatar.com\/avatar\/ae2f4d718e6c49043e314ce431e7e645d646302a24a5ef5a8bc8e3f5a032e319?s=96&d=mm&r=g","contentUrl":"https:\/\/secure.gravatar.com\/avatar\/ae2f4d718e6c49043e314ce431e7e645d646302a24a5ef5a8bc8e3f5a032e319?s=96&d=mm&r=g","caption":"admin"},"sameAs":["https:\/\/www.organisator.ch"],"url":"https:\/\/www.organisator.ch\/it\/author\/admin\/"}]}},"_links":{"self":[{"href":"https:\/\/www.organisator.ch\/it\/wp-json\/wp\/v2\/posts\/294","targetHints":{"allow":["GET"]}}],"collection":[{"href":"https:\/\/www.organisator.ch\/it\/wp-json\/wp\/v2\/posts"}],"about":[{"href":"https:\/\/www.organisator.ch\/it\/wp-json\/wp\/v2\/types\/post"}],"author":[{"embeddable":true,"href":"https:\/\/www.organisator.ch\/it\/wp-json\/wp\/v2\/users\/1"}],"replies":[{"embeddable":true,"href":"https:\/\/www.organisator.ch\/it\/wp-json\/wp\/v2\/comments?post=294"}],"version-history":[{"count":0,"href":"https:\/\/www.organisator.ch\/it\/wp-json\/wp\/v2\/posts\/294\/revisions"}],"wp:featuredmedia":[{"embeddable":true,"href":"https:\/\/www.organisator.ch\/it\/wp-json\/wp\/v2\/media\/295"}],"wp:attachment":[{"href":"https:\/\/www.organisator.ch\/it\/wp-json\/wp\/v2\/media?parent=294"}],"wp:term":[{"taxonomy":"category","embeddable":true,"href":"https:\/\/www.organisator.ch\/it\/wp-json\/wp\/v2\/categories?post=294"},{"taxonomy":"post_tag","embeddable":true,"href":"https:\/\/www.organisator.ch\/it\/wp-json\/wp\/v2\/tags?post=294"}],"curies":[{"name":"wp","href":"https:\/\/api.w.org\/{rel}","templated":true}]}}