{"id":29421,"date":"2024-08-29T12:33:17","date_gmt":"2024-08-29T10:33:17","guid":{"rendered":"https:\/\/www.organisator.ch\/?p=29421"},"modified":"2024-08-29T08:23:41","modified_gmt":"2024-08-29T06:23:41","slug":"schweizer-verwaltungsraete-haben-zu-wenig-ki-kompetenz","status":"publish","type":"post","link":"https:\/\/www.organisator.ch\/it\/management\/2024-08-29\/schweizer-verwaltungsraete-haben-zu-wenig-ki-kompetenz\/","title":{"rendered":"I consigli di amministrazione svizzeri hanno troppe poche competenze in materia di IA"},"content":{"rendered":"<figure id=\"attachment_29426\" aria-describedby=\"caption-attachment-29426\" style=\"width: 680px\" class=\"wp-caption alignnone\"><img loading=\"lazy\" decoding=\"async\" class=\"size-full wp-image-29426\" src=\"https:\/\/www.organisator.ch\/wp-content\/uploads\/2024\/08\/Deloitte-Verwaltungsraete_Bild1_ps.jpg\" alt=\"\" width=\"680\" height=\"268\" srcset=\"https:\/\/www.organisator.ch\/wp-content\/uploads\/2024\/08\/Deloitte-Verwaltungsraete_Bild1_ps.jpg 680w, https:\/\/www.organisator.ch\/wp-content\/uploads\/2024\/08\/Deloitte-Verwaltungsraete_Bild1_ps-18x7.jpg 18w, https:\/\/www.organisator.ch\/wp-content\/uploads\/2024\/08\/Deloitte-Verwaltungsraete_Bild1_ps-375x148.jpg 375w\" sizes=\"auto, (max-width: 680px) 100vw, 680px\" \/><figcaption id=\"caption-attachment-29426\" class=\"wp-caption-text\">Importanza dell'IA generativa per le aziende e la trasformazione del settore. (Immagine: www.deloitte.com)<\/figcaption><\/figure>\n<p>Il modo in cui un'azienda utilizza la GenAI e affronta i rischi dipende in larga misura dal suo consiglio di amministrazione. La maggior parte delle aziende svizzere non sta ancora sfruttando il potenziale. Sebbene la maggior parte dei consigli di amministrazione stia affrontando l'argomento, spesso manca la conoscenza e la consapevolezza delle sfide e dei rischi pi\u00f9 importanti. Lo dimostra l'indagine semestrale condotta su quasi 400 membri dei consigli di amministrazione dall'associazione swissVR in collaborazione con la societ\u00e0 di revisione e consulenza Deloitte Svizzera e l'Universit\u00e0 di Scienze Applicate e Arti di Lucerna.<\/p>\n<p>\u00c8 importante che i membri del consiglio di amministrazione affrontino l'argomento e sviluppino una strategia chiara per la propria azienda. Mentre circa la met\u00e0 dei membri del consiglio di amministrazione intervistati ritiene che la GenAI sia diventata solo leggermente pi\u00f9 importante per la propria azienda negli ultimi due anni, un quarto ritiene che sia diventata molto pi\u00f9 importante. Guardando al futuro, molto meno della met\u00e0 (39%) degli intervistati prevede una trasformazione fondamentale del proprio settore nei prossimi uno-tre anni. Quasi altrettanti (36%) non si aspettano che ci\u00f2 avvenga prima di tre o pi\u00f9 anni.<\/p>\n<p>\"Molti consigli di amministrazione sono consapevoli della crescente importanza dell'IA generativa, come dimostrano chiaramente i risultati dello swissVR Monitor. Ci\u00f2 rende ancora pi\u00f9 importante per i loro membri familiarizzare con questa tecnologia e con le conseguenze per le loro aziende\", afferma Reto Savoia, CEO di Deloitte Svizzera.<\/p>\n<p>Secondo la grande maggioranza dei membri del consiglio di amministrazione intervistati, le loro aziende si stanno concentrando sull'utilizzo della GenAI per aumentare l'efficienza e la produttivit\u00e0 (79%) all'interno dell'azienda. La riduzione dei costi (43%) o il miglioramento di prodotti e servizi (40%) seguono a distanza. I vantaggi strategici, come la generazione di nuove idee e intuizioni (34%) o l'aumento dell'innovazione (attraverso nuovi prodotti) e della crescita (31%), sono invece menzionati meno frequentemente.<\/p>\n<h3><strong>Una migliore gestione del rischio nelle piccole imprese <\/strong><\/h3>\n<p>Per la maggior parte degli intervistati (60%), i risultati potenzialmente errati dei contenuti generati dall'IA, ossia informazioni e dati errati o distorti, rappresentano il rischio maggiore per le loro aziende. Anche la riservatezza e la protezione dei dati aziendali e dei clienti quando si utilizza l'IA e la questione della sicurezza informatica rappresentano una preoccupazione per la maggior parte dei membri del consiglio di amministrazione.<\/p>\n<figure id=\"attachment_29427\" aria-describedby=\"caption-attachment-29427\" style=\"width: 680px\" class=\"wp-caption alignnone\"><img loading=\"lazy\" decoding=\"async\" class=\"size-full wp-image-29427\" src=\"https:\/\/www.organisator.ch\/wp-content\/uploads\/2024\/08\/Deloitte-Verwaltungsraete_Bild2_ps.jpg\" alt=\"\" width=\"680\" height=\"236\" srcset=\"https:\/\/www.organisator.ch\/wp-content\/uploads\/2024\/08\/Deloitte-Verwaltungsraete_Bild2_ps.jpg 680w, https:\/\/www.organisator.ch\/wp-content\/uploads\/2024\/08\/Deloitte-Verwaltungsraete_Bild2_ps-18x6.jpg 18w, https:\/\/www.organisator.ch\/wp-content\/uploads\/2024\/08\/Deloitte-Verwaltungsraete_Bild2_ps-375x130.jpg 375w\" sizes=\"auto, (max-width: 680px) 100vw, 680px\" \/><figcaption id=\"caption-attachment-29427\" class=\"wp-caption-text\">Sfide e rischi dell'IA generativa per le aziende. (Immagine: www.deloitte.com)<\/figcaption><\/figure>\n<p>Come dimostra anche l'indagine, la maggior parte delle aziende prende sul serio i rischi e ha risposto con una serie di misure. La grande maggioranza delle aziende intervistate (86%) ha effettuato audit interni. Circa due terzi (67%) hanno elaborato linee guida e formato i propri dipendenti (61%). Si nota che un numero significativamente maggiore di piccole imprese (77%) rispetto alle grandi imprese (48%) ha introdotto linee guida nelle proprie aziende, in particolare per quanto riguarda i rischi di risultati errati, la riservatezza e la protezione dei dati.<\/p>\n<h3><strong>Quasi nessun controllo umano <\/strong><\/h3>\n<p>Nonostante il rischio di risultati errati sia considerato molto alto, solo poche aziende (17%) fanno controllare tutti i contenuti generati dall'IA da almeno una persona, anche se la validazione umana sarebbe il modo pi\u00f9 efficace per escludere gli errori.<\/p>\n<p>\"La mancanza di controllo umano \u00e8 una debolezza significativa quando si tratta di IA generativa nelle aziende. In considerazione dei rischi che l'IA comporta, \u00e8 essenziale che le aziende facciano controllare e convalidare i contenuti generati dall'IA dai dipendenti e non si fidino ciecamente dell'IA\", afferma Isabelle Amschwand, Presidente di swissVR.<\/p>\n<h3><strong>I membri del consiglio di amministrazione non utilizzano l'IA in prima persona <\/strong><\/h3>\n<p>La stragrande maggioranza (70%) dei membri dei consigli di amministrazione intervistati ha affrontato l'argomento nell'ultimo anno, per lo pi\u00f9 nell'ambito del consiglio di amministrazione completo. Tuttavia, l'indagine mostra anche che pochissimi membri del consiglio di amministrazione utilizzano direttamente le applicazioni di IA nell'ambito del loro mandato - pi\u00f9 della met\u00e0 (55%) addirittura raramente o mai. Ci\u00f2 pu\u00f2 essere in parte spiegato dai rischi sopra menzionati. I membri dei consigli di amministrazione delle aziende svizzere sono quindi piuttosto scettici nei confronti della nuova tecnologia. Tuttavia, con una maggiore familiarit\u00e0 e una migliore comprensione della tecnologia, il comportamento di utilizzo potrebbe migliorare in modo significativo.<\/p>\n<p>Un resoconto pi\u00f9 regolare da parte del management sull'uso dell'IA generativa nella propria azienda migliorerebbe anche la comprensione delle sfide e dei rischi pi\u00f9 importanti. Ad oggi, tuttavia, tre quarti dei membri del consiglio di amministrazione intervistati hanno ricevuto solo raramente o per nulla relazioni regolari su questo argomento.<\/p>\n<p>\"\u00c8 un piacere che il tema della GenAI abbia raggiunto i consigli di amministrazione. Per garantire che questa tecnologia diventi un successo e non una minaccia, devono agire ora. I risultati del nostro sondaggio mostrano un potenziale di ottimizzazione, in particolare per quanto riguarda l'utilizzo di strumenti di IA come parte del loro mandato e in termini di conoscenze specialistiche richieste\", sottolinea Brigitte Maranghino-Singer, docente presso l'Universit\u00e0 di Scienze Applicate di Lucerna e l'Istituto di Servizi Finanziari di Zug IFZ.<\/p>\n<figure id=\"attachment_29428\" aria-describedby=\"caption-attachment-29428\" style=\"width: 680px\" class=\"wp-caption alignnone\"><img loading=\"lazy\" decoding=\"async\" class=\"size-full wp-image-29428\" src=\"https:\/\/www.organisator.ch\/wp-content\/uploads\/2024\/08\/Deloitte-Verwaltungsaerte_Bild3_ps.jpg\" alt=\"\" width=\"680\" height=\"241\" srcset=\"https:\/\/www.organisator.ch\/wp-content\/uploads\/2024\/08\/Deloitte-Verwaltungsaerte_Bild3_ps.jpg 680w, https:\/\/www.organisator.ch\/wp-content\/uploads\/2024\/08\/Deloitte-Verwaltungsaerte_Bild3_ps-18x6.jpg 18w, https:\/\/www.organisator.ch\/wp-content\/uploads\/2024\/08\/Deloitte-Verwaltungsaerte_Bild3_ps-375x133.jpg 375w\" sizes=\"auto, (max-width: 680px) 100vw, 680px\" \/><figcaption id=\"caption-attachment-29428\" class=\"wp-caption-text\">Uso di strumenti di IA generativa come parte del mandato VR. (Immagine: www.deloitte.com)<\/figcaption><\/figure>\n<p><em>Fonte: <a href=\"http:\/\/www.deloitte.com\">www.deloitte.com<\/a><\/em><\/p>","protected":false},"excerpt":{"rendered":"<p>La maggior parte delle aziende svizzere e i loro consigli di amministrazione non stanno sfruttando appieno il potenziale dell'intelligenza artificiale generativa (GenAI). Il nuovo Monitor swissVR mostra che il tema ha raggiunto i massimi organi aziendali. Tuttavia, mancano ancora competenze e conoscenze sulle sfide e sui rischi pi\u00f9 importanti per la propria azienda. <\/p>","protected":false},"author":58,"featured_media":29426,"comment_status":"closed","ping_status":"closed","sticky":false,"template":"","format":"standard","meta":{"_acf_changed":false,"_yoast_wpseo_focuskw":"Verwaltungsr\u00e4te","_yoast_wpseo_metadesc":"Die meisten Schweizer Unternehmen und auch deren Verwaltungsr\u00e4te sch\u00f6pfen das Potenzial generativer k\u00fcnstlicher Intelligenz nicht voll aus.","articlekey":"","footnotes":""},"categories":[28],"tags":[298,334,4436,492,513],"class_list":["post-29421","post","type-post","status-publish","format-standard","has-post-thumbnail","hentry","category-management","tag-ki","tag-management","tag-swissvr","tag-unternehmen","tag-verwaltungsraete"],"acf":[],"yoast_head":"<!-- This site is optimized with the Yoast SEO plugin v27.5 - https:\/\/yoast.com\/product\/yoast-seo-wordpress\/ -->\n<title>Schweizer Verwaltungsr\u00e4te haben zu wenig KI-Kompetenz - Organisator<\/title>\n<meta name=\"description\" content=\"Die meisten Schweizer Unternehmen und auch deren Verwaltungsr\u00e4te sch\u00f6pfen das Potenzial generativer k\u00fcnstlicher Intelligenz nicht voll aus.\" \/>\n<meta name=\"robots\" content=\"index, follow, max-snippet:-1, max-image-preview:large, max-video-preview:-1\" \/>\n<link rel=\"canonical\" href=\"https:\/\/www.organisator.ch\/it\/gestione-2\/2024-08-29\/schweizer-verwaltungsraete-haben-zu-wenig-ki-kompetenz\/\" \/>\n<meta property=\"og:locale\" content=\"it_IT\" \/>\n<meta property=\"og:type\" content=\"article\" \/>\n<meta property=\"og:title\" content=\"Schweizer Verwaltungsr\u00e4te haben zu wenig KI-Kompetenz\" \/>\n<meta property=\"og:description\" content=\"Die meisten Schweizer Unternehmen und auch deren Verwaltungsr\u00e4te sch\u00f6pfen das Potenzial generativer k\u00fcnstlicher Intelligenz nicht voll aus.\" \/>\n<meta property=\"og:url\" content=\"https:\/\/www.organisator.ch\/it\/gestione-2\/2024-08-29\/schweizer-verwaltungsraete-haben-zu-wenig-ki-kompetenz\/\" \/>\n<meta property=\"og:site_name\" content=\"Organisator\" \/>\n<meta property=\"article:publisher\" content=\"https:\/\/www.facebook.com\/OrganisatorFachmagazin\" \/>\n<meta property=\"article:published_time\" content=\"2024-08-29T10:33:17+00:00\" \/>\n<meta property=\"og:image\" content=\"https:\/\/www.organisator.ch\/wp-content\/uploads\/2024\/08\/Deloitte-Verwaltungsraete_Bild1_ps.jpg\" \/>\n\t<meta property=\"og:image:width\" content=\"680\" \/>\n\t<meta property=\"og:image:height\" content=\"268\" \/>\n\t<meta property=\"og:image:type\" content=\"image\/jpeg\" \/>\n<meta name=\"author\" content=\"Adelisa Kalajdzini\" \/>\n<meta name=\"twitter:card\" content=\"summary_large_image\" \/>\n<meta name=\"twitter:title\" content=\"Schweizer Verwaltungsr\u00e4te haben zu wenig KI-Kompetenz\" \/>\n<meta name=\"twitter:description\" content=\"Die meisten #Schweizer #Unternehmen und auch deren #Verwaltungsr\u00e4te sch\u00f6pfen das Potenzial #generativer #k\u00fcnstlicher #Intelligenz nicht voll aus.\" \/>\n<meta name=\"twitter:image\" content=\"https:\/\/www.organisator.ch\/wp-content\/uploads\/2024\/08\/Deloitte-Verwaltungsraete_Bild1_ps.jpg\" \/>\n<script type=\"application\/ld+json\" class=\"yoast-schema-graph\">{\"@context\":\"https:\\\/\\\/schema.org\",\"@graph\":[{\"@type\":\"Article\",\"@id\":\"https:\\\/\\\/www.organisator.ch\\\/management\\\/2024-08-29\\\/schweizer-verwaltungsraete-haben-zu-wenig-ki-kompetenz\\\/#article\",\"isPartOf\":{\"@id\":\"https:\\\/\\\/www.organisator.ch\\\/management\\\/2024-08-29\\\/schweizer-verwaltungsraete-haben-zu-wenig-ki-kompetenz\\\/\"},\"author\":{\"name\":\"Adelisa Kalajdzini\",\"@id\":\"https:\\\/\\\/www.organisator.ch\\\/#\\\/schema\\\/person\\\/2e1314a2172123f874db408d8911d3f3\"},\"headline\":\"Schweizer Verwaltungsr\u00e4te haben zu wenig KI-Kompetenz\",\"datePublished\":\"2024-08-29T10:33:17+00:00\",\"mainEntityOfPage\":{\"@id\":\"https:\\\/\\\/www.organisator.ch\\\/management\\\/2024-08-29\\\/schweizer-verwaltungsraete-haben-zu-wenig-ki-kompetenz\\\/\"},\"wordCount\":790,\"publisher\":{\"@id\":\"https:\\\/\\\/www.organisator.ch\\\/#organization\"},\"image\":{\"@id\":\"https:\\\/\\\/www.organisator.ch\\\/management\\\/2024-08-29\\\/schweizer-verwaltungsraete-haben-zu-wenig-ki-kompetenz\\\/#primaryimage\"},\"thumbnailUrl\":\"https:\\\/\\\/www.organisator.ch\\\/wp-content\\\/uploads\\\/2024\\\/08\\\/Deloitte-Verwaltungsraete_Bild1_ps.jpg\",\"keywords\":[\"KI\",\"Management\",\"SwissVR\",\"Unternehmen\",\"Verwaltungsr\u00e4te\"],\"articleSection\":[\"MANAGEMENT\"],\"inLanguage\":\"it-IT\"},{\"@type\":\"WebPage\",\"@id\":\"https:\\\/\\\/www.organisator.ch\\\/management\\\/2024-08-29\\\/schweizer-verwaltungsraete-haben-zu-wenig-ki-kompetenz\\\/\",\"url\":\"https:\\\/\\\/www.organisator.ch\\\/management\\\/2024-08-29\\\/schweizer-verwaltungsraete-haben-zu-wenig-ki-kompetenz\\\/\",\"name\":\"Schweizer Verwaltungsr\u00e4te haben zu wenig KI-Kompetenz - Organisator\",\"isPartOf\":{\"@id\":\"https:\\\/\\\/www.organisator.ch\\\/#website\"},\"primaryImageOfPage\":{\"@id\":\"https:\\\/\\\/www.organisator.ch\\\/management\\\/2024-08-29\\\/schweizer-verwaltungsraete-haben-zu-wenig-ki-kompetenz\\\/#primaryimage\"},\"image\":{\"@id\":\"https:\\\/\\\/www.organisator.ch\\\/management\\\/2024-08-29\\\/schweizer-verwaltungsraete-haben-zu-wenig-ki-kompetenz\\\/#primaryimage\"},\"thumbnailUrl\":\"https:\\\/\\\/www.organisator.ch\\\/wp-content\\\/uploads\\\/2024\\\/08\\\/Deloitte-Verwaltungsraete_Bild1_ps.jpg\",\"datePublished\":\"2024-08-29T10:33:17+00:00\",\"description\":\"Die meisten Schweizer Unternehmen und auch deren Verwaltungsr\u00e4te sch\u00f6pfen das Potenzial generativer k\u00fcnstlicher Intelligenz nicht voll aus.\",\"breadcrumb\":{\"@id\":\"https:\\\/\\\/www.organisator.ch\\\/management\\\/2024-08-29\\\/schweizer-verwaltungsraete-haben-zu-wenig-ki-kompetenz\\\/#breadcrumb\"},\"inLanguage\":\"it-IT\",\"potentialAction\":[{\"@type\":\"ReadAction\",\"target\":[\"https:\\\/\\\/www.organisator.ch\\\/management\\\/2024-08-29\\\/schweizer-verwaltungsraete-haben-zu-wenig-ki-kompetenz\\\/\"]}]},{\"@type\":\"ImageObject\",\"inLanguage\":\"it-IT\",\"@id\":\"https:\\\/\\\/www.organisator.ch\\\/management\\\/2024-08-29\\\/schweizer-verwaltungsraete-haben-zu-wenig-ki-kompetenz\\\/#primaryimage\",\"url\":\"https:\\\/\\\/www.organisator.ch\\\/wp-content\\\/uploads\\\/2024\\\/08\\\/Deloitte-Verwaltungsraete_Bild1_ps.jpg\",\"contentUrl\":\"https:\\\/\\\/www.organisator.ch\\\/wp-content\\\/uploads\\\/2024\\\/08\\\/Deloitte-Verwaltungsraete_Bild1_ps.jpg\",\"width\":680,\"height\":268,\"caption\":\"Bedeutung von generativer KI f\u00fcr Unternehmen und Branchentransformation. (Bild: www.deloitte.com)\"},{\"@type\":\"BreadcrumbList\",\"@id\":\"https:\\\/\\\/www.organisator.ch\\\/management\\\/2024-08-29\\\/schweizer-verwaltungsraete-haben-zu-wenig-ki-kompetenz\\\/#breadcrumb\",\"itemListElement\":[{\"@type\":\"ListItem\",\"position\":1,\"name\":\"Home\",\"item\":\"https:\\\/\\\/www.organisator.ch\\\/\"},{\"@type\":\"ListItem\",\"position\":2,\"name\":\"Schweizer Verwaltungsr\u00e4te haben zu wenig KI-Kompetenz\"}]},{\"@type\":\"WebSite\",\"@id\":\"https:\\\/\\\/www.organisator.ch\\\/#website\",\"url\":\"https:\\\/\\\/www.organisator.ch\\\/\",\"name\":\"Organisator\",\"description\":\"Kompetent. Praxisnah. Der ORGANISATOR bereitet in 10 Ausgaben pro Jahr die wesentlichen Themen f\u00fcr F\u00fchrungskr\u00e4fte von KMU auf.\",\"publisher\":{\"@id\":\"https:\\\/\\\/www.organisator.ch\\\/#organization\"},\"potentialAction\":[{\"@type\":\"SearchAction\",\"target\":{\"@type\":\"EntryPoint\",\"urlTemplate\":\"https:\\\/\\\/www.organisator.ch\\\/?s={search_term_string}\"},\"query-input\":{\"@type\":\"PropertyValueSpecification\",\"valueRequired\":true,\"valueName\":\"search_term_string\"}}],\"inLanguage\":\"it-IT\"},{\"@type\":\"Organization\",\"@id\":\"https:\\\/\\\/www.organisator.ch\\\/#organization\",\"name\":\"Organisator\",\"url\":\"https:\\\/\\\/www.organisator.ch\\\/\",\"logo\":{\"@type\":\"ImageObject\",\"inLanguage\":\"it-IT\",\"@id\":\"https:\\\/\\\/www.organisator.ch\\\/#\\\/schema\\\/logo\\\/image\\\/\",\"url\":\"https:\\\/\\\/www.organisator.ch\\\/wp-content\\\/uploads\\\/2022\\\/01\\\/Logo_Organisator_Website.png\",\"contentUrl\":\"https:\\\/\\\/www.organisator.ch\\\/wp-content\\\/uploads\\\/2022\\\/01\\\/Logo_Organisator_Website.png\",\"width\":800,\"height\":77,\"caption\":\"Organisator\"},\"image\":{\"@id\":\"https:\\\/\\\/www.organisator.ch\\\/#\\\/schema\\\/logo\\\/image\\\/\"},\"sameAs\":[\"https:\\\/\\\/www.facebook.com\\\/OrganisatorFachmagazin\",\"https:\\\/\\\/www.linkedin.com\\\/showcase\\\/organisator-das-magazin-fr-kmu\",\"https:\\\/\\\/www.xing.com\\\/news\\\/pages\\\/organisator-ch-695\",\"https:\\\/\\\/www.youtube.com\\\/channel\\\/UCGP2Sq0iWaZwT3BdIAQFYpw\"]},{\"@type\":\"Person\",\"@id\":\"https:\\\/\\\/www.organisator.ch\\\/#\\\/schema\\\/person\\\/2e1314a2172123f874db408d8911d3f3\",\"name\":\"Adelisa Kalajdzini\",\"image\":{\"@type\":\"ImageObject\",\"inLanguage\":\"it-IT\",\"@id\":\"https:\\\/\\\/secure.gravatar.com\\\/avatar\\\/09a397c22ac58cad6f160ee8306348599df9df58a8ede73696226897b9fa4b24?s=96&d=mm&r=g\",\"url\":\"https:\\\/\\\/secure.gravatar.com\\\/avatar\\\/09a397c22ac58cad6f160ee8306348599df9df58a8ede73696226897b9fa4b24?s=96&d=mm&r=g\",\"contentUrl\":\"https:\\\/\\\/secure.gravatar.com\\\/avatar\\\/09a397c22ac58cad6f160ee8306348599df9df58a8ede73696226897b9fa4b24?s=96&d=mm&r=g\",\"caption\":\"Adelisa Kalajdzini\"},\"url\":\"https:\\\/\\\/www.organisator.ch\\\/it\\\/author\\\/adelisa-kalajdzini\\\/\"}]}<\/script>\n<!-- \/ Yoast SEO plugin. -->","yoast_head_json":{"title":"I consigli di amministrazione svizzeri hanno troppe poche competenze in materia di IA - Organizzatore","description":"La maggior parte delle aziende svizzere e i loro consigli di amministrazione non stanno sfruttando appieno il potenziale dell'intelligenza artificiale generativa.","robots":{"index":"index","follow":"follow","max-snippet":"max-snippet:-1","max-image-preview":"max-image-preview:large","max-video-preview":"max-video-preview:-1"},"canonical":"https:\/\/www.organisator.ch\/it\/gestione-2\/2024-08-29\/schweizer-verwaltungsraete-haben-zu-wenig-ki-kompetenz\/","og_locale":"it_IT","og_type":"article","og_title":"Schweizer Verwaltungsr\u00e4te haben zu wenig KI-Kompetenz","og_description":"Die meisten Schweizer Unternehmen und auch deren Verwaltungsr\u00e4te sch\u00f6pfen das Potenzial generativer k\u00fcnstlicher Intelligenz nicht voll aus.","og_url":"https:\/\/www.organisator.ch\/it\/gestione-2\/2024-08-29\/schweizer-verwaltungsraete-haben-zu-wenig-ki-kompetenz\/","og_site_name":"Organisator","article_publisher":"https:\/\/www.facebook.com\/OrganisatorFachmagazin","article_published_time":"2024-08-29T10:33:17+00:00","og_image":[{"width":680,"height":268,"url":"https:\/\/www.organisator.ch\/wp-content\/uploads\/2024\/08\/Deloitte-Verwaltungsraete_Bild1_ps.jpg","type":"image\/jpeg"}],"author":"Adelisa Kalajdzini","twitter_card":"summary_large_image","twitter_title":"Schweizer Verwaltungsr\u00e4te haben zu wenig KI-Kompetenz","twitter_description":"Die meisten #Schweizer #Unternehmen und auch deren #Verwaltungsr\u00e4te sch\u00f6pfen das Potenzial #generativer #k\u00fcnstlicher #Intelligenz nicht voll aus.","twitter_image":"https:\/\/www.organisator.ch\/wp-content\/uploads\/2024\/08\/Deloitte-Verwaltungsraete_Bild1_ps.jpg","schema":{"@context":"https:\/\/schema.org","@graph":[{"@type":"Article","@id":"https:\/\/www.organisator.ch\/management\/2024-08-29\/schweizer-verwaltungsraete-haben-zu-wenig-ki-kompetenz\/#article","isPartOf":{"@id":"https:\/\/www.organisator.ch\/management\/2024-08-29\/schweizer-verwaltungsraete-haben-zu-wenig-ki-kompetenz\/"},"author":{"name":"Adelisa Kalajdzini","@id":"https:\/\/www.organisator.ch\/#\/schema\/person\/2e1314a2172123f874db408d8911d3f3"},"headline":"Schweizer Verwaltungsr\u00e4te haben zu wenig KI-Kompetenz","datePublished":"2024-08-29T10:33:17+00:00","mainEntityOfPage":{"@id":"https:\/\/www.organisator.ch\/management\/2024-08-29\/schweizer-verwaltungsraete-haben-zu-wenig-ki-kompetenz\/"},"wordCount":790,"publisher":{"@id":"https:\/\/www.organisator.ch\/#organization"},"image":{"@id":"https:\/\/www.organisator.ch\/management\/2024-08-29\/schweizer-verwaltungsraete-haben-zu-wenig-ki-kompetenz\/#primaryimage"},"thumbnailUrl":"https:\/\/www.organisator.ch\/wp-content\/uploads\/2024\/08\/Deloitte-Verwaltungsraete_Bild1_ps.jpg","keywords":["KI","Management","SwissVR","Unternehmen","Verwaltungsr\u00e4te"],"articleSection":["MANAGEMENT"],"inLanguage":"it-IT"},{"@type":"WebPage","@id":"https:\/\/www.organisator.ch\/management\/2024-08-29\/schweizer-verwaltungsraete-haben-zu-wenig-ki-kompetenz\/","url":"https:\/\/www.organisator.ch\/management\/2024-08-29\/schweizer-verwaltungsraete-haben-zu-wenig-ki-kompetenz\/","name":"I consigli di amministrazione svizzeri hanno troppe poche competenze in materia di IA - Organizzatore","isPartOf":{"@id":"https:\/\/www.organisator.ch\/#website"},"primaryImageOfPage":{"@id":"https:\/\/www.organisator.ch\/management\/2024-08-29\/schweizer-verwaltungsraete-haben-zu-wenig-ki-kompetenz\/#primaryimage"},"image":{"@id":"https:\/\/www.organisator.ch\/management\/2024-08-29\/schweizer-verwaltungsraete-haben-zu-wenig-ki-kompetenz\/#primaryimage"},"thumbnailUrl":"https:\/\/www.organisator.ch\/wp-content\/uploads\/2024\/08\/Deloitte-Verwaltungsraete_Bild1_ps.jpg","datePublished":"2024-08-29T10:33:17+00:00","description":"La maggior parte delle aziende svizzere e i loro consigli di amministrazione non stanno sfruttando appieno il potenziale dell'intelligenza artificiale generativa.","breadcrumb":{"@id":"https:\/\/www.organisator.ch\/management\/2024-08-29\/schweizer-verwaltungsraete-haben-zu-wenig-ki-kompetenz\/#breadcrumb"},"inLanguage":"it-IT","potentialAction":[{"@type":"ReadAction","target":["https:\/\/www.organisator.ch\/management\/2024-08-29\/schweizer-verwaltungsraete-haben-zu-wenig-ki-kompetenz\/"]}]},{"@type":"ImageObject","inLanguage":"it-IT","@id":"https:\/\/www.organisator.ch\/management\/2024-08-29\/schweizer-verwaltungsraete-haben-zu-wenig-ki-kompetenz\/#primaryimage","url":"https:\/\/www.organisator.ch\/wp-content\/uploads\/2024\/08\/Deloitte-Verwaltungsraete_Bild1_ps.jpg","contentUrl":"https:\/\/www.organisator.ch\/wp-content\/uploads\/2024\/08\/Deloitte-Verwaltungsraete_Bild1_ps.jpg","width":680,"height":268,"caption":"Bedeutung von generativer KI f\u00fcr Unternehmen und Branchentransformation. (Bild: www.deloitte.com)"},{"@type":"BreadcrumbList","@id":"https:\/\/www.organisator.ch\/management\/2024-08-29\/schweizer-verwaltungsraete-haben-zu-wenig-ki-kompetenz\/#breadcrumb","itemListElement":[{"@type":"ListItem","position":1,"name":"Home","item":"https:\/\/www.organisator.ch\/"},{"@type":"ListItem","position":2,"name":"Schweizer Verwaltungsr\u00e4te haben zu wenig KI-Kompetenz"}]},{"@type":"WebSite","@id":"https:\/\/www.organisator.ch\/#website","url":"https:\/\/www.organisator.ch\/","name":"Organizzatore","description":"Competente. Pratico. In 10 numeri all'anno, ORGANISATOR presenta i temi essenziali per i manager delle PMI.","publisher":{"@id":"https:\/\/www.organisator.ch\/#organization"},"potentialAction":[{"@type":"SearchAction","target":{"@type":"EntryPoint","urlTemplate":"https:\/\/www.organisator.ch\/?s={search_term_string}"},"query-input":{"@type":"PropertyValueSpecification","valueRequired":true,"valueName":"search_term_string"}}],"inLanguage":"it-IT"},{"@type":"Organization","@id":"https:\/\/www.organisator.ch\/#organization","name":"Organizzatore","url":"https:\/\/www.organisator.ch\/","logo":{"@type":"ImageObject","inLanguage":"it-IT","@id":"https:\/\/www.organisator.ch\/#\/schema\/logo\/image\/","url":"https:\/\/www.organisator.ch\/wp-content\/uploads\/2022\/01\/Logo_Organisator_Website.png","contentUrl":"https:\/\/www.organisator.ch\/wp-content\/uploads\/2022\/01\/Logo_Organisator_Website.png","width":800,"height":77,"caption":"Organisator"},"image":{"@id":"https:\/\/www.organisator.ch\/#\/schema\/logo\/image\/"},"sameAs":["https:\/\/www.facebook.com\/OrganisatorFachmagazin","https:\/\/www.linkedin.com\/showcase\/organisator-das-magazin-fr-kmu","https:\/\/www.xing.com\/news\/pages\/organisator-ch-695","https:\/\/www.youtube.com\/channel\/UCGP2Sq0iWaZwT3BdIAQFYpw"]},{"@type":"Person","@id":"https:\/\/www.organisator.ch\/#\/schema\/person\/2e1314a2172123f874db408d8911d3f3","name":"Adelisa Kalajdzini","image":{"@type":"ImageObject","inLanguage":"it-IT","@id":"https:\/\/secure.gravatar.com\/avatar\/09a397c22ac58cad6f160ee8306348599df9df58a8ede73696226897b9fa4b24?s=96&d=mm&r=g","url":"https:\/\/secure.gravatar.com\/avatar\/09a397c22ac58cad6f160ee8306348599df9df58a8ede73696226897b9fa4b24?s=96&d=mm&r=g","contentUrl":"https:\/\/secure.gravatar.com\/avatar\/09a397c22ac58cad6f160ee8306348599df9df58a8ede73696226897b9fa4b24?s=96&d=mm&r=g","caption":"Adelisa Kalajdzini"},"url":"https:\/\/www.organisator.ch\/it\/author\/adelisa-kalajdzini\/"}]}},"_links":{"self":[{"href":"https:\/\/www.organisator.ch\/it\/wp-json\/wp\/v2\/posts\/29421","targetHints":{"allow":["GET"]}}],"collection":[{"href":"https:\/\/www.organisator.ch\/it\/wp-json\/wp\/v2\/posts"}],"about":[{"href":"https:\/\/www.organisator.ch\/it\/wp-json\/wp\/v2\/types\/post"}],"author":[{"embeddable":true,"href":"https:\/\/www.organisator.ch\/it\/wp-json\/wp\/v2\/users\/58"}],"replies":[{"embeddable":true,"href":"https:\/\/www.organisator.ch\/it\/wp-json\/wp\/v2\/comments?post=29421"}],"version-history":[{"count":3,"href":"https:\/\/www.organisator.ch\/it\/wp-json\/wp\/v2\/posts\/29421\/revisions"}],"predecessor-version":[{"id":29449,"href":"https:\/\/www.organisator.ch\/it\/wp-json\/wp\/v2\/posts\/29421\/revisions\/29449"}],"wp:featuredmedia":[{"embeddable":true,"href":"https:\/\/www.organisator.ch\/it\/wp-json\/wp\/v2\/media\/29426"}],"wp:attachment":[{"href":"https:\/\/www.organisator.ch\/it\/wp-json\/wp\/v2\/media?parent=29421"}],"wp:term":[{"taxonomy":"category","embeddable":true,"href":"https:\/\/www.organisator.ch\/it\/wp-json\/wp\/v2\/categories?post=29421"},{"taxonomy":"post_tag","embeddable":true,"href":"https:\/\/www.organisator.ch\/it\/wp-json\/wp\/v2\/tags?post=29421"}],"curies":[{"name":"wp","href":"https:\/\/api.w.org\/{rel}","templated":true}]}}