{"id":29510,"date":"2024-09-03T11:21:36","date_gmt":"2024-09-03T09:21:36","guid":{"rendered":"https:\/\/www.m-q.ch\/?p=20284"},"modified":"2024-11-08T11:57:52","modified_gmt":"2024-11-08T10:57:52","slug":"32-000-spitaleintritte-pro-jahr-gemeinsam-zurueck-in-den-beruf","status":"publish","type":"post","link":"https:\/\/www.organisator.ch\/it\/operational-excellence\/2024-09-03\/32-000-spitaleintritte-pro-jahr-gemeinsam-zurueck-in-den-beruf\/","title":{"rendered":"32.000 ricoveri ospedalieri all'anno - Tornare a lavorare insieme"},"content":{"rendered":"<figure id=\"attachment_20285\" class=\"wp-caption alignnone\" style=\"width: 680px\" aria-describedby=\"caption-attachment-20285\"><img class=\"alignnone wp-image-20285 size-full\" src=\"https:\/\/www.m-q.ch\/wp-content\/uploads\/2024\/09\/Suva_Bild1_ps.jpg\" alt=\"Reintegrazione in Suva\" width=\"680\" height=\"419\" \/>\r\n<figcaption id=\"caption-attachment-20285\" class=\"wp-caption-text\">Una delle principali preoccupazioni della Suva \u00e8 quella di aiutare le vittime di incidenti a tornare alla vita e al lavoro. (Immagine: www.depositphotos.com)<\/figcaption>\r\n<\/figure>\r\n<p>La vita \u00e8 bella finch\u00e9 non succede nulla... A volte bastano pochi secondi per cambiare completamente la vita: un breve momento di distrazione e un incidente. In seguito, possono essere necessarie settimane, mesi o anni per ritrovare la propria strada nella vita quotidiana e lavorativa.<\/p>\r\n<p>Una delle principali preoccupazioni della Suva \u00e8 quella di aiutare le vittime di incidenti a tornare alla vita e al lavoro. Gli studi dimostrano che dopo sei mesi di inabilit\u00e0 al lavoro, le possibilit\u00e0 di rientrare nel mondo del lavoro si dimezzano. \u00c8 quindi importante che le persone colpite siano in grado di tornare al lavoro il pi\u00f9 rapidamente possibile. A tal fine \u00e8 fondamentale un sostegno tempestivo e olistico.\u00a0<\/p>\r\n<h3><strong>Un numero significativamente maggiore di incidenti nel tempo libero rispetto al lavoro<\/strong><\/h3>\r\n<p>L'anno scorso sono stati notificati alla Suva ben 32.000 ricoveri ospedalieri dei suoi assicurati in seguito a infortunio o malattia professionale. La maggior parte di questi, circa 23.800 casi, sono stati incidenti nel tempo libero. Gli infortuni sul lavoro seguono a ruota con poco pi\u00f9 di 8.000 casi. Una piccola parte dei ricoveri riguardava le malattie professionali (poco pi\u00f9 di 200) e gli infortuni dei lavoratori autonomi (circa 150). Gli uomini sono stati colpiti in poco meno dell'80% dei ricoveri. La maggior parte degli incidenti con conseguente ricovero in ospedale \u00e8 stata registrata tra i 50 e i 59 anni.\u00a0\u00a0<\/p>\r\n<h3><strong>Gli incidenti pi\u00f9 frequenti: Ciclismo, gioco del calcio, sci<\/strong><\/h3>\r\n<p>Gli incidenti che hanno richiesto il ricovero in ospedale si sono verificati principalmente mentre si andava in bicicletta (2667 ricoveri), si giocava a calcio (2512 ricoveri) e si sciava (2611 ricoveri). La durata media del ricovero \u00e8 stata di quattro giorni. Le degenze ospedaliere superiori a 30 giorni sono state causate principalmente da incidenti in moto, in bicicletta e durante i lavori in casa e in giardino. Le lesioni pi\u00f9 comuni sono state fratture, strappi muscolari, tendinei e menisco e contusioni. Ginocchia, spalle e caviglie sono state particolarmente colpite. Cinque mesi dopo l'incidente, il 71% di coloro che erano stati ricoverati in ospedale erano di nuovo pienamente idonei al lavoro.<\/p>\r\n<h3><strong>Rapido ritorno al lavoro<\/strong><\/h3>\r\n<p>Il ricovero in ospedale \u00e8 spesso un momento difficile per le persone colpite. Questo rende ancora pi\u00f9 importante un'assistenza competente e olistica. \"Per un buon ritorno alla vita quotidiana e lavorativa, non \u00e8 importante solo l'impegno della Suva, dei medici o dei terapisti, ma anche il sostegno dell'ambiente personale\", afferma Barbara Ingold Boner, responsabile dell'elaborazione dei sinistri della Suva. \"I familiari, gli amici, i datori di lavoro e i colleghi di lavoro possono contribuire al recupero mostrando attenzione ed empatia\".<\/p>\r\n<p>I datori di lavoro, in particolare, hanno un'influenza significativa sul successo di un rapido reinserimento dopo un infortunio o una malattia professionale. Tornare al lavoro il prima possibile \u00e8 una situazione vantaggiosa per tutti, anche dal punto di vista finanziario. Infatti, la riduzione dei costi delle indennit\u00e0 giornaliere e delle pensioni va a vantaggio degli assicurati sotto forma di premi pi\u00f9 bassi.<\/p>\r\n<h3><strong>Campagna Suva in corso: consigli per un reinserimento di successo<\/strong><\/h3>\r\n<p>La nuova campagna di reinserimento della Suva mostra come familiari, amici, datori di lavoro e colleghi possano sostenere efficacemente le persone colpite nel loro ritorno alla vita quotidiana e al lavoro. La campagna sar\u00e0 diffusa fino alla fine di settembre su vari canali (TV, online, social media, stampa).\u00a0<\/p>\r\n<p><em>Fonte e ulteriori informazioni sulla campagna di reintegrazione della Suva: <a href=\"http:\/\/www.suva.ch\/\">www.suva.ch<\/a><\/em><\/p>\n<p class=\"syndicated-attribution\">Questo articolo \u00e8 apparso originariamente su m-q.ch - <a href=\"https:\/\/www.m-q.ch\/de\/32-000-spitaleintritte-pro-jahr-gemeinsam-zurueck-in-den-beruf\/\" target=\"_blank\">https:\/\/www.m-q.ch\/de\/32-000-spitaleintritte-pro-jahr-gemeinsam-zurueck-in-den-beruf\/<\/a><\/p>","protected":false},"excerpt":{"rendered":"<p>L'anno scorso la Suva ha registrato ben 32.000 ricoveri ospedalieri tra i suoi assicurati. Quasi tre quarti dei ricoveri erano dovuti a incidenti nel tempo libero, soprattutto mentre si andava in bicicletta, si giocava a calcio o si sciava. Poich\u00e9 un'incapacit\u00e0 lavorativa prolungata riduce le possibilit\u00e0 di tornare al lavoro, \u00e8 fondamentale un sostegno tempestivo e olistico. Oltre al supporto professionale, anche l'ambiente personale delle persone colpite svolge un ruolo importante.<\/p>","protected":false},"author":58,"featured_media":0,"comment_status":"closed","ping_status":"closed","sticky":false,"template":"","format":"standard","meta":{"_acf_changed":false,"_yoast_wpseo_focuskw":"Suva Wiedereingliederung","_yoast_wpseo_metadesc":"Suva unterst\u00fctzt Verunfallte bei der R\u00fcckkehr in den Alltag und Beruf durch ganzheitliche Betreuung und fr\u00fchzeitige Hilfe.","articlekey":"","footnotes":""},"categories":[582],"tags":[4450,418,4451,424,463],"class_list":["post-29510","post","type-post","status-publish","format-standard","hentry","category-operational-excellence","tag-freizeitunfaelle","tag-risikomanagement","tag-rueckkehr","tag-schweiz","tag-suva"],"acf":[],"yoast_head":"<!-- This site is optimized with the Yoast SEO plugin v27.5 - https:\/\/yoast.com\/product\/yoast-seo-wordpress\/ -->\n<title>32 000 Spitaleintritte pro Jahr \u2013 Gemeinsam zur\u00fcck in den Beruf - Organisator<\/title>\n<meta name=\"description\" content=\"Suva unterst\u00fctzt Verunfallte bei der R\u00fcckkehr in den Alltag und Beruf durch ganzheitliche Betreuung und fr\u00fchzeitige Hilfe.\" \/>\n<meta name=\"robots\" content=\"index, follow, max-snippet:-1, max-image-preview:large, max-video-preview:-1\" \/>\n<link rel=\"canonical\" href=\"https:\/\/www.organisator.ch\/it\/eccellenza-operativa\/2024-09-03\/32-000-spitaleintritte-pro-jahr-gemeinsam-zurueck-in-den-beruf\/\" \/>\n<meta property=\"og:locale\" content=\"it_IT\" \/>\n<meta property=\"og:type\" content=\"article\" \/>\n<meta property=\"og:title\" content=\"32 000 Spitaleintritte pro Jahr \u2013 Gemeinsam zur\u00fcck in den Beruf - Organisator\" \/>\n<meta property=\"og:description\" content=\"Suva unterst\u00fctzt Verunfallte bei der R\u00fcckkehr in den Alltag und Beruf durch ganzheitliche Betreuung und fr\u00fchzeitige Hilfe.\" \/>\n<meta property=\"og:url\" content=\"https:\/\/www.organisator.ch\/it\/eccellenza-operativa\/2024-09-03\/32-000-spitaleintritte-pro-jahr-gemeinsam-zurueck-in-den-beruf\/\" \/>\n<meta property=\"og:site_name\" content=\"Organisator\" \/>\n<meta property=\"article:publisher\" content=\"https:\/\/www.facebook.com\/OrganisatorFachmagazin\" \/>\n<meta property=\"article:published_time\" content=\"2024-09-03T09:21:36+00:00\" \/>\n<meta property=\"article:modified_time\" content=\"2024-11-08T10:57:52+00:00\" \/>\n<meta property=\"og:image\" content=\"https:\/\/www.m-q.ch\/wp-content\/uploads\/2024\/09\/Suva_Bild1_ps.jpg\" \/>\n<meta name=\"author\" content=\"Adelisa Kalajdzini\" \/>\n<meta name=\"twitter:card\" content=\"summary_large_image\" \/>\n<script type=\"application\/ld+json\" class=\"yoast-schema-graph\">{\"@context\":\"https:\\\/\\\/schema.org\",\"@graph\":[{\"@type\":\"Article\",\"@id\":\"https:\\\/\\\/www.organisator.ch\\\/operational-excellence\\\/2024-09-03\\\/32-000-spitaleintritte-pro-jahr-gemeinsam-zurueck-in-den-beruf\\\/#article\",\"isPartOf\":{\"@id\":\"https:\\\/\\\/www.organisator.ch\\\/operational-excellence\\\/2024-09-03\\\/32-000-spitaleintritte-pro-jahr-gemeinsam-zurueck-in-den-beruf\\\/\"},\"author\":{\"name\":\"Adelisa Kalajdzini\",\"@id\":\"https:\\\/\\\/www.organisator.ch\\\/#\\\/schema\\\/person\\\/2e1314a2172123f874db408d8911d3f3\"},\"headline\":\"32 000 Spitaleintritte pro Jahr \u2013 Gemeinsam zur\u00fcck in den Beruf\",\"datePublished\":\"2024-09-03T09:21:36+00:00\",\"dateModified\":\"2024-11-08T10:57:52+00:00\",\"mainEntityOfPage\":{\"@id\":\"https:\\\/\\\/www.organisator.ch\\\/operational-excellence\\\/2024-09-03\\\/32-000-spitaleintritte-pro-jahr-gemeinsam-zurueck-in-den-beruf\\\/\"},\"wordCount\":544,\"publisher\":{\"@id\":\"https:\\\/\\\/www.organisator.ch\\\/#organization\"},\"image\":{\"@id\":\"https:\\\/\\\/www.organisator.ch\\\/operational-excellence\\\/2024-09-03\\\/32-000-spitaleintritte-pro-jahr-gemeinsam-zurueck-in-den-beruf\\\/#primaryimage\"},\"thumbnailUrl\":\"https:\\\/\\\/www.m-q.ch\\\/wp-content\\\/uploads\\\/2024\\\/09\\\/Suva_Bild1_ps.jpg\",\"keywords\":[\"Freizeitunf\u00e4lle\",\"Risikomanagement\",\"R\u00fcckkehr\",\"Schweiz\",\"SUVA\"],\"articleSection\":[\"OPERATIONAL EXCELLENCE\"],\"inLanguage\":\"it-IT\"},{\"@type\":\"WebPage\",\"@id\":\"https:\\\/\\\/www.organisator.ch\\\/operational-excellence\\\/2024-09-03\\\/32-000-spitaleintritte-pro-jahr-gemeinsam-zurueck-in-den-beruf\\\/\",\"url\":\"https:\\\/\\\/www.organisator.ch\\\/operational-excellence\\\/2024-09-03\\\/32-000-spitaleintritte-pro-jahr-gemeinsam-zurueck-in-den-beruf\\\/\",\"name\":\"32 000 Spitaleintritte pro Jahr \u2013 Gemeinsam zur\u00fcck in den Beruf - Organisator\",\"isPartOf\":{\"@id\":\"https:\\\/\\\/www.organisator.ch\\\/#website\"},\"primaryImageOfPage\":{\"@id\":\"https:\\\/\\\/www.organisator.ch\\\/operational-excellence\\\/2024-09-03\\\/32-000-spitaleintritte-pro-jahr-gemeinsam-zurueck-in-den-beruf\\\/#primaryimage\"},\"image\":{\"@id\":\"https:\\\/\\\/www.organisator.ch\\\/operational-excellence\\\/2024-09-03\\\/32-000-spitaleintritte-pro-jahr-gemeinsam-zurueck-in-den-beruf\\\/#primaryimage\"},\"thumbnailUrl\":\"https:\\\/\\\/www.m-q.ch\\\/wp-content\\\/uploads\\\/2024\\\/09\\\/Suva_Bild1_ps.jpg\",\"datePublished\":\"2024-09-03T09:21:36+00:00\",\"dateModified\":\"2024-11-08T10:57:52+00:00\",\"description\":\"Suva unterst\u00fctzt Verunfallte bei der R\u00fcckkehr in den Alltag und Beruf durch ganzheitliche Betreuung und fr\u00fchzeitige Hilfe.\",\"breadcrumb\":{\"@id\":\"https:\\\/\\\/www.organisator.ch\\\/operational-excellence\\\/2024-09-03\\\/32-000-spitaleintritte-pro-jahr-gemeinsam-zurueck-in-den-beruf\\\/#breadcrumb\"},\"inLanguage\":\"it-IT\",\"potentialAction\":[{\"@type\":\"ReadAction\",\"target\":[\"https:\\\/\\\/www.organisator.ch\\\/operational-excellence\\\/2024-09-03\\\/32-000-spitaleintritte-pro-jahr-gemeinsam-zurueck-in-den-beruf\\\/\"]}]},{\"@type\":\"ImageObject\",\"inLanguage\":\"it-IT\",\"@id\":\"https:\\\/\\\/www.organisator.ch\\\/operational-excellence\\\/2024-09-03\\\/32-000-spitaleintritte-pro-jahr-gemeinsam-zurueck-in-den-beruf\\\/#primaryimage\",\"url\":\"https:\\\/\\\/www.m-q.ch\\\/wp-content\\\/uploads\\\/2024\\\/09\\\/Suva_Bild1_ps.jpg\",\"contentUrl\":\"https:\\\/\\\/www.m-q.ch\\\/wp-content\\\/uploads\\\/2024\\\/09\\\/Suva_Bild1_ps.jpg\"},{\"@type\":\"BreadcrumbList\",\"@id\":\"https:\\\/\\\/www.organisator.ch\\\/operational-excellence\\\/2024-09-03\\\/32-000-spitaleintritte-pro-jahr-gemeinsam-zurueck-in-den-beruf\\\/#breadcrumb\",\"itemListElement\":[{\"@type\":\"ListItem\",\"position\":1,\"name\":\"Home\",\"item\":\"https:\\\/\\\/www.organisator.ch\\\/\"},{\"@type\":\"ListItem\",\"position\":2,\"name\":\"32 000 Spitaleintritte pro Jahr \u2013 Gemeinsam zur\u00fcck in den Beruf\"}]},{\"@type\":\"WebSite\",\"@id\":\"https:\\\/\\\/www.organisator.ch\\\/#website\",\"url\":\"https:\\\/\\\/www.organisator.ch\\\/\",\"name\":\"Organisator\",\"description\":\"Kompetent. Praxisnah. Der ORGANISATOR bereitet in 10 Ausgaben pro Jahr die wesentlichen Themen f\u00fcr F\u00fchrungskr\u00e4fte von KMU auf.\",\"publisher\":{\"@id\":\"https:\\\/\\\/www.organisator.ch\\\/#organization\"},\"potentialAction\":[{\"@type\":\"SearchAction\",\"target\":{\"@type\":\"EntryPoint\",\"urlTemplate\":\"https:\\\/\\\/www.organisator.ch\\\/?s={search_term_string}\"},\"query-input\":{\"@type\":\"PropertyValueSpecification\",\"valueRequired\":true,\"valueName\":\"search_term_string\"}}],\"inLanguage\":\"it-IT\"},{\"@type\":\"Organization\",\"@id\":\"https:\\\/\\\/www.organisator.ch\\\/#organization\",\"name\":\"Organisator\",\"url\":\"https:\\\/\\\/www.organisator.ch\\\/\",\"logo\":{\"@type\":\"ImageObject\",\"inLanguage\":\"it-IT\",\"@id\":\"https:\\\/\\\/www.organisator.ch\\\/#\\\/schema\\\/logo\\\/image\\\/\",\"url\":\"https:\\\/\\\/www.organisator.ch\\\/wp-content\\\/uploads\\\/2022\\\/01\\\/Logo_Organisator_Website.png\",\"contentUrl\":\"https:\\\/\\\/www.organisator.ch\\\/wp-content\\\/uploads\\\/2022\\\/01\\\/Logo_Organisator_Website.png\",\"width\":800,\"height\":77,\"caption\":\"Organisator\"},\"image\":{\"@id\":\"https:\\\/\\\/www.organisator.ch\\\/#\\\/schema\\\/logo\\\/image\\\/\"},\"sameAs\":[\"https:\\\/\\\/www.facebook.com\\\/OrganisatorFachmagazin\",\"https:\\\/\\\/www.linkedin.com\\\/showcase\\\/organisator-das-magazin-fr-kmu\",\"https:\\\/\\\/www.xing.com\\\/news\\\/pages\\\/organisator-ch-695\",\"https:\\\/\\\/www.youtube.com\\\/channel\\\/UCGP2Sq0iWaZwT3BdIAQFYpw\"]},{\"@type\":\"Person\",\"@id\":\"https:\\\/\\\/www.organisator.ch\\\/#\\\/schema\\\/person\\\/2e1314a2172123f874db408d8911d3f3\",\"name\":\"Adelisa Kalajdzini\",\"image\":{\"@type\":\"ImageObject\",\"inLanguage\":\"it-IT\",\"@id\":\"https:\\\/\\\/secure.gravatar.com\\\/avatar\\\/09a397c22ac58cad6f160ee8306348599df9df58a8ede73696226897b9fa4b24?s=96&d=mm&r=g\",\"url\":\"https:\\\/\\\/secure.gravatar.com\\\/avatar\\\/09a397c22ac58cad6f160ee8306348599df9df58a8ede73696226897b9fa4b24?s=96&d=mm&r=g\",\"contentUrl\":\"https:\\\/\\\/secure.gravatar.com\\\/avatar\\\/09a397c22ac58cad6f160ee8306348599df9df58a8ede73696226897b9fa4b24?s=96&d=mm&r=g\",\"caption\":\"Adelisa Kalajdzini\"},\"url\":\"https:\\\/\\\/www.organisator.ch\\\/it\\\/author\\\/adelisa-kalajdzini\\\/\"}]}<\/script>\n<!-- \/ Yoast SEO plugin. -->","yoast_head_json":{"title":"32.000 ricoveri ospedalieri all'anno - Tornare a lavorare insieme - Organizzatore","description":"La Suva sostiene le vittime di incidenti nel loro ritorno alla vita quotidiana e al lavoro, fornendo cure olistiche e assistenza tempestiva.","robots":{"index":"index","follow":"follow","max-snippet":"max-snippet:-1","max-image-preview":"max-image-preview:large","max-video-preview":"max-video-preview:-1"},"canonical":"https:\/\/www.organisator.ch\/it\/eccellenza-operativa\/2024-09-03\/32-000-spitaleintritte-pro-jahr-gemeinsam-zurueck-in-den-beruf\/","og_locale":"it_IT","og_type":"article","og_title":"32 000 Spitaleintritte pro Jahr \u2013 Gemeinsam zur\u00fcck in den Beruf - Organisator","og_description":"Suva unterst\u00fctzt Verunfallte bei der R\u00fcckkehr in den Alltag und Beruf durch ganzheitliche Betreuung und fr\u00fchzeitige Hilfe.","og_url":"https:\/\/www.organisator.ch\/it\/eccellenza-operativa\/2024-09-03\/32-000-spitaleintritte-pro-jahr-gemeinsam-zurueck-in-den-beruf\/","og_site_name":"Organisator","article_publisher":"https:\/\/www.facebook.com\/OrganisatorFachmagazin","article_published_time":"2024-09-03T09:21:36+00:00","article_modified_time":"2024-11-08T10:57:52+00:00","og_image":[{"url":"https:\/\/www.m-q.ch\/wp-content\/uploads\/2024\/09\/Suva_Bild1_ps.jpg","type":"","width":"","height":""}],"author":"Adelisa Kalajdzini","twitter_card":"summary_large_image","schema":{"@context":"https:\/\/schema.org","@graph":[{"@type":"Article","@id":"https:\/\/www.organisator.ch\/operational-excellence\/2024-09-03\/32-000-spitaleintritte-pro-jahr-gemeinsam-zurueck-in-den-beruf\/#article","isPartOf":{"@id":"https:\/\/www.organisator.ch\/operational-excellence\/2024-09-03\/32-000-spitaleintritte-pro-jahr-gemeinsam-zurueck-in-den-beruf\/"},"author":{"name":"Adelisa Kalajdzini","@id":"https:\/\/www.organisator.ch\/#\/schema\/person\/2e1314a2172123f874db408d8911d3f3"},"headline":"32 000 Spitaleintritte pro Jahr \u2013 Gemeinsam zur\u00fcck in den Beruf","datePublished":"2024-09-03T09:21:36+00:00","dateModified":"2024-11-08T10:57:52+00:00","mainEntityOfPage":{"@id":"https:\/\/www.organisator.ch\/operational-excellence\/2024-09-03\/32-000-spitaleintritte-pro-jahr-gemeinsam-zurueck-in-den-beruf\/"},"wordCount":544,"publisher":{"@id":"https:\/\/www.organisator.ch\/#organization"},"image":{"@id":"https:\/\/www.organisator.ch\/operational-excellence\/2024-09-03\/32-000-spitaleintritte-pro-jahr-gemeinsam-zurueck-in-den-beruf\/#primaryimage"},"thumbnailUrl":"https:\/\/www.m-q.ch\/wp-content\/uploads\/2024\/09\/Suva_Bild1_ps.jpg","keywords":["Freizeitunf\u00e4lle","Risikomanagement","R\u00fcckkehr","Schweiz","SUVA"],"articleSection":["OPERATIONAL EXCELLENCE"],"inLanguage":"it-IT"},{"@type":"WebPage","@id":"https:\/\/www.organisator.ch\/operational-excellence\/2024-09-03\/32-000-spitaleintritte-pro-jahr-gemeinsam-zurueck-in-den-beruf\/","url":"https:\/\/www.organisator.ch\/operational-excellence\/2024-09-03\/32-000-spitaleintritte-pro-jahr-gemeinsam-zurueck-in-den-beruf\/","name":"32.000 ricoveri ospedalieri all'anno - Tornare a lavorare insieme - Organizzatore","isPartOf":{"@id":"https:\/\/www.organisator.ch\/#website"},"primaryImageOfPage":{"@id":"https:\/\/www.organisator.ch\/operational-excellence\/2024-09-03\/32-000-spitaleintritte-pro-jahr-gemeinsam-zurueck-in-den-beruf\/#primaryimage"},"image":{"@id":"https:\/\/www.organisator.ch\/operational-excellence\/2024-09-03\/32-000-spitaleintritte-pro-jahr-gemeinsam-zurueck-in-den-beruf\/#primaryimage"},"thumbnailUrl":"https:\/\/www.m-q.ch\/wp-content\/uploads\/2024\/09\/Suva_Bild1_ps.jpg","datePublished":"2024-09-03T09:21:36+00:00","dateModified":"2024-11-08T10:57:52+00:00","description":"La Suva sostiene le vittime di incidenti nel loro ritorno alla vita quotidiana e al lavoro, fornendo cure olistiche e assistenza tempestiva.","breadcrumb":{"@id":"https:\/\/www.organisator.ch\/operational-excellence\/2024-09-03\/32-000-spitaleintritte-pro-jahr-gemeinsam-zurueck-in-den-beruf\/#breadcrumb"},"inLanguage":"it-IT","potentialAction":[{"@type":"ReadAction","target":["https:\/\/www.organisator.ch\/operational-excellence\/2024-09-03\/32-000-spitaleintritte-pro-jahr-gemeinsam-zurueck-in-den-beruf\/"]}]},{"@type":"ImageObject","inLanguage":"it-IT","@id":"https:\/\/www.organisator.ch\/operational-excellence\/2024-09-03\/32-000-spitaleintritte-pro-jahr-gemeinsam-zurueck-in-den-beruf\/#primaryimage","url":"https:\/\/www.m-q.ch\/wp-content\/uploads\/2024\/09\/Suva_Bild1_ps.jpg","contentUrl":"https:\/\/www.m-q.ch\/wp-content\/uploads\/2024\/09\/Suva_Bild1_ps.jpg"},{"@type":"BreadcrumbList","@id":"https:\/\/www.organisator.ch\/operational-excellence\/2024-09-03\/32-000-spitaleintritte-pro-jahr-gemeinsam-zurueck-in-den-beruf\/#breadcrumb","itemListElement":[{"@type":"ListItem","position":1,"name":"Home","item":"https:\/\/www.organisator.ch\/"},{"@type":"ListItem","position":2,"name":"32 000 Spitaleintritte pro Jahr \u2013 Gemeinsam zur\u00fcck in den Beruf"}]},{"@type":"WebSite","@id":"https:\/\/www.organisator.ch\/#website","url":"https:\/\/www.organisator.ch\/","name":"Organizzatore","description":"Competente. Pratico. In 10 numeri all'anno, ORGANISATOR presenta i temi essenziali per i manager delle PMI.","publisher":{"@id":"https:\/\/www.organisator.ch\/#organization"},"potentialAction":[{"@type":"SearchAction","target":{"@type":"EntryPoint","urlTemplate":"https:\/\/www.organisator.ch\/?s={search_term_string}"},"query-input":{"@type":"PropertyValueSpecification","valueRequired":true,"valueName":"search_term_string"}}],"inLanguage":"it-IT"},{"@type":"Organization","@id":"https:\/\/www.organisator.ch\/#organization","name":"Organizzatore","url":"https:\/\/www.organisator.ch\/","logo":{"@type":"ImageObject","inLanguage":"it-IT","@id":"https:\/\/www.organisator.ch\/#\/schema\/logo\/image\/","url":"https:\/\/www.organisator.ch\/wp-content\/uploads\/2022\/01\/Logo_Organisator_Website.png","contentUrl":"https:\/\/www.organisator.ch\/wp-content\/uploads\/2022\/01\/Logo_Organisator_Website.png","width":800,"height":77,"caption":"Organisator"},"image":{"@id":"https:\/\/www.organisator.ch\/#\/schema\/logo\/image\/"},"sameAs":["https:\/\/www.facebook.com\/OrganisatorFachmagazin","https:\/\/www.linkedin.com\/showcase\/organisator-das-magazin-fr-kmu","https:\/\/www.xing.com\/news\/pages\/organisator-ch-695","https:\/\/www.youtube.com\/channel\/UCGP2Sq0iWaZwT3BdIAQFYpw"]},{"@type":"Person","@id":"https:\/\/www.organisator.ch\/#\/schema\/person\/2e1314a2172123f874db408d8911d3f3","name":"Adelisa Kalajdzini","image":{"@type":"ImageObject","inLanguage":"it-IT","@id":"https:\/\/secure.gravatar.com\/avatar\/09a397c22ac58cad6f160ee8306348599df9df58a8ede73696226897b9fa4b24?s=96&d=mm&r=g","url":"https:\/\/secure.gravatar.com\/avatar\/09a397c22ac58cad6f160ee8306348599df9df58a8ede73696226897b9fa4b24?s=96&d=mm&r=g","contentUrl":"https:\/\/secure.gravatar.com\/avatar\/09a397c22ac58cad6f160ee8306348599df9df58a8ede73696226897b9fa4b24?s=96&d=mm&r=g","caption":"Adelisa Kalajdzini"},"url":"https:\/\/www.organisator.ch\/it\/author\/adelisa-kalajdzini\/"}]}},"_links":{"self":[{"href":"https:\/\/www.organisator.ch\/it\/wp-json\/wp\/v2\/posts\/29510","targetHints":{"allow":["GET"]}}],"collection":[{"href":"https:\/\/www.organisator.ch\/it\/wp-json\/wp\/v2\/posts"}],"about":[{"href":"https:\/\/www.organisator.ch\/it\/wp-json\/wp\/v2\/types\/post"}],"author":[{"embeddable":true,"href":"https:\/\/www.organisator.ch\/it\/wp-json\/wp\/v2\/users\/58"}],"replies":[{"embeddable":true,"href":"https:\/\/www.organisator.ch\/it\/wp-json\/wp\/v2\/comments?post=29510"}],"version-history":[{"count":6,"href":"https:\/\/www.organisator.ch\/it\/wp-json\/wp\/v2\/posts\/29510\/revisions"}],"predecessor-version":[{"id":31983,"href":"https:\/\/www.organisator.ch\/it\/wp-json\/wp\/v2\/posts\/29510\/revisions\/31983"}],"wp:attachment":[{"href":"https:\/\/www.organisator.ch\/it\/wp-json\/wp\/v2\/media?parent=29510"}],"wp:term":[{"taxonomy":"category","embeddable":true,"href":"https:\/\/www.organisator.ch\/it\/wp-json\/wp\/v2\/categories?post=29510"},{"taxonomy":"post_tag","embeddable":true,"href":"https:\/\/www.organisator.ch\/it\/wp-json\/wp\/v2\/tags?post=29510"}],"curies":[{"name":"wp","href":"https:\/\/api.w.org\/{rel}","templated":true}]}}