{"id":29535,"date":"2024-09-04T10:51:26","date_gmt":"2024-09-04T08:51:26","guid":{"rendered":"https:\/\/www.organisator.ch\/?p=29535"},"modified":"2024-09-04T10:51:26","modified_gmt":"2024-09-04T08:51:26","slug":"spatenstich-in-baar-fuer-innovative-abfallentsorgung","status":"publish","type":"post","link":"https:\/\/www.organisator.ch\/it\/sustainability\/2024-09-04\/spatenstich-in-baar-fuer-innovative-abfallentsorgung\/","title":{"rendered":"Cerimonia di apertura del terreno a Baar per lo smaltimento innovativo dei rifiuti"},"content":{"rendered":"<figure id=\"attachment_29536\" aria-describedby=\"caption-attachment-29536\" style=\"width: 680px\" class=\"wp-caption alignnone\"><img loading=\"lazy\" decoding=\"async\" class=\"size-full wp-image-29536\" src=\"https:\/\/www.organisator.ch\/wp-content\/uploads\/2024\/09\/Convoltas_Bild1_ps.jpg\" alt=\"\" width=\"680\" height=\"665\" srcset=\"https:\/\/www.organisator.ch\/wp-content\/uploads\/2024\/09\/Convoltas_Bild1_ps.jpg 680w, https:\/\/www.organisator.ch\/wp-content\/uploads\/2024\/09\/Convoltas_Bild1_ps-12x12.jpg 12w, https:\/\/www.organisator.ch\/wp-content\/uploads\/2024\/09\/Convoltas_Bild1_ps-307x300.jpg 307w, https:\/\/www.organisator.ch\/wp-content\/uploads\/2024\/09\/Convoltas_Bild1_ps-358x350.jpg 358w\" sizes=\"auto, (max-width: 680px) 100vw, 680px\" \/><figcaption id=\"caption-attachment-29536\" class=\"wp-caption-text\">Da sinistra a destra: Martin Uhr, Adrian Risi, Walter Lipp, Reto H\u00fcrlimann. (Immagine: www.convoltas.ch)<\/figcaption><\/figure>\n<p>\"Siamo lieti di poter iniziare i lavori di costruzione a Gulmmatt\", afferma Martin Uhr, amministratore delegato di convoltas AG. Insieme al consigliere cantonale Adrian Risi, al presidente del consiglio di amministrazione della ZEBA Walter Lipp e a Reto H\u00fcrlimann, proprietario della R. H\u00fcrlimann AG Transporte, Martin Uhr si trova sul Gulmmatt, appena sopra Baar, in questa mattina di fine estate. Il suo sguardo \u00e8 fisso su uno dei pi\u00f9 grandi impianti solari del Cantone di Zugo. convoltas ha gi\u00e0 completato questo impianto sul sito di Risi Immobilien AG nel 2021. Produce circa 1,8 megawatt nei momenti di picco. A Gulmmatt si apre ora un altro capitolo, il cui impatto dovrebbe estendersi oltre i confini del Cantone, come sottolinea Walter Lipp: \"Questo progetto dimostra come il potenziale di sviluppo imprenditoriale possa essere sfruttato passo dopo passo con una pianificazione lungimirante, rispondendo cos\u00ec alle mutevoli esigenze del futuro\".<\/p>\n<h3><strong>Emissioni zero: Gulmmatt diventa il fulcro del progetto<\/strong><\/h3>\n<p>Al fine di implementare la gestione cantonale dei rifiuti con sistemi di trazione alternativi a partire dal 1\u00b0 gennaio 2025, R. H\u00fcrlimann AG Transporte, insieme al Consigliere cantonale SVP Adrian Risi, amministratore delegato della Risi Immobilien AG, proprietaria di Gulmmatt, ha incaricato convoltas AG di sviluppare una soluzione corrispondente al sito per fornire elettricit\u00e0 agli otto veicoli per la raccolta dei rifiuti completamente elettrici inclusi nel progetto. Il progetto prevede la costruzione di una nuova stazione di trasformazione e di una stazione di ricarica, nonch\u00e9 l'integrazione opzionale di un sistema di accumulo di energia. Per ogni veicolo sono disponibili 50 kW. Tuttavia, se necessario, questi possono essere caricati pi\u00f9 rapidamente a 150-180 kW, ad esempio durante la pausa pranzo, per consentire una ricarica intermedia per viaggi pi\u00f9 lunghi o supplementari. In termini di utilizzo della capacit\u00e0, la stazione di trasformazione \u00e8 in grado di fornire elettricit\u00e0 a 32 veicoli contemporaneamente.<\/p>\n<h3><strong>Soluzioni territoriali come chiave per l'elettrificazione<\/strong><\/h3>\n<p>Il progetto di Gulmmatt \u00e8 stato personalizzato da R. H\u00fcrlimann AG Transporte e convoltas AG per i tour dei rifiuti nel cantone di Zugo. convoltas AG fornisce assistenza per l'intera durata del progetto e, con l'aiuto dei risultati attesi - in un arco di tempo stimato di due anni - sta creando un modello di business scalabile che rende possibili soluzioni di sito per la mobilit\u00e0 elettrica. Martin Uhr spiega: \"Il passaggio a sistemi di trazione alternativi contribuir\u00e0 in modo significativo alla riduzione delle emissioni locali di CO2 nel Cantone di Zugo e rappresenta un passo importante verso un futuro sostenibile.\"<\/p>\n<h3><strong>La stabilit\u00e0 della rete \u00e8 gi\u00e0 stata presa in considerazione<\/strong><\/h3>\n<p>Per ottimizzare l'autoconsumo del sito \u00e8 gi\u00e0 stato previsto un sistema di accumulo di energia. Ci\u00f2 consentirebbe di immagazzinare l'energia solare prodotta nel sito. Viene utilizzato anche per la gestione del carico ed \u00e8 quindi in grado di ridurre i picchi di carico. Ci\u00f2 significa che il consumo e la produzione di energia solare possono essere controllati in linea con la rete, garantendo cos\u00ec l'approvvigionamento in futuro e contrastando eventuali strozzature e situazioni di emergenza nella rete di distribuzione.<\/p>\n<p><em>Fonte: <a href=\"http:\/\/www.convoltas.ch\">www.convoltas.ch<\/a><\/em><\/p>","protected":false},"excerpt":{"rendered":"<p>Dal 1\u00b0 gennaio 2025, la gestione dei rifiuti nel Cantone di Zugo sar\u00e0 affidata a veicoli elettrici. I lavori di costruzione iniziano a Gulmmatt, sopra Baar: L'azienda zughese R. H\u00fcrlimann Transporte, che si \u00e8 aggiudicata l'appalto cantonale per ZEBA Zug, collabora con Risi Immobilien e convoltas per realizzare l'innovativa soluzione di cantiere, che avr\u00e0 un effetto di segnalazione per il settore pubblico. <\/p>","protected":false},"author":58,"featured_media":29536,"comment_status":"closed","ping_status":"closed","sticky":false,"template":"","format":"standard","meta":{"_acf_changed":false,"_yoast_wpseo_focuskw":"Abfallentsorgung","_yoast_wpseo_metadesc":"Ab 1. Januar 2025 wird die Abfallbewirtschaftung des Kantons Zug neu mit E-Fahrzeugen abgewickelt. Die Bauarbeiten beginnen.","articlekey":"","footnotes":""},"categories":[580],"tags":[3009,2246,492,4454],"class_list":["post-29535","post","type-post","status-publish","format-standard","has-post-thumbnail","hentry","category-sustainability","tag-abfallentsorgung","tag-sustainability","tag-unternehmen","tag-zero-emission"],"acf":[],"yoast_head":"<!-- This site is optimized with the Yoast SEO plugin v27.5 - https:\/\/yoast.com\/product\/yoast-seo-wordpress\/ -->\n<title>Spatenstich in Baar f\u00fcr innovative Abfallentsorgung - Organisator<\/title>\n<meta name=\"description\" content=\"Ab 1. Januar 2025 wird die Abfallbewirtschaftung des Kantons Zug neu mit E-Fahrzeugen abgewickelt. Die Bauarbeiten beginnen.\" \/>\n<meta name=\"robots\" content=\"index, follow, max-snippet:-1, max-image-preview:large, max-video-preview:-1\" \/>\n<link rel=\"canonical\" href=\"https:\/\/www.organisator.ch\/it\/sostenibilita\/2024-09-04\/spatenstich-in-baar-fuer-innovative-abfallentsorgung\/\" \/>\n<meta property=\"og:locale\" content=\"it_IT\" \/>\n<meta property=\"og:type\" content=\"article\" \/>\n<meta property=\"og:title\" content=\"Spatenstich in Baar f\u00fcr innovative Abfallentsorgung\" \/>\n<meta property=\"og:description\" content=\"Ab 1. Januar 2025 wird die Abfallbewirtschaftung des Kantons Zug neu mit E-Fahrzeugen abgewickelt. Die Bauarbeiten beginnen.\" \/>\n<meta property=\"og:url\" content=\"https:\/\/www.organisator.ch\/it\/sostenibilita\/2024-09-04\/spatenstich-in-baar-fuer-innovative-abfallentsorgung\/\" \/>\n<meta property=\"og:site_name\" content=\"Organisator\" \/>\n<meta property=\"article:publisher\" content=\"https:\/\/www.facebook.com\/OrganisatorFachmagazin\" \/>\n<meta property=\"article:published_time\" content=\"2024-09-04T08:51:26+00:00\" \/>\n<meta property=\"og:image\" content=\"https:\/\/www.organisator.ch\/wp-content\/uploads\/2024\/09\/Convoltas_Bild1_ps.jpg\" \/>\n\t<meta property=\"og:image:width\" content=\"680\" \/>\n\t<meta property=\"og:image:height\" content=\"665\" \/>\n\t<meta property=\"og:image:type\" content=\"image\/jpeg\" \/>\n<meta name=\"author\" content=\"Adelisa Kalajdzini\" \/>\n<meta name=\"twitter:card\" content=\"summary_large_image\" \/>\n<meta name=\"twitter:title\" content=\"Spatenstich in Baar f\u00fcr innovative Abfallentsorgung\" \/>\n<meta name=\"twitter:description\" content=\"Ab 1. Januar 2025 wird die #Abfallbewirtschaftung des Kantons #Zug neu mit #E-Fahrzeugen abgewickelt. Die #Bauarbeiten beginnen.\" \/>\n<meta name=\"twitter:image\" content=\"https:\/\/www.organisator.ch\/wp-content\/uploads\/2024\/09\/Convoltas_Bild1_ps.jpg\" \/>\n<script type=\"application\/ld+json\" class=\"yoast-schema-graph\">{\"@context\":\"https:\\\/\\\/schema.org\",\"@graph\":[{\"@type\":\"Article\",\"@id\":\"https:\\\/\\\/www.organisator.ch\\\/sustainability\\\/2024-09-04\\\/spatenstich-in-baar-fuer-innovative-abfallentsorgung\\\/#article\",\"isPartOf\":{\"@id\":\"https:\\\/\\\/www.organisator.ch\\\/sustainability\\\/2024-09-04\\\/spatenstich-in-baar-fuer-innovative-abfallentsorgung\\\/\"},\"author\":{\"name\":\"Adelisa Kalajdzini\",\"@id\":\"https:\\\/\\\/www.organisator.ch\\\/#\\\/schema\\\/person\\\/2e1314a2172123f874db408d8911d3f3\"},\"headline\":\"Spatenstich in Baar f\u00fcr innovative Abfallentsorgung\",\"datePublished\":\"2024-09-04T08:51:26+00:00\",\"mainEntityOfPage\":{\"@id\":\"https:\\\/\\\/www.organisator.ch\\\/sustainability\\\/2024-09-04\\\/spatenstich-in-baar-fuer-innovative-abfallentsorgung\\\/\"},\"wordCount\":463,\"publisher\":{\"@id\":\"https:\\\/\\\/www.organisator.ch\\\/#organization\"},\"image\":{\"@id\":\"https:\\\/\\\/www.organisator.ch\\\/sustainability\\\/2024-09-04\\\/spatenstich-in-baar-fuer-innovative-abfallentsorgung\\\/#primaryimage\"},\"thumbnailUrl\":\"https:\\\/\\\/www.organisator.ch\\\/wp-content\\\/uploads\\\/2024\\\/09\\\/Convoltas_Bild1_ps.jpg\",\"keywords\":[\"Abfallentsorgung\",\"Sustainability\",\"Unternehmen\",\"Zero Emission\"],\"articleSection\":[\"SUSTAINABILITY\"],\"inLanguage\":\"it-IT\"},{\"@type\":\"WebPage\",\"@id\":\"https:\\\/\\\/www.organisator.ch\\\/sustainability\\\/2024-09-04\\\/spatenstich-in-baar-fuer-innovative-abfallentsorgung\\\/\",\"url\":\"https:\\\/\\\/www.organisator.ch\\\/sustainability\\\/2024-09-04\\\/spatenstich-in-baar-fuer-innovative-abfallentsorgung\\\/\",\"name\":\"Spatenstich in Baar f\u00fcr innovative Abfallentsorgung - Organisator\",\"isPartOf\":{\"@id\":\"https:\\\/\\\/www.organisator.ch\\\/#website\"},\"primaryImageOfPage\":{\"@id\":\"https:\\\/\\\/www.organisator.ch\\\/sustainability\\\/2024-09-04\\\/spatenstich-in-baar-fuer-innovative-abfallentsorgung\\\/#primaryimage\"},\"image\":{\"@id\":\"https:\\\/\\\/www.organisator.ch\\\/sustainability\\\/2024-09-04\\\/spatenstich-in-baar-fuer-innovative-abfallentsorgung\\\/#primaryimage\"},\"thumbnailUrl\":\"https:\\\/\\\/www.organisator.ch\\\/wp-content\\\/uploads\\\/2024\\\/09\\\/Convoltas_Bild1_ps.jpg\",\"datePublished\":\"2024-09-04T08:51:26+00:00\",\"description\":\"Ab 1. Januar 2025 wird die Abfallbewirtschaftung des Kantons Zug neu mit E-Fahrzeugen abgewickelt. Die Bauarbeiten beginnen.\",\"breadcrumb\":{\"@id\":\"https:\\\/\\\/www.organisator.ch\\\/sustainability\\\/2024-09-04\\\/spatenstich-in-baar-fuer-innovative-abfallentsorgung\\\/#breadcrumb\"},\"inLanguage\":\"it-IT\",\"potentialAction\":[{\"@type\":\"ReadAction\",\"target\":[\"https:\\\/\\\/www.organisator.ch\\\/sustainability\\\/2024-09-04\\\/spatenstich-in-baar-fuer-innovative-abfallentsorgung\\\/\"]}]},{\"@type\":\"ImageObject\",\"inLanguage\":\"it-IT\",\"@id\":\"https:\\\/\\\/www.organisator.ch\\\/sustainability\\\/2024-09-04\\\/spatenstich-in-baar-fuer-innovative-abfallentsorgung\\\/#primaryimage\",\"url\":\"https:\\\/\\\/www.organisator.ch\\\/wp-content\\\/uploads\\\/2024\\\/09\\\/Convoltas_Bild1_ps.jpg\",\"contentUrl\":\"https:\\\/\\\/www.organisator.ch\\\/wp-content\\\/uploads\\\/2024\\\/09\\\/Convoltas_Bild1_ps.jpg\",\"width\":680,\"height\":665,\"caption\":\"Vlnr. Martin Uhr, Adrian Risi, Walter Lipp, Reto H\u00fcrlimann. (Bild: www.convoltas.ch)\"},{\"@type\":\"BreadcrumbList\",\"@id\":\"https:\\\/\\\/www.organisator.ch\\\/sustainability\\\/2024-09-04\\\/spatenstich-in-baar-fuer-innovative-abfallentsorgung\\\/#breadcrumb\",\"itemListElement\":[{\"@type\":\"ListItem\",\"position\":1,\"name\":\"Home\",\"item\":\"https:\\\/\\\/www.organisator.ch\\\/\"},{\"@type\":\"ListItem\",\"position\":2,\"name\":\"Spatenstich in Baar f\u00fcr innovative Abfallentsorgung\"}]},{\"@type\":\"WebSite\",\"@id\":\"https:\\\/\\\/www.organisator.ch\\\/#website\",\"url\":\"https:\\\/\\\/www.organisator.ch\\\/\",\"name\":\"Organisator\",\"description\":\"Kompetent. Praxisnah. Der ORGANISATOR bereitet in 10 Ausgaben pro Jahr die wesentlichen Themen f\u00fcr F\u00fchrungskr\u00e4fte von KMU auf.\",\"publisher\":{\"@id\":\"https:\\\/\\\/www.organisator.ch\\\/#organization\"},\"potentialAction\":[{\"@type\":\"SearchAction\",\"target\":{\"@type\":\"EntryPoint\",\"urlTemplate\":\"https:\\\/\\\/www.organisator.ch\\\/?s={search_term_string}\"},\"query-input\":{\"@type\":\"PropertyValueSpecification\",\"valueRequired\":true,\"valueName\":\"search_term_string\"}}],\"inLanguage\":\"it-IT\"},{\"@type\":\"Organization\",\"@id\":\"https:\\\/\\\/www.organisator.ch\\\/#organization\",\"name\":\"Organisator\",\"url\":\"https:\\\/\\\/www.organisator.ch\\\/\",\"logo\":{\"@type\":\"ImageObject\",\"inLanguage\":\"it-IT\",\"@id\":\"https:\\\/\\\/www.organisator.ch\\\/#\\\/schema\\\/logo\\\/image\\\/\",\"url\":\"https:\\\/\\\/www.organisator.ch\\\/wp-content\\\/uploads\\\/2022\\\/01\\\/Logo_Organisator_Website.png\",\"contentUrl\":\"https:\\\/\\\/www.organisator.ch\\\/wp-content\\\/uploads\\\/2022\\\/01\\\/Logo_Organisator_Website.png\",\"width\":800,\"height\":77,\"caption\":\"Organisator\"},\"image\":{\"@id\":\"https:\\\/\\\/www.organisator.ch\\\/#\\\/schema\\\/logo\\\/image\\\/\"},\"sameAs\":[\"https:\\\/\\\/www.facebook.com\\\/OrganisatorFachmagazin\",\"https:\\\/\\\/www.linkedin.com\\\/showcase\\\/organisator-das-magazin-fr-kmu\",\"https:\\\/\\\/www.xing.com\\\/news\\\/pages\\\/organisator-ch-695\",\"https:\\\/\\\/www.youtube.com\\\/channel\\\/UCGP2Sq0iWaZwT3BdIAQFYpw\"]},{\"@type\":\"Person\",\"@id\":\"https:\\\/\\\/www.organisator.ch\\\/#\\\/schema\\\/person\\\/2e1314a2172123f874db408d8911d3f3\",\"name\":\"Adelisa Kalajdzini\",\"image\":{\"@type\":\"ImageObject\",\"inLanguage\":\"it-IT\",\"@id\":\"https:\\\/\\\/secure.gravatar.com\\\/avatar\\\/09a397c22ac58cad6f160ee8306348599df9df58a8ede73696226897b9fa4b24?s=96&d=mm&r=g\",\"url\":\"https:\\\/\\\/secure.gravatar.com\\\/avatar\\\/09a397c22ac58cad6f160ee8306348599df9df58a8ede73696226897b9fa4b24?s=96&d=mm&r=g\",\"contentUrl\":\"https:\\\/\\\/secure.gravatar.com\\\/avatar\\\/09a397c22ac58cad6f160ee8306348599df9df58a8ede73696226897b9fa4b24?s=96&d=mm&r=g\",\"caption\":\"Adelisa Kalajdzini\"},\"url\":\"https:\\\/\\\/www.organisator.ch\\\/it\\\/author\\\/adelisa-kalajdzini\\\/\"}]}<\/script>\n<!-- \/ Yoast SEO plugin. -->","yoast_head_json":{"title":"Cerimonia di apertura del terreno a Baar per lo smaltimento innovativo dei rifiuti - Organizzatore","description":"Dal 1\u00b0 gennaio 2025, la gestione dei rifiuti nel Cantone di Zugo sar\u00e0 affidata a veicoli elettrici. Inizio dei lavori di costruzione.","robots":{"index":"index","follow":"follow","max-snippet":"max-snippet:-1","max-image-preview":"max-image-preview:large","max-video-preview":"max-video-preview:-1"},"canonical":"https:\/\/www.organisator.ch\/it\/sostenibilita\/2024-09-04\/spatenstich-in-baar-fuer-innovative-abfallentsorgung\/","og_locale":"it_IT","og_type":"article","og_title":"Spatenstich in Baar f\u00fcr innovative Abfallentsorgung","og_description":"Ab 1. Januar 2025 wird die Abfallbewirtschaftung des Kantons Zug neu mit E-Fahrzeugen abgewickelt. Die Bauarbeiten beginnen.","og_url":"https:\/\/www.organisator.ch\/it\/sostenibilita\/2024-09-04\/spatenstich-in-baar-fuer-innovative-abfallentsorgung\/","og_site_name":"Organisator","article_publisher":"https:\/\/www.facebook.com\/OrganisatorFachmagazin","article_published_time":"2024-09-04T08:51:26+00:00","og_image":[{"width":680,"height":665,"url":"https:\/\/www.organisator.ch\/wp-content\/uploads\/2024\/09\/Convoltas_Bild1_ps.jpg","type":"image\/jpeg"}],"author":"Adelisa Kalajdzini","twitter_card":"summary_large_image","twitter_title":"Spatenstich in Baar f\u00fcr innovative Abfallentsorgung","twitter_description":"Ab 1. Januar 2025 wird die #Abfallbewirtschaftung des Kantons #Zug neu mit #E-Fahrzeugen abgewickelt. Die #Bauarbeiten beginnen.","twitter_image":"https:\/\/www.organisator.ch\/wp-content\/uploads\/2024\/09\/Convoltas_Bild1_ps.jpg","schema":{"@context":"https:\/\/schema.org","@graph":[{"@type":"Article","@id":"https:\/\/www.organisator.ch\/sustainability\/2024-09-04\/spatenstich-in-baar-fuer-innovative-abfallentsorgung\/#article","isPartOf":{"@id":"https:\/\/www.organisator.ch\/sustainability\/2024-09-04\/spatenstich-in-baar-fuer-innovative-abfallentsorgung\/"},"author":{"name":"Adelisa Kalajdzini","@id":"https:\/\/www.organisator.ch\/#\/schema\/person\/2e1314a2172123f874db408d8911d3f3"},"headline":"Spatenstich in Baar f\u00fcr innovative Abfallentsorgung","datePublished":"2024-09-04T08:51:26+00:00","mainEntityOfPage":{"@id":"https:\/\/www.organisator.ch\/sustainability\/2024-09-04\/spatenstich-in-baar-fuer-innovative-abfallentsorgung\/"},"wordCount":463,"publisher":{"@id":"https:\/\/www.organisator.ch\/#organization"},"image":{"@id":"https:\/\/www.organisator.ch\/sustainability\/2024-09-04\/spatenstich-in-baar-fuer-innovative-abfallentsorgung\/#primaryimage"},"thumbnailUrl":"https:\/\/www.organisator.ch\/wp-content\/uploads\/2024\/09\/Convoltas_Bild1_ps.jpg","keywords":["Abfallentsorgung","Sustainability","Unternehmen","Zero Emission"],"articleSection":["SUSTAINABILITY"],"inLanguage":"it-IT"},{"@type":"WebPage","@id":"https:\/\/www.organisator.ch\/sustainability\/2024-09-04\/spatenstich-in-baar-fuer-innovative-abfallentsorgung\/","url":"https:\/\/www.organisator.ch\/sustainability\/2024-09-04\/spatenstich-in-baar-fuer-innovative-abfallentsorgung\/","name":"Cerimonia di apertura del terreno a Baar per lo smaltimento innovativo dei rifiuti - Organizzatore","isPartOf":{"@id":"https:\/\/www.organisator.ch\/#website"},"primaryImageOfPage":{"@id":"https:\/\/www.organisator.ch\/sustainability\/2024-09-04\/spatenstich-in-baar-fuer-innovative-abfallentsorgung\/#primaryimage"},"image":{"@id":"https:\/\/www.organisator.ch\/sustainability\/2024-09-04\/spatenstich-in-baar-fuer-innovative-abfallentsorgung\/#primaryimage"},"thumbnailUrl":"https:\/\/www.organisator.ch\/wp-content\/uploads\/2024\/09\/Convoltas_Bild1_ps.jpg","datePublished":"2024-09-04T08:51:26+00:00","description":"Dal 1\u00b0 gennaio 2025, la gestione dei rifiuti nel Cantone di Zugo sar\u00e0 affidata a veicoli elettrici. Inizio dei lavori di costruzione.","breadcrumb":{"@id":"https:\/\/www.organisator.ch\/sustainability\/2024-09-04\/spatenstich-in-baar-fuer-innovative-abfallentsorgung\/#breadcrumb"},"inLanguage":"it-IT","potentialAction":[{"@type":"ReadAction","target":["https:\/\/www.organisator.ch\/sustainability\/2024-09-04\/spatenstich-in-baar-fuer-innovative-abfallentsorgung\/"]}]},{"@type":"ImageObject","inLanguage":"it-IT","@id":"https:\/\/www.organisator.ch\/sustainability\/2024-09-04\/spatenstich-in-baar-fuer-innovative-abfallentsorgung\/#primaryimage","url":"https:\/\/www.organisator.ch\/wp-content\/uploads\/2024\/09\/Convoltas_Bild1_ps.jpg","contentUrl":"https:\/\/www.organisator.ch\/wp-content\/uploads\/2024\/09\/Convoltas_Bild1_ps.jpg","width":680,"height":665,"caption":"Vlnr. Martin Uhr, Adrian Risi, Walter Lipp, Reto H\u00fcrlimann. (Bild: www.convoltas.ch)"},{"@type":"BreadcrumbList","@id":"https:\/\/www.organisator.ch\/sustainability\/2024-09-04\/spatenstich-in-baar-fuer-innovative-abfallentsorgung\/#breadcrumb","itemListElement":[{"@type":"ListItem","position":1,"name":"Home","item":"https:\/\/www.organisator.ch\/"},{"@type":"ListItem","position":2,"name":"Spatenstich in Baar f\u00fcr innovative Abfallentsorgung"}]},{"@type":"WebSite","@id":"https:\/\/www.organisator.ch\/#website","url":"https:\/\/www.organisator.ch\/","name":"Organizzatore","description":"Competente. Pratico. In 10 numeri all'anno, ORGANISATOR presenta i temi essenziali per i manager delle PMI.","publisher":{"@id":"https:\/\/www.organisator.ch\/#organization"},"potentialAction":[{"@type":"SearchAction","target":{"@type":"EntryPoint","urlTemplate":"https:\/\/www.organisator.ch\/?s={search_term_string}"},"query-input":{"@type":"PropertyValueSpecification","valueRequired":true,"valueName":"search_term_string"}}],"inLanguage":"it-IT"},{"@type":"Organization","@id":"https:\/\/www.organisator.ch\/#organization","name":"Organizzatore","url":"https:\/\/www.organisator.ch\/","logo":{"@type":"ImageObject","inLanguage":"it-IT","@id":"https:\/\/www.organisator.ch\/#\/schema\/logo\/image\/","url":"https:\/\/www.organisator.ch\/wp-content\/uploads\/2022\/01\/Logo_Organisator_Website.png","contentUrl":"https:\/\/www.organisator.ch\/wp-content\/uploads\/2022\/01\/Logo_Organisator_Website.png","width":800,"height":77,"caption":"Organisator"},"image":{"@id":"https:\/\/www.organisator.ch\/#\/schema\/logo\/image\/"},"sameAs":["https:\/\/www.facebook.com\/OrganisatorFachmagazin","https:\/\/www.linkedin.com\/showcase\/organisator-das-magazin-fr-kmu","https:\/\/www.xing.com\/news\/pages\/organisator-ch-695","https:\/\/www.youtube.com\/channel\/UCGP2Sq0iWaZwT3BdIAQFYpw"]},{"@type":"Person","@id":"https:\/\/www.organisator.ch\/#\/schema\/person\/2e1314a2172123f874db408d8911d3f3","name":"Adelisa Kalajdzini","image":{"@type":"ImageObject","inLanguage":"it-IT","@id":"https:\/\/secure.gravatar.com\/avatar\/09a397c22ac58cad6f160ee8306348599df9df58a8ede73696226897b9fa4b24?s=96&d=mm&r=g","url":"https:\/\/secure.gravatar.com\/avatar\/09a397c22ac58cad6f160ee8306348599df9df58a8ede73696226897b9fa4b24?s=96&d=mm&r=g","contentUrl":"https:\/\/secure.gravatar.com\/avatar\/09a397c22ac58cad6f160ee8306348599df9df58a8ede73696226897b9fa4b24?s=96&d=mm&r=g","caption":"Adelisa Kalajdzini"},"url":"https:\/\/www.organisator.ch\/it\/author\/adelisa-kalajdzini\/"}]}},"_links":{"self":[{"href":"https:\/\/www.organisator.ch\/it\/wp-json\/wp\/v2\/posts\/29535","targetHints":{"allow":["GET"]}}],"collection":[{"href":"https:\/\/www.organisator.ch\/it\/wp-json\/wp\/v2\/posts"}],"about":[{"href":"https:\/\/www.organisator.ch\/it\/wp-json\/wp\/v2\/types\/post"}],"author":[{"embeddable":true,"href":"https:\/\/www.organisator.ch\/it\/wp-json\/wp\/v2\/users\/58"}],"replies":[{"embeddable":true,"href":"https:\/\/www.organisator.ch\/it\/wp-json\/wp\/v2\/comments?post=29535"}],"version-history":[{"count":2,"href":"https:\/\/www.organisator.ch\/it\/wp-json\/wp\/v2\/posts\/29535\/revisions"}],"predecessor-version":[{"id":29557,"href":"https:\/\/www.organisator.ch\/it\/wp-json\/wp\/v2\/posts\/29535\/revisions\/29557"}],"wp:featuredmedia":[{"embeddable":true,"href":"https:\/\/www.organisator.ch\/it\/wp-json\/wp\/v2\/media\/29536"}],"wp:attachment":[{"href":"https:\/\/www.organisator.ch\/it\/wp-json\/wp\/v2\/media?parent=29535"}],"wp:term":[{"taxonomy":"category","embeddable":true,"href":"https:\/\/www.organisator.ch\/it\/wp-json\/wp\/v2\/categories?post=29535"},{"taxonomy":"post_tag","embeddable":true,"href":"https:\/\/www.organisator.ch\/it\/wp-json\/wp\/v2\/tags?post=29535"}],"curies":[{"name":"wp","href":"https:\/\/api.w.org\/{rel}","templated":true}]}}