{"id":29541,"date":"2024-09-04T12:21:37","date_gmt":"2024-09-04T10:21:37","guid":{"rendered":"https:\/\/www.markt-kom.com\/?p=222772"},"modified":"2024-11-08T11:53:18","modified_gmt":"2024-11-08T10:53:18","slug":"fraser-inszeniert-talentfoerderung-fuer-ubs","status":"publish","type":"post","link":"https:\/\/www.organisator.ch\/it\/marketing\/2024-09-04\/fraser-inszeniert-talentfoerderung-fuer-ubs\/","title":{"rendered":"Fraser promuove i talenti di UBS"},"content":{"rendered":"<p><img class=\"alignnone wp-image-222777 size-full\" src=\"https:\/\/www.markt-kom.com\/wp-content\/uploads\/2024\/09\/Beitragsbild.jpg\" alt=\"Iniziativa di marketing di UBS\" width=\"1200\" height=\"675\" \/>Nella nuova iniziativa di marketing, che \u00e8 stata ora lanciata, UBS e Fraser of Switzerland presentano uno spaccato emozionale di tutte e cinque le aree di interesse: istruzione, sport, cultura, imprenditorialit\u00e0 e sostenibilit\u00e0. Sei talenti reali vengono utilizzati per evidenziare il loro percorso verso il vertice. Oltre all'attitudine, alla disciplina e alla perseveranza, sono necessari anche partner a lungo termine che riconoscano e promuovano sistematicamente il loro talento.<\/p>\r\n<p><\/p>\r\n<p>UBS fornisce cos\u00ec ulteriori ragioni per essere \"Una banca per la Svizzera\". Come partner di lunga data, UBS investe da decenni nella promozione sistematica dei talenti. Sia con Swiss Skills per la formazione professionale come importante pilastro dell'economia svizzera e delle PMI svizzere, sia nello sport con la promozione dell'atletica svizzera dalla UBS Kids Cup alla World Class di Zurigo, Losanna o Bellinzona, del calcio svizzero con i Kids Camps, della squadra nazionale femminile e maschile, della cultura con il Festival del Cinema di Locarno, il Festival del Cinema di Zurigo o della musica classica con l'Opera di Zurigo e il Festival di Lucerna). E anche in termini di sostenibilit\u00e0 (Net Zero, UBS Helpetica con il volontariato per il bene comune svizzero o la promozione dell'imprenditorialit\u00e0 con le partnership con ETH, EPFL, HSG, il SEF incl. Growth, il Women's Award o lo Swiss Venture Club), per citare solo alcuni esempi.<\/p>\r\n<p><\/p>\r\n<hr \/>\r\n<p><strong>Cliente: <\/strong>UBS Switzerland AG, Zurigo, Aydin Sahin (Head Marketing &amp; Digital Sales), Sonja Kingsley-Curry (Head Initiatives &amp; Innovation), Melanie S\u00e4uberli (Strategic Initiatives), Rita Vozarova (Head UBS Engagements), Sandra Caviezel (Head Brand Activation, Sponsorship &amp; Events) Sebastien Rouiller, Tanja Iseppi, Michael R\u00fctti, Adrian Wyss (Brand Activation, Sponsorship &amp; Events), Oliver Vedolin (Head Digital Communication &amp; Growth), Joel Frey (Head Content Marketing &amp; Client Communication), Sascha Meissner (Content Marketing), Benjamin Fehrenbach (Head Social Media), Annina Speich (Social Media), Chloe Hindes (Digital Marketing), Kristel Henggeler (Media Strategy), Mehmet Odabas (Creative Director) <strong>Agenzia:<\/strong> Fraser of Switzerland, Nadja Stickl (Managing Director), Morgana Stolz (Senior Project Manager), Fernando Barbella (Managing Director Creation &amp; Partner FRASER GmbH), Andreas Schwitter (Creative Director), Heiko Freyland (Creative Director), Karen Le Roux (Digital Design), Mikhail Gany (Senior Design)<strong> Media:<\/strong> Publicis Media Svizzera, Zurigo ,Martina White (Business Director), Florence Angstmann (Digital Account Manager), Attila Kovacs (Senior Account Manager), Antonia Joura (Account Executive) <strong>Produzione:<\/strong>\u00a0Shining, Gonzaga Manso (Regista e DOP), Paco Ponce de L\u00e9on (Assistente alla regia), Leonardo Sanfilippo (Produttore esecutivo), Dimitri Siegrist (Produttore junior), Gustaf Richter (Produttore di linea), Nathalie Maibach (Produttore di linea), Gabi Benz (Produttore di linea), Adi Imholz (Assistenti di produzione), Nina Zogg (Assistenti di produzione), Marino Denk (Assistenti di produzione), Robin Fessel (Reparto artistico), Damaris Eigenheer (Styling), No\u00e9mie Bellwald (Casting), Mel Afflenbach (Location), Giacomo Prestinari (Montaggio), Cloudscape (VFX), Nadia Khairat G\u00f3mez (Colorista), Aimar Molero (Musica e Sounddesign), DubDub (Postproduzione audio).<\/p>","protected":false},"excerpt":{"rendered":"<p>Nel suo mercato nazionale, la Svizzera, UBS si impegna a promuovere l'istruzione, lo sport, la cultura, l'imprenditorialit\u00e0 e la sostenibilit\u00e0. Insieme alle organizzazioni partner, sostiene le generazioni attuali e future nello sviluppo del loro pieno potenziale.<\/p>","protected":false},"author":8,"featured_media":0,"comment_status":"closed","ping_status":"closed","sticky":false,"template":"","format":"standard","meta":{"_acf_changed":false,"_yoast_wpseo_focuskw":"UBS Marketing-Initiative","_yoast_wpseo_metadesc":"UBS und Fraser of Switzerland starten eine emotionale Marketing-Initiative zur F\u00f6rderung von Talenten in f\u00fcnf Fokusfeldern.","articlekey":"","footnotes":""},"categories":[29],"tags":[4456,3197,4343,4457,2345],"class_list":["post-29541","post","type-post","status-publish","format-standard","hentry","category-marketing","tag-fraser-switzerland","tag-kampagnen","tag-markom","tag-shining","tag-ubs"],"acf":[],"yoast_head":"<!-- This site is optimized with the Yoast SEO plugin v27.5 - https:\/\/yoast.com\/product\/yoast-seo-wordpress\/ -->\n<title>Fraser inszeniert Talentf\u00f6rderung f\u00fcr UBS - Organisator<\/title>\n<meta name=\"description\" content=\"UBS und Fraser of Switzerland starten eine emotionale Marketing-Initiative zur F\u00f6rderung von Talenten in f\u00fcnf Fokusfeldern.\" \/>\n<meta name=\"robots\" content=\"index, follow, max-snippet:-1, max-image-preview:large, max-video-preview:-1\" \/>\n<link rel=\"canonical\" href=\"https:\/\/www.organisator.ch\/it\/marketing\/2024-09-04\/fraser-inszeniert-talentfoerderung-fuer-ubs\/\" \/>\n<meta property=\"og:locale\" content=\"it_IT\" \/>\n<meta property=\"og:type\" content=\"article\" \/>\n<meta property=\"og:title\" content=\"Fraser inszeniert Talentf\u00f6rderung f\u00fcr UBS - Organisator\" \/>\n<meta property=\"og:description\" content=\"UBS und Fraser of Switzerland starten eine emotionale Marketing-Initiative zur F\u00f6rderung von Talenten in f\u00fcnf Fokusfeldern.\" \/>\n<meta property=\"og:url\" content=\"https:\/\/www.organisator.ch\/it\/marketing\/2024-09-04\/fraser-inszeniert-talentfoerderung-fuer-ubs\/\" \/>\n<meta property=\"og:site_name\" content=\"Organisator\" \/>\n<meta property=\"article:publisher\" content=\"https:\/\/www.facebook.com\/OrganisatorFachmagazin\" \/>\n<meta property=\"article:published_time\" content=\"2024-09-04T10:21:37+00:00\" \/>\n<meta property=\"article:modified_time\" content=\"2024-11-08T10:53:18+00:00\" \/>\n<meta property=\"og:image\" content=\"https:\/\/www.markt-kom.com\/wp-content\/uploads\/2024\/09\/Beitragsbild.jpg\" \/>\n<meta name=\"author\" content=\"galledia\" \/>\n<meta name=\"twitter:card\" content=\"summary_large_image\" \/>\n<meta name=\"twitter:creator\" content=\"@admin\" \/>\n<script type=\"application\/ld+json\" class=\"yoast-schema-graph\">{\"@context\":\"https:\\\/\\\/schema.org\",\"@graph\":[{\"@type\":\"Article\",\"@id\":\"https:\\\/\\\/www.organisator.ch\\\/marketing\\\/2024-09-04\\\/fraser-inszeniert-talentfoerderung-fuer-ubs\\\/#article\",\"isPartOf\":{\"@id\":\"https:\\\/\\\/www.organisator.ch\\\/marketing\\\/2024-09-04\\\/fraser-inszeniert-talentfoerderung-fuer-ubs\\\/\"},\"author\":{\"name\":\"galledia\",\"@id\":\"https:\\\/\\\/www.organisator.ch\\\/#\\\/schema\\\/person\\\/4e51799071cd2dd1232ac003643ef5f0\"},\"headline\":\"Fraser inszeniert Talentf\u00f6rderung f\u00fcr UBS\",\"datePublished\":\"2024-09-04T10:21:37+00:00\",\"dateModified\":\"2024-11-08T10:53:18+00:00\",\"mainEntityOfPage\":{\"@id\":\"https:\\\/\\\/www.organisator.ch\\\/marketing\\\/2024-09-04\\\/fraser-inszeniert-talentfoerderung-fuer-ubs\\\/\"},\"wordCount\":450,\"publisher\":{\"@id\":\"https:\\\/\\\/www.organisator.ch\\\/#organization\"},\"image\":{\"@id\":\"https:\\\/\\\/www.organisator.ch\\\/marketing\\\/2024-09-04\\\/fraser-inszeniert-talentfoerderung-fuer-ubs\\\/#primaryimage\"},\"thumbnailUrl\":\"https:\\\/\\\/www.markt-kom.com\\\/wp-content\\\/uploads\\\/2024\\\/09\\\/Beitragsbild.jpg\",\"keywords\":[\"Fraser Switzerland\",\"Kampagnen\",\"MarKom\",\"Shining\",\"UBS\"],\"articleSection\":[\"MARKETING\"],\"inLanguage\":\"it-IT\"},{\"@type\":\"WebPage\",\"@id\":\"https:\\\/\\\/www.organisator.ch\\\/marketing\\\/2024-09-04\\\/fraser-inszeniert-talentfoerderung-fuer-ubs\\\/\",\"url\":\"https:\\\/\\\/www.organisator.ch\\\/marketing\\\/2024-09-04\\\/fraser-inszeniert-talentfoerderung-fuer-ubs\\\/\",\"name\":\"Fraser inszeniert Talentf\u00f6rderung f\u00fcr UBS - Organisator\",\"isPartOf\":{\"@id\":\"https:\\\/\\\/www.organisator.ch\\\/#website\"},\"primaryImageOfPage\":{\"@id\":\"https:\\\/\\\/www.organisator.ch\\\/marketing\\\/2024-09-04\\\/fraser-inszeniert-talentfoerderung-fuer-ubs\\\/#primaryimage\"},\"image\":{\"@id\":\"https:\\\/\\\/www.organisator.ch\\\/marketing\\\/2024-09-04\\\/fraser-inszeniert-talentfoerderung-fuer-ubs\\\/#primaryimage\"},\"thumbnailUrl\":\"https:\\\/\\\/www.markt-kom.com\\\/wp-content\\\/uploads\\\/2024\\\/09\\\/Beitragsbild.jpg\",\"datePublished\":\"2024-09-04T10:21:37+00:00\",\"dateModified\":\"2024-11-08T10:53:18+00:00\",\"description\":\"UBS und Fraser of Switzerland starten eine emotionale Marketing-Initiative zur F\u00f6rderung von Talenten in f\u00fcnf Fokusfeldern.\",\"breadcrumb\":{\"@id\":\"https:\\\/\\\/www.organisator.ch\\\/marketing\\\/2024-09-04\\\/fraser-inszeniert-talentfoerderung-fuer-ubs\\\/#breadcrumb\"},\"inLanguage\":\"it-IT\",\"potentialAction\":[{\"@type\":\"ReadAction\",\"target\":[\"https:\\\/\\\/www.organisator.ch\\\/marketing\\\/2024-09-04\\\/fraser-inszeniert-talentfoerderung-fuer-ubs\\\/\"]}]},{\"@type\":\"ImageObject\",\"inLanguage\":\"it-IT\",\"@id\":\"https:\\\/\\\/www.organisator.ch\\\/marketing\\\/2024-09-04\\\/fraser-inszeniert-talentfoerderung-fuer-ubs\\\/#primaryimage\",\"url\":\"https:\\\/\\\/www.markt-kom.com\\\/wp-content\\\/uploads\\\/2024\\\/09\\\/Beitragsbild.jpg\",\"contentUrl\":\"https:\\\/\\\/www.markt-kom.com\\\/wp-content\\\/uploads\\\/2024\\\/09\\\/Beitragsbild.jpg\"},{\"@type\":\"BreadcrumbList\",\"@id\":\"https:\\\/\\\/www.organisator.ch\\\/marketing\\\/2024-09-04\\\/fraser-inszeniert-talentfoerderung-fuer-ubs\\\/#breadcrumb\",\"itemListElement\":[{\"@type\":\"ListItem\",\"position\":1,\"name\":\"Home\",\"item\":\"https:\\\/\\\/www.organisator.ch\\\/\"},{\"@type\":\"ListItem\",\"position\":2,\"name\":\"Fraser inszeniert Talentf\u00f6rderung f\u00fcr UBS\"}]},{\"@type\":\"WebSite\",\"@id\":\"https:\\\/\\\/www.organisator.ch\\\/#website\",\"url\":\"https:\\\/\\\/www.organisator.ch\\\/\",\"name\":\"Organisator\",\"description\":\"Kompetent. Praxisnah. Der ORGANISATOR bereitet in 10 Ausgaben pro Jahr die wesentlichen Themen f\u00fcr F\u00fchrungskr\u00e4fte von KMU auf.\",\"publisher\":{\"@id\":\"https:\\\/\\\/www.organisator.ch\\\/#organization\"},\"potentialAction\":[{\"@type\":\"SearchAction\",\"target\":{\"@type\":\"EntryPoint\",\"urlTemplate\":\"https:\\\/\\\/www.organisator.ch\\\/?s={search_term_string}\"},\"query-input\":{\"@type\":\"PropertyValueSpecification\",\"valueRequired\":true,\"valueName\":\"search_term_string\"}}],\"inLanguage\":\"it-IT\"},{\"@type\":\"Organization\",\"@id\":\"https:\\\/\\\/www.organisator.ch\\\/#organization\",\"name\":\"Organisator\",\"url\":\"https:\\\/\\\/www.organisator.ch\\\/\",\"logo\":{\"@type\":\"ImageObject\",\"inLanguage\":\"it-IT\",\"@id\":\"https:\\\/\\\/www.organisator.ch\\\/#\\\/schema\\\/logo\\\/image\\\/\",\"url\":\"https:\\\/\\\/www.organisator.ch\\\/wp-content\\\/uploads\\\/2022\\\/01\\\/Logo_Organisator_Website.png\",\"contentUrl\":\"https:\\\/\\\/www.organisator.ch\\\/wp-content\\\/uploads\\\/2022\\\/01\\\/Logo_Organisator_Website.png\",\"width\":800,\"height\":77,\"caption\":\"Organisator\"},\"image\":{\"@id\":\"https:\\\/\\\/www.organisator.ch\\\/#\\\/schema\\\/logo\\\/image\\\/\"},\"sameAs\":[\"https:\\\/\\\/www.facebook.com\\\/OrganisatorFachmagazin\",\"https:\\\/\\\/www.linkedin.com\\\/showcase\\\/organisator-das-magazin-fr-kmu\",\"https:\\\/\\\/www.xing.com\\\/news\\\/pages\\\/organisator-ch-695\",\"https:\\\/\\\/www.youtube.com\\\/channel\\\/UCGP2Sq0iWaZwT3BdIAQFYpw\"]},{\"@type\":\"Person\",\"@id\":\"https:\\\/\\\/www.organisator.ch\\\/#\\\/schema\\\/person\\\/4e51799071cd2dd1232ac003643ef5f0\",\"name\":\"galledia\",\"image\":{\"@type\":\"ImageObject\",\"inLanguage\":\"it-IT\",\"@id\":\"https:\\\/\\\/secure.gravatar.com\\\/avatar\\\/78a7f90c01fc2bfc875782a0d4922b37cde2cf184ce347b91316d23cd7f69a36?s=96&d=mm&r=g\",\"url\":\"https:\\\/\\\/secure.gravatar.com\\\/avatar\\\/78a7f90c01fc2bfc875782a0d4922b37cde2cf184ce347b91316d23cd7f69a36?s=96&d=mm&r=g\",\"contentUrl\":\"https:\\\/\\\/secure.gravatar.com\\\/avatar\\\/78a7f90c01fc2bfc875782a0d4922b37cde2cf184ce347b91316d23cd7f69a36?s=96&d=mm&r=g\",\"caption\":\"galledia\"},\"sameAs\":[\"https:\\\/\\\/x.com\\\/admin\"],\"url\":\"https:\\\/\\\/www.organisator.ch\\\/it\\\/author\\\/galledia\\\/\"}]}<\/script>\n<!-- \/ Yoast SEO plugin. -->","yoast_head_json":{"title":"Fraser mette in scena la promozione dei talenti per UBS - Organizzatore","description":"UBS e Fraser of Switzerland stanno lanciando un'iniziativa di marketing emozionale per promuovere il talento in cinque aree di interesse.","robots":{"index":"index","follow":"follow","max-snippet":"max-snippet:-1","max-image-preview":"max-image-preview:large","max-video-preview":"max-video-preview:-1"},"canonical":"https:\/\/www.organisator.ch\/it\/marketing\/2024-09-04\/fraser-inszeniert-talentfoerderung-fuer-ubs\/","og_locale":"it_IT","og_type":"article","og_title":"Fraser inszeniert Talentf\u00f6rderung f\u00fcr UBS - Organisator","og_description":"UBS und Fraser of Switzerland starten eine emotionale Marketing-Initiative zur F\u00f6rderung von Talenten in f\u00fcnf Fokusfeldern.","og_url":"https:\/\/www.organisator.ch\/it\/marketing\/2024-09-04\/fraser-inszeniert-talentfoerderung-fuer-ubs\/","og_site_name":"Organisator","article_publisher":"https:\/\/www.facebook.com\/OrganisatorFachmagazin","article_published_time":"2024-09-04T10:21:37+00:00","article_modified_time":"2024-11-08T10:53:18+00:00","og_image":[{"url":"https:\/\/www.markt-kom.com\/wp-content\/uploads\/2024\/09\/Beitragsbild.jpg","type":"","width":"","height":""}],"author":"galledia","twitter_card":"summary_large_image","twitter_creator":"@admin","schema":{"@context":"https:\/\/schema.org","@graph":[{"@type":"Article","@id":"https:\/\/www.organisator.ch\/marketing\/2024-09-04\/fraser-inszeniert-talentfoerderung-fuer-ubs\/#article","isPartOf":{"@id":"https:\/\/www.organisator.ch\/marketing\/2024-09-04\/fraser-inszeniert-talentfoerderung-fuer-ubs\/"},"author":{"name":"galledia","@id":"https:\/\/www.organisator.ch\/#\/schema\/person\/4e51799071cd2dd1232ac003643ef5f0"},"headline":"Fraser inszeniert Talentf\u00f6rderung f\u00fcr UBS","datePublished":"2024-09-04T10:21:37+00:00","dateModified":"2024-11-08T10:53:18+00:00","mainEntityOfPage":{"@id":"https:\/\/www.organisator.ch\/marketing\/2024-09-04\/fraser-inszeniert-talentfoerderung-fuer-ubs\/"},"wordCount":450,"publisher":{"@id":"https:\/\/www.organisator.ch\/#organization"},"image":{"@id":"https:\/\/www.organisator.ch\/marketing\/2024-09-04\/fraser-inszeniert-talentfoerderung-fuer-ubs\/#primaryimage"},"thumbnailUrl":"https:\/\/www.markt-kom.com\/wp-content\/uploads\/2024\/09\/Beitragsbild.jpg","keywords":["Fraser Switzerland","Kampagnen","MarKom","Shining","UBS"],"articleSection":["MARKETING"],"inLanguage":"it-IT"},{"@type":"WebPage","@id":"https:\/\/www.organisator.ch\/marketing\/2024-09-04\/fraser-inszeniert-talentfoerderung-fuer-ubs\/","url":"https:\/\/www.organisator.ch\/marketing\/2024-09-04\/fraser-inszeniert-talentfoerderung-fuer-ubs\/","name":"Fraser mette in scena la promozione dei talenti per UBS - Organizzatore","isPartOf":{"@id":"https:\/\/www.organisator.ch\/#website"},"primaryImageOfPage":{"@id":"https:\/\/www.organisator.ch\/marketing\/2024-09-04\/fraser-inszeniert-talentfoerderung-fuer-ubs\/#primaryimage"},"image":{"@id":"https:\/\/www.organisator.ch\/marketing\/2024-09-04\/fraser-inszeniert-talentfoerderung-fuer-ubs\/#primaryimage"},"thumbnailUrl":"https:\/\/www.markt-kom.com\/wp-content\/uploads\/2024\/09\/Beitragsbild.jpg","datePublished":"2024-09-04T10:21:37+00:00","dateModified":"2024-11-08T10:53:18+00:00","description":"UBS e Fraser of Switzerland stanno lanciando un'iniziativa di marketing emozionale per promuovere il talento in cinque aree di interesse.","breadcrumb":{"@id":"https:\/\/www.organisator.ch\/marketing\/2024-09-04\/fraser-inszeniert-talentfoerderung-fuer-ubs\/#breadcrumb"},"inLanguage":"it-IT","potentialAction":[{"@type":"ReadAction","target":["https:\/\/www.organisator.ch\/marketing\/2024-09-04\/fraser-inszeniert-talentfoerderung-fuer-ubs\/"]}]},{"@type":"ImageObject","inLanguage":"it-IT","@id":"https:\/\/www.organisator.ch\/marketing\/2024-09-04\/fraser-inszeniert-talentfoerderung-fuer-ubs\/#primaryimage","url":"https:\/\/www.markt-kom.com\/wp-content\/uploads\/2024\/09\/Beitragsbild.jpg","contentUrl":"https:\/\/www.markt-kom.com\/wp-content\/uploads\/2024\/09\/Beitragsbild.jpg"},{"@type":"BreadcrumbList","@id":"https:\/\/www.organisator.ch\/marketing\/2024-09-04\/fraser-inszeniert-talentfoerderung-fuer-ubs\/#breadcrumb","itemListElement":[{"@type":"ListItem","position":1,"name":"Home","item":"https:\/\/www.organisator.ch\/"},{"@type":"ListItem","position":2,"name":"Fraser inszeniert Talentf\u00f6rderung f\u00fcr UBS"}]},{"@type":"WebSite","@id":"https:\/\/www.organisator.ch\/#website","url":"https:\/\/www.organisator.ch\/","name":"Organizzatore","description":"Competente. Pratico. In 10 numeri all'anno, ORGANISATOR presenta i temi essenziali per i manager delle PMI.","publisher":{"@id":"https:\/\/www.organisator.ch\/#organization"},"potentialAction":[{"@type":"SearchAction","target":{"@type":"EntryPoint","urlTemplate":"https:\/\/www.organisator.ch\/?s={search_term_string}"},"query-input":{"@type":"PropertyValueSpecification","valueRequired":true,"valueName":"search_term_string"}}],"inLanguage":"it-IT"},{"@type":"Organization","@id":"https:\/\/www.organisator.ch\/#organization","name":"Organizzatore","url":"https:\/\/www.organisator.ch\/","logo":{"@type":"ImageObject","inLanguage":"it-IT","@id":"https:\/\/www.organisator.ch\/#\/schema\/logo\/image\/","url":"https:\/\/www.organisator.ch\/wp-content\/uploads\/2022\/01\/Logo_Organisator_Website.png","contentUrl":"https:\/\/www.organisator.ch\/wp-content\/uploads\/2022\/01\/Logo_Organisator_Website.png","width":800,"height":77,"caption":"Organisator"},"image":{"@id":"https:\/\/www.organisator.ch\/#\/schema\/logo\/image\/"},"sameAs":["https:\/\/www.facebook.com\/OrganisatorFachmagazin","https:\/\/www.linkedin.com\/showcase\/organisator-das-magazin-fr-kmu","https:\/\/www.xing.com\/news\/pages\/organisator-ch-695","https:\/\/www.youtube.com\/channel\/UCGP2Sq0iWaZwT3BdIAQFYpw"]},{"@type":"Person","@id":"https:\/\/www.organisator.ch\/#\/schema\/person\/4e51799071cd2dd1232ac003643ef5f0","name":"galledia","image":{"@type":"ImageObject","inLanguage":"it-IT","@id":"https:\/\/secure.gravatar.com\/avatar\/78a7f90c01fc2bfc875782a0d4922b37cde2cf184ce347b91316d23cd7f69a36?s=96&d=mm&r=g","url":"https:\/\/secure.gravatar.com\/avatar\/78a7f90c01fc2bfc875782a0d4922b37cde2cf184ce347b91316d23cd7f69a36?s=96&d=mm&r=g","contentUrl":"https:\/\/secure.gravatar.com\/avatar\/78a7f90c01fc2bfc875782a0d4922b37cde2cf184ce347b91316d23cd7f69a36?s=96&d=mm&r=g","caption":"galledia"},"sameAs":["https:\/\/x.com\/admin"],"url":"https:\/\/www.organisator.ch\/it\/author\/galledia\/"}]}},"_links":{"self":[{"href":"https:\/\/www.organisator.ch\/it\/wp-json\/wp\/v2\/posts\/29541","targetHints":{"allow":["GET"]}}],"collection":[{"href":"https:\/\/www.organisator.ch\/it\/wp-json\/wp\/v2\/posts"}],"about":[{"href":"https:\/\/www.organisator.ch\/it\/wp-json\/wp\/v2\/types\/post"}],"author":[{"embeddable":true,"href":"https:\/\/www.organisator.ch\/it\/wp-json\/wp\/v2\/users\/8"}],"replies":[{"embeddable":true,"href":"https:\/\/www.organisator.ch\/it\/wp-json\/wp\/v2\/comments?post=29541"}],"version-history":[{"count":4,"href":"https:\/\/www.organisator.ch\/it\/wp-json\/wp\/v2\/posts\/29541\/revisions"}],"predecessor-version":[{"id":31979,"href":"https:\/\/www.organisator.ch\/it\/wp-json\/wp\/v2\/posts\/29541\/revisions\/31979"}],"wp:attachment":[{"href":"https:\/\/www.organisator.ch\/it\/wp-json\/wp\/v2\/media?parent=29541"}],"wp:term":[{"taxonomy":"category","embeddable":true,"href":"https:\/\/www.organisator.ch\/it\/wp-json\/wp\/v2\/categories?post=29541"},{"taxonomy":"post_tag","embeddable":true,"href":"https:\/\/www.organisator.ch\/it\/wp-json\/wp\/v2\/tags?post=29541"}],"curies":[{"name":"wp","href":"https:\/\/api.w.org\/{rel}","templated":true}]}}