{"id":29549,"date":"2024-09-05T07:17:51","date_gmt":"2024-09-05T05:17:51","guid":{"rendered":"https:\/\/www.organisator.ch\/?p=29549"},"modified":"2024-09-04T15:18:20","modified_gmt":"2024-09-04T13:18:20","slug":"svc-mitgliederversammlung-neue-vorstandsmitglieder-und-geschaeftsstelle","status":"publish","type":"post","link":"https:\/\/www.organisator.ch\/it\/management\/2024-09-05\/svc-mitgliederversammlung-neue-vorstandsmitglieder-und-geschaeftsstelle\/","title":{"rendered":"Assemblea generale dell'USC: nuovi membri del consiglio di amministrazione e nuove cariche"},"content":{"rendered":"<figure id=\"attachment_29550\" aria-describedby=\"caption-attachment-29550\" style=\"width: 680px\" class=\"wp-caption alignnone\"><img loading=\"lazy\" decoding=\"async\" class=\"wp-image-29550 size-full\" src=\"https:\/\/www.organisator.ch\/wp-content\/uploads\/2024\/09\/SVC_Bild1_ps.jpg\" alt=\"\" width=\"680\" height=\"453\" srcset=\"https:\/\/www.organisator.ch\/wp-content\/uploads\/2024\/09\/SVC_Bild1_ps.jpg 680w, https:\/\/www.organisator.ch\/wp-content\/uploads\/2024\/09\/SVC_Bild1_ps-18x12.jpg 18w, https:\/\/www.organisator.ch\/wp-content\/uploads\/2024\/09\/SVC_Bild1_ps-375x250.jpg 375w, https:\/\/www.organisator.ch\/wp-content\/uploads\/2024\/09\/SVC_Bild1_ps-525x350.jpg 525w\" sizes=\"auto, (max-width: 680px) 100vw, 680px\" \/><figcaption id=\"caption-attachment-29550\" class=\"wp-caption-text\">Impressioni dall'Assemblea Generale dello Swiss Venture Club (SVC) 2024 (Immagine: SVC\/KEYSTONE\/Manuel Lopez)<\/figcaption><\/figure>\n<p>Circa 300 membri hanno partecipato all'assemblea generale annuale dell'USC presso l'Hotel Bellevue Palace di Berna il 3 settembre 2024. Dopo un'analisi dei numerosi e stimolanti premi del Prix SVC e di altri eventi per le PMI dello scorso anno, nonch\u00e9 l'approvazione dei conti annuali, i principali punti all'ordine del giorno comprendevano le elezioni del Consiglio di amministrazione e i saluti.<\/p>\n<h3><strong>Tre nuovi arrivati e un ritorno <\/strong><\/h3>\n<p>I membri del CSV hanno eletto quattro nuovi membri del Consiglio di amministrazione. Oltre ai tre volti nuovi (Judith Bellaiche, Kris Vietze e Thomas Sommerhalder), anche il dottor Beat Brechb\u00fchl, una vecchia conoscenza, fa il suo ritorno nel Consiglio di amministrazione.<\/p>\n<p>Una panoramica dei quattro membri del Consiglio dell'USC appena eletti:<\/p>\n<p>\u2013<strong> Judith Bellaiche<\/strong>, ex consigliere nazionale GLP ed ex responsabile di Swico (associazione imprenditoriale per la Svizzera digitale), assumer\u00e0 ora nuovi mandati e attivit\u00e0, anche in seno all'USC, a seguito di un riorientamento professionale.<\/p>\n<p>\u2013 <strong>Kris Vietze<\/strong> \u00e8 comproprietaria del Gruppo svizzero Baumer, attivo a livello internazionale e specializzato nella tecnologia dei sensori. \u00c8 nota anche come membro del Consiglio nazionale della Turgovia e presidente della Camera dell'Industria e del Commercio della Turgovia (IHK).<\/p>\n<p>\u2013 <strong>Thomas Sommerhalder<\/strong> sieder\u00e0 nel Consiglio di Amministrazione come rappresentante del Premium Gold Partner UBS. Conosce l'SVC da molti anni e durante il suo periodo come CEO di Swisstulle \u00e8 stato anche premiato sul palco del Prix SVC (2\u00b0 posto al Prix SVC Ostschweiz 2006).<\/p>\n<p>\u2013 <strong>Dr Beat Brechb\u00fchl<\/strong>, presidente\/socio amministratore di Kellerhals Carrard, torna a far parte del Consiglio dell'USC. L'avvocato d'affari \u00e8 cofondatore e membro onorario dell'SVC ed \u00e8 stato membro attivo del Consiglio di amministrazione per 20 anni.<\/p>\n<p>L'imprenditrice Nicole Herzog e l'ex presidente dell'USC Andreas Gerber si sono dimessi da membri del Consiglio dell'USC. Entrambi sono stati salutati degnamente dall'assemblea.<\/p>\n<p>Per il momento non ci sono cambiamenti ai vertici dell'USC. L'attuale Vicepresidente, Hans Baumgartner, che guida il Consiglio dal gennaio 2024, \u00e8 stato rieletto per un ulteriore mandato di due anni. Egli rimarr\u00e0 responsabile delle attivit\u00e0 del CSV fino alla nomina di una nuova persona alla presidenza.<\/p>\n<h3><strong>Sinergie entusiasmanti al Bernapark di Deisswil <\/strong><\/h3>\n<p>Nel corso dell'assemblea generale \u00e8 stato inoltre annunciato che il team centrale dell'USC si trasferir\u00e0 nel gennaio 2025. La nuova sede centrale presso lo ZID (Centro per l'innovazione e la digitalizzazione) di Bernapark offre uffici interessanti e prospettive interessanti per la rete di PMI. \"Non vediamo l'ora di trasferirci nella nuova sede dello ZID Bernapark e ci inseriremo rapidamente in questo ambiente stimolante\", afferma convinto l'amministratore delegato Michael Fahrni.<\/p>\n<h3><strong>Discorso ispiratore con Mark Streit <\/strong><\/h3>\n<p>Dopo i punti all'ordine del giorno previsti dalla legge, il momento clou dell'evento \u00e8 stato l'incontro con l'ex giocatore professionista di hockey su ghiaccio e imprenditore Mark Streit. L'ex All-Star della NHL e capitano della nazionale svizzera ha dimostrato in modo impressionante come la sua esperienza nello sport di alto livello lo aiuti oggi come imprenditore e quali siano i parallelismi tra i due mondi.<\/p>\n<p><em>Fonte: <a href=\"http:\/\/www.svc.swiss\">www.svc.swiss<\/a><\/em><\/p>","protected":false},"excerpt":{"rendered":"<p>In occasione dell'assemblea generale dell'USC del 3 settembre, \u00e8 stata definita la rotta per il futuro della rete di PMI. Oltre all'elezione di quattro nuovi membri del consiglio direttivo, sono state fornite informazioni sul trasferimento della sede dell'SVC. L'associazione si trasferir\u00e0 nei nuovi uffici dello ZID Bernapark di Deisswil (Stettlen BE) all'inizio del 2025.<\/p>","protected":false},"author":58,"featured_media":29550,"comment_status":"closed","ping_status":"closed","sticky":false,"template":"","format":"standard","meta":{"_acf_changed":false,"_yoast_wpseo_focuskw":"SVC Mitgliederversammlung","_yoast_wpseo_metadesc":"An der SVC Mitgliederversammlung am 3. September wurden die Weichen f\u00fcr die Zukunft des KMU-Netzwerks gestellt.","articlekey":"","footnotes":""},"categories":[28],"tags":[334,4458,3149,492],"class_list":["post-29549","post","type-post","status-publish","format-standard","has-post-thumbnail","hentry","category-management","tag-management","tag-svc","tag-synergien","tag-unternehmen"],"acf":[],"yoast_head":"<!-- This site is optimized with the Yoast SEO plugin v27.5 - https:\/\/yoast.com\/product\/yoast-seo-wordpress\/ -->\n<title>SVC Mitgliederversammlung: Neue Vorstandsmitglieder und Gesch\u00e4ftsstelle - Organisator<\/title>\n<meta name=\"description\" content=\"An der SVC Mitgliederversammlung am 3. September wurden die Weichen f\u00fcr die Zukunft des KMU-Netzwerks gestellt.\" \/>\n<meta name=\"robots\" content=\"index, follow, max-snippet:-1, max-image-preview:large, max-video-preview:-1\" \/>\n<link rel=\"canonical\" href=\"https:\/\/www.organisator.ch\/it\/gestione-2\/2024-09-05\/svc-mitgliederversammlung-neue-vorstandsmitglieder-und-geschaeftsstelle\/\" \/>\n<meta property=\"og:locale\" content=\"it_IT\" \/>\n<meta property=\"og:type\" content=\"article\" \/>\n<meta property=\"og:title\" content=\"SVC Mitgliederversammlung: Neue Vorstandsmitglieder und Gesch\u00e4ftsstelle\" \/>\n<meta property=\"og:description\" content=\"An der SVC Mitgliederversammlung am 3. September wurden die Weichen f\u00fcr die Zukunft des KMU-Netzwerks gestellt.\" \/>\n<meta property=\"og:url\" content=\"https:\/\/www.organisator.ch\/it\/gestione-2\/2024-09-05\/svc-mitgliederversammlung-neue-vorstandsmitglieder-und-geschaeftsstelle\/\" \/>\n<meta property=\"og:site_name\" content=\"Organisator\" \/>\n<meta property=\"article:publisher\" content=\"https:\/\/www.facebook.com\/OrganisatorFachmagazin\" \/>\n<meta property=\"article:published_time\" content=\"2024-09-05T05:17:51+00:00\" \/>\n<meta property=\"og:image\" content=\"https:\/\/www.organisator.ch\/wp-content\/uploads\/2024\/09\/SVC_Bild1_ps.jpg\" \/>\n\t<meta property=\"og:image:width\" content=\"680\" \/>\n\t<meta property=\"og:image:height\" content=\"453\" \/>\n\t<meta property=\"og:image:type\" content=\"image\/jpeg\" \/>\n<meta name=\"author\" content=\"Adelisa Kalajdzini\" \/>\n<meta name=\"twitter:card\" content=\"summary_large_image\" \/>\n<meta name=\"twitter:title\" content=\"SVC Mitgliederversammlung: Neue Vorstandsmitglieder und Gesch\u00e4ftsstelle\" \/>\n<meta name=\"twitter:description\" content=\"An der #SVC #Mitgliederversammlung am 3. September wurden die Weichen f\u00fcr die #Zukunft des #KMU-Netzwerks gestellt.\" \/>\n<meta name=\"twitter:image\" content=\"https:\/\/www.organisator.ch\/wp-content\/uploads\/2024\/09\/SVC_Bild1_ps.jpg\" \/>\n<script type=\"application\/ld+json\" class=\"yoast-schema-graph\">{\"@context\":\"https:\\\/\\\/schema.org\",\"@graph\":[{\"@type\":\"Article\",\"@id\":\"https:\\\/\\\/www.organisator.ch\\\/management\\\/2024-09-05\\\/svc-mitgliederversammlung-neue-vorstandsmitglieder-und-geschaeftsstelle\\\/#article\",\"isPartOf\":{\"@id\":\"https:\\\/\\\/www.organisator.ch\\\/management\\\/2024-09-05\\\/svc-mitgliederversammlung-neue-vorstandsmitglieder-und-geschaeftsstelle\\\/\"},\"author\":{\"name\":\"Adelisa Kalajdzini\",\"@id\":\"https:\\\/\\\/www.organisator.ch\\\/#\\\/schema\\\/person\\\/2e1314a2172123f874db408d8911d3f3\"},\"headline\":\"SVC Mitgliederversammlung: Neue Vorstandsmitglieder und Gesch\u00e4ftsstelle\",\"datePublished\":\"2024-09-05T05:17:51+00:00\",\"mainEntityOfPage\":{\"@id\":\"https:\\\/\\\/www.organisator.ch\\\/management\\\/2024-09-05\\\/svc-mitgliederversammlung-neue-vorstandsmitglieder-und-geschaeftsstelle\\\/\"},\"wordCount\":509,\"publisher\":{\"@id\":\"https:\\\/\\\/www.organisator.ch\\\/#organization\"},\"image\":{\"@id\":\"https:\\\/\\\/www.organisator.ch\\\/management\\\/2024-09-05\\\/svc-mitgliederversammlung-neue-vorstandsmitglieder-und-geschaeftsstelle\\\/#primaryimage\"},\"thumbnailUrl\":\"https:\\\/\\\/www.organisator.ch\\\/wp-content\\\/uploads\\\/2024\\\/09\\\/SVC_Bild1_ps.jpg\",\"keywords\":[\"Management\",\"SVC\",\"Synergien\",\"Unternehmen\"],\"articleSection\":[\"MANAGEMENT\"],\"inLanguage\":\"it-IT\"},{\"@type\":\"WebPage\",\"@id\":\"https:\\\/\\\/www.organisator.ch\\\/management\\\/2024-09-05\\\/svc-mitgliederversammlung-neue-vorstandsmitglieder-und-geschaeftsstelle\\\/\",\"url\":\"https:\\\/\\\/www.organisator.ch\\\/management\\\/2024-09-05\\\/svc-mitgliederversammlung-neue-vorstandsmitglieder-und-geschaeftsstelle\\\/\",\"name\":\"SVC Mitgliederversammlung: Neue Vorstandsmitglieder und Gesch\u00e4ftsstelle - Organisator\",\"isPartOf\":{\"@id\":\"https:\\\/\\\/www.organisator.ch\\\/#website\"},\"primaryImageOfPage\":{\"@id\":\"https:\\\/\\\/www.organisator.ch\\\/management\\\/2024-09-05\\\/svc-mitgliederversammlung-neue-vorstandsmitglieder-und-geschaeftsstelle\\\/#primaryimage\"},\"image\":{\"@id\":\"https:\\\/\\\/www.organisator.ch\\\/management\\\/2024-09-05\\\/svc-mitgliederversammlung-neue-vorstandsmitglieder-und-geschaeftsstelle\\\/#primaryimage\"},\"thumbnailUrl\":\"https:\\\/\\\/www.organisator.ch\\\/wp-content\\\/uploads\\\/2024\\\/09\\\/SVC_Bild1_ps.jpg\",\"datePublished\":\"2024-09-05T05:17:51+00:00\",\"description\":\"An der SVC Mitgliederversammlung am 3. September wurden die Weichen f\u00fcr die Zukunft des KMU-Netzwerks gestellt.\",\"breadcrumb\":{\"@id\":\"https:\\\/\\\/www.organisator.ch\\\/management\\\/2024-09-05\\\/svc-mitgliederversammlung-neue-vorstandsmitglieder-und-geschaeftsstelle\\\/#breadcrumb\"},\"inLanguage\":\"it-IT\",\"potentialAction\":[{\"@type\":\"ReadAction\",\"target\":[\"https:\\\/\\\/www.organisator.ch\\\/management\\\/2024-09-05\\\/svc-mitgliederversammlung-neue-vorstandsmitglieder-und-geschaeftsstelle\\\/\"]}]},{\"@type\":\"ImageObject\",\"inLanguage\":\"it-IT\",\"@id\":\"https:\\\/\\\/www.organisator.ch\\\/management\\\/2024-09-05\\\/svc-mitgliederversammlung-neue-vorstandsmitglieder-und-geschaeftsstelle\\\/#primaryimage\",\"url\":\"https:\\\/\\\/www.organisator.ch\\\/wp-content\\\/uploads\\\/2024\\\/09\\\/SVC_Bild1_ps.jpg\",\"contentUrl\":\"https:\\\/\\\/www.organisator.ch\\\/wp-content\\\/uploads\\\/2024\\\/09\\\/SVC_Bild1_ps.jpg\",\"width\":680,\"height\":453,\"caption\":\"Impressionen von der Mitgliederversammlung des Swiss Venture Clubs (SVC) 2024. (Bild: SVC\\\/KEYSTONE\\\/Manuel Lopez)\"},{\"@type\":\"BreadcrumbList\",\"@id\":\"https:\\\/\\\/www.organisator.ch\\\/management\\\/2024-09-05\\\/svc-mitgliederversammlung-neue-vorstandsmitglieder-und-geschaeftsstelle\\\/#breadcrumb\",\"itemListElement\":[{\"@type\":\"ListItem\",\"position\":1,\"name\":\"Home\",\"item\":\"https:\\\/\\\/www.organisator.ch\\\/\"},{\"@type\":\"ListItem\",\"position\":2,\"name\":\"SVC Mitgliederversammlung: Neue Vorstandsmitglieder und Gesch\u00e4ftsstelle\"}]},{\"@type\":\"WebSite\",\"@id\":\"https:\\\/\\\/www.organisator.ch\\\/#website\",\"url\":\"https:\\\/\\\/www.organisator.ch\\\/\",\"name\":\"Organisator\",\"description\":\"Kompetent. Praxisnah. Der ORGANISATOR bereitet in 10 Ausgaben pro Jahr die wesentlichen Themen f\u00fcr F\u00fchrungskr\u00e4fte von KMU auf.\",\"publisher\":{\"@id\":\"https:\\\/\\\/www.organisator.ch\\\/#organization\"},\"potentialAction\":[{\"@type\":\"SearchAction\",\"target\":{\"@type\":\"EntryPoint\",\"urlTemplate\":\"https:\\\/\\\/www.organisator.ch\\\/?s={search_term_string}\"},\"query-input\":{\"@type\":\"PropertyValueSpecification\",\"valueRequired\":true,\"valueName\":\"search_term_string\"}}],\"inLanguage\":\"it-IT\"},{\"@type\":\"Organization\",\"@id\":\"https:\\\/\\\/www.organisator.ch\\\/#organization\",\"name\":\"Organisator\",\"url\":\"https:\\\/\\\/www.organisator.ch\\\/\",\"logo\":{\"@type\":\"ImageObject\",\"inLanguage\":\"it-IT\",\"@id\":\"https:\\\/\\\/www.organisator.ch\\\/#\\\/schema\\\/logo\\\/image\\\/\",\"url\":\"https:\\\/\\\/www.organisator.ch\\\/wp-content\\\/uploads\\\/2022\\\/01\\\/Logo_Organisator_Website.png\",\"contentUrl\":\"https:\\\/\\\/www.organisator.ch\\\/wp-content\\\/uploads\\\/2022\\\/01\\\/Logo_Organisator_Website.png\",\"width\":800,\"height\":77,\"caption\":\"Organisator\"},\"image\":{\"@id\":\"https:\\\/\\\/www.organisator.ch\\\/#\\\/schema\\\/logo\\\/image\\\/\"},\"sameAs\":[\"https:\\\/\\\/www.facebook.com\\\/OrganisatorFachmagazin\",\"https:\\\/\\\/www.linkedin.com\\\/showcase\\\/organisator-das-magazin-fr-kmu\",\"https:\\\/\\\/www.xing.com\\\/news\\\/pages\\\/organisator-ch-695\",\"https:\\\/\\\/www.youtube.com\\\/channel\\\/UCGP2Sq0iWaZwT3BdIAQFYpw\"]},{\"@type\":\"Person\",\"@id\":\"https:\\\/\\\/www.organisator.ch\\\/#\\\/schema\\\/person\\\/2e1314a2172123f874db408d8911d3f3\",\"name\":\"Adelisa Kalajdzini\",\"image\":{\"@type\":\"ImageObject\",\"inLanguage\":\"it-IT\",\"@id\":\"https:\\\/\\\/secure.gravatar.com\\\/avatar\\\/09a397c22ac58cad6f160ee8306348599df9df58a8ede73696226897b9fa4b24?s=96&d=mm&r=g\",\"url\":\"https:\\\/\\\/secure.gravatar.com\\\/avatar\\\/09a397c22ac58cad6f160ee8306348599df9df58a8ede73696226897b9fa4b24?s=96&d=mm&r=g\",\"contentUrl\":\"https:\\\/\\\/secure.gravatar.com\\\/avatar\\\/09a397c22ac58cad6f160ee8306348599df9df58a8ede73696226897b9fa4b24?s=96&d=mm&r=g\",\"caption\":\"Adelisa Kalajdzini\"},\"url\":\"https:\\\/\\\/www.organisator.ch\\\/it\\\/author\\\/adelisa-kalajdzini\\\/\"}]}<\/script>\n<!-- \/ Yoast SEO plugin. -->","yoast_head_json":{"title":"Assemblea generale dell'USC: nuovi membri del consiglio e cariche - Organizzatore","description":"In occasione della riunione dei membri dell'USC del 3 settembre, \u00e8 stata definita la rotta per il futuro della rete di PMI.","robots":{"index":"index","follow":"follow","max-snippet":"max-snippet:-1","max-image-preview":"max-image-preview:large","max-video-preview":"max-video-preview:-1"},"canonical":"https:\/\/www.organisator.ch\/it\/gestione-2\/2024-09-05\/svc-mitgliederversammlung-neue-vorstandsmitglieder-und-geschaeftsstelle\/","og_locale":"it_IT","og_type":"article","og_title":"SVC Mitgliederversammlung: Neue Vorstandsmitglieder und Gesch\u00e4ftsstelle","og_description":"An der SVC Mitgliederversammlung am 3. September wurden die Weichen f\u00fcr die Zukunft des KMU-Netzwerks gestellt.","og_url":"https:\/\/www.organisator.ch\/it\/gestione-2\/2024-09-05\/svc-mitgliederversammlung-neue-vorstandsmitglieder-und-geschaeftsstelle\/","og_site_name":"Organisator","article_publisher":"https:\/\/www.facebook.com\/OrganisatorFachmagazin","article_published_time":"2024-09-05T05:17:51+00:00","og_image":[{"width":680,"height":453,"url":"https:\/\/www.organisator.ch\/wp-content\/uploads\/2024\/09\/SVC_Bild1_ps.jpg","type":"image\/jpeg"}],"author":"Adelisa Kalajdzini","twitter_card":"summary_large_image","twitter_title":"SVC Mitgliederversammlung: Neue Vorstandsmitglieder und Gesch\u00e4ftsstelle","twitter_description":"An der #SVC #Mitgliederversammlung am 3. September wurden die Weichen f\u00fcr die #Zukunft des #KMU-Netzwerks gestellt.","twitter_image":"https:\/\/www.organisator.ch\/wp-content\/uploads\/2024\/09\/SVC_Bild1_ps.jpg","schema":{"@context":"https:\/\/schema.org","@graph":[{"@type":"Article","@id":"https:\/\/www.organisator.ch\/management\/2024-09-05\/svc-mitgliederversammlung-neue-vorstandsmitglieder-und-geschaeftsstelle\/#article","isPartOf":{"@id":"https:\/\/www.organisator.ch\/management\/2024-09-05\/svc-mitgliederversammlung-neue-vorstandsmitglieder-und-geschaeftsstelle\/"},"author":{"name":"Adelisa Kalajdzini","@id":"https:\/\/www.organisator.ch\/#\/schema\/person\/2e1314a2172123f874db408d8911d3f3"},"headline":"SVC Mitgliederversammlung: Neue Vorstandsmitglieder und Gesch\u00e4ftsstelle","datePublished":"2024-09-05T05:17:51+00:00","mainEntityOfPage":{"@id":"https:\/\/www.organisator.ch\/management\/2024-09-05\/svc-mitgliederversammlung-neue-vorstandsmitglieder-und-geschaeftsstelle\/"},"wordCount":509,"publisher":{"@id":"https:\/\/www.organisator.ch\/#organization"},"image":{"@id":"https:\/\/www.organisator.ch\/management\/2024-09-05\/svc-mitgliederversammlung-neue-vorstandsmitglieder-und-geschaeftsstelle\/#primaryimage"},"thumbnailUrl":"https:\/\/www.organisator.ch\/wp-content\/uploads\/2024\/09\/SVC_Bild1_ps.jpg","keywords":["Management","SVC","Synergien","Unternehmen"],"articleSection":["MANAGEMENT"],"inLanguage":"it-IT"},{"@type":"WebPage","@id":"https:\/\/www.organisator.ch\/management\/2024-09-05\/svc-mitgliederversammlung-neue-vorstandsmitglieder-und-geschaeftsstelle\/","url":"https:\/\/www.organisator.ch\/management\/2024-09-05\/svc-mitgliederversammlung-neue-vorstandsmitglieder-und-geschaeftsstelle\/","name":"Assemblea generale dell'USC: nuovi membri del consiglio e cariche - Organizzatore","isPartOf":{"@id":"https:\/\/www.organisator.ch\/#website"},"primaryImageOfPage":{"@id":"https:\/\/www.organisator.ch\/management\/2024-09-05\/svc-mitgliederversammlung-neue-vorstandsmitglieder-und-geschaeftsstelle\/#primaryimage"},"image":{"@id":"https:\/\/www.organisator.ch\/management\/2024-09-05\/svc-mitgliederversammlung-neue-vorstandsmitglieder-und-geschaeftsstelle\/#primaryimage"},"thumbnailUrl":"https:\/\/www.organisator.ch\/wp-content\/uploads\/2024\/09\/SVC_Bild1_ps.jpg","datePublished":"2024-09-05T05:17:51+00:00","description":"In occasione della riunione dei membri dell'USC del 3 settembre, \u00e8 stata definita la rotta per il futuro della rete di PMI.","breadcrumb":{"@id":"https:\/\/www.organisator.ch\/management\/2024-09-05\/svc-mitgliederversammlung-neue-vorstandsmitglieder-und-geschaeftsstelle\/#breadcrumb"},"inLanguage":"it-IT","potentialAction":[{"@type":"ReadAction","target":["https:\/\/www.organisator.ch\/management\/2024-09-05\/svc-mitgliederversammlung-neue-vorstandsmitglieder-und-geschaeftsstelle\/"]}]},{"@type":"ImageObject","inLanguage":"it-IT","@id":"https:\/\/www.organisator.ch\/management\/2024-09-05\/svc-mitgliederversammlung-neue-vorstandsmitglieder-und-geschaeftsstelle\/#primaryimage","url":"https:\/\/www.organisator.ch\/wp-content\/uploads\/2024\/09\/SVC_Bild1_ps.jpg","contentUrl":"https:\/\/www.organisator.ch\/wp-content\/uploads\/2024\/09\/SVC_Bild1_ps.jpg","width":680,"height":453,"caption":"Impressionen von der Mitgliederversammlung des Swiss Venture Clubs (SVC) 2024. (Bild: SVC\/KEYSTONE\/Manuel Lopez)"},{"@type":"BreadcrumbList","@id":"https:\/\/www.organisator.ch\/management\/2024-09-05\/svc-mitgliederversammlung-neue-vorstandsmitglieder-und-geschaeftsstelle\/#breadcrumb","itemListElement":[{"@type":"ListItem","position":1,"name":"Home","item":"https:\/\/www.organisator.ch\/"},{"@type":"ListItem","position":2,"name":"SVC Mitgliederversammlung: Neue Vorstandsmitglieder und Gesch\u00e4ftsstelle"}]},{"@type":"WebSite","@id":"https:\/\/www.organisator.ch\/#website","url":"https:\/\/www.organisator.ch\/","name":"Organizzatore","description":"Competente. Pratico. In 10 numeri all'anno, ORGANISATOR presenta i temi essenziali per i manager delle PMI.","publisher":{"@id":"https:\/\/www.organisator.ch\/#organization"},"potentialAction":[{"@type":"SearchAction","target":{"@type":"EntryPoint","urlTemplate":"https:\/\/www.organisator.ch\/?s={search_term_string}"},"query-input":{"@type":"PropertyValueSpecification","valueRequired":true,"valueName":"search_term_string"}}],"inLanguage":"it-IT"},{"@type":"Organization","@id":"https:\/\/www.organisator.ch\/#organization","name":"Organizzatore","url":"https:\/\/www.organisator.ch\/","logo":{"@type":"ImageObject","inLanguage":"it-IT","@id":"https:\/\/www.organisator.ch\/#\/schema\/logo\/image\/","url":"https:\/\/www.organisator.ch\/wp-content\/uploads\/2022\/01\/Logo_Organisator_Website.png","contentUrl":"https:\/\/www.organisator.ch\/wp-content\/uploads\/2022\/01\/Logo_Organisator_Website.png","width":800,"height":77,"caption":"Organisator"},"image":{"@id":"https:\/\/www.organisator.ch\/#\/schema\/logo\/image\/"},"sameAs":["https:\/\/www.facebook.com\/OrganisatorFachmagazin","https:\/\/www.linkedin.com\/showcase\/organisator-das-magazin-fr-kmu","https:\/\/www.xing.com\/news\/pages\/organisator-ch-695","https:\/\/www.youtube.com\/channel\/UCGP2Sq0iWaZwT3BdIAQFYpw"]},{"@type":"Person","@id":"https:\/\/www.organisator.ch\/#\/schema\/person\/2e1314a2172123f874db408d8911d3f3","name":"Adelisa Kalajdzini","image":{"@type":"ImageObject","inLanguage":"it-IT","@id":"https:\/\/secure.gravatar.com\/avatar\/09a397c22ac58cad6f160ee8306348599df9df58a8ede73696226897b9fa4b24?s=96&d=mm&r=g","url":"https:\/\/secure.gravatar.com\/avatar\/09a397c22ac58cad6f160ee8306348599df9df58a8ede73696226897b9fa4b24?s=96&d=mm&r=g","contentUrl":"https:\/\/secure.gravatar.com\/avatar\/09a397c22ac58cad6f160ee8306348599df9df58a8ede73696226897b9fa4b24?s=96&d=mm&r=g","caption":"Adelisa Kalajdzini"},"url":"https:\/\/www.organisator.ch\/it\/author\/adelisa-kalajdzini\/"}]}},"_links":{"self":[{"href":"https:\/\/www.organisator.ch\/it\/wp-json\/wp\/v2\/posts\/29549","targetHints":{"allow":["GET"]}}],"collection":[{"href":"https:\/\/www.organisator.ch\/it\/wp-json\/wp\/v2\/posts"}],"about":[{"href":"https:\/\/www.organisator.ch\/it\/wp-json\/wp\/v2\/types\/post"}],"author":[{"embeddable":true,"href":"https:\/\/www.organisator.ch\/it\/wp-json\/wp\/v2\/users\/58"}],"replies":[{"embeddable":true,"href":"https:\/\/www.organisator.ch\/it\/wp-json\/wp\/v2\/comments?post=29549"}],"version-history":[{"count":6,"href":"https:\/\/www.organisator.ch\/it\/wp-json\/wp\/v2\/posts\/29549\/revisions"}],"predecessor-version":[{"id":29616,"href":"https:\/\/www.organisator.ch\/it\/wp-json\/wp\/v2\/posts\/29549\/revisions\/29616"}],"wp:featuredmedia":[{"embeddable":true,"href":"https:\/\/www.organisator.ch\/it\/wp-json\/wp\/v2\/media\/29550"}],"wp:attachment":[{"href":"https:\/\/www.organisator.ch\/it\/wp-json\/wp\/v2\/media?parent=29549"}],"wp:term":[{"taxonomy":"category","embeddable":true,"href":"https:\/\/www.organisator.ch\/it\/wp-json\/wp\/v2\/categories?post=29549"},{"taxonomy":"post_tag","embeddable":true,"href":"https:\/\/www.organisator.ch\/it\/wp-json\/wp\/v2\/tags?post=29549"}],"curies":[{"name":"wp","href":"https:\/\/api.w.org\/{rel}","templated":true}]}}