{"id":29562,"date":"2024-09-05T09:00:24","date_gmt":"2024-09-05T07:00:24","guid":{"rendered":"https:\/\/www.organisator.ch\/?p=29562"},"modified":"2024-09-05T08:27:37","modified_gmt":"2024-09-05T06:27:37","slug":"wechsel-in-der-leitung-von-cablex","status":"publish","type":"post","link":"https:\/\/www.organisator.ch\/it\/management\/2024-09-05\/wechsel-in-der-leitung-von-cablex\/","title":{"rendered":"Cambiamento nella gestione di Cablex"},"content":{"rendered":"<figure id=\"attachment_29564\" aria-describedby=\"caption-attachment-29564\" style=\"width: 680px\" class=\"wp-caption alignnone\"><img loading=\"lazy\" decoding=\"async\" class=\"size-full wp-image-29564\" src=\"https:\/\/www.organisator.ch\/wp-content\/uploads\/2024\/09\/Cablex_Bild1_ps.jpg\" alt=\"\" width=\"680\" height=\"287\" srcset=\"https:\/\/www.organisator.ch\/wp-content\/uploads\/2024\/09\/Cablex_Bild1_ps.jpg 680w, https:\/\/www.organisator.ch\/wp-content\/uploads\/2024\/09\/Cablex_Bild1_ps-18x8.jpg 18w, https:\/\/www.organisator.ch\/wp-content\/uploads\/2024\/09\/Cablex_Bild1_ps-375x158.jpg 375w\" sizes=\"auto, (max-width: 680px) 100vw, 680px\" \/><figcaption id=\"caption-attachment-29564\" class=\"wp-caption-text\">Da sinistra a destra: Roger Keller, Ulrich Sch\u00e4dler e Thomas von Arx. (Immagine: www.cablex.ch)<\/figcaption><\/figure>\n<p>Con Roger Keller, cablex ha un nuovo CEO e un nuovo volto nel consiglio di amministrazione. Roger Keller vanta un'esperienza pluriennale nelle vendite e nella gestione di unit\u00e0 aziendali. Di recente, \u00e8 stato responsabile delle piccole e medie imprese (PMI) presso Swisscom Business Customers, dove insieme al suo team ha sviluppato e attuato con successo la strategia di crescita per il mercato delle tecnologie dell'informazione e della comunicazione.<\/p>\n<p>Roger Keller ha un'esperienza manageriale diversificata in vari settori tecnologici, tra cui Technicolor e Reichle &amp; De-Massari. Ha familiarit\u00e0 con il settore dei progetti, dei servizi e della distribuzione con clienti nazionali e internazionali e vanta molti anni di esperienza nella gestione di aree commerciali nei settori dei sistemi, del software e dei servizi, sia nel settore delle PMI che in quello dei key account. Originario di Argovia, Roger ha vissuto all'estero per diversi anni e ora vive con la sua famiglia nella regione di Zurigo. \u00c8 un ingegnere elettrico laureato presso l'ETH e un Executive MBA HSG e parla correntemente inglese e francese.<\/p>\n<p>Roger Keller sulla nuova sfida: \"Insieme stiamo gettando le basi per l'infrastruttura di domani. Non vedo l'ora di continuare il lavoro gi\u00e0 di successo insieme ai miei colleghi di cablex e di consolidare ulteriormente la posizione di cablex come azienda leader del settore.\"<\/p>\n<p>Urs Lehner, responsabile Clienti commerciali di Swisscom, aggiunge: \"Colgo l'occasione per ringraziare Roger per il suo lavoro di successo nel settore delle PMI di Swisscom e gli auguro il meglio per il futuro\".<\/p>\n<p>Michael Treunter succeder\u00e0 ad interim a Roger Keller come responsabile delle PMI a partire dal 1\u00b0 ottobre 2024. L'attuale CEO ad interim, Francesco Castelletti, supporter\u00e0 Roger Keller durante una fase di transizione e sar\u00e0 poi disponibile in qualit\u00e0 di consulente fino alla fine del 2024 prima di ritirarsi. Il Presidente del Consiglio di Amministrazione, Stefan N\u00fcnlist, ha ringraziato Francesco Castelletti per l'eccellente lavoro svolto in oltre 40 anni di attivit\u00e0 nel Gruppo Swisscom.<\/p>\n<p>Inoltre, Ulrich Sch\u00e4dler entrer\u00e0 a far parte di cablex come nuovo Chief Financial Officer (CFO). Ulrich Sch\u00e4dler porta con s\u00e9 un'esperienza pluriennale nei ranghi di Swisscom e assumer\u00e0 la direzione delle finanze di cablex a partire dal 1\u00b0 gennaio 2025.<\/p>\n<p>Inoltre, Thomas von Arx, che ha diretto ad interim l'unit\u00e0 organizzativa Field Services di cablex, assumer\u00e0 la direzione di questa unit\u00e0 in modo permanente a partire dal 1\u00b0 ottobre 2024, diventando cos\u00ec membro della Direzione generale.<\/p>\n<p>Con questi cambiamenti, cablex \u00e8 pronta ad attuare con successo la strategia aziendale e a continuare ad occupare la posizione di leader in Svizzera per l'infrastruttura di rete, i servizi, l'energia intelligente e la rete wireless.<\/p>\n<p>Il Consiglio di amministrazione ringrazia Francesco Castelletti e Urs Ringgenberg per l'eccellente lavoro svolto e augura a Roger Keller, Ulrich Sch\u00e4dler e Thomas von Arx un grande successo nei loro nuovi ruoli.<\/p>\n<p><em>Fonte: <a href=\"http:\/\/www.cablex.ch\">www.cablex.ch<\/a><\/em><\/p>","protected":false},"excerpt":{"rendered":"<p>Il Consiglio di Amministrazione di cablex AG \u00e8 lieto di annunciare che Roger Keller assumer\u00e0 la direzione dell'azienda in qualit\u00e0 di Chief Executive Officer (CEO) a partire dal 1\u00b0 gennaio 2025. <\/p>","protected":false},"author":58,"featured_media":29564,"comment_status":"closed","ping_status":"closed","sticky":false,"template":"","format":"standard","meta":{"_acf_changed":false,"_yoast_wpseo_focuskw":"Cablex","_yoast_wpseo_metadesc":"Der Verwaltungsrat der cablex AG freut sich, bekanntzugeben, dass Roger Keller ab dem 1. Januar 2025 die Leitung des Unternehmens als CEO \u00fcbernehmen wird.","articlekey":"","footnotes":""},"categories":[28],"tags":[904,335,492],"class_list":["post-29562","post","type-post","status-publish","format-standard","has-post-thumbnail","hentry","category-management","tag-ceo","tag-management-und-unternehmensfuehrung","tag-unternehmen"],"acf":[],"yoast_head":"<!-- This site is optimized with the Yoast SEO plugin v27.4 - https:\/\/yoast.com\/product\/yoast-seo-wordpress\/ -->\n<title>Wechsel in der Leitung von Cablex - Organisator<\/title>\n<meta name=\"description\" content=\"Der Verwaltungsrat der cablex AG freut sich, bekanntzugeben, dass Roger Keller ab dem 1. Januar 2025 die Leitung des Unternehmens als CEO \u00fcbernehmen wird.\" \/>\n<meta name=\"robots\" content=\"index, follow, max-snippet:-1, max-image-preview:large, max-video-preview:-1\" \/>\n<link rel=\"canonical\" href=\"https:\/\/www.organisator.ch\/it\/gestione-2\/2024-09-05\/wechsel-in-der-leitung-von-cablex\/\" \/>\n<meta property=\"og:locale\" content=\"it_IT\" \/>\n<meta property=\"og:type\" content=\"article\" \/>\n<meta property=\"og:title\" content=\"Wechsel in der Leitung von Cablex\" \/>\n<meta property=\"og:description\" content=\"Der Verwaltungsrat der cablex AG freut sich, bekanntzugeben, dass Roger Keller ab dem 1. Januar 2025 die Leitung des Unternehmens als CEO \u00fcbernehmen wird.\" \/>\n<meta property=\"og:url\" content=\"https:\/\/www.organisator.ch\/it\/gestione-2\/2024-09-05\/wechsel-in-der-leitung-von-cablex\/\" \/>\n<meta property=\"og:site_name\" content=\"Organisator\" \/>\n<meta property=\"article:publisher\" content=\"https:\/\/www.facebook.com\/OrganisatorFachmagazin\" \/>\n<meta property=\"article:published_time\" content=\"2024-09-05T07:00:24+00:00\" \/>\n<meta property=\"og:image\" content=\"https:\/\/www.organisator.ch\/wp-content\/uploads\/2024\/09\/Cablex_Bild1_ps.jpg\" \/>\n\t<meta property=\"og:image:width\" content=\"680\" \/>\n\t<meta property=\"og:image:height\" content=\"287\" \/>\n\t<meta property=\"og:image:type\" content=\"image\/jpeg\" \/>\n<meta name=\"author\" content=\"Adelisa Kalajdzini\" \/>\n<meta name=\"twitter:card\" content=\"summary_large_image\" \/>\n<meta name=\"twitter:title\" content=\"Wechsel in der Leitung von Cablex\" \/>\n<meta name=\"twitter:description\" content=\"Der #Verwaltungsrat der #cablex AG freut sich, bekanntzugeben, dass #Roger #Keller ab dem 1. Januar 2025 die Leitung des Unternehmens als #CEO \u00fcbernehmen wird.\" \/>\n<meta name=\"twitter:image\" content=\"https:\/\/www.organisator.ch\/wp-content\/uploads\/2024\/09\/Cablex_Bild1_ps.jpg\" \/>\n<script type=\"application\/ld+json\" class=\"yoast-schema-graph\">{\"@context\":\"https:\\\/\\\/schema.org\",\"@graph\":[{\"@type\":\"Article\",\"@id\":\"https:\\\/\\\/www.organisator.ch\\\/management\\\/2024-09-05\\\/wechsel-in-der-leitung-von-cablex\\\/#article\",\"isPartOf\":{\"@id\":\"https:\\\/\\\/www.organisator.ch\\\/management\\\/2024-09-05\\\/wechsel-in-der-leitung-von-cablex\\\/\"},\"author\":{\"name\":\"Adelisa Kalajdzini\",\"@id\":\"https:\\\/\\\/www.organisator.ch\\\/#\\\/schema\\\/person\\\/2e1314a2172123f874db408d8911d3f3\"},\"headline\":\"Wechsel in der Leitung von Cablex\",\"datePublished\":\"2024-09-05T07:00:24+00:00\",\"mainEntityOfPage\":{\"@id\":\"https:\\\/\\\/www.organisator.ch\\\/management\\\/2024-09-05\\\/wechsel-in-der-leitung-von-cablex\\\/\"},\"wordCount\":500,\"publisher\":{\"@id\":\"https:\\\/\\\/www.organisator.ch\\\/#organization\"},\"image\":{\"@id\":\"https:\\\/\\\/www.organisator.ch\\\/management\\\/2024-09-05\\\/wechsel-in-der-leitung-von-cablex\\\/#primaryimage\"},\"thumbnailUrl\":\"https:\\\/\\\/www.organisator.ch\\\/wp-content\\\/uploads\\\/2024\\\/09\\\/Cablex_Bild1_ps.jpg\",\"keywords\":[\"CEO\",\"Management und Unternehmensf\u00fchrung\",\"Unternehmen\"],\"articleSection\":[\"MANAGEMENT\"],\"inLanguage\":\"it-IT\"},{\"@type\":\"WebPage\",\"@id\":\"https:\\\/\\\/www.organisator.ch\\\/management\\\/2024-09-05\\\/wechsel-in-der-leitung-von-cablex\\\/\",\"url\":\"https:\\\/\\\/www.organisator.ch\\\/management\\\/2024-09-05\\\/wechsel-in-der-leitung-von-cablex\\\/\",\"name\":\"Wechsel in der Leitung von Cablex - Organisator\",\"isPartOf\":{\"@id\":\"https:\\\/\\\/www.organisator.ch\\\/#website\"},\"primaryImageOfPage\":{\"@id\":\"https:\\\/\\\/www.organisator.ch\\\/management\\\/2024-09-05\\\/wechsel-in-der-leitung-von-cablex\\\/#primaryimage\"},\"image\":{\"@id\":\"https:\\\/\\\/www.organisator.ch\\\/management\\\/2024-09-05\\\/wechsel-in-der-leitung-von-cablex\\\/#primaryimage\"},\"thumbnailUrl\":\"https:\\\/\\\/www.organisator.ch\\\/wp-content\\\/uploads\\\/2024\\\/09\\\/Cablex_Bild1_ps.jpg\",\"datePublished\":\"2024-09-05T07:00:24+00:00\",\"description\":\"Der Verwaltungsrat der cablex AG freut sich, bekanntzugeben, dass Roger Keller ab dem 1. Januar 2025 die Leitung des Unternehmens als CEO \u00fcbernehmen wird.\",\"breadcrumb\":{\"@id\":\"https:\\\/\\\/www.organisator.ch\\\/management\\\/2024-09-05\\\/wechsel-in-der-leitung-von-cablex\\\/#breadcrumb\"},\"inLanguage\":\"it-IT\",\"potentialAction\":[{\"@type\":\"ReadAction\",\"target\":[\"https:\\\/\\\/www.organisator.ch\\\/management\\\/2024-09-05\\\/wechsel-in-der-leitung-von-cablex\\\/\"]}]},{\"@type\":\"ImageObject\",\"inLanguage\":\"it-IT\",\"@id\":\"https:\\\/\\\/www.organisator.ch\\\/management\\\/2024-09-05\\\/wechsel-in-der-leitung-von-cablex\\\/#primaryimage\",\"url\":\"https:\\\/\\\/www.organisator.ch\\\/wp-content\\\/uploads\\\/2024\\\/09\\\/Cablex_Bild1_ps.jpg\",\"contentUrl\":\"https:\\\/\\\/www.organisator.ch\\\/wp-content\\\/uploads\\\/2024\\\/09\\\/Cablex_Bild1_ps.jpg\",\"width\":680,\"height\":287,\"caption\":\"Vlnr. Roger Keller, Ulrich Sch\u00e4dler und Thomas von Arx. (Bild: www.cablex.ch)\"},{\"@type\":\"BreadcrumbList\",\"@id\":\"https:\\\/\\\/www.organisator.ch\\\/management\\\/2024-09-05\\\/wechsel-in-der-leitung-von-cablex\\\/#breadcrumb\",\"itemListElement\":[{\"@type\":\"ListItem\",\"position\":1,\"name\":\"Home\",\"item\":\"https:\\\/\\\/www.organisator.ch\\\/\"},{\"@type\":\"ListItem\",\"position\":2,\"name\":\"Wechsel in der Leitung von Cablex\"}]},{\"@type\":\"WebSite\",\"@id\":\"https:\\\/\\\/www.organisator.ch\\\/#website\",\"url\":\"https:\\\/\\\/www.organisator.ch\\\/\",\"name\":\"Organisator\",\"description\":\"Kompetent. Praxisnah. Der ORGANISATOR bereitet in 10 Ausgaben pro Jahr die wesentlichen Themen f\u00fcr F\u00fchrungskr\u00e4fte von KMU auf.\",\"publisher\":{\"@id\":\"https:\\\/\\\/www.organisator.ch\\\/#organization\"},\"potentialAction\":[{\"@type\":\"SearchAction\",\"target\":{\"@type\":\"EntryPoint\",\"urlTemplate\":\"https:\\\/\\\/www.organisator.ch\\\/?s={search_term_string}\"},\"query-input\":{\"@type\":\"PropertyValueSpecification\",\"valueRequired\":true,\"valueName\":\"search_term_string\"}}],\"inLanguage\":\"it-IT\"},{\"@type\":\"Organization\",\"@id\":\"https:\\\/\\\/www.organisator.ch\\\/#organization\",\"name\":\"Organisator\",\"url\":\"https:\\\/\\\/www.organisator.ch\\\/\",\"logo\":{\"@type\":\"ImageObject\",\"inLanguage\":\"it-IT\",\"@id\":\"https:\\\/\\\/www.organisator.ch\\\/#\\\/schema\\\/logo\\\/image\\\/\",\"url\":\"https:\\\/\\\/www.organisator.ch\\\/wp-content\\\/uploads\\\/2022\\\/01\\\/Logo_Organisator_Website.png\",\"contentUrl\":\"https:\\\/\\\/www.organisator.ch\\\/wp-content\\\/uploads\\\/2022\\\/01\\\/Logo_Organisator_Website.png\",\"width\":800,\"height\":77,\"caption\":\"Organisator\"},\"image\":{\"@id\":\"https:\\\/\\\/www.organisator.ch\\\/#\\\/schema\\\/logo\\\/image\\\/\"},\"sameAs\":[\"https:\\\/\\\/www.facebook.com\\\/OrganisatorFachmagazin\",\"https:\\\/\\\/www.linkedin.com\\\/showcase\\\/organisator-das-magazin-fr-kmu\",\"https:\\\/\\\/www.xing.com\\\/news\\\/pages\\\/organisator-ch-695\",\"https:\\\/\\\/www.youtube.com\\\/channel\\\/UCGP2Sq0iWaZwT3BdIAQFYpw\"]},{\"@type\":\"Person\",\"@id\":\"https:\\\/\\\/www.organisator.ch\\\/#\\\/schema\\\/person\\\/2e1314a2172123f874db408d8911d3f3\",\"name\":\"Adelisa Kalajdzini\",\"image\":{\"@type\":\"ImageObject\",\"inLanguage\":\"it-IT\",\"@id\":\"https:\\\/\\\/secure.gravatar.com\\\/avatar\\\/09a397c22ac58cad6f160ee8306348599df9df58a8ede73696226897b9fa4b24?s=96&d=mm&r=g\",\"url\":\"https:\\\/\\\/secure.gravatar.com\\\/avatar\\\/09a397c22ac58cad6f160ee8306348599df9df58a8ede73696226897b9fa4b24?s=96&d=mm&r=g\",\"contentUrl\":\"https:\\\/\\\/secure.gravatar.com\\\/avatar\\\/09a397c22ac58cad6f160ee8306348599df9df58a8ede73696226897b9fa4b24?s=96&d=mm&r=g\",\"caption\":\"Adelisa Kalajdzini\"},\"url\":\"https:\\\/\\\/www.organisator.ch\\\/it\\\/author\\\/adelisa-kalajdzini\\\/\"}]}<\/script>\n<!-- \/ Yoast SEO plugin. -->","yoast_head_json":{"title":"Cambiamento nella gestione di Cablex - Organizzatore","description":"Il Consiglio di amministrazione di cablex AG \u00e8 lieto di annunciare che Roger Keller assumer\u00e0 la direzione dell'azienda come CEO a partire dal 1\u00b0 gennaio 2025.","robots":{"index":"index","follow":"follow","max-snippet":"max-snippet:-1","max-image-preview":"max-image-preview:large","max-video-preview":"max-video-preview:-1"},"canonical":"https:\/\/www.organisator.ch\/it\/gestione-2\/2024-09-05\/wechsel-in-der-leitung-von-cablex\/","og_locale":"it_IT","og_type":"article","og_title":"Wechsel in der Leitung von Cablex","og_description":"Der Verwaltungsrat der cablex AG freut sich, bekanntzugeben, dass Roger Keller ab dem 1. Januar 2025 die Leitung des Unternehmens als CEO \u00fcbernehmen wird.","og_url":"https:\/\/www.organisator.ch\/it\/gestione-2\/2024-09-05\/wechsel-in-der-leitung-von-cablex\/","og_site_name":"Organisator","article_publisher":"https:\/\/www.facebook.com\/OrganisatorFachmagazin","article_published_time":"2024-09-05T07:00:24+00:00","og_image":[{"width":680,"height":287,"url":"https:\/\/www.organisator.ch\/wp-content\/uploads\/2024\/09\/Cablex_Bild1_ps.jpg","type":"image\/jpeg"}],"author":"Adelisa Kalajdzini","twitter_card":"summary_large_image","twitter_title":"Wechsel in der Leitung von Cablex","twitter_description":"Der #Verwaltungsrat der #cablex AG freut sich, bekanntzugeben, dass #Roger #Keller ab dem 1. Januar 2025 die Leitung des Unternehmens als #CEO \u00fcbernehmen wird.","twitter_image":"https:\/\/www.organisator.ch\/wp-content\/uploads\/2024\/09\/Cablex_Bild1_ps.jpg","schema":{"@context":"https:\/\/schema.org","@graph":[{"@type":"Article","@id":"https:\/\/www.organisator.ch\/management\/2024-09-05\/wechsel-in-der-leitung-von-cablex\/#article","isPartOf":{"@id":"https:\/\/www.organisator.ch\/management\/2024-09-05\/wechsel-in-der-leitung-von-cablex\/"},"author":{"name":"Adelisa Kalajdzini","@id":"https:\/\/www.organisator.ch\/#\/schema\/person\/2e1314a2172123f874db408d8911d3f3"},"headline":"Wechsel in der Leitung von Cablex","datePublished":"2024-09-05T07:00:24+00:00","mainEntityOfPage":{"@id":"https:\/\/www.organisator.ch\/management\/2024-09-05\/wechsel-in-der-leitung-von-cablex\/"},"wordCount":500,"publisher":{"@id":"https:\/\/www.organisator.ch\/#organization"},"image":{"@id":"https:\/\/www.organisator.ch\/management\/2024-09-05\/wechsel-in-der-leitung-von-cablex\/#primaryimage"},"thumbnailUrl":"https:\/\/www.organisator.ch\/wp-content\/uploads\/2024\/09\/Cablex_Bild1_ps.jpg","keywords":["CEO","Management und Unternehmensf\u00fchrung","Unternehmen"],"articleSection":["MANAGEMENT"],"inLanguage":"it-IT"},{"@type":"WebPage","@id":"https:\/\/www.organisator.ch\/management\/2024-09-05\/wechsel-in-der-leitung-von-cablex\/","url":"https:\/\/www.organisator.ch\/management\/2024-09-05\/wechsel-in-der-leitung-von-cablex\/","name":"Cambiamento nella gestione di Cablex - Organizzatore","isPartOf":{"@id":"https:\/\/www.organisator.ch\/#website"},"primaryImageOfPage":{"@id":"https:\/\/www.organisator.ch\/management\/2024-09-05\/wechsel-in-der-leitung-von-cablex\/#primaryimage"},"image":{"@id":"https:\/\/www.organisator.ch\/management\/2024-09-05\/wechsel-in-der-leitung-von-cablex\/#primaryimage"},"thumbnailUrl":"https:\/\/www.organisator.ch\/wp-content\/uploads\/2024\/09\/Cablex_Bild1_ps.jpg","datePublished":"2024-09-05T07:00:24+00:00","description":"Il Consiglio di amministrazione di cablex AG \u00e8 lieto di annunciare che Roger Keller assumer\u00e0 la direzione dell'azienda come CEO a partire dal 1\u00b0 gennaio 2025.","breadcrumb":{"@id":"https:\/\/www.organisator.ch\/management\/2024-09-05\/wechsel-in-der-leitung-von-cablex\/#breadcrumb"},"inLanguage":"it-IT","potentialAction":[{"@type":"ReadAction","target":["https:\/\/www.organisator.ch\/management\/2024-09-05\/wechsel-in-der-leitung-von-cablex\/"]}]},{"@type":"ImageObject","inLanguage":"it-IT","@id":"https:\/\/www.organisator.ch\/management\/2024-09-05\/wechsel-in-der-leitung-von-cablex\/#primaryimage","url":"https:\/\/www.organisator.ch\/wp-content\/uploads\/2024\/09\/Cablex_Bild1_ps.jpg","contentUrl":"https:\/\/www.organisator.ch\/wp-content\/uploads\/2024\/09\/Cablex_Bild1_ps.jpg","width":680,"height":287,"caption":"Vlnr. Roger Keller, Ulrich Sch\u00e4dler und Thomas von Arx. (Bild: www.cablex.ch)"},{"@type":"BreadcrumbList","@id":"https:\/\/www.organisator.ch\/management\/2024-09-05\/wechsel-in-der-leitung-von-cablex\/#breadcrumb","itemListElement":[{"@type":"ListItem","position":1,"name":"Home","item":"https:\/\/www.organisator.ch\/"},{"@type":"ListItem","position":2,"name":"Wechsel in der Leitung von Cablex"}]},{"@type":"WebSite","@id":"https:\/\/www.organisator.ch\/#website","url":"https:\/\/www.organisator.ch\/","name":"Organizzatore","description":"Competente. Pratico. In 10 numeri all'anno, ORGANISATOR presenta i temi essenziali per i manager delle PMI.","publisher":{"@id":"https:\/\/www.organisator.ch\/#organization"},"potentialAction":[{"@type":"SearchAction","target":{"@type":"EntryPoint","urlTemplate":"https:\/\/www.organisator.ch\/?s={search_term_string}"},"query-input":{"@type":"PropertyValueSpecification","valueRequired":true,"valueName":"search_term_string"}}],"inLanguage":"it-IT"},{"@type":"Organization","@id":"https:\/\/www.organisator.ch\/#organization","name":"Organizzatore","url":"https:\/\/www.organisator.ch\/","logo":{"@type":"ImageObject","inLanguage":"it-IT","@id":"https:\/\/www.organisator.ch\/#\/schema\/logo\/image\/","url":"https:\/\/www.organisator.ch\/wp-content\/uploads\/2022\/01\/Logo_Organisator_Website.png","contentUrl":"https:\/\/www.organisator.ch\/wp-content\/uploads\/2022\/01\/Logo_Organisator_Website.png","width":800,"height":77,"caption":"Organisator"},"image":{"@id":"https:\/\/www.organisator.ch\/#\/schema\/logo\/image\/"},"sameAs":["https:\/\/www.facebook.com\/OrganisatorFachmagazin","https:\/\/www.linkedin.com\/showcase\/organisator-das-magazin-fr-kmu","https:\/\/www.xing.com\/news\/pages\/organisator-ch-695","https:\/\/www.youtube.com\/channel\/UCGP2Sq0iWaZwT3BdIAQFYpw"]},{"@type":"Person","@id":"https:\/\/www.organisator.ch\/#\/schema\/person\/2e1314a2172123f874db408d8911d3f3","name":"Adelisa Kalajdzini","image":{"@type":"ImageObject","inLanguage":"it-IT","@id":"https:\/\/secure.gravatar.com\/avatar\/09a397c22ac58cad6f160ee8306348599df9df58a8ede73696226897b9fa4b24?s=96&d=mm&r=g","url":"https:\/\/secure.gravatar.com\/avatar\/09a397c22ac58cad6f160ee8306348599df9df58a8ede73696226897b9fa4b24?s=96&d=mm&r=g","contentUrl":"https:\/\/secure.gravatar.com\/avatar\/09a397c22ac58cad6f160ee8306348599df9df58a8ede73696226897b9fa4b24?s=96&d=mm&r=g","caption":"Adelisa Kalajdzini"},"url":"https:\/\/www.organisator.ch\/it\/author\/adelisa-kalajdzini\/"}]}},"_links":{"self":[{"href":"https:\/\/www.organisator.ch\/it\/wp-json\/wp\/v2\/posts\/29562","targetHints":{"allow":["GET"]}}],"collection":[{"href":"https:\/\/www.organisator.ch\/it\/wp-json\/wp\/v2\/posts"}],"about":[{"href":"https:\/\/www.organisator.ch\/it\/wp-json\/wp\/v2\/types\/post"}],"author":[{"embeddable":true,"href":"https:\/\/www.organisator.ch\/it\/wp-json\/wp\/v2\/users\/58"}],"replies":[{"embeddable":true,"href":"https:\/\/www.organisator.ch\/it\/wp-json\/wp\/v2\/comments?post=29562"}],"version-history":[{"count":7,"href":"https:\/\/www.organisator.ch\/it\/wp-json\/wp\/v2\/posts\/29562\/revisions"}],"predecessor-version":[{"id":29614,"href":"https:\/\/www.organisator.ch\/it\/wp-json\/wp\/v2\/posts\/29562\/revisions\/29614"}],"wp:featuredmedia":[{"embeddable":true,"href":"https:\/\/www.organisator.ch\/it\/wp-json\/wp\/v2\/media\/29564"}],"wp:attachment":[{"href":"https:\/\/www.organisator.ch\/it\/wp-json\/wp\/v2\/media?parent=29562"}],"wp:term":[{"taxonomy":"category","embeddable":true,"href":"https:\/\/www.organisator.ch\/it\/wp-json\/wp\/v2\/categories?post=29562"},{"taxonomy":"post_tag","embeddable":true,"href":"https:\/\/www.organisator.ch\/it\/wp-json\/wp\/v2\/tags?post=29562"}],"curies":[{"name":"wp","href":"https:\/\/api.w.org\/{rel}","templated":true}]}}