{"id":29582,"date":"2024-09-06T07:30:48","date_gmt":"2024-09-06T05:30:48","guid":{"rendered":"https:\/\/www.organisator.ch\/?p=29582"},"modified":"2024-09-06T07:30:48","modified_gmt":"2024-09-06T05:30:48","slug":"agrotec-suisse-steigende-lehrlingszahlen-und-zufriedenheit","status":"publish","type":"post","link":"https:\/\/www.organisator.ch\/it\/weiterbildung\/2024-09-06\/agrotec-suisse-steigende-lehrlingszahlen-und-zufriedenheit\/","title":{"rendered":"Agrotec Suisse: Aumento del numero di apprendisti e della loro soddisfazione"},"content":{"rendered":"<figure id=\"attachment_29584\" aria-describedby=\"caption-attachment-29584\" style=\"width: 680px\" class=\"wp-caption alignnone\"><img loading=\"lazy\" decoding=\"async\" class=\"size-full wp-image-29584\" src=\"https:\/\/www.organisator.ch\/wp-content\/uploads\/2024\/09\/Agrotec-Suisse_Bild1_ps.jpg\" alt=\"\" width=\"680\" height=\"454\" srcset=\"https:\/\/www.organisator.ch\/wp-content\/uploads\/2024\/09\/Agrotec-Suisse_Bild1_ps.jpg 680w, https:\/\/www.organisator.ch\/wp-content\/uploads\/2024\/09\/Agrotec-Suisse_Bild1_ps-18x12.jpg 18w, https:\/\/www.organisator.ch\/wp-content\/uploads\/2024\/09\/Agrotec-Suisse_Bild1_ps-375x250.jpg 375w, https:\/\/www.organisator.ch\/wp-content\/uploads\/2024\/09\/Agrotec-Suisse_Bild1_ps-524x350.jpg 524w\" sizes=\"auto, (max-width: 680px) 100vw, 680px\" \/><figcaption id=\"caption-attachment-29584\" class=\"wp-caption-text\">Il diagramma mostra quali aspetti sono stati valutati e che, in media, gli studenti sono soddisfatti in tutte le aree. (Immagine: www.agrotecsuisse.ch\/Mark Latzel)<\/figcaption><\/figure>\n<p>Agrotec Suisse ha recentemente analizzato i risultati del sondaggio sugli apprendisti 2024. Al sondaggio hanno partecipato 285 apprendisti del quarto anno. Per contestualizzare il dato, un totale di 431 apprendisti ha sostenuto gli esami finali del processo di qualificazione che si svolger\u00e0 successivamente. Ci\u00f2 significa che 66 % di coloro che stanno completando gli esami finali nelle professioni di meccanico agricolo, meccanico edile e meccanico di utensili elettrici hanno partecipato al sondaggio.<\/p>\n<p>Gli apprendisti hanno risposto a domande su come hanno scelto il loro apprendistato, se l'apprendistato ha soddisfatto le loro aspettative e quali sono i loro progetti dopo la laurea. I risultati sono molto positivi per il settore e forniscono indicazioni preziose per ottimizzare ulteriormente la formazione e il reclutamento di nuovi apprendisti.<\/p>\n<h3><strong>La met\u00e0 rimane in azienda <\/strong><\/h3>\n<p>Particolarmente soddisfacente \u00e8 il fatto che circa la met\u00e0 degli apprendisti intervistati sapeva gi\u00e0 prima di completare l'apprendistato che avrebbe continuato a lavorare presso l'azienda di formazione. Ci\u00f2 sottolinea la fiducia degli apprendisti nel settore e nelle loro aziende di formazione. Solo circa 17 % hanno dichiarato di voler cambiare settore di lavoro. Uno dei motivi per cui molti giovani professionisti rimangono con la loro azienda di formazione potrebbe essere che la maggior parte di essi \u00e8 ampiamente soddisfatta delle sue prestazioni.<\/p>\n<figure id=\"attachment_29583\" aria-describedby=\"caption-attachment-29583\" style=\"width: 680px\" class=\"wp-caption alignnone\"><img loading=\"lazy\" decoding=\"async\" class=\"size-full wp-image-29583\" src=\"https:\/\/www.organisator.ch\/wp-content\/uploads\/2024\/09\/Agrotec-Suisse_Bild2_ps.jpg\" alt=\"\" width=\"680\" height=\"328\" srcset=\"https:\/\/www.organisator.ch\/wp-content\/uploads\/2024\/09\/Agrotec-Suisse_Bild2_ps.jpg 680w, https:\/\/www.organisator.ch\/wp-content\/uploads\/2024\/09\/Agrotec-Suisse_Bild2_ps-18x9.jpg 18w, https:\/\/www.organisator.ch\/wp-content\/uploads\/2024\/09\/Agrotec-Suisse_Bild2_ps-375x181.jpg 375w\" sizes=\"auto, (max-width: 680px) 100vw, 680px\" \/><figcaption id=\"caption-attachment-29583\" class=\"wp-caption-text\">Il diagramma mostra quali aspetti sono stati valutati e che, in media, gli studenti sono soddisfatti in tutte le aree. (Immagine: www.agrotecsuisse.ch)<\/figcaption><\/figure>\n<p>Tuttavia, questi risultati sono in contrasto con l'esperienza di molte aziende, che hanno difficolt\u00e0 a trovare manodopera qualificata. Si pu\u00f2 quindi ipotizzare che la migrazione verso altri settori avvenga solo qualche tempo dopo il completamento dell'apprendistato.<\/p>\n<h3><strong>La scuola professionale \u00e8 \"impegnativa\" per gli studenti <\/strong><\/h3>\n<p>Nel contesto della revisione dell'istruzione di base, si dice spesso che gli studenti non soddisfano (o non soddisfano pi\u00f9) i requisiti. Tuttavia, i discenti stessi danno un giudizio diverso: solo 6 % giudicano le lezioni all'istituto professionale \"troppo impegnative\". La maggioranza considera le lezioni \"impegnative\" (61 %) o \"giuste\" (23 %). Ci\u00f2 indica che il livello della scuola professionale \u00e8 impegnativo ma adeguato. I corsi interaziendali sono stati valutati ancora pi\u00f9 positivamente. Tuttavia, la met\u00e0 degli intervistati vorrebbe giorni in pi\u00f9 per questi corsi.<\/p>\n<h3><strong>Le fiere sono ancora molto importanti per la scelta della carriera <\/strong><\/h3>\n<p>Una cosa \u00e8 avere apprendisti soddisfatti, un'altra \u00e8 coprire i posti di apprendistato vacanti. Gli ultimi anni hanno dimostrato che l'offerta di apprendisti \u00e8 spesso superiore alla domanda a causa dei bassi tassi di natalit\u00e0, soprattutto nei mestieri specializzati. Agrotec Suisse si trova nella posizione favorevole di continuare a registrare un aumento del numero di apprendisti. Tuttavia, alla luce degli attuali sviluppi demografici e sociali, diventa sempre pi\u00f9 difficile trovare apprendisti validi nel settore dell'ingegneria agricola. \u00c8 quindi essenziale impostare ora la rotta per una forte promozione dei giovani talenti. Un dato importante emerso dall'indagine \u00e8 che, al momento di scegliere una carriera, gli apprendisti hanno prestato maggiore attenzione alla pubblicit\u00e0 sui social media e, subito dopo, alle fiere della carriera.<\/p>\n<h3><strong>Il livello interpersonale \u00e8 fondamentale <\/strong><\/h3>\n<p>Non appena la scelta professionale diventa pi\u00f9 concreta, l'apprendistato di prova e le discussioni con i familiari giocano un ruolo decisivo. Una buona esperienza durante l'apprendistato di prova si rivela particolarmente importante. Dal punto di vista degli apprendisti, il team \u00e8 il fattore pi\u00f9 importante nella scelta finale dell'azienda di formazione. Seguono l'immagine dell'azienda e la vicinanza al luogo di residenza.<\/p>\n<p>Il feedback complessivamente molto positivo sulla soddisfazione dei tirocinanti conferma l'alta qualit\u00e0 dei programmi di formazione. Agrotec Suisse sottolineer\u00e0 i dati positivi nelle future misure di comunicazione e utilizzer\u00e0 i nuovi risultati per ottimizzare ulteriormente le condizioni di formazione e la comunicazione con i giovani.\u00a0<\/p>\n<p><em>Fonte: <a href=\"http:\/\/www.agrotecsuisse.ch\">www.agrotecsuisse.ch<\/a><\/em><\/p>","protected":false},"excerpt":{"rendered":"<p>I problemi di reclutamento di giovani talenti sono un problema per molti mestieri specializzati. In questo contesto, le professioni di meccanico di macchine agricole, di macchine edili e di elettroutensili rappresentano un'eccezione: l'associazione Agrotec Suisse \u00e8 nella posizione favorevole di registrare un leggero aumento del numero di apprendisti. Inoltre, l'ultimo sondaggio condotto tra gli apprendisti mostra un notevole livello di soddisfazione per il programma di formazione.<\/p>","protected":false},"author":58,"featured_media":29584,"comment_status":"closed","ping_status":"closed","sticky":false,"template":"","format":"standard","meta":{"_acf_changed":false,"_yoast_wpseo_focuskw":"Agrotec Suisse","_yoast_wpseo_metadesc":"Der Verband Agrotec Suisse befindet sich in der vorteilhaften Lage einen leichten Anstieg der Lernendenzahlen zu verzeichnen.","articlekey":"","footnotes":""},"categories":[30],"tags":[62,4461,487,492],"class_list":["post-29582","post","type-post","status-publish","format-standard","has-post-thumbnail","hentry","category-weiterbildung","tag-aus-weiterbildung","tag-lernende","tag-umfrage","tag-unternehmen"],"acf":[],"yoast_head":"<!-- This site is optimized with the Yoast SEO plugin v27.4 - https:\/\/yoast.com\/product\/yoast-seo-wordpress\/ -->\n<title>Agrotec Suisse: Steigende Lehrlingszahlen und Zufriedenheit - Organisator<\/title>\n<meta name=\"description\" content=\"Der Verband Agrotec Suisse befindet sich in der vorteilhaften Lage einen leichten Anstieg der Lernendenzahlen zu verzeichnen.\" \/>\n<meta name=\"robots\" content=\"index, follow, max-snippet:-1, max-image-preview:large, max-video-preview:-1\" \/>\n<link rel=\"canonical\" href=\"https:\/\/www.organisator.ch\/it\/formazione-continua\/2024-09-06\/agrotec-suisse-steigende-lehrlingszahlen-und-zufriedenheit\/\" \/>\n<meta property=\"og:locale\" content=\"it_IT\" \/>\n<meta property=\"og:type\" content=\"article\" \/>\n<meta property=\"og:title\" content=\"Agrotec Suisse: Steigende Lehrlingszahlen und Zufriedenheit\" \/>\n<meta property=\"og:description\" content=\"Der Verband Agrotec Suisse befindet sich in der vorteilhaften Lage einen leichten Anstieg der Lernendenzahlen zu verzeichnen.\" \/>\n<meta property=\"og:url\" content=\"https:\/\/www.organisator.ch\/it\/formazione-continua\/2024-09-06\/agrotec-suisse-steigende-lehrlingszahlen-und-zufriedenheit\/\" \/>\n<meta property=\"og:site_name\" content=\"Organisator\" \/>\n<meta property=\"article:publisher\" content=\"https:\/\/www.facebook.com\/OrganisatorFachmagazin\" \/>\n<meta property=\"article:published_time\" content=\"2024-09-06T05:30:48+00:00\" \/>\n<meta property=\"og:image\" content=\"https:\/\/www.organisator.ch\/wp-content\/uploads\/2024\/09\/Agrotec-Suisse_Bild1_ps.jpg\" \/>\n\t<meta property=\"og:image:width\" content=\"680\" \/>\n\t<meta property=\"og:image:height\" content=\"454\" \/>\n\t<meta property=\"og:image:type\" content=\"image\/jpeg\" \/>\n<meta name=\"author\" content=\"Adelisa Kalajdzini\" \/>\n<meta name=\"twitter:card\" content=\"summary_large_image\" \/>\n<meta name=\"twitter:title\" content=\"Agrotec Suisse: Steigende Lehrlingszahlen und Zufriedenheit\" \/>\n<meta name=\"twitter:description\" content=\"Der #Verband #Agrotec #Suisse befindet sich in der vorteilhaften Lage einen leichten #Anstieg der #Lernendenzahlen zu verzeichnen.\" \/>\n<meta name=\"twitter:image\" content=\"https:\/\/www.organisator.ch\/wp-content\/uploads\/2024\/09\/Agrotec-Suisse_Bild1_ps.jpg\" \/>\n<script type=\"application\/ld+json\" class=\"yoast-schema-graph\">{\"@context\":\"https:\\\/\\\/schema.org\",\"@graph\":[{\"@type\":\"Article\",\"@id\":\"https:\\\/\\\/www.organisator.ch\\\/weiterbildung\\\/2024-09-06\\\/agrotec-suisse-steigende-lehrlingszahlen-und-zufriedenheit\\\/#article\",\"isPartOf\":{\"@id\":\"https:\\\/\\\/www.organisator.ch\\\/weiterbildung\\\/2024-09-06\\\/agrotec-suisse-steigende-lehrlingszahlen-und-zufriedenheit\\\/\"},\"author\":{\"name\":\"Adelisa Kalajdzini\",\"@id\":\"https:\\\/\\\/www.organisator.ch\\\/#\\\/schema\\\/person\\\/2e1314a2172123f874db408d8911d3f3\"},\"headline\":\"Agrotec Suisse: Steigende Lehrlingszahlen und Zufriedenheit\",\"datePublished\":\"2024-09-06T05:30:48+00:00\",\"mainEntityOfPage\":{\"@id\":\"https:\\\/\\\/www.organisator.ch\\\/weiterbildung\\\/2024-09-06\\\/agrotec-suisse-steigende-lehrlingszahlen-und-zufriedenheit\\\/\"},\"wordCount\":611,\"publisher\":{\"@id\":\"https:\\\/\\\/www.organisator.ch\\\/#organization\"},\"image\":{\"@id\":\"https:\\\/\\\/www.organisator.ch\\\/weiterbildung\\\/2024-09-06\\\/agrotec-suisse-steigende-lehrlingszahlen-und-zufriedenheit\\\/#primaryimage\"},\"thumbnailUrl\":\"https:\\\/\\\/www.organisator.ch\\\/wp-content\\\/uploads\\\/2024\\\/09\\\/Agrotec-Suisse_Bild1_ps.jpg\",\"keywords\":[\"Aus-\\\/Weiterbildung\",\"Lernende\",\"Umfrage\",\"Unternehmen\"],\"articleSection\":[\"WEITERBILDUNG\"],\"inLanguage\":\"it-IT\"},{\"@type\":\"WebPage\",\"@id\":\"https:\\\/\\\/www.organisator.ch\\\/weiterbildung\\\/2024-09-06\\\/agrotec-suisse-steigende-lehrlingszahlen-und-zufriedenheit\\\/\",\"url\":\"https:\\\/\\\/www.organisator.ch\\\/weiterbildung\\\/2024-09-06\\\/agrotec-suisse-steigende-lehrlingszahlen-und-zufriedenheit\\\/\",\"name\":\"Agrotec Suisse: Steigende Lehrlingszahlen und Zufriedenheit - Organisator\",\"isPartOf\":{\"@id\":\"https:\\\/\\\/www.organisator.ch\\\/#website\"},\"primaryImageOfPage\":{\"@id\":\"https:\\\/\\\/www.organisator.ch\\\/weiterbildung\\\/2024-09-06\\\/agrotec-suisse-steigende-lehrlingszahlen-und-zufriedenheit\\\/#primaryimage\"},\"image\":{\"@id\":\"https:\\\/\\\/www.organisator.ch\\\/weiterbildung\\\/2024-09-06\\\/agrotec-suisse-steigende-lehrlingszahlen-und-zufriedenheit\\\/#primaryimage\"},\"thumbnailUrl\":\"https:\\\/\\\/www.organisator.ch\\\/wp-content\\\/uploads\\\/2024\\\/09\\\/Agrotec-Suisse_Bild1_ps.jpg\",\"datePublished\":\"2024-09-06T05:30:48+00:00\",\"description\":\"Der Verband Agrotec Suisse befindet sich in der vorteilhaften Lage einen leichten Anstieg der Lernendenzahlen zu verzeichnen.\",\"breadcrumb\":{\"@id\":\"https:\\\/\\\/www.organisator.ch\\\/weiterbildung\\\/2024-09-06\\\/agrotec-suisse-steigende-lehrlingszahlen-und-zufriedenheit\\\/#breadcrumb\"},\"inLanguage\":\"it-IT\",\"potentialAction\":[{\"@type\":\"ReadAction\",\"target\":[\"https:\\\/\\\/www.organisator.ch\\\/weiterbildung\\\/2024-09-06\\\/agrotec-suisse-steigende-lehrlingszahlen-und-zufriedenheit\\\/\"]}]},{\"@type\":\"ImageObject\",\"inLanguage\":\"it-IT\",\"@id\":\"https:\\\/\\\/www.organisator.ch\\\/weiterbildung\\\/2024-09-06\\\/agrotec-suisse-steigende-lehrlingszahlen-und-zufriedenheit\\\/#primaryimage\",\"url\":\"https:\\\/\\\/www.organisator.ch\\\/wp-content\\\/uploads\\\/2024\\\/09\\\/Agrotec-Suisse_Bild1_ps.jpg\",\"contentUrl\":\"https:\\\/\\\/www.organisator.ch\\\/wp-content\\\/uploads\\\/2024\\\/09\\\/Agrotec-Suisse_Bild1_ps.jpg\",\"width\":680,\"height\":454,\"caption\":\"Die Darstellung zeigt, welche Aspekte bewertet wurden und dass die Lernenden im Durchschnitt in allen Bereichen zufrieden sind. (Bild: www.agrotecsuisse.ch\\\/Mark Latzel)\"},{\"@type\":\"BreadcrumbList\",\"@id\":\"https:\\\/\\\/www.organisator.ch\\\/weiterbildung\\\/2024-09-06\\\/agrotec-suisse-steigende-lehrlingszahlen-und-zufriedenheit\\\/#breadcrumb\",\"itemListElement\":[{\"@type\":\"ListItem\",\"position\":1,\"name\":\"Home\",\"item\":\"https:\\\/\\\/www.organisator.ch\\\/\"},{\"@type\":\"ListItem\",\"position\":2,\"name\":\"Agrotec Suisse: Steigende Lehrlingszahlen und Zufriedenheit\"}]},{\"@type\":\"WebSite\",\"@id\":\"https:\\\/\\\/www.organisator.ch\\\/#website\",\"url\":\"https:\\\/\\\/www.organisator.ch\\\/\",\"name\":\"Organisator\",\"description\":\"Kompetent. Praxisnah. Der ORGANISATOR bereitet in 10 Ausgaben pro Jahr die wesentlichen Themen f\u00fcr F\u00fchrungskr\u00e4fte von KMU auf.\",\"publisher\":{\"@id\":\"https:\\\/\\\/www.organisator.ch\\\/#organization\"},\"potentialAction\":[{\"@type\":\"SearchAction\",\"target\":{\"@type\":\"EntryPoint\",\"urlTemplate\":\"https:\\\/\\\/www.organisator.ch\\\/?s={search_term_string}\"},\"query-input\":{\"@type\":\"PropertyValueSpecification\",\"valueRequired\":true,\"valueName\":\"search_term_string\"}}],\"inLanguage\":\"it-IT\"},{\"@type\":\"Organization\",\"@id\":\"https:\\\/\\\/www.organisator.ch\\\/#organization\",\"name\":\"Organisator\",\"url\":\"https:\\\/\\\/www.organisator.ch\\\/\",\"logo\":{\"@type\":\"ImageObject\",\"inLanguage\":\"it-IT\",\"@id\":\"https:\\\/\\\/www.organisator.ch\\\/#\\\/schema\\\/logo\\\/image\\\/\",\"url\":\"https:\\\/\\\/www.organisator.ch\\\/wp-content\\\/uploads\\\/2022\\\/01\\\/Logo_Organisator_Website.png\",\"contentUrl\":\"https:\\\/\\\/www.organisator.ch\\\/wp-content\\\/uploads\\\/2022\\\/01\\\/Logo_Organisator_Website.png\",\"width\":800,\"height\":77,\"caption\":\"Organisator\"},\"image\":{\"@id\":\"https:\\\/\\\/www.organisator.ch\\\/#\\\/schema\\\/logo\\\/image\\\/\"},\"sameAs\":[\"https:\\\/\\\/www.facebook.com\\\/OrganisatorFachmagazin\",\"https:\\\/\\\/www.linkedin.com\\\/showcase\\\/organisator-das-magazin-fr-kmu\",\"https:\\\/\\\/www.xing.com\\\/news\\\/pages\\\/organisator-ch-695\",\"https:\\\/\\\/www.youtube.com\\\/channel\\\/UCGP2Sq0iWaZwT3BdIAQFYpw\"]},{\"@type\":\"Person\",\"@id\":\"https:\\\/\\\/www.organisator.ch\\\/#\\\/schema\\\/person\\\/2e1314a2172123f874db408d8911d3f3\",\"name\":\"Adelisa Kalajdzini\",\"image\":{\"@type\":\"ImageObject\",\"inLanguage\":\"it-IT\",\"@id\":\"https:\\\/\\\/secure.gravatar.com\\\/avatar\\\/09a397c22ac58cad6f160ee8306348599df9df58a8ede73696226897b9fa4b24?s=96&d=mm&r=g\",\"url\":\"https:\\\/\\\/secure.gravatar.com\\\/avatar\\\/09a397c22ac58cad6f160ee8306348599df9df58a8ede73696226897b9fa4b24?s=96&d=mm&r=g\",\"contentUrl\":\"https:\\\/\\\/secure.gravatar.com\\\/avatar\\\/09a397c22ac58cad6f160ee8306348599df9df58a8ede73696226897b9fa4b24?s=96&d=mm&r=g\",\"caption\":\"Adelisa Kalajdzini\"},\"url\":\"https:\\\/\\\/www.organisator.ch\\\/it\\\/author\\\/adelisa-kalajdzini\\\/\"}]}<\/script>\n<!-- \/ Yoast SEO plugin. -->","yoast_head_json":{"title":"Agrotec Suisse: Aumento del numero di apprendisti e della loro soddisfazione - Organizzatore","description":"L'associazione Agrotec Suisse si trova nella posizione favorevole di registrare un leggero aumento del numero di apprendisti.","robots":{"index":"index","follow":"follow","max-snippet":"max-snippet:-1","max-image-preview":"max-image-preview:large","max-video-preview":"max-video-preview:-1"},"canonical":"https:\/\/www.organisator.ch\/it\/formazione-continua\/2024-09-06\/agrotec-suisse-steigende-lehrlingszahlen-und-zufriedenheit\/","og_locale":"it_IT","og_type":"article","og_title":"Agrotec Suisse: Steigende Lehrlingszahlen und Zufriedenheit","og_description":"Der Verband Agrotec Suisse befindet sich in der vorteilhaften Lage einen leichten Anstieg der Lernendenzahlen zu verzeichnen.","og_url":"https:\/\/www.organisator.ch\/it\/formazione-continua\/2024-09-06\/agrotec-suisse-steigende-lehrlingszahlen-und-zufriedenheit\/","og_site_name":"Organisator","article_publisher":"https:\/\/www.facebook.com\/OrganisatorFachmagazin","article_published_time":"2024-09-06T05:30:48+00:00","og_image":[{"width":680,"height":454,"url":"https:\/\/www.organisator.ch\/wp-content\/uploads\/2024\/09\/Agrotec-Suisse_Bild1_ps.jpg","type":"image\/jpeg"}],"author":"Adelisa Kalajdzini","twitter_card":"summary_large_image","twitter_title":"Agrotec Suisse: Steigende Lehrlingszahlen und Zufriedenheit","twitter_description":"Der #Verband #Agrotec #Suisse befindet sich in der vorteilhaften Lage einen leichten #Anstieg der #Lernendenzahlen zu verzeichnen.","twitter_image":"https:\/\/www.organisator.ch\/wp-content\/uploads\/2024\/09\/Agrotec-Suisse_Bild1_ps.jpg","schema":{"@context":"https:\/\/schema.org","@graph":[{"@type":"Article","@id":"https:\/\/www.organisator.ch\/weiterbildung\/2024-09-06\/agrotec-suisse-steigende-lehrlingszahlen-und-zufriedenheit\/#article","isPartOf":{"@id":"https:\/\/www.organisator.ch\/weiterbildung\/2024-09-06\/agrotec-suisse-steigende-lehrlingszahlen-und-zufriedenheit\/"},"author":{"name":"Adelisa Kalajdzini","@id":"https:\/\/www.organisator.ch\/#\/schema\/person\/2e1314a2172123f874db408d8911d3f3"},"headline":"Agrotec Suisse: Steigende Lehrlingszahlen und Zufriedenheit","datePublished":"2024-09-06T05:30:48+00:00","mainEntityOfPage":{"@id":"https:\/\/www.organisator.ch\/weiterbildung\/2024-09-06\/agrotec-suisse-steigende-lehrlingszahlen-und-zufriedenheit\/"},"wordCount":611,"publisher":{"@id":"https:\/\/www.organisator.ch\/#organization"},"image":{"@id":"https:\/\/www.organisator.ch\/weiterbildung\/2024-09-06\/agrotec-suisse-steigende-lehrlingszahlen-und-zufriedenheit\/#primaryimage"},"thumbnailUrl":"https:\/\/www.organisator.ch\/wp-content\/uploads\/2024\/09\/Agrotec-Suisse_Bild1_ps.jpg","keywords":["Aus-\/Weiterbildung","Lernende","Umfrage","Unternehmen"],"articleSection":["WEITERBILDUNG"],"inLanguage":"it-IT"},{"@type":"WebPage","@id":"https:\/\/www.organisator.ch\/weiterbildung\/2024-09-06\/agrotec-suisse-steigende-lehrlingszahlen-und-zufriedenheit\/","url":"https:\/\/www.organisator.ch\/weiterbildung\/2024-09-06\/agrotec-suisse-steigende-lehrlingszahlen-und-zufriedenheit\/","name":"Agrotec Suisse: Aumento del numero di apprendisti e della loro soddisfazione - Organizzatore","isPartOf":{"@id":"https:\/\/www.organisator.ch\/#website"},"primaryImageOfPage":{"@id":"https:\/\/www.organisator.ch\/weiterbildung\/2024-09-06\/agrotec-suisse-steigende-lehrlingszahlen-und-zufriedenheit\/#primaryimage"},"image":{"@id":"https:\/\/www.organisator.ch\/weiterbildung\/2024-09-06\/agrotec-suisse-steigende-lehrlingszahlen-und-zufriedenheit\/#primaryimage"},"thumbnailUrl":"https:\/\/www.organisator.ch\/wp-content\/uploads\/2024\/09\/Agrotec-Suisse_Bild1_ps.jpg","datePublished":"2024-09-06T05:30:48+00:00","description":"L'associazione Agrotec Suisse si trova nella posizione favorevole di registrare un leggero aumento del numero di apprendisti.","breadcrumb":{"@id":"https:\/\/www.organisator.ch\/weiterbildung\/2024-09-06\/agrotec-suisse-steigende-lehrlingszahlen-und-zufriedenheit\/#breadcrumb"},"inLanguage":"it-IT","potentialAction":[{"@type":"ReadAction","target":["https:\/\/www.organisator.ch\/weiterbildung\/2024-09-06\/agrotec-suisse-steigende-lehrlingszahlen-und-zufriedenheit\/"]}]},{"@type":"ImageObject","inLanguage":"it-IT","@id":"https:\/\/www.organisator.ch\/weiterbildung\/2024-09-06\/agrotec-suisse-steigende-lehrlingszahlen-und-zufriedenheit\/#primaryimage","url":"https:\/\/www.organisator.ch\/wp-content\/uploads\/2024\/09\/Agrotec-Suisse_Bild1_ps.jpg","contentUrl":"https:\/\/www.organisator.ch\/wp-content\/uploads\/2024\/09\/Agrotec-Suisse_Bild1_ps.jpg","width":680,"height":454,"caption":"Die Darstellung zeigt, welche Aspekte bewertet wurden und dass die Lernenden im Durchschnitt in allen Bereichen zufrieden sind. (Bild: www.agrotecsuisse.ch\/Mark Latzel)"},{"@type":"BreadcrumbList","@id":"https:\/\/www.organisator.ch\/weiterbildung\/2024-09-06\/agrotec-suisse-steigende-lehrlingszahlen-und-zufriedenheit\/#breadcrumb","itemListElement":[{"@type":"ListItem","position":1,"name":"Home","item":"https:\/\/www.organisator.ch\/"},{"@type":"ListItem","position":2,"name":"Agrotec Suisse: Steigende Lehrlingszahlen und Zufriedenheit"}]},{"@type":"WebSite","@id":"https:\/\/www.organisator.ch\/#website","url":"https:\/\/www.organisator.ch\/","name":"Organizzatore","description":"Competente. Pratico. In 10 numeri all'anno, ORGANISATOR presenta i temi essenziali per i manager delle PMI.","publisher":{"@id":"https:\/\/www.organisator.ch\/#organization"},"potentialAction":[{"@type":"SearchAction","target":{"@type":"EntryPoint","urlTemplate":"https:\/\/www.organisator.ch\/?s={search_term_string}"},"query-input":{"@type":"PropertyValueSpecification","valueRequired":true,"valueName":"search_term_string"}}],"inLanguage":"it-IT"},{"@type":"Organization","@id":"https:\/\/www.organisator.ch\/#organization","name":"Organizzatore","url":"https:\/\/www.organisator.ch\/","logo":{"@type":"ImageObject","inLanguage":"it-IT","@id":"https:\/\/www.organisator.ch\/#\/schema\/logo\/image\/","url":"https:\/\/www.organisator.ch\/wp-content\/uploads\/2022\/01\/Logo_Organisator_Website.png","contentUrl":"https:\/\/www.organisator.ch\/wp-content\/uploads\/2022\/01\/Logo_Organisator_Website.png","width":800,"height":77,"caption":"Organisator"},"image":{"@id":"https:\/\/www.organisator.ch\/#\/schema\/logo\/image\/"},"sameAs":["https:\/\/www.facebook.com\/OrganisatorFachmagazin","https:\/\/www.linkedin.com\/showcase\/organisator-das-magazin-fr-kmu","https:\/\/www.xing.com\/news\/pages\/organisator-ch-695","https:\/\/www.youtube.com\/channel\/UCGP2Sq0iWaZwT3BdIAQFYpw"]},{"@type":"Person","@id":"https:\/\/www.organisator.ch\/#\/schema\/person\/2e1314a2172123f874db408d8911d3f3","name":"Adelisa Kalajdzini","image":{"@type":"ImageObject","inLanguage":"it-IT","@id":"https:\/\/secure.gravatar.com\/avatar\/09a397c22ac58cad6f160ee8306348599df9df58a8ede73696226897b9fa4b24?s=96&d=mm&r=g","url":"https:\/\/secure.gravatar.com\/avatar\/09a397c22ac58cad6f160ee8306348599df9df58a8ede73696226897b9fa4b24?s=96&d=mm&r=g","contentUrl":"https:\/\/secure.gravatar.com\/avatar\/09a397c22ac58cad6f160ee8306348599df9df58a8ede73696226897b9fa4b24?s=96&d=mm&r=g","caption":"Adelisa Kalajdzini"},"url":"https:\/\/www.organisator.ch\/it\/author\/adelisa-kalajdzini\/"}]}},"_links":{"self":[{"href":"https:\/\/www.organisator.ch\/it\/wp-json\/wp\/v2\/posts\/29582","targetHints":{"allow":["GET"]}}],"collection":[{"href":"https:\/\/www.organisator.ch\/it\/wp-json\/wp\/v2\/posts"}],"about":[{"href":"https:\/\/www.organisator.ch\/it\/wp-json\/wp\/v2\/types\/post"}],"author":[{"embeddable":true,"href":"https:\/\/www.organisator.ch\/it\/wp-json\/wp\/v2\/users\/58"}],"replies":[{"embeddable":true,"href":"https:\/\/www.organisator.ch\/it\/wp-json\/wp\/v2\/comments?post=29582"}],"version-history":[{"count":4,"href":"https:\/\/www.organisator.ch\/it\/wp-json\/wp\/v2\/posts\/29582\/revisions"}],"predecessor-version":[{"id":29631,"href":"https:\/\/www.organisator.ch\/it\/wp-json\/wp\/v2\/posts\/29582\/revisions\/29631"}],"wp:featuredmedia":[{"embeddable":true,"href":"https:\/\/www.organisator.ch\/it\/wp-json\/wp\/v2\/media\/29584"}],"wp:attachment":[{"href":"https:\/\/www.organisator.ch\/it\/wp-json\/wp\/v2\/media?parent=29582"}],"wp:term":[{"taxonomy":"category","embeddable":true,"href":"https:\/\/www.organisator.ch\/it\/wp-json\/wp\/v2\/categories?post=29582"},{"taxonomy":"post_tag","embeddable":true,"href":"https:\/\/www.organisator.ch\/it\/wp-json\/wp\/v2\/tags?post=29582"}],"curies":[{"name":"wp","href":"https:\/\/api.w.org\/{rel}","templated":true}]}}