{"id":29586,"date":"2024-09-06T04:40:48","date_gmt":"2024-09-06T02:40:48","guid":{"rendered":"https:\/\/www.markt-kom.com\/?p=222833"},"modified":"2024-11-08T11:48:59","modified_gmt":"2024-11-08T10:48:59","slug":"ein-guter-zeitpunkt-fuer-neue-themenfonds-jetzt","status":"publish","type":"post","link":"https:\/\/www.organisator.ch\/it\/marketing\/2024-09-06\/ein-guter-zeitpunkt-fuer-neue-themenfonds-jetzt\/","title":{"rendered":"\"\u00c8 un buon momento per i nuovi fondi tematici\"."},"content":{"rendered":"<p><img class=\"alignnone wp-image-222880 size-full\" src=\"https:\/\/www.markt-kom.com\/wp-content\/uploads\/2024\/09\/Swisscanto_Header.png\" alt=\"Fondi tematici\" width=\"2016\" height=\"941\" \/><\/p>\r\n<p class=\"p1\">A settembre Swisscanto amplier\u00e0 la sua gamma di fondi con tre nuovi fondi tematici sostenibili \"Economia circolare\", \"Economia digitale\" e \"Longevit\u00e0 sana\", che andranno ad aggiungersi ai fondi sostenibili \"Acqua\" e \"Clima\", gi\u00e0 da tempo apprezzati dai clienti. Secondo un comunicato stampa, con \"100% Swiss made Asset Management\" Swisscanto intende rafforzare il proprio posizionamento come fornitore di fondi a gestione attiva e soluzioni previdenziali innovative e ad alto rendimento. I fondi tematici si concentrano ciascuno su investimenti in aziende con opportunit\u00e0 di crescita superiori alla media che affrontano un problema di sostenibilit\u00e0 e possono quindi \"contribuire a un domani migliore\".<\/p>\r\n<p class=\"p1\">Insieme a TBWA, \u00e8 stato sviluppato per Swisscanto, in collaborazione con la Z\u00fcrcher Kantonalbank, un nuovo concetto ombrello creativo per la comunicazione di vari segmenti di prodotto, applicabile a diversi mercati nazionali. A seguito di questa base strategica, \u00e8 stata sviluppata una nuova campagna B2B\/C per il lancio di nuovi fondi tematici. Il risultato \u00e8 costituito da cinque soggetti con personalit\u00e0 diverse, ognuno dei quali compie un passo simbolico in un ambiente adatto al fondo e pone la domanda: \"Perch\u00e9 non ora?\". Da settembre, questi soggetti possono essere visti su vari canali mediatici, oltre che come fotogrammi in movimento per la sponsorizzazione del programma televisivo \"SRF B\u00f6rse\".<\/p>\r\n<p><img class=\"alignnone wp-image-222881 size-full\" src=\"https:\/\/www.markt-kom.com\/wp-content\/uploads\/2024\/09\/Swisscanto_Bild2.png\" alt=\"\" width=\"1408\" height=\"996\" \/><\/p>\r\n<h3 class=\"p1\"><b>\"Luci spente\" per il lancio della campagna di finanziamento a tema Swisscanto<\/b><\/h3>\r\n<p class=\"p1\">Webrepublic ha sviluppato una strategia mediatica personalizzata basata su un'analisi specifica dei gruppi target. Ci\u00f2 consente di posizionare in modo ottimale i messaggi di Swisscanto nei mercati target rilevanti di Svizzera, Germania e Italia lungo le varie fasi del funnel di vendita. Un'attenzione particolare \u00e8 rivolta ai canali digitali come LinkedIn e alle principali piattaforme di notizie nel settore finanziario ed economico. Il media mix \u00e8 completato dai rapporti di Publi, che vengono pubblicati in tutti e tre i mercati nazionali per massimizzare la portata. Z\u00fcrcher Kantonalbank \u00e8 stata supportata da blish nell'editing delle immagini, nella progettazione del layout e nella creazione del materiale pubblicitario.<\/p>\r\n<p class=\"p1\">Un punto culminante della campagna \u00e8 la trovata mediatica all'inizio della campagna: nell'ambito della \"Notte della Terra\", venerd\u00ec 6 settembre, le luci saranno spente a beneficio dell'ambiente. Swisscanto ha accompagnato questa campagna e ha oscurato le principali piattaforme commerciali in Svizzera, Germania e Italia con i Brand Days.<\/p>\r\n<p class=\"p1\">Allo stesso tempo, Swisscanto sta facendo scalpore con una trovata sociale creativa che sar\u00e0 pubblicata su LinkedIn in tutti e tre i Paesi a met\u00e0 settembre, con l'obiettivo di posizionare Swisscanto come attore innovativo e sostenibile nel settore dei fondi. Grazie alla CGI (Computer Generated Imagery), l'edificio principale della Z\u00fcrcher Kantonalbank sulla Paradeplatz si trasforma virtualmente in un'oasi di fiori colorati - una metafora di grande effetto all'insegna del motto \"Far fiorire il portafoglio e l'ambiente\". Swisscanto utilizza una grande creativit\u00e0 per enfatizzare in modo giocoso il tema della sostenibilit\u00e0.<\/p>\r\n<hr \/>\r\n<p class=\"p1\"><b>Responsabile presso la Z\u00fcrcher Kantonalbank (campagna):<\/b> Jan-Hendrik V\u00f6lker-Albert, Melania Molinari, Bernhard Gschwandtner, Dominik Streich, Sandro Moccetti. <b>Responsabile presso la TBWA di Zurigo (creazione):<\/b> Manuel Wenzel, Angelo Sciullo, Naomi Gulla, Selina Engeli, Claudia Sigg, Sina Gelin, Toni Rubera. <b>Responsabile presso TBWA VIDO (produzione):<\/b> Stefanie Bereiter, Domenico Catena, Fabrice Studer, Maurice Haas. <b>Responsabile presso Webrepublic (Media):<\/b> Amanda Possa, Kevin Haab, Sandra Fischer, Andrea Giovanoli, Javier Sanchez, Chiara Naunheim, Beatrice Krischan. <b>Responsabile di blish (realizzazione):<\/b> Jlona Kopf, Jana Weber, Fabrizio Rutishauser, Rebecca Gerritsen, Jessica Kottmeyer, Roman Aebi, Martin Sautter, Jasmin Knecht.<\/p>","protected":false},"excerpt":{"rendered":"<p>Swisscanto si posiziona come leader di mercato e tematico per i fondi tematici sostenibili con un'ambiziosa campagna di lancio. Dall'inizio di settembre il marchio di prodotti Swisscanto si presenta in una nuova veste.<\/p>","protected":false},"author":8,"featured_media":0,"comment_status":"closed","ping_status":"closed","sticky":false,"template":"","format":"standard","meta":{"_acf_changed":false,"_yoast_wpseo_focuskw":"Themenfonds","_yoast_wpseo_metadesc":"Swisscanto lanciert drei neue nachhaltige Themenfonds: Circular Economy, Digital Economy und Healthy Longevity.","articlekey":"","footnotes":""},"categories":[29],"tags":[4462,3197,4343,4463,3422,4464,2837,2605,4465],"class_list":["post-29586","post","type-post","status-publish","format-standard","hentry","category-marketing","tag-blish","tag-kampagnen","tag-markom","tag-swisscanto","tag-tbwa-vido","tag-tbwazuerich","tag-webrepublic","tag-zkb","tag-zuercher-kantonalbank"],"acf":[],"yoast_head":"<!-- This site is optimized with the Yoast SEO plugin v27.4 - https:\/\/yoast.com\/product\/yoast-seo-wordpress\/ -->\n<title>\u00abEin guter Zeitpunkt f\u00fcr neue Themenfonds: Jetzt.\u00bb - Organisator<\/title>\n<meta name=\"description\" content=\"Swisscanto lanciert drei neue nachhaltige Themenfonds: Circular Economy, Digital Economy und Healthy Longevity.\" \/>\n<meta name=\"robots\" content=\"index, follow, max-snippet:-1, max-image-preview:large, max-video-preview:-1\" \/>\n<link rel=\"canonical\" href=\"https:\/\/www.organisator.ch\/it\/marketing\/2024-09-06\/ein-guter-zeitpunkt-fuer-neue-themenfonds-jetzt\/\" \/>\n<meta property=\"og:locale\" content=\"it_IT\" \/>\n<meta property=\"og:type\" content=\"article\" \/>\n<meta property=\"og:title\" content=\"\u00abEin guter Zeitpunkt f\u00fcr neue Themenfonds: Jetzt.\u00bb - Organisator\" \/>\n<meta property=\"og:description\" content=\"Swisscanto lanciert drei neue nachhaltige Themenfonds: Circular Economy, Digital Economy und Healthy Longevity.\" \/>\n<meta property=\"og:url\" content=\"https:\/\/www.organisator.ch\/it\/marketing\/2024-09-06\/ein-guter-zeitpunkt-fuer-neue-themenfonds-jetzt\/\" \/>\n<meta property=\"og:site_name\" content=\"Organisator\" \/>\n<meta property=\"article:publisher\" content=\"https:\/\/www.facebook.com\/OrganisatorFachmagazin\" \/>\n<meta property=\"article:published_time\" content=\"2024-09-06T02:40:48+00:00\" \/>\n<meta property=\"article:modified_time\" content=\"2024-11-08T10:48:59+00:00\" \/>\n<meta property=\"og:image\" content=\"https:\/\/www.markt-kom.com\/wp-content\/uploads\/2024\/09\/Swisscanto_Header.png\" \/>\n<meta name=\"author\" content=\"galledia\" \/>\n<meta name=\"twitter:card\" content=\"summary_large_image\" \/>\n<meta name=\"twitter:creator\" content=\"@admin\" \/>\n<script type=\"application\/ld+json\" class=\"yoast-schema-graph\">{\"@context\":\"https:\\\/\\\/schema.org\",\"@graph\":[{\"@type\":\"Article\",\"@id\":\"https:\\\/\\\/www.organisator.ch\\\/marketing\\\/2024-09-06\\\/ein-guter-zeitpunkt-fuer-neue-themenfonds-jetzt\\\/#article\",\"isPartOf\":{\"@id\":\"https:\\\/\\\/www.organisator.ch\\\/marketing\\\/2024-09-06\\\/ein-guter-zeitpunkt-fuer-neue-themenfonds-jetzt\\\/\"},\"author\":{\"name\":\"galledia\",\"@id\":\"https:\\\/\\\/www.organisator.ch\\\/#\\\/schema\\\/person\\\/4e51799071cd2dd1232ac003643ef5f0\"},\"headline\":\"\u00abEin guter Zeitpunkt f\u00fcr neue Themenfonds: Jetzt.\u00bb\",\"datePublished\":\"2024-09-06T02:40:48+00:00\",\"dateModified\":\"2024-11-08T10:48:59+00:00\",\"mainEntityOfPage\":{\"@id\":\"https:\\\/\\\/www.organisator.ch\\\/marketing\\\/2024-09-06\\\/ein-guter-zeitpunkt-fuer-neue-themenfonds-jetzt\\\/\"},\"wordCount\":532,\"publisher\":{\"@id\":\"https:\\\/\\\/www.organisator.ch\\\/#organization\"},\"image\":{\"@id\":\"https:\\\/\\\/www.organisator.ch\\\/marketing\\\/2024-09-06\\\/ein-guter-zeitpunkt-fuer-neue-themenfonds-jetzt\\\/#primaryimage\"},\"thumbnailUrl\":\"https:\\\/\\\/www.markt-kom.com\\\/wp-content\\\/uploads\\\/2024\\\/09\\\/Swisscanto_Header.png\",\"keywords\":[\"Blish\",\"Kampagnen\",\"MarKom\",\"Swisscanto\",\"TBWA Vido\",\"TBWAZ\u00fcrich\",\"Webrepublic\",\"ZKB\",\"Z\u00fcrcher Kantonalbank\"],\"articleSection\":[\"MARKETING\"],\"inLanguage\":\"it-IT\"},{\"@type\":\"WebPage\",\"@id\":\"https:\\\/\\\/www.organisator.ch\\\/marketing\\\/2024-09-06\\\/ein-guter-zeitpunkt-fuer-neue-themenfonds-jetzt\\\/\",\"url\":\"https:\\\/\\\/www.organisator.ch\\\/marketing\\\/2024-09-06\\\/ein-guter-zeitpunkt-fuer-neue-themenfonds-jetzt\\\/\",\"name\":\"\u00abEin guter Zeitpunkt f\u00fcr neue Themenfonds: Jetzt.\u00bb - Organisator\",\"isPartOf\":{\"@id\":\"https:\\\/\\\/www.organisator.ch\\\/#website\"},\"primaryImageOfPage\":{\"@id\":\"https:\\\/\\\/www.organisator.ch\\\/marketing\\\/2024-09-06\\\/ein-guter-zeitpunkt-fuer-neue-themenfonds-jetzt\\\/#primaryimage\"},\"image\":{\"@id\":\"https:\\\/\\\/www.organisator.ch\\\/marketing\\\/2024-09-06\\\/ein-guter-zeitpunkt-fuer-neue-themenfonds-jetzt\\\/#primaryimage\"},\"thumbnailUrl\":\"https:\\\/\\\/www.markt-kom.com\\\/wp-content\\\/uploads\\\/2024\\\/09\\\/Swisscanto_Header.png\",\"datePublished\":\"2024-09-06T02:40:48+00:00\",\"dateModified\":\"2024-11-08T10:48:59+00:00\",\"description\":\"Swisscanto lanciert drei neue nachhaltige Themenfonds: Circular Economy, Digital Economy und Healthy Longevity.\",\"breadcrumb\":{\"@id\":\"https:\\\/\\\/www.organisator.ch\\\/marketing\\\/2024-09-06\\\/ein-guter-zeitpunkt-fuer-neue-themenfonds-jetzt\\\/#breadcrumb\"},\"inLanguage\":\"it-IT\",\"potentialAction\":[{\"@type\":\"ReadAction\",\"target\":[\"https:\\\/\\\/www.organisator.ch\\\/marketing\\\/2024-09-06\\\/ein-guter-zeitpunkt-fuer-neue-themenfonds-jetzt\\\/\"]}]},{\"@type\":\"ImageObject\",\"inLanguage\":\"it-IT\",\"@id\":\"https:\\\/\\\/www.organisator.ch\\\/marketing\\\/2024-09-06\\\/ein-guter-zeitpunkt-fuer-neue-themenfonds-jetzt\\\/#primaryimage\",\"url\":\"https:\\\/\\\/www.markt-kom.com\\\/wp-content\\\/uploads\\\/2024\\\/09\\\/Swisscanto_Header.png\",\"contentUrl\":\"https:\\\/\\\/www.markt-kom.com\\\/wp-content\\\/uploads\\\/2024\\\/09\\\/Swisscanto_Header.png\"},{\"@type\":\"BreadcrumbList\",\"@id\":\"https:\\\/\\\/www.organisator.ch\\\/marketing\\\/2024-09-06\\\/ein-guter-zeitpunkt-fuer-neue-themenfonds-jetzt\\\/#breadcrumb\",\"itemListElement\":[{\"@type\":\"ListItem\",\"position\":1,\"name\":\"Home\",\"item\":\"https:\\\/\\\/www.organisator.ch\\\/\"},{\"@type\":\"ListItem\",\"position\":2,\"name\":\"\u00abEin guter Zeitpunkt f\u00fcr neue Themenfonds: Jetzt.\u00bb\"}]},{\"@type\":\"WebSite\",\"@id\":\"https:\\\/\\\/www.organisator.ch\\\/#website\",\"url\":\"https:\\\/\\\/www.organisator.ch\\\/\",\"name\":\"Organisator\",\"description\":\"Kompetent. Praxisnah. Der ORGANISATOR bereitet in 10 Ausgaben pro Jahr die wesentlichen Themen f\u00fcr F\u00fchrungskr\u00e4fte von KMU auf.\",\"publisher\":{\"@id\":\"https:\\\/\\\/www.organisator.ch\\\/#organization\"},\"potentialAction\":[{\"@type\":\"SearchAction\",\"target\":{\"@type\":\"EntryPoint\",\"urlTemplate\":\"https:\\\/\\\/www.organisator.ch\\\/?s={search_term_string}\"},\"query-input\":{\"@type\":\"PropertyValueSpecification\",\"valueRequired\":true,\"valueName\":\"search_term_string\"}}],\"inLanguage\":\"it-IT\"},{\"@type\":\"Organization\",\"@id\":\"https:\\\/\\\/www.organisator.ch\\\/#organization\",\"name\":\"Organisator\",\"url\":\"https:\\\/\\\/www.organisator.ch\\\/\",\"logo\":{\"@type\":\"ImageObject\",\"inLanguage\":\"it-IT\",\"@id\":\"https:\\\/\\\/www.organisator.ch\\\/#\\\/schema\\\/logo\\\/image\\\/\",\"url\":\"https:\\\/\\\/www.organisator.ch\\\/wp-content\\\/uploads\\\/2022\\\/01\\\/Logo_Organisator_Website.png\",\"contentUrl\":\"https:\\\/\\\/www.organisator.ch\\\/wp-content\\\/uploads\\\/2022\\\/01\\\/Logo_Organisator_Website.png\",\"width\":800,\"height\":77,\"caption\":\"Organisator\"},\"image\":{\"@id\":\"https:\\\/\\\/www.organisator.ch\\\/#\\\/schema\\\/logo\\\/image\\\/\"},\"sameAs\":[\"https:\\\/\\\/www.facebook.com\\\/OrganisatorFachmagazin\",\"https:\\\/\\\/www.linkedin.com\\\/showcase\\\/organisator-das-magazin-fr-kmu\",\"https:\\\/\\\/www.xing.com\\\/news\\\/pages\\\/organisator-ch-695\",\"https:\\\/\\\/www.youtube.com\\\/channel\\\/UCGP2Sq0iWaZwT3BdIAQFYpw\"]},{\"@type\":\"Person\",\"@id\":\"https:\\\/\\\/www.organisator.ch\\\/#\\\/schema\\\/person\\\/4e51799071cd2dd1232ac003643ef5f0\",\"name\":\"galledia\",\"image\":{\"@type\":\"ImageObject\",\"inLanguage\":\"it-IT\",\"@id\":\"https:\\\/\\\/secure.gravatar.com\\\/avatar\\\/78a7f90c01fc2bfc875782a0d4922b37cde2cf184ce347b91316d23cd7f69a36?s=96&d=mm&r=g\",\"url\":\"https:\\\/\\\/secure.gravatar.com\\\/avatar\\\/78a7f90c01fc2bfc875782a0d4922b37cde2cf184ce347b91316d23cd7f69a36?s=96&d=mm&r=g\",\"contentUrl\":\"https:\\\/\\\/secure.gravatar.com\\\/avatar\\\/78a7f90c01fc2bfc875782a0d4922b37cde2cf184ce347b91316d23cd7f69a36?s=96&d=mm&r=g\",\"caption\":\"galledia\"},\"sameAs\":[\"https:\\\/\\\/x.com\\\/admin\"],\"url\":\"https:\\\/\\\/www.organisator.ch\\\/it\\\/author\\\/galledia\\\/\"}]}<\/script>\n<!-- \/ Yoast SEO plugin. -->","yoast_head_json":{"title":"\"Un buon momento per i nuovi fondi tematici: ora\". - Organizzatore","description":"Swisscanto lancia tre nuovi fondi tematici sostenibili: Circular Economy, Digital Economy e Healthy Longevity.","robots":{"index":"index","follow":"follow","max-snippet":"max-snippet:-1","max-image-preview":"max-image-preview:large","max-video-preview":"max-video-preview:-1"},"canonical":"https:\/\/www.organisator.ch\/it\/marketing\/2024-09-06\/ein-guter-zeitpunkt-fuer-neue-themenfonds-jetzt\/","og_locale":"it_IT","og_type":"article","og_title":"\u00abEin guter Zeitpunkt f\u00fcr neue Themenfonds: Jetzt.\u00bb - Organisator","og_description":"Swisscanto lanciert drei neue nachhaltige Themenfonds: Circular Economy, Digital Economy und Healthy Longevity.","og_url":"https:\/\/www.organisator.ch\/it\/marketing\/2024-09-06\/ein-guter-zeitpunkt-fuer-neue-themenfonds-jetzt\/","og_site_name":"Organisator","article_publisher":"https:\/\/www.facebook.com\/OrganisatorFachmagazin","article_published_time":"2024-09-06T02:40:48+00:00","article_modified_time":"2024-11-08T10:48:59+00:00","og_image":[{"url":"https:\/\/www.markt-kom.com\/wp-content\/uploads\/2024\/09\/Swisscanto_Header.png","type":"","width":"","height":""}],"author":"galledia","twitter_card":"summary_large_image","twitter_creator":"@admin","schema":{"@context":"https:\/\/schema.org","@graph":[{"@type":"Article","@id":"https:\/\/www.organisator.ch\/marketing\/2024-09-06\/ein-guter-zeitpunkt-fuer-neue-themenfonds-jetzt\/#article","isPartOf":{"@id":"https:\/\/www.organisator.ch\/marketing\/2024-09-06\/ein-guter-zeitpunkt-fuer-neue-themenfonds-jetzt\/"},"author":{"name":"galledia","@id":"https:\/\/www.organisator.ch\/#\/schema\/person\/4e51799071cd2dd1232ac003643ef5f0"},"headline":"\u00abEin guter Zeitpunkt f\u00fcr neue Themenfonds: Jetzt.\u00bb","datePublished":"2024-09-06T02:40:48+00:00","dateModified":"2024-11-08T10:48:59+00:00","mainEntityOfPage":{"@id":"https:\/\/www.organisator.ch\/marketing\/2024-09-06\/ein-guter-zeitpunkt-fuer-neue-themenfonds-jetzt\/"},"wordCount":532,"publisher":{"@id":"https:\/\/www.organisator.ch\/#organization"},"image":{"@id":"https:\/\/www.organisator.ch\/marketing\/2024-09-06\/ein-guter-zeitpunkt-fuer-neue-themenfonds-jetzt\/#primaryimage"},"thumbnailUrl":"https:\/\/www.markt-kom.com\/wp-content\/uploads\/2024\/09\/Swisscanto_Header.png","keywords":["Blish","Kampagnen","MarKom","Swisscanto","TBWA Vido","TBWAZ\u00fcrich","Webrepublic","ZKB","Z\u00fcrcher Kantonalbank"],"articleSection":["MARKETING"],"inLanguage":"it-IT"},{"@type":"WebPage","@id":"https:\/\/www.organisator.ch\/marketing\/2024-09-06\/ein-guter-zeitpunkt-fuer-neue-themenfonds-jetzt\/","url":"https:\/\/www.organisator.ch\/marketing\/2024-09-06\/ein-guter-zeitpunkt-fuer-neue-themenfonds-jetzt\/","name":"\"Un buon momento per i nuovi fondi tematici: ora\". - Organizzatore","isPartOf":{"@id":"https:\/\/www.organisator.ch\/#website"},"primaryImageOfPage":{"@id":"https:\/\/www.organisator.ch\/marketing\/2024-09-06\/ein-guter-zeitpunkt-fuer-neue-themenfonds-jetzt\/#primaryimage"},"image":{"@id":"https:\/\/www.organisator.ch\/marketing\/2024-09-06\/ein-guter-zeitpunkt-fuer-neue-themenfonds-jetzt\/#primaryimage"},"thumbnailUrl":"https:\/\/www.markt-kom.com\/wp-content\/uploads\/2024\/09\/Swisscanto_Header.png","datePublished":"2024-09-06T02:40:48+00:00","dateModified":"2024-11-08T10:48:59+00:00","description":"Swisscanto lancia tre nuovi fondi tematici sostenibili: Circular Economy, Digital Economy e Healthy Longevity.","breadcrumb":{"@id":"https:\/\/www.organisator.ch\/marketing\/2024-09-06\/ein-guter-zeitpunkt-fuer-neue-themenfonds-jetzt\/#breadcrumb"},"inLanguage":"it-IT","potentialAction":[{"@type":"ReadAction","target":["https:\/\/www.organisator.ch\/marketing\/2024-09-06\/ein-guter-zeitpunkt-fuer-neue-themenfonds-jetzt\/"]}]},{"@type":"ImageObject","inLanguage":"it-IT","@id":"https:\/\/www.organisator.ch\/marketing\/2024-09-06\/ein-guter-zeitpunkt-fuer-neue-themenfonds-jetzt\/#primaryimage","url":"https:\/\/www.markt-kom.com\/wp-content\/uploads\/2024\/09\/Swisscanto_Header.png","contentUrl":"https:\/\/www.markt-kom.com\/wp-content\/uploads\/2024\/09\/Swisscanto_Header.png"},{"@type":"BreadcrumbList","@id":"https:\/\/www.organisator.ch\/marketing\/2024-09-06\/ein-guter-zeitpunkt-fuer-neue-themenfonds-jetzt\/#breadcrumb","itemListElement":[{"@type":"ListItem","position":1,"name":"Home","item":"https:\/\/www.organisator.ch\/"},{"@type":"ListItem","position":2,"name":"\u00abEin guter Zeitpunkt f\u00fcr neue Themenfonds: Jetzt.\u00bb"}]},{"@type":"WebSite","@id":"https:\/\/www.organisator.ch\/#website","url":"https:\/\/www.organisator.ch\/","name":"Organizzatore","description":"Competente. Pratico. In 10 numeri all'anno, ORGANISATOR presenta i temi essenziali per i manager delle PMI.","publisher":{"@id":"https:\/\/www.organisator.ch\/#organization"},"potentialAction":[{"@type":"SearchAction","target":{"@type":"EntryPoint","urlTemplate":"https:\/\/www.organisator.ch\/?s={search_term_string}"},"query-input":{"@type":"PropertyValueSpecification","valueRequired":true,"valueName":"search_term_string"}}],"inLanguage":"it-IT"},{"@type":"Organization","@id":"https:\/\/www.organisator.ch\/#organization","name":"Organizzatore","url":"https:\/\/www.organisator.ch\/","logo":{"@type":"ImageObject","inLanguage":"it-IT","@id":"https:\/\/www.organisator.ch\/#\/schema\/logo\/image\/","url":"https:\/\/www.organisator.ch\/wp-content\/uploads\/2022\/01\/Logo_Organisator_Website.png","contentUrl":"https:\/\/www.organisator.ch\/wp-content\/uploads\/2022\/01\/Logo_Organisator_Website.png","width":800,"height":77,"caption":"Organisator"},"image":{"@id":"https:\/\/www.organisator.ch\/#\/schema\/logo\/image\/"},"sameAs":["https:\/\/www.facebook.com\/OrganisatorFachmagazin","https:\/\/www.linkedin.com\/showcase\/organisator-das-magazin-fr-kmu","https:\/\/www.xing.com\/news\/pages\/organisator-ch-695","https:\/\/www.youtube.com\/channel\/UCGP2Sq0iWaZwT3BdIAQFYpw"]},{"@type":"Person","@id":"https:\/\/www.organisator.ch\/#\/schema\/person\/4e51799071cd2dd1232ac003643ef5f0","name":"galledia","image":{"@type":"ImageObject","inLanguage":"it-IT","@id":"https:\/\/secure.gravatar.com\/avatar\/78a7f90c01fc2bfc875782a0d4922b37cde2cf184ce347b91316d23cd7f69a36?s=96&d=mm&r=g","url":"https:\/\/secure.gravatar.com\/avatar\/78a7f90c01fc2bfc875782a0d4922b37cde2cf184ce347b91316d23cd7f69a36?s=96&d=mm&r=g","contentUrl":"https:\/\/secure.gravatar.com\/avatar\/78a7f90c01fc2bfc875782a0d4922b37cde2cf184ce347b91316d23cd7f69a36?s=96&d=mm&r=g","caption":"galledia"},"sameAs":["https:\/\/x.com\/admin"],"url":"https:\/\/www.organisator.ch\/it\/author\/galledia\/"}]}},"_links":{"self":[{"href":"https:\/\/www.organisator.ch\/it\/wp-json\/wp\/v2\/posts\/29586","targetHints":{"allow":["GET"]}}],"collection":[{"href":"https:\/\/www.organisator.ch\/it\/wp-json\/wp\/v2\/posts"}],"about":[{"href":"https:\/\/www.organisator.ch\/it\/wp-json\/wp\/v2\/types\/post"}],"author":[{"embeddable":true,"href":"https:\/\/www.organisator.ch\/it\/wp-json\/wp\/v2\/users\/8"}],"replies":[{"embeddable":true,"href":"https:\/\/www.organisator.ch\/it\/wp-json\/wp\/v2\/comments?post=29586"}],"version-history":[{"count":7,"href":"https:\/\/www.organisator.ch\/it\/wp-json\/wp\/v2\/posts\/29586\/revisions"}],"predecessor-version":[{"id":31976,"href":"https:\/\/www.organisator.ch\/it\/wp-json\/wp\/v2\/posts\/29586\/revisions\/31976"}],"wp:attachment":[{"href":"https:\/\/www.organisator.ch\/it\/wp-json\/wp\/v2\/media?parent=29586"}],"wp:term":[{"taxonomy":"category","embeddable":true,"href":"https:\/\/www.organisator.ch\/it\/wp-json\/wp\/v2\/categories?post=29586"},{"taxonomy":"post_tag","embeddable":true,"href":"https:\/\/www.organisator.ch\/it\/wp-json\/wp\/v2\/tags?post=29586"}],"curies":[{"name":"wp","href":"https:\/\/api.w.org\/{rel}","templated":true}]}}