{"id":29592,"date":"2024-09-09T07:31:55","date_gmt":"2024-09-09T05:31:55","guid":{"rendered":"https:\/\/www.organisator.ch\/?p=29592"},"modified":"2024-09-06T10:32:37","modified_gmt":"2024-09-06T08:32:37","slug":"ahead-zeichnet-unternehmen-fuer-interne-kommunikation-aus","status":"publish","type":"post","link":"https:\/\/www.organisator.ch\/it\/human-resources\/2024-09-09\/ahead-zeichnet-unternehmen-fuer-interne-kommunikation-aus\/","title":{"rendered":"Ahead premia le aziende per la comunicazione interna"},"content":{"rendered":"<figure id=\"attachment_29594\" aria-describedby=\"caption-attachment-29594\" style=\"width: 680px\" class=\"wp-caption alignnone\"><img loading=\"lazy\" decoding=\"async\" class=\"size-full wp-image-29594\" src=\"https:\/\/www.organisator.ch\/wp-content\/uploads\/2024\/09\/Ahead-Awards-Alle-Gewinner_Bild1_ps.jpg\" alt=\"\" width=\"680\" height=\"453\" srcset=\"https:\/\/www.organisator.ch\/wp-content\/uploads\/2024\/09\/Ahead-Awards-Alle-Gewinner_Bild1_ps.jpg 680w, https:\/\/www.organisator.ch\/wp-content\/uploads\/2024\/09\/Ahead-Awards-Alle-Gewinner_Bild1_ps-18x12.jpg 18w, https:\/\/www.organisator.ch\/wp-content\/uploads\/2024\/09\/Ahead-Awards-Alle-Gewinner_Bild1_ps-375x250.jpg 375w, https:\/\/www.organisator.ch\/wp-content\/uploads\/2024\/09\/Ahead-Awards-Alle-Gewinner_Bild1_ps-525x350.jpg 525w\" sizes=\"auto, (max-width: 680px) 100vw, 680px\" \/><figcaption id=\"caption-attachment-29594\" class=\"wp-caption-text\">I vincitori e la giuria del secondo premio ahead. Da sinistra a destra: Michael Trummer (ahead), Sabine Ritz (H\u00e4lg Group), Jonas Manthey (Confiserie Spr\u00fcngli), Tamara Bosshard (H\u00e4lg Group), Sabine Williams e Nathalie Eggen (giuria), Bettina Kunz e Irfan \u00d6zt\u00fcrk (Flughafen Z\u00fcrich AG), Andrin Soppelsa (ahead). (Immagine: www.aheadintranet.com)<\/figcaption><\/figure>\n<p>Dalla sua fondazione nel 2020, ahead \u00e8 diventato un attore importante tra i fornitori di soluzioni per la comunicazione interna. Tra i suoi clienti figurano sia aziende di medie dimensioni sia societ\u00e0 internazionali che utilizzano l'app come strumento essenziale per la comunicazione interna e il networking tra i propri dipendenti. All'evento di quest'anno, il Gruppo H\u00e4lg \u00e8 stato premiato per la migliore campagna di onboarding e Flughafen Z\u00fcrich AG e Confiserie Spr\u00fcngli per la \"comunit\u00e0 pi\u00f9 attiva\".<\/p>\n<h3><strong>Ispirazione e dialogo all'evento comunitario di domani <\/strong><\/h3>\n<p>Il 5 settembre, in occasione dell'annuale ahead Community Event, i fondatori Pascal Grossniklaus e Michael Trummer hanno dato una dimostrazione impressionante di come l'app ahead possa essere integrata senza problemi nelle strutture aziendali. L'evento di networking \u00e8 incentrato sulla stretta collaborazione tra ahead e i suoi clienti. L'evento crea una piattaforma per lo scambio di conoscenze, la discussione delle best practice e la definizione congiunta del futuro della comunicazione interna.<\/p>\n<p>Pascal Grossniklaus, CEO di ahead, sottolinea l'importanza di questo scambio: \"Il contatto diretto con i nostri clienti \u00e8 fondamentale per garantire che le nostre soluzioni siano adattate in modo ottimale alle loro esigenze. L'evento di networking offre una piattaforma unica per imparare gli uni dagli altri e portare avanti l'innovazione insieme.\"<\/p>\n<h3><strong>Uno sguardo al futuro premio 2024 <\/strong><\/h3>\n<p>In collaborazione con una giuria composta da Michael Trummer e Andrin Soppelsa di ahead, Nathalie Eggen, Managing Director di JUNE Corporate Communications e Sabine Williams, Head of Communications di SR Technics Switzerland, H\u00e4lg Group \u00e8 stato premiato per la migliore campagna di onboarding. Sabine Ritz, Project Manager Marketing e Comunicazione, e Tamara Bosshard, Head of Marketing and Communications and CSR Officer di H\u00e4lg Group, sono convinte: \"L'integrazione delle aziende \u00e8 una componente centrale della nostra strategia di crescita. L'intranet avanti contribuisce in modo decisivo a far s\u00ec che i nuovi colleghi si sentano rapidamente parte della famiglia H\u00e4lg, indipendentemente dal luogo di lavoro o dalla regione linguistica.\"<\/p>\n<p>Quest'anno il premio per la community pi\u00f9 attiva \u00e8 andato a Flughafen Z\u00fcrich AG e alla Confiserie Spr\u00fcngli. Bettina Kunz, responsabile della comunicazione aziendale di Flughafen Z\u00fcrich AG, apprezza il fatto che la nuova intranet possa ora raggiungere in modo affidabile e rapido anche chi non lavora alla scrivania grazie all'app. La Confiserie Spr\u00fcngli vede il valore aggiunto della nuova soluzione intranet mobile-first soprattutto nella comunicazione fluida per l'intera azienda: \"Finalmente tutti i nostri dipendenti sono collegati tramite la nostra intranet interattiva\".<\/p>\n<p><em>Fonte: <a href=\"http:\/\/www.aheadintranet.com\">www.aheadintranet.com<\/a><\/em><\/p>","protected":false},"excerpt":{"rendered":"<p>Con oltre 105 clienti e pi\u00f9 di 85.000 utenti autorizzati, la piattaforma di comunicazione di ahead \u00e8 diventata parte integrante del mondo del lavoro di oggi. In qualit\u00e0 di fornitore di soluzioni di comunicazione innovative, anche quest'anno ahead ha premiato diverse aziende per la loro comunicazione interna.<\/p>","protected":false},"author":58,"featured_media":29594,"comment_status":"closed","ping_status":"closed","sticky":false,"template":"","format":"standard","meta":{"_acf_changed":false,"_yoast_wpseo_focuskw":"Ahead","_yoast_wpseo_metadesc":"Als Anbieter innovativer Kommunikationsl\u00f6sungen hat ahead auch dieses Jahr wieder mehrere Unternehmen f\u00fcr ihre interne Kommunikation ausgezeichnet.","articlekey":"","footnotes":""},"categories":[579],"tags":[65,3506,2686,492],"class_list":["post-29592","post","type-post","status-publish","format-standard","has-post-thumbnail","hentry","category-human-resources","tag-award","tag-human-resources","tag-interne-kommunikation","tag-unternehmen"],"acf":[],"yoast_head":"<!-- This site is optimized with the Yoast SEO plugin v27.5 - https:\/\/yoast.com\/product\/yoast-seo-wordpress\/ -->\n<title>Ahead zeichnet Unternehmen f\u00fcr interne Kommunikation aus - Organisator<\/title>\n<meta name=\"description\" content=\"Als Anbieter innovativer Kommunikationsl\u00f6sungen hat ahead auch dieses Jahr wieder mehrere Unternehmen f\u00fcr ihre interne Kommunikation ausgezeichnet.\" \/>\n<meta name=\"robots\" content=\"index, follow, max-snippet:-1, max-image-preview:large, max-video-preview:-1\" \/>\n<link rel=\"canonical\" href=\"https:\/\/www.organisator.ch\/it\/risorse-umane\/2024-09-09\/ahead-zeichnet-unternehmen-fuer-interne-kommunikation-aus\/\" \/>\n<meta property=\"og:locale\" content=\"it_IT\" \/>\n<meta property=\"og:type\" content=\"article\" \/>\n<meta property=\"og:title\" content=\"Ahead zeichnet Unternehmen f\u00fcr interne Kommunikation aus\" \/>\n<meta property=\"og:description\" content=\"Als Anbieter innovativer Kommunikationsl\u00f6sungen hat ahead auch dieses Jahr wieder mehrere Unternehmen f\u00fcr ihre interne Kommunikation ausgezeichnet.\" \/>\n<meta property=\"og:url\" content=\"https:\/\/www.organisator.ch\/it\/risorse-umane\/2024-09-09\/ahead-zeichnet-unternehmen-fuer-interne-kommunikation-aus\/\" \/>\n<meta property=\"og:site_name\" content=\"Organisator\" \/>\n<meta property=\"article:publisher\" content=\"https:\/\/www.facebook.com\/OrganisatorFachmagazin\" \/>\n<meta property=\"article:published_time\" content=\"2024-09-09T05:31:55+00:00\" \/>\n<meta property=\"og:image\" content=\"https:\/\/www.organisator.ch\/wp-content\/uploads\/2024\/09\/Ahead-Awards-Alle-Gewinner_Bild1_ps.jpg\" \/>\n\t<meta property=\"og:image:width\" content=\"680\" \/>\n\t<meta property=\"og:image:height\" content=\"453\" \/>\n\t<meta property=\"og:image:type\" content=\"image\/jpeg\" \/>\n<meta name=\"author\" content=\"Adelisa Kalajdzini\" \/>\n<meta name=\"twitter:card\" content=\"summary_large_image\" \/>\n<meta name=\"twitter:title\" content=\"Ahead zeichnet Unternehmen f\u00fcr interne Kommunikation aus\" \/>\n<meta name=\"twitter:description\" content=\"Als Anbieter innovativer Kommunikationsl\u00f6sungen hat #ahead auch dieses Jahr wieder mehrere #Unternehmen f\u00fcr ihre #interne #Kommunikation #ausgezeichnet.\" \/>\n<meta name=\"twitter:image\" content=\"https:\/\/www.organisator.ch\/wp-content\/uploads\/2024\/09\/Ahead-Awards-Alle-Gewinner_Bild1_ps.jpg\" \/>\n<script type=\"application\/ld+json\" class=\"yoast-schema-graph\">{\"@context\":\"https:\\\/\\\/schema.org\",\"@graph\":[{\"@type\":\"Article\",\"@id\":\"https:\\\/\\\/www.organisator.ch\\\/human-resources\\\/2024-09-09\\\/ahead-zeichnet-unternehmen-fuer-interne-kommunikation-aus\\\/#article\",\"isPartOf\":{\"@id\":\"https:\\\/\\\/www.organisator.ch\\\/human-resources\\\/2024-09-09\\\/ahead-zeichnet-unternehmen-fuer-interne-kommunikation-aus\\\/\"},\"author\":{\"name\":\"Adelisa Kalajdzini\",\"@id\":\"https:\\\/\\\/www.organisator.ch\\\/#\\\/schema\\\/person\\\/2e1314a2172123f874db408d8911d3f3\"},\"headline\":\"Ahead zeichnet Unternehmen f\u00fcr interne Kommunikation aus\",\"datePublished\":\"2024-09-09T05:31:55+00:00\",\"mainEntityOfPage\":{\"@id\":\"https:\\\/\\\/www.organisator.ch\\\/human-resources\\\/2024-09-09\\\/ahead-zeichnet-unternehmen-fuer-interne-kommunikation-aus\\\/\"},\"wordCount\":463,\"publisher\":{\"@id\":\"https:\\\/\\\/www.organisator.ch\\\/#organization\"},\"image\":{\"@id\":\"https:\\\/\\\/www.organisator.ch\\\/human-resources\\\/2024-09-09\\\/ahead-zeichnet-unternehmen-fuer-interne-kommunikation-aus\\\/#primaryimage\"},\"thumbnailUrl\":\"https:\\\/\\\/www.organisator.ch\\\/wp-content\\\/uploads\\\/2024\\\/09\\\/Ahead-Awards-Alle-Gewinner_Bild1_ps.jpg\",\"keywords\":[\"Award\",\"Human Resources\",\"Interne Kommunikation\",\"Unternehmen\"],\"articleSection\":[\"HUMAN RESOURCES\"],\"inLanguage\":\"it-IT\"},{\"@type\":\"WebPage\",\"@id\":\"https:\\\/\\\/www.organisator.ch\\\/human-resources\\\/2024-09-09\\\/ahead-zeichnet-unternehmen-fuer-interne-kommunikation-aus\\\/\",\"url\":\"https:\\\/\\\/www.organisator.ch\\\/human-resources\\\/2024-09-09\\\/ahead-zeichnet-unternehmen-fuer-interne-kommunikation-aus\\\/\",\"name\":\"Ahead zeichnet Unternehmen f\u00fcr interne Kommunikation aus - Organisator\",\"isPartOf\":{\"@id\":\"https:\\\/\\\/www.organisator.ch\\\/#website\"},\"primaryImageOfPage\":{\"@id\":\"https:\\\/\\\/www.organisator.ch\\\/human-resources\\\/2024-09-09\\\/ahead-zeichnet-unternehmen-fuer-interne-kommunikation-aus\\\/#primaryimage\"},\"image\":{\"@id\":\"https:\\\/\\\/www.organisator.ch\\\/human-resources\\\/2024-09-09\\\/ahead-zeichnet-unternehmen-fuer-interne-kommunikation-aus\\\/#primaryimage\"},\"thumbnailUrl\":\"https:\\\/\\\/www.organisator.ch\\\/wp-content\\\/uploads\\\/2024\\\/09\\\/Ahead-Awards-Alle-Gewinner_Bild1_ps.jpg\",\"datePublished\":\"2024-09-09T05:31:55+00:00\",\"description\":\"Als Anbieter innovativer Kommunikationsl\u00f6sungen hat ahead auch dieses Jahr wieder mehrere Unternehmen f\u00fcr ihre interne Kommunikation ausgezeichnet.\",\"breadcrumb\":{\"@id\":\"https:\\\/\\\/www.organisator.ch\\\/human-resources\\\/2024-09-09\\\/ahead-zeichnet-unternehmen-fuer-interne-kommunikation-aus\\\/#breadcrumb\"},\"inLanguage\":\"it-IT\",\"potentialAction\":[{\"@type\":\"ReadAction\",\"target\":[\"https:\\\/\\\/www.organisator.ch\\\/human-resources\\\/2024-09-09\\\/ahead-zeichnet-unternehmen-fuer-interne-kommunikation-aus\\\/\"]}]},{\"@type\":\"ImageObject\",\"inLanguage\":\"it-IT\",\"@id\":\"https:\\\/\\\/www.organisator.ch\\\/human-resources\\\/2024-09-09\\\/ahead-zeichnet-unternehmen-fuer-interne-kommunikation-aus\\\/#primaryimage\",\"url\":\"https:\\\/\\\/www.organisator.ch\\\/wp-content\\\/uploads\\\/2024\\\/09\\\/Ahead-Awards-Alle-Gewinner_Bild1_ps.jpg\",\"contentUrl\":\"https:\\\/\\\/www.organisator.ch\\\/wp-content\\\/uploads\\\/2024\\\/09\\\/Ahead-Awards-Alle-Gewinner_Bild1_ps.jpg\",\"width\":680,\"height\":453,\"caption\":\"Die Sieger und Jury des zweiten ahead awards. V.l.n.r.: Michael Trummer (ahead), Sabine Ritz (H\u00e4lg Group), Jonas Manthey (Confiserie Spr\u00fcngli), Tamara Bosshard (H\u00e4lg Group), Sabine Williams und Nathalie Eggen (Jury), Bettina Kunz und Irfan \u00d6zt\u00fcrk (Flughafen Z\u00fcrich AG), Andrin Soppelsa (ahead). (Bild: www.aheadintranet.com)\"},{\"@type\":\"BreadcrumbList\",\"@id\":\"https:\\\/\\\/www.organisator.ch\\\/human-resources\\\/2024-09-09\\\/ahead-zeichnet-unternehmen-fuer-interne-kommunikation-aus\\\/#breadcrumb\",\"itemListElement\":[{\"@type\":\"ListItem\",\"position\":1,\"name\":\"Home\",\"item\":\"https:\\\/\\\/www.organisator.ch\\\/\"},{\"@type\":\"ListItem\",\"position\":2,\"name\":\"Ahead zeichnet Unternehmen f\u00fcr interne Kommunikation aus\"}]},{\"@type\":\"WebSite\",\"@id\":\"https:\\\/\\\/www.organisator.ch\\\/#website\",\"url\":\"https:\\\/\\\/www.organisator.ch\\\/\",\"name\":\"Organisator\",\"description\":\"Kompetent. Praxisnah. Der ORGANISATOR bereitet in 10 Ausgaben pro Jahr die wesentlichen Themen f\u00fcr F\u00fchrungskr\u00e4fte von KMU auf.\",\"publisher\":{\"@id\":\"https:\\\/\\\/www.organisator.ch\\\/#organization\"},\"potentialAction\":[{\"@type\":\"SearchAction\",\"target\":{\"@type\":\"EntryPoint\",\"urlTemplate\":\"https:\\\/\\\/www.organisator.ch\\\/?s={search_term_string}\"},\"query-input\":{\"@type\":\"PropertyValueSpecification\",\"valueRequired\":true,\"valueName\":\"search_term_string\"}}],\"inLanguage\":\"it-IT\"},{\"@type\":\"Organization\",\"@id\":\"https:\\\/\\\/www.organisator.ch\\\/#organization\",\"name\":\"Organisator\",\"url\":\"https:\\\/\\\/www.organisator.ch\\\/\",\"logo\":{\"@type\":\"ImageObject\",\"inLanguage\":\"it-IT\",\"@id\":\"https:\\\/\\\/www.organisator.ch\\\/#\\\/schema\\\/logo\\\/image\\\/\",\"url\":\"https:\\\/\\\/www.organisator.ch\\\/wp-content\\\/uploads\\\/2022\\\/01\\\/Logo_Organisator_Website.png\",\"contentUrl\":\"https:\\\/\\\/www.organisator.ch\\\/wp-content\\\/uploads\\\/2022\\\/01\\\/Logo_Organisator_Website.png\",\"width\":800,\"height\":77,\"caption\":\"Organisator\"},\"image\":{\"@id\":\"https:\\\/\\\/www.organisator.ch\\\/#\\\/schema\\\/logo\\\/image\\\/\"},\"sameAs\":[\"https:\\\/\\\/www.facebook.com\\\/OrganisatorFachmagazin\",\"https:\\\/\\\/www.linkedin.com\\\/showcase\\\/organisator-das-magazin-fr-kmu\",\"https:\\\/\\\/www.xing.com\\\/news\\\/pages\\\/organisator-ch-695\",\"https:\\\/\\\/www.youtube.com\\\/channel\\\/UCGP2Sq0iWaZwT3BdIAQFYpw\"]},{\"@type\":\"Person\",\"@id\":\"https:\\\/\\\/www.organisator.ch\\\/#\\\/schema\\\/person\\\/2e1314a2172123f874db408d8911d3f3\",\"name\":\"Adelisa Kalajdzini\",\"image\":{\"@type\":\"ImageObject\",\"inLanguage\":\"it-IT\",\"@id\":\"https:\\\/\\\/secure.gravatar.com\\\/avatar\\\/09a397c22ac58cad6f160ee8306348599df9df58a8ede73696226897b9fa4b24?s=96&d=mm&r=g\",\"url\":\"https:\\\/\\\/secure.gravatar.com\\\/avatar\\\/09a397c22ac58cad6f160ee8306348599df9df58a8ede73696226897b9fa4b24?s=96&d=mm&r=g\",\"contentUrl\":\"https:\\\/\\\/secure.gravatar.com\\\/avatar\\\/09a397c22ac58cad6f160ee8306348599df9df58a8ede73696226897b9fa4b24?s=96&d=mm&r=g\",\"caption\":\"Adelisa Kalajdzini\"},\"url\":\"https:\\\/\\\/www.organisator.ch\\\/it\\\/author\\\/adelisa-kalajdzini\\\/\"}]}<\/script>\n<!-- \/ Yoast SEO plugin. -->","yoast_head_json":{"title":"Azienda leader nei premi per la comunicazione interna - Organizzatore","description":"In qualit\u00e0 di fornitore di soluzioni di comunicazione innovative, anche quest'anno ahead ha premiato diverse aziende per la loro comunicazione interna.","robots":{"index":"index","follow":"follow","max-snippet":"max-snippet:-1","max-image-preview":"max-image-preview:large","max-video-preview":"max-video-preview:-1"},"canonical":"https:\/\/www.organisator.ch\/it\/risorse-umane\/2024-09-09\/ahead-zeichnet-unternehmen-fuer-interne-kommunikation-aus\/","og_locale":"it_IT","og_type":"article","og_title":"Ahead zeichnet Unternehmen f\u00fcr interne Kommunikation aus","og_description":"Als Anbieter innovativer Kommunikationsl\u00f6sungen hat ahead auch dieses Jahr wieder mehrere Unternehmen f\u00fcr ihre interne Kommunikation ausgezeichnet.","og_url":"https:\/\/www.organisator.ch\/it\/risorse-umane\/2024-09-09\/ahead-zeichnet-unternehmen-fuer-interne-kommunikation-aus\/","og_site_name":"Organisator","article_publisher":"https:\/\/www.facebook.com\/OrganisatorFachmagazin","article_published_time":"2024-09-09T05:31:55+00:00","og_image":[{"width":680,"height":453,"url":"https:\/\/www.organisator.ch\/wp-content\/uploads\/2024\/09\/Ahead-Awards-Alle-Gewinner_Bild1_ps.jpg","type":"image\/jpeg"}],"author":"Adelisa Kalajdzini","twitter_card":"summary_large_image","twitter_title":"Ahead zeichnet Unternehmen f\u00fcr interne Kommunikation aus","twitter_description":"Als Anbieter innovativer Kommunikationsl\u00f6sungen hat #ahead auch dieses Jahr wieder mehrere #Unternehmen f\u00fcr ihre #interne #Kommunikation #ausgezeichnet.","twitter_image":"https:\/\/www.organisator.ch\/wp-content\/uploads\/2024\/09\/Ahead-Awards-Alle-Gewinner_Bild1_ps.jpg","schema":{"@context":"https:\/\/schema.org","@graph":[{"@type":"Article","@id":"https:\/\/www.organisator.ch\/human-resources\/2024-09-09\/ahead-zeichnet-unternehmen-fuer-interne-kommunikation-aus\/#article","isPartOf":{"@id":"https:\/\/www.organisator.ch\/human-resources\/2024-09-09\/ahead-zeichnet-unternehmen-fuer-interne-kommunikation-aus\/"},"author":{"name":"Adelisa Kalajdzini","@id":"https:\/\/www.organisator.ch\/#\/schema\/person\/2e1314a2172123f874db408d8911d3f3"},"headline":"Ahead zeichnet Unternehmen f\u00fcr interne Kommunikation aus","datePublished":"2024-09-09T05:31:55+00:00","mainEntityOfPage":{"@id":"https:\/\/www.organisator.ch\/human-resources\/2024-09-09\/ahead-zeichnet-unternehmen-fuer-interne-kommunikation-aus\/"},"wordCount":463,"publisher":{"@id":"https:\/\/www.organisator.ch\/#organization"},"image":{"@id":"https:\/\/www.organisator.ch\/human-resources\/2024-09-09\/ahead-zeichnet-unternehmen-fuer-interne-kommunikation-aus\/#primaryimage"},"thumbnailUrl":"https:\/\/www.organisator.ch\/wp-content\/uploads\/2024\/09\/Ahead-Awards-Alle-Gewinner_Bild1_ps.jpg","keywords":["Award","Human Resources","Interne Kommunikation","Unternehmen"],"articleSection":["HUMAN RESOURCES"],"inLanguage":"it-IT"},{"@type":"WebPage","@id":"https:\/\/www.organisator.ch\/human-resources\/2024-09-09\/ahead-zeichnet-unternehmen-fuer-interne-kommunikation-aus\/","url":"https:\/\/www.organisator.ch\/human-resources\/2024-09-09\/ahead-zeichnet-unternehmen-fuer-interne-kommunikation-aus\/","name":"Azienda leader nei premi per la comunicazione interna - Organizzatore","isPartOf":{"@id":"https:\/\/www.organisator.ch\/#website"},"primaryImageOfPage":{"@id":"https:\/\/www.organisator.ch\/human-resources\/2024-09-09\/ahead-zeichnet-unternehmen-fuer-interne-kommunikation-aus\/#primaryimage"},"image":{"@id":"https:\/\/www.organisator.ch\/human-resources\/2024-09-09\/ahead-zeichnet-unternehmen-fuer-interne-kommunikation-aus\/#primaryimage"},"thumbnailUrl":"https:\/\/www.organisator.ch\/wp-content\/uploads\/2024\/09\/Ahead-Awards-Alle-Gewinner_Bild1_ps.jpg","datePublished":"2024-09-09T05:31:55+00:00","description":"In qualit\u00e0 di fornitore di soluzioni di comunicazione innovative, anche quest'anno ahead ha premiato diverse aziende per la loro comunicazione interna.","breadcrumb":{"@id":"https:\/\/www.organisator.ch\/human-resources\/2024-09-09\/ahead-zeichnet-unternehmen-fuer-interne-kommunikation-aus\/#breadcrumb"},"inLanguage":"it-IT","potentialAction":[{"@type":"ReadAction","target":["https:\/\/www.organisator.ch\/human-resources\/2024-09-09\/ahead-zeichnet-unternehmen-fuer-interne-kommunikation-aus\/"]}]},{"@type":"ImageObject","inLanguage":"it-IT","@id":"https:\/\/www.organisator.ch\/human-resources\/2024-09-09\/ahead-zeichnet-unternehmen-fuer-interne-kommunikation-aus\/#primaryimage","url":"https:\/\/www.organisator.ch\/wp-content\/uploads\/2024\/09\/Ahead-Awards-Alle-Gewinner_Bild1_ps.jpg","contentUrl":"https:\/\/www.organisator.ch\/wp-content\/uploads\/2024\/09\/Ahead-Awards-Alle-Gewinner_Bild1_ps.jpg","width":680,"height":453,"caption":"Die Sieger und Jury des zweiten ahead awards. V.l.n.r.: Michael Trummer (ahead), Sabine Ritz (H\u00e4lg Group), Jonas Manthey (Confiserie Spr\u00fcngli), Tamara Bosshard (H\u00e4lg Group), Sabine Williams und Nathalie Eggen (Jury), Bettina Kunz und Irfan \u00d6zt\u00fcrk (Flughafen Z\u00fcrich AG), Andrin Soppelsa (ahead). (Bild: www.aheadintranet.com)"},{"@type":"BreadcrumbList","@id":"https:\/\/www.organisator.ch\/human-resources\/2024-09-09\/ahead-zeichnet-unternehmen-fuer-interne-kommunikation-aus\/#breadcrumb","itemListElement":[{"@type":"ListItem","position":1,"name":"Home","item":"https:\/\/www.organisator.ch\/"},{"@type":"ListItem","position":2,"name":"Ahead zeichnet Unternehmen f\u00fcr interne Kommunikation aus"}]},{"@type":"WebSite","@id":"https:\/\/www.organisator.ch\/#website","url":"https:\/\/www.organisator.ch\/","name":"Organizzatore","description":"Competente. Pratico. In 10 numeri all'anno, ORGANISATOR presenta i temi essenziali per i manager delle PMI.","publisher":{"@id":"https:\/\/www.organisator.ch\/#organization"},"potentialAction":[{"@type":"SearchAction","target":{"@type":"EntryPoint","urlTemplate":"https:\/\/www.organisator.ch\/?s={search_term_string}"},"query-input":{"@type":"PropertyValueSpecification","valueRequired":true,"valueName":"search_term_string"}}],"inLanguage":"it-IT"},{"@type":"Organization","@id":"https:\/\/www.organisator.ch\/#organization","name":"Organizzatore","url":"https:\/\/www.organisator.ch\/","logo":{"@type":"ImageObject","inLanguage":"it-IT","@id":"https:\/\/www.organisator.ch\/#\/schema\/logo\/image\/","url":"https:\/\/www.organisator.ch\/wp-content\/uploads\/2022\/01\/Logo_Organisator_Website.png","contentUrl":"https:\/\/www.organisator.ch\/wp-content\/uploads\/2022\/01\/Logo_Organisator_Website.png","width":800,"height":77,"caption":"Organisator"},"image":{"@id":"https:\/\/www.organisator.ch\/#\/schema\/logo\/image\/"},"sameAs":["https:\/\/www.facebook.com\/OrganisatorFachmagazin","https:\/\/www.linkedin.com\/showcase\/organisator-das-magazin-fr-kmu","https:\/\/www.xing.com\/news\/pages\/organisator-ch-695","https:\/\/www.youtube.com\/channel\/UCGP2Sq0iWaZwT3BdIAQFYpw"]},{"@type":"Person","@id":"https:\/\/www.organisator.ch\/#\/schema\/person\/2e1314a2172123f874db408d8911d3f3","name":"Adelisa Kalajdzini","image":{"@type":"ImageObject","inLanguage":"it-IT","@id":"https:\/\/secure.gravatar.com\/avatar\/09a397c22ac58cad6f160ee8306348599df9df58a8ede73696226897b9fa4b24?s=96&d=mm&r=g","url":"https:\/\/secure.gravatar.com\/avatar\/09a397c22ac58cad6f160ee8306348599df9df58a8ede73696226897b9fa4b24?s=96&d=mm&r=g","contentUrl":"https:\/\/secure.gravatar.com\/avatar\/09a397c22ac58cad6f160ee8306348599df9df58a8ede73696226897b9fa4b24?s=96&d=mm&r=g","caption":"Adelisa Kalajdzini"},"url":"https:\/\/www.organisator.ch\/it\/author\/adelisa-kalajdzini\/"}]}},"_links":{"self":[{"href":"https:\/\/www.organisator.ch\/it\/wp-json\/wp\/v2\/posts\/29592","targetHints":{"allow":["GET"]}}],"collection":[{"href":"https:\/\/www.organisator.ch\/it\/wp-json\/wp\/v2\/posts"}],"about":[{"href":"https:\/\/www.organisator.ch\/it\/wp-json\/wp\/v2\/types\/post"}],"author":[{"embeddable":true,"href":"https:\/\/www.organisator.ch\/it\/wp-json\/wp\/v2\/users\/58"}],"replies":[{"embeddable":true,"href":"https:\/\/www.organisator.ch\/it\/wp-json\/wp\/v2\/comments?post=29592"}],"version-history":[{"count":2,"href":"https:\/\/www.organisator.ch\/it\/wp-json\/wp\/v2\/posts\/29592\/revisions"}],"predecessor-version":[{"id":29595,"href":"https:\/\/www.organisator.ch\/it\/wp-json\/wp\/v2\/posts\/29592\/revisions\/29595"}],"wp:featuredmedia":[{"embeddable":true,"href":"https:\/\/www.organisator.ch\/it\/wp-json\/wp\/v2\/media\/29594"}],"wp:attachment":[{"href":"https:\/\/www.organisator.ch\/it\/wp-json\/wp\/v2\/media?parent=29592"}],"wp:term":[{"taxonomy":"category","embeddable":true,"href":"https:\/\/www.organisator.ch\/it\/wp-json\/wp\/v2\/categories?post=29592"},{"taxonomy":"post_tag","embeddable":true,"href":"https:\/\/www.organisator.ch\/it\/wp-json\/wp\/v2\/tags?post=29592"}],"curies":[{"name":"wp","href":"https:\/\/api.w.org\/{rel}","templated":true}]}}