{"id":29633,"date":"2024-09-09T09:27:19","date_gmt":"2024-09-09T07:27:19","guid":{"rendered":"https:\/\/www.organisator.ch\/?p=29633"},"modified":"2024-10-18T08:07:20","modified_gmt":"2024-10-18T06:07:20","slug":"liridona-makica-gewinnt-den-swissalbs-unternehmerpreis-2024","status":"publish","type":"post","link":"https:\/\/www.organisator.ch\/it\/management\/2024-09-09\/liridona-makica-gewinnt-den-swissalbs-unternehmerpreis-2024\/","title":{"rendered":"Liridona Makica vince il Premio Imprenditore swissalbs 2024"},"content":{"rendered":"<figure id=\"attachment_29634\" aria-describedby=\"caption-attachment-29634\" style=\"width: 680px\" class=\"wp-caption alignnone\"><img loading=\"lazy\" decoding=\"async\" class=\"size-full wp-image-29634\" src=\"https:\/\/www.organisator.ch\/wp-content\/uploads\/2024\/09\/Swissalbs_Bild1_ps.jpg\" alt=\"\" width=\"680\" height=\"434\" srcset=\"https:\/\/www.organisator.ch\/wp-content\/uploads\/2024\/09\/Swissalbs_Bild1_ps.jpg 680w, https:\/\/www.organisator.ch\/wp-content\/uploads\/2024\/09\/Swissalbs_Bild1_ps-18x12.jpg 18w, https:\/\/www.organisator.ch\/wp-content\/uploads\/2024\/09\/Swissalbs_Bild1_ps-375x239.jpg 375w, https:\/\/www.organisator.ch\/wp-content\/uploads\/2024\/09\/Swissalbs_Bild1_ps-548x350.jpg 548w\" sizes=\"auto, (max-width: 680px) 100vw, 680px\" \/><figcaption id=\"caption-attachment-29634\" class=\"wp-caption-text\">Liridona Makica, fondatrice e amministratrice delegata di Spitex Dona, vince il premio swissalbs Entrepreneur Award 2024 (Immagine: www.swissalbs.ch \/ Albinfo)<\/figcaption><\/figure>\n<p>Oltre al Premio per l'Imprenditore, il Consiglio di amministrazione di swissalbs ha assegnato per la prima volta quest'anno il Premio per l'Eroe della Comunit\u00e0. Il vincitore \u00e8 Islam Alijaj, Consigliere nazionale e attivista per i diritti dei disabili. \u00c8 stato premiato per le sue eccellenti prestazioni e per il successo della sua campagna elettorale, che lo ha visto diventare il primo politico svizzero con un background migratorio albanese a essere eletto al Parlamento nazionale.<\/p>\n<figure id=\"attachment_29635\" aria-describedby=\"caption-attachment-29635\" style=\"width: 680px\" class=\"wp-caption alignnone\"><img loading=\"lazy\" decoding=\"async\" class=\"size-full wp-image-29635\" src=\"https:\/\/www.organisator.ch\/wp-content\/uploads\/2024\/09\/Swissalbs_Bild2_ps.jpg\" alt=\"\" width=\"680\" height=\"461\" srcset=\"https:\/\/www.organisator.ch\/wp-content\/uploads\/2024\/09\/Swissalbs_Bild2_ps.jpg 680w, https:\/\/www.organisator.ch\/wp-content\/uploads\/2024\/09\/Swissalbs_Bild2_ps-18x12.jpg 18w, https:\/\/www.organisator.ch\/wp-content\/uploads\/2024\/09\/Swissalbs_Bild2_ps-375x254.jpg 375w, https:\/\/www.organisator.ch\/wp-content\/uploads\/2024\/09\/Swissalbs_Bild2_ps-516x350.jpg 516w\" sizes=\"auto, (max-width: 680px) 100vw, 680px\" \/><figcaption id=\"caption-attachment-29635\" class=\"wp-caption-text\">Il Premio Eroe \u00e8 andato a Islam Alijaj, Consigliere nazionale e attivista per i diritti dei disabili. (Immagine: www.swissalbs.ch \/ Albinfo)<\/figcaption><\/figure>\n<p>Lo swissalbs Entrepreneur Award riconosce gli eccezionali risultati imprenditoriali, celebra la forza innovativa della comunit\u00e0 albanese e funge da ispirazione per l'intera comunit\u00e0 swissalbs. Liridona Makica \u00e8 stata selezionata per i suoi eccezionali risultati da una giuria di alto livello composta da personalit\u00e0 come Roland Brack, fondatore di Brack.ch, Nadine J\u00fcrgensen, cofondatrice di elleXX, Andri Silberschmidt, Consigliere nazionale, Vllaznim Xhiha, imprenditore seriale e Kristian Kabashi, fondatore di Numarics.<\/p>\n<p>Liridona Makica \u00e8 la fondatrice e amministratrice di Spitex Dona, un'azienda che fornisce servizi professionali di assistenza e supporto alle persone nelle loro case. La sua visione di gestire una Spitex diversa da molte altre, ovvero orientata alla famiglia e flessibile, \u00e8 stata alla base della fondazione dell'azienda nel 2021. Spitex Dona impiega oggi 50 persone e offre un'ampia gamma di servizi, tra cui assistenza medica in ambito somatico e psichiatrico e cure palliative. Una caratteristica particolare dell'azienda \u00e8 l'attenta pianificazione delle \u00e9quipe di cura per ridurre al minimo il turnover del personale. Ci\u00f2 consente ai pazienti di sviluppare un rapporto personale con gli assistenti, che \u00e8 fondamentale per migliorare la loro qualit\u00e0 di vita e consentire loro di rimanere nella propria casa il pi\u00f9 a lungo possibile.<\/p>\n<h3><strong>Swissalbs premia Liridona Makica per il suo contributo al settore delle cure e dell'assistenza<\/strong><\/h3>\n<p>Il conferimento a Liridona Makica del premio swissalbs Entrepreneur Award riconosce non solo i risultati ottenuti finora, ma anche il suo significativo contributo al miglioramento della qualit\u00e0 della vita delle persone attraverso servizi di assistenza e supporto innovativi e personalizzati.<\/p>\n<p>Nel suo discorso di accettazione, Liridona Makica ha sottolineato: \"Sono profondamente onorata di ricevere questo prestigioso premio da swissalbs. Non \u00e8 solo un riconoscimento del lavoro svolto finora, ma anche la conferma che il nostro approccio di assistenza familiare e flessibile \u00e8 la strada giusta da seguire. Condivido questo successo con il mio team dedicato a Spitex Dona\".<\/p>\n<p>\"Liridona Makica e il suo team di Spitex Dona hanno dimostrato che l'innovazione e l'impegno nel settore dell'assistenza e della cura possono avere un impatto significativo sulla qualit\u00e0 della vita delle persone. Il fatto che Liridona Makica abbia solo 31 anni e gestisca gi\u00e0 un'azienda con 50 dipendenti in un settore cos\u00ec impegnativo \u00e8 impressionante. Il suo successo \u00e8 un esempio illuminante di come un approccio visionario e un'attuazione appassionata possano portare a un reale cambiamento nel settore sanitario\", afferma Arbela Statovci, cofondatrice e responsabile della comunicazione di swissalbs.<\/p>\n<p>Il Ballo degli imprenditori di swissalbs, dove si \u00e8 svolta la cerimonia di premiazione, offre un'interessante piattaforma per fare rete, scambiare idee ed esplorare nuove opportunit\u00e0 di business. Come l'anno precedente, l'evento \u00e8 stato condotto dalla food blogger e personaggio televisivo Zoe Torinesi. I momenti musicali sono stati offerti da Selami Kolonja, un'affermata cantante della scena musicale albanese. Un discorso speciale \u00e8 stato tenuto da Marco Gredig, amministratore delegato di Cargologic AG, azienda svizzera leader nella movimentazione di merci per via aerea da 70 anni. Oltre a onorare Liridona Makica, l'evento ha incluso anche musica dal vivo, intrattenimento e discorsi ispiratori.<\/p>\n<p><em>Fonte: <a href=\"http:\/\/www.swissalbs.ch\">www.swissalbs.ch<\/a><\/em><\/p>","protected":false},"excerpt":{"rendered":"<p>L'associazione svizzero-albanese swissalbs ha annunciato il vincitore dell'ambito Premio Imprenditore per il 2024. Per la prima volta il premio, che viene assegnato per la quarta volta, va a una donna: Liridona Makica, fondatrice e amministratore delegato di Spitex Dona, con sede a Kloten. La cerimonia di premiazione si \u00e8 svolta nell'ambito del Ballo degli imprenditori di swissalbs, il 7 settembre, presso la Kongresshaus di Zurigo, che ha registrato il tutto esaurito.<\/p>","protected":false},"author":58,"featured_media":29634,"comment_status":"closed","ping_status":"closed","sticky":false,"template":"","format":"standard","meta":{"_acf_changed":false,"_yoast_wpseo_focuskw":"swissalbs","_yoast_wpseo_metadesc":"Der albanisch-schweizerische Verein swissalbs hat die Gewinnerin des begehrten Unternehmerpreises f\u00fcr das Jahr 2024 bekanntgegeben.","articlekey":"","footnotes":""},"categories":[28],"tags":[334,1946,4470,492],"class_list":["post-29633","post","type-post","status-publish","format-standard","has-post-thumbnail","hentry","category-management","tag-management","tag-preisverleihung","tag-swissalbs","tag-unternehmen"],"acf":[],"yoast_head":"<!-- This site is optimized with the Yoast SEO plugin v27.5 - https:\/\/yoast.com\/product\/yoast-seo-wordpress\/ -->\n<title>Liridona Makica gewinnt den swissalbs-Unternehmerpreis 2024 - Organisator<\/title>\n<meta name=\"description\" content=\"Der albanisch-schweizerische Verein swissalbs hat die Gewinnerin des begehrten Unternehmerpreises f\u00fcr das Jahr 2024 bekanntgegeben.\" \/>\n<meta name=\"robots\" content=\"index, follow, max-snippet:-1, max-image-preview:large, max-video-preview:-1\" \/>\n<link rel=\"canonical\" href=\"https:\/\/www.organisator.ch\/it\/gestione-2\/2024-09-09\/liridona-makica-gewinnt-den-swissalbs-unternehmerpreis-2024\/\" \/>\n<meta property=\"og:locale\" content=\"it_IT\" \/>\n<meta property=\"og:type\" content=\"article\" \/>\n<meta property=\"og:title\" content=\"Liridona Makica gewinnt den swissalbs-Unternehmerpreis 2024\" \/>\n<meta property=\"og:description\" content=\"Der albanisch-schweizerische Verein swissalbs hat die Gewinnerin des begehrten Unternehmerpreises f\u00fcr das Jahr 2024 bekanntgegeben.\" \/>\n<meta property=\"og:url\" content=\"https:\/\/www.organisator.ch\/it\/gestione-2\/2024-09-09\/liridona-makica-gewinnt-den-swissalbs-unternehmerpreis-2024\/\" \/>\n<meta property=\"og:site_name\" content=\"Organisator\" \/>\n<meta property=\"article:publisher\" content=\"https:\/\/www.facebook.com\/OrganisatorFachmagazin\" \/>\n<meta property=\"article:published_time\" content=\"2024-09-09T07:27:19+00:00\" \/>\n<meta property=\"article:modified_time\" content=\"2024-10-18T06:07:20+00:00\" \/>\n<meta property=\"og:image\" content=\"https:\/\/www.organisator.ch\/wp-content\/uploads\/2024\/09\/Swissalbs_Bild1_ps.jpg\" \/>\n\t<meta property=\"og:image:width\" content=\"680\" \/>\n\t<meta property=\"og:image:height\" content=\"434\" \/>\n\t<meta property=\"og:image:type\" content=\"image\/jpeg\" \/>\n<meta name=\"author\" content=\"Adelisa Kalajdzini\" \/>\n<meta name=\"twitter:card\" content=\"summary_large_image\" \/>\n<meta name=\"twitter:title\" content=\"Liridona Makica gewinnt den swissalbs-Unternehmerpreis 2024\" \/>\n<meta name=\"twitter:description\" content=\"Der #albanisch-schweizerische #Verein #swissalbs hat die #Gewinnerin des begehrten #Unternehmerpreises f\u00fcr das Jahr 2024 bekanntgegeben.\" \/>\n<meta name=\"twitter:image\" content=\"https:\/\/www.organisator.ch\/wp-content\/uploads\/2024\/09\/Swissalbs_Bild1_ps.jpg\" \/>\n<script type=\"application\/ld+json\" class=\"yoast-schema-graph\">{\"@context\":\"https:\\\/\\\/schema.org\",\"@graph\":[{\"@type\":\"Article\",\"@id\":\"https:\\\/\\\/www.organisator.ch\\\/management\\\/2024-09-09\\\/liridona-makica-gewinnt-den-swissalbs-unternehmerpreis-2024\\\/#article\",\"isPartOf\":{\"@id\":\"https:\\\/\\\/www.organisator.ch\\\/management\\\/2024-09-09\\\/liridona-makica-gewinnt-den-swissalbs-unternehmerpreis-2024\\\/\"},\"author\":{\"name\":\"Adelisa Kalajdzini\",\"@id\":\"https:\\\/\\\/www.organisator.ch\\\/#\\\/schema\\\/person\\\/2e1314a2172123f874db408d8911d3f3\"},\"headline\":\"Liridona Makica gewinnt den swissalbs-Unternehmerpreis 2024\",\"datePublished\":\"2024-09-09T07:27:19+00:00\",\"dateModified\":\"2024-10-18T06:07:20+00:00\",\"mainEntityOfPage\":{\"@id\":\"https:\\\/\\\/www.organisator.ch\\\/management\\\/2024-09-09\\\/liridona-makica-gewinnt-den-swissalbs-unternehmerpreis-2024\\\/\"},\"wordCount\":599,\"publisher\":{\"@id\":\"https:\\\/\\\/www.organisator.ch\\\/#organization\"},\"image\":{\"@id\":\"https:\\\/\\\/www.organisator.ch\\\/management\\\/2024-09-09\\\/liridona-makica-gewinnt-den-swissalbs-unternehmerpreis-2024\\\/#primaryimage\"},\"thumbnailUrl\":\"https:\\\/\\\/www.organisator.ch\\\/wp-content\\\/uploads\\\/2024\\\/09\\\/Swissalbs_Bild1_ps.jpg\",\"keywords\":[\"Management\",\"Preisverleihung\",\"swissalbs\",\"Unternehmen\"],\"articleSection\":[\"MANAGEMENT\"],\"inLanguage\":\"it-IT\"},{\"@type\":\"WebPage\",\"@id\":\"https:\\\/\\\/www.organisator.ch\\\/management\\\/2024-09-09\\\/liridona-makica-gewinnt-den-swissalbs-unternehmerpreis-2024\\\/\",\"url\":\"https:\\\/\\\/www.organisator.ch\\\/management\\\/2024-09-09\\\/liridona-makica-gewinnt-den-swissalbs-unternehmerpreis-2024\\\/\",\"name\":\"Liridona Makica gewinnt den swissalbs-Unternehmerpreis 2024 - Organisator\",\"isPartOf\":{\"@id\":\"https:\\\/\\\/www.organisator.ch\\\/#website\"},\"primaryImageOfPage\":{\"@id\":\"https:\\\/\\\/www.organisator.ch\\\/management\\\/2024-09-09\\\/liridona-makica-gewinnt-den-swissalbs-unternehmerpreis-2024\\\/#primaryimage\"},\"image\":{\"@id\":\"https:\\\/\\\/www.organisator.ch\\\/management\\\/2024-09-09\\\/liridona-makica-gewinnt-den-swissalbs-unternehmerpreis-2024\\\/#primaryimage\"},\"thumbnailUrl\":\"https:\\\/\\\/www.organisator.ch\\\/wp-content\\\/uploads\\\/2024\\\/09\\\/Swissalbs_Bild1_ps.jpg\",\"datePublished\":\"2024-09-09T07:27:19+00:00\",\"dateModified\":\"2024-10-18T06:07:20+00:00\",\"description\":\"Der albanisch-schweizerische Verein swissalbs hat die Gewinnerin des begehrten Unternehmerpreises f\u00fcr das Jahr 2024 bekanntgegeben.\",\"breadcrumb\":{\"@id\":\"https:\\\/\\\/www.organisator.ch\\\/management\\\/2024-09-09\\\/liridona-makica-gewinnt-den-swissalbs-unternehmerpreis-2024\\\/#breadcrumb\"},\"inLanguage\":\"it-IT\",\"potentialAction\":[{\"@type\":\"ReadAction\",\"target\":[\"https:\\\/\\\/www.organisator.ch\\\/management\\\/2024-09-09\\\/liridona-makica-gewinnt-den-swissalbs-unternehmerpreis-2024\\\/\"]}]},{\"@type\":\"ImageObject\",\"inLanguage\":\"it-IT\",\"@id\":\"https:\\\/\\\/www.organisator.ch\\\/management\\\/2024-09-09\\\/liridona-makica-gewinnt-den-swissalbs-unternehmerpreis-2024\\\/#primaryimage\",\"url\":\"https:\\\/\\\/www.organisator.ch\\\/wp-content\\\/uploads\\\/2024\\\/09\\\/Swissalbs_Bild1_ps.jpg\",\"contentUrl\":\"https:\\\/\\\/www.organisator.ch\\\/wp-content\\\/uploads\\\/2024\\\/09\\\/Swissalbs_Bild1_ps.jpg\",\"width\":680,\"height\":434,\"caption\":\"Liridona Makica, Gr\u00fcnderin und Gesch\u00e4ftsf\u00fchrerin von Spitex Dona gewinnt den swissalbs-Unternehmerpreis 2024. (Bild: www.swissalbs.ch \\\/ Albinfo)\"},{\"@type\":\"BreadcrumbList\",\"@id\":\"https:\\\/\\\/www.organisator.ch\\\/management\\\/2024-09-09\\\/liridona-makica-gewinnt-den-swissalbs-unternehmerpreis-2024\\\/#breadcrumb\",\"itemListElement\":[{\"@type\":\"ListItem\",\"position\":1,\"name\":\"Home\",\"item\":\"https:\\\/\\\/www.organisator.ch\\\/\"},{\"@type\":\"ListItem\",\"position\":2,\"name\":\"Liridona Makica gewinnt den swissalbs-Unternehmerpreis 2024\"}]},{\"@type\":\"WebSite\",\"@id\":\"https:\\\/\\\/www.organisator.ch\\\/#website\",\"url\":\"https:\\\/\\\/www.organisator.ch\\\/\",\"name\":\"Organisator\",\"description\":\"Kompetent. Praxisnah. Der ORGANISATOR bereitet in 10 Ausgaben pro Jahr die wesentlichen Themen f\u00fcr F\u00fchrungskr\u00e4fte von KMU auf.\",\"publisher\":{\"@id\":\"https:\\\/\\\/www.organisator.ch\\\/#organization\"},\"potentialAction\":[{\"@type\":\"SearchAction\",\"target\":{\"@type\":\"EntryPoint\",\"urlTemplate\":\"https:\\\/\\\/www.organisator.ch\\\/?s={search_term_string}\"},\"query-input\":{\"@type\":\"PropertyValueSpecification\",\"valueRequired\":true,\"valueName\":\"search_term_string\"}}],\"inLanguage\":\"it-IT\"},{\"@type\":\"Organization\",\"@id\":\"https:\\\/\\\/www.organisator.ch\\\/#organization\",\"name\":\"Organisator\",\"url\":\"https:\\\/\\\/www.organisator.ch\\\/\",\"logo\":{\"@type\":\"ImageObject\",\"inLanguage\":\"it-IT\",\"@id\":\"https:\\\/\\\/www.organisator.ch\\\/#\\\/schema\\\/logo\\\/image\\\/\",\"url\":\"https:\\\/\\\/www.organisator.ch\\\/wp-content\\\/uploads\\\/2022\\\/01\\\/Logo_Organisator_Website.png\",\"contentUrl\":\"https:\\\/\\\/www.organisator.ch\\\/wp-content\\\/uploads\\\/2022\\\/01\\\/Logo_Organisator_Website.png\",\"width\":800,\"height\":77,\"caption\":\"Organisator\"},\"image\":{\"@id\":\"https:\\\/\\\/www.organisator.ch\\\/#\\\/schema\\\/logo\\\/image\\\/\"},\"sameAs\":[\"https:\\\/\\\/www.facebook.com\\\/OrganisatorFachmagazin\",\"https:\\\/\\\/www.linkedin.com\\\/showcase\\\/organisator-das-magazin-fr-kmu\",\"https:\\\/\\\/www.xing.com\\\/news\\\/pages\\\/organisator-ch-695\",\"https:\\\/\\\/www.youtube.com\\\/channel\\\/UCGP2Sq0iWaZwT3BdIAQFYpw\"]},{\"@type\":\"Person\",\"@id\":\"https:\\\/\\\/www.organisator.ch\\\/#\\\/schema\\\/person\\\/2e1314a2172123f874db408d8911d3f3\",\"name\":\"Adelisa Kalajdzini\",\"image\":{\"@type\":\"ImageObject\",\"inLanguage\":\"it-IT\",\"@id\":\"https:\\\/\\\/secure.gravatar.com\\\/avatar\\\/09a397c22ac58cad6f160ee8306348599df9df58a8ede73696226897b9fa4b24?s=96&d=mm&r=g\",\"url\":\"https:\\\/\\\/secure.gravatar.com\\\/avatar\\\/09a397c22ac58cad6f160ee8306348599df9df58a8ede73696226897b9fa4b24?s=96&d=mm&r=g\",\"contentUrl\":\"https:\\\/\\\/secure.gravatar.com\\\/avatar\\\/09a397c22ac58cad6f160ee8306348599df9df58a8ede73696226897b9fa4b24?s=96&d=mm&r=g\",\"caption\":\"Adelisa Kalajdzini\"},\"url\":\"https:\\\/\\\/www.organisator.ch\\\/it\\\/author\\\/adelisa-kalajdzini\\\/\"}]}<\/script>\n<!-- \/ Yoast SEO plugin. -->","yoast_head_json":{"title":"Liridona Makica vince il Premio Imprenditore swissalbs 2024 - Organizzatore","description":"L'associazione albanese-svizzera swissalbs ha annunciato il vincitore dell'ambito Premio Imprenditore per il 2024.","robots":{"index":"index","follow":"follow","max-snippet":"max-snippet:-1","max-image-preview":"max-image-preview:large","max-video-preview":"max-video-preview:-1"},"canonical":"https:\/\/www.organisator.ch\/it\/gestione-2\/2024-09-09\/liridona-makica-gewinnt-den-swissalbs-unternehmerpreis-2024\/","og_locale":"it_IT","og_type":"article","og_title":"Liridona Makica gewinnt den swissalbs-Unternehmerpreis 2024","og_description":"Der albanisch-schweizerische Verein swissalbs hat die Gewinnerin des begehrten Unternehmerpreises f\u00fcr das Jahr 2024 bekanntgegeben.","og_url":"https:\/\/www.organisator.ch\/it\/gestione-2\/2024-09-09\/liridona-makica-gewinnt-den-swissalbs-unternehmerpreis-2024\/","og_site_name":"Organisator","article_publisher":"https:\/\/www.facebook.com\/OrganisatorFachmagazin","article_published_time":"2024-09-09T07:27:19+00:00","article_modified_time":"2024-10-18T06:07:20+00:00","og_image":[{"width":680,"height":434,"url":"https:\/\/www.organisator.ch\/wp-content\/uploads\/2024\/09\/Swissalbs_Bild1_ps.jpg","type":"image\/jpeg"}],"author":"Adelisa Kalajdzini","twitter_card":"summary_large_image","twitter_title":"Liridona Makica gewinnt den swissalbs-Unternehmerpreis 2024","twitter_description":"Der #albanisch-schweizerische #Verein #swissalbs hat die #Gewinnerin des begehrten #Unternehmerpreises f\u00fcr das Jahr 2024 bekanntgegeben.","twitter_image":"https:\/\/www.organisator.ch\/wp-content\/uploads\/2024\/09\/Swissalbs_Bild1_ps.jpg","schema":{"@context":"https:\/\/schema.org","@graph":[{"@type":"Article","@id":"https:\/\/www.organisator.ch\/management\/2024-09-09\/liridona-makica-gewinnt-den-swissalbs-unternehmerpreis-2024\/#article","isPartOf":{"@id":"https:\/\/www.organisator.ch\/management\/2024-09-09\/liridona-makica-gewinnt-den-swissalbs-unternehmerpreis-2024\/"},"author":{"name":"Adelisa Kalajdzini","@id":"https:\/\/www.organisator.ch\/#\/schema\/person\/2e1314a2172123f874db408d8911d3f3"},"headline":"Liridona Makica gewinnt den swissalbs-Unternehmerpreis 2024","datePublished":"2024-09-09T07:27:19+00:00","dateModified":"2024-10-18T06:07:20+00:00","mainEntityOfPage":{"@id":"https:\/\/www.organisator.ch\/management\/2024-09-09\/liridona-makica-gewinnt-den-swissalbs-unternehmerpreis-2024\/"},"wordCount":599,"publisher":{"@id":"https:\/\/www.organisator.ch\/#organization"},"image":{"@id":"https:\/\/www.organisator.ch\/management\/2024-09-09\/liridona-makica-gewinnt-den-swissalbs-unternehmerpreis-2024\/#primaryimage"},"thumbnailUrl":"https:\/\/www.organisator.ch\/wp-content\/uploads\/2024\/09\/Swissalbs_Bild1_ps.jpg","keywords":["Management","Preisverleihung","swissalbs","Unternehmen"],"articleSection":["MANAGEMENT"],"inLanguage":"it-IT"},{"@type":"WebPage","@id":"https:\/\/www.organisator.ch\/management\/2024-09-09\/liridona-makica-gewinnt-den-swissalbs-unternehmerpreis-2024\/","url":"https:\/\/www.organisator.ch\/management\/2024-09-09\/liridona-makica-gewinnt-den-swissalbs-unternehmerpreis-2024\/","name":"Liridona Makica vince il Premio Imprenditore swissalbs 2024 - Organizzatore","isPartOf":{"@id":"https:\/\/www.organisator.ch\/#website"},"primaryImageOfPage":{"@id":"https:\/\/www.organisator.ch\/management\/2024-09-09\/liridona-makica-gewinnt-den-swissalbs-unternehmerpreis-2024\/#primaryimage"},"image":{"@id":"https:\/\/www.organisator.ch\/management\/2024-09-09\/liridona-makica-gewinnt-den-swissalbs-unternehmerpreis-2024\/#primaryimage"},"thumbnailUrl":"https:\/\/www.organisator.ch\/wp-content\/uploads\/2024\/09\/Swissalbs_Bild1_ps.jpg","datePublished":"2024-09-09T07:27:19+00:00","dateModified":"2024-10-18T06:07:20+00:00","description":"L'associazione albanese-svizzera swissalbs ha annunciato il vincitore dell'ambito Premio Imprenditore per il 2024.","breadcrumb":{"@id":"https:\/\/www.organisator.ch\/management\/2024-09-09\/liridona-makica-gewinnt-den-swissalbs-unternehmerpreis-2024\/#breadcrumb"},"inLanguage":"it-IT","potentialAction":[{"@type":"ReadAction","target":["https:\/\/www.organisator.ch\/management\/2024-09-09\/liridona-makica-gewinnt-den-swissalbs-unternehmerpreis-2024\/"]}]},{"@type":"ImageObject","inLanguage":"it-IT","@id":"https:\/\/www.organisator.ch\/management\/2024-09-09\/liridona-makica-gewinnt-den-swissalbs-unternehmerpreis-2024\/#primaryimage","url":"https:\/\/www.organisator.ch\/wp-content\/uploads\/2024\/09\/Swissalbs_Bild1_ps.jpg","contentUrl":"https:\/\/www.organisator.ch\/wp-content\/uploads\/2024\/09\/Swissalbs_Bild1_ps.jpg","width":680,"height":434,"caption":"Liridona Makica, Gr\u00fcnderin und Gesch\u00e4ftsf\u00fchrerin von Spitex Dona gewinnt den swissalbs-Unternehmerpreis 2024. (Bild: www.swissalbs.ch \/ Albinfo)"},{"@type":"BreadcrumbList","@id":"https:\/\/www.organisator.ch\/management\/2024-09-09\/liridona-makica-gewinnt-den-swissalbs-unternehmerpreis-2024\/#breadcrumb","itemListElement":[{"@type":"ListItem","position":1,"name":"Home","item":"https:\/\/www.organisator.ch\/"},{"@type":"ListItem","position":2,"name":"Liridona Makica gewinnt den swissalbs-Unternehmerpreis 2024"}]},{"@type":"WebSite","@id":"https:\/\/www.organisator.ch\/#website","url":"https:\/\/www.organisator.ch\/","name":"Organizzatore","description":"Competente. Pratico. In 10 numeri all'anno, ORGANISATOR presenta i temi essenziali per i manager delle PMI.","publisher":{"@id":"https:\/\/www.organisator.ch\/#organization"},"potentialAction":[{"@type":"SearchAction","target":{"@type":"EntryPoint","urlTemplate":"https:\/\/www.organisator.ch\/?s={search_term_string}"},"query-input":{"@type":"PropertyValueSpecification","valueRequired":true,"valueName":"search_term_string"}}],"inLanguage":"it-IT"},{"@type":"Organization","@id":"https:\/\/www.organisator.ch\/#organization","name":"Organizzatore","url":"https:\/\/www.organisator.ch\/","logo":{"@type":"ImageObject","inLanguage":"it-IT","@id":"https:\/\/www.organisator.ch\/#\/schema\/logo\/image\/","url":"https:\/\/www.organisator.ch\/wp-content\/uploads\/2022\/01\/Logo_Organisator_Website.png","contentUrl":"https:\/\/www.organisator.ch\/wp-content\/uploads\/2022\/01\/Logo_Organisator_Website.png","width":800,"height":77,"caption":"Organisator"},"image":{"@id":"https:\/\/www.organisator.ch\/#\/schema\/logo\/image\/"},"sameAs":["https:\/\/www.facebook.com\/OrganisatorFachmagazin","https:\/\/www.linkedin.com\/showcase\/organisator-das-magazin-fr-kmu","https:\/\/www.xing.com\/news\/pages\/organisator-ch-695","https:\/\/www.youtube.com\/channel\/UCGP2Sq0iWaZwT3BdIAQFYpw"]},{"@type":"Person","@id":"https:\/\/www.organisator.ch\/#\/schema\/person\/2e1314a2172123f874db408d8911d3f3","name":"Adelisa Kalajdzini","image":{"@type":"ImageObject","inLanguage":"it-IT","@id":"https:\/\/secure.gravatar.com\/avatar\/09a397c22ac58cad6f160ee8306348599df9df58a8ede73696226897b9fa4b24?s=96&d=mm&r=g","url":"https:\/\/secure.gravatar.com\/avatar\/09a397c22ac58cad6f160ee8306348599df9df58a8ede73696226897b9fa4b24?s=96&d=mm&r=g","contentUrl":"https:\/\/secure.gravatar.com\/avatar\/09a397c22ac58cad6f160ee8306348599df9df58a8ede73696226897b9fa4b24?s=96&d=mm&r=g","caption":"Adelisa Kalajdzini"},"url":"https:\/\/www.organisator.ch\/it\/author\/adelisa-kalajdzini\/"}]}},"_links":{"self":[{"href":"https:\/\/www.organisator.ch\/it\/wp-json\/wp\/v2\/posts\/29633","targetHints":{"allow":["GET"]}}],"collection":[{"href":"https:\/\/www.organisator.ch\/it\/wp-json\/wp\/v2\/posts"}],"about":[{"href":"https:\/\/www.organisator.ch\/it\/wp-json\/wp\/v2\/types\/post"}],"author":[{"embeddable":true,"href":"https:\/\/www.organisator.ch\/it\/wp-json\/wp\/v2\/users\/58"}],"replies":[{"embeddable":true,"href":"https:\/\/www.organisator.ch\/it\/wp-json\/wp\/v2\/comments?post=29633"}],"version-history":[{"count":2,"href":"https:\/\/www.organisator.ch\/it\/wp-json\/wp\/v2\/posts\/29633\/revisions"}],"predecessor-version":[{"id":29637,"href":"https:\/\/www.organisator.ch\/it\/wp-json\/wp\/v2\/posts\/29633\/revisions\/29637"}],"wp:featuredmedia":[{"embeddable":true,"href":"https:\/\/www.organisator.ch\/it\/wp-json\/wp\/v2\/media\/29634"}],"wp:attachment":[{"href":"https:\/\/www.organisator.ch\/it\/wp-json\/wp\/v2\/media?parent=29633"}],"wp:term":[{"taxonomy":"category","embeddable":true,"href":"https:\/\/www.organisator.ch\/it\/wp-json\/wp\/v2\/categories?post=29633"},{"taxonomy":"post_tag","embeddable":true,"href":"https:\/\/www.organisator.ch\/it\/wp-json\/wp\/v2\/tags?post=29633"}],"curies":[{"name":"wp","href":"https:\/\/api.w.org\/{rel}","templated":true}]}}