{"id":29648,"date":"2024-09-10T06:46:16","date_gmt":"2024-09-10T04:46:16","guid":{"rendered":"https:\/\/www.organisator.ch\/?p=29648"},"modified":"2024-09-09T14:46:37","modified_gmt":"2024-09-09T12:46:37","slug":"von-kmu-fuer-kmu-parato-ch-unterstuetzt-kmu-bei-der-digitalisierung","status":"publish","type":"post","link":"https:\/\/www.organisator.ch\/it\/operational-excellence\/2024-09-10\/von-kmu-fuer-kmu-parato-ch-unterstuetzt-kmu-bei-der-digitalisierung\/","title":{"rendered":"Dalle PMI per le PMI: Parato.ch sostiene le PMI nella digitalizzazione"},"content":{"rendered":"<figure id=\"attachment_29653\" aria-describedby=\"caption-attachment-29653\" style=\"width: 680px\" class=\"wp-caption alignnone\"><img loading=\"lazy\" decoding=\"async\" class=\"size-full wp-image-29653\" src=\"https:\/\/www.organisator.ch\/wp-content\/uploads\/2024\/09\/Swisscom_Bild1_ps.jpg\" alt=\"\" width=\"680\" height=\"409\" srcset=\"https:\/\/www.organisator.ch\/wp-content\/uploads\/2024\/09\/Swisscom_Bild1_ps.jpg 680w, https:\/\/www.organisator.ch\/wp-content\/uploads\/2024\/09\/Swisscom_Bild1_ps-18x12.jpg 18w, https:\/\/www.organisator.ch\/wp-content\/uploads\/2024\/09\/Swisscom_Bild1_ps-375x226.jpg 375w, https:\/\/www.organisator.ch\/wp-content\/uploads\/2024\/09\/Swisscom_Bild1_ps-582x350.jpg 582w\" sizes=\"auto, (max-width: 680px) 100vw, 680px\" \/><figcaption id=\"caption-attachment-29653\" class=\"wp-caption-text\">Parato.ch fornisce alle PMI il supporto necessario per portare avanti la digitalizzazione. (Immagine: www.depositphotos.com)<\/figcaption><\/figure>\n<p>\u00c8 noto che la digitalizzazione pone delle sfide alle PMI. Allo stesso tempo, pi\u00f9 della met\u00e0 delle PMI dichiara di avere una conoscenza insufficiente delle tecnologie informatiche, in particolare per quanto riguarda il tema della sicurezza informatica. Parato.ch offre alle PMI il supporto necessario per portare avanti la digitalizzazione dell'azienda nel suo complesso, sulla base di un approccio standardizzato e di soluzioni collaudate. Questo rende la digitalizzazione pi\u00f9 veloce, pi\u00f9 economica e pi\u00f9 fattibile per ogni PMI.<\/p>\n<h3><strong>Digitalizzazione ad altezza d'uomo <\/strong><\/h3>\n<p>Parato.ch \u00e8 un mercato digitale che mette in contatto le PMI con esperti di digitalizzazione di provata efficacia nella regione. Si tratta di aziende IT che dispongono delle competenze e dell'esperienza necessarie e che conoscono fin troppo bene le sfide che le PMI devono affrontare. In qualit\u00e0 di partner di fiducia, supportano le PMI nella digitalizzazione, dall'accesso alla rete alle moderne soluzioni per il posto di lavoro, fino agli strumenti di marketing e vendita per una crescita sostenibile. Sono responsabili della consulenza, della pianificazione e dell'attuazione delle misure di digitalizzazione. Ci\u00f2 garantisce che i singoli servizi e soluzioni siano armonizzati tra loro. Questo \u00e8 fondamentale per ridurre al minimo le lacune in termini di sicurezza e garantire un'operativit\u00e0 senza intoppi.<\/p>\n<p>Parato.ch \u00e8 un ecosistema aperto e al momento del lancio conta otto partner di piattaforma. Le attivit\u00e0 commerciali si concentreranno inizialmente sulla Svizzera tedesca. L'obiettivo \u00e8 quello di espandere ulteriormente la rete.\u00a0<\/p>\n<h3><strong>SwissDigiNet e Swisscom come forte spina dorsale<\/strong><\/h3>\n<p>Parato.ch \u00e8 sostenuto da Parato AG, una joint venture tra SwissDigiNet e Swisscom con Markus M\u00fchlemann come CEO. Entrambe le societ\u00e0 sono gi\u00e0 attive nella digitalizzazione dell'economia svizzera. Il mercato digitale intende ora colmare una lacuna del mercato per rispondere ancora meglio alle esigenze delle PMI svizzere.  \"La nostra esperienza dimostra che in Svizzera esiste una forte domanda di soluzioni coordinate nel campo della digitalizzazione per le PMI. Molte aziende devono recuperare terreno e hanno bisogno di supporto in questo settore. Parato AG colma questa lacuna e offre alle PMI una piattaforma affidabile\", afferma Markus M\u00fchlemann, CEO di Parato AG. Urs Lehner, responsabile Clienti commerciali di Swisscom e membro della Direzione del Gruppo Swisscom, afferma: \"Vogliamo plasmare insieme il futuro digitale. Per questo motivo stiamo portando avanti attivamente la digitalizzazione della Svizzera e allo stesso tempo rafforziamo le aziende IT nelle regioni con Parato.ch\".<\/p>\n<p>Parato AG fa parte di 51% Swisscom e operer\u00e0 sul mercato come filiale indipendente. Swisscom continuer\u00e0 a lavorare come sempre con i suoi attuali partner IT per le PMI.\u00a0<\/p>\n<p><em>Fonte: <a href=\"http:\/\/www.swisscom.ch\">www.swisscom.ch<\/a> \/ <a href=\"http:\/\/www.parato.ch\">www.parato.ch<\/a><\/em><\/p>","protected":false},"excerpt":{"rendered":"<p>La piattaforma Parato.ch mette in contatto le PMI con gli esperti e le supporta nella digitalizzazione, in modo pi\u00f9 rapido ed economico grazie a offerte standard collaudate. Gli esperti sono al fianco delle PMI dalla consulenza all'implementazione di misure di digitalizzazione globali. Parato AG \u00e8 una joint venture tra SwissDigiNet e Swisscom. Il suo CEO \u00e8 Markus M\u00fchlemann.  <\/p>","protected":false},"author":58,"featured_media":29653,"comment_status":"closed","ping_status":"closed","sticky":false,"template":"","format":"standard","meta":{"_acf_changed":false,"_yoast_wpseo_focuskw":"Parato.ch","_yoast_wpseo_metadesc":"Die Plattform Parato.ch vernetzt KMU mit Experten und unterst\u00fctzt sie bei der Digitalisierung - dank bew\u00e4hrten Standardangeboten schneller und letztlich g\u00fcnstiger.","articlekey":"","footnotes":""},"categories":[582],"tags":[156,301,2755,2962,492],"class_list":["post-29648","post","type-post","status-publish","format-standard","has-post-thumbnail","hentry","category-operational-excellence","tag-digitalisierung","tag-kmu","tag-operational-excellence","tag-swisscom","tag-unternehmen"],"acf":[],"yoast_head":"<!-- This site is optimized with the Yoast SEO plugin v27.4 - https:\/\/yoast.com\/product\/yoast-seo-wordpress\/ -->\n<title>Von KMU f\u00fcr KMU: Parato.ch unterst\u00fctzt KMU bei der Digitalisierung - Organisator<\/title>\n<meta name=\"description\" content=\"Die Plattform Parato.ch vernetzt KMU mit Experten und unterst\u00fctzt sie bei der Digitalisierung - dank bew\u00e4hrten Standardangeboten schneller und letztlich g\u00fcnstiger.\" \/>\n<meta name=\"robots\" content=\"index, follow, max-snippet:-1, max-image-preview:large, max-video-preview:-1\" \/>\n<link rel=\"canonical\" href=\"https:\/\/www.organisator.ch\/it\/eccellenza-operativa\/2024-09-10\/von-kmu-fuer-kmu-parato-ch-unterstuetzt-kmu-bei-der-digitalisierung\/\" \/>\n<meta property=\"og:locale\" content=\"it_IT\" \/>\n<meta property=\"og:type\" content=\"article\" \/>\n<meta property=\"og:title\" content=\"Von KMU f\u00fcr KMU: Parato.ch unterst\u00fctzt KMU bei der Digitalisierung\" \/>\n<meta property=\"og:description\" content=\"Die Plattform Parato.ch vernetzt KMU mit Experten und unterst\u00fctzt sie bei der Digitalisierung - dank bew\u00e4hrten Standardangeboten schneller und letztlich g\u00fcnstiger.\" \/>\n<meta property=\"og:url\" content=\"https:\/\/www.organisator.ch\/it\/eccellenza-operativa\/2024-09-10\/von-kmu-fuer-kmu-parato-ch-unterstuetzt-kmu-bei-der-digitalisierung\/\" \/>\n<meta property=\"og:site_name\" content=\"Organisator\" \/>\n<meta property=\"article:publisher\" content=\"https:\/\/www.facebook.com\/OrganisatorFachmagazin\" \/>\n<meta property=\"article:published_time\" content=\"2024-09-10T04:46:16+00:00\" \/>\n<meta property=\"og:image\" content=\"https:\/\/www.organisator.ch\/wp-content\/uploads\/2024\/09\/Swisscom_Bild1_ps.jpg\" \/>\n\t<meta property=\"og:image:width\" content=\"680\" \/>\n\t<meta property=\"og:image:height\" content=\"409\" \/>\n\t<meta property=\"og:image:type\" content=\"image\/jpeg\" \/>\n<meta name=\"author\" content=\"Adelisa Kalajdzini\" \/>\n<meta name=\"twitter:card\" content=\"summary_large_image\" \/>\n<meta name=\"twitter:title\" content=\"Von KMU f\u00fcr KMU: Parato.ch unterst\u00fctzt KMU bei der Digitalisierung\" \/>\n<meta name=\"twitter:description\" content=\"Die Plattform #Parato.ch vernetzt #KMU mit #Experten und unterst\u00fctzt sie bei der #Digitalisierung - dank bew\u00e4hrten #Standardangeboten schneller und letztlich g\u00fcnstiger.\" \/>\n<meta name=\"twitter:image\" content=\"https:\/\/www.organisator.ch\/wp-content\/uploads\/2024\/09\/Swisscom_Bild1_ps.jpg\" \/>\n<script type=\"application\/ld+json\" class=\"yoast-schema-graph\">{\"@context\":\"https:\\\/\\\/schema.org\",\"@graph\":[{\"@type\":\"Article\",\"@id\":\"https:\\\/\\\/www.organisator.ch\\\/operational-excellence\\\/2024-09-10\\\/von-kmu-fuer-kmu-parato-ch-unterstuetzt-kmu-bei-der-digitalisierung\\\/#article\",\"isPartOf\":{\"@id\":\"https:\\\/\\\/www.organisator.ch\\\/operational-excellence\\\/2024-09-10\\\/von-kmu-fuer-kmu-parato-ch-unterstuetzt-kmu-bei-der-digitalisierung\\\/\"},\"author\":{\"name\":\"Adelisa Kalajdzini\",\"@id\":\"https:\\\/\\\/www.organisator.ch\\\/#\\\/schema\\\/person\\\/2e1314a2172123f874db408d8911d3f3\"},\"headline\":\"Von KMU f\u00fcr KMU: Parato.ch unterst\u00fctzt KMU bei der Digitalisierung\",\"datePublished\":\"2024-09-10T04:46:16+00:00\",\"mainEntityOfPage\":{\"@id\":\"https:\\\/\\\/www.organisator.ch\\\/operational-excellence\\\/2024-09-10\\\/von-kmu-fuer-kmu-parato-ch-unterstuetzt-kmu-bei-der-digitalisierung\\\/\"},\"wordCount\":437,\"publisher\":{\"@id\":\"https:\\\/\\\/www.organisator.ch\\\/#organization\"},\"image\":{\"@id\":\"https:\\\/\\\/www.organisator.ch\\\/operational-excellence\\\/2024-09-10\\\/von-kmu-fuer-kmu-parato-ch-unterstuetzt-kmu-bei-der-digitalisierung\\\/#primaryimage\"},\"thumbnailUrl\":\"https:\\\/\\\/www.organisator.ch\\\/wp-content\\\/uploads\\\/2024\\\/09\\\/Swisscom_Bild1_ps.jpg\",\"keywords\":[\"Digitalisierung\",\"KMU\",\"OPERATIONAL EXCELLENCE\",\"Swisscom\",\"Unternehmen\"],\"articleSection\":[\"OPERATIONAL EXCELLENCE\"],\"inLanguage\":\"it-IT\"},{\"@type\":\"WebPage\",\"@id\":\"https:\\\/\\\/www.organisator.ch\\\/operational-excellence\\\/2024-09-10\\\/von-kmu-fuer-kmu-parato-ch-unterstuetzt-kmu-bei-der-digitalisierung\\\/\",\"url\":\"https:\\\/\\\/www.organisator.ch\\\/operational-excellence\\\/2024-09-10\\\/von-kmu-fuer-kmu-parato-ch-unterstuetzt-kmu-bei-der-digitalisierung\\\/\",\"name\":\"Von KMU f\u00fcr KMU: Parato.ch unterst\u00fctzt KMU bei der Digitalisierung - Organisator\",\"isPartOf\":{\"@id\":\"https:\\\/\\\/www.organisator.ch\\\/#website\"},\"primaryImageOfPage\":{\"@id\":\"https:\\\/\\\/www.organisator.ch\\\/operational-excellence\\\/2024-09-10\\\/von-kmu-fuer-kmu-parato-ch-unterstuetzt-kmu-bei-der-digitalisierung\\\/#primaryimage\"},\"image\":{\"@id\":\"https:\\\/\\\/www.organisator.ch\\\/operational-excellence\\\/2024-09-10\\\/von-kmu-fuer-kmu-parato-ch-unterstuetzt-kmu-bei-der-digitalisierung\\\/#primaryimage\"},\"thumbnailUrl\":\"https:\\\/\\\/www.organisator.ch\\\/wp-content\\\/uploads\\\/2024\\\/09\\\/Swisscom_Bild1_ps.jpg\",\"datePublished\":\"2024-09-10T04:46:16+00:00\",\"description\":\"Die Plattform Parato.ch vernetzt KMU mit Experten und unterst\u00fctzt sie bei der Digitalisierung - dank bew\u00e4hrten Standardangeboten schneller und letztlich g\u00fcnstiger.\",\"breadcrumb\":{\"@id\":\"https:\\\/\\\/www.organisator.ch\\\/operational-excellence\\\/2024-09-10\\\/von-kmu-fuer-kmu-parato-ch-unterstuetzt-kmu-bei-der-digitalisierung\\\/#breadcrumb\"},\"inLanguage\":\"it-IT\",\"potentialAction\":[{\"@type\":\"ReadAction\",\"target\":[\"https:\\\/\\\/www.organisator.ch\\\/operational-excellence\\\/2024-09-10\\\/von-kmu-fuer-kmu-parato-ch-unterstuetzt-kmu-bei-der-digitalisierung\\\/\"]}]},{\"@type\":\"ImageObject\",\"inLanguage\":\"it-IT\",\"@id\":\"https:\\\/\\\/www.organisator.ch\\\/operational-excellence\\\/2024-09-10\\\/von-kmu-fuer-kmu-parato-ch-unterstuetzt-kmu-bei-der-digitalisierung\\\/#primaryimage\",\"url\":\"https:\\\/\\\/www.organisator.ch\\\/wp-content\\\/uploads\\\/2024\\\/09\\\/Swisscom_Bild1_ps.jpg\",\"contentUrl\":\"https:\\\/\\\/www.organisator.ch\\\/wp-content\\\/uploads\\\/2024\\\/09\\\/Swisscom_Bild1_ps.jpg\",\"width\":680,\"height\":409,\"caption\":\"Mit Parato.ch erhalten KMU die notwendige Unterst\u00fctzung, um die Digitalisierung voranzutreiben. (Bild: www.depositphotos.com)\"},{\"@type\":\"BreadcrumbList\",\"@id\":\"https:\\\/\\\/www.organisator.ch\\\/operational-excellence\\\/2024-09-10\\\/von-kmu-fuer-kmu-parato-ch-unterstuetzt-kmu-bei-der-digitalisierung\\\/#breadcrumb\",\"itemListElement\":[{\"@type\":\"ListItem\",\"position\":1,\"name\":\"Home\",\"item\":\"https:\\\/\\\/www.organisator.ch\\\/\"},{\"@type\":\"ListItem\",\"position\":2,\"name\":\"Von KMU f\u00fcr KMU: Parato.ch unterst\u00fctzt KMU bei der Digitalisierung\"}]},{\"@type\":\"WebSite\",\"@id\":\"https:\\\/\\\/www.organisator.ch\\\/#website\",\"url\":\"https:\\\/\\\/www.organisator.ch\\\/\",\"name\":\"Organisator\",\"description\":\"Kompetent. Praxisnah. Der ORGANISATOR bereitet in 10 Ausgaben pro Jahr die wesentlichen Themen f\u00fcr F\u00fchrungskr\u00e4fte von KMU auf.\",\"publisher\":{\"@id\":\"https:\\\/\\\/www.organisator.ch\\\/#organization\"},\"potentialAction\":[{\"@type\":\"SearchAction\",\"target\":{\"@type\":\"EntryPoint\",\"urlTemplate\":\"https:\\\/\\\/www.organisator.ch\\\/?s={search_term_string}\"},\"query-input\":{\"@type\":\"PropertyValueSpecification\",\"valueRequired\":true,\"valueName\":\"search_term_string\"}}],\"inLanguage\":\"it-IT\"},{\"@type\":\"Organization\",\"@id\":\"https:\\\/\\\/www.organisator.ch\\\/#organization\",\"name\":\"Organisator\",\"url\":\"https:\\\/\\\/www.organisator.ch\\\/\",\"logo\":{\"@type\":\"ImageObject\",\"inLanguage\":\"it-IT\",\"@id\":\"https:\\\/\\\/www.organisator.ch\\\/#\\\/schema\\\/logo\\\/image\\\/\",\"url\":\"https:\\\/\\\/www.organisator.ch\\\/wp-content\\\/uploads\\\/2022\\\/01\\\/Logo_Organisator_Website.png\",\"contentUrl\":\"https:\\\/\\\/www.organisator.ch\\\/wp-content\\\/uploads\\\/2022\\\/01\\\/Logo_Organisator_Website.png\",\"width\":800,\"height\":77,\"caption\":\"Organisator\"},\"image\":{\"@id\":\"https:\\\/\\\/www.organisator.ch\\\/#\\\/schema\\\/logo\\\/image\\\/\"},\"sameAs\":[\"https:\\\/\\\/www.facebook.com\\\/OrganisatorFachmagazin\",\"https:\\\/\\\/www.linkedin.com\\\/showcase\\\/organisator-das-magazin-fr-kmu\",\"https:\\\/\\\/www.xing.com\\\/news\\\/pages\\\/organisator-ch-695\",\"https:\\\/\\\/www.youtube.com\\\/channel\\\/UCGP2Sq0iWaZwT3BdIAQFYpw\"]},{\"@type\":\"Person\",\"@id\":\"https:\\\/\\\/www.organisator.ch\\\/#\\\/schema\\\/person\\\/2e1314a2172123f874db408d8911d3f3\",\"name\":\"Adelisa Kalajdzini\",\"image\":{\"@type\":\"ImageObject\",\"inLanguage\":\"it-IT\",\"@id\":\"https:\\\/\\\/secure.gravatar.com\\\/avatar\\\/09a397c22ac58cad6f160ee8306348599df9df58a8ede73696226897b9fa4b24?s=96&d=mm&r=g\",\"url\":\"https:\\\/\\\/secure.gravatar.com\\\/avatar\\\/09a397c22ac58cad6f160ee8306348599df9df58a8ede73696226897b9fa4b24?s=96&d=mm&r=g\",\"contentUrl\":\"https:\\\/\\\/secure.gravatar.com\\\/avatar\\\/09a397c22ac58cad6f160ee8306348599df9df58a8ede73696226897b9fa4b24?s=96&d=mm&r=g\",\"caption\":\"Adelisa Kalajdzini\"},\"url\":\"https:\\\/\\\/www.organisator.ch\\\/it\\\/author\\\/adelisa-kalajdzini\\\/\"}]}<\/script>\n<!-- \/ Yoast SEO plugin. -->","yoast_head_json":{"title":"Dalle PMI per le PMI: Parato.ch sostiene le PMI nella digitalizzazione - Organizzatore","description":"La piattaforma Parato.ch mette in contatto le PMI con gli esperti e le supporta nella digitalizzazione, in modo pi\u00f9 rapido ed economico grazie a offerte standard consolidate.","robots":{"index":"index","follow":"follow","max-snippet":"max-snippet:-1","max-image-preview":"max-image-preview:large","max-video-preview":"max-video-preview:-1"},"canonical":"https:\/\/www.organisator.ch\/it\/eccellenza-operativa\/2024-09-10\/von-kmu-fuer-kmu-parato-ch-unterstuetzt-kmu-bei-der-digitalisierung\/","og_locale":"it_IT","og_type":"article","og_title":"Von KMU f\u00fcr KMU: Parato.ch unterst\u00fctzt KMU bei der Digitalisierung","og_description":"Die Plattform Parato.ch vernetzt KMU mit Experten und unterst\u00fctzt sie bei der Digitalisierung - dank bew\u00e4hrten Standardangeboten schneller und letztlich g\u00fcnstiger.","og_url":"https:\/\/www.organisator.ch\/it\/eccellenza-operativa\/2024-09-10\/von-kmu-fuer-kmu-parato-ch-unterstuetzt-kmu-bei-der-digitalisierung\/","og_site_name":"Organisator","article_publisher":"https:\/\/www.facebook.com\/OrganisatorFachmagazin","article_published_time":"2024-09-10T04:46:16+00:00","og_image":[{"width":680,"height":409,"url":"https:\/\/www.organisator.ch\/wp-content\/uploads\/2024\/09\/Swisscom_Bild1_ps.jpg","type":"image\/jpeg"}],"author":"Adelisa Kalajdzini","twitter_card":"summary_large_image","twitter_title":"Von KMU f\u00fcr KMU: Parato.ch unterst\u00fctzt KMU bei der Digitalisierung","twitter_description":"Die Plattform #Parato.ch vernetzt #KMU mit #Experten und unterst\u00fctzt sie bei der #Digitalisierung - dank bew\u00e4hrten #Standardangeboten schneller und letztlich g\u00fcnstiger.","twitter_image":"https:\/\/www.organisator.ch\/wp-content\/uploads\/2024\/09\/Swisscom_Bild1_ps.jpg","schema":{"@context":"https:\/\/schema.org","@graph":[{"@type":"Article","@id":"https:\/\/www.organisator.ch\/operational-excellence\/2024-09-10\/von-kmu-fuer-kmu-parato-ch-unterstuetzt-kmu-bei-der-digitalisierung\/#article","isPartOf":{"@id":"https:\/\/www.organisator.ch\/operational-excellence\/2024-09-10\/von-kmu-fuer-kmu-parato-ch-unterstuetzt-kmu-bei-der-digitalisierung\/"},"author":{"name":"Adelisa Kalajdzini","@id":"https:\/\/www.organisator.ch\/#\/schema\/person\/2e1314a2172123f874db408d8911d3f3"},"headline":"Von KMU f\u00fcr KMU: Parato.ch unterst\u00fctzt KMU bei der Digitalisierung","datePublished":"2024-09-10T04:46:16+00:00","mainEntityOfPage":{"@id":"https:\/\/www.organisator.ch\/operational-excellence\/2024-09-10\/von-kmu-fuer-kmu-parato-ch-unterstuetzt-kmu-bei-der-digitalisierung\/"},"wordCount":437,"publisher":{"@id":"https:\/\/www.organisator.ch\/#organization"},"image":{"@id":"https:\/\/www.organisator.ch\/operational-excellence\/2024-09-10\/von-kmu-fuer-kmu-parato-ch-unterstuetzt-kmu-bei-der-digitalisierung\/#primaryimage"},"thumbnailUrl":"https:\/\/www.organisator.ch\/wp-content\/uploads\/2024\/09\/Swisscom_Bild1_ps.jpg","keywords":["Digitalisierung","KMU","OPERATIONAL EXCELLENCE","Swisscom","Unternehmen"],"articleSection":["OPERATIONAL EXCELLENCE"],"inLanguage":"it-IT"},{"@type":"WebPage","@id":"https:\/\/www.organisator.ch\/operational-excellence\/2024-09-10\/von-kmu-fuer-kmu-parato-ch-unterstuetzt-kmu-bei-der-digitalisierung\/","url":"https:\/\/www.organisator.ch\/operational-excellence\/2024-09-10\/von-kmu-fuer-kmu-parato-ch-unterstuetzt-kmu-bei-der-digitalisierung\/","name":"Dalle PMI per le PMI: Parato.ch sostiene le PMI nella digitalizzazione - Organizzatore","isPartOf":{"@id":"https:\/\/www.organisator.ch\/#website"},"primaryImageOfPage":{"@id":"https:\/\/www.organisator.ch\/operational-excellence\/2024-09-10\/von-kmu-fuer-kmu-parato-ch-unterstuetzt-kmu-bei-der-digitalisierung\/#primaryimage"},"image":{"@id":"https:\/\/www.organisator.ch\/operational-excellence\/2024-09-10\/von-kmu-fuer-kmu-parato-ch-unterstuetzt-kmu-bei-der-digitalisierung\/#primaryimage"},"thumbnailUrl":"https:\/\/www.organisator.ch\/wp-content\/uploads\/2024\/09\/Swisscom_Bild1_ps.jpg","datePublished":"2024-09-10T04:46:16+00:00","description":"La piattaforma Parato.ch mette in contatto le PMI con gli esperti e le supporta nella digitalizzazione, in modo pi\u00f9 rapido ed economico grazie a offerte standard consolidate.","breadcrumb":{"@id":"https:\/\/www.organisator.ch\/operational-excellence\/2024-09-10\/von-kmu-fuer-kmu-parato-ch-unterstuetzt-kmu-bei-der-digitalisierung\/#breadcrumb"},"inLanguage":"it-IT","potentialAction":[{"@type":"ReadAction","target":["https:\/\/www.organisator.ch\/operational-excellence\/2024-09-10\/von-kmu-fuer-kmu-parato-ch-unterstuetzt-kmu-bei-der-digitalisierung\/"]}]},{"@type":"ImageObject","inLanguage":"it-IT","@id":"https:\/\/www.organisator.ch\/operational-excellence\/2024-09-10\/von-kmu-fuer-kmu-parato-ch-unterstuetzt-kmu-bei-der-digitalisierung\/#primaryimage","url":"https:\/\/www.organisator.ch\/wp-content\/uploads\/2024\/09\/Swisscom_Bild1_ps.jpg","contentUrl":"https:\/\/www.organisator.ch\/wp-content\/uploads\/2024\/09\/Swisscom_Bild1_ps.jpg","width":680,"height":409,"caption":"Mit Parato.ch erhalten KMU die notwendige Unterst\u00fctzung, um die Digitalisierung voranzutreiben. (Bild: www.depositphotos.com)"},{"@type":"BreadcrumbList","@id":"https:\/\/www.organisator.ch\/operational-excellence\/2024-09-10\/von-kmu-fuer-kmu-parato-ch-unterstuetzt-kmu-bei-der-digitalisierung\/#breadcrumb","itemListElement":[{"@type":"ListItem","position":1,"name":"Home","item":"https:\/\/www.organisator.ch\/"},{"@type":"ListItem","position":2,"name":"Von KMU f\u00fcr KMU: Parato.ch unterst\u00fctzt KMU bei der Digitalisierung"}]},{"@type":"WebSite","@id":"https:\/\/www.organisator.ch\/#website","url":"https:\/\/www.organisator.ch\/","name":"Organizzatore","description":"Competente. Pratico. In 10 numeri all'anno, ORGANISATOR presenta i temi essenziali per i manager delle PMI.","publisher":{"@id":"https:\/\/www.organisator.ch\/#organization"},"potentialAction":[{"@type":"SearchAction","target":{"@type":"EntryPoint","urlTemplate":"https:\/\/www.organisator.ch\/?s={search_term_string}"},"query-input":{"@type":"PropertyValueSpecification","valueRequired":true,"valueName":"search_term_string"}}],"inLanguage":"it-IT"},{"@type":"Organization","@id":"https:\/\/www.organisator.ch\/#organization","name":"Organizzatore","url":"https:\/\/www.organisator.ch\/","logo":{"@type":"ImageObject","inLanguage":"it-IT","@id":"https:\/\/www.organisator.ch\/#\/schema\/logo\/image\/","url":"https:\/\/www.organisator.ch\/wp-content\/uploads\/2022\/01\/Logo_Organisator_Website.png","contentUrl":"https:\/\/www.organisator.ch\/wp-content\/uploads\/2022\/01\/Logo_Organisator_Website.png","width":800,"height":77,"caption":"Organisator"},"image":{"@id":"https:\/\/www.organisator.ch\/#\/schema\/logo\/image\/"},"sameAs":["https:\/\/www.facebook.com\/OrganisatorFachmagazin","https:\/\/www.linkedin.com\/showcase\/organisator-das-magazin-fr-kmu","https:\/\/www.xing.com\/news\/pages\/organisator-ch-695","https:\/\/www.youtube.com\/channel\/UCGP2Sq0iWaZwT3BdIAQFYpw"]},{"@type":"Person","@id":"https:\/\/www.organisator.ch\/#\/schema\/person\/2e1314a2172123f874db408d8911d3f3","name":"Adelisa Kalajdzini","image":{"@type":"ImageObject","inLanguage":"it-IT","@id":"https:\/\/secure.gravatar.com\/avatar\/09a397c22ac58cad6f160ee8306348599df9df58a8ede73696226897b9fa4b24?s=96&d=mm&r=g","url":"https:\/\/secure.gravatar.com\/avatar\/09a397c22ac58cad6f160ee8306348599df9df58a8ede73696226897b9fa4b24?s=96&d=mm&r=g","contentUrl":"https:\/\/secure.gravatar.com\/avatar\/09a397c22ac58cad6f160ee8306348599df9df58a8ede73696226897b9fa4b24?s=96&d=mm&r=g","caption":"Adelisa Kalajdzini"},"url":"https:\/\/www.organisator.ch\/it\/author\/adelisa-kalajdzini\/"}]}},"_links":{"self":[{"href":"https:\/\/www.organisator.ch\/it\/wp-json\/wp\/v2\/posts\/29648","targetHints":{"allow":["GET"]}}],"collection":[{"href":"https:\/\/www.organisator.ch\/it\/wp-json\/wp\/v2\/posts"}],"about":[{"href":"https:\/\/www.organisator.ch\/it\/wp-json\/wp\/v2\/types\/post"}],"author":[{"embeddable":true,"href":"https:\/\/www.organisator.ch\/it\/wp-json\/wp\/v2\/users\/58"}],"replies":[{"embeddable":true,"href":"https:\/\/www.organisator.ch\/it\/wp-json\/wp\/v2\/comments?post=29648"}],"version-history":[{"count":3,"href":"https:\/\/www.organisator.ch\/it\/wp-json\/wp\/v2\/posts\/29648\/revisions"}],"predecessor-version":[{"id":29708,"href":"https:\/\/www.organisator.ch\/it\/wp-json\/wp\/v2\/posts\/29648\/revisions\/29708"}],"wp:featuredmedia":[{"embeddable":true,"href":"https:\/\/www.organisator.ch\/it\/wp-json\/wp\/v2\/media\/29653"}],"wp:attachment":[{"href":"https:\/\/www.organisator.ch\/it\/wp-json\/wp\/v2\/media?parent=29648"}],"wp:term":[{"taxonomy":"category","embeddable":true,"href":"https:\/\/www.organisator.ch\/it\/wp-json\/wp\/v2\/categories?post=29648"},{"taxonomy":"post_tag","embeddable":true,"href":"https:\/\/www.organisator.ch\/it\/wp-json\/wp\/v2\/tags?post=29648"}],"curies":[{"name":"wp","href":"https:\/\/api.w.org\/{rel}","templated":true}]}}