{"id":29655,"date":"2024-09-10T09:00:26","date_gmt":"2024-09-10T07:00:26","guid":{"rendered":"https:\/\/www.organisator.ch\/?p=29655"},"modified":"2024-09-09T15:18:03","modified_gmt":"2024-09-09T13:18:03","slug":"die-obt-ag-ernennt-zwei-neue-geschaeftsleitungsmitglieder","status":"publish","type":"post","link":"https:\/\/www.organisator.ch\/it\/management\/2024-09-10\/die-obt-ag-ernennt-zwei-neue-geschaeftsleitungsmitglieder\/","title":{"rendered":"OBT AG nomina due nuovi membri del Consiglio di amministrazione"},"content":{"rendered":"<figure id=\"attachment_29656\" aria-describedby=\"caption-attachment-29656\" style=\"width: 680px\" class=\"wp-caption alignnone\"><img loading=\"lazy\" decoding=\"async\" class=\"size-full wp-image-29656\" src=\"https:\/\/www.organisator.ch\/wp-content\/uploads\/2024\/09\/OBT-AG_Bild1_ps.jpg\" alt=\"\" width=\"680\" height=\"474\" srcset=\"https:\/\/www.organisator.ch\/wp-content\/uploads\/2024\/09\/OBT-AG_Bild1_ps.jpg 680w, https:\/\/www.organisator.ch\/wp-content\/uploads\/2024\/09\/OBT-AG_Bild1_ps-18x12.jpg 18w, https:\/\/www.organisator.ch\/wp-content\/uploads\/2024\/09\/OBT-AG_Bild1_ps-375x261.jpg 375w, https:\/\/www.organisator.ch\/wp-content\/uploads\/2024\/09\/OBT-AG_Bild1_ps-502x350.jpg 502w\" sizes=\"auto, (max-width: 680px) 100vw, 680px\" \/><figcaption id=\"caption-attachment-29656\" class=\"wp-caption-text\">Da sinistra a destra: Thomas Z\u00fcger, CEO, Daniel Diethelm, Samuel Kistler, Reto Schaffner, Presidente. (Immagine: www.obt.ch)<\/figcaption><\/figure>\n<p>L'Assemblea dei soci di OBT AG ha nominato due nuovi membri del Comitato esecutivo, Daniel Diethelm e Samuel Kistler, a partire dal 1\u00b0 ottobre 2024. Daniel Diethelm assumer\u00e0 il ruolo di CFO del Gruppo OBT e di COO del dipartimento IT, mentre Samuel Kistler entrer\u00e0 a far parte del Comitato esecutivo in qualit\u00e0 di Responsabile dei servizi fiduciari Regione Nord.<\/p>\n<p>La nomina dei due esperti rafforzer\u00e0 i dipartimenti fiduciario e informatico, mentre la pluriennale esperienza specialistica e manageriale esterna e interna di Daniel Diethelm e Samuel Kistler contribuir\u00e0 in modo significativo al futuro di successo del Gruppo OBT.<\/p>\n<h3><strong>Combinazione di competenze interne ed esterne<\/strong><\/h3>\n<p>Daniel Diethelm \u00e8 entrato a far parte di OBT AG nel luglio 2018 come responsabile del Centro Servizi. Negli ultimi anni ha svolto un ruolo chiave nella costante crescita del gruppo e in diversi progetti. Ora \u00e8 CFO del Gruppo OBT e COO del reparto IT. Prima di entrare in OBT, Daniel Diethelm ha ricoperto diverse posizioni presso Credit Suisse e nella divisione Finance &amp; Controlling del consiglio di amministrazione di una PMI internazionale. Ha studiato economia aziendale all'Universit\u00e0 di Zurigo ed \u00e8 titolare di una carta CFA, nonch\u00e9 esperto certificato in contabilit\u00e0 e controllo.<\/p>\n<p>Samuel Kistler \u00e8 entrato in OBT AG nell'ottobre 2023. Da allora dirige la Regione Fiduciaria Nord e guida la trasformazione digitale del dipartimento Fiduciaria. Ha iniziato la sua carriera presso E&amp;Y nel dipartimento di revisione contabile prima di assumere un ruolo dirigenziale nel Group Reporting and Controlling del Gruppo Holcim. Pi\u00f9 recentemente, \u00e8 stato partner di Avanta Group. Oltre al suo lavoro presso OBT, Samuel Kistler contribuisce con la sua esperienza come giudice commerciale presso il Tribunale commerciale di Zurigo nella Camera dei revisori e dei fiduciari. Ha studiato informatica aziendale a Lucerna ed \u00e8 revisore contabile ed esperto fiscale certificato.<\/p>\n<p>La direzione \u00e8 convinta che Daniel Diethelm e Samuel Kistler, insieme ai loro team, continueranno a plasmare con decisione e successo il futuro del Gruppo OBT grazie alle loro conoscenze approfondite e alla loro esperienza manageriale. Augura a entrambi gioia e successo nei loro nuovi ruoli e si augura di poter lavorare con loro in futuro.<\/p>\n<p><em>Fonte: <a href=\"http:\/\/www.obt.ch\">www.obt.ch<\/a><\/em><\/p>","protected":false},"excerpt":{"rendered":"<p>L'assemblea dei soci di OBT AG nomina Daniel Diethelm e Samuel Kistler come due nuovi membri del Consiglio di amministrazione a partire dal 1\u00b0 ottobre 2024.<\/p>","protected":false},"author":58,"featured_media":29656,"comment_status":"closed","ping_status":"closed","sticky":false,"template":"","format":"standard","meta":{"_acf_changed":false,"_yoast_wpseo_focuskw":"OBT AG","_yoast_wpseo_metadesc":"Die Partnerversammlung der OBT AG nimmt mit Daniel Diethelm und Samuel Kistler per 1. Oktober 2024 zwei neue Mitglieder in die Gesch\u00e4ftsleitung auf.","articlekey":"","footnotes":""},"categories":[28],"tags":[4285,4144,334,492],"class_list":["post-29655","post","type-post","status-publish","format-standard","has-post-thumbnail","hentry","category-management","tag-expertise","tag-geschaeftsleitungsmitglied","tag-management","tag-unternehmen"],"acf":[],"yoast_head":"<!-- This site is optimized with the Yoast SEO plugin v27.5 - https:\/\/yoast.com\/product\/yoast-seo-wordpress\/ -->\n<title>Die OBT AG ernennt zwei neue Gesch\u00e4ftsleitungsmitglieder - Organisator<\/title>\n<meta name=\"description\" content=\"Die Partnerversammlung der OBT AG nimmt mit Daniel Diethelm und Samuel Kistler per 1. Oktober 2024 zwei neue Mitglieder in die Gesch\u00e4ftsleitung auf.\" \/>\n<meta name=\"robots\" content=\"index, follow, max-snippet:-1, max-image-preview:large, max-video-preview:-1\" \/>\n<link rel=\"canonical\" href=\"https:\/\/www.organisator.ch\/it\/gestione-2\/2024-09-10\/die-obt-ag-ernennt-zwei-neue-geschaeftsleitungsmitglieder\/\" \/>\n<meta property=\"og:locale\" content=\"it_IT\" \/>\n<meta property=\"og:type\" content=\"article\" \/>\n<meta property=\"og:title\" content=\"Die OBT AG ernennt zwei neue Gesch\u00e4ftsleitungsmitglieder\" \/>\n<meta property=\"og:description\" content=\"Die Partnerversammlung der OBT AG nimmt mit Daniel Diethelm und Samuel Kistler per 1. Oktober 2024 zwei neue Mitglieder in die Gesch\u00e4ftsleitung auf.\" \/>\n<meta property=\"og:url\" content=\"https:\/\/www.organisator.ch\/it\/gestione-2\/2024-09-10\/die-obt-ag-ernennt-zwei-neue-geschaeftsleitungsmitglieder\/\" \/>\n<meta property=\"og:site_name\" content=\"Organisator\" \/>\n<meta property=\"article:publisher\" content=\"https:\/\/www.facebook.com\/OrganisatorFachmagazin\" \/>\n<meta property=\"article:published_time\" content=\"2024-09-10T07:00:26+00:00\" \/>\n<meta property=\"og:image\" content=\"https:\/\/www.organisator.ch\/wp-content\/uploads\/2024\/09\/OBT-AG_Bild1_ps.jpg\" \/>\n\t<meta property=\"og:image:width\" content=\"680\" \/>\n\t<meta property=\"og:image:height\" content=\"474\" \/>\n\t<meta property=\"og:image:type\" content=\"image\/jpeg\" \/>\n<meta name=\"author\" content=\"Adelisa Kalajdzini\" \/>\n<meta name=\"twitter:card\" content=\"summary_large_image\" \/>\n<meta name=\"twitter:title\" content=\"Die OBT AG ernennt zwei neue Gesch\u00e4ftsleitungsmitglieder\" \/>\n<meta name=\"twitter:description\" content=\"Die #Partnerversammlung der #OBT AG nimmt mit #Daniel #Diethelm und #Samuel #Kistler per 1. Oktober 2024 zwei neue Mitglieder in die #Gesch\u00e4ftsleitung auf.\" \/>\n<meta name=\"twitter:image\" content=\"https:\/\/www.organisator.ch\/wp-content\/uploads\/2024\/09\/OBT-AG_Bild1_ps.jpg\" \/>\n<script type=\"application\/ld+json\" class=\"yoast-schema-graph\">{\"@context\":\"https:\\\/\\\/schema.org\",\"@graph\":[{\"@type\":\"Article\",\"@id\":\"https:\\\/\\\/www.organisator.ch\\\/management\\\/2024-09-10\\\/die-obt-ag-ernennt-zwei-neue-geschaeftsleitungsmitglieder\\\/#article\",\"isPartOf\":{\"@id\":\"https:\\\/\\\/www.organisator.ch\\\/management\\\/2024-09-10\\\/die-obt-ag-ernennt-zwei-neue-geschaeftsleitungsmitglieder\\\/\"},\"author\":{\"name\":\"Adelisa Kalajdzini\",\"@id\":\"https:\\\/\\\/www.organisator.ch\\\/#\\\/schema\\\/person\\\/2e1314a2172123f874db408d8911d3f3\"},\"headline\":\"Die OBT AG ernennt zwei neue Gesch\u00e4ftsleitungsmitglieder\",\"datePublished\":\"2024-09-10T07:00:26+00:00\",\"mainEntityOfPage\":{\"@id\":\"https:\\\/\\\/www.organisator.ch\\\/management\\\/2024-09-10\\\/die-obt-ag-ernennt-zwei-neue-geschaeftsleitungsmitglieder\\\/\"},\"wordCount\":397,\"publisher\":{\"@id\":\"https:\\\/\\\/www.organisator.ch\\\/#organization\"},\"image\":{\"@id\":\"https:\\\/\\\/www.organisator.ch\\\/management\\\/2024-09-10\\\/die-obt-ag-ernennt-zwei-neue-geschaeftsleitungsmitglieder\\\/#primaryimage\"},\"thumbnailUrl\":\"https:\\\/\\\/www.organisator.ch\\\/wp-content\\\/uploads\\\/2024\\\/09\\\/OBT-AG_Bild1_ps.jpg\",\"keywords\":[\"Expertise\",\"Gesch\u00e4ftsleitungsmitglied\",\"Management\",\"Unternehmen\"],\"articleSection\":[\"MANAGEMENT\"],\"inLanguage\":\"it-IT\"},{\"@type\":\"WebPage\",\"@id\":\"https:\\\/\\\/www.organisator.ch\\\/management\\\/2024-09-10\\\/die-obt-ag-ernennt-zwei-neue-geschaeftsleitungsmitglieder\\\/\",\"url\":\"https:\\\/\\\/www.organisator.ch\\\/management\\\/2024-09-10\\\/die-obt-ag-ernennt-zwei-neue-geschaeftsleitungsmitglieder\\\/\",\"name\":\"Die OBT AG ernennt zwei neue Gesch\u00e4ftsleitungsmitglieder - Organisator\",\"isPartOf\":{\"@id\":\"https:\\\/\\\/www.organisator.ch\\\/#website\"},\"primaryImageOfPage\":{\"@id\":\"https:\\\/\\\/www.organisator.ch\\\/management\\\/2024-09-10\\\/die-obt-ag-ernennt-zwei-neue-geschaeftsleitungsmitglieder\\\/#primaryimage\"},\"image\":{\"@id\":\"https:\\\/\\\/www.organisator.ch\\\/management\\\/2024-09-10\\\/die-obt-ag-ernennt-zwei-neue-geschaeftsleitungsmitglieder\\\/#primaryimage\"},\"thumbnailUrl\":\"https:\\\/\\\/www.organisator.ch\\\/wp-content\\\/uploads\\\/2024\\\/09\\\/OBT-AG_Bild1_ps.jpg\",\"datePublished\":\"2024-09-10T07:00:26+00:00\",\"description\":\"Die Partnerversammlung der OBT AG nimmt mit Daniel Diethelm und Samuel Kistler per 1. Oktober 2024 zwei neue Mitglieder in die Gesch\u00e4ftsleitung auf.\",\"breadcrumb\":{\"@id\":\"https:\\\/\\\/www.organisator.ch\\\/management\\\/2024-09-10\\\/die-obt-ag-ernennt-zwei-neue-geschaeftsleitungsmitglieder\\\/#breadcrumb\"},\"inLanguage\":\"it-IT\",\"potentialAction\":[{\"@type\":\"ReadAction\",\"target\":[\"https:\\\/\\\/www.organisator.ch\\\/management\\\/2024-09-10\\\/die-obt-ag-ernennt-zwei-neue-geschaeftsleitungsmitglieder\\\/\"]}]},{\"@type\":\"ImageObject\",\"inLanguage\":\"it-IT\",\"@id\":\"https:\\\/\\\/www.organisator.ch\\\/management\\\/2024-09-10\\\/die-obt-ag-ernennt-zwei-neue-geschaeftsleitungsmitglieder\\\/#primaryimage\",\"url\":\"https:\\\/\\\/www.organisator.ch\\\/wp-content\\\/uploads\\\/2024\\\/09\\\/OBT-AG_Bild1_ps.jpg\",\"contentUrl\":\"https:\\\/\\\/www.organisator.ch\\\/wp-content\\\/uploads\\\/2024\\\/09\\\/OBT-AG_Bild1_ps.jpg\",\"width\":680,\"height\":474,\"caption\":\"v.l.n.r.: Thomas Z\u00fcger, CEO, Daniel Diethelm, Samuel Kistler, Reto Schaffner, VRP. (Bild: www.obt.ch)\"},{\"@type\":\"BreadcrumbList\",\"@id\":\"https:\\\/\\\/www.organisator.ch\\\/management\\\/2024-09-10\\\/die-obt-ag-ernennt-zwei-neue-geschaeftsleitungsmitglieder\\\/#breadcrumb\",\"itemListElement\":[{\"@type\":\"ListItem\",\"position\":1,\"name\":\"Home\",\"item\":\"https:\\\/\\\/www.organisator.ch\\\/\"},{\"@type\":\"ListItem\",\"position\":2,\"name\":\"Die OBT AG ernennt zwei neue Gesch\u00e4ftsleitungsmitglieder\"}]},{\"@type\":\"WebSite\",\"@id\":\"https:\\\/\\\/www.organisator.ch\\\/#website\",\"url\":\"https:\\\/\\\/www.organisator.ch\\\/\",\"name\":\"Organisator\",\"description\":\"Kompetent. Praxisnah. Der ORGANISATOR bereitet in 10 Ausgaben pro Jahr die wesentlichen Themen f\u00fcr F\u00fchrungskr\u00e4fte von KMU auf.\",\"publisher\":{\"@id\":\"https:\\\/\\\/www.organisator.ch\\\/#organization\"},\"potentialAction\":[{\"@type\":\"SearchAction\",\"target\":{\"@type\":\"EntryPoint\",\"urlTemplate\":\"https:\\\/\\\/www.organisator.ch\\\/?s={search_term_string}\"},\"query-input\":{\"@type\":\"PropertyValueSpecification\",\"valueRequired\":true,\"valueName\":\"search_term_string\"}}],\"inLanguage\":\"it-IT\"},{\"@type\":\"Organization\",\"@id\":\"https:\\\/\\\/www.organisator.ch\\\/#organization\",\"name\":\"Organisator\",\"url\":\"https:\\\/\\\/www.organisator.ch\\\/\",\"logo\":{\"@type\":\"ImageObject\",\"inLanguage\":\"it-IT\",\"@id\":\"https:\\\/\\\/www.organisator.ch\\\/#\\\/schema\\\/logo\\\/image\\\/\",\"url\":\"https:\\\/\\\/www.organisator.ch\\\/wp-content\\\/uploads\\\/2022\\\/01\\\/Logo_Organisator_Website.png\",\"contentUrl\":\"https:\\\/\\\/www.organisator.ch\\\/wp-content\\\/uploads\\\/2022\\\/01\\\/Logo_Organisator_Website.png\",\"width\":800,\"height\":77,\"caption\":\"Organisator\"},\"image\":{\"@id\":\"https:\\\/\\\/www.organisator.ch\\\/#\\\/schema\\\/logo\\\/image\\\/\"},\"sameAs\":[\"https:\\\/\\\/www.facebook.com\\\/OrganisatorFachmagazin\",\"https:\\\/\\\/www.linkedin.com\\\/showcase\\\/organisator-das-magazin-fr-kmu\",\"https:\\\/\\\/www.xing.com\\\/news\\\/pages\\\/organisator-ch-695\",\"https:\\\/\\\/www.youtube.com\\\/channel\\\/UCGP2Sq0iWaZwT3BdIAQFYpw\"]},{\"@type\":\"Person\",\"@id\":\"https:\\\/\\\/www.organisator.ch\\\/#\\\/schema\\\/person\\\/2e1314a2172123f874db408d8911d3f3\",\"name\":\"Adelisa Kalajdzini\",\"image\":{\"@type\":\"ImageObject\",\"inLanguage\":\"it-IT\",\"@id\":\"https:\\\/\\\/secure.gravatar.com\\\/avatar\\\/09a397c22ac58cad6f160ee8306348599df9df58a8ede73696226897b9fa4b24?s=96&d=mm&r=g\",\"url\":\"https:\\\/\\\/secure.gravatar.com\\\/avatar\\\/09a397c22ac58cad6f160ee8306348599df9df58a8ede73696226897b9fa4b24?s=96&d=mm&r=g\",\"contentUrl\":\"https:\\\/\\\/secure.gravatar.com\\\/avatar\\\/09a397c22ac58cad6f160ee8306348599df9df58a8ede73696226897b9fa4b24?s=96&d=mm&r=g\",\"caption\":\"Adelisa Kalajdzini\"},\"url\":\"https:\\\/\\\/www.organisator.ch\\\/it\\\/author\\\/adelisa-kalajdzini\\\/\"}]}<\/script>\n<!-- \/ Yoast SEO plugin. -->","yoast_head_json":{"title":"OBT AG nomina due nuovi membri del Comitato esecutivo - Organizzatore","description":"L'assemblea dei soci di OBT AG nomina Daniel Diethelm e Samuel Kistler come due nuovi membri del Consiglio di amministrazione a partire dal 1\u00b0 ottobre 2024.","robots":{"index":"index","follow":"follow","max-snippet":"max-snippet:-1","max-image-preview":"max-image-preview:large","max-video-preview":"max-video-preview:-1"},"canonical":"https:\/\/www.organisator.ch\/it\/gestione-2\/2024-09-10\/die-obt-ag-ernennt-zwei-neue-geschaeftsleitungsmitglieder\/","og_locale":"it_IT","og_type":"article","og_title":"Die OBT AG ernennt zwei neue Gesch\u00e4ftsleitungsmitglieder","og_description":"Die Partnerversammlung der OBT AG nimmt mit Daniel Diethelm und Samuel Kistler per 1. Oktober 2024 zwei neue Mitglieder in die Gesch\u00e4ftsleitung auf.","og_url":"https:\/\/www.organisator.ch\/it\/gestione-2\/2024-09-10\/die-obt-ag-ernennt-zwei-neue-geschaeftsleitungsmitglieder\/","og_site_name":"Organisator","article_publisher":"https:\/\/www.facebook.com\/OrganisatorFachmagazin","article_published_time":"2024-09-10T07:00:26+00:00","og_image":[{"width":680,"height":474,"url":"https:\/\/www.organisator.ch\/wp-content\/uploads\/2024\/09\/OBT-AG_Bild1_ps.jpg","type":"image\/jpeg"}],"author":"Adelisa Kalajdzini","twitter_card":"summary_large_image","twitter_title":"Die OBT AG ernennt zwei neue Gesch\u00e4ftsleitungsmitglieder","twitter_description":"Die #Partnerversammlung der #OBT AG nimmt mit #Daniel #Diethelm und #Samuel #Kistler per 1. Oktober 2024 zwei neue Mitglieder in die #Gesch\u00e4ftsleitung auf.","twitter_image":"https:\/\/www.organisator.ch\/wp-content\/uploads\/2024\/09\/OBT-AG_Bild1_ps.jpg","schema":{"@context":"https:\/\/schema.org","@graph":[{"@type":"Article","@id":"https:\/\/www.organisator.ch\/management\/2024-09-10\/die-obt-ag-ernennt-zwei-neue-geschaeftsleitungsmitglieder\/#article","isPartOf":{"@id":"https:\/\/www.organisator.ch\/management\/2024-09-10\/die-obt-ag-ernennt-zwei-neue-geschaeftsleitungsmitglieder\/"},"author":{"name":"Adelisa Kalajdzini","@id":"https:\/\/www.organisator.ch\/#\/schema\/person\/2e1314a2172123f874db408d8911d3f3"},"headline":"Die OBT AG ernennt zwei neue Gesch\u00e4ftsleitungsmitglieder","datePublished":"2024-09-10T07:00:26+00:00","mainEntityOfPage":{"@id":"https:\/\/www.organisator.ch\/management\/2024-09-10\/die-obt-ag-ernennt-zwei-neue-geschaeftsleitungsmitglieder\/"},"wordCount":397,"publisher":{"@id":"https:\/\/www.organisator.ch\/#organization"},"image":{"@id":"https:\/\/www.organisator.ch\/management\/2024-09-10\/die-obt-ag-ernennt-zwei-neue-geschaeftsleitungsmitglieder\/#primaryimage"},"thumbnailUrl":"https:\/\/www.organisator.ch\/wp-content\/uploads\/2024\/09\/OBT-AG_Bild1_ps.jpg","keywords":["Expertise","Gesch\u00e4ftsleitungsmitglied","Management","Unternehmen"],"articleSection":["MANAGEMENT"],"inLanguage":"it-IT"},{"@type":"WebPage","@id":"https:\/\/www.organisator.ch\/management\/2024-09-10\/die-obt-ag-ernennt-zwei-neue-geschaeftsleitungsmitglieder\/","url":"https:\/\/www.organisator.ch\/management\/2024-09-10\/die-obt-ag-ernennt-zwei-neue-geschaeftsleitungsmitglieder\/","name":"OBT AG nomina due nuovi membri del Comitato esecutivo - Organizzatore","isPartOf":{"@id":"https:\/\/www.organisator.ch\/#website"},"primaryImageOfPage":{"@id":"https:\/\/www.organisator.ch\/management\/2024-09-10\/die-obt-ag-ernennt-zwei-neue-geschaeftsleitungsmitglieder\/#primaryimage"},"image":{"@id":"https:\/\/www.organisator.ch\/management\/2024-09-10\/die-obt-ag-ernennt-zwei-neue-geschaeftsleitungsmitglieder\/#primaryimage"},"thumbnailUrl":"https:\/\/www.organisator.ch\/wp-content\/uploads\/2024\/09\/OBT-AG_Bild1_ps.jpg","datePublished":"2024-09-10T07:00:26+00:00","description":"L'assemblea dei soci di OBT AG nomina Daniel Diethelm e Samuel Kistler come due nuovi membri del Consiglio di amministrazione a partire dal 1\u00b0 ottobre 2024.","breadcrumb":{"@id":"https:\/\/www.organisator.ch\/management\/2024-09-10\/die-obt-ag-ernennt-zwei-neue-geschaeftsleitungsmitglieder\/#breadcrumb"},"inLanguage":"it-IT","potentialAction":[{"@type":"ReadAction","target":["https:\/\/www.organisator.ch\/management\/2024-09-10\/die-obt-ag-ernennt-zwei-neue-geschaeftsleitungsmitglieder\/"]}]},{"@type":"ImageObject","inLanguage":"it-IT","@id":"https:\/\/www.organisator.ch\/management\/2024-09-10\/die-obt-ag-ernennt-zwei-neue-geschaeftsleitungsmitglieder\/#primaryimage","url":"https:\/\/www.organisator.ch\/wp-content\/uploads\/2024\/09\/OBT-AG_Bild1_ps.jpg","contentUrl":"https:\/\/www.organisator.ch\/wp-content\/uploads\/2024\/09\/OBT-AG_Bild1_ps.jpg","width":680,"height":474,"caption":"v.l.n.r.: Thomas Z\u00fcger, CEO, Daniel Diethelm, Samuel Kistler, Reto Schaffner, VRP. (Bild: www.obt.ch)"},{"@type":"BreadcrumbList","@id":"https:\/\/www.organisator.ch\/management\/2024-09-10\/die-obt-ag-ernennt-zwei-neue-geschaeftsleitungsmitglieder\/#breadcrumb","itemListElement":[{"@type":"ListItem","position":1,"name":"Home","item":"https:\/\/www.organisator.ch\/"},{"@type":"ListItem","position":2,"name":"Die OBT AG ernennt zwei neue Gesch\u00e4ftsleitungsmitglieder"}]},{"@type":"WebSite","@id":"https:\/\/www.organisator.ch\/#website","url":"https:\/\/www.organisator.ch\/","name":"Organizzatore","description":"Competente. Pratico. In 10 numeri all'anno, ORGANISATOR presenta i temi essenziali per i manager delle PMI.","publisher":{"@id":"https:\/\/www.organisator.ch\/#organization"},"potentialAction":[{"@type":"SearchAction","target":{"@type":"EntryPoint","urlTemplate":"https:\/\/www.organisator.ch\/?s={search_term_string}"},"query-input":{"@type":"PropertyValueSpecification","valueRequired":true,"valueName":"search_term_string"}}],"inLanguage":"it-IT"},{"@type":"Organization","@id":"https:\/\/www.organisator.ch\/#organization","name":"Organizzatore","url":"https:\/\/www.organisator.ch\/","logo":{"@type":"ImageObject","inLanguage":"it-IT","@id":"https:\/\/www.organisator.ch\/#\/schema\/logo\/image\/","url":"https:\/\/www.organisator.ch\/wp-content\/uploads\/2022\/01\/Logo_Organisator_Website.png","contentUrl":"https:\/\/www.organisator.ch\/wp-content\/uploads\/2022\/01\/Logo_Organisator_Website.png","width":800,"height":77,"caption":"Organisator"},"image":{"@id":"https:\/\/www.organisator.ch\/#\/schema\/logo\/image\/"},"sameAs":["https:\/\/www.facebook.com\/OrganisatorFachmagazin","https:\/\/www.linkedin.com\/showcase\/organisator-das-magazin-fr-kmu","https:\/\/www.xing.com\/news\/pages\/organisator-ch-695","https:\/\/www.youtube.com\/channel\/UCGP2Sq0iWaZwT3BdIAQFYpw"]},{"@type":"Person","@id":"https:\/\/www.organisator.ch\/#\/schema\/person\/2e1314a2172123f874db408d8911d3f3","name":"Adelisa Kalajdzini","image":{"@type":"ImageObject","inLanguage":"it-IT","@id":"https:\/\/secure.gravatar.com\/avatar\/09a397c22ac58cad6f160ee8306348599df9df58a8ede73696226897b9fa4b24?s=96&d=mm&r=g","url":"https:\/\/secure.gravatar.com\/avatar\/09a397c22ac58cad6f160ee8306348599df9df58a8ede73696226897b9fa4b24?s=96&d=mm&r=g","contentUrl":"https:\/\/secure.gravatar.com\/avatar\/09a397c22ac58cad6f160ee8306348599df9df58a8ede73696226897b9fa4b24?s=96&d=mm&r=g","caption":"Adelisa Kalajdzini"},"url":"https:\/\/www.organisator.ch\/it\/author\/adelisa-kalajdzini\/"}]}},"_links":{"self":[{"href":"https:\/\/www.organisator.ch\/it\/wp-json\/wp\/v2\/posts\/29655","targetHints":{"allow":["GET"]}}],"collection":[{"href":"https:\/\/www.organisator.ch\/it\/wp-json\/wp\/v2\/posts"}],"about":[{"href":"https:\/\/www.organisator.ch\/it\/wp-json\/wp\/v2\/types\/post"}],"author":[{"embeddable":true,"href":"https:\/\/www.organisator.ch\/it\/wp-json\/wp\/v2\/users\/58"}],"replies":[{"embeddable":true,"href":"https:\/\/www.organisator.ch\/it\/wp-json\/wp\/v2\/comments?post=29655"}],"version-history":[{"count":3,"href":"https:\/\/www.organisator.ch\/it\/wp-json\/wp\/v2\/posts\/29655\/revisions"}],"predecessor-version":[{"id":29707,"href":"https:\/\/www.organisator.ch\/it\/wp-json\/wp\/v2\/posts\/29655\/revisions\/29707"}],"wp:featuredmedia":[{"embeddable":true,"href":"https:\/\/www.organisator.ch\/it\/wp-json\/wp\/v2\/media\/29656"}],"wp:attachment":[{"href":"https:\/\/www.organisator.ch\/it\/wp-json\/wp\/v2\/media?parent=29655"}],"wp:term":[{"taxonomy":"category","embeddable":true,"href":"https:\/\/www.organisator.ch\/it\/wp-json\/wp\/v2\/categories?post=29655"},{"taxonomy":"post_tag","embeddable":true,"href":"https:\/\/www.organisator.ch\/it\/wp-json\/wp\/v2\/tags?post=29655"}],"curies":[{"name":"wp","href":"https:\/\/api.w.org\/{rel}","templated":true}]}}