{"id":29752,"date":"2024-09-11T12:13:03","date_gmt":"2024-09-11T10:13:03","guid":{"rendered":"https:\/\/www.markt-kom.com\/?p=223167"},"modified":"2024-11-08T10:03:24","modified_gmt":"2024-11-08T09:03:24","slug":"gendern-in-der-pr-noch-nicht-stark-verbreitet","status":"publish","type":"post","link":"https:\/\/www.organisator.ch\/it\/marketing\/2024-09-11\/gendern-in-der-pr-noch-nicht-stark-verbreitet\/","title":{"rendered":"Il gendering nelle PR non \u00e8 ancora diffuso"},"content":{"rendered":"<figure id=\"attachment_223168\" class=\"wp-caption aligncenter\" style=\"width: 1200px\" aria-describedby=\"caption-attachment-223168\"><a href=\"https:\/\/www.markt-kom.com\/wp-content\/uploads\/2024\/09\/gendersprache-in-der-pr-DE.jpg\"><img class=\"aligncenter wp-image-223168 size-full\" src=\"https:\/\/www.markt-kom.com\/wp-content\/uploads\/2024\/09\/gendersprache-in-der-pr-DE.jpg\" alt=\"Comunicazione sensibile al genere\" width=\"1200\" height=\"967\" \/><\/a>\r\n<figcaption id=\"caption-attachment-223168\" class=\"wp-caption-text\">(Grafico: PR-Trendmonitor, News Aktuell\/Per)<\/figcaption>\r\n<\/figure>\r\n<p>Il 52% dei professionisti delle pubbliche relazioni intervistati ha dichiarato di utilizzare solo occasionalmente il linguaggio di genere o il linguaggio sensibile al genere nella propria comunicazione professionale. Solo poco pi\u00f9 di un quarto (28%) utilizza costantemente il genere. Questo dato contrasta con il 5% che non utilizza affatto il genere e il 13% che non prevede di farlo in futuro. Il 2% degli intervistati ha dichiarato di voler tornare a un linguaggio non inclusivo del genere nella propria comunicazione.<\/p>\r\n<h3><strong>Rilevanza riconosciuta<\/strong><\/h3>\r\n<p>Tuttavia, i risultati mostrano anche che quasi la met\u00e0 (49%) attribuisce importanza al genere nella comunicazione e lo considera molto o abbastanza importante. D'altro canto, poco pi\u00f9 di un terzo (35%) ritiene che il genere nella comunicazione esterna e interna sia poco o del tutto irrilevante. Il 15% degli intervistati ha invece un atteggiamento neutro: per loro la comunicazione sensibile al genere non \u00e8 n\u00e9 importante n\u00e9 poco importante.<\/p>\r\n<h3><strong>Le aziende forniscono linee guida esplicite<\/strong><\/h3>\r\n<p>\u00c8 sorprendente che pi\u00f9 della met\u00e0 delle aziende e delle agenzie di PR intervistate (59%) disponga gi\u00e0 di linee guida esplicite per una comunicazione sensibile al genere. Questo dato contrasta con il 40% che non ha linee guida per un linguaggio sensibile al genere in azienda.<\/p>\r\n<h3><strong>I pro e i contro del linguaggio appropriato al genere<\/strong><\/h3>\r\n<p>Analizzando nel dettaglio i pro e i contro, le ragioni per cui non si usa il linguaggio di genere e, al contrario, per cui lo si usa possono essere attribuite a influenze sia interne che esterne.<\/p>\r\n<p>Coloro che non utilizzano il linguaggio di genere citano come motivo principale la difficolt\u00e0 di lettura dei testi (69%). Altri motivi sono la mancanza di convinzione da parte dei responsabili della comunicazione (45%) e del management (42%). Le aziende si astengono dall'utilizzare il linguaggio di genere anche perch\u00e9 temono riserve da parte dei dipendenti (41%) o dei clienti (36%). Un altro 16% evita il linguaggio di genere perch\u00e9 non ci sono linee guida chiare in azienda e l'8% non ha il tempo di affrontare l'argomento in modo appropriato.<\/p>\r\n<p>Il timore di una maggiore necessit\u00e0 di coordinamento interno o di test falliti, invece, \u00e8 meno probabile che porti all'abbandono del linguaggio di genere (5 percento in ciascun caso). Gli intervistati sono stati ancora meno propensi a citare la mancanza di conoscenze sul linguaggio sensibile al genere (3%) o una tempesta di polemiche pubbliche (2%) come ragioni per non usare il genere.<\/p>\r\n<p>Chi utilizza consapevolmente il linguaggio di genere nella comunicazione lo fa principalmente per riflettere i propri valori aziendali (46%) o perch\u00e9 vede un vantaggio nel rivolgersi a diversi gruppi target (43%). In ogni caso, il 35% cita come motivazione la convinzione dei responsabili della comunicazione o le aspettative sociali. Molti professionisti delle pubbliche relazioni vedono anche dei vantaggi nel linguaggio sensibile al genere per l'immagine e la reputazione dell'azienda (33%) e per l'employer branding (32%). Giocano un ruolo importante anche le linee guida chiare all'interno dell'azienda e le aspettative dei dipendenti (30 percento) e dei clienti (23 percento). Con il 27%, anche la convinzione del management si colloca nel terzo inferiore delle motivazioni.<\/p>\r\n<hr \/>\r\n<h3>I risultati in dettaglio<\/h3>\r\n<p><strong>La vostra comunicazione esterna e interna utilizza un linguaggio di genere e\/o sensibile al genere?<\/strong><\/p>\r\n<ul>\r\n\t<li>S\u00ec, in tutto il 28%<\/li>\r\n\t<li>S\u00ec, parzialmente 52%<\/li>\r\n\t<li>No, non ancora 5%<\/li>\r\n\t<li>No, non \u00e8 previsto nemmeno per il futuro 13%<\/li>\r\n\t<li>No, non in futuro 2%<\/li>\r\n<\/ul>\r\n<p><strong>Quanto \u00e8 importante il linguaggio di genere o il linguaggio sensibile al genere secondo lei?<\/strong><\/p>\r\n<ul>\r\n\t<li>Molto importante 17%<\/li>\r\n\t<li>Piuttosto importante 32%<\/li>\r\n\t<li>N\u00e9 15%<\/li>\r\n\t<li>Piuttosto irrilevante 13%<\/li>\r\n\t<li>Completamente irrilevante 22%<\/li>\r\n\t<li>Non so 1%<\/li>\r\n<\/ul>\r\n<p><strong>La vostra azienda ha linee guida esplicite sul linguaggio sensibile al genere?<\/strong><\/p>\r\n<ul>\r\n\t<li>S\u00ec 59%<\/li>\r\n\t<li>No 40%<\/li>\r\n\t<li>Non so 1%<\/li>\r\n<\/ul>\r\n<p><strong>Perch\u00e9 la vostra azienda si astiene dall'utilizzare un linguaggio di genere o sensibile al genere? (sono possibili pi\u00f9 risposte)<\/strong><\/p>\r\n<ul>\r\n\t<li>La leggibilit\u00e0 dei testi \u00e8 compromessa 69%<\/li>\r\n\t<li>Non corrisponde alla convinzione dei responsabili della comunicazione 45%<\/li>\r\n\t<li>Non riflette il giudizio della direzione 42%<\/li>\r\n\t<li>I dipendenti si rifiutano di 41%<\/li>\r\n\t<li>I clienti lo rifiutano 36%<\/li>\r\n\t<li>Non ci sono linee guida chiare nell'azienda 16%<\/li>\r\n\t<li>Non c'\u00e8 abbastanza tempo per trattare l'argomento 8%<\/li>\r\n\t<li>I requisiti di coordinamento interno aumentano notevolmente 5%<\/li>\r\n\t<li>L'esecuzione del test non \u00e8 riuscita 5%<\/li>\r\n\t<li>Mancanza di conoscenza del linguaggio di genere o del linguaggio sensibile al genere 3%<\/li>\r\n\t<li>Paura di una tempesta di merda pubblica 2%<\/li>\r\n\t<li>Non so 3%<\/li>\r\n<\/ul>\r\n<p><strong>Perch\u00e9 la vostra azienda usa un linguaggio di genere o un linguaggio sensibile al genere? (sono possibili pi\u00f9 risposte)<\/strong><\/p>\r\n<ul>\r\n\t<li>Corrisponde ai valori aziendali 46%<\/li>\r\n\t<li>\u00c8 conveniente rivolgersi a gruppi target diversi 43%<\/li>\r\n\t<li>Corrisponde alla convinzione dei responsabili della comunicazione 35%<\/li>\r\n\t<li>L'azienda si aspetta che 35%<\/li>\r\n\t<li>Contribuisce all'immagine e alla reputazione dell'azienda 33%<\/li>\r\n\t<li>Paga per il marchio del datore di lavoro 32%<\/li>\r\n\t<li>Esistono linee guida chiare a questo proposito nel documento aziendale 30%.<\/li>\r\n\t<li>I dipendenti se lo aspettano 30%<\/li>\r\n\t<li>In linea con le convinzioni della direzione 27%<\/li>\r\n\t<li>I clienti se lo aspettano 23%<\/li>\r\n\t<li>Non so 4%<\/li>\r\n<\/ul>\r\n<hr \/>\r\n<p><em>Per il <a href=\"https:\/\/www.newsaktuell.de\/blog\/search\/?s=PR-Trendmonitor\">Monitoraggio delle tendenze PR<\/a> News Aktuell e Per hanno condotto un sondaggio online nel febbraio 2024 tra 327 professionisti della comunicazione di aziende, organizzazioni e agenzie di PR in Svizzera e Germania.<\/em><\/p>","protected":false},"excerpt":{"rendered":"<p>I risultati del PR Trend Monitor 2024 di News Aktuell e PER mostrano che molti riconoscono l'importanza di un linguaggio sensibile al genere e che nelle aziende e nelle agenzie esistono linee guida corrispondenti. Tuttavia, l'applicazione \u00e8 incoerente, flessibile o semplice.<\/p>","protected":false},"author":8,"featured_media":0,"comment_status":"closed","ping_status":"closed","sticky":false,"template":"","format":"standard","meta":{"_acf_changed":false,"_yoast_wpseo_focuskw":"Gendersensible Kommunikation","_yoast_wpseo_metadesc":"49% halten gendersensible Kommunikation f\u00fcr wichtig. Mehrheit der Unternehmen hat bereits Richtlinien. Lesbarkeit bleibt Herausforderung.","articlekey":"","footnotes":""},"categories":[29],"tags":[4412,4343,4497,4498,459],"class_list":["post-29752","post","type-post","status-publish","format-standard","hentry","category-marketing","tag-gendergerechte-sprache","tag-markom","tag-news-aktuell","tag-per","tag-studie"],"acf":[],"yoast_head":"<!-- This site is optimized with the Yoast SEO plugin v27.5 - https:\/\/yoast.com\/product\/yoast-seo-wordpress\/ -->\n<title>Gendern in der PR noch nicht stark verbreitet - Organisator<\/title>\n<meta name=\"description\" content=\"49% halten gendersensible Kommunikation f\u00fcr wichtig. Mehrheit der Unternehmen hat bereits Richtlinien. Lesbarkeit bleibt Herausforderung.\" \/>\n<meta name=\"robots\" content=\"index, follow, max-snippet:-1, max-image-preview:large, max-video-preview:-1\" \/>\n<link rel=\"canonical\" href=\"https:\/\/www.organisator.ch\/it\/marketing\/2024-09-11\/gendern-in-der-pr-noch-nicht-stark-verbreitet\/\" \/>\n<meta property=\"og:locale\" content=\"it_IT\" \/>\n<meta property=\"og:type\" content=\"article\" \/>\n<meta property=\"og:title\" content=\"Gendern in der PR noch nicht stark verbreitet - Organisator\" \/>\n<meta property=\"og:description\" content=\"49% halten gendersensible Kommunikation f\u00fcr wichtig. Mehrheit der Unternehmen hat bereits Richtlinien. Lesbarkeit bleibt Herausforderung.\" \/>\n<meta property=\"og:url\" content=\"https:\/\/www.organisator.ch\/it\/marketing\/2024-09-11\/gendern-in-der-pr-noch-nicht-stark-verbreitet\/\" \/>\n<meta property=\"og:site_name\" content=\"Organisator\" \/>\n<meta property=\"article:publisher\" content=\"https:\/\/www.facebook.com\/OrganisatorFachmagazin\" \/>\n<meta property=\"article:published_time\" content=\"2024-09-11T10:13:03+00:00\" \/>\n<meta property=\"article:modified_time\" content=\"2024-11-08T09:03:24+00:00\" \/>\n<meta property=\"og:image\" content=\"https:\/\/www.markt-kom.com\/wp-content\/uploads\/2024\/09\/gendersprache-in-der-pr-DE.jpg\" \/>\n<meta name=\"author\" content=\"galledia\" \/>\n<meta name=\"twitter:card\" content=\"summary_large_image\" \/>\n<meta name=\"twitter:creator\" content=\"@admin\" \/>\n<script type=\"application\/ld+json\" class=\"yoast-schema-graph\">{\"@context\":\"https:\\\/\\\/schema.org\",\"@graph\":[{\"@type\":\"Article\",\"@id\":\"https:\\\/\\\/www.organisator.ch\\\/marketing\\\/2024-09-11\\\/gendern-in-der-pr-noch-nicht-stark-verbreitet\\\/#article\",\"isPartOf\":{\"@id\":\"https:\\\/\\\/www.organisator.ch\\\/marketing\\\/2024-09-11\\\/gendern-in-der-pr-noch-nicht-stark-verbreitet\\\/\"},\"author\":{\"name\":\"galledia\",\"@id\":\"https:\\\/\\\/www.organisator.ch\\\/#\\\/schema\\\/person\\\/4e51799071cd2dd1232ac003643ef5f0\"},\"headline\":\"Gendern in der PR noch nicht stark verbreitet\",\"datePublished\":\"2024-09-11T10:13:03+00:00\",\"dateModified\":\"2024-11-08T09:03:24+00:00\",\"mainEntityOfPage\":{\"@id\":\"https:\\\/\\\/www.organisator.ch\\\/marketing\\\/2024-09-11\\\/gendern-in-der-pr-noch-nicht-stark-verbreitet\\\/\"},\"wordCount\":726,\"publisher\":{\"@id\":\"https:\\\/\\\/www.organisator.ch\\\/#organization\"},\"image\":{\"@id\":\"https:\\\/\\\/www.organisator.ch\\\/marketing\\\/2024-09-11\\\/gendern-in-der-pr-noch-nicht-stark-verbreitet\\\/#primaryimage\"},\"thumbnailUrl\":\"https:\\\/\\\/www.markt-kom.com\\\/wp-content\\\/uploads\\\/2024\\\/09\\\/gendersprache-in-der-pr-DE.jpg\",\"keywords\":[\"Gendergerechte Sprache\",\"MarKom\",\"News Aktuell\",\"Per\",\"Studie\"],\"articleSection\":[\"MARKETING\"],\"inLanguage\":\"it-IT\"},{\"@type\":\"WebPage\",\"@id\":\"https:\\\/\\\/www.organisator.ch\\\/marketing\\\/2024-09-11\\\/gendern-in-der-pr-noch-nicht-stark-verbreitet\\\/\",\"url\":\"https:\\\/\\\/www.organisator.ch\\\/marketing\\\/2024-09-11\\\/gendern-in-der-pr-noch-nicht-stark-verbreitet\\\/\",\"name\":\"Gendern in der PR noch nicht stark verbreitet - Organisator\",\"isPartOf\":{\"@id\":\"https:\\\/\\\/www.organisator.ch\\\/#website\"},\"primaryImageOfPage\":{\"@id\":\"https:\\\/\\\/www.organisator.ch\\\/marketing\\\/2024-09-11\\\/gendern-in-der-pr-noch-nicht-stark-verbreitet\\\/#primaryimage\"},\"image\":{\"@id\":\"https:\\\/\\\/www.organisator.ch\\\/marketing\\\/2024-09-11\\\/gendern-in-der-pr-noch-nicht-stark-verbreitet\\\/#primaryimage\"},\"thumbnailUrl\":\"https:\\\/\\\/www.markt-kom.com\\\/wp-content\\\/uploads\\\/2024\\\/09\\\/gendersprache-in-der-pr-DE.jpg\",\"datePublished\":\"2024-09-11T10:13:03+00:00\",\"dateModified\":\"2024-11-08T09:03:24+00:00\",\"description\":\"49% halten gendersensible Kommunikation f\u00fcr wichtig. Mehrheit der Unternehmen hat bereits Richtlinien. Lesbarkeit bleibt Herausforderung.\",\"breadcrumb\":{\"@id\":\"https:\\\/\\\/www.organisator.ch\\\/marketing\\\/2024-09-11\\\/gendern-in-der-pr-noch-nicht-stark-verbreitet\\\/#breadcrumb\"},\"inLanguage\":\"it-IT\",\"potentialAction\":[{\"@type\":\"ReadAction\",\"target\":[\"https:\\\/\\\/www.organisator.ch\\\/marketing\\\/2024-09-11\\\/gendern-in-der-pr-noch-nicht-stark-verbreitet\\\/\"]}]},{\"@type\":\"ImageObject\",\"inLanguage\":\"it-IT\",\"@id\":\"https:\\\/\\\/www.organisator.ch\\\/marketing\\\/2024-09-11\\\/gendern-in-der-pr-noch-nicht-stark-verbreitet\\\/#primaryimage\",\"url\":\"https:\\\/\\\/www.markt-kom.com\\\/wp-content\\\/uploads\\\/2024\\\/09\\\/gendersprache-in-der-pr-DE.jpg\",\"contentUrl\":\"https:\\\/\\\/www.markt-kom.com\\\/wp-content\\\/uploads\\\/2024\\\/09\\\/gendersprache-in-der-pr-DE.jpg\"},{\"@type\":\"BreadcrumbList\",\"@id\":\"https:\\\/\\\/www.organisator.ch\\\/marketing\\\/2024-09-11\\\/gendern-in-der-pr-noch-nicht-stark-verbreitet\\\/#breadcrumb\",\"itemListElement\":[{\"@type\":\"ListItem\",\"position\":1,\"name\":\"Home\",\"item\":\"https:\\\/\\\/www.organisator.ch\\\/\"},{\"@type\":\"ListItem\",\"position\":2,\"name\":\"Gendern in der PR noch nicht stark verbreitet\"}]},{\"@type\":\"WebSite\",\"@id\":\"https:\\\/\\\/www.organisator.ch\\\/#website\",\"url\":\"https:\\\/\\\/www.organisator.ch\\\/\",\"name\":\"Organisator\",\"description\":\"Kompetent. Praxisnah. Der ORGANISATOR bereitet in 10 Ausgaben pro Jahr die wesentlichen Themen f\u00fcr F\u00fchrungskr\u00e4fte von KMU auf.\",\"publisher\":{\"@id\":\"https:\\\/\\\/www.organisator.ch\\\/#organization\"},\"potentialAction\":[{\"@type\":\"SearchAction\",\"target\":{\"@type\":\"EntryPoint\",\"urlTemplate\":\"https:\\\/\\\/www.organisator.ch\\\/?s={search_term_string}\"},\"query-input\":{\"@type\":\"PropertyValueSpecification\",\"valueRequired\":true,\"valueName\":\"search_term_string\"}}],\"inLanguage\":\"it-IT\"},{\"@type\":\"Organization\",\"@id\":\"https:\\\/\\\/www.organisator.ch\\\/#organization\",\"name\":\"Organisator\",\"url\":\"https:\\\/\\\/www.organisator.ch\\\/\",\"logo\":{\"@type\":\"ImageObject\",\"inLanguage\":\"it-IT\",\"@id\":\"https:\\\/\\\/www.organisator.ch\\\/#\\\/schema\\\/logo\\\/image\\\/\",\"url\":\"https:\\\/\\\/www.organisator.ch\\\/wp-content\\\/uploads\\\/2022\\\/01\\\/Logo_Organisator_Website.png\",\"contentUrl\":\"https:\\\/\\\/www.organisator.ch\\\/wp-content\\\/uploads\\\/2022\\\/01\\\/Logo_Organisator_Website.png\",\"width\":800,\"height\":77,\"caption\":\"Organisator\"},\"image\":{\"@id\":\"https:\\\/\\\/www.organisator.ch\\\/#\\\/schema\\\/logo\\\/image\\\/\"},\"sameAs\":[\"https:\\\/\\\/www.facebook.com\\\/OrganisatorFachmagazin\",\"https:\\\/\\\/www.linkedin.com\\\/showcase\\\/organisator-das-magazin-fr-kmu\",\"https:\\\/\\\/www.xing.com\\\/news\\\/pages\\\/organisator-ch-695\",\"https:\\\/\\\/www.youtube.com\\\/channel\\\/UCGP2Sq0iWaZwT3BdIAQFYpw\"]},{\"@type\":\"Person\",\"@id\":\"https:\\\/\\\/www.organisator.ch\\\/#\\\/schema\\\/person\\\/4e51799071cd2dd1232ac003643ef5f0\",\"name\":\"galledia\",\"image\":{\"@type\":\"ImageObject\",\"inLanguage\":\"it-IT\",\"@id\":\"https:\\\/\\\/secure.gravatar.com\\\/avatar\\\/78a7f90c01fc2bfc875782a0d4922b37cde2cf184ce347b91316d23cd7f69a36?s=96&d=mm&r=g\",\"url\":\"https:\\\/\\\/secure.gravatar.com\\\/avatar\\\/78a7f90c01fc2bfc875782a0d4922b37cde2cf184ce347b91316d23cd7f69a36?s=96&d=mm&r=g\",\"contentUrl\":\"https:\\\/\\\/secure.gravatar.com\\\/avatar\\\/78a7f90c01fc2bfc875782a0d4922b37cde2cf184ce347b91316d23cd7f69a36?s=96&d=mm&r=g\",\"caption\":\"galledia\"},\"sameAs\":[\"https:\\\/\\\/x.com\\\/admin\"],\"url\":\"https:\\\/\\\/www.organisator.ch\\\/it\\\/author\\\/galledia\\\/\"}]}<\/script>\n<!-- \/ Yoast SEO plugin. -->","yoast_head_json":{"title":"Il gendering nelle PR non \u00e8 ancora diffuso - organizzatore","description":"49% considerano importante la comunicazione sensibile al genere. La maggior parte delle aziende ha gi\u00e0 delle linee guida. La leggibilit\u00e0 rimane una sfida.","robots":{"index":"index","follow":"follow","max-snippet":"max-snippet:-1","max-image-preview":"max-image-preview:large","max-video-preview":"max-video-preview:-1"},"canonical":"https:\/\/www.organisator.ch\/it\/marketing\/2024-09-11\/gendern-in-der-pr-noch-nicht-stark-verbreitet\/","og_locale":"it_IT","og_type":"article","og_title":"Gendern in der PR noch nicht stark verbreitet - Organisator","og_description":"49% halten gendersensible Kommunikation f\u00fcr wichtig. Mehrheit der Unternehmen hat bereits Richtlinien. Lesbarkeit bleibt Herausforderung.","og_url":"https:\/\/www.organisator.ch\/it\/marketing\/2024-09-11\/gendern-in-der-pr-noch-nicht-stark-verbreitet\/","og_site_name":"Organisator","article_publisher":"https:\/\/www.facebook.com\/OrganisatorFachmagazin","article_published_time":"2024-09-11T10:13:03+00:00","article_modified_time":"2024-11-08T09:03:24+00:00","og_image":[{"url":"https:\/\/www.markt-kom.com\/wp-content\/uploads\/2024\/09\/gendersprache-in-der-pr-DE.jpg","type":"","width":"","height":""}],"author":"galledia","twitter_card":"summary_large_image","twitter_creator":"@admin","schema":{"@context":"https:\/\/schema.org","@graph":[{"@type":"Article","@id":"https:\/\/www.organisator.ch\/marketing\/2024-09-11\/gendern-in-der-pr-noch-nicht-stark-verbreitet\/#article","isPartOf":{"@id":"https:\/\/www.organisator.ch\/marketing\/2024-09-11\/gendern-in-der-pr-noch-nicht-stark-verbreitet\/"},"author":{"name":"galledia","@id":"https:\/\/www.organisator.ch\/#\/schema\/person\/4e51799071cd2dd1232ac003643ef5f0"},"headline":"Gendern in der PR noch nicht stark verbreitet","datePublished":"2024-09-11T10:13:03+00:00","dateModified":"2024-11-08T09:03:24+00:00","mainEntityOfPage":{"@id":"https:\/\/www.organisator.ch\/marketing\/2024-09-11\/gendern-in-der-pr-noch-nicht-stark-verbreitet\/"},"wordCount":726,"publisher":{"@id":"https:\/\/www.organisator.ch\/#organization"},"image":{"@id":"https:\/\/www.organisator.ch\/marketing\/2024-09-11\/gendern-in-der-pr-noch-nicht-stark-verbreitet\/#primaryimage"},"thumbnailUrl":"https:\/\/www.markt-kom.com\/wp-content\/uploads\/2024\/09\/gendersprache-in-der-pr-DE.jpg","keywords":["Gendergerechte Sprache","MarKom","News Aktuell","Per","Studie"],"articleSection":["MARKETING"],"inLanguage":"it-IT"},{"@type":"WebPage","@id":"https:\/\/www.organisator.ch\/marketing\/2024-09-11\/gendern-in-der-pr-noch-nicht-stark-verbreitet\/","url":"https:\/\/www.organisator.ch\/marketing\/2024-09-11\/gendern-in-der-pr-noch-nicht-stark-verbreitet\/","name":"Il gendering nelle PR non \u00e8 ancora diffuso - organizzatore","isPartOf":{"@id":"https:\/\/www.organisator.ch\/#website"},"primaryImageOfPage":{"@id":"https:\/\/www.organisator.ch\/marketing\/2024-09-11\/gendern-in-der-pr-noch-nicht-stark-verbreitet\/#primaryimage"},"image":{"@id":"https:\/\/www.organisator.ch\/marketing\/2024-09-11\/gendern-in-der-pr-noch-nicht-stark-verbreitet\/#primaryimage"},"thumbnailUrl":"https:\/\/www.markt-kom.com\/wp-content\/uploads\/2024\/09\/gendersprache-in-der-pr-DE.jpg","datePublished":"2024-09-11T10:13:03+00:00","dateModified":"2024-11-08T09:03:24+00:00","description":"49% considerano importante la comunicazione sensibile al genere. La maggior parte delle aziende ha gi\u00e0 delle linee guida. La leggibilit\u00e0 rimane una sfida.","breadcrumb":{"@id":"https:\/\/www.organisator.ch\/marketing\/2024-09-11\/gendern-in-der-pr-noch-nicht-stark-verbreitet\/#breadcrumb"},"inLanguage":"it-IT","potentialAction":[{"@type":"ReadAction","target":["https:\/\/www.organisator.ch\/marketing\/2024-09-11\/gendern-in-der-pr-noch-nicht-stark-verbreitet\/"]}]},{"@type":"ImageObject","inLanguage":"it-IT","@id":"https:\/\/www.organisator.ch\/marketing\/2024-09-11\/gendern-in-der-pr-noch-nicht-stark-verbreitet\/#primaryimage","url":"https:\/\/www.markt-kom.com\/wp-content\/uploads\/2024\/09\/gendersprache-in-der-pr-DE.jpg","contentUrl":"https:\/\/www.markt-kom.com\/wp-content\/uploads\/2024\/09\/gendersprache-in-der-pr-DE.jpg"},{"@type":"BreadcrumbList","@id":"https:\/\/www.organisator.ch\/marketing\/2024-09-11\/gendern-in-der-pr-noch-nicht-stark-verbreitet\/#breadcrumb","itemListElement":[{"@type":"ListItem","position":1,"name":"Home","item":"https:\/\/www.organisator.ch\/"},{"@type":"ListItem","position":2,"name":"Gendern in der PR noch nicht stark verbreitet"}]},{"@type":"WebSite","@id":"https:\/\/www.organisator.ch\/#website","url":"https:\/\/www.organisator.ch\/","name":"Organizzatore","description":"Competente. Pratico. In 10 numeri all'anno, ORGANISATOR presenta i temi essenziali per i manager delle PMI.","publisher":{"@id":"https:\/\/www.organisator.ch\/#organization"},"potentialAction":[{"@type":"SearchAction","target":{"@type":"EntryPoint","urlTemplate":"https:\/\/www.organisator.ch\/?s={search_term_string}"},"query-input":{"@type":"PropertyValueSpecification","valueRequired":true,"valueName":"search_term_string"}}],"inLanguage":"it-IT"},{"@type":"Organization","@id":"https:\/\/www.organisator.ch\/#organization","name":"Organizzatore","url":"https:\/\/www.organisator.ch\/","logo":{"@type":"ImageObject","inLanguage":"it-IT","@id":"https:\/\/www.organisator.ch\/#\/schema\/logo\/image\/","url":"https:\/\/www.organisator.ch\/wp-content\/uploads\/2022\/01\/Logo_Organisator_Website.png","contentUrl":"https:\/\/www.organisator.ch\/wp-content\/uploads\/2022\/01\/Logo_Organisator_Website.png","width":800,"height":77,"caption":"Organisator"},"image":{"@id":"https:\/\/www.organisator.ch\/#\/schema\/logo\/image\/"},"sameAs":["https:\/\/www.facebook.com\/OrganisatorFachmagazin","https:\/\/www.linkedin.com\/showcase\/organisator-das-magazin-fr-kmu","https:\/\/www.xing.com\/news\/pages\/organisator-ch-695","https:\/\/www.youtube.com\/channel\/UCGP2Sq0iWaZwT3BdIAQFYpw"]},{"@type":"Person","@id":"https:\/\/www.organisator.ch\/#\/schema\/person\/4e51799071cd2dd1232ac003643ef5f0","name":"galledia","image":{"@type":"ImageObject","inLanguage":"it-IT","@id":"https:\/\/secure.gravatar.com\/avatar\/78a7f90c01fc2bfc875782a0d4922b37cde2cf184ce347b91316d23cd7f69a36?s=96&d=mm&r=g","url":"https:\/\/secure.gravatar.com\/avatar\/78a7f90c01fc2bfc875782a0d4922b37cde2cf184ce347b91316d23cd7f69a36?s=96&d=mm&r=g","contentUrl":"https:\/\/secure.gravatar.com\/avatar\/78a7f90c01fc2bfc875782a0d4922b37cde2cf184ce347b91316d23cd7f69a36?s=96&d=mm&r=g","caption":"galledia"},"sameAs":["https:\/\/x.com\/admin"],"url":"https:\/\/www.organisator.ch\/it\/author\/galledia\/"}]}},"_links":{"self":[{"href":"https:\/\/www.organisator.ch\/it\/wp-json\/wp\/v2\/posts\/29752","targetHints":{"allow":["GET"]}}],"collection":[{"href":"https:\/\/www.organisator.ch\/it\/wp-json\/wp\/v2\/posts"}],"about":[{"href":"https:\/\/www.organisator.ch\/it\/wp-json\/wp\/v2\/types\/post"}],"author":[{"embeddable":true,"href":"https:\/\/www.organisator.ch\/it\/wp-json\/wp\/v2\/users\/8"}],"replies":[{"embeddable":true,"href":"https:\/\/www.organisator.ch\/it\/wp-json\/wp\/v2\/comments?post=29752"}],"version-history":[{"count":3,"href":"https:\/\/www.organisator.ch\/it\/wp-json\/wp\/v2\/posts\/29752\/revisions"}],"predecessor-version":[{"id":31952,"href":"https:\/\/www.organisator.ch\/it\/wp-json\/wp\/v2\/posts\/29752\/revisions\/31952"}],"wp:attachment":[{"href":"https:\/\/www.organisator.ch\/it\/wp-json\/wp\/v2\/media?parent=29752"}],"wp:term":[{"taxonomy":"category","embeddable":true,"href":"https:\/\/www.organisator.ch\/it\/wp-json\/wp\/v2\/categories?post=29752"},{"taxonomy":"post_tag","embeddable":true,"href":"https:\/\/www.organisator.ch\/it\/wp-json\/wp\/v2\/tags?post=29752"}],"curies":[{"name":"wp","href":"https:\/\/api.w.org\/{rel}","templated":true}]}}