{"id":29772,"date":"2024-09-13T09:31:17","date_gmt":"2024-09-13T07:31:17","guid":{"rendered":"https:\/\/www.organisator.ch\/?p=29772"},"modified":"2024-09-12T11:01:33","modified_gmt":"2024-09-12T09:01:33","slug":"studienstart-an-der-hes-so-mit-fast-21-000-studierenden","status":"publish","type":"post","link":"https:\/\/www.organisator.ch\/it\/weiterbildung\/2024-09-13\/studienstart-an-der-hes-so-mit-fast-21-000-studierenden\/","title":{"rendered":"Quasi 21.000 studenti iniziano i loro studi presso l'HES-SO"},"content":{"rendered":"<figure id=\"attachment_29774\" aria-describedby=\"caption-attachment-29774\" style=\"width: 680px\" class=\"wp-caption alignnone\"><img loading=\"lazy\" decoding=\"async\" class=\"size-full wp-image-29774\" src=\"https:\/\/www.organisator.ch\/wp-content\/uploads\/2024\/09\/HES-SO_Bild1_ps.jpg\" alt=\"\" width=\"680\" height=\"431\" srcset=\"https:\/\/www.organisator.ch\/wp-content\/uploads\/2024\/09\/HES-SO_Bild1_ps.jpg 680w, https:\/\/www.organisator.ch\/wp-content\/uploads\/2024\/09\/HES-SO_Bild1_ps-18x12.jpg 18w, https:\/\/www.organisator.ch\/wp-content\/uploads\/2024\/09\/HES-SO_Bild1_ps-375x238.jpg 375w, https:\/\/www.organisator.ch\/wp-content\/uploads\/2024\/09\/HES-SO_Bild1_ps-552x350.jpg 552w\" sizes=\"auto, (max-width: 680px) 100vw, 680px\" \/><figcaption id=\"caption-attachment-29774\" class=\"wp-caption-text\">Circa 21.000 studenti inizieranno il nuovo anno accademico nelle 28 universit\u00e0 dell'HES-SO della Svizzera francese a partire dal 16 settembre 2024. (Immagine: www.depositphotos.com)<\/figcaption><\/figure>\n<p>Il Master Integrated Innovation for Product and Business Development (Innokick) \u00e8 emblematico di questo nuovo inizio: il programma di questo corso di laurea, incentrato sull'innovazione, \u00e8 stato completamente rivisto per il prossimo anno accademico. In precedenza, era riservato ai laureati di primo livello nei settori dell'ingegneria e dell'architettura, dell'economia e dei servizi o del design e delle belle arti. A partire dal prossimo anno accademico, sar\u00e0 aperto anche agli studenti delle altre tre facolt\u00e0 di HES-SO (Musica e Arti dello Spettacolo, Salute, Lavoro Sociale) e beneficer\u00e0 quindi di un contributo ancora pi\u00f9 diversificato al processo creativo. Inoltre, in futuro il programma Innokick Master potr\u00e0 essere completato non solo come corso a tempo pieno, ma anche come corso part-time.<\/p>\n<p>Anche il programma di laurea in infermieristica \u00e8 stato ampliato: Lo studio a tempo parziale \u00e8 ora possibile non solo presso la Scuola Superiore di Sanit\u00e0 di Friburgo (HEdS-FR), dove questa opzione \u00e8 disponibile da un anno, ma anche presso la Scuola Superiore di Sanit\u00e0 di Ginevra (HEdS-Gen\u00e8ve) e la Scuola Superiore di Sanit\u00e0 del Vallese-Wallis (HEdS). Inoltre, il corso di laurea in ostetricia della Scuola vodese di sanit\u00e0 (HESAV) \u00e8 offerto anche come corso part-time. La flessibilizzazione del corso di laurea si rivolge principalmente a coloro che, per motivi personali o professionali, non possono completare facilmente un corso a tempo pieno.<\/p>\n<p>Anche le universit\u00e0 del settore sanitario stanno facendo largo uso dell'e-portfolio: un dossier online utilizzato dagli studenti per documentare il loro lavoro, le loro riflessioni e il loro sviluppo personale e professionale. L'e-portfolio \u00e8 in linea con lo sviluppo di programmi di formazione sempre pi\u00f9 modulari, che possono essere progettati sempre pi\u00f9 liberamente, ed \u00e8 uno strumento pedagogico per i docenti e il corpo insegnante che consente loro di monitorare e valutare i progressi degli studenti online. L'e-portfolio dovrebbe anche diventare una componente centrale dei documenti di candidatura per la ricerca di un lavoro.<\/p>\n<h3><strong>Programmi di formazione orientati alle esigenze del mondo professionale<\/strong><\/h3>\n<p>La vicinanza al mondo professionale viene rafforzata in particolare attraverso una maggiore collaborazione con le aziende partner. \u00c8 il caso, ad esempio, della Scuola di Ingegneria e Architettura di Friburgo (HEIA-FR), che offre un nuovo corso per i laureati del secondo anno in ingegneria meccanica, ingegneria elettrica e informatica e sistemi di comunicazione, sviluppato in collaborazione con il produttore e distributore di energia Groupe E. Questo corso, dedicato a temi di interfaccia tra l'ottimizzazione dei flussi di calore, l'elettricit\u00e0 e le nuove tecnologie informatiche, consente agli studenti di lavorare su progetti specifici in modo interdisciplinare. Dovrebbe inoltre motivarli a portare avanti progetti in team interdisciplinari e in collaborazione con comuni e aziende partner durante il nuovo anno accademico.<\/p>\n<p>Anche il Master of Science in Business Administration (MSc BA) \u00e8 stato adattato alle mutevoli esigenze delle imprese e della societ\u00e0 e tiene conto in particolare delle sfide associate alla sostenibilit\u00e0 e alla digitalizzazione. Sia il profilo di competenze che il programma quadro del Master sono stati completamente rivisti.<\/p>\n<h3><strong>Numero di studenti all'inizio dell'anno accademico 2024\/2025\u00a0<\/strong><\/h3>\n<p>Le iscrizioni ai corsi di laurea triennale sono in leggero calo, tranne che nei programmi artistici, met\u00e0 dei quali \u00e8 compensata dal costante aumento delle iscrizioni ai master negli ultimi tre anni. In totale, oltre 17.800 studenti si iscriveranno a un corso di laurea triennale e oltre 2.600 a un corso di laurea magistrale in uno dei sei dipartimenti dell'HES-SO. La pi\u00f9 grande universit\u00e0 di scienze applicate della Svizzera avr\u00e0 quindi quasi 21.000 studenti all'inizio dell'anno accademico 2024\/2025.<\/p>\n<p><em>Fonte: <a href=\"http:\/\/www.hes-so.ch\">www.hes-so.ch<\/a><\/em><\/p>","protected":false},"excerpt":{"rendered":"<p>Quasi 21.000 studenti inizieranno il nuovo anno accademico nella settimana del 16 settembre 2024 in una delle 28 universit\u00e0 HES-SO della Svizzera francese. Sono state apportate modifiche ad alcuni corsi di laurea: maggiori possibilit\u00e0 di rendere gli studi pi\u00f9 flessibili, apertura a nuovi gruppi target e maggiore vicinanza al mondo professionale.<\/p>","protected":false},"author":58,"featured_media":29774,"comment_status":"closed","ping_status":"closed","sticky":false,"template":"","format":"standard","meta":{"_acf_changed":false,"_yoast_wpseo_focuskw":"HES-SO","_yoast_wpseo_metadesc":"Fast 21'000 Studentinnen und Studenten werden in der Woche vom 16. September 2024 in der gesamten Westschweiz das neue Studienjahr in Angriff nehmen.","articlekey":"","footnotes":""},"categories":[30],"tags":[62,4500,460],"class_list":["post-29772","post","type-post","status-publish","format-standard","has-post-thumbnail","hentry","category-weiterbildung","tag-aus-weiterbildung","tag-hes-so","tag-studien"],"acf":[],"yoast_head":"<!-- This site is optimized with the Yoast SEO plugin v27.5 - https:\/\/yoast.com\/product\/yoast-seo-wordpress\/ -->\n<title>Studienstart an der HES-SO mit fast 21.000 Studierenden - Organisator<\/title>\n<meta name=\"description\" content=\"Fast 21&#039;000 Studentinnen und Studenten werden in der Woche vom 16. September 2024 in der gesamten Westschweiz das neue Studienjahr in Angriff nehmen.\" \/>\n<meta name=\"robots\" content=\"index, follow, max-snippet:-1, max-image-preview:large, max-video-preview:-1\" \/>\n<link rel=\"canonical\" href=\"https:\/\/www.organisator.ch\/it\/formazione-continua\/2024-09-13\/studienstart-an-der-hes-so-mit-fast-21-000-studierenden\/\" \/>\n<meta property=\"og:locale\" content=\"it_IT\" \/>\n<meta property=\"og:type\" content=\"article\" \/>\n<meta property=\"og:title\" content=\"Studienstart an der HES-SO mit fast 21.000 Studierenden\" \/>\n<meta property=\"og:description\" content=\"Fast 21&#039;000 Studentinnen und Studenten werden in der Woche vom 16. September 2024 in der gesamten Westschweiz das neue Studienjahr in Angriff nehmen.\" \/>\n<meta property=\"og:url\" content=\"https:\/\/www.organisator.ch\/it\/formazione-continua\/2024-09-13\/studienstart-an-der-hes-so-mit-fast-21-000-studierenden\/\" \/>\n<meta property=\"og:site_name\" content=\"Organisator\" \/>\n<meta property=\"article:publisher\" content=\"https:\/\/www.facebook.com\/OrganisatorFachmagazin\" \/>\n<meta property=\"article:published_time\" content=\"2024-09-13T07:31:17+00:00\" \/>\n<meta property=\"og:image\" content=\"https:\/\/www.organisator.ch\/wp-content\/uploads\/2024\/09\/HES-SO_Bild1_ps.jpg\" \/>\n\t<meta property=\"og:image:width\" content=\"680\" \/>\n\t<meta property=\"og:image:height\" content=\"431\" \/>\n\t<meta property=\"og:image:type\" content=\"image\/jpeg\" \/>\n<meta name=\"author\" content=\"Adelisa Kalajdzini\" \/>\n<meta name=\"twitter:card\" content=\"summary_large_image\" \/>\n<meta name=\"twitter:title\" content=\"Studienstart an der HES-SO mit fast 21.000 Studierenden\" \/>\n<meta name=\"twitter:description\" content=\"Fast 21&#039;000 #Studentinnen und #Studenten werden in der Woche vom 16. September 2024 in der gesamten #Westschweiz das neue #Studienjahr in Angriff nehmen.\" \/>\n<meta name=\"twitter:image\" content=\"https:\/\/www.organisator.ch\/wp-content\/uploads\/2024\/09\/HES-SO_Bild1_ps.jpg\" \/>\n<script type=\"application\/ld+json\" class=\"yoast-schema-graph\">{\"@context\":\"https:\\\/\\\/schema.org\",\"@graph\":[{\"@type\":\"Article\",\"@id\":\"https:\\\/\\\/www.organisator.ch\\\/weiterbildung\\\/2024-09-13\\\/studienstart-an-der-hes-so-mit-fast-21-000-studierenden\\\/#article\",\"isPartOf\":{\"@id\":\"https:\\\/\\\/www.organisator.ch\\\/weiterbildung\\\/2024-09-13\\\/studienstart-an-der-hes-so-mit-fast-21-000-studierenden\\\/\"},\"author\":{\"name\":\"Adelisa Kalajdzini\",\"@id\":\"https:\\\/\\\/www.organisator.ch\\\/#\\\/schema\\\/person\\\/2e1314a2172123f874db408d8911d3f3\"},\"headline\":\"Studienstart an der HES-SO mit fast 21.000 Studierenden\",\"datePublished\":\"2024-09-13T07:31:17+00:00\",\"mainEntityOfPage\":{\"@id\":\"https:\\\/\\\/www.organisator.ch\\\/weiterbildung\\\/2024-09-13\\\/studienstart-an-der-hes-so-mit-fast-21-000-studierenden\\\/\"},\"wordCount\":581,\"publisher\":{\"@id\":\"https:\\\/\\\/www.organisator.ch\\\/#organization\"},\"image\":{\"@id\":\"https:\\\/\\\/www.organisator.ch\\\/weiterbildung\\\/2024-09-13\\\/studienstart-an-der-hes-so-mit-fast-21-000-studierenden\\\/#primaryimage\"},\"thumbnailUrl\":\"https:\\\/\\\/www.organisator.ch\\\/wp-content\\\/uploads\\\/2024\\\/09\\\/HES-SO_Bild1_ps.jpg\",\"keywords\":[\"Aus-\\\/Weiterbildung\",\"HES-SO\",\"Studien\"],\"articleSection\":[\"WEITERBILDUNG\"],\"inLanguage\":\"it-IT\"},{\"@type\":\"WebPage\",\"@id\":\"https:\\\/\\\/www.organisator.ch\\\/weiterbildung\\\/2024-09-13\\\/studienstart-an-der-hes-so-mit-fast-21-000-studierenden\\\/\",\"url\":\"https:\\\/\\\/www.organisator.ch\\\/weiterbildung\\\/2024-09-13\\\/studienstart-an-der-hes-so-mit-fast-21-000-studierenden\\\/\",\"name\":\"Studienstart an der HES-SO mit fast 21.000 Studierenden - Organisator\",\"isPartOf\":{\"@id\":\"https:\\\/\\\/www.organisator.ch\\\/#website\"},\"primaryImageOfPage\":{\"@id\":\"https:\\\/\\\/www.organisator.ch\\\/weiterbildung\\\/2024-09-13\\\/studienstart-an-der-hes-so-mit-fast-21-000-studierenden\\\/#primaryimage\"},\"image\":{\"@id\":\"https:\\\/\\\/www.organisator.ch\\\/weiterbildung\\\/2024-09-13\\\/studienstart-an-der-hes-so-mit-fast-21-000-studierenden\\\/#primaryimage\"},\"thumbnailUrl\":\"https:\\\/\\\/www.organisator.ch\\\/wp-content\\\/uploads\\\/2024\\\/09\\\/HES-SO_Bild1_ps.jpg\",\"datePublished\":\"2024-09-13T07:31:17+00:00\",\"description\":\"Fast 21'000 Studentinnen und Studenten werden in der Woche vom 16. September 2024 in der gesamten Westschweiz das neue Studienjahr in Angriff nehmen.\",\"breadcrumb\":{\"@id\":\"https:\\\/\\\/www.organisator.ch\\\/weiterbildung\\\/2024-09-13\\\/studienstart-an-der-hes-so-mit-fast-21-000-studierenden\\\/#breadcrumb\"},\"inLanguage\":\"it-IT\",\"potentialAction\":[{\"@type\":\"ReadAction\",\"target\":[\"https:\\\/\\\/www.organisator.ch\\\/weiterbildung\\\/2024-09-13\\\/studienstart-an-der-hes-so-mit-fast-21-000-studierenden\\\/\"]}]},{\"@type\":\"ImageObject\",\"inLanguage\":\"it-IT\",\"@id\":\"https:\\\/\\\/www.organisator.ch\\\/weiterbildung\\\/2024-09-13\\\/studienstart-an-der-hes-so-mit-fast-21-000-studierenden\\\/#primaryimage\",\"url\":\"https:\\\/\\\/www.organisator.ch\\\/wp-content\\\/uploads\\\/2024\\\/09\\\/HES-SO_Bild1_ps.jpg\",\"contentUrl\":\"https:\\\/\\\/www.organisator.ch\\\/wp-content\\\/uploads\\\/2024\\\/09\\\/HES-SO_Bild1_ps.jpg\",\"width\":680,\"height\":431,\"caption\":\"Rund 21'000 Studierende starten ab dem 16. September 2024 an den 28 Hochschulen der HES-SO in der Westschweiz ins neue Studienjahr. (Bild: www.depositphotos.com)\"},{\"@type\":\"BreadcrumbList\",\"@id\":\"https:\\\/\\\/www.organisator.ch\\\/weiterbildung\\\/2024-09-13\\\/studienstart-an-der-hes-so-mit-fast-21-000-studierenden\\\/#breadcrumb\",\"itemListElement\":[{\"@type\":\"ListItem\",\"position\":1,\"name\":\"Home\",\"item\":\"https:\\\/\\\/www.organisator.ch\\\/\"},{\"@type\":\"ListItem\",\"position\":2,\"name\":\"Studienstart an der HES-SO mit fast 21.000 Studierenden\"}]},{\"@type\":\"WebSite\",\"@id\":\"https:\\\/\\\/www.organisator.ch\\\/#website\",\"url\":\"https:\\\/\\\/www.organisator.ch\\\/\",\"name\":\"Organisator\",\"description\":\"Kompetent. Praxisnah. Der ORGANISATOR bereitet in 10 Ausgaben pro Jahr die wesentlichen Themen f\u00fcr F\u00fchrungskr\u00e4fte von KMU auf.\",\"publisher\":{\"@id\":\"https:\\\/\\\/www.organisator.ch\\\/#organization\"},\"potentialAction\":[{\"@type\":\"SearchAction\",\"target\":{\"@type\":\"EntryPoint\",\"urlTemplate\":\"https:\\\/\\\/www.organisator.ch\\\/?s={search_term_string}\"},\"query-input\":{\"@type\":\"PropertyValueSpecification\",\"valueRequired\":true,\"valueName\":\"search_term_string\"}}],\"inLanguage\":\"it-IT\"},{\"@type\":\"Organization\",\"@id\":\"https:\\\/\\\/www.organisator.ch\\\/#organization\",\"name\":\"Organisator\",\"url\":\"https:\\\/\\\/www.organisator.ch\\\/\",\"logo\":{\"@type\":\"ImageObject\",\"inLanguage\":\"it-IT\",\"@id\":\"https:\\\/\\\/www.organisator.ch\\\/#\\\/schema\\\/logo\\\/image\\\/\",\"url\":\"https:\\\/\\\/www.organisator.ch\\\/wp-content\\\/uploads\\\/2022\\\/01\\\/Logo_Organisator_Website.png\",\"contentUrl\":\"https:\\\/\\\/www.organisator.ch\\\/wp-content\\\/uploads\\\/2022\\\/01\\\/Logo_Organisator_Website.png\",\"width\":800,\"height\":77,\"caption\":\"Organisator\"},\"image\":{\"@id\":\"https:\\\/\\\/www.organisator.ch\\\/#\\\/schema\\\/logo\\\/image\\\/\"},\"sameAs\":[\"https:\\\/\\\/www.facebook.com\\\/OrganisatorFachmagazin\",\"https:\\\/\\\/www.linkedin.com\\\/showcase\\\/organisator-das-magazin-fr-kmu\",\"https:\\\/\\\/www.xing.com\\\/news\\\/pages\\\/organisator-ch-695\",\"https:\\\/\\\/www.youtube.com\\\/channel\\\/UCGP2Sq0iWaZwT3BdIAQFYpw\"]},{\"@type\":\"Person\",\"@id\":\"https:\\\/\\\/www.organisator.ch\\\/#\\\/schema\\\/person\\\/2e1314a2172123f874db408d8911d3f3\",\"name\":\"Adelisa Kalajdzini\",\"image\":{\"@type\":\"ImageObject\",\"inLanguage\":\"it-IT\",\"@id\":\"https:\\\/\\\/secure.gravatar.com\\\/avatar\\\/09a397c22ac58cad6f160ee8306348599df9df58a8ede73696226897b9fa4b24?s=96&d=mm&r=g\",\"url\":\"https:\\\/\\\/secure.gravatar.com\\\/avatar\\\/09a397c22ac58cad6f160ee8306348599df9df58a8ede73696226897b9fa4b24?s=96&d=mm&r=g\",\"contentUrl\":\"https:\\\/\\\/secure.gravatar.com\\\/avatar\\\/09a397c22ac58cad6f160ee8306348599df9df58a8ede73696226897b9fa4b24?s=96&d=mm&r=g\",\"caption\":\"Adelisa Kalajdzini\"},\"url\":\"https:\\\/\\\/www.organisator.ch\\\/it\\\/author\\\/adelisa-kalajdzini\\\/\"}]}<\/script>\n<!-- \/ Yoast SEO plugin. -->","yoast_head_json":{"title":"Inizio degli studi presso l'HES-SO con quasi 21.000 studenti - Organizzatore","description":"Quasi 21.000 studenti inizieranno il nuovo anno accademico in tutta la Svizzera francese nella settimana del 16 settembre 2024.","robots":{"index":"index","follow":"follow","max-snippet":"max-snippet:-1","max-image-preview":"max-image-preview:large","max-video-preview":"max-video-preview:-1"},"canonical":"https:\/\/www.organisator.ch\/it\/formazione-continua\/2024-09-13\/studienstart-an-der-hes-so-mit-fast-21-000-studierenden\/","og_locale":"it_IT","og_type":"article","og_title":"Studienstart an der HES-SO mit fast 21.000 Studierenden","og_description":"Fast 21'000 Studentinnen und Studenten werden in der Woche vom 16. September 2024 in der gesamten Westschweiz das neue Studienjahr in Angriff nehmen.","og_url":"https:\/\/www.organisator.ch\/it\/formazione-continua\/2024-09-13\/studienstart-an-der-hes-so-mit-fast-21-000-studierenden\/","og_site_name":"Organisator","article_publisher":"https:\/\/www.facebook.com\/OrganisatorFachmagazin","article_published_time":"2024-09-13T07:31:17+00:00","og_image":[{"width":680,"height":431,"url":"https:\/\/www.organisator.ch\/wp-content\/uploads\/2024\/09\/HES-SO_Bild1_ps.jpg","type":"image\/jpeg"}],"author":"Adelisa Kalajdzini","twitter_card":"summary_large_image","twitter_title":"Studienstart an der HES-SO mit fast 21.000 Studierenden","twitter_description":"Fast 21'000 #Studentinnen und #Studenten werden in der Woche vom 16. September 2024 in der gesamten #Westschweiz das neue #Studienjahr in Angriff nehmen.","twitter_image":"https:\/\/www.organisator.ch\/wp-content\/uploads\/2024\/09\/HES-SO_Bild1_ps.jpg","schema":{"@context":"https:\/\/schema.org","@graph":[{"@type":"Article","@id":"https:\/\/www.organisator.ch\/weiterbildung\/2024-09-13\/studienstart-an-der-hes-so-mit-fast-21-000-studierenden\/#article","isPartOf":{"@id":"https:\/\/www.organisator.ch\/weiterbildung\/2024-09-13\/studienstart-an-der-hes-so-mit-fast-21-000-studierenden\/"},"author":{"name":"Adelisa Kalajdzini","@id":"https:\/\/www.organisator.ch\/#\/schema\/person\/2e1314a2172123f874db408d8911d3f3"},"headline":"Studienstart an der HES-SO mit fast 21.000 Studierenden","datePublished":"2024-09-13T07:31:17+00:00","mainEntityOfPage":{"@id":"https:\/\/www.organisator.ch\/weiterbildung\/2024-09-13\/studienstart-an-der-hes-so-mit-fast-21-000-studierenden\/"},"wordCount":581,"publisher":{"@id":"https:\/\/www.organisator.ch\/#organization"},"image":{"@id":"https:\/\/www.organisator.ch\/weiterbildung\/2024-09-13\/studienstart-an-der-hes-so-mit-fast-21-000-studierenden\/#primaryimage"},"thumbnailUrl":"https:\/\/www.organisator.ch\/wp-content\/uploads\/2024\/09\/HES-SO_Bild1_ps.jpg","keywords":["Aus-\/Weiterbildung","HES-SO","Studien"],"articleSection":["WEITERBILDUNG"],"inLanguage":"it-IT"},{"@type":"WebPage","@id":"https:\/\/www.organisator.ch\/weiterbildung\/2024-09-13\/studienstart-an-der-hes-so-mit-fast-21-000-studierenden\/","url":"https:\/\/www.organisator.ch\/weiterbildung\/2024-09-13\/studienstart-an-der-hes-so-mit-fast-21-000-studierenden\/","name":"Inizio degli studi presso l'HES-SO con quasi 21.000 studenti - Organizzatore","isPartOf":{"@id":"https:\/\/www.organisator.ch\/#website"},"primaryImageOfPage":{"@id":"https:\/\/www.organisator.ch\/weiterbildung\/2024-09-13\/studienstart-an-der-hes-so-mit-fast-21-000-studierenden\/#primaryimage"},"image":{"@id":"https:\/\/www.organisator.ch\/weiterbildung\/2024-09-13\/studienstart-an-der-hes-so-mit-fast-21-000-studierenden\/#primaryimage"},"thumbnailUrl":"https:\/\/www.organisator.ch\/wp-content\/uploads\/2024\/09\/HES-SO_Bild1_ps.jpg","datePublished":"2024-09-13T07:31:17+00:00","description":"Quasi 21.000 studenti inizieranno il nuovo anno accademico in tutta la Svizzera francese nella settimana del 16 settembre 2024.","breadcrumb":{"@id":"https:\/\/www.organisator.ch\/weiterbildung\/2024-09-13\/studienstart-an-der-hes-so-mit-fast-21-000-studierenden\/#breadcrumb"},"inLanguage":"it-IT","potentialAction":[{"@type":"ReadAction","target":["https:\/\/www.organisator.ch\/weiterbildung\/2024-09-13\/studienstart-an-der-hes-so-mit-fast-21-000-studierenden\/"]}]},{"@type":"ImageObject","inLanguage":"it-IT","@id":"https:\/\/www.organisator.ch\/weiterbildung\/2024-09-13\/studienstart-an-der-hes-so-mit-fast-21-000-studierenden\/#primaryimage","url":"https:\/\/www.organisator.ch\/wp-content\/uploads\/2024\/09\/HES-SO_Bild1_ps.jpg","contentUrl":"https:\/\/www.organisator.ch\/wp-content\/uploads\/2024\/09\/HES-SO_Bild1_ps.jpg","width":680,"height":431,"caption":"Rund 21'000 Studierende starten ab dem 16. September 2024 an den 28 Hochschulen der HES-SO in der Westschweiz ins neue Studienjahr. (Bild: www.depositphotos.com)"},{"@type":"BreadcrumbList","@id":"https:\/\/www.organisator.ch\/weiterbildung\/2024-09-13\/studienstart-an-der-hes-so-mit-fast-21-000-studierenden\/#breadcrumb","itemListElement":[{"@type":"ListItem","position":1,"name":"Home","item":"https:\/\/www.organisator.ch\/"},{"@type":"ListItem","position":2,"name":"Studienstart an der HES-SO mit fast 21.000 Studierenden"}]},{"@type":"WebSite","@id":"https:\/\/www.organisator.ch\/#website","url":"https:\/\/www.organisator.ch\/","name":"Organizzatore","description":"Competente. Pratico. In 10 numeri all'anno, ORGANISATOR presenta i temi essenziali per i manager delle PMI.","publisher":{"@id":"https:\/\/www.organisator.ch\/#organization"},"potentialAction":[{"@type":"SearchAction","target":{"@type":"EntryPoint","urlTemplate":"https:\/\/www.organisator.ch\/?s={search_term_string}"},"query-input":{"@type":"PropertyValueSpecification","valueRequired":true,"valueName":"search_term_string"}}],"inLanguage":"it-IT"},{"@type":"Organization","@id":"https:\/\/www.organisator.ch\/#organization","name":"Organizzatore","url":"https:\/\/www.organisator.ch\/","logo":{"@type":"ImageObject","inLanguage":"it-IT","@id":"https:\/\/www.organisator.ch\/#\/schema\/logo\/image\/","url":"https:\/\/www.organisator.ch\/wp-content\/uploads\/2022\/01\/Logo_Organisator_Website.png","contentUrl":"https:\/\/www.organisator.ch\/wp-content\/uploads\/2022\/01\/Logo_Organisator_Website.png","width":800,"height":77,"caption":"Organisator"},"image":{"@id":"https:\/\/www.organisator.ch\/#\/schema\/logo\/image\/"},"sameAs":["https:\/\/www.facebook.com\/OrganisatorFachmagazin","https:\/\/www.linkedin.com\/showcase\/organisator-das-magazin-fr-kmu","https:\/\/www.xing.com\/news\/pages\/organisator-ch-695","https:\/\/www.youtube.com\/channel\/UCGP2Sq0iWaZwT3BdIAQFYpw"]},{"@type":"Person","@id":"https:\/\/www.organisator.ch\/#\/schema\/person\/2e1314a2172123f874db408d8911d3f3","name":"Adelisa Kalajdzini","image":{"@type":"ImageObject","inLanguage":"it-IT","@id":"https:\/\/secure.gravatar.com\/avatar\/09a397c22ac58cad6f160ee8306348599df9df58a8ede73696226897b9fa4b24?s=96&d=mm&r=g","url":"https:\/\/secure.gravatar.com\/avatar\/09a397c22ac58cad6f160ee8306348599df9df58a8ede73696226897b9fa4b24?s=96&d=mm&r=g","contentUrl":"https:\/\/secure.gravatar.com\/avatar\/09a397c22ac58cad6f160ee8306348599df9df58a8ede73696226897b9fa4b24?s=96&d=mm&r=g","caption":"Adelisa Kalajdzini"},"url":"https:\/\/www.organisator.ch\/it\/author\/adelisa-kalajdzini\/"}]}},"_links":{"self":[{"href":"https:\/\/www.organisator.ch\/it\/wp-json\/wp\/v2\/posts\/29772","targetHints":{"allow":["GET"]}}],"collection":[{"href":"https:\/\/www.organisator.ch\/it\/wp-json\/wp\/v2\/posts"}],"about":[{"href":"https:\/\/www.organisator.ch\/it\/wp-json\/wp\/v2\/types\/post"}],"author":[{"embeddable":true,"href":"https:\/\/www.organisator.ch\/it\/wp-json\/wp\/v2\/users\/58"}],"replies":[{"embeddable":true,"href":"https:\/\/www.organisator.ch\/it\/wp-json\/wp\/v2\/comments?post=29772"}],"version-history":[{"count":3,"href":"https:\/\/www.organisator.ch\/it\/wp-json\/wp\/v2\/posts\/29772\/revisions"}],"predecessor-version":[{"id":29816,"href":"https:\/\/www.organisator.ch\/it\/wp-json\/wp\/v2\/posts\/29772\/revisions\/29816"}],"wp:featuredmedia":[{"embeddable":true,"href":"https:\/\/www.organisator.ch\/it\/wp-json\/wp\/v2\/media\/29774"}],"wp:attachment":[{"href":"https:\/\/www.organisator.ch\/it\/wp-json\/wp\/v2\/media?parent=29772"}],"wp:term":[{"taxonomy":"category","embeddable":true,"href":"https:\/\/www.organisator.ch\/it\/wp-json\/wp\/v2\/categories?post=29772"},{"taxonomy":"post_tag","embeddable":true,"href":"https:\/\/www.organisator.ch\/it\/wp-json\/wp\/v2\/tags?post=29772"}],"curies":[{"name":"wp","href":"https:\/\/api.w.org\/{rel}","templated":true}]}}