{"id":29780,"date":"2024-09-12T08:01:15","date_gmt":"2024-09-12T06:01:15","guid":{"rendered":"https:\/\/www.markt-kom.com\/?p=223196"},"modified":"2024-11-08T09:58:27","modified_gmt":"2024-11-08T08:58:27","slug":"zuercher-gemeinderat-verlangt-einfach-verstaendliche-texte","status":"publish","type":"post","link":"https:\/\/www.organisator.ch\/it\/marketing\/2024-09-12\/zuercher-gemeinderat-verlangt-einfach-verstaendliche-texte\/","title":{"rendered":"Il consiglio comunale di Zurigo chiede testi di facile comprensione"},"content":{"rendered":"<figure id=\"attachment_223197\" class=\"wp-caption aligncenter\" style=\"width: 1200px\" aria-describedby=\"caption-attachment-223197\"><a href=\"https:\/\/www.markt-kom.com\/wp-content\/uploads\/2024\/09\/einfachverstaendlichetexte-zuerich.jpg\"><img class=\"aligncenter wp-image-223197 size-full\" src=\"https:\/\/www.markt-kom.com\/wp-content\/uploads\/2024\/09\/einfachverstaendlichetexte-zuerich.jpg\" alt=\"Zurigo senza barriere \" width=\"1200\" height=\"900\" \/><\/a>\r\n<figcaption id=\"caption-attachment-223197\" class=\"wp-caption-text\">Leggere gli avvisi della Citt\u00e0 di Zurigo non deve essere un grattacapo: il consiglio comunale vuole riassunti in un linguaggio semplice. (Immagine simbolica: Keystone\/DPA-Zentralbild\/Oliver Killig)<\/figcaption>\r\n<\/figure>\r\n<p>I postulanti del PS e dei Verdi hanno affermato che le informazioni fornite dalla citt\u00e0 - ad esempio sulle votazioni comunali - oggi non raggiungono tutti.<\/p>\r\n<p>La citt\u00e0 deve sforzarsi di comunicare in modo ancora pi\u00f9 inclusivo, ha dichiarato Anna-B\u00e9atrice Schmaltz (Partito Verde). Anche le persone con disabilit\u00e0 mentali, difficolt\u00e0 di lettura o con una prima lingua non tedesca devono comprendere le informazioni per poter contribuire. Sono quindi necessarie ulteriori misure per \"migliorare l'accessibilit\u00e0, la chiarezza, la comprensibilit\u00e0 e la leggibilit\u00e0 della comunicazione ufficiale\", ha aggiunto Leah Heuri (PS).<\/p>\r\n<p>Solo la SVP si \u00e8 espressa contro il postulato: Samuel Balsiger ha detto che la proposta \u00e8 una guerra culturale di sinistra. \"Non \u00e8 necessario\". Tuttavia, una chiara maggioranza ha classificato la proposta come degna di considerazione e l'ha rinviata al Consiglio comunale. <em>(SDA\/swi)<\/em><\/p>","protected":false},"excerpt":{"rendered":"<p>La Citt\u00e0 di Zurigo dovrebbe fornire sintesi delle sue informazioni in un linguaggio semplice e produrre semplici video esplicativi: Il Consiglio comunale ha appoggiato un postulato corrispondente mercoled\u00ec sera con 95 voti a favore e 13 contrari.<\/p>","protected":false},"author":8,"featured_media":0,"comment_status":"closed","ping_status":"closed","sticky":false,"template":"","format":"standard","meta":{"_acf_changed":false,"_yoast_wpseo_focuskw":"Z\u00fcrich barrierefreie","_yoast_wpseo_metadesc":"Z\u00fcrich: Barrierefreie und verst\u00e4ndliche Kommunikation wird angestrebt, um Inklusion zu f\u00f6rdern. Stadt pr\u00fcft Ma\u00dfnahmen 2024.","articlekey":"","footnotes":""},"categories":[29],"tags":[4502,4343,386],"class_list":["post-29780","post","type-post","status-publish","format-standard","hentry","category-marketing","tag-barrierefreie-kommunikation","tag-markom","tag-politik"],"acf":[],"yoast_head":"<!-- This site is optimized with the Yoast SEO plugin v27.5 - https:\/\/yoast.com\/product\/yoast-seo-wordpress\/ -->\n<title>Z\u00fcrcher Gemeinderat verlangt einfach verst\u00e4ndliche Texte - Organisator<\/title>\n<meta name=\"description\" content=\"Z\u00fcrich: Barrierefreie und verst\u00e4ndliche Kommunikation wird angestrebt, um Inklusion zu f\u00f6rdern. Stadt pr\u00fcft Ma\u00dfnahmen 2024.\" \/>\n<meta name=\"robots\" content=\"index, follow, max-snippet:-1, max-image-preview:large, max-video-preview:-1\" \/>\n<link rel=\"canonical\" href=\"https:\/\/www.organisator.ch\/it\/marketing\/2024-09-12\/zuercher-gemeinderat-verlangt-einfach-verstaendliche-texte\/\" \/>\n<meta property=\"og:locale\" content=\"it_IT\" \/>\n<meta property=\"og:type\" content=\"article\" \/>\n<meta property=\"og:title\" content=\"Z\u00fcrcher Gemeinderat verlangt einfach verst\u00e4ndliche Texte - Organisator\" \/>\n<meta property=\"og:description\" content=\"Z\u00fcrich: Barrierefreie und verst\u00e4ndliche Kommunikation wird angestrebt, um Inklusion zu f\u00f6rdern. Stadt pr\u00fcft Ma\u00dfnahmen 2024.\" \/>\n<meta property=\"og:url\" content=\"https:\/\/www.organisator.ch\/it\/marketing\/2024-09-12\/zuercher-gemeinderat-verlangt-einfach-verstaendliche-texte\/\" \/>\n<meta property=\"og:site_name\" content=\"Organisator\" \/>\n<meta property=\"article:publisher\" content=\"https:\/\/www.facebook.com\/OrganisatorFachmagazin\" \/>\n<meta property=\"article:published_time\" content=\"2024-09-12T06:01:15+00:00\" \/>\n<meta property=\"article:modified_time\" content=\"2024-11-08T08:58:27+00:00\" \/>\n<meta property=\"og:image\" content=\"https:\/\/www.markt-kom.com\/wp-content\/uploads\/2024\/09\/einfachverstaendlichetexte-zuerich.jpg\" \/>\n<meta name=\"author\" content=\"galledia\" \/>\n<meta name=\"twitter:card\" content=\"summary_large_image\" \/>\n<meta name=\"twitter:creator\" content=\"@admin\" \/>\n<script type=\"application\/ld+json\" class=\"yoast-schema-graph\">{\"@context\":\"https:\\\/\\\/schema.org\",\"@graph\":[{\"@type\":\"Article\",\"@id\":\"https:\\\/\\\/www.organisator.ch\\\/marketing\\\/2024-09-12\\\/zuercher-gemeinderat-verlangt-einfach-verstaendliche-texte\\\/#article\",\"isPartOf\":{\"@id\":\"https:\\\/\\\/www.organisator.ch\\\/marketing\\\/2024-09-12\\\/zuercher-gemeinderat-verlangt-einfach-verstaendliche-texte\\\/\"},\"author\":{\"name\":\"galledia\",\"@id\":\"https:\\\/\\\/www.organisator.ch\\\/#\\\/schema\\\/person\\\/4e51799071cd2dd1232ac003643ef5f0\"},\"headline\":\"Z\u00fcrcher Gemeinderat verlangt einfach verst\u00e4ndliche Texte\",\"datePublished\":\"2024-09-12T06:01:15+00:00\",\"dateModified\":\"2024-11-08T08:58:27+00:00\",\"mainEntityOfPage\":{\"@id\":\"https:\\\/\\\/www.organisator.ch\\\/marketing\\\/2024-09-12\\\/zuercher-gemeinderat-verlangt-einfach-verstaendliche-texte\\\/\"},\"wordCount\":168,\"publisher\":{\"@id\":\"https:\\\/\\\/www.organisator.ch\\\/#organization\"},\"image\":{\"@id\":\"https:\\\/\\\/www.organisator.ch\\\/marketing\\\/2024-09-12\\\/zuercher-gemeinderat-verlangt-einfach-verstaendliche-texte\\\/#primaryimage\"},\"thumbnailUrl\":\"https:\\\/\\\/www.markt-kom.com\\\/wp-content\\\/uploads\\\/2024\\\/09\\\/einfachverstaendlichetexte-zuerich.jpg\",\"keywords\":[\"Barrierefreie Kommunikation\",\"MarKom\",\"Politik\"],\"articleSection\":[\"MARKETING\"],\"inLanguage\":\"it-IT\"},{\"@type\":\"WebPage\",\"@id\":\"https:\\\/\\\/www.organisator.ch\\\/marketing\\\/2024-09-12\\\/zuercher-gemeinderat-verlangt-einfach-verstaendliche-texte\\\/\",\"url\":\"https:\\\/\\\/www.organisator.ch\\\/marketing\\\/2024-09-12\\\/zuercher-gemeinderat-verlangt-einfach-verstaendliche-texte\\\/\",\"name\":\"Z\u00fcrcher Gemeinderat verlangt einfach verst\u00e4ndliche Texte - Organisator\",\"isPartOf\":{\"@id\":\"https:\\\/\\\/www.organisator.ch\\\/#website\"},\"primaryImageOfPage\":{\"@id\":\"https:\\\/\\\/www.organisator.ch\\\/marketing\\\/2024-09-12\\\/zuercher-gemeinderat-verlangt-einfach-verstaendliche-texte\\\/#primaryimage\"},\"image\":{\"@id\":\"https:\\\/\\\/www.organisator.ch\\\/marketing\\\/2024-09-12\\\/zuercher-gemeinderat-verlangt-einfach-verstaendliche-texte\\\/#primaryimage\"},\"thumbnailUrl\":\"https:\\\/\\\/www.markt-kom.com\\\/wp-content\\\/uploads\\\/2024\\\/09\\\/einfachverstaendlichetexte-zuerich.jpg\",\"datePublished\":\"2024-09-12T06:01:15+00:00\",\"dateModified\":\"2024-11-08T08:58:27+00:00\",\"description\":\"Z\u00fcrich: Barrierefreie und verst\u00e4ndliche Kommunikation wird angestrebt, um Inklusion zu f\u00f6rdern. Stadt pr\u00fcft Ma\u00dfnahmen 2024.\",\"breadcrumb\":{\"@id\":\"https:\\\/\\\/www.organisator.ch\\\/marketing\\\/2024-09-12\\\/zuercher-gemeinderat-verlangt-einfach-verstaendliche-texte\\\/#breadcrumb\"},\"inLanguage\":\"it-IT\",\"potentialAction\":[{\"@type\":\"ReadAction\",\"target\":[\"https:\\\/\\\/www.organisator.ch\\\/marketing\\\/2024-09-12\\\/zuercher-gemeinderat-verlangt-einfach-verstaendliche-texte\\\/\"]}]},{\"@type\":\"ImageObject\",\"inLanguage\":\"it-IT\",\"@id\":\"https:\\\/\\\/www.organisator.ch\\\/marketing\\\/2024-09-12\\\/zuercher-gemeinderat-verlangt-einfach-verstaendliche-texte\\\/#primaryimage\",\"url\":\"https:\\\/\\\/www.markt-kom.com\\\/wp-content\\\/uploads\\\/2024\\\/09\\\/einfachverstaendlichetexte-zuerich.jpg\",\"contentUrl\":\"https:\\\/\\\/www.markt-kom.com\\\/wp-content\\\/uploads\\\/2024\\\/09\\\/einfachverstaendlichetexte-zuerich.jpg\"},{\"@type\":\"BreadcrumbList\",\"@id\":\"https:\\\/\\\/www.organisator.ch\\\/marketing\\\/2024-09-12\\\/zuercher-gemeinderat-verlangt-einfach-verstaendliche-texte\\\/#breadcrumb\",\"itemListElement\":[{\"@type\":\"ListItem\",\"position\":1,\"name\":\"Home\",\"item\":\"https:\\\/\\\/www.organisator.ch\\\/\"},{\"@type\":\"ListItem\",\"position\":2,\"name\":\"Z\u00fcrcher Gemeinderat verlangt einfach verst\u00e4ndliche Texte\"}]},{\"@type\":\"WebSite\",\"@id\":\"https:\\\/\\\/www.organisator.ch\\\/#website\",\"url\":\"https:\\\/\\\/www.organisator.ch\\\/\",\"name\":\"Organisator\",\"description\":\"Kompetent. Praxisnah. Der ORGANISATOR bereitet in 10 Ausgaben pro Jahr die wesentlichen Themen f\u00fcr F\u00fchrungskr\u00e4fte von KMU auf.\",\"publisher\":{\"@id\":\"https:\\\/\\\/www.organisator.ch\\\/#organization\"},\"potentialAction\":[{\"@type\":\"SearchAction\",\"target\":{\"@type\":\"EntryPoint\",\"urlTemplate\":\"https:\\\/\\\/www.organisator.ch\\\/?s={search_term_string}\"},\"query-input\":{\"@type\":\"PropertyValueSpecification\",\"valueRequired\":true,\"valueName\":\"search_term_string\"}}],\"inLanguage\":\"it-IT\"},{\"@type\":\"Organization\",\"@id\":\"https:\\\/\\\/www.organisator.ch\\\/#organization\",\"name\":\"Organisator\",\"url\":\"https:\\\/\\\/www.organisator.ch\\\/\",\"logo\":{\"@type\":\"ImageObject\",\"inLanguage\":\"it-IT\",\"@id\":\"https:\\\/\\\/www.organisator.ch\\\/#\\\/schema\\\/logo\\\/image\\\/\",\"url\":\"https:\\\/\\\/www.organisator.ch\\\/wp-content\\\/uploads\\\/2022\\\/01\\\/Logo_Organisator_Website.png\",\"contentUrl\":\"https:\\\/\\\/www.organisator.ch\\\/wp-content\\\/uploads\\\/2022\\\/01\\\/Logo_Organisator_Website.png\",\"width\":800,\"height\":77,\"caption\":\"Organisator\"},\"image\":{\"@id\":\"https:\\\/\\\/www.organisator.ch\\\/#\\\/schema\\\/logo\\\/image\\\/\"},\"sameAs\":[\"https:\\\/\\\/www.facebook.com\\\/OrganisatorFachmagazin\",\"https:\\\/\\\/www.linkedin.com\\\/showcase\\\/organisator-das-magazin-fr-kmu\",\"https:\\\/\\\/www.xing.com\\\/news\\\/pages\\\/organisator-ch-695\",\"https:\\\/\\\/www.youtube.com\\\/channel\\\/UCGP2Sq0iWaZwT3BdIAQFYpw\"]},{\"@type\":\"Person\",\"@id\":\"https:\\\/\\\/www.organisator.ch\\\/#\\\/schema\\\/person\\\/4e51799071cd2dd1232ac003643ef5f0\",\"name\":\"galledia\",\"image\":{\"@type\":\"ImageObject\",\"inLanguage\":\"it-IT\",\"@id\":\"https:\\\/\\\/secure.gravatar.com\\\/avatar\\\/78a7f90c01fc2bfc875782a0d4922b37cde2cf184ce347b91316d23cd7f69a36?s=96&d=mm&r=g\",\"url\":\"https:\\\/\\\/secure.gravatar.com\\\/avatar\\\/78a7f90c01fc2bfc875782a0d4922b37cde2cf184ce347b91316d23cd7f69a36?s=96&d=mm&r=g\",\"contentUrl\":\"https:\\\/\\\/secure.gravatar.com\\\/avatar\\\/78a7f90c01fc2bfc875782a0d4922b37cde2cf184ce347b91316d23cd7f69a36?s=96&d=mm&r=g\",\"caption\":\"galledia\"},\"sameAs\":[\"https:\\\/\\\/x.com\\\/admin\"],\"url\":\"https:\\\/\\\/www.organisator.ch\\\/it\\\/author\\\/galledia\\\/\"}]}<\/script>\n<!-- \/ Yoast SEO plugin. -->","yoast_head_json":{"title":"Il Consiglio comunale di Zurigo chiede testi di facile comprensione - Organizzatore","description":"Zurigo: puntare su una comunicazione accessibile e comprensibile per promuovere l'inclusione. La citt\u00e0 rivedr\u00e0 le misure nel 2024.","robots":{"index":"index","follow":"follow","max-snippet":"max-snippet:-1","max-image-preview":"max-image-preview:large","max-video-preview":"max-video-preview:-1"},"canonical":"https:\/\/www.organisator.ch\/it\/marketing\/2024-09-12\/zuercher-gemeinderat-verlangt-einfach-verstaendliche-texte\/","og_locale":"it_IT","og_type":"article","og_title":"Z\u00fcrcher Gemeinderat verlangt einfach verst\u00e4ndliche Texte - Organisator","og_description":"Z\u00fcrich: Barrierefreie und verst\u00e4ndliche Kommunikation wird angestrebt, um Inklusion zu f\u00f6rdern. Stadt pr\u00fcft Ma\u00dfnahmen 2024.","og_url":"https:\/\/www.organisator.ch\/it\/marketing\/2024-09-12\/zuercher-gemeinderat-verlangt-einfach-verstaendliche-texte\/","og_site_name":"Organisator","article_publisher":"https:\/\/www.facebook.com\/OrganisatorFachmagazin","article_published_time":"2024-09-12T06:01:15+00:00","article_modified_time":"2024-11-08T08:58:27+00:00","og_image":[{"url":"https:\/\/www.markt-kom.com\/wp-content\/uploads\/2024\/09\/einfachverstaendlichetexte-zuerich.jpg","type":"","width":"","height":""}],"author":"galledia","twitter_card":"summary_large_image","twitter_creator":"@admin","schema":{"@context":"https:\/\/schema.org","@graph":[{"@type":"Article","@id":"https:\/\/www.organisator.ch\/marketing\/2024-09-12\/zuercher-gemeinderat-verlangt-einfach-verstaendliche-texte\/#article","isPartOf":{"@id":"https:\/\/www.organisator.ch\/marketing\/2024-09-12\/zuercher-gemeinderat-verlangt-einfach-verstaendliche-texte\/"},"author":{"name":"galledia","@id":"https:\/\/www.organisator.ch\/#\/schema\/person\/4e51799071cd2dd1232ac003643ef5f0"},"headline":"Z\u00fcrcher Gemeinderat verlangt einfach verst\u00e4ndliche Texte","datePublished":"2024-09-12T06:01:15+00:00","dateModified":"2024-11-08T08:58:27+00:00","mainEntityOfPage":{"@id":"https:\/\/www.organisator.ch\/marketing\/2024-09-12\/zuercher-gemeinderat-verlangt-einfach-verstaendliche-texte\/"},"wordCount":168,"publisher":{"@id":"https:\/\/www.organisator.ch\/#organization"},"image":{"@id":"https:\/\/www.organisator.ch\/marketing\/2024-09-12\/zuercher-gemeinderat-verlangt-einfach-verstaendliche-texte\/#primaryimage"},"thumbnailUrl":"https:\/\/www.markt-kom.com\/wp-content\/uploads\/2024\/09\/einfachverstaendlichetexte-zuerich.jpg","keywords":["Barrierefreie Kommunikation","MarKom","Politik"],"articleSection":["MARKETING"],"inLanguage":"it-IT"},{"@type":"WebPage","@id":"https:\/\/www.organisator.ch\/marketing\/2024-09-12\/zuercher-gemeinderat-verlangt-einfach-verstaendliche-texte\/","url":"https:\/\/www.organisator.ch\/marketing\/2024-09-12\/zuercher-gemeinderat-verlangt-einfach-verstaendliche-texte\/","name":"Il Consiglio comunale di Zurigo chiede testi di facile comprensione - Organizzatore","isPartOf":{"@id":"https:\/\/www.organisator.ch\/#website"},"primaryImageOfPage":{"@id":"https:\/\/www.organisator.ch\/marketing\/2024-09-12\/zuercher-gemeinderat-verlangt-einfach-verstaendliche-texte\/#primaryimage"},"image":{"@id":"https:\/\/www.organisator.ch\/marketing\/2024-09-12\/zuercher-gemeinderat-verlangt-einfach-verstaendliche-texte\/#primaryimage"},"thumbnailUrl":"https:\/\/www.markt-kom.com\/wp-content\/uploads\/2024\/09\/einfachverstaendlichetexte-zuerich.jpg","datePublished":"2024-09-12T06:01:15+00:00","dateModified":"2024-11-08T08:58:27+00:00","description":"Zurigo: puntare su una comunicazione accessibile e comprensibile per promuovere l'inclusione. La citt\u00e0 rivedr\u00e0 le misure nel 2024.","breadcrumb":{"@id":"https:\/\/www.organisator.ch\/marketing\/2024-09-12\/zuercher-gemeinderat-verlangt-einfach-verstaendliche-texte\/#breadcrumb"},"inLanguage":"it-IT","potentialAction":[{"@type":"ReadAction","target":["https:\/\/www.organisator.ch\/marketing\/2024-09-12\/zuercher-gemeinderat-verlangt-einfach-verstaendliche-texte\/"]}]},{"@type":"ImageObject","inLanguage":"it-IT","@id":"https:\/\/www.organisator.ch\/marketing\/2024-09-12\/zuercher-gemeinderat-verlangt-einfach-verstaendliche-texte\/#primaryimage","url":"https:\/\/www.markt-kom.com\/wp-content\/uploads\/2024\/09\/einfachverstaendlichetexte-zuerich.jpg","contentUrl":"https:\/\/www.markt-kom.com\/wp-content\/uploads\/2024\/09\/einfachverstaendlichetexte-zuerich.jpg"},{"@type":"BreadcrumbList","@id":"https:\/\/www.organisator.ch\/marketing\/2024-09-12\/zuercher-gemeinderat-verlangt-einfach-verstaendliche-texte\/#breadcrumb","itemListElement":[{"@type":"ListItem","position":1,"name":"Home","item":"https:\/\/www.organisator.ch\/"},{"@type":"ListItem","position":2,"name":"Z\u00fcrcher Gemeinderat verlangt einfach verst\u00e4ndliche Texte"}]},{"@type":"WebSite","@id":"https:\/\/www.organisator.ch\/#website","url":"https:\/\/www.organisator.ch\/","name":"Organizzatore","description":"Competente. Pratico. In 10 numeri all'anno, ORGANISATOR presenta i temi essenziali per i manager delle PMI.","publisher":{"@id":"https:\/\/www.organisator.ch\/#organization"},"potentialAction":[{"@type":"SearchAction","target":{"@type":"EntryPoint","urlTemplate":"https:\/\/www.organisator.ch\/?s={search_term_string}"},"query-input":{"@type":"PropertyValueSpecification","valueRequired":true,"valueName":"search_term_string"}}],"inLanguage":"it-IT"},{"@type":"Organization","@id":"https:\/\/www.organisator.ch\/#organization","name":"Organizzatore","url":"https:\/\/www.organisator.ch\/","logo":{"@type":"ImageObject","inLanguage":"it-IT","@id":"https:\/\/www.organisator.ch\/#\/schema\/logo\/image\/","url":"https:\/\/www.organisator.ch\/wp-content\/uploads\/2022\/01\/Logo_Organisator_Website.png","contentUrl":"https:\/\/www.organisator.ch\/wp-content\/uploads\/2022\/01\/Logo_Organisator_Website.png","width":800,"height":77,"caption":"Organisator"},"image":{"@id":"https:\/\/www.organisator.ch\/#\/schema\/logo\/image\/"},"sameAs":["https:\/\/www.facebook.com\/OrganisatorFachmagazin","https:\/\/www.linkedin.com\/showcase\/organisator-das-magazin-fr-kmu","https:\/\/www.xing.com\/news\/pages\/organisator-ch-695","https:\/\/www.youtube.com\/channel\/UCGP2Sq0iWaZwT3BdIAQFYpw"]},{"@type":"Person","@id":"https:\/\/www.organisator.ch\/#\/schema\/person\/4e51799071cd2dd1232ac003643ef5f0","name":"galledia","image":{"@type":"ImageObject","inLanguage":"it-IT","@id":"https:\/\/secure.gravatar.com\/avatar\/78a7f90c01fc2bfc875782a0d4922b37cde2cf184ce347b91316d23cd7f69a36?s=96&d=mm&r=g","url":"https:\/\/secure.gravatar.com\/avatar\/78a7f90c01fc2bfc875782a0d4922b37cde2cf184ce347b91316d23cd7f69a36?s=96&d=mm&r=g","contentUrl":"https:\/\/secure.gravatar.com\/avatar\/78a7f90c01fc2bfc875782a0d4922b37cde2cf184ce347b91316d23cd7f69a36?s=96&d=mm&r=g","caption":"galledia"},"sameAs":["https:\/\/x.com\/admin"],"url":"https:\/\/www.organisator.ch\/it\/author\/galledia\/"}]}},"_links":{"self":[{"href":"https:\/\/www.organisator.ch\/it\/wp-json\/wp\/v2\/posts\/29780","targetHints":{"allow":["GET"]}}],"collection":[{"href":"https:\/\/www.organisator.ch\/it\/wp-json\/wp\/v2\/posts"}],"about":[{"href":"https:\/\/www.organisator.ch\/it\/wp-json\/wp\/v2\/types\/post"}],"author":[{"embeddable":true,"href":"https:\/\/www.organisator.ch\/it\/wp-json\/wp\/v2\/users\/8"}],"replies":[{"embeddable":true,"href":"https:\/\/www.organisator.ch\/it\/wp-json\/wp\/v2\/comments?post=29780"}],"version-history":[{"count":5,"href":"https:\/\/www.organisator.ch\/it\/wp-json\/wp\/v2\/posts\/29780\/revisions"}],"predecessor-version":[{"id":31948,"href":"https:\/\/www.organisator.ch\/it\/wp-json\/wp\/v2\/posts\/29780\/revisions\/31948"}],"wp:attachment":[{"href":"https:\/\/www.organisator.ch\/it\/wp-json\/wp\/v2\/media?parent=29780"}],"wp:term":[{"taxonomy":"category","embeddable":true,"href":"https:\/\/www.organisator.ch\/it\/wp-json\/wp\/v2\/categories?post=29780"},{"taxonomy":"post_tag","embeddable":true,"href":"https:\/\/www.organisator.ch\/it\/wp-json\/wp\/v2\/tags?post=29780"}],"curies":[{"name":"wp","href":"https:\/\/api.w.org\/{rel}","templated":true}]}}