{"id":29796,"date":"2024-09-13T11:33:54","date_gmt":"2024-09-13T09:33:54","guid":{"rendered":"https:\/\/www.organisator.ch\/?p=29796"},"modified":"2024-09-13T11:33:54","modified_gmt":"2024-09-13T09:33:54","slug":"greenovation-summit-geglueckte-premiere-im-silicon-uzvalley","status":"publish","type":"post","link":"https:\/\/www.organisator.ch\/it\/sustainability\/2024-09-13\/greenovation-summit-geglueckte-premiere-im-silicon-uzvalley\/","title":{"rendered":"Greenovation Summit: una prima di successo nella \"Silicon Uzvalley\""},"content":{"rendered":"<figure id=\"attachment_29797\" aria-describedby=\"caption-attachment-29797\" style=\"width: 680px\" class=\"wp-caption alignnone\"><img loading=\"lazy\" decoding=\"async\" class=\"size-full wp-image-29797\" src=\"https:\/\/www.organisator.ch\/wp-content\/uploads\/2024\/09\/Greenovation-Summit-Geglueckte-Premiere-im-Silicon-Uzvalley-1_Organisatorjpg.jpg\" alt=\"\" width=\"680\" height=\"452\" srcset=\"https:\/\/www.organisator.ch\/wp-content\/uploads\/2024\/09\/Greenovation-Summit-Geglueckte-Premiere-im-Silicon-Uzvalley-1_Organisatorjpg.jpg 680w, https:\/\/www.organisator.ch\/wp-content\/uploads\/2024\/09\/Greenovation-Summit-Geglueckte-Premiere-im-Silicon-Uzvalley-1_Organisatorjpg-18x12.jpg 18w, https:\/\/www.organisator.ch\/wp-content\/uploads\/2024\/09\/Greenovation-Summit-Geglueckte-Premiere-im-Silicon-Uzvalley-1_Organisatorjpg-375x249.jpg 375w, https:\/\/www.organisator.ch\/wp-content\/uploads\/2024\/09\/Greenovation-Summit-Geglueckte-Premiere-im-Silicon-Uzvalley-1_Organisatorjpg-527x350.jpg 527w\" sizes=\"auto, (max-width: 680px) 100vw, 680px\" \/><figcaption id=\"caption-attachment-29797\" class=\"wp-caption-text\">Questo obiettivo \u00e8 stato certamente raggiunto: Il primo Greenovation Summit ha fornito interessanti impulsi per un'economia sostenibile. (Immagine: Thomas Berner)<\/figcaption><\/figure>\n<p>La sede della prima edizione del Greenovation Summit \u00e8 stata scelta bene: \"Cubic\", il centro di innovazione del Gruppo B\u00fchler, inaugurato nel 2019. In questo \"nucleo\" si lavora ogni giorno a innovazioni per i settori alimentare, dei mangimi e dei materiali di alta gamma. Questo ha portato la presentatrice Mona Vetsch a usare il termine \"Silicon Uzvalley\", riferendosi alla forza innovativa spesso sottovalutata delle aziende della Svizzera orientale in generale. E non senza orgoglio Stefan Scheiber, CEO di B\u00fchler AG, nel suo discorso di benvenuto ha fatto riferimento alle opportunit\u00e0 che la sua azienda ha di contribuire a una produzione alimentare pi\u00f9 sostenibile con nuovi sviluppi tecnologici.<\/p>\n<h3>Sfide nel settore dei beni di consumo<\/h3>\n<p>Il Greenovation Summit ha offerto un'incursione in quasi tutti i settori. Per quanto riguarda l'industria dei beni di consumo, Sandra Banholzer, CEO del produttore di shampoo alle erbe Rausch AG di Kreuzlingen, ha raccontato la sfida di doversi impegnare a rispettare gli standard della Science-Based Targets Initiative (SBTi) sotto la pressione dei principali clienti. Anche se Rausch si impegna da tempo per la sostenibilit\u00e0, ad esempio in termini di materiali di imballaggio e consumo economico, l'obiettivo \u00e8 ora quello di misurare esplicitamente l'impatto di queste misure. Claude Rieser di Step Zero ha illustrato il percorso accidentato per affrontare il problema delle microplastiche causate dall'abrasione delle suole sintetiche delle scarpe con nuovi materiali.<\/p>\n<figure id=\"attachment_29799\" aria-describedby=\"caption-attachment-29799\" style=\"width: 680px\" class=\"wp-caption alignnone\"><img loading=\"lazy\" decoding=\"async\" class=\"size-full wp-image-29799\" src=\"https:\/\/www.organisator.ch\/wp-content\/uploads\/2024\/09\/Greenovation-Summit-Geglueckte-Premiere-im-Silicon-Uzvalley-2_Organisatorjpg.jpg\" alt=\"\" width=\"680\" height=\"387\" srcset=\"https:\/\/www.organisator.ch\/wp-content\/uploads\/2024\/09\/Greenovation-Summit-Geglueckte-Premiere-im-Silicon-Uzvalley-2_Organisatorjpg.jpg 680w, https:\/\/www.organisator.ch\/wp-content\/uploads\/2024\/09\/Greenovation-Summit-Geglueckte-Premiere-im-Silicon-Uzvalley-2_Organisatorjpg-18x10.jpg 18w, https:\/\/www.organisator.ch\/wp-content\/uploads\/2024\/09\/Greenovation-Summit-Geglueckte-Premiere-im-Silicon-Uzvalley-2_Organisatorjpg-375x213.jpg 375w, https:\/\/www.organisator.ch\/wp-content\/uploads\/2024\/09\/Greenovation-Summit-Geglueckte-Premiere-im-Silicon-Uzvalley-2_Organisatorjpg-615x350.jpg 615w\" sizes=\"auto, (max-width: 680px) 100vw, 680px\" \/><figcaption id=\"caption-attachment-29799\" class=\"wp-caption-text\">La presentatrice Mona Vetsch a colloquio con Christian Klein, Collezione Tschuggen (a sinistra) e Thomas Kirchhofer, direttore di St.Gallen Bodensee Tourismus (a destra). (Foto: Thomas Berner)<\/figcaption><\/figure>\n<p>Si \u00e8 parlato anche di sostenibilit\u00e0 nel turismo. Thomas Kirchhofer, direttore di St.Gallen Bodensee Tourismus, vede nel trasferimento di conoscenze la leva pi\u00f9 forte per il cambiamento, perch\u00e9 sono coinvolti diversi gruppi di interesse. Christian Klein di The Tschuggen Collection, con la costruzione di un hotel completamente neutrale dal punto di vista delle emissioni di CO2 ad Arosa, ha mostrato cosa \u00e8 tecnicamente possibile fare per offrire agli ospiti il comfort a cui sono abituati, anche se a volte \u00e8 necessario scendere a compromessi, ad esempio quando si offre frutta fuori stagione al buffet della colazione.<\/p>\n<h3>Coinvolgimento dei dipendenti e costruzione del futuro<\/h3>\n<p>Altri argomenti sono stati trattati in quattro sessioni di approfondimento.  Come coinvolgere i dipendenti nella trasformazione sostenibile di un'azienda \u00e8 stata una delle questioni discusse. Florian Hoffmann, CEO di tfy-consult, ha sottolineato un errore comune: I dipendenti vengono coinvolti solo dopo che la direzione ha deciso di attuare le misure. \u00c8 quindi meglio coinvolgere i dipendenti gi\u00e0 durante l'analisi della situazione attuale e la definizione della strategia.<\/p>\n<p>Le altre tre sessioni di lavoro si sono concentrate sui temi dell'energia, della conformit\u00e0 e dell'industria edilizia. Andreas Zindel, CEO di Zindel United, ritiene che lo sviluppo sostenibile dei materiali sia la chiave per un'edilizia \"a misura di nipote\". Tra le altre cose, la sua azienda ha sviluppato un calcestruzzo a zero emissioni di CO2 chiamato KLARK. Maura Hegi, fondatrice della societ\u00e0 di consulenza Ecoleader GmbH, ha sottolineato nella sua sessione che i requisiti di sostenibilit\u00e0 dovrebbero essere utilizzati per trasformarli in obiettivi aziendali a prova di futuro.<\/p>\n<h3>In modo che si perda meno cibo<\/h3>\n<p>Una delle maggiori leve per il raggiungimento degli obiettivi climatici risiede nell'alimentazione, o per essere pi\u00f9 precisi: in una produzione alimentare pi\u00f9 sostenibile e in un consumo pi\u00f9 consapevole. B\u00e9atrice Conde-Petit, responsabile della sostenibilit\u00e0 di B\u00fchler AG, ha spiegato come, ad esempio, sia possibile ridurre lo spreco di materie prime aumentando l'utilizzo dei sottoprodotti della lavorazione dei cereali. La B\u00fchler sta anche lavorando nei Paesi del Sud globale per creare i cosiddetti \"parchi alimentari\". Si tratta di cluster di fabbriche che concentrano gran parte della catena del valore della produzione alimentare in un unico luogo, al fine di ridurre i percorsi di trasporto non necessari.<\/p>\n<figure id=\"attachment_29798\" aria-describedby=\"caption-attachment-29798\" style=\"width: 680px\" class=\"wp-caption alignnone\"><img loading=\"lazy\" decoding=\"async\" class=\"wp-image-29798 size-full\" src=\"https:\/\/www.organisator.ch\/wp-content\/uploads\/2024\/09\/Greenovation-Summit-Geglueckte-Premiere-im-Silicon-Uzvalley-3_Organisatorjpg.jpg\" alt=\"\" width=\"680\" height=\"452\" srcset=\"https:\/\/www.organisator.ch\/wp-content\/uploads\/2024\/09\/Greenovation-Summit-Geglueckte-Premiere-im-Silicon-Uzvalley-3_Organisatorjpg.jpg 680w, https:\/\/www.organisator.ch\/wp-content\/uploads\/2024\/09\/Greenovation-Summit-Geglueckte-Premiere-im-Silicon-Uzvalley-3_Organisatorjpg-18x12.jpg 18w, https:\/\/www.organisator.ch\/wp-content\/uploads\/2024\/09\/Greenovation-Summit-Geglueckte-Premiere-im-Silicon-Uzvalley-3_Organisatorjpg-375x249.jpg 375w, https:\/\/www.organisator.ch\/wp-content\/uploads\/2024\/09\/Greenovation-Summit-Geglueckte-Premiere-im-Silicon-Uzvalley-3_Organisatorjpg-527x350.jpg 527w\" sizes=\"auto, (max-width: 680px) 100vw, 680px\" \/><figcaption id=\"caption-attachment-29798\" class=\"wp-caption-text\">B\u00e9atrice Conde-Petit ha parlato delle possibilit\u00e0 tecnologiche con cui B\u00fchler AG pu\u00f2 contribuire a una produzione alimentare pi\u00f9 sostenibile. (Foto: Thomas Berner)<\/figcaption><\/figure>\n<h3>Meglio non fare marketing della sostenibilit\u00e0?<\/h3>\n<p>Jacqueline Schmid, responsabile della sostenibilit\u00e0 della St.Gallen Kantonalbank, ha rappresentato il settore finanziario. Ci\u00f2 che prima si basava su una grande dose di buona volont\u00e0 e volontariet\u00e0, ora \u00e8 diventato un obbligo a causa delle pressioni normative. \u00c8 stato quindi ancora pi\u00f9 importante creare strutture pulite fin dall'inizio, concentrarsi sull'essenziale e ancorare la responsabilit\u00e0 a tutti i livelli, ha sintetizzato l'oratrice.<\/p>\n<p>Il termine \"sostenibilit\u00e0\" non funziona nel marketing, e non ha mai funzionato. Questa \u00e8 la consapevolezza che Johanna Gollnhofer, direttrice dell'Istituto per il Marketing e il Customer Insight dell'Universit\u00e0 di San Gallo (HSG), ha condiviso con il pubblico. Chi \u00e8 disposto a pagare di pi\u00f9 per un prodotto associato a \"sacrifici\" o \"perdita di qualit\u00e0\"? Dopotutto, sono proprio questi due termini che hanno trasformato un'ampia fetta di consumatori in veri e propri \"fanatici della sostenibilit\u00e0\". Sarebbe quindi pi\u00f9 efficace sottolineare semplicemente i vantaggi per il cliente che si possono ottenere con la sostenibilit\u00e0.<\/p>\n<h3>Tre premi Greenovation per le aziende della Svizzera orientale<\/h3>\n<p>Anche la presentazione del Greenovation Award ha avuto un'anteprima alla fine dell'evento. Il premio \u00e8 stato assegnato per le tre categorie \"Progetti\", \"Prodotti\" e \"Servizi\". Una giuria di esperti ha assegnato il premio alle seguenti aziende:<\/p>\n<ul>\n<li>Categoria \"Progetti\": Huber Fenster, Herisau, per il progetto di case prefabbricate in legno in Ucraina.<\/li>\n<li>Categoria \"Prodotti\": Nussbaum Matzingen AG per le sue lattine realizzate in alluminio riciclato<\/li>\n<li>Categoria \"Servizi\": originate GmbH, San Gallo, per i servizi di consulenza e misurazione per ridurre l'impronta ecologica delle tecnologie e dei macchinari per l'edilizia.<\/li>\n<\/ul>\n<p>I tre vincitori del premio, cos\u00ec come i relatori, hanno mostrato quanti approcci e soluzioni concrete siano oggi disponibili per affrontare attivamente gli obiettivi di sostenibilit\u00e0 richiesti. Tuttavia, c'\u00e8 ancora molto lavoro da fare per raggiungerli e per rispondere alla domanda su chi alla fine dovr\u00e0 pagarne il prezzo - e non solo nella Silicon Uzvalley.<\/p>\n<p><a href=\"https:\/\/www.greenovation-summit.ch\/\"><em>Ulteriori informazioni<\/em><\/a><\/p>","protected":false},"excerpt":{"rendered":"<p>Il primo Greenovation Summit si \u00e8 svolto il 12 settembre 2024 presso la sede della B\u00fchler AG a Uzwil. Circa 150 visitatori, tra cui molti decisori delle PMI, hanno ascoltato le presentazioni di oltre una dozzina di relatori e scambiato esperienze sul tema della sostenibilit\u00e0. Tre aziende sono state premiate con il Greenovation Award.<\/p>","protected":false},"author":4,"featured_media":29797,"comment_status":"closed","ping_status":"closed","sticky":false,"template":"","format":"standard","meta":{"_acf_changed":false,"_yoast_wpseo_focuskw":"Greenovation","_yoast_wpseo_metadesc":"Am 12. September 2024 fand in den R\u00e4umlichkeiten von B\u00fchler AG in Uzwil der erste Greenovation Summit statt.","articlekey":"","footnotes":""},"categories":[580],"tags":[193,335,358,492],"class_list":["post-29796","post","type-post","status-publish","format-standard","has-post-thumbnail","hentry","category-sustainability","tag-fachkongressfachmesse","tag-management-und-unternehmensfuehrung","tag-nachhaltige-wirtschaft","tag-unternehmen"],"acf":[],"yoast_head":"<!-- This site is optimized with the Yoast SEO plugin v27.5 - https:\/\/yoast.com\/product\/yoast-seo-wordpress\/ -->\n<title>Greenovation Summit: Gegl\u00fcckte Premiere im \u00abSilicon Uzvalley\u00bb - Organisator<\/title>\n<meta name=\"description\" content=\"Am 12. September 2024 fand in den R\u00e4umlichkeiten von B\u00fchler AG in Uzwil der erste Greenovation Summit statt.\" \/>\n<meta name=\"robots\" content=\"index, follow, max-snippet:-1, max-image-preview:large, max-video-preview:-1\" \/>\n<link rel=\"canonical\" href=\"https:\/\/www.organisator.ch\/it\/sostenibilita\/2024-09-13\/greenovation-summit-geglueckte-premiere-im-silicon-uzvalley\/\" \/>\n<meta property=\"og:locale\" content=\"it_IT\" \/>\n<meta property=\"og:type\" content=\"article\" \/>\n<meta property=\"og:title\" content=\"Greenovation Summit: Gegl\u00fcckte Premiere im \u00abSilicon Uzvalley\u00bb\" \/>\n<meta property=\"og:description\" content=\"Am 12. September 2024 fand in den R\u00e4umlichkeiten von B\u00fchler AG in Uzwil der erste Greenovation Summit statt.\" \/>\n<meta property=\"og:url\" content=\"https:\/\/www.organisator.ch\/it\/sostenibilita\/2024-09-13\/greenovation-summit-geglueckte-premiere-im-silicon-uzvalley\/\" \/>\n<meta property=\"og:site_name\" content=\"Organisator\" \/>\n<meta property=\"article:publisher\" content=\"https:\/\/www.facebook.com\/OrganisatorFachmagazin\" \/>\n<meta property=\"article:published_time\" content=\"2024-09-13T09:33:54+00:00\" \/>\n<meta property=\"og:image\" content=\"https:\/\/www.organisator.ch\/wp-content\/uploads\/2024\/09\/Greenovation-Summit-Geglueckte-Premiere-im-Silicon-Uzvalley-1_Organisatorjpg.jpg\" \/>\n\t<meta property=\"og:image:width\" content=\"680\" \/>\n\t<meta property=\"og:image:height\" content=\"452\" \/>\n\t<meta property=\"og:image:type\" content=\"image\/jpeg\" \/>\n<meta name=\"author\" content=\"thomas.berner\" \/>\n<meta name=\"twitter:card\" content=\"summary_large_image\" \/>\n<meta name=\"twitter:title\" content=\"#Greenovation Summit: Gegl\u00fcckte #Premiere im \u00abSilicon Uzvalley\u00bb\" \/>\n<meta name=\"twitter:description\" content=\"Am 12. September 2024 fand in den R\u00e4umlichkeiten von #B\u00fchler AG in Uzwil der erste #Greenovation Summit statt.\" \/>\n<meta name=\"twitter:image\" content=\"https:\/\/www.organisator.ch\/wp-content\/uploads\/2024\/09\/Greenovation-Summit-Geglueckte-Premiere-im-Silicon-Uzvalley-1_Organisatorjpg.jpg\" \/>\n<script type=\"application\/ld+json\" class=\"yoast-schema-graph\">{\"@context\":\"https:\\\/\\\/schema.org\",\"@graph\":[{\"@type\":\"Article\",\"@id\":\"https:\\\/\\\/www.organisator.ch\\\/sustainability\\\/2024-09-13\\\/greenovation-summit-geglueckte-premiere-im-silicon-uzvalley\\\/#article\",\"isPartOf\":{\"@id\":\"https:\\\/\\\/www.organisator.ch\\\/sustainability\\\/2024-09-13\\\/greenovation-summit-geglueckte-premiere-im-silicon-uzvalley\\\/\"},\"author\":{\"name\":\"thomas.berner\",\"@id\":\"https:\\\/\\\/www.organisator.ch\\\/#\\\/schema\\\/person\\\/6f650f90b2842cd4c0cc334b4e36f67e\"},\"headline\":\"Greenovation Summit: Gegl\u00fcckte Premiere im \u00abSilicon Uzvalley\u00bb\",\"datePublished\":\"2024-09-13T09:33:54+00:00\",\"mainEntityOfPage\":{\"@id\":\"https:\\\/\\\/www.organisator.ch\\\/sustainability\\\/2024-09-13\\\/greenovation-summit-geglueckte-premiere-im-silicon-uzvalley\\\/\"},\"wordCount\":948,\"publisher\":{\"@id\":\"https:\\\/\\\/www.organisator.ch\\\/#organization\"},\"image\":{\"@id\":\"https:\\\/\\\/www.organisator.ch\\\/sustainability\\\/2024-09-13\\\/greenovation-summit-geglueckte-premiere-im-silicon-uzvalley\\\/#primaryimage\"},\"thumbnailUrl\":\"https:\\\/\\\/www.organisator.ch\\\/wp-content\\\/uploads\\\/2024\\\/09\\\/Greenovation-Summit-Geglueckte-Premiere-im-Silicon-Uzvalley-1_Organisatorjpg.jpg\",\"keywords\":[\"Fachkongress\\\/Fachmesse\",\"Management und Unternehmensf\u00fchrung\",\"Nachhaltige Wirtschaft\",\"Unternehmen\"],\"articleSection\":[\"SUSTAINABILITY\"],\"inLanguage\":\"it-IT\"},{\"@type\":\"WebPage\",\"@id\":\"https:\\\/\\\/www.organisator.ch\\\/sustainability\\\/2024-09-13\\\/greenovation-summit-geglueckte-premiere-im-silicon-uzvalley\\\/\",\"url\":\"https:\\\/\\\/www.organisator.ch\\\/sustainability\\\/2024-09-13\\\/greenovation-summit-geglueckte-premiere-im-silicon-uzvalley\\\/\",\"name\":\"Greenovation Summit: Gegl\u00fcckte Premiere im \u00abSilicon Uzvalley\u00bb - Organisator\",\"isPartOf\":{\"@id\":\"https:\\\/\\\/www.organisator.ch\\\/#website\"},\"primaryImageOfPage\":{\"@id\":\"https:\\\/\\\/www.organisator.ch\\\/sustainability\\\/2024-09-13\\\/greenovation-summit-geglueckte-premiere-im-silicon-uzvalley\\\/#primaryimage\"},\"image\":{\"@id\":\"https:\\\/\\\/www.organisator.ch\\\/sustainability\\\/2024-09-13\\\/greenovation-summit-geglueckte-premiere-im-silicon-uzvalley\\\/#primaryimage\"},\"thumbnailUrl\":\"https:\\\/\\\/www.organisator.ch\\\/wp-content\\\/uploads\\\/2024\\\/09\\\/Greenovation-Summit-Geglueckte-Premiere-im-Silicon-Uzvalley-1_Organisatorjpg.jpg\",\"datePublished\":\"2024-09-13T09:33:54+00:00\",\"description\":\"Am 12. September 2024 fand in den R\u00e4umlichkeiten von B\u00fchler AG in Uzwil der erste Greenovation Summit statt.\",\"breadcrumb\":{\"@id\":\"https:\\\/\\\/www.organisator.ch\\\/sustainability\\\/2024-09-13\\\/greenovation-summit-geglueckte-premiere-im-silicon-uzvalley\\\/#breadcrumb\"},\"inLanguage\":\"it-IT\",\"potentialAction\":[{\"@type\":\"ReadAction\",\"target\":[\"https:\\\/\\\/www.organisator.ch\\\/sustainability\\\/2024-09-13\\\/greenovation-summit-geglueckte-premiere-im-silicon-uzvalley\\\/\"]}]},{\"@type\":\"ImageObject\",\"inLanguage\":\"it-IT\",\"@id\":\"https:\\\/\\\/www.organisator.ch\\\/sustainability\\\/2024-09-13\\\/greenovation-summit-geglueckte-premiere-im-silicon-uzvalley\\\/#primaryimage\",\"url\":\"https:\\\/\\\/www.organisator.ch\\\/wp-content\\\/uploads\\\/2024\\\/09\\\/Greenovation-Summit-Geglueckte-Premiere-im-Silicon-Uzvalley-1_Organisatorjpg.jpg\",\"contentUrl\":\"https:\\\/\\\/www.organisator.ch\\\/wp-content\\\/uploads\\\/2024\\\/09\\\/Greenovation-Summit-Geglueckte-Premiere-im-Silicon-Uzvalley-1_Organisatorjpg.jpg\",\"width\":680,\"height\":452,\"caption\":\"Diese Zielsetzung wurde sicher erf\u00fcllt: Der erste Greenovation Summit vermittelte interessante Impulse f\u00fcr eine nachhaltige Wirtschaft. (Bild: Thomas Berner)\"},{\"@type\":\"BreadcrumbList\",\"@id\":\"https:\\\/\\\/www.organisator.ch\\\/sustainability\\\/2024-09-13\\\/greenovation-summit-geglueckte-premiere-im-silicon-uzvalley\\\/#breadcrumb\",\"itemListElement\":[{\"@type\":\"ListItem\",\"position\":1,\"name\":\"Home\",\"item\":\"https:\\\/\\\/www.organisator.ch\\\/\"},{\"@type\":\"ListItem\",\"position\":2,\"name\":\"Greenovation Summit: Gegl\u00fcckte Premiere im \u00abSilicon Uzvalley\u00bb\"}]},{\"@type\":\"WebSite\",\"@id\":\"https:\\\/\\\/www.organisator.ch\\\/#website\",\"url\":\"https:\\\/\\\/www.organisator.ch\\\/\",\"name\":\"Organisator\",\"description\":\"Kompetent. Praxisnah. Der ORGANISATOR bereitet in 10 Ausgaben pro Jahr die wesentlichen Themen f\u00fcr F\u00fchrungskr\u00e4fte von KMU auf.\",\"publisher\":{\"@id\":\"https:\\\/\\\/www.organisator.ch\\\/#organization\"},\"potentialAction\":[{\"@type\":\"SearchAction\",\"target\":{\"@type\":\"EntryPoint\",\"urlTemplate\":\"https:\\\/\\\/www.organisator.ch\\\/?s={search_term_string}\"},\"query-input\":{\"@type\":\"PropertyValueSpecification\",\"valueRequired\":true,\"valueName\":\"search_term_string\"}}],\"inLanguage\":\"it-IT\"},{\"@type\":\"Organization\",\"@id\":\"https:\\\/\\\/www.organisator.ch\\\/#organization\",\"name\":\"Organisator\",\"url\":\"https:\\\/\\\/www.organisator.ch\\\/\",\"logo\":{\"@type\":\"ImageObject\",\"inLanguage\":\"it-IT\",\"@id\":\"https:\\\/\\\/www.organisator.ch\\\/#\\\/schema\\\/logo\\\/image\\\/\",\"url\":\"https:\\\/\\\/www.organisator.ch\\\/wp-content\\\/uploads\\\/2022\\\/01\\\/Logo_Organisator_Website.png\",\"contentUrl\":\"https:\\\/\\\/www.organisator.ch\\\/wp-content\\\/uploads\\\/2022\\\/01\\\/Logo_Organisator_Website.png\",\"width\":800,\"height\":77,\"caption\":\"Organisator\"},\"image\":{\"@id\":\"https:\\\/\\\/www.organisator.ch\\\/#\\\/schema\\\/logo\\\/image\\\/\"},\"sameAs\":[\"https:\\\/\\\/www.facebook.com\\\/OrganisatorFachmagazin\",\"https:\\\/\\\/www.linkedin.com\\\/showcase\\\/organisator-das-magazin-fr-kmu\",\"https:\\\/\\\/www.xing.com\\\/news\\\/pages\\\/organisator-ch-695\",\"https:\\\/\\\/www.youtube.com\\\/channel\\\/UCGP2Sq0iWaZwT3BdIAQFYpw\"]},{\"@type\":\"Person\",\"@id\":\"https:\\\/\\\/www.organisator.ch\\\/#\\\/schema\\\/person\\\/6f650f90b2842cd4c0cc334b4e36f67e\",\"name\":\"thomas.berner\",\"image\":{\"@type\":\"ImageObject\",\"inLanguage\":\"it-IT\",\"@id\":\"https:\\\/\\\/secure.gravatar.com\\\/avatar\\\/ac5001d2a36cb6c6cd3e50789007ffca834b477b74a2144564522e944eabff61?s=96&d=mm&r=g\",\"url\":\"https:\\\/\\\/secure.gravatar.com\\\/avatar\\\/ac5001d2a36cb6c6cd3e50789007ffca834b477b74a2144564522e944eabff61?s=96&d=mm&r=g\",\"contentUrl\":\"https:\\\/\\\/secure.gravatar.com\\\/avatar\\\/ac5001d2a36cb6c6cd3e50789007ffca834b477b74a2144564522e944eabff61?s=96&d=mm&r=g\",\"caption\":\"thomas.berner\"},\"url\":\"https:\\\/\\\/www.organisator.ch\\\/it\\\/author\\\/thomas-berner\\\/\"}]}<\/script>\n<!-- \/ Yoast SEO plugin. -->","yoast_head_json":{"title":"Greenovation Summit: anteprima di successo nella \"Silicon Uzvalley\" - Organizzatore","description":"Il primo Greenovation Summit si \u00e8 svolto il 12 settembre 2024 presso la sede della B\u00fchler AG a Uzwil.","robots":{"index":"index","follow":"follow","max-snippet":"max-snippet:-1","max-image-preview":"max-image-preview:large","max-video-preview":"max-video-preview:-1"},"canonical":"https:\/\/www.organisator.ch\/it\/sostenibilita\/2024-09-13\/greenovation-summit-geglueckte-premiere-im-silicon-uzvalley\/","og_locale":"it_IT","og_type":"article","og_title":"Greenovation Summit: Gegl\u00fcckte Premiere im \u00abSilicon Uzvalley\u00bb","og_description":"Am 12. September 2024 fand in den R\u00e4umlichkeiten von B\u00fchler AG in Uzwil der erste Greenovation Summit statt.","og_url":"https:\/\/www.organisator.ch\/it\/sostenibilita\/2024-09-13\/greenovation-summit-geglueckte-premiere-im-silicon-uzvalley\/","og_site_name":"Organisator","article_publisher":"https:\/\/www.facebook.com\/OrganisatorFachmagazin","article_published_time":"2024-09-13T09:33:54+00:00","og_image":[{"width":680,"height":452,"url":"https:\/\/www.organisator.ch\/wp-content\/uploads\/2024\/09\/Greenovation-Summit-Geglueckte-Premiere-im-Silicon-Uzvalley-1_Organisatorjpg.jpg","type":"image\/jpeg"}],"author":"thomas.berner","twitter_card":"summary_large_image","twitter_title":"#Greenovation Summit: Gegl\u00fcckte #Premiere im \u00abSilicon Uzvalley\u00bb","twitter_description":"Am 12. September 2024 fand in den R\u00e4umlichkeiten von #B\u00fchler AG in Uzwil der erste #Greenovation Summit statt.","twitter_image":"https:\/\/www.organisator.ch\/wp-content\/uploads\/2024\/09\/Greenovation-Summit-Geglueckte-Premiere-im-Silicon-Uzvalley-1_Organisatorjpg.jpg","schema":{"@context":"https:\/\/schema.org","@graph":[{"@type":"Article","@id":"https:\/\/www.organisator.ch\/sustainability\/2024-09-13\/greenovation-summit-geglueckte-premiere-im-silicon-uzvalley\/#article","isPartOf":{"@id":"https:\/\/www.organisator.ch\/sustainability\/2024-09-13\/greenovation-summit-geglueckte-premiere-im-silicon-uzvalley\/"},"author":{"name":"thomas.berner","@id":"https:\/\/www.organisator.ch\/#\/schema\/person\/6f650f90b2842cd4c0cc334b4e36f67e"},"headline":"Greenovation Summit: Gegl\u00fcckte Premiere im \u00abSilicon Uzvalley\u00bb","datePublished":"2024-09-13T09:33:54+00:00","mainEntityOfPage":{"@id":"https:\/\/www.organisator.ch\/sustainability\/2024-09-13\/greenovation-summit-geglueckte-premiere-im-silicon-uzvalley\/"},"wordCount":948,"publisher":{"@id":"https:\/\/www.organisator.ch\/#organization"},"image":{"@id":"https:\/\/www.organisator.ch\/sustainability\/2024-09-13\/greenovation-summit-geglueckte-premiere-im-silicon-uzvalley\/#primaryimage"},"thumbnailUrl":"https:\/\/www.organisator.ch\/wp-content\/uploads\/2024\/09\/Greenovation-Summit-Geglueckte-Premiere-im-Silicon-Uzvalley-1_Organisatorjpg.jpg","keywords":["Fachkongress\/Fachmesse","Management und Unternehmensf\u00fchrung","Nachhaltige Wirtschaft","Unternehmen"],"articleSection":["SUSTAINABILITY"],"inLanguage":"it-IT"},{"@type":"WebPage","@id":"https:\/\/www.organisator.ch\/sustainability\/2024-09-13\/greenovation-summit-geglueckte-premiere-im-silicon-uzvalley\/","url":"https:\/\/www.organisator.ch\/sustainability\/2024-09-13\/greenovation-summit-geglueckte-premiere-im-silicon-uzvalley\/","name":"Greenovation Summit: anteprima di successo nella \"Silicon Uzvalley\" - Organizzatore","isPartOf":{"@id":"https:\/\/www.organisator.ch\/#website"},"primaryImageOfPage":{"@id":"https:\/\/www.organisator.ch\/sustainability\/2024-09-13\/greenovation-summit-geglueckte-premiere-im-silicon-uzvalley\/#primaryimage"},"image":{"@id":"https:\/\/www.organisator.ch\/sustainability\/2024-09-13\/greenovation-summit-geglueckte-premiere-im-silicon-uzvalley\/#primaryimage"},"thumbnailUrl":"https:\/\/www.organisator.ch\/wp-content\/uploads\/2024\/09\/Greenovation-Summit-Geglueckte-Premiere-im-Silicon-Uzvalley-1_Organisatorjpg.jpg","datePublished":"2024-09-13T09:33:54+00:00","description":"Il primo Greenovation Summit si \u00e8 svolto il 12 settembre 2024 presso la sede della B\u00fchler AG a Uzwil.","breadcrumb":{"@id":"https:\/\/www.organisator.ch\/sustainability\/2024-09-13\/greenovation-summit-geglueckte-premiere-im-silicon-uzvalley\/#breadcrumb"},"inLanguage":"it-IT","potentialAction":[{"@type":"ReadAction","target":["https:\/\/www.organisator.ch\/sustainability\/2024-09-13\/greenovation-summit-geglueckte-premiere-im-silicon-uzvalley\/"]}]},{"@type":"ImageObject","inLanguage":"it-IT","@id":"https:\/\/www.organisator.ch\/sustainability\/2024-09-13\/greenovation-summit-geglueckte-premiere-im-silicon-uzvalley\/#primaryimage","url":"https:\/\/www.organisator.ch\/wp-content\/uploads\/2024\/09\/Greenovation-Summit-Geglueckte-Premiere-im-Silicon-Uzvalley-1_Organisatorjpg.jpg","contentUrl":"https:\/\/www.organisator.ch\/wp-content\/uploads\/2024\/09\/Greenovation-Summit-Geglueckte-Premiere-im-Silicon-Uzvalley-1_Organisatorjpg.jpg","width":680,"height":452,"caption":"Diese Zielsetzung wurde sicher erf\u00fcllt: Der erste Greenovation Summit vermittelte interessante Impulse f\u00fcr eine nachhaltige Wirtschaft. (Bild: Thomas Berner)"},{"@type":"BreadcrumbList","@id":"https:\/\/www.organisator.ch\/sustainability\/2024-09-13\/greenovation-summit-geglueckte-premiere-im-silicon-uzvalley\/#breadcrumb","itemListElement":[{"@type":"ListItem","position":1,"name":"Home","item":"https:\/\/www.organisator.ch\/"},{"@type":"ListItem","position":2,"name":"Greenovation Summit: Gegl\u00fcckte Premiere im \u00abSilicon Uzvalley\u00bb"}]},{"@type":"WebSite","@id":"https:\/\/www.organisator.ch\/#website","url":"https:\/\/www.organisator.ch\/","name":"Organizzatore","description":"Competente. Pratico. In 10 numeri all'anno, ORGANISATOR presenta i temi essenziali per i manager delle PMI.","publisher":{"@id":"https:\/\/www.organisator.ch\/#organization"},"potentialAction":[{"@type":"SearchAction","target":{"@type":"EntryPoint","urlTemplate":"https:\/\/www.organisator.ch\/?s={search_term_string}"},"query-input":{"@type":"PropertyValueSpecification","valueRequired":true,"valueName":"search_term_string"}}],"inLanguage":"it-IT"},{"@type":"Organization","@id":"https:\/\/www.organisator.ch\/#organization","name":"Organizzatore","url":"https:\/\/www.organisator.ch\/","logo":{"@type":"ImageObject","inLanguage":"it-IT","@id":"https:\/\/www.organisator.ch\/#\/schema\/logo\/image\/","url":"https:\/\/www.organisator.ch\/wp-content\/uploads\/2022\/01\/Logo_Organisator_Website.png","contentUrl":"https:\/\/www.organisator.ch\/wp-content\/uploads\/2022\/01\/Logo_Organisator_Website.png","width":800,"height":77,"caption":"Organisator"},"image":{"@id":"https:\/\/www.organisator.ch\/#\/schema\/logo\/image\/"},"sameAs":["https:\/\/www.facebook.com\/OrganisatorFachmagazin","https:\/\/www.linkedin.com\/showcase\/organisator-das-magazin-fr-kmu","https:\/\/www.xing.com\/news\/pages\/organisator-ch-695","https:\/\/www.youtube.com\/channel\/UCGP2Sq0iWaZwT3BdIAQFYpw"]},{"@type":"Person","@id":"https:\/\/www.organisator.ch\/#\/schema\/person\/6f650f90b2842cd4c0cc334b4e36f67e","name":"Tommaso.berner","image":{"@type":"ImageObject","inLanguage":"it-IT","@id":"https:\/\/secure.gravatar.com\/avatar\/ac5001d2a36cb6c6cd3e50789007ffca834b477b74a2144564522e944eabff61?s=96&d=mm&r=g","url":"https:\/\/secure.gravatar.com\/avatar\/ac5001d2a36cb6c6cd3e50789007ffca834b477b74a2144564522e944eabff61?s=96&d=mm&r=g","contentUrl":"https:\/\/secure.gravatar.com\/avatar\/ac5001d2a36cb6c6cd3e50789007ffca834b477b74a2144564522e944eabff61?s=96&d=mm&r=g","caption":"thomas.berner"},"url":"https:\/\/www.organisator.ch\/it\/author\/thomas-berner\/"}]}},"_links":{"self":[{"href":"https:\/\/www.organisator.ch\/it\/wp-json\/wp\/v2\/posts\/29796","targetHints":{"allow":["GET"]}}],"collection":[{"href":"https:\/\/www.organisator.ch\/it\/wp-json\/wp\/v2\/posts"}],"about":[{"href":"https:\/\/www.organisator.ch\/it\/wp-json\/wp\/v2\/types\/post"}],"author":[{"embeddable":true,"href":"https:\/\/www.organisator.ch\/it\/wp-json\/wp\/v2\/users\/4"}],"replies":[{"embeddable":true,"href":"https:\/\/www.organisator.ch\/it\/wp-json\/wp\/v2\/comments?post=29796"}],"version-history":[{"count":5,"href":"https:\/\/www.organisator.ch\/it\/wp-json\/wp\/v2\/posts\/29796\/revisions"}],"predecessor-version":[{"id":29862,"href":"https:\/\/www.organisator.ch\/it\/wp-json\/wp\/v2\/posts\/29796\/revisions\/29862"}],"wp:featuredmedia":[{"embeddable":true,"href":"https:\/\/www.organisator.ch\/it\/wp-json\/wp\/v2\/media\/29797"}],"wp:attachment":[{"href":"https:\/\/www.organisator.ch\/it\/wp-json\/wp\/v2\/media?parent=29796"}],"wp:term":[{"taxonomy":"category","embeddable":true,"href":"https:\/\/www.organisator.ch\/it\/wp-json\/wp\/v2\/categories?post=29796"},{"taxonomy":"post_tag","embeddable":true,"href":"https:\/\/www.organisator.ch\/it\/wp-json\/wp\/v2\/tags?post=29796"}],"curies":[{"name":"wp","href":"https:\/\/api.w.org\/{rel}","templated":true}]}}