{"id":29805,"date":"2024-09-13T08:35:07","date_gmt":"2024-09-13T06:35:07","guid":{"rendered":"https:\/\/www.markt-kom.com\/?p=223256"},"modified":"2024-11-08T09:50:19","modified_gmt":"2024-11-08T08:50:19","slug":"marc-meschenmoser-leitet-kommunikation-bei-stadler-rail","status":"publish","type":"post","link":"https:\/\/www.organisator.ch\/it\/marketing\/2024-09-13\/marc-meschenmoser-leitet-kommunikation-bei-stadler-rail\/","title":{"rendered":"Marc Meschenmoser \u00e8 responsabile della comunicazione di Stadler Rail."},"content":{"rendered":"<figure id=\"attachment_223257\" class=\"wp-caption aligncenter\" style=\"width: 1200px\" aria-describedby=\"caption-attachment-223257\"><img class=\"aligncenter wp-image-223257 size-full\" src=\"https:\/\/www.markt-kom.com\/wp-content\/uploads\/2024\/09\/SRF-Archivbild-Marc-Meschenmoser.jpg\" alt=\"Meschenmoser nuovo\" width=\"1200\" height=\"900\" \/>\r\n<figcaption id=\"caption-attachment-223257\" class=\"wp-caption-text\">(Immagine d'archivio: SRF\/Oscar Alessio)<\/figcaption>\r\n<\/figure>\r\n<p>Meschenmoser \u00e8 stato recentemente direttore editoriale delle riviste consumer <em>K-Tip<\/em> e <em>Equilibrio<\/em>. In precedenza, ha lavorato per 14 anni alla televisione svizzera SRF. Succede a Gerda K\u00f6nigstorfer, che ha ricoperto la carica per poco meno di tre anni.<\/p>\r\n<p>J\u00fcrg Grob, che entrer\u00e0 anch'egli in Stadler il 1\u00b0 ottobre, \u00e8 stato nominato suo vice. Grob \u00e8 stato recentemente responsabile della redazione e caporedattore presso le FFS. <em>(SDA\/swi)<\/em><\/p>","protected":false},"excerpt":{"rendered":"<p>Il produttore di veicoli ferroviari Stadler Rail ha nominato Marc Meschenmoser nuovo responsabile della comunicazione aziendale. Il cinquantenne assumer\u00e0 il nuovo ruolo il 1\u00b0 ottobre 2024 ed entrer\u00e0 a far parte del Comitato esecutivo allargato del Gruppo, come ha annunciato venerd\u00ec l'azienda.<\/p>","protected":false},"author":8,"featured_media":0,"comment_status":"closed","ping_status":"closed","sticky":false,"template":"","format":"standard","meta":{"_acf_changed":false,"_yoast_wpseo_focuskw":"Meschenmoser neuer","_yoast_wpseo_metadesc":"Michael Meschenmoser wird neuer Redaktionsleiter bei Stadler ab Oktober 2024, J\u00fcrg Grob wird sein Stellvertreter.","articlekey":"","footnotes":""},"categories":[29],"tags":[2853,4343,4505],"class_list":["post-29805","post","type-post","status-publish","format-standard","hentry","category-marketing","tag-jobchange","tag-markom","tag-stadler-rail"],"acf":[],"yoast_head":"<!-- This site is optimized with the Yoast SEO plugin v27.4 - https:\/\/yoast.com\/product\/yoast-seo-wordpress\/ -->\n<title>Marc Meschenmoser leitet Kommunikation bei Stadler Rail - Organisator<\/title>\n<meta name=\"description\" content=\"Michael Meschenmoser wird neuer Redaktionsleiter bei Stadler ab Oktober 2024, J\u00fcrg Grob wird sein Stellvertreter.\" \/>\n<meta name=\"robots\" content=\"index, follow, max-snippet:-1, max-image-preview:large, max-video-preview:-1\" \/>\n<link rel=\"canonical\" href=\"https:\/\/www.organisator.ch\/it\/marketing\/2024-09-13\/marc-meschenmoser-leitet-kommunikation-bei-stadler-rail\/\" \/>\n<meta property=\"og:locale\" content=\"it_IT\" \/>\n<meta property=\"og:type\" content=\"article\" \/>\n<meta property=\"og:title\" content=\"Marc Meschenmoser leitet Kommunikation bei Stadler Rail - Organisator\" \/>\n<meta property=\"og:description\" content=\"Michael Meschenmoser wird neuer Redaktionsleiter bei Stadler ab Oktober 2024, J\u00fcrg Grob wird sein Stellvertreter.\" \/>\n<meta property=\"og:url\" content=\"https:\/\/www.organisator.ch\/it\/marketing\/2024-09-13\/marc-meschenmoser-leitet-kommunikation-bei-stadler-rail\/\" \/>\n<meta property=\"og:site_name\" content=\"Organisator\" \/>\n<meta property=\"article:publisher\" content=\"https:\/\/www.facebook.com\/OrganisatorFachmagazin\" \/>\n<meta property=\"article:published_time\" content=\"2024-09-13T06:35:07+00:00\" \/>\n<meta property=\"article:modified_time\" content=\"2024-11-08T08:50:19+00:00\" \/>\n<meta property=\"og:image\" content=\"https:\/\/www.markt-kom.com\/wp-content\/uploads\/2024\/09\/SRF-Archivbild-Marc-Meschenmoser.jpg\" \/>\n<meta name=\"author\" content=\"galledia\" \/>\n<meta name=\"twitter:card\" content=\"summary_large_image\" \/>\n<meta name=\"twitter:creator\" content=\"@admin\" \/>\n<script type=\"application\/ld+json\" class=\"yoast-schema-graph\">{\"@context\":\"https:\\\/\\\/schema.org\",\"@graph\":[{\"@type\":\"Article\",\"@id\":\"https:\\\/\\\/www.organisator.ch\\\/marketing\\\/2024-09-13\\\/marc-meschenmoser-leitet-kommunikation-bei-stadler-rail\\\/#article\",\"isPartOf\":{\"@id\":\"https:\\\/\\\/www.organisator.ch\\\/marketing\\\/2024-09-13\\\/marc-meschenmoser-leitet-kommunikation-bei-stadler-rail\\\/\"},\"author\":{\"name\":\"galledia\",\"@id\":\"https:\\\/\\\/www.organisator.ch\\\/#\\\/schema\\\/person\\\/4e51799071cd2dd1232ac003643ef5f0\"},\"headline\":\"Marc Meschenmoser leitet Kommunikation bei Stadler Rail\",\"datePublished\":\"2024-09-13T06:35:07+00:00\",\"dateModified\":\"2024-11-08T08:50:19+00:00\",\"mainEntityOfPage\":{\"@id\":\"https:\\\/\\\/www.organisator.ch\\\/marketing\\\/2024-09-13\\\/marc-meschenmoser-leitet-kommunikation-bei-stadler-rail\\\/\"},\"wordCount\":68,\"publisher\":{\"@id\":\"https:\\\/\\\/www.organisator.ch\\\/#organization\"},\"image\":{\"@id\":\"https:\\\/\\\/www.organisator.ch\\\/marketing\\\/2024-09-13\\\/marc-meschenmoser-leitet-kommunikation-bei-stadler-rail\\\/#primaryimage\"},\"thumbnailUrl\":\"https:\\\/\\\/www.markt-kom.com\\\/wp-content\\\/uploads\\\/2024\\\/09\\\/SRF-Archivbild-Marc-Meschenmoser.jpg\",\"keywords\":[\"Jobchange\",\"MarKom\",\"Stadler Rail\"],\"articleSection\":[\"MARKETING\"],\"inLanguage\":\"it-IT\"},{\"@type\":\"WebPage\",\"@id\":\"https:\\\/\\\/www.organisator.ch\\\/marketing\\\/2024-09-13\\\/marc-meschenmoser-leitet-kommunikation-bei-stadler-rail\\\/\",\"url\":\"https:\\\/\\\/www.organisator.ch\\\/marketing\\\/2024-09-13\\\/marc-meschenmoser-leitet-kommunikation-bei-stadler-rail\\\/\",\"name\":\"Marc Meschenmoser leitet Kommunikation bei Stadler Rail - Organisator\",\"isPartOf\":{\"@id\":\"https:\\\/\\\/www.organisator.ch\\\/#website\"},\"primaryImageOfPage\":{\"@id\":\"https:\\\/\\\/www.organisator.ch\\\/marketing\\\/2024-09-13\\\/marc-meschenmoser-leitet-kommunikation-bei-stadler-rail\\\/#primaryimage\"},\"image\":{\"@id\":\"https:\\\/\\\/www.organisator.ch\\\/marketing\\\/2024-09-13\\\/marc-meschenmoser-leitet-kommunikation-bei-stadler-rail\\\/#primaryimage\"},\"thumbnailUrl\":\"https:\\\/\\\/www.markt-kom.com\\\/wp-content\\\/uploads\\\/2024\\\/09\\\/SRF-Archivbild-Marc-Meschenmoser.jpg\",\"datePublished\":\"2024-09-13T06:35:07+00:00\",\"dateModified\":\"2024-11-08T08:50:19+00:00\",\"description\":\"Michael Meschenmoser wird neuer Redaktionsleiter bei Stadler ab Oktober 2024, J\u00fcrg Grob wird sein Stellvertreter.\",\"breadcrumb\":{\"@id\":\"https:\\\/\\\/www.organisator.ch\\\/marketing\\\/2024-09-13\\\/marc-meschenmoser-leitet-kommunikation-bei-stadler-rail\\\/#breadcrumb\"},\"inLanguage\":\"it-IT\",\"potentialAction\":[{\"@type\":\"ReadAction\",\"target\":[\"https:\\\/\\\/www.organisator.ch\\\/marketing\\\/2024-09-13\\\/marc-meschenmoser-leitet-kommunikation-bei-stadler-rail\\\/\"]}]},{\"@type\":\"ImageObject\",\"inLanguage\":\"it-IT\",\"@id\":\"https:\\\/\\\/www.organisator.ch\\\/marketing\\\/2024-09-13\\\/marc-meschenmoser-leitet-kommunikation-bei-stadler-rail\\\/#primaryimage\",\"url\":\"https:\\\/\\\/www.markt-kom.com\\\/wp-content\\\/uploads\\\/2024\\\/09\\\/SRF-Archivbild-Marc-Meschenmoser.jpg\",\"contentUrl\":\"https:\\\/\\\/www.markt-kom.com\\\/wp-content\\\/uploads\\\/2024\\\/09\\\/SRF-Archivbild-Marc-Meschenmoser.jpg\"},{\"@type\":\"BreadcrumbList\",\"@id\":\"https:\\\/\\\/www.organisator.ch\\\/marketing\\\/2024-09-13\\\/marc-meschenmoser-leitet-kommunikation-bei-stadler-rail\\\/#breadcrumb\",\"itemListElement\":[{\"@type\":\"ListItem\",\"position\":1,\"name\":\"Home\",\"item\":\"https:\\\/\\\/www.organisator.ch\\\/\"},{\"@type\":\"ListItem\",\"position\":2,\"name\":\"Marc Meschenmoser leitet Kommunikation bei Stadler Rail\"}]},{\"@type\":\"WebSite\",\"@id\":\"https:\\\/\\\/www.organisator.ch\\\/#website\",\"url\":\"https:\\\/\\\/www.organisator.ch\\\/\",\"name\":\"Organisator\",\"description\":\"Kompetent. Praxisnah. Der ORGANISATOR bereitet in 10 Ausgaben pro Jahr die wesentlichen Themen f\u00fcr F\u00fchrungskr\u00e4fte von KMU auf.\",\"publisher\":{\"@id\":\"https:\\\/\\\/www.organisator.ch\\\/#organization\"},\"potentialAction\":[{\"@type\":\"SearchAction\",\"target\":{\"@type\":\"EntryPoint\",\"urlTemplate\":\"https:\\\/\\\/www.organisator.ch\\\/?s={search_term_string}\"},\"query-input\":{\"@type\":\"PropertyValueSpecification\",\"valueRequired\":true,\"valueName\":\"search_term_string\"}}],\"inLanguage\":\"it-IT\"},{\"@type\":\"Organization\",\"@id\":\"https:\\\/\\\/www.organisator.ch\\\/#organization\",\"name\":\"Organisator\",\"url\":\"https:\\\/\\\/www.organisator.ch\\\/\",\"logo\":{\"@type\":\"ImageObject\",\"inLanguage\":\"it-IT\",\"@id\":\"https:\\\/\\\/www.organisator.ch\\\/#\\\/schema\\\/logo\\\/image\\\/\",\"url\":\"https:\\\/\\\/www.organisator.ch\\\/wp-content\\\/uploads\\\/2022\\\/01\\\/Logo_Organisator_Website.png\",\"contentUrl\":\"https:\\\/\\\/www.organisator.ch\\\/wp-content\\\/uploads\\\/2022\\\/01\\\/Logo_Organisator_Website.png\",\"width\":800,\"height\":77,\"caption\":\"Organisator\"},\"image\":{\"@id\":\"https:\\\/\\\/www.organisator.ch\\\/#\\\/schema\\\/logo\\\/image\\\/\"},\"sameAs\":[\"https:\\\/\\\/www.facebook.com\\\/OrganisatorFachmagazin\",\"https:\\\/\\\/www.linkedin.com\\\/showcase\\\/organisator-das-magazin-fr-kmu\",\"https:\\\/\\\/www.xing.com\\\/news\\\/pages\\\/organisator-ch-695\",\"https:\\\/\\\/www.youtube.com\\\/channel\\\/UCGP2Sq0iWaZwT3BdIAQFYpw\"]},{\"@type\":\"Person\",\"@id\":\"https:\\\/\\\/www.organisator.ch\\\/#\\\/schema\\\/person\\\/4e51799071cd2dd1232ac003643ef5f0\",\"name\":\"galledia\",\"image\":{\"@type\":\"ImageObject\",\"inLanguage\":\"it-IT\",\"@id\":\"https:\\\/\\\/secure.gravatar.com\\\/avatar\\\/78a7f90c01fc2bfc875782a0d4922b37cde2cf184ce347b91316d23cd7f69a36?s=96&d=mm&r=g\",\"url\":\"https:\\\/\\\/secure.gravatar.com\\\/avatar\\\/78a7f90c01fc2bfc875782a0d4922b37cde2cf184ce347b91316d23cd7f69a36?s=96&d=mm&r=g\",\"contentUrl\":\"https:\\\/\\\/secure.gravatar.com\\\/avatar\\\/78a7f90c01fc2bfc875782a0d4922b37cde2cf184ce347b91316d23cd7f69a36?s=96&d=mm&r=g\",\"caption\":\"galledia\"},\"sameAs\":[\"https:\\\/\\\/x.com\\\/admin\"],\"url\":\"https:\\\/\\\/www.organisator.ch\\\/it\\\/author\\\/galledia\\\/\"}]}<\/script>\n<!-- \/ Yoast SEO plugin. -->","yoast_head_json":{"title":"Marc Meschenmoser \u00e8 responsabile della comunicazione di Stadler Rail - Organizzatore","description":"Michael Meschenmoser sar\u00e0 il nuovo direttore editoriale di Stadler a partire da ottobre 2024, J\u00fcrg Grob sar\u00e0 il suo vice.","robots":{"index":"index","follow":"follow","max-snippet":"max-snippet:-1","max-image-preview":"max-image-preview:large","max-video-preview":"max-video-preview:-1"},"canonical":"https:\/\/www.organisator.ch\/it\/marketing\/2024-09-13\/marc-meschenmoser-leitet-kommunikation-bei-stadler-rail\/","og_locale":"it_IT","og_type":"article","og_title":"Marc Meschenmoser leitet Kommunikation bei Stadler Rail - Organisator","og_description":"Michael Meschenmoser wird neuer Redaktionsleiter bei Stadler ab Oktober 2024, J\u00fcrg Grob wird sein Stellvertreter.","og_url":"https:\/\/www.organisator.ch\/it\/marketing\/2024-09-13\/marc-meschenmoser-leitet-kommunikation-bei-stadler-rail\/","og_site_name":"Organisator","article_publisher":"https:\/\/www.facebook.com\/OrganisatorFachmagazin","article_published_time":"2024-09-13T06:35:07+00:00","article_modified_time":"2024-11-08T08:50:19+00:00","og_image":[{"url":"https:\/\/www.markt-kom.com\/wp-content\/uploads\/2024\/09\/SRF-Archivbild-Marc-Meschenmoser.jpg","type":"","width":"","height":""}],"author":"galledia","twitter_card":"summary_large_image","twitter_creator":"@admin","schema":{"@context":"https:\/\/schema.org","@graph":[{"@type":"Article","@id":"https:\/\/www.organisator.ch\/marketing\/2024-09-13\/marc-meschenmoser-leitet-kommunikation-bei-stadler-rail\/#article","isPartOf":{"@id":"https:\/\/www.organisator.ch\/marketing\/2024-09-13\/marc-meschenmoser-leitet-kommunikation-bei-stadler-rail\/"},"author":{"name":"galledia","@id":"https:\/\/www.organisator.ch\/#\/schema\/person\/4e51799071cd2dd1232ac003643ef5f0"},"headline":"Marc Meschenmoser leitet Kommunikation bei Stadler Rail","datePublished":"2024-09-13T06:35:07+00:00","dateModified":"2024-11-08T08:50:19+00:00","mainEntityOfPage":{"@id":"https:\/\/www.organisator.ch\/marketing\/2024-09-13\/marc-meschenmoser-leitet-kommunikation-bei-stadler-rail\/"},"wordCount":68,"publisher":{"@id":"https:\/\/www.organisator.ch\/#organization"},"image":{"@id":"https:\/\/www.organisator.ch\/marketing\/2024-09-13\/marc-meschenmoser-leitet-kommunikation-bei-stadler-rail\/#primaryimage"},"thumbnailUrl":"https:\/\/www.markt-kom.com\/wp-content\/uploads\/2024\/09\/SRF-Archivbild-Marc-Meschenmoser.jpg","keywords":["Jobchange","MarKom","Stadler Rail"],"articleSection":["MARKETING"],"inLanguage":"it-IT"},{"@type":"WebPage","@id":"https:\/\/www.organisator.ch\/marketing\/2024-09-13\/marc-meschenmoser-leitet-kommunikation-bei-stadler-rail\/","url":"https:\/\/www.organisator.ch\/marketing\/2024-09-13\/marc-meschenmoser-leitet-kommunikation-bei-stadler-rail\/","name":"Marc Meschenmoser \u00e8 responsabile della comunicazione di Stadler Rail - Organizzatore","isPartOf":{"@id":"https:\/\/www.organisator.ch\/#website"},"primaryImageOfPage":{"@id":"https:\/\/www.organisator.ch\/marketing\/2024-09-13\/marc-meschenmoser-leitet-kommunikation-bei-stadler-rail\/#primaryimage"},"image":{"@id":"https:\/\/www.organisator.ch\/marketing\/2024-09-13\/marc-meschenmoser-leitet-kommunikation-bei-stadler-rail\/#primaryimage"},"thumbnailUrl":"https:\/\/www.markt-kom.com\/wp-content\/uploads\/2024\/09\/SRF-Archivbild-Marc-Meschenmoser.jpg","datePublished":"2024-09-13T06:35:07+00:00","dateModified":"2024-11-08T08:50:19+00:00","description":"Michael Meschenmoser sar\u00e0 il nuovo direttore editoriale di Stadler a partire da ottobre 2024, J\u00fcrg Grob sar\u00e0 il suo vice.","breadcrumb":{"@id":"https:\/\/www.organisator.ch\/marketing\/2024-09-13\/marc-meschenmoser-leitet-kommunikation-bei-stadler-rail\/#breadcrumb"},"inLanguage":"it-IT","potentialAction":[{"@type":"ReadAction","target":["https:\/\/www.organisator.ch\/marketing\/2024-09-13\/marc-meschenmoser-leitet-kommunikation-bei-stadler-rail\/"]}]},{"@type":"ImageObject","inLanguage":"it-IT","@id":"https:\/\/www.organisator.ch\/marketing\/2024-09-13\/marc-meschenmoser-leitet-kommunikation-bei-stadler-rail\/#primaryimage","url":"https:\/\/www.markt-kom.com\/wp-content\/uploads\/2024\/09\/SRF-Archivbild-Marc-Meschenmoser.jpg","contentUrl":"https:\/\/www.markt-kom.com\/wp-content\/uploads\/2024\/09\/SRF-Archivbild-Marc-Meschenmoser.jpg"},{"@type":"BreadcrumbList","@id":"https:\/\/www.organisator.ch\/marketing\/2024-09-13\/marc-meschenmoser-leitet-kommunikation-bei-stadler-rail\/#breadcrumb","itemListElement":[{"@type":"ListItem","position":1,"name":"Home","item":"https:\/\/www.organisator.ch\/"},{"@type":"ListItem","position":2,"name":"Marc Meschenmoser leitet Kommunikation bei Stadler Rail"}]},{"@type":"WebSite","@id":"https:\/\/www.organisator.ch\/#website","url":"https:\/\/www.organisator.ch\/","name":"Organizzatore","description":"Competente. Pratico. In 10 numeri all'anno, ORGANISATOR presenta i temi essenziali per i manager delle PMI.","publisher":{"@id":"https:\/\/www.organisator.ch\/#organization"},"potentialAction":[{"@type":"SearchAction","target":{"@type":"EntryPoint","urlTemplate":"https:\/\/www.organisator.ch\/?s={search_term_string}"},"query-input":{"@type":"PropertyValueSpecification","valueRequired":true,"valueName":"search_term_string"}}],"inLanguage":"it-IT"},{"@type":"Organization","@id":"https:\/\/www.organisator.ch\/#organization","name":"Organizzatore","url":"https:\/\/www.organisator.ch\/","logo":{"@type":"ImageObject","inLanguage":"it-IT","@id":"https:\/\/www.organisator.ch\/#\/schema\/logo\/image\/","url":"https:\/\/www.organisator.ch\/wp-content\/uploads\/2022\/01\/Logo_Organisator_Website.png","contentUrl":"https:\/\/www.organisator.ch\/wp-content\/uploads\/2022\/01\/Logo_Organisator_Website.png","width":800,"height":77,"caption":"Organisator"},"image":{"@id":"https:\/\/www.organisator.ch\/#\/schema\/logo\/image\/"},"sameAs":["https:\/\/www.facebook.com\/OrganisatorFachmagazin","https:\/\/www.linkedin.com\/showcase\/organisator-das-magazin-fr-kmu","https:\/\/www.xing.com\/news\/pages\/organisator-ch-695","https:\/\/www.youtube.com\/channel\/UCGP2Sq0iWaZwT3BdIAQFYpw"]},{"@type":"Person","@id":"https:\/\/www.organisator.ch\/#\/schema\/person\/4e51799071cd2dd1232ac003643ef5f0","name":"galledia","image":{"@type":"ImageObject","inLanguage":"it-IT","@id":"https:\/\/secure.gravatar.com\/avatar\/78a7f90c01fc2bfc875782a0d4922b37cde2cf184ce347b91316d23cd7f69a36?s=96&d=mm&r=g","url":"https:\/\/secure.gravatar.com\/avatar\/78a7f90c01fc2bfc875782a0d4922b37cde2cf184ce347b91316d23cd7f69a36?s=96&d=mm&r=g","contentUrl":"https:\/\/secure.gravatar.com\/avatar\/78a7f90c01fc2bfc875782a0d4922b37cde2cf184ce347b91316d23cd7f69a36?s=96&d=mm&r=g","caption":"galledia"},"sameAs":["https:\/\/x.com\/admin"],"url":"https:\/\/www.organisator.ch\/it\/author\/galledia\/"}]}},"_links":{"self":[{"href":"https:\/\/www.organisator.ch\/it\/wp-json\/wp\/v2\/posts\/29805","targetHints":{"allow":["GET"]}}],"collection":[{"href":"https:\/\/www.organisator.ch\/it\/wp-json\/wp\/v2\/posts"}],"about":[{"href":"https:\/\/www.organisator.ch\/it\/wp-json\/wp\/v2\/types\/post"}],"author":[{"embeddable":true,"href":"https:\/\/www.organisator.ch\/it\/wp-json\/wp\/v2\/users\/8"}],"replies":[{"embeddable":true,"href":"https:\/\/www.organisator.ch\/it\/wp-json\/wp\/v2\/comments?post=29805"}],"version-history":[{"count":5,"href":"https:\/\/www.organisator.ch\/it\/wp-json\/wp\/v2\/posts\/29805\/revisions"}],"predecessor-version":[{"id":31941,"href":"https:\/\/www.organisator.ch\/it\/wp-json\/wp\/v2\/posts\/29805\/revisions\/31941"}],"wp:attachment":[{"href":"https:\/\/www.organisator.ch\/it\/wp-json\/wp\/v2\/media?parent=29805"}],"wp:term":[{"taxonomy":"category","embeddable":true,"href":"https:\/\/www.organisator.ch\/it\/wp-json\/wp\/v2\/categories?post=29805"},{"taxonomy":"post_tag","embeddable":true,"href":"https:\/\/www.organisator.ch\/it\/wp-json\/wp\/v2\/tags?post=29805"}],"curies":[{"name":"wp","href":"https:\/\/api.w.org\/{rel}","templated":true}]}}