{"id":29809,"date":"2024-09-13T10:53:52","date_gmt":"2024-09-13T08:53:52","guid":{"rendered":"https:\/\/www.markt-kom.com\/?p=223265"},"modified":"2024-11-08T09:48:27","modified_gmt":"2024-11-08T08:48:27","slug":"giselle-vaugne-verlaesst-ingo-zuerich","status":"publish","type":"post","link":"https:\/\/www.organisator.ch\/it\/marketing\/2024-09-13\/giselle-vaugne-verlaesst-ingo-zuerich\/","title":{"rendered":"Giselle Vaugne lascia Ingo Zurich"},"content":{"rendered":"<figure id=\"attachment_223266\" class=\"wp-caption aligncenter\" style=\"width: 1200px\" aria-describedby=\"caption-attachment-223266\"><img class=\"aligncenter wp-image-223266 size-full\" src=\"https:\/\/www.markt-kom.com\/wp-content\/uploads\/2024\/09\/Giselle_Vaugne_Portrait.jpg\" alt=\"Giselle Vaugne \" width=\"1200\" height=\"900\" \/>\r\n<figcaption id=\"caption-attachment-223266\" class=\"wp-caption-text\">(Immagine: zVg.)<\/figcaption>\r\n<\/figure>\r\n<p>Vaugne \u00e8 entrata in agenzia nel marzo 2019 come Client Service Director e nel corso della sua carriera ha assunto sempre maggiori responsabilit\u00e0. Ha guidato l'intero team di consulenza per le campagne e la tecnologia, \u00e8 stata nominata COO nel novembre 2019 e dal 2021 guida l'agenzia insieme a Swen Morath come co-CEO.<\/p>\r\n<p>\"\u00c8 stata una decisione ponderata quella di lasciare Ingo Zurich, anche se molto difficile per me\", ha dichiarato Giselle Vaugne in un comunicato. \"Gli ultimi cinque anni e mezzo sono stati un periodo estremamente gratificante. Insieme, dopo il rebranding in Wunderman Thompson, abbiamo portato l'agenzia tra le prime 5 agenzie creative, conquistato nuovi grandi clienti e siamo stati premiati con gli Effie d'oro per il nostro lavoro con Geberit e HEKS\".<\/p>\r\n<p>Anche il cambio di nome in Ingo Zurich nella primavera del 2024 \u00e8 stato un successo, continua Vaugne, guardando indietro con orgoglio ai risultati raggiunti. Ma ora \u00e8 tempo di una nuova avventura: \"Dopo questi sei anni intensi, vorrei concentrarmi prima sulla mia vita privata e poi riorientarmi professionalmente a partire dal 2025\".<\/p>\r\n<p>Il co-CEO e CCO Swen Morath si rammarica della partenza di Vaugne: \"Probabilmente continuer\u00f2 a chiamarla ogni mattina durante il viaggio verso l'agenzia, come abbiamo fatto ogni giorno negli ultimi anni\". <em>(ride)<\/em>. Sono molto grato per la collaborazione fiduciosa, costruttiva e, soprattutto, di successo. Auguro a Giselle tutto il meglio per il futuro. Allo stesso tempo, non vedo l'ora che arrivino i prossimi mesi. Ingo Zurich ha in cantiere alcuni progetti interessanti con clienti interessanti. Il team \u00e8 molto motivato e personalmente non vedo l'ora di lavorare a stretto contatto con il nostro nuovo Global Chief Creative Officer Dan Fisher\".<\/p>\r\n<p>Giselle Vaugne continuer\u00e0 a sostenere attivamente l'agenzia fino alla fine di settembre 2024 e nel frattempo ceder\u00e0 le sue responsabilit\u00e0.<\/p>\r\n<p>Sandro Tschuor si occupa attualmente dei suoi compiti legati ai clienti in qualit\u00e0 di Chief Client Officer. Tschuor \u00e8 entrato a far parte dell'agenzia nel 2015, dopo aver terminato la sua carriera professionale di hockey su ghiaccio. In questo periodo ha gestito clienti nazionali e internazionali come PostFinance e Microsoft ed \u00e8 stato responsabile di Migros Fachm\u00e4rkte come WPP Lead.<\/p>","protected":false},"excerpt":{"rendered":"<p>Dopo quasi sei anni di lavoro presso Ingo Zurich - ex Wunderman Thompson - Giselle Vaugne ha deciso di lasciare la carica di Co-CEO e COO.<\/p>","protected":false},"author":8,"featured_media":0,"comment_status":"closed","ping_status":"closed","sticky":false,"template":"","format":"standard","meta":{"_acf_changed":false,"_yoast_wpseo_focuskw":"Giselle Vaugne","_yoast_wpseo_metadesc":"Giselle Vaugne verl\u00e4sst Ingo Z\u00fcrich nach erfolgreichen Jahren und Gold-Effies. Sandro Tschuor \u00fcbernimmt als Chief Client Officer.","articlekey":"","footnotes":""},"categories":[29],"tags":[4345,4506,2853],"class_list":["post-29809","post","type-post","status-publish","format-standard","hentry","category-marketing","tag-business","tag-ingo","tag-jobchange"],"acf":[],"yoast_head":"<!-- This site is optimized with the Yoast SEO plugin v27.4 - https:\/\/yoast.com\/product\/yoast-seo-wordpress\/ -->\n<title>Giselle Vaugne verl\u00e4sst Ingo Z\u00fcrich - Organisator<\/title>\n<meta name=\"description\" content=\"Giselle Vaugne verl\u00e4sst Ingo Z\u00fcrich nach erfolgreichen Jahren und Gold-Effies. Sandro Tschuor \u00fcbernimmt als Chief Client Officer.\" \/>\n<meta name=\"robots\" content=\"index, follow, max-snippet:-1, max-image-preview:large, max-video-preview:-1\" \/>\n<link rel=\"canonical\" href=\"https:\/\/www.organisator.ch\/it\/marketing\/2024-09-13\/giselle-vaugne-verlaesst-ingo-zuerich\/\" \/>\n<meta property=\"og:locale\" content=\"it_IT\" \/>\n<meta property=\"og:type\" content=\"article\" \/>\n<meta property=\"og:title\" content=\"Giselle Vaugne verl\u00e4sst Ingo Z\u00fcrich - Organisator\" \/>\n<meta property=\"og:description\" content=\"Giselle Vaugne verl\u00e4sst Ingo Z\u00fcrich nach erfolgreichen Jahren und Gold-Effies. Sandro Tschuor \u00fcbernimmt als Chief Client Officer.\" \/>\n<meta property=\"og:url\" content=\"https:\/\/www.organisator.ch\/it\/marketing\/2024-09-13\/giselle-vaugne-verlaesst-ingo-zuerich\/\" \/>\n<meta property=\"og:site_name\" content=\"Organisator\" \/>\n<meta property=\"article:publisher\" content=\"https:\/\/www.facebook.com\/OrganisatorFachmagazin\" \/>\n<meta property=\"article:published_time\" content=\"2024-09-13T08:53:52+00:00\" \/>\n<meta property=\"article:modified_time\" content=\"2024-11-08T08:48:27+00:00\" \/>\n<meta property=\"og:image\" content=\"https:\/\/www.markt-kom.com\/wp-content\/uploads\/2024\/09\/Giselle_Vaugne_Portrait.jpg\" \/>\n<meta name=\"author\" content=\"galledia\" \/>\n<meta name=\"twitter:card\" content=\"summary_large_image\" \/>\n<meta name=\"twitter:creator\" content=\"@admin\" \/>\n<script type=\"application\/ld+json\" class=\"yoast-schema-graph\">{\"@context\":\"https:\\\/\\\/schema.org\",\"@graph\":[{\"@type\":\"Article\",\"@id\":\"https:\\\/\\\/www.organisator.ch\\\/marketing\\\/2024-09-13\\\/giselle-vaugne-verlaesst-ingo-zuerich\\\/#article\",\"isPartOf\":{\"@id\":\"https:\\\/\\\/www.organisator.ch\\\/marketing\\\/2024-09-13\\\/giselle-vaugne-verlaesst-ingo-zuerich\\\/\"},\"author\":{\"name\":\"galledia\",\"@id\":\"https:\\\/\\\/www.organisator.ch\\\/#\\\/schema\\\/person\\\/4e51799071cd2dd1232ac003643ef5f0\"},\"headline\":\"Giselle Vaugne verl\u00e4sst Ingo Z\u00fcrich\",\"datePublished\":\"2024-09-13T08:53:52+00:00\",\"dateModified\":\"2024-11-08T08:48:27+00:00\",\"mainEntityOfPage\":{\"@id\":\"https:\\\/\\\/www.organisator.ch\\\/marketing\\\/2024-09-13\\\/giselle-vaugne-verlaesst-ingo-zuerich\\\/\"},\"wordCount\":357,\"publisher\":{\"@id\":\"https:\\\/\\\/www.organisator.ch\\\/#organization\"},\"image\":{\"@id\":\"https:\\\/\\\/www.organisator.ch\\\/marketing\\\/2024-09-13\\\/giselle-vaugne-verlaesst-ingo-zuerich\\\/#primaryimage\"},\"thumbnailUrl\":\"https:\\\/\\\/www.markt-kom.com\\\/wp-content\\\/uploads\\\/2024\\\/09\\\/Giselle_Vaugne_Portrait.jpg\",\"keywords\":[\"Business\",\"Ingo\",\"Jobchange\"],\"articleSection\":[\"MARKETING\"],\"inLanguage\":\"it-IT\"},{\"@type\":\"WebPage\",\"@id\":\"https:\\\/\\\/www.organisator.ch\\\/marketing\\\/2024-09-13\\\/giselle-vaugne-verlaesst-ingo-zuerich\\\/\",\"url\":\"https:\\\/\\\/www.organisator.ch\\\/marketing\\\/2024-09-13\\\/giselle-vaugne-verlaesst-ingo-zuerich\\\/\",\"name\":\"Giselle Vaugne verl\u00e4sst Ingo Z\u00fcrich - Organisator\",\"isPartOf\":{\"@id\":\"https:\\\/\\\/www.organisator.ch\\\/#website\"},\"primaryImageOfPage\":{\"@id\":\"https:\\\/\\\/www.organisator.ch\\\/marketing\\\/2024-09-13\\\/giselle-vaugne-verlaesst-ingo-zuerich\\\/#primaryimage\"},\"image\":{\"@id\":\"https:\\\/\\\/www.organisator.ch\\\/marketing\\\/2024-09-13\\\/giselle-vaugne-verlaesst-ingo-zuerich\\\/#primaryimage\"},\"thumbnailUrl\":\"https:\\\/\\\/www.markt-kom.com\\\/wp-content\\\/uploads\\\/2024\\\/09\\\/Giselle_Vaugne_Portrait.jpg\",\"datePublished\":\"2024-09-13T08:53:52+00:00\",\"dateModified\":\"2024-11-08T08:48:27+00:00\",\"description\":\"Giselle Vaugne verl\u00e4sst Ingo Z\u00fcrich nach erfolgreichen Jahren und Gold-Effies. Sandro Tschuor \u00fcbernimmt als Chief Client Officer.\",\"breadcrumb\":{\"@id\":\"https:\\\/\\\/www.organisator.ch\\\/marketing\\\/2024-09-13\\\/giselle-vaugne-verlaesst-ingo-zuerich\\\/#breadcrumb\"},\"inLanguage\":\"it-IT\",\"potentialAction\":[{\"@type\":\"ReadAction\",\"target\":[\"https:\\\/\\\/www.organisator.ch\\\/marketing\\\/2024-09-13\\\/giselle-vaugne-verlaesst-ingo-zuerich\\\/\"]}]},{\"@type\":\"ImageObject\",\"inLanguage\":\"it-IT\",\"@id\":\"https:\\\/\\\/www.organisator.ch\\\/marketing\\\/2024-09-13\\\/giselle-vaugne-verlaesst-ingo-zuerich\\\/#primaryimage\",\"url\":\"https:\\\/\\\/www.markt-kom.com\\\/wp-content\\\/uploads\\\/2024\\\/09\\\/Giselle_Vaugne_Portrait.jpg\",\"contentUrl\":\"https:\\\/\\\/www.markt-kom.com\\\/wp-content\\\/uploads\\\/2024\\\/09\\\/Giselle_Vaugne_Portrait.jpg\"},{\"@type\":\"BreadcrumbList\",\"@id\":\"https:\\\/\\\/www.organisator.ch\\\/marketing\\\/2024-09-13\\\/giselle-vaugne-verlaesst-ingo-zuerich\\\/#breadcrumb\",\"itemListElement\":[{\"@type\":\"ListItem\",\"position\":1,\"name\":\"Home\",\"item\":\"https:\\\/\\\/www.organisator.ch\\\/\"},{\"@type\":\"ListItem\",\"position\":2,\"name\":\"Giselle Vaugne verl\u00e4sst Ingo Z\u00fcrich\"}]},{\"@type\":\"WebSite\",\"@id\":\"https:\\\/\\\/www.organisator.ch\\\/#website\",\"url\":\"https:\\\/\\\/www.organisator.ch\\\/\",\"name\":\"Organisator\",\"description\":\"Kompetent. Praxisnah. Der ORGANISATOR bereitet in 10 Ausgaben pro Jahr die wesentlichen Themen f\u00fcr F\u00fchrungskr\u00e4fte von KMU auf.\",\"publisher\":{\"@id\":\"https:\\\/\\\/www.organisator.ch\\\/#organization\"},\"potentialAction\":[{\"@type\":\"SearchAction\",\"target\":{\"@type\":\"EntryPoint\",\"urlTemplate\":\"https:\\\/\\\/www.organisator.ch\\\/?s={search_term_string}\"},\"query-input\":{\"@type\":\"PropertyValueSpecification\",\"valueRequired\":true,\"valueName\":\"search_term_string\"}}],\"inLanguage\":\"it-IT\"},{\"@type\":\"Organization\",\"@id\":\"https:\\\/\\\/www.organisator.ch\\\/#organization\",\"name\":\"Organisator\",\"url\":\"https:\\\/\\\/www.organisator.ch\\\/\",\"logo\":{\"@type\":\"ImageObject\",\"inLanguage\":\"it-IT\",\"@id\":\"https:\\\/\\\/www.organisator.ch\\\/#\\\/schema\\\/logo\\\/image\\\/\",\"url\":\"https:\\\/\\\/www.organisator.ch\\\/wp-content\\\/uploads\\\/2022\\\/01\\\/Logo_Organisator_Website.png\",\"contentUrl\":\"https:\\\/\\\/www.organisator.ch\\\/wp-content\\\/uploads\\\/2022\\\/01\\\/Logo_Organisator_Website.png\",\"width\":800,\"height\":77,\"caption\":\"Organisator\"},\"image\":{\"@id\":\"https:\\\/\\\/www.organisator.ch\\\/#\\\/schema\\\/logo\\\/image\\\/\"},\"sameAs\":[\"https:\\\/\\\/www.facebook.com\\\/OrganisatorFachmagazin\",\"https:\\\/\\\/www.linkedin.com\\\/showcase\\\/organisator-das-magazin-fr-kmu\",\"https:\\\/\\\/www.xing.com\\\/news\\\/pages\\\/organisator-ch-695\",\"https:\\\/\\\/www.youtube.com\\\/channel\\\/UCGP2Sq0iWaZwT3BdIAQFYpw\"]},{\"@type\":\"Person\",\"@id\":\"https:\\\/\\\/www.organisator.ch\\\/#\\\/schema\\\/person\\\/4e51799071cd2dd1232ac003643ef5f0\",\"name\":\"galledia\",\"image\":{\"@type\":\"ImageObject\",\"inLanguage\":\"it-IT\",\"@id\":\"https:\\\/\\\/secure.gravatar.com\\\/avatar\\\/78a7f90c01fc2bfc875782a0d4922b37cde2cf184ce347b91316d23cd7f69a36?s=96&d=mm&r=g\",\"url\":\"https:\\\/\\\/secure.gravatar.com\\\/avatar\\\/78a7f90c01fc2bfc875782a0d4922b37cde2cf184ce347b91316d23cd7f69a36?s=96&d=mm&r=g\",\"contentUrl\":\"https:\\\/\\\/secure.gravatar.com\\\/avatar\\\/78a7f90c01fc2bfc875782a0d4922b37cde2cf184ce347b91316d23cd7f69a36?s=96&d=mm&r=g\",\"caption\":\"galledia\"},\"sameAs\":[\"https:\\\/\\\/x.com\\\/admin\"],\"url\":\"https:\\\/\\\/www.organisator.ch\\\/it\\\/author\\\/galledia\\\/\"}]}<\/script>\n<!-- \/ Yoast SEO plugin. -->","yoast_head_json":{"title":"Giselle Vaugne lascia Ingo Zurigo - Organizzatore","description":"Giselle Vaugne lascia Ingo Zurich dopo anni di successi e Gold Effies. Sandro Tschuor assume la carica di Chief Client Officer.","robots":{"index":"index","follow":"follow","max-snippet":"max-snippet:-1","max-image-preview":"max-image-preview:large","max-video-preview":"max-video-preview:-1"},"canonical":"https:\/\/www.organisator.ch\/it\/marketing\/2024-09-13\/giselle-vaugne-verlaesst-ingo-zuerich\/","og_locale":"it_IT","og_type":"article","og_title":"Giselle Vaugne verl\u00e4sst Ingo Z\u00fcrich - Organisator","og_description":"Giselle Vaugne verl\u00e4sst Ingo Z\u00fcrich nach erfolgreichen Jahren und Gold-Effies. Sandro Tschuor \u00fcbernimmt als Chief Client Officer.","og_url":"https:\/\/www.organisator.ch\/it\/marketing\/2024-09-13\/giselle-vaugne-verlaesst-ingo-zuerich\/","og_site_name":"Organisator","article_publisher":"https:\/\/www.facebook.com\/OrganisatorFachmagazin","article_published_time":"2024-09-13T08:53:52+00:00","article_modified_time":"2024-11-08T08:48:27+00:00","og_image":[{"url":"https:\/\/www.markt-kom.com\/wp-content\/uploads\/2024\/09\/Giselle_Vaugne_Portrait.jpg","type":"","width":"","height":""}],"author":"galledia","twitter_card":"summary_large_image","twitter_creator":"@admin","schema":{"@context":"https:\/\/schema.org","@graph":[{"@type":"Article","@id":"https:\/\/www.organisator.ch\/marketing\/2024-09-13\/giselle-vaugne-verlaesst-ingo-zuerich\/#article","isPartOf":{"@id":"https:\/\/www.organisator.ch\/marketing\/2024-09-13\/giselle-vaugne-verlaesst-ingo-zuerich\/"},"author":{"name":"galledia","@id":"https:\/\/www.organisator.ch\/#\/schema\/person\/4e51799071cd2dd1232ac003643ef5f0"},"headline":"Giselle Vaugne verl\u00e4sst Ingo Z\u00fcrich","datePublished":"2024-09-13T08:53:52+00:00","dateModified":"2024-11-08T08:48:27+00:00","mainEntityOfPage":{"@id":"https:\/\/www.organisator.ch\/marketing\/2024-09-13\/giselle-vaugne-verlaesst-ingo-zuerich\/"},"wordCount":357,"publisher":{"@id":"https:\/\/www.organisator.ch\/#organization"},"image":{"@id":"https:\/\/www.organisator.ch\/marketing\/2024-09-13\/giselle-vaugne-verlaesst-ingo-zuerich\/#primaryimage"},"thumbnailUrl":"https:\/\/www.markt-kom.com\/wp-content\/uploads\/2024\/09\/Giselle_Vaugne_Portrait.jpg","keywords":["Business","Ingo","Jobchange"],"articleSection":["MARKETING"],"inLanguage":"it-IT"},{"@type":"WebPage","@id":"https:\/\/www.organisator.ch\/marketing\/2024-09-13\/giselle-vaugne-verlaesst-ingo-zuerich\/","url":"https:\/\/www.organisator.ch\/marketing\/2024-09-13\/giselle-vaugne-verlaesst-ingo-zuerich\/","name":"Giselle Vaugne lascia Ingo Zurigo - Organizzatore","isPartOf":{"@id":"https:\/\/www.organisator.ch\/#website"},"primaryImageOfPage":{"@id":"https:\/\/www.organisator.ch\/marketing\/2024-09-13\/giselle-vaugne-verlaesst-ingo-zuerich\/#primaryimage"},"image":{"@id":"https:\/\/www.organisator.ch\/marketing\/2024-09-13\/giselle-vaugne-verlaesst-ingo-zuerich\/#primaryimage"},"thumbnailUrl":"https:\/\/www.markt-kom.com\/wp-content\/uploads\/2024\/09\/Giselle_Vaugne_Portrait.jpg","datePublished":"2024-09-13T08:53:52+00:00","dateModified":"2024-11-08T08:48:27+00:00","description":"Giselle Vaugne lascia Ingo Zurich dopo anni di successi e Gold Effies. Sandro Tschuor assume la carica di Chief Client Officer.","breadcrumb":{"@id":"https:\/\/www.organisator.ch\/marketing\/2024-09-13\/giselle-vaugne-verlaesst-ingo-zuerich\/#breadcrumb"},"inLanguage":"it-IT","potentialAction":[{"@type":"ReadAction","target":["https:\/\/www.organisator.ch\/marketing\/2024-09-13\/giselle-vaugne-verlaesst-ingo-zuerich\/"]}]},{"@type":"ImageObject","inLanguage":"it-IT","@id":"https:\/\/www.organisator.ch\/marketing\/2024-09-13\/giselle-vaugne-verlaesst-ingo-zuerich\/#primaryimage","url":"https:\/\/www.markt-kom.com\/wp-content\/uploads\/2024\/09\/Giselle_Vaugne_Portrait.jpg","contentUrl":"https:\/\/www.markt-kom.com\/wp-content\/uploads\/2024\/09\/Giselle_Vaugne_Portrait.jpg"},{"@type":"BreadcrumbList","@id":"https:\/\/www.organisator.ch\/marketing\/2024-09-13\/giselle-vaugne-verlaesst-ingo-zuerich\/#breadcrumb","itemListElement":[{"@type":"ListItem","position":1,"name":"Home","item":"https:\/\/www.organisator.ch\/"},{"@type":"ListItem","position":2,"name":"Giselle Vaugne verl\u00e4sst Ingo Z\u00fcrich"}]},{"@type":"WebSite","@id":"https:\/\/www.organisator.ch\/#website","url":"https:\/\/www.organisator.ch\/","name":"Organizzatore","description":"Competente. Pratico. In 10 numeri all'anno, ORGANISATOR presenta i temi essenziali per i manager delle PMI.","publisher":{"@id":"https:\/\/www.organisator.ch\/#organization"},"potentialAction":[{"@type":"SearchAction","target":{"@type":"EntryPoint","urlTemplate":"https:\/\/www.organisator.ch\/?s={search_term_string}"},"query-input":{"@type":"PropertyValueSpecification","valueRequired":true,"valueName":"search_term_string"}}],"inLanguage":"it-IT"},{"@type":"Organization","@id":"https:\/\/www.organisator.ch\/#organization","name":"Organizzatore","url":"https:\/\/www.organisator.ch\/","logo":{"@type":"ImageObject","inLanguage":"it-IT","@id":"https:\/\/www.organisator.ch\/#\/schema\/logo\/image\/","url":"https:\/\/www.organisator.ch\/wp-content\/uploads\/2022\/01\/Logo_Organisator_Website.png","contentUrl":"https:\/\/www.organisator.ch\/wp-content\/uploads\/2022\/01\/Logo_Organisator_Website.png","width":800,"height":77,"caption":"Organisator"},"image":{"@id":"https:\/\/www.organisator.ch\/#\/schema\/logo\/image\/"},"sameAs":["https:\/\/www.facebook.com\/OrganisatorFachmagazin","https:\/\/www.linkedin.com\/showcase\/organisator-das-magazin-fr-kmu","https:\/\/www.xing.com\/news\/pages\/organisator-ch-695","https:\/\/www.youtube.com\/channel\/UCGP2Sq0iWaZwT3BdIAQFYpw"]},{"@type":"Person","@id":"https:\/\/www.organisator.ch\/#\/schema\/person\/4e51799071cd2dd1232ac003643ef5f0","name":"galledia","image":{"@type":"ImageObject","inLanguage":"it-IT","@id":"https:\/\/secure.gravatar.com\/avatar\/78a7f90c01fc2bfc875782a0d4922b37cde2cf184ce347b91316d23cd7f69a36?s=96&d=mm&r=g","url":"https:\/\/secure.gravatar.com\/avatar\/78a7f90c01fc2bfc875782a0d4922b37cde2cf184ce347b91316d23cd7f69a36?s=96&d=mm&r=g","contentUrl":"https:\/\/secure.gravatar.com\/avatar\/78a7f90c01fc2bfc875782a0d4922b37cde2cf184ce347b91316d23cd7f69a36?s=96&d=mm&r=g","caption":"galledia"},"sameAs":["https:\/\/x.com\/admin"],"url":"https:\/\/www.organisator.ch\/it\/author\/galledia\/"}]}},"_links":{"self":[{"href":"https:\/\/www.organisator.ch\/it\/wp-json\/wp\/v2\/posts\/29809","targetHints":{"allow":["GET"]}}],"collection":[{"href":"https:\/\/www.organisator.ch\/it\/wp-json\/wp\/v2\/posts"}],"about":[{"href":"https:\/\/www.organisator.ch\/it\/wp-json\/wp\/v2\/types\/post"}],"author":[{"embeddable":true,"href":"https:\/\/www.organisator.ch\/it\/wp-json\/wp\/v2\/users\/8"}],"replies":[{"embeddable":true,"href":"https:\/\/www.organisator.ch\/it\/wp-json\/wp\/v2\/comments?post=29809"}],"version-history":[{"count":3,"href":"https:\/\/www.organisator.ch\/it\/wp-json\/wp\/v2\/posts\/29809\/revisions"}],"predecessor-version":[{"id":31939,"href":"https:\/\/www.organisator.ch\/it\/wp-json\/wp\/v2\/posts\/29809\/revisions\/31939"}],"wp:attachment":[{"href":"https:\/\/www.organisator.ch\/it\/wp-json\/wp\/v2\/media?parent=29809"}],"wp:term":[{"taxonomy":"category","embeddable":true,"href":"https:\/\/www.organisator.ch\/it\/wp-json\/wp\/v2\/categories?post=29809"},{"taxonomy":"post_tag","embeddable":true,"href":"https:\/\/www.organisator.ch\/it\/wp-json\/wp\/v2\/tags?post=29809"}],"curies":[{"name":"wp","href":"https:\/\/api.w.org\/{rel}","templated":true}]}}