{"id":29847,"date":"2024-09-16T14:29:51","date_gmt":"2024-09-16T12:29:51","guid":{"rendered":"https:\/\/www.organisator.ch\/?p=29847"},"modified":"2024-09-16T14:29:51","modified_gmt":"2024-09-16T12:29:51","slug":"hans-huber-stiftung-verleiht-bildungspreise","status":"publish","type":"post","link":"https:\/\/www.organisator.ch\/it\/weiterbildung\/2024-09-16\/hans-huber-stiftung-verleiht-bildungspreise\/","title":{"rendered":"La Fondazione Hans Huber assegna premi per l'istruzione"},"content":{"rendered":"<figure id=\"attachment_29849\" aria-describedby=\"caption-attachment-29849\" style=\"width: 680px\" class=\"wp-caption alignnone\"><img loading=\"lazy\" decoding=\"async\" class=\"size-full wp-image-29849\" src=\"https:\/\/www.organisator.ch\/wp-content\/uploads\/2024\/09\/Hans-Huber-Stiftung_Bild1_ps.jpg\" alt=\"\" width=\"680\" height=\"453\" srcset=\"https:\/\/www.organisator.ch\/wp-content\/uploads\/2024\/09\/Hans-Huber-Stiftung_Bild1_ps.jpg 680w, https:\/\/www.organisator.ch\/wp-content\/uploads\/2024\/09\/Hans-Huber-Stiftung_Bild1_ps-18x12.jpg 18w, https:\/\/www.organisator.ch\/wp-content\/uploads\/2024\/09\/Hans-Huber-Stiftung_Bild1_ps-375x250.jpg 375w, https:\/\/www.organisator.ch\/wp-content\/uploads\/2024\/09\/Hans-Huber-Stiftung_Bild1_ps-525x350.jpg 525w\" sizes=\"auto, (max-width: 680px) 100vw, 680px\" \/><figcaption id=\"caption-attachment-29849\" class=\"wp-caption-text\">I due polimeccanici al secondo anno discutono degli ordini in corso con il CEO di Geberit Christian Buhl presso il centro di formazione: Silvan Riedi di R\u00fcti (a sinistra) e Niels Vogt di Tann. (Immagine: www.hanshuberstiftung.org)<\/figcaption><\/figure>\n<p>Esemplari e coerenti nella formazione professionale: L'imprenditore di tetti del Vorarlberg Urs Peter di G\u00f6tzis e il CEO di Geberit Christian Buhl della Svizzera orientale sono stati nominati per il premio di riconoscimento della Fondazione Hans Huber. Il premio in denaro ammonta a 40.000 franchi svizzeri.<\/p>\n<p>Christian Buhl, CEO di Geberit, conferisce visivit\u00e0 alla formazione professionale all'interno dell'azienda e nella comunicazione esterna e stabilisce le giuste priorit\u00e0, afferma Christian Fiechter, Presidente della Fondazione Hans Huber. Egli spiega la nomina di Buhl per il premio di riconoscimento della Fondazione Hans Huber: \"Ha riconosciuto i segni dei tempi e sa che il successo dell'azienda dipende in larga misura dal successo della sua formazione professionale\".<\/p>\n<p>Secondo Fiechter, questo vale anche per il comproprietario e amministratore delegato della Peter Dach di G\u00f6tzis: \"Con Urs Peter si percepiscono la sincerit\u00e0, la perseveranza, la lungimiranza e la professionalit\u00e0 nella formazione degli apprendisti come nessun altro\". La formazione va ben oltre il consueto, poich\u00e9 gli apprendisti possono anche svolgere incarichi nella propria professione presso aziende partner nel Salisburghese, in Tirolo e in Germania. \"Questo allarga gli orizzonti\", dice Fiechter. E si manifesta immediatamente in un pi\u00f9 ampio bagaglio di esperienze, a vantaggio dei clienti\".<\/p>\n<p><em>Fonte: <a href=\"http:\/\/www.hanshuberstiftung.org\">www.hanshuberstiftung.org<\/a><\/em><\/p>","protected":false},"excerpt":{"rendered":"<p>La Fondazione Hans Huber candida il Vorarlberg e la Svizzera orientale al Premio di riconoscimento per la formazione professionale duale. <\/p>","protected":false},"author":58,"featured_media":29849,"comment_status":"closed","ping_status":"closed","sticky":false,"template":"","format":"standard","meta":{"_acf_changed":false,"_yoast_wpseo_focuskw":"Hans Huber Stiftung","_yoast_wpseo_metadesc":"Hans Huber Stiftung nominiert Vorarlberger und Ostschweizer f\u00fcr den Anerkennungspreis der dualen Berufsbildung.","articlekey":"","footnotes":""},"categories":[30],"tags":[62,73,1943,455,492],"class_list":["post-29847","post","type-post","status-publish","format-standard","has-post-thumbnail","hentry","category-weiterbildung","tag-aus-weiterbildung","tag-berufsbildung","tag-preis","tag-stiftung","tag-unternehmen"],"acf":[],"yoast_head":"<!-- This site is optimized with the Yoast SEO plugin v27.4 - https:\/\/yoast.com\/product\/yoast-seo-wordpress\/ -->\n<title>Hans Huber Stiftung verleiht Bildungspreise - Organisator<\/title>\n<meta name=\"description\" content=\"Hans Huber Stiftung nominiert Vorarlberger und Ostschweizer f\u00fcr den Anerkennungspreis der dualen Berufsbildung.\" \/>\n<meta name=\"robots\" content=\"index, follow, max-snippet:-1, max-image-preview:large, max-video-preview:-1\" \/>\n<link rel=\"canonical\" href=\"https:\/\/www.organisator.ch\/it\/formazione-continua\/2024-09-16\/hans-huber-stiftung-verleiht-bildungspreise\/\" \/>\n<meta property=\"og:locale\" content=\"it_IT\" \/>\n<meta property=\"og:type\" content=\"article\" \/>\n<meta property=\"og:title\" content=\"Hans Huber Stiftung verleiht Bildungspreise\" \/>\n<meta property=\"og:description\" content=\"Hans Huber Stiftung nominiert Vorarlberger und Ostschweizer f\u00fcr den Anerkennungspreis der dualen Berufsbildung.\" \/>\n<meta property=\"og:url\" content=\"https:\/\/www.organisator.ch\/it\/formazione-continua\/2024-09-16\/hans-huber-stiftung-verleiht-bildungspreise\/\" \/>\n<meta property=\"og:site_name\" content=\"Organisator\" \/>\n<meta property=\"article:publisher\" content=\"https:\/\/www.facebook.com\/OrganisatorFachmagazin\" \/>\n<meta property=\"article:published_time\" content=\"2024-09-16T12:29:51+00:00\" \/>\n<meta property=\"og:image\" content=\"https:\/\/www.organisator.ch\/wp-content\/uploads\/2024\/09\/Hans-Huber-Stiftung_Bild1_ps.jpg\" \/>\n\t<meta property=\"og:image:width\" content=\"680\" \/>\n\t<meta property=\"og:image:height\" content=\"453\" \/>\n\t<meta property=\"og:image:type\" content=\"image\/jpeg\" \/>\n<meta name=\"author\" content=\"Adelisa Kalajdzini\" \/>\n<meta name=\"twitter:card\" content=\"summary_large_image\" \/>\n<meta name=\"twitter:title\" content=\"Hans Huber Stiftung verleiht Bildungspreise\" \/>\n<meta name=\"twitter:description\" content=\"#Hans #Huber #Stiftung nominiert #Vorarlberger und #Ostschweizer f\u00fcr den #Anerkennungspreis der dualen #Berufsbildung.\" \/>\n<meta name=\"twitter:image\" content=\"https:\/\/www.organisator.ch\/wp-content\/uploads\/2024\/09\/Hans-Huber-Stiftung_Bild1_ps.jpg\" \/>\n<script type=\"application\/ld+json\" class=\"yoast-schema-graph\">{\"@context\":\"https:\\\/\\\/schema.org\",\"@graph\":[{\"@type\":\"Article\",\"@id\":\"https:\\\/\\\/www.organisator.ch\\\/weiterbildung\\\/2024-09-16\\\/hans-huber-stiftung-verleiht-bildungspreise\\\/#article\",\"isPartOf\":{\"@id\":\"https:\\\/\\\/www.organisator.ch\\\/weiterbildung\\\/2024-09-16\\\/hans-huber-stiftung-verleiht-bildungspreise\\\/\"},\"author\":{\"name\":\"Adelisa Kalajdzini\",\"@id\":\"https:\\\/\\\/www.organisator.ch\\\/#\\\/schema\\\/person\\\/2e1314a2172123f874db408d8911d3f3\"},\"headline\":\"Hans Huber Stiftung verleiht Bildungspreise\",\"datePublished\":\"2024-09-16T12:29:51+00:00\",\"mainEntityOfPage\":{\"@id\":\"https:\\\/\\\/www.organisator.ch\\\/weiterbildung\\\/2024-09-16\\\/hans-huber-stiftung-verleiht-bildungspreise\\\/\"},\"wordCount\":249,\"publisher\":{\"@id\":\"https:\\\/\\\/www.organisator.ch\\\/#organization\"},\"image\":{\"@id\":\"https:\\\/\\\/www.organisator.ch\\\/weiterbildung\\\/2024-09-16\\\/hans-huber-stiftung-verleiht-bildungspreise\\\/#primaryimage\"},\"thumbnailUrl\":\"https:\\\/\\\/www.organisator.ch\\\/wp-content\\\/uploads\\\/2024\\\/09\\\/Hans-Huber-Stiftung_Bild1_ps.jpg\",\"keywords\":[\"Aus-\\\/Weiterbildung\",\"Berufsbildung\",\"Preis\",\"Stiftung\",\"Unternehmen\"],\"articleSection\":[\"WEITERBILDUNG\"],\"inLanguage\":\"it-IT\"},{\"@type\":\"WebPage\",\"@id\":\"https:\\\/\\\/www.organisator.ch\\\/weiterbildung\\\/2024-09-16\\\/hans-huber-stiftung-verleiht-bildungspreise\\\/\",\"url\":\"https:\\\/\\\/www.organisator.ch\\\/weiterbildung\\\/2024-09-16\\\/hans-huber-stiftung-verleiht-bildungspreise\\\/\",\"name\":\"Hans Huber Stiftung verleiht Bildungspreise - Organisator\",\"isPartOf\":{\"@id\":\"https:\\\/\\\/www.organisator.ch\\\/#website\"},\"primaryImageOfPage\":{\"@id\":\"https:\\\/\\\/www.organisator.ch\\\/weiterbildung\\\/2024-09-16\\\/hans-huber-stiftung-verleiht-bildungspreise\\\/#primaryimage\"},\"image\":{\"@id\":\"https:\\\/\\\/www.organisator.ch\\\/weiterbildung\\\/2024-09-16\\\/hans-huber-stiftung-verleiht-bildungspreise\\\/#primaryimage\"},\"thumbnailUrl\":\"https:\\\/\\\/www.organisator.ch\\\/wp-content\\\/uploads\\\/2024\\\/09\\\/Hans-Huber-Stiftung_Bild1_ps.jpg\",\"datePublished\":\"2024-09-16T12:29:51+00:00\",\"description\":\"Hans Huber Stiftung nominiert Vorarlberger und Ostschweizer f\u00fcr den Anerkennungspreis der dualen Berufsbildung.\",\"breadcrumb\":{\"@id\":\"https:\\\/\\\/www.organisator.ch\\\/weiterbildung\\\/2024-09-16\\\/hans-huber-stiftung-verleiht-bildungspreise\\\/#breadcrumb\"},\"inLanguage\":\"it-IT\",\"potentialAction\":[{\"@type\":\"ReadAction\",\"target\":[\"https:\\\/\\\/www.organisator.ch\\\/weiterbildung\\\/2024-09-16\\\/hans-huber-stiftung-verleiht-bildungspreise\\\/\"]}]},{\"@type\":\"ImageObject\",\"inLanguage\":\"it-IT\",\"@id\":\"https:\\\/\\\/www.organisator.ch\\\/weiterbildung\\\/2024-09-16\\\/hans-huber-stiftung-verleiht-bildungspreise\\\/#primaryimage\",\"url\":\"https:\\\/\\\/www.organisator.ch\\\/wp-content\\\/uploads\\\/2024\\\/09\\\/Hans-Huber-Stiftung_Bild1_ps.jpg\",\"contentUrl\":\"https:\\\/\\\/www.organisator.ch\\\/wp-content\\\/uploads\\\/2024\\\/09\\\/Hans-Huber-Stiftung_Bild1_ps.jpg\",\"width\":680,\"height\":453,\"caption\":\"Die beiden Polymechaniker im zweiten Lehrjahr besprechen mit Geberit-CEO Christian Buhl im Ausbildungszentrum aktuelle Auftr\u00e4ge: Silvan Riedi aus R\u00fcti (links) und Niels Vogt aus Tann. (Bild: www.hanshuberstiftung.org)\"},{\"@type\":\"BreadcrumbList\",\"@id\":\"https:\\\/\\\/www.organisator.ch\\\/weiterbildung\\\/2024-09-16\\\/hans-huber-stiftung-verleiht-bildungspreise\\\/#breadcrumb\",\"itemListElement\":[{\"@type\":\"ListItem\",\"position\":1,\"name\":\"Home\",\"item\":\"https:\\\/\\\/www.organisator.ch\\\/\"},{\"@type\":\"ListItem\",\"position\":2,\"name\":\"Hans Huber Stiftung verleiht Bildungspreise\"}]},{\"@type\":\"WebSite\",\"@id\":\"https:\\\/\\\/www.organisator.ch\\\/#website\",\"url\":\"https:\\\/\\\/www.organisator.ch\\\/\",\"name\":\"Organisator\",\"description\":\"Kompetent. Praxisnah. Der ORGANISATOR bereitet in 10 Ausgaben pro Jahr die wesentlichen Themen f\u00fcr F\u00fchrungskr\u00e4fte von KMU auf.\",\"publisher\":{\"@id\":\"https:\\\/\\\/www.organisator.ch\\\/#organization\"},\"potentialAction\":[{\"@type\":\"SearchAction\",\"target\":{\"@type\":\"EntryPoint\",\"urlTemplate\":\"https:\\\/\\\/www.organisator.ch\\\/?s={search_term_string}\"},\"query-input\":{\"@type\":\"PropertyValueSpecification\",\"valueRequired\":true,\"valueName\":\"search_term_string\"}}],\"inLanguage\":\"it-IT\"},{\"@type\":\"Organization\",\"@id\":\"https:\\\/\\\/www.organisator.ch\\\/#organization\",\"name\":\"Organisator\",\"url\":\"https:\\\/\\\/www.organisator.ch\\\/\",\"logo\":{\"@type\":\"ImageObject\",\"inLanguage\":\"it-IT\",\"@id\":\"https:\\\/\\\/www.organisator.ch\\\/#\\\/schema\\\/logo\\\/image\\\/\",\"url\":\"https:\\\/\\\/www.organisator.ch\\\/wp-content\\\/uploads\\\/2022\\\/01\\\/Logo_Organisator_Website.png\",\"contentUrl\":\"https:\\\/\\\/www.organisator.ch\\\/wp-content\\\/uploads\\\/2022\\\/01\\\/Logo_Organisator_Website.png\",\"width\":800,\"height\":77,\"caption\":\"Organisator\"},\"image\":{\"@id\":\"https:\\\/\\\/www.organisator.ch\\\/#\\\/schema\\\/logo\\\/image\\\/\"},\"sameAs\":[\"https:\\\/\\\/www.facebook.com\\\/OrganisatorFachmagazin\",\"https:\\\/\\\/www.linkedin.com\\\/showcase\\\/organisator-das-magazin-fr-kmu\",\"https:\\\/\\\/www.xing.com\\\/news\\\/pages\\\/organisator-ch-695\",\"https:\\\/\\\/www.youtube.com\\\/channel\\\/UCGP2Sq0iWaZwT3BdIAQFYpw\"]},{\"@type\":\"Person\",\"@id\":\"https:\\\/\\\/www.organisator.ch\\\/#\\\/schema\\\/person\\\/2e1314a2172123f874db408d8911d3f3\",\"name\":\"Adelisa Kalajdzini\",\"image\":{\"@type\":\"ImageObject\",\"inLanguage\":\"it-IT\",\"@id\":\"https:\\\/\\\/secure.gravatar.com\\\/avatar\\\/09a397c22ac58cad6f160ee8306348599df9df58a8ede73696226897b9fa4b24?s=96&d=mm&r=g\",\"url\":\"https:\\\/\\\/secure.gravatar.com\\\/avatar\\\/09a397c22ac58cad6f160ee8306348599df9df58a8ede73696226897b9fa4b24?s=96&d=mm&r=g\",\"contentUrl\":\"https:\\\/\\\/secure.gravatar.com\\\/avatar\\\/09a397c22ac58cad6f160ee8306348599df9df58a8ede73696226897b9fa4b24?s=96&d=mm&r=g\",\"caption\":\"Adelisa Kalajdzini\"},\"url\":\"https:\\\/\\\/www.organisator.ch\\\/it\\\/author\\\/adelisa-kalajdzini\\\/\"}]}<\/script>\n<!-- \/ Yoast SEO plugin. -->","yoast_head_json":{"title":"La Fondazione Hans Huber assegna premi per l'istruzione - Organizzatore","description":"La Fondazione Hans Huber candida il Vorarlberg e la Svizzera orientale al Premio di riconoscimento per la formazione professionale duale.","robots":{"index":"index","follow":"follow","max-snippet":"max-snippet:-1","max-image-preview":"max-image-preview:large","max-video-preview":"max-video-preview:-1"},"canonical":"https:\/\/www.organisator.ch\/it\/formazione-continua\/2024-09-16\/hans-huber-stiftung-verleiht-bildungspreise\/","og_locale":"it_IT","og_type":"article","og_title":"Hans Huber Stiftung verleiht Bildungspreise","og_description":"Hans Huber Stiftung nominiert Vorarlberger und Ostschweizer f\u00fcr den Anerkennungspreis der dualen Berufsbildung.","og_url":"https:\/\/www.organisator.ch\/it\/formazione-continua\/2024-09-16\/hans-huber-stiftung-verleiht-bildungspreise\/","og_site_name":"Organisator","article_publisher":"https:\/\/www.facebook.com\/OrganisatorFachmagazin","article_published_time":"2024-09-16T12:29:51+00:00","og_image":[{"width":680,"height":453,"url":"https:\/\/www.organisator.ch\/wp-content\/uploads\/2024\/09\/Hans-Huber-Stiftung_Bild1_ps.jpg","type":"image\/jpeg"}],"author":"Adelisa Kalajdzini","twitter_card":"summary_large_image","twitter_title":"Hans Huber Stiftung verleiht Bildungspreise","twitter_description":"#Hans #Huber #Stiftung nominiert #Vorarlberger und #Ostschweizer f\u00fcr den #Anerkennungspreis der dualen #Berufsbildung.","twitter_image":"https:\/\/www.organisator.ch\/wp-content\/uploads\/2024\/09\/Hans-Huber-Stiftung_Bild1_ps.jpg","schema":{"@context":"https:\/\/schema.org","@graph":[{"@type":"Article","@id":"https:\/\/www.organisator.ch\/weiterbildung\/2024-09-16\/hans-huber-stiftung-verleiht-bildungspreise\/#article","isPartOf":{"@id":"https:\/\/www.organisator.ch\/weiterbildung\/2024-09-16\/hans-huber-stiftung-verleiht-bildungspreise\/"},"author":{"name":"Adelisa Kalajdzini","@id":"https:\/\/www.organisator.ch\/#\/schema\/person\/2e1314a2172123f874db408d8911d3f3"},"headline":"Hans Huber Stiftung verleiht Bildungspreise","datePublished":"2024-09-16T12:29:51+00:00","mainEntityOfPage":{"@id":"https:\/\/www.organisator.ch\/weiterbildung\/2024-09-16\/hans-huber-stiftung-verleiht-bildungspreise\/"},"wordCount":249,"publisher":{"@id":"https:\/\/www.organisator.ch\/#organization"},"image":{"@id":"https:\/\/www.organisator.ch\/weiterbildung\/2024-09-16\/hans-huber-stiftung-verleiht-bildungspreise\/#primaryimage"},"thumbnailUrl":"https:\/\/www.organisator.ch\/wp-content\/uploads\/2024\/09\/Hans-Huber-Stiftung_Bild1_ps.jpg","keywords":["Aus-\/Weiterbildung","Berufsbildung","Preis","Stiftung","Unternehmen"],"articleSection":["WEITERBILDUNG"],"inLanguage":"it-IT"},{"@type":"WebPage","@id":"https:\/\/www.organisator.ch\/weiterbildung\/2024-09-16\/hans-huber-stiftung-verleiht-bildungspreise\/","url":"https:\/\/www.organisator.ch\/weiterbildung\/2024-09-16\/hans-huber-stiftung-verleiht-bildungspreise\/","name":"La Fondazione Hans Huber assegna premi per l'istruzione - Organizzatore","isPartOf":{"@id":"https:\/\/www.organisator.ch\/#website"},"primaryImageOfPage":{"@id":"https:\/\/www.organisator.ch\/weiterbildung\/2024-09-16\/hans-huber-stiftung-verleiht-bildungspreise\/#primaryimage"},"image":{"@id":"https:\/\/www.organisator.ch\/weiterbildung\/2024-09-16\/hans-huber-stiftung-verleiht-bildungspreise\/#primaryimage"},"thumbnailUrl":"https:\/\/www.organisator.ch\/wp-content\/uploads\/2024\/09\/Hans-Huber-Stiftung_Bild1_ps.jpg","datePublished":"2024-09-16T12:29:51+00:00","description":"La Fondazione Hans Huber candida il Vorarlberg e la Svizzera orientale al Premio di riconoscimento per la formazione professionale duale.","breadcrumb":{"@id":"https:\/\/www.organisator.ch\/weiterbildung\/2024-09-16\/hans-huber-stiftung-verleiht-bildungspreise\/#breadcrumb"},"inLanguage":"it-IT","potentialAction":[{"@type":"ReadAction","target":["https:\/\/www.organisator.ch\/weiterbildung\/2024-09-16\/hans-huber-stiftung-verleiht-bildungspreise\/"]}]},{"@type":"ImageObject","inLanguage":"it-IT","@id":"https:\/\/www.organisator.ch\/weiterbildung\/2024-09-16\/hans-huber-stiftung-verleiht-bildungspreise\/#primaryimage","url":"https:\/\/www.organisator.ch\/wp-content\/uploads\/2024\/09\/Hans-Huber-Stiftung_Bild1_ps.jpg","contentUrl":"https:\/\/www.organisator.ch\/wp-content\/uploads\/2024\/09\/Hans-Huber-Stiftung_Bild1_ps.jpg","width":680,"height":453,"caption":"Die beiden Polymechaniker im zweiten Lehrjahr besprechen mit Geberit-CEO Christian Buhl im Ausbildungszentrum aktuelle Auftr\u00e4ge: Silvan Riedi aus R\u00fcti (links) und Niels Vogt aus Tann. (Bild: www.hanshuberstiftung.org)"},{"@type":"BreadcrumbList","@id":"https:\/\/www.organisator.ch\/weiterbildung\/2024-09-16\/hans-huber-stiftung-verleiht-bildungspreise\/#breadcrumb","itemListElement":[{"@type":"ListItem","position":1,"name":"Home","item":"https:\/\/www.organisator.ch\/"},{"@type":"ListItem","position":2,"name":"Hans Huber Stiftung verleiht Bildungspreise"}]},{"@type":"WebSite","@id":"https:\/\/www.organisator.ch\/#website","url":"https:\/\/www.organisator.ch\/","name":"Organizzatore","description":"Competente. Pratico. In 10 numeri all'anno, ORGANISATOR presenta i temi essenziali per i manager delle PMI.","publisher":{"@id":"https:\/\/www.organisator.ch\/#organization"},"potentialAction":[{"@type":"SearchAction","target":{"@type":"EntryPoint","urlTemplate":"https:\/\/www.organisator.ch\/?s={search_term_string}"},"query-input":{"@type":"PropertyValueSpecification","valueRequired":true,"valueName":"search_term_string"}}],"inLanguage":"it-IT"},{"@type":"Organization","@id":"https:\/\/www.organisator.ch\/#organization","name":"Organizzatore","url":"https:\/\/www.organisator.ch\/","logo":{"@type":"ImageObject","inLanguage":"it-IT","@id":"https:\/\/www.organisator.ch\/#\/schema\/logo\/image\/","url":"https:\/\/www.organisator.ch\/wp-content\/uploads\/2022\/01\/Logo_Organisator_Website.png","contentUrl":"https:\/\/www.organisator.ch\/wp-content\/uploads\/2022\/01\/Logo_Organisator_Website.png","width":800,"height":77,"caption":"Organisator"},"image":{"@id":"https:\/\/www.organisator.ch\/#\/schema\/logo\/image\/"},"sameAs":["https:\/\/www.facebook.com\/OrganisatorFachmagazin","https:\/\/www.linkedin.com\/showcase\/organisator-das-magazin-fr-kmu","https:\/\/www.xing.com\/news\/pages\/organisator-ch-695","https:\/\/www.youtube.com\/channel\/UCGP2Sq0iWaZwT3BdIAQFYpw"]},{"@type":"Person","@id":"https:\/\/www.organisator.ch\/#\/schema\/person\/2e1314a2172123f874db408d8911d3f3","name":"Adelisa Kalajdzini","image":{"@type":"ImageObject","inLanguage":"it-IT","@id":"https:\/\/secure.gravatar.com\/avatar\/09a397c22ac58cad6f160ee8306348599df9df58a8ede73696226897b9fa4b24?s=96&d=mm&r=g","url":"https:\/\/secure.gravatar.com\/avatar\/09a397c22ac58cad6f160ee8306348599df9df58a8ede73696226897b9fa4b24?s=96&d=mm&r=g","contentUrl":"https:\/\/secure.gravatar.com\/avatar\/09a397c22ac58cad6f160ee8306348599df9df58a8ede73696226897b9fa4b24?s=96&d=mm&r=g","caption":"Adelisa Kalajdzini"},"url":"https:\/\/www.organisator.ch\/it\/author\/adelisa-kalajdzini\/"}]}},"_links":{"self":[{"href":"https:\/\/www.organisator.ch\/it\/wp-json\/wp\/v2\/posts\/29847","targetHints":{"allow":["GET"]}}],"collection":[{"href":"https:\/\/www.organisator.ch\/it\/wp-json\/wp\/v2\/posts"}],"about":[{"href":"https:\/\/www.organisator.ch\/it\/wp-json\/wp\/v2\/types\/post"}],"author":[{"embeddable":true,"href":"https:\/\/www.organisator.ch\/it\/wp-json\/wp\/v2\/users\/58"}],"replies":[{"embeddable":true,"href":"https:\/\/www.organisator.ch\/it\/wp-json\/wp\/v2\/comments?post=29847"}],"version-history":[{"count":5,"href":"https:\/\/www.organisator.ch\/it\/wp-json\/wp\/v2\/posts\/29847\/revisions"}],"predecessor-version":[{"id":29924,"href":"https:\/\/www.organisator.ch\/it\/wp-json\/wp\/v2\/posts\/29847\/revisions\/29924"}],"wp:featuredmedia":[{"embeddable":true,"href":"https:\/\/www.organisator.ch\/it\/wp-json\/wp\/v2\/media\/29849"}],"wp:attachment":[{"href":"https:\/\/www.organisator.ch\/it\/wp-json\/wp\/v2\/media?parent=29847"}],"wp:term":[{"taxonomy":"category","embeddable":true,"href":"https:\/\/www.organisator.ch\/it\/wp-json\/wp\/v2\/categories?post=29847"},{"taxonomy":"post_tag","embeddable":true,"href":"https:\/\/www.organisator.ch\/it\/wp-json\/wp\/v2\/tags?post=29847"}],"curies":[{"name":"wp","href":"https:\/\/api.w.org\/{rel}","templated":true}]}}