{"id":29873,"date":"2024-09-17T13:59:38","date_gmt":"2024-09-17T11:59:38","guid":{"rendered":"https:\/\/www.organisator.ch\/?p=29873"},"modified":"2024-09-17T13:59:38","modified_gmt":"2024-09-17T11:59:38","slug":"swiss-technology-award-2024-finalistinnen-und-finalisten-sind-bekannt","status":"publish","type":"post","link":"https:\/\/www.organisator.ch\/it\/management\/2024-09-17\/swiss-technology-award-2024-finalistinnen-und-finalisten-sind-bekannt\/","title":{"rendered":"Premio svizzero di tecnologia 2024: sono stati annunciati i finalisti"},"content":{"rendered":"<figure id=\"attachment_29876\" aria-describedby=\"caption-attachment-29876\" style=\"width: 680px\" class=\"wp-caption alignnone\"><img loading=\"lazy\" decoding=\"async\" class=\"size-full wp-image-29876\" src=\"https:\/\/www.organisator.ch\/wp-content\/uploads\/2024\/09\/Swiss-Technology-Award_Bild1_ps.jpg\" alt=\"\" width=\"680\" height=\"348\" srcset=\"https:\/\/www.organisator.ch\/wp-content\/uploads\/2024\/09\/Swiss-Technology-Award_Bild1_ps.jpg 680w, https:\/\/www.organisator.ch\/wp-content\/uploads\/2024\/09\/Swiss-Technology-Award_Bild1_ps-18x9.jpg 18w, https:\/\/www.organisator.ch\/wp-content\/uploads\/2024\/09\/Swiss-Technology-Award_Bild1_ps-375x192.jpg 375w\" sizes=\"auto, (max-width: 680px) 100vw, 680px\" \/><figcaption id=\"caption-attachment-29876\" class=\"wp-caption-text\">In occasione di Open-i, il 22 novembre 2024, le aziende partecipanti alla finale presenteranno i loro progetti pionieristici a un pubblico di alto profilo. (Immagine: www.open-i.swiss)<\/figcaption><\/figure>\n<p>Lo Swiss Technology Award (STA) \u00e8 da 36 anni il pi\u00f9 importante premio tecnologico della Svizzera. In ognuna delle tre categorie viene premiato un progetto che ha particolarmente colpito la giuria per il suo potenziale di mercato superiore alla media e per l'eccezionale valore di novit\u00e0.<\/p>\n<p>I finalisti del Premio svizzero di tecnologia 2024 sono<\/p>\n<h3><strong>Categoria \"Inventori <\/strong><\/h3>\n<ul>\n<li><strong>Mynerva <\/strong>sviluppa Leia, un calzino neuroprotesico che utilizza la neurostimolazione non invasiva per alleviare il dolore e ripristinare la sensibilit\u00e0 al tatto nella neuropatia diabetica.<\/li>\n<li><strong>Rhovica Neuroimaging AG <\/strong>sta collaborando con SoNav per la realizzazione di un catetere neurochirurgico e di un sistema di monitoraggio a controllo di precisione che consente di salvare vite umane e di migliorare i risultati delle terapie durante il trattamento d'emergenza di pazienti con aumento della pressione intracranica.<\/li>\n<li><strong>RoBoa <\/strong>sviluppa un robot serpentiforme con locomozione basata sulla crescita che stabilisce nuovi standard per le ispezioni industriali e le operazioni di ricerca e soccorso grazie alla sua manovrabilit\u00e0 e sicurezza uniche.<\/li>\n<\/ul>\n<h3>\u00a0<strong>Categoria \"Start-up (Stelle nascenti)\" <\/strong><\/h3>\n<ul>\n<li><strong>DePoly SA <\/strong>ha sviluppato una tecnologia che scompone la plastica PET nei suoi monomeri grezzi per produrre PET riciclato in qualit\u00e0 vergine e promuovere cos\u00ec un'economia circolare sostenibile per la plastica.<\/li>\n<li><strong>irmos technologies AG<\/strong>, uno spin-off dell'ETH, sviluppa un software supportato dall'intelligenza artificiale e sensori personalizzati per massimizzare la vita operativa sicura di ponti ed edifici esistenti e ridurre al minimo i costi di manutenzione.<\/li>\n<li><strong>Oxyle AG <\/strong>offre una soluzione economica e sostenibile per l'eliminazione completa della contaminazione da PFAS nell'acqua con un consumo energetico minimo e senza rifiuti secondari.<\/li>\n<\/ul>\n<h3><strong>Categoria \"Innovazione industriale <\/strong><\/h3>\n<ul>\n<li><strong>Bachem AG <\/strong>fornisce una soluzione innovativa per la purificazione pi\u00f9 efficiente ed ecologica di peptidi e oligonucleotidi con la sua tecnologia MCSGP, riducendo cos\u00ec i costi di produzione e migliorando la sostenibilit\u00e0.<\/li>\n<li><strong>Bystronic AG <\/strong>integra il monitoraggio in tempo reale basato su sensori e AI nelle sue macchine da taglio laser per garantire la qualit\u00e0 del taglio, aumentare l'autonomia e ridurre i costi operativi.<\/li>\n<li><strong>HeiQ AeoniQ Holding AG <\/strong>ha sviluppato HeiQ AeoniQ, un filato cellulosico sostenibile che sostituisce le fibre fossili come il poliestere e il nylon, utilizza 100% di energia rinnovabile e contribuisce alla riduzione delle emissioni di CO\u2082.<\/li>\n<\/ul>\n<h3><strong>Annuncio delle aziende vincitrici di Open-i <\/strong><\/h3>\n<p>In occasione di Open-i, il 22 novembre 2024, le aziende partecipanti alla finale presenteranno i loro progetti pionieristici a un pubblico di alto profilo. I vincitori saranno poi annunciati sul palco. La nuova conferenza sull'innovazione \u00e8 la piattaforma ideale per le aziende innovative per conoscere gli ultimi sviluppi, scambiare idee e stabilire nuovi contatti. In occasione di Open-i, le principali PMI svizzere, le start-up e gli investitori, le grandi aziende, le menti innovative della scienza e i migliori talenti della prossima generazione si incontrano per spianare la strada alla cooperazione e garantire cos\u00ec il ruolo di leader della Svizzera come mercato innovativo e di successo. Circa 1.000 partecipanti possono aspettarsi un programma vario con oltre 70 relatori nazionali e internazionali di spicco, diverse zone di esperienza e networking, laboratori di innovazione orientati alle soluzioni e molto altro ancora.<\/p>\n<h3><strong>Supporto sostenibile <\/strong><\/h3>\n<p>I vincitori dello Swiss Technology Award ricevono un pacchetto di supporto completo per il marketing e la comunicazione, contatti commerciali e ulteriori opportunit\u00e0 di networking nell'anno successivo.<\/p>\n<p>Il Premio svizzero per la tecnologia mira a promuovere in modo specifico le aziende svizzere innovative, dando cos\u00ec un importante contributo al rafforzamento sostenibile della cultura dell'innovazione. E con successo: la maggior parte dei finalisti premiati \u00e8 riuscita ad affermarsi sul mercato a lungo termine.<\/p>\n<p><em>Fonte: <a href=\"http:\/\/www.open-i.swiss\">www.open-i.swiss<\/a><\/em><\/p>","protected":false},"excerpt":{"rendered":"<p>Nove promettenti innovazioni sono state nominate in tre categorie per la finale del Premio svizzero di tecnologia 2024. La giuria professionale ha stilato una prima lista di candidati tra oltre 100 candidature. Le tre aziende vincitrici saranno annunciate il 22 novembre 2024 nell'ambito di Open-i, la piattaforma svizzera dell'innovazione.<\/p>","protected":false},"author":58,"featured_media":29876,"comment_status":"closed","ping_status":"closed","sticky":false,"template":"","format":"standard","meta":{"_acf_changed":false,"_yoast_wpseo_focuskw":"Swiss Technology Award","_yoast_wpseo_metadesc":"Neun vielversprechende Innovationen sind in drei Kategorien f\u00fcr das Finale des Swiss Technology Award 2024 nominiert.","articlekey":"","footnotes":""},"categories":[28],"tags":[65,334,424,475,492],"class_list":["post-29873","post","type-post","status-publish","format-standard","has-post-thumbnail","hentry","category-management","tag-award","tag-management","tag-schweiz","tag-technologie","tag-unternehmen"],"acf":[],"yoast_head":"<!-- This site is optimized with the Yoast SEO plugin v27.5 - https:\/\/yoast.com\/product\/yoast-seo-wordpress\/ -->\n<title>Swiss Technology Award 2024: Finalistinnen und Finalisten sind bekannt - Organisator<\/title>\n<meta name=\"description\" content=\"Neun vielversprechende Innovationen sind in drei Kategorien f\u00fcr das Finale des Swiss Technology Award 2024 nominiert.\" \/>\n<meta name=\"robots\" content=\"index, follow, max-snippet:-1, max-image-preview:large, max-video-preview:-1\" \/>\n<link rel=\"canonical\" href=\"https:\/\/www.organisator.ch\/it\/gestione-2\/2024-09-17\/swiss-technology-award-2024-finalistinnen-und-finalisten-sind-bekannt\/\" \/>\n<meta property=\"og:locale\" content=\"it_IT\" \/>\n<meta property=\"og:type\" content=\"article\" \/>\n<meta property=\"og:title\" content=\"Swiss Technology Award 2024: Finalistinnen und Finalisten sind bekannt\" \/>\n<meta property=\"og:description\" content=\"Neun vielversprechende Innovationen sind in drei Kategorien f\u00fcr das Finale des Swiss Technology Award 2024 nominiert.\" \/>\n<meta property=\"og:url\" content=\"https:\/\/www.organisator.ch\/it\/gestione-2\/2024-09-17\/swiss-technology-award-2024-finalistinnen-und-finalisten-sind-bekannt\/\" \/>\n<meta property=\"og:site_name\" content=\"Organisator\" \/>\n<meta property=\"article:publisher\" content=\"https:\/\/www.facebook.com\/OrganisatorFachmagazin\" \/>\n<meta property=\"article:published_time\" content=\"2024-09-17T11:59:38+00:00\" \/>\n<meta property=\"og:image\" content=\"https:\/\/www.organisator.ch\/wp-content\/uploads\/2024\/09\/Swiss-Technology-Award_Bild1_ps.jpg\" \/>\n\t<meta property=\"og:image:width\" content=\"680\" \/>\n\t<meta property=\"og:image:height\" content=\"348\" \/>\n\t<meta property=\"og:image:type\" content=\"image\/jpeg\" \/>\n<meta name=\"author\" content=\"Adelisa Kalajdzini\" \/>\n<meta name=\"twitter:card\" content=\"summary_large_image\" \/>\n<meta name=\"twitter:title\" content=\"Swiss Technology Award 2024: Finalistinnen und Finalisten sind bekannt\" \/>\n<meta name=\"twitter:description\" content=\"Neun vielversprechende #Innovationen sind in #drei #Kategorien f\u00fcr das Finale des #Swiss #Technology #Award 2024 nominiert.\" \/>\n<meta name=\"twitter:image\" content=\"https:\/\/www.organisator.ch\/wp-content\/uploads\/2024\/09\/Swiss-Technology-Award_Bild1_ps.jpg\" \/>\n<script type=\"application\/ld+json\" class=\"yoast-schema-graph\">{\"@context\":\"https:\\\/\\\/schema.org\",\"@graph\":[{\"@type\":\"Article\",\"@id\":\"https:\\\/\\\/www.organisator.ch\\\/management\\\/2024-09-17\\\/swiss-technology-award-2024-finalistinnen-und-finalisten-sind-bekannt\\\/#article\",\"isPartOf\":{\"@id\":\"https:\\\/\\\/www.organisator.ch\\\/management\\\/2024-09-17\\\/swiss-technology-award-2024-finalistinnen-und-finalisten-sind-bekannt\\\/\"},\"author\":{\"name\":\"Adelisa Kalajdzini\",\"@id\":\"https:\\\/\\\/www.organisator.ch\\\/#\\\/schema\\\/person\\\/2e1314a2172123f874db408d8911d3f3\"},\"headline\":\"Swiss Technology Award 2024: Finalistinnen und Finalisten sind bekannt\",\"datePublished\":\"2024-09-17T11:59:38+00:00\",\"mainEntityOfPage\":{\"@id\":\"https:\\\/\\\/www.organisator.ch\\\/management\\\/2024-09-17\\\/swiss-technology-award-2024-finalistinnen-und-finalisten-sind-bekannt\\\/\"},\"wordCount\":552,\"publisher\":{\"@id\":\"https:\\\/\\\/www.organisator.ch\\\/#organization\"},\"image\":{\"@id\":\"https:\\\/\\\/www.organisator.ch\\\/management\\\/2024-09-17\\\/swiss-technology-award-2024-finalistinnen-und-finalisten-sind-bekannt\\\/#primaryimage\"},\"thumbnailUrl\":\"https:\\\/\\\/www.organisator.ch\\\/wp-content\\\/uploads\\\/2024\\\/09\\\/Swiss-Technology-Award_Bild1_ps.jpg\",\"keywords\":[\"Award\",\"Management\",\"Schweiz\",\"Technologie\",\"Unternehmen\"],\"articleSection\":[\"MANAGEMENT\"],\"inLanguage\":\"it-IT\"},{\"@type\":\"WebPage\",\"@id\":\"https:\\\/\\\/www.organisator.ch\\\/management\\\/2024-09-17\\\/swiss-technology-award-2024-finalistinnen-und-finalisten-sind-bekannt\\\/\",\"url\":\"https:\\\/\\\/www.organisator.ch\\\/management\\\/2024-09-17\\\/swiss-technology-award-2024-finalistinnen-und-finalisten-sind-bekannt\\\/\",\"name\":\"Swiss Technology Award 2024: Finalistinnen und Finalisten sind bekannt - Organisator\",\"isPartOf\":{\"@id\":\"https:\\\/\\\/www.organisator.ch\\\/#website\"},\"primaryImageOfPage\":{\"@id\":\"https:\\\/\\\/www.organisator.ch\\\/management\\\/2024-09-17\\\/swiss-technology-award-2024-finalistinnen-und-finalisten-sind-bekannt\\\/#primaryimage\"},\"image\":{\"@id\":\"https:\\\/\\\/www.organisator.ch\\\/management\\\/2024-09-17\\\/swiss-technology-award-2024-finalistinnen-und-finalisten-sind-bekannt\\\/#primaryimage\"},\"thumbnailUrl\":\"https:\\\/\\\/www.organisator.ch\\\/wp-content\\\/uploads\\\/2024\\\/09\\\/Swiss-Technology-Award_Bild1_ps.jpg\",\"datePublished\":\"2024-09-17T11:59:38+00:00\",\"description\":\"Neun vielversprechende Innovationen sind in drei Kategorien f\u00fcr das Finale des Swiss Technology Award 2024 nominiert.\",\"breadcrumb\":{\"@id\":\"https:\\\/\\\/www.organisator.ch\\\/management\\\/2024-09-17\\\/swiss-technology-award-2024-finalistinnen-und-finalisten-sind-bekannt\\\/#breadcrumb\"},\"inLanguage\":\"it-IT\",\"potentialAction\":[{\"@type\":\"ReadAction\",\"target\":[\"https:\\\/\\\/www.organisator.ch\\\/management\\\/2024-09-17\\\/swiss-technology-award-2024-finalistinnen-und-finalisten-sind-bekannt\\\/\"]}]},{\"@type\":\"ImageObject\",\"inLanguage\":\"it-IT\",\"@id\":\"https:\\\/\\\/www.organisator.ch\\\/management\\\/2024-09-17\\\/swiss-technology-award-2024-finalistinnen-und-finalisten-sind-bekannt\\\/#primaryimage\",\"url\":\"https:\\\/\\\/www.organisator.ch\\\/wp-content\\\/uploads\\\/2024\\\/09\\\/Swiss-Technology-Award_Bild1_ps.jpg\",\"contentUrl\":\"https:\\\/\\\/www.organisator.ch\\\/wp-content\\\/uploads\\\/2024\\\/09\\\/Swiss-Technology-Award_Bild1_ps.jpg\",\"width\":680,\"height\":348,\"caption\":\"Anl\u00e4sslich von Open-i pr\u00e4sentieren am 22. November 2024 die am Finale teilnehmenden Unternehmen ihre zukunftsweisenden Projekte vor hochkar\u00e4tigem Publikum. (Bild: www.open-i.swiss)\"},{\"@type\":\"BreadcrumbList\",\"@id\":\"https:\\\/\\\/www.organisator.ch\\\/management\\\/2024-09-17\\\/swiss-technology-award-2024-finalistinnen-und-finalisten-sind-bekannt\\\/#breadcrumb\",\"itemListElement\":[{\"@type\":\"ListItem\",\"position\":1,\"name\":\"Home\",\"item\":\"https:\\\/\\\/www.organisator.ch\\\/\"},{\"@type\":\"ListItem\",\"position\":2,\"name\":\"Swiss Technology Award 2024: Finalistinnen und Finalisten sind bekannt\"}]},{\"@type\":\"WebSite\",\"@id\":\"https:\\\/\\\/www.organisator.ch\\\/#website\",\"url\":\"https:\\\/\\\/www.organisator.ch\\\/\",\"name\":\"Organisator\",\"description\":\"Kompetent. Praxisnah. Der ORGANISATOR bereitet in 10 Ausgaben pro Jahr die wesentlichen Themen f\u00fcr F\u00fchrungskr\u00e4fte von KMU auf.\",\"publisher\":{\"@id\":\"https:\\\/\\\/www.organisator.ch\\\/#organization\"},\"potentialAction\":[{\"@type\":\"SearchAction\",\"target\":{\"@type\":\"EntryPoint\",\"urlTemplate\":\"https:\\\/\\\/www.organisator.ch\\\/?s={search_term_string}\"},\"query-input\":{\"@type\":\"PropertyValueSpecification\",\"valueRequired\":true,\"valueName\":\"search_term_string\"}}],\"inLanguage\":\"it-IT\"},{\"@type\":\"Organization\",\"@id\":\"https:\\\/\\\/www.organisator.ch\\\/#organization\",\"name\":\"Organisator\",\"url\":\"https:\\\/\\\/www.organisator.ch\\\/\",\"logo\":{\"@type\":\"ImageObject\",\"inLanguage\":\"it-IT\",\"@id\":\"https:\\\/\\\/www.organisator.ch\\\/#\\\/schema\\\/logo\\\/image\\\/\",\"url\":\"https:\\\/\\\/www.organisator.ch\\\/wp-content\\\/uploads\\\/2022\\\/01\\\/Logo_Organisator_Website.png\",\"contentUrl\":\"https:\\\/\\\/www.organisator.ch\\\/wp-content\\\/uploads\\\/2022\\\/01\\\/Logo_Organisator_Website.png\",\"width\":800,\"height\":77,\"caption\":\"Organisator\"},\"image\":{\"@id\":\"https:\\\/\\\/www.organisator.ch\\\/#\\\/schema\\\/logo\\\/image\\\/\"},\"sameAs\":[\"https:\\\/\\\/www.facebook.com\\\/OrganisatorFachmagazin\",\"https:\\\/\\\/www.linkedin.com\\\/showcase\\\/organisator-das-magazin-fr-kmu\",\"https:\\\/\\\/www.xing.com\\\/news\\\/pages\\\/organisator-ch-695\",\"https:\\\/\\\/www.youtube.com\\\/channel\\\/UCGP2Sq0iWaZwT3BdIAQFYpw\"]},{\"@type\":\"Person\",\"@id\":\"https:\\\/\\\/www.organisator.ch\\\/#\\\/schema\\\/person\\\/2e1314a2172123f874db408d8911d3f3\",\"name\":\"Adelisa Kalajdzini\",\"image\":{\"@type\":\"ImageObject\",\"inLanguage\":\"it-IT\",\"@id\":\"https:\\\/\\\/secure.gravatar.com\\\/avatar\\\/09a397c22ac58cad6f160ee8306348599df9df58a8ede73696226897b9fa4b24?s=96&d=mm&r=g\",\"url\":\"https:\\\/\\\/secure.gravatar.com\\\/avatar\\\/09a397c22ac58cad6f160ee8306348599df9df58a8ede73696226897b9fa4b24?s=96&d=mm&r=g\",\"contentUrl\":\"https:\\\/\\\/secure.gravatar.com\\\/avatar\\\/09a397c22ac58cad6f160ee8306348599df9df58a8ede73696226897b9fa4b24?s=96&d=mm&r=g\",\"caption\":\"Adelisa Kalajdzini\"},\"url\":\"https:\\\/\\\/www.organisator.ch\\\/it\\\/author\\\/adelisa-kalajdzini\\\/\"}]}<\/script>\n<!-- \/ Yoast SEO plugin. -->","yoast_head_json":{"title":"Premio svizzero di tecnologia 2024: annunciati i finalisti - Organizzatore","description":"Nove promettenti innovazioni sono state nominate in tre categorie per la finale del Premio svizzero di tecnologia 2024.","robots":{"index":"index","follow":"follow","max-snippet":"max-snippet:-1","max-image-preview":"max-image-preview:large","max-video-preview":"max-video-preview:-1"},"canonical":"https:\/\/www.organisator.ch\/it\/gestione-2\/2024-09-17\/swiss-technology-award-2024-finalistinnen-und-finalisten-sind-bekannt\/","og_locale":"it_IT","og_type":"article","og_title":"Swiss Technology Award 2024: Finalistinnen und Finalisten sind bekannt","og_description":"Neun vielversprechende Innovationen sind in drei Kategorien f\u00fcr das Finale des Swiss Technology Award 2024 nominiert.","og_url":"https:\/\/www.organisator.ch\/it\/gestione-2\/2024-09-17\/swiss-technology-award-2024-finalistinnen-und-finalisten-sind-bekannt\/","og_site_name":"Organisator","article_publisher":"https:\/\/www.facebook.com\/OrganisatorFachmagazin","article_published_time":"2024-09-17T11:59:38+00:00","og_image":[{"width":680,"height":348,"url":"https:\/\/www.organisator.ch\/wp-content\/uploads\/2024\/09\/Swiss-Technology-Award_Bild1_ps.jpg","type":"image\/jpeg"}],"author":"Adelisa Kalajdzini","twitter_card":"summary_large_image","twitter_title":"Swiss Technology Award 2024: Finalistinnen und Finalisten sind bekannt","twitter_description":"Neun vielversprechende #Innovationen sind in #drei #Kategorien f\u00fcr das Finale des #Swiss #Technology #Award 2024 nominiert.","twitter_image":"https:\/\/www.organisator.ch\/wp-content\/uploads\/2024\/09\/Swiss-Technology-Award_Bild1_ps.jpg","schema":{"@context":"https:\/\/schema.org","@graph":[{"@type":"Article","@id":"https:\/\/www.organisator.ch\/management\/2024-09-17\/swiss-technology-award-2024-finalistinnen-und-finalisten-sind-bekannt\/#article","isPartOf":{"@id":"https:\/\/www.organisator.ch\/management\/2024-09-17\/swiss-technology-award-2024-finalistinnen-und-finalisten-sind-bekannt\/"},"author":{"name":"Adelisa Kalajdzini","@id":"https:\/\/www.organisator.ch\/#\/schema\/person\/2e1314a2172123f874db408d8911d3f3"},"headline":"Swiss Technology Award 2024: Finalistinnen und Finalisten sind bekannt","datePublished":"2024-09-17T11:59:38+00:00","mainEntityOfPage":{"@id":"https:\/\/www.organisator.ch\/management\/2024-09-17\/swiss-technology-award-2024-finalistinnen-und-finalisten-sind-bekannt\/"},"wordCount":552,"publisher":{"@id":"https:\/\/www.organisator.ch\/#organization"},"image":{"@id":"https:\/\/www.organisator.ch\/management\/2024-09-17\/swiss-technology-award-2024-finalistinnen-und-finalisten-sind-bekannt\/#primaryimage"},"thumbnailUrl":"https:\/\/www.organisator.ch\/wp-content\/uploads\/2024\/09\/Swiss-Technology-Award_Bild1_ps.jpg","keywords":["Award","Management","Schweiz","Technologie","Unternehmen"],"articleSection":["MANAGEMENT"],"inLanguage":"it-IT"},{"@type":"WebPage","@id":"https:\/\/www.organisator.ch\/management\/2024-09-17\/swiss-technology-award-2024-finalistinnen-und-finalisten-sind-bekannt\/","url":"https:\/\/www.organisator.ch\/management\/2024-09-17\/swiss-technology-award-2024-finalistinnen-und-finalisten-sind-bekannt\/","name":"Premio svizzero di tecnologia 2024: annunciati i finalisti - Organizzatore","isPartOf":{"@id":"https:\/\/www.organisator.ch\/#website"},"primaryImageOfPage":{"@id":"https:\/\/www.organisator.ch\/management\/2024-09-17\/swiss-technology-award-2024-finalistinnen-und-finalisten-sind-bekannt\/#primaryimage"},"image":{"@id":"https:\/\/www.organisator.ch\/management\/2024-09-17\/swiss-technology-award-2024-finalistinnen-und-finalisten-sind-bekannt\/#primaryimage"},"thumbnailUrl":"https:\/\/www.organisator.ch\/wp-content\/uploads\/2024\/09\/Swiss-Technology-Award_Bild1_ps.jpg","datePublished":"2024-09-17T11:59:38+00:00","description":"Nove promettenti innovazioni sono state nominate in tre categorie per la finale del Premio svizzero di tecnologia 2024.","breadcrumb":{"@id":"https:\/\/www.organisator.ch\/management\/2024-09-17\/swiss-technology-award-2024-finalistinnen-und-finalisten-sind-bekannt\/#breadcrumb"},"inLanguage":"it-IT","potentialAction":[{"@type":"ReadAction","target":["https:\/\/www.organisator.ch\/management\/2024-09-17\/swiss-technology-award-2024-finalistinnen-und-finalisten-sind-bekannt\/"]}]},{"@type":"ImageObject","inLanguage":"it-IT","@id":"https:\/\/www.organisator.ch\/management\/2024-09-17\/swiss-technology-award-2024-finalistinnen-und-finalisten-sind-bekannt\/#primaryimage","url":"https:\/\/www.organisator.ch\/wp-content\/uploads\/2024\/09\/Swiss-Technology-Award_Bild1_ps.jpg","contentUrl":"https:\/\/www.organisator.ch\/wp-content\/uploads\/2024\/09\/Swiss-Technology-Award_Bild1_ps.jpg","width":680,"height":348,"caption":"Anl\u00e4sslich von Open-i pr\u00e4sentieren am 22. November 2024 die am Finale teilnehmenden Unternehmen ihre zukunftsweisenden Projekte vor hochkar\u00e4tigem Publikum. (Bild: www.open-i.swiss)"},{"@type":"BreadcrumbList","@id":"https:\/\/www.organisator.ch\/management\/2024-09-17\/swiss-technology-award-2024-finalistinnen-und-finalisten-sind-bekannt\/#breadcrumb","itemListElement":[{"@type":"ListItem","position":1,"name":"Home","item":"https:\/\/www.organisator.ch\/"},{"@type":"ListItem","position":2,"name":"Swiss Technology Award 2024: Finalistinnen und Finalisten sind bekannt"}]},{"@type":"WebSite","@id":"https:\/\/www.organisator.ch\/#website","url":"https:\/\/www.organisator.ch\/","name":"Organizzatore","description":"Competente. Pratico. In 10 numeri all'anno, ORGANISATOR presenta i temi essenziali per i manager delle PMI.","publisher":{"@id":"https:\/\/www.organisator.ch\/#organization"},"potentialAction":[{"@type":"SearchAction","target":{"@type":"EntryPoint","urlTemplate":"https:\/\/www.organisator.ch\/?s={search_term_string}"},"query-input":{"@type":"PropertyValueSpecification","valueRequired":true,"valueName":"search_term_string"}}],"inLanguage":"it-IT"},{"@type":"Organization","@id":"https:\/\/www.organisator.ch\/#organization","name":"Organizzatore","url":"https:\/\/www.organisator.ch\/","logo":{"@type":"ImageObject","inLanguage":"it-IT","@id":"https:\/\/www.organisator.ch\/#\/schema\/logo\/image\/","url":"https:\/\/www.organisator.ch\/wp-content\/uploads\/2022\/01\/Logo_Organisator_Website.png","contentUrl":"https:\/\/www.organisator.ch\/wp-content\/uploads\/2022\/01\/Logo_Organisator_Website.png","width":800,"height":77,"caption":"Organisator"},"image":{"@id":"https:\/\/www.organisator.ch\/#\/schema\/logo\/image\/"},"sameAs":["https:\/\/www.facebook.com\/OrganisatorFachmagazin","https:\/\/www.linkedin.com\/showcase\/organisator-das-magazin-fr-kmu","https:\/\/www.xing.com\/news\/pages\/organisator-ch-695","https:\/\/www.youtube.com\/channel\/UCGP2Sq0iWaZwT3BdIAQFYpw"]},{"@type":"Person","@id":"https:\/\/www.organisator.ch\/#\/schema\/person\/2e1314a2172123f874db408d8911d3f3","name":"Adelisa Kalajdzini","image":{"@type":"ImageObject","inLanguage":"it-IT","@id":"https:\/\/secure.gravatar.com\/avatar\/09a397c22ac58cad6f160ee8306348599df9df58a8ede73696226897b9fa4b24?s=96&d=mm&r=g","url":"https:\/\/secure.gravatar.com\/avatar\/09a397c22ac58cad6f160ee8306348599df9df58a8ede73696226897b9fa4b24?s=96&d=mm&r=g","contentUrl":"https:\/\/secure.gravatar.com\/avatar\/09a397c22ac58cad6f160ee8306348599df9df58a8ede73696226897b9fa4b24?s=96&d=mm&r=g","caption":"Adelisa Kalajdzini"},"url":"https:\/\/www.organisator.ch\/it\/author\/adelisa-kalajdzini\/"}]}},"_links":{"self":[{"href":"https:\/\/www.organisator.ch\/it\/wp-json\/wp\/v2\/posts\/29873","targetHints":{"allow":["GET"]}}],"collection":[{"href":"https:\/\/www.organisator.ch\/it\/wp-json\/wp\/v2\/posts"}],"about":[{"href":"https:\/\/www.organisator.ch\/it\/wp-json\/wp\/v2\/types\/post"}],"author":[{"embeddable":true,"href":"https:\/\/www.organisator.ch\/it\/wp-json\/wp\/v2\/users\/58"}],"replies":[{"embeddable":true,"href":"https:\/\/www.organisator.ch\/it\/wp-json\/wp\/v2\/comments?post=29873"}],"version-history":[{"count":6,"href":"https:\/\/www.organisator.ch\/it\/wp-json\/wp\/v2\/posts\/29873\/revisions"}],"predecessor-version":[{"id":29923,"href":"https:\/\/www.organisator.ch\/it\/wp-json\/wp\/v2\/posts\/29873\/revisions\/29923"}],"wp:featuredmedia":[{"embeddable":true,"href":"https:\/\/www.organisator.ch\/it\/wp-json\/wp\/v2\/media\/29876"}],"wp:attachment":[{"href":"https:\/\/www.organisator.ch\/it\/wp-json\/wp\/v2\/media?parent=29873"}],"wp:term":[{"taxonomy":"category","embeddable":true,"href":"https:\/\/www.organisator.ch\/it\/wp-json\/wp\/v2\/categories?post=29873"},{"taxonomy":"post_tag","embeddable":true,"href":"https:\/\/www.organisator.ch\/it\/wp-json\/wp\/v2\/tags?post=29873"}],"curies":[{"name":"wp","href":"https:\/\/api.w.org\/{rel}","templated":true}]}}