{"id":29915,"date":"2024-09-18T13:42:33","date_gmt":"2024-09-18T11:42:33","guid":{"rendered":"https:\/\/www.markt-kom.com\/?p=223564"},"modified":"2024-11-08T09:13:43","modified_gmt":"2024-11-08T08:13:43","slug":"rekordteilnahme-bei-best-of-swiss-apps-2024","status":"publish","type":"post","link":"https:\/\/www.organisator.ch\/it\/marketing\/2024-09-18\/rekordteilnahme-bei-best-of-swiss-apps-2024\/","title":{"rendered":"Partecipazione record a Best of Swiss Apps 2024"},"content":{"rendered":"<figure id=\"attachment_216427\" class=\"wp-caption aligncenter\" style=\"width: 1200px\" aria-describedby=\"caption-attachment-216427\"><img class=\"aligncenter wp-image-216427 size-full\" src=\"https:\/\/www.markt-kom.com\/wp-content\/uploads\/2024\/06\/Best-of-Swiss-Apps-2023-Award-Night-.jpg\" alt=\"Il meglio delle applicazioni svizzere 2024\" width=\"1200\" height=\"675\" \/>\r\n<figcaption id=\"caption-attachment-216427\" class=\"wp-caption-text\">Mobility Carsharing ha vinto il titolo di Master of Swiss Apps nel 2023. (Immagine: YouTube.com)<\/figcaption>\r\n<\/figure>\r\n<p>Entro luned\u00ec sono stati ricevuti 241 progetti per Best of Swiss Apps. Ci\u00f2 significa che l'edizione di quest'anno ha stabilito un nuovo record. Il processo di valutazione inizia venerd\u00ec. Gli esperti daranno una prima occhiata a tutti i progetti prima di riunirsi per la giornata della giuria il 30 settembre.<\/p>\r\n<p>Il 3 ottobre verranno annunciati i progetti che sono entrati nella rosa delle Best of Swiss Apps 2024 e che quindi parteciperanno alla gara per il titolo di \"Master of Swiss Apps\".<\/p>\r\n<p>Anche la vendita dei biglietti per la serata di premiazione inizier\u00e0 nello stesso momento. Tutti i partecipanti riceveranno i dettagli dei loro biglietti il 3 ottobre. Ulteriori posti possono essere acquistati direttamente presso gli organizzatori. La cerimonia di premiazione si terr\u00e0 il 19 novembre alla Kongresshaus di Zurigo, in concomitanza con il premio \"Best of Swiss Software\".<\/p>\r\n<p>Discorso del vincitore a gennaio<\/p>\r\n<p>La conferenza dei vincitori di Best of Swiss Apps si terr\u00e0 il 22 gennaio 2025. I vincitori di Best of Swiss Apps 2024 parleranno di ci\u00f2 che caratterizza un progetto di app di successo e risponderanno alle domande del pubblico. L'evento si concluder\u00e0 con una sessione di breakout.\u00a0<a href=\"https:\/\/pretix.eu\/bosw\/BoSAWinnerTalk-2\/\">Clicca qui per registrarti gratuitamente<\/a>.<\/p>","protected":false},"excerpt":{"rendered":"<p>Luned\u00ec \u00e8 scaduto il termine per la presentazione di Best of Swiss Apps 2024. Quest'anno sono state presentate 241 applicazioni, un numero record. Gli esperti si riuniranno per la giornata della giuria alla fine di settembre per decidere quali app entreranno nella rosa dei candidati.<\/p>","protected":false},"author":8,"featured_media":0,"comment_status":"closed","ping_status":"closed","sticky":false,"template":"","format":"standard","meta":{"_acf_changed":false,"_yoast_wpseo_focuskw":"Best of Swiss Apps 2024","_yoast_wpseo_metadesc":"Rekordteilnahme bei Best of Swiss Apps 2024: Jurierungsprozess startet, Shortlist am 3. Oktober, Preisverleihung am 19. November.","articlekey":"","footnotes":""},"categories":[29],"tags":[66,4517],"class_list":["post-29915","post","type-post","status-publish","format-standard","hentry","category-marketing","tag-awards","tag-best-of-swiss-apps"],"acf":[],"yoast_head":"<!-- This site is optimized with the Yoast SEO plugin v27.5 - https:\/\/yoast.com\/product\/yoast-seo-wordpress\/ -->\n<title>Rekordteilnahme bei Best of Swiss Apps 2024 - Organisator<\/title>\n<meta name=\"description\" content=\"Rekordteilnahme bei Best of Swiss Apps 2024: Jurierungsprozess startet, Shortlist am 3. Oktober, Preisverleihung am 19. November.\" \/>\n<meta name=\"robots\" content=\"index, follow, max-snippet:-1, max-image-preview:large, max-video-preview:-1\" \/>\n<link rel=\"canonical\" href=\"https:\/\/www.organisator.ch\/it\/marketing\/2024-09-18\/rekordteilnahme-bei-best-of-swiss-apps-2024\/\" \/>\n<meta property=\"og:locale\" content=\"it_IT\" \/>\n<meta property=\"og:type\" content=\"article\" \/>\n<meta property=\"og:title\" content=\"Rekordteilnahme bei Best of Swiss Apps 2024 - Organisator\" \/>\n<meta property=\"og:description\" content=\"Rekordteilnahme bei Best of Swiss Apps 2024: Jurierungsprozess startet, Shortlist am 3. Oktober, Preisverleihung am 19. November.\" \/>\n<meta property=\"og:url\" content=\"https:\/\/www.organisator.ch\/it\/marketing\/2024-09-18\/rekordteilnahme-bei-best-of-swiss-apps-2024\/\" \/>\n<meta property=\"og:site_name\" content=\"Organisator\" \/>\n<meta property=\"article:publisher\" content=\"https:\/\/www.facebook.com\/OrganisatorFachmagazin\" \/>\n<meta property=\"article:published_time\" content=\"2024-09-18T11:42:33+00:00\" \/>\n<meta property=\"article:modified_time\" content=\"2024-11-08T08:13:43+00:00\" \/>\n<meta property=\"og:image\" content=\"https:\/\/www.markt-kom.com\/wp-content\/uploads\/2024\/06\/Best-of-Swiss-Apps-2023-Award-Night-.jpg\" \/>\n<meta name=\"author\" content=\"galledia\" \/>\n<meta name=\"twitter:card\" content=\"summary_large_image\" \/>\n<meta name=\"twitter:creator\" content=\"@admin\" \/>\n<script type=\"application\/ld+json\" class=\"yoast-schema-graph\">{\"@context\":\"https:\\\/\\\/schema.org\",\"@graph\":[{\"@type\":\"Article\",\"@id\":\"https:\\\/\\\/www.organisator.ch\\\/marketing\\\/2024-09-18\\\/rekordteilnahme-bei-best-of-swiss-apps-2024\\\/#article\",\"isPartOf\":{\"@id\":\"https:\\\/\\\/www.organisator.ch\\\/marketing\\\/2024-09-18\\\/rekordteilnahme-bei-best-of-swiss-apps-2024\\\/\"},\"author\":{\"name\":\"galledia\",\"@id\":\"https:\\\/\\\/www.organisator.ch\\\/#\\\/schema\\\/person\\\/4e51799071cd2dd1232ac003643ef5f0\"},\"headline\":\"Rekordteilnahme bei Best of Swiss Apps 2024\",\"datePublished\":\"2024-09-18T11:42:33+00:00\",\"dateModified\":\"2024-11-08T08:13:43+00:00\",\"mainEntityOfPage\":{\"@id\":\"https:\\\/\\\/www.organisator.ch\\\/marketing\\\/2024-09-18\\\/rekordteilnahme-bei-best-of-swiss-apps-2024\\\/\"},\"wordCount\":198,\"publisher\":{\"@id\":\"https:\\\/\\\/www.organisator.ch\\\/#organization\"},\"image\":{\"@id\":\"https:\\\/\\\/www.organisator.ch\\\/marketing\\\/2024-09-18\\\/rekordteilnahme-bei-best-of-swiss-apps-2024\\\/#primaryimage\"},\"thumbnailUrl\":\"https:\\\/\\\/www.markt-kom.com\\\/wp-content\\\/uploads\\\/2024\\\/06\\\/Best-of-Swiss-Apps-2023-Award-Night-.jpg\",\"keywords\":[\"Awards\",\"Best of Swiss Apps\"],\"articleSection\":[\"MARKETING\"],\"inLanguage\":\"it-IT\"},{\"@type\":\"WebPage\",\"@id\":\"https:\\\/\\\/www.organisator.ch\\\/marketing\\\/2024-09-18\\\/rekordteilnahme-bei-best-of-swiss-apps-2024\\\/\",\"url\":\"https:\\\/\\\/www.organisator.ch\\\/marketing\\\/2024-09-18\\\/rekordteilnahme-bei-best-of-swiss-apps-2024\\\/\",\"name\":\"Rekordteilnahme bei Best of Swiss Apps 2024 - Organisator\",\"isPartOf\":{\"@id\":\"https:\\\/\\\/www.organisator.ch\\\/#website\"},\"primaryImageOfPage\":{\"@id\":\"https:\\\/\\\/www.organisator.ch\\\/marketing\\\/2024-09-18\\\/rekordteilnahme-bei-best-of-swiss-apps-2024\\\/#primaryimage\"},\"image\":{\"@id\":\"https:\\\/\\\/www.organisator.ch\\\/marketing\\\/2024-09-18\\\/rekordteilnahme-bei-best-of-swiss-apps-2024\\\/#primaryimage\"},\"thumbnailUrl\":\"https:\\\/\\\/www.markt-kom.com\\\/wp-content\\\/uploads\\\/2024\\\/06\\\/Best-of-Swiss-Apps-2023-Award-Night-.jpg\",\"datePublished\":\"2024-09-18T11:42:33+00:00\",\"dateModified\":\"2024-11-08T08:13:43+00:00\",\"description\":\"Rekordteilnahme bei Best of Swiss Apps 2024: Jurierungsprozess startet, Shortlist am 3. Oktober, Preisverleihung am 19. November.\",\"breadcrumb\":{\"@id\":\"https:\\\/\\\/www.organisator.ch\\\/marketing\\\/2024-09-18\\\/rekordteilnahme-bei-best-of-swiss-apps-2024\\\/#breadcrumb\"},\"inLanguage\":\"it-IT\",\"potentialAction\":[{\"@type\":\"ReadAction\",\"target\":[\"https:\\\/\\\/www.organisator.ch\\\/marketing\\\/2024-09-18\\\/rekordteilnahme-bei-best-of-swiss-apps-2024\\\/\"]}]},{\"@type\":\"ImageObject\",\"inLanguage\":\"it-IT\",\"@id\":\"https:\\\/\\\/www.organisator.ch\\\/marketing\\\/2024-09-18\\\/rekordteilnahme-bei-best-of-swiss-apps-2024\\\/#primaryimage\",\"url\":\"https:\\\/\\\/www.markt-kom.com\\\/wp-content\\\/uploads\\\/2024\\\/06\\\/Best-of-Swiss-Apps-2023-Award-Night-.jpg\",\"contentUrl\":\"https:\\\/\\\/www.markt-kom.com\\\/wp-content\\\/uploads\\\/2024\\\/06\\\/Best-of-Swiss-Apps-2023-Award-Night-.jpg\"},{\"@type\":\"BreadcrumbList\",\"@id\":\"https:\\\/\\\/www.organisator.ch\\\/marketing\\\/2024-09-18\\\/rekordteilnahme-bei-best-of-swiss-apps-2024\\\/#breadcrumb\",\"itemListElement\":[{\"@type\":\"ListItem\",\"position\":1,\"name\":\"Home\",\"item\":\"https:\\\/\\\/www.organisator.ch\\\/\"},{\"@type\":\"ListItem\",\"position\":2,\"name\":\"Rekordteilnahme bei Best of Swiss Apps 2024\"}]},{\"@type\":\"WebSite\",\"@id\":\"https:\\\/\\\/www.organisator.ch\\\/#website\",\"url\":\"https:\\\/\\\/www.organisator.ch\\\/\",\"name\":\"Organisator\",\"description\":\"Kompetent. Praxisnah. Der ORGANISATOR bereitet in 10 Ausgaben pro Jahr die wesentlichen Themen f\u00fcr F\u00fchrungskr\u00e4fte von KMU auf.\",\"publisher\":{\"@id\":\"https:\\\/\\\/www.organisator.ch\\\/#organization\"},\"potentialAction\":[{\"@type\":\"SearchAction\",\"target\":{\"@type\":\"EntryPoint\",\"urlTemplate\":\"https:\\\/\\\/www.organisator.ch\\\/?s={search_term_string}\"},\"query-input\":{\"@type\":\"PropertyValueSpecification\",\"valueRequired\":true,\"valueName\":\"search_term_string\"}}],\"inLanguage\":\"it-IT\"},{\"@type\":\"Organization\",\"@id\":\"https:\\\/\\\/www.organisator.ch\\\/#organization\",\"name\":\"Organisator\",\"url\":\"https:\\\/\\\/www.organisator.ch\\\/\",\"logo\":{\"@type\":\"ImageObject\",\"inLanguage\":\"it-IT\",\"@id\":\"https:\\\/\\\/www.organisator.ch\\\/#\\\/schema\\\/logo\\\/image\\\/\",\"url\":\"https:\\\/\\\/www.organisator.ch\\\/wp-content\\\/uploads\\\/2022\\\/01\\\/Logo_Organisator_Website.png\",\"contentUrl\":\"https:\\\/\\\/www.organisator.ch\\\/wp-content\\\/uploads\\\/2022\\\/01\\\/Logo_Organisator_Website.png\",\"width\":800,\"height\":77,\"caption\":\"Organisator\"},\"image\":{\"@id\":\"https:\\\/\\\/www.organisator.ch\\\/#\\\/schema\\\/logo\\\/image\\\/\"},\"sameAs\":[\"https:\\\/\\\/www.facebook.com\\\/OrganisatorFachmagazin\",\"https:\\\/\\\/www.linkedin.com\\\/showcase\\\/organisator-das-magazin-fr-kmu\",\"https:\\\/\\\/www.xing.com\\\/news\\\/pages\\\/organisator-ch-695\",\"https:\\\/\\\/www.youtube.com\\\/channel\\\/UCGP2Sq0iWaZwT3BdIAQFYpw\"]},{\"@type\":\"Person\",\"@id\":\"https:\\\/\\\/www.organisator.ch\\\/#\\\/schema\\\/person\\\/4e51799071cd2dd1232ac003643ef5f0\",\"name\":\"galledia\",\"image\":{\"@type\":\"ImageObject\",\"inLanguage\":\"it-IT\",\"@id\":\"https:\\\/\\\/secure.gravatar.com\\\/avatar\\\/78a7f90c01fc2bfc875782a0d4922b37cde2cf184ce347b91316d23cd7f69a36?s=96&d=mm&r=g\",\"url\":\"https:\\\/\\\/secure.gravatar.com\\\/avatar\\\/78a7f90c01fc2bfc875782a0d4922b37cde2cf184ce347b91316d23cd7f69a36?s=96&d=mm&r=g\",\"contentUrl\":\"https:\\\/\\\/secure.gravatar.com\\\/avatar\\\/78a7f90c01fc2bfc875782a0d4922b37cde2cf184ce347b91316d23cd7f69a36?s=96&d=mm&r=g\",\"caption\":\"galledia\"},\"sameAs\":[\"https:\\\/\\\/x.com\\\/admin\"],\"url\":\"https:\\\/\\\/www.organisator.ch\\\/it\\\/author\\\/galledia\\\/\"}]}<\/script>\n<!-- \/ Yoast SEO plugin. -->","yoast_head_json":{"title":"Partecipazione record a Best of Swiss Apps 2024 - organizzatore","description":"Partecipazione record a Best of Swiss Apps 2024: inizia il processo di valutazione, la lista ristretta il 3 ottobre, la cerimonia di premiazione il 19 novembre.","robots":{"index":"index","follow":"follow","max-snippet":"max-snippet:-1","max-image-preview":"max-image-preview:large","max-video-preview":"max-video-preview:-1"},"canonical":"https:\/\/www.organisator.ch\/it\/marketing\/2024-09-18\/rekordteilnahme-bei-best-of-swiss-apps-2024\/","og_locale":"it_IT","og_type":"article","og_title":"Rekordteilnahme bei Best of Swiss Apps 2024 - Organisator","og_description":"Rekordteilnahme bei Best of Swiss Apps 2024: Jurierungsprozess startet, Shortlist am 3. Oktober, Preisverleihung am 19. November.","og_url":"https:\/\/www.organisator.ch\/it\/marketing\/2024-09-18\/rekordteilnahme-bei-best-of-swiss-apps-2024\/","og_site_name":"Organisator","article_publisher":"https:\/\/www.facebook.com\/OrganisatorFachmagazin","article_published_time":"2024-09-18T11:42:33+00:00","article_modified_time":"2024-11-08T08:13:43+00:00","og_image":[{"url":"https:\/\/www.markt-kom.com\/wp-content\/uploads\/2024\/06\/Best-of-Swiss-Apps-2023-Award-Night-.jpg","type":"","width":"","height":""}],"author":"galledia","twitter_card":"summary_large_image","twitter_creator":"@admin","schema":{"@context":"https:\/\/schema.org","@graph":[{"@type":"Article","@id":"https:\/\/www.organisator.ch\/marketing\/2024-09-18\/rekordteilnahme-bei-best-of-swiss-apps-2024\/#article","isPartOf":{"@id":"https:\/\/www.organisator.ch\/marketing\/2024-09-18\/rekordteilnahme-bei-best-of-swiss-apps-2024\/"},"author":{"name":"galledia","@id":"https:\/\/www.organisator.ch\/#\/schema\/person\/4e51799071cd2dd1232ac003643ef5f0"},"headline":"Rekordteilnahme bei Best of Swiss Apps 2024","datePublished":"2024-09-18T11:42:33+00:00","dateModified":"2024-11-08T08:13:43+00:00","mainEntityOfPage":{"@id":"https:\/\/www.organisator.ch\/marketing\/2024-09-18\/rekordteilnahme-bei-best-of-swiss-apps-2024\/"},"wordCount":198,"publisher":{"@id":"https:\/\/www.organisator.ch\/#organization"},"image":{"@id":"https:\/\/www.organisator.ch\/marketing\/2024-09-18\/rekordteilnahme-bei-best-of-swiss-apps-2024\/#primaryimage"},"thumbnailUrl":"https:\/\/www.markt-kom.com\/wp-content\/uploads\/2024\/06\/Best-of-Swiss-Apps-2023-Award-Night-.jpg","keywords":["Awards","Best of Swiss Apps"],"articleSection":["MARKETING"],"inLanguage":"it-IT"},{"@type":"WebPage","@id":"https:\/\/www.organisator.ch\/marketing\/2024-09-18\/rekordteilnahme-bei-best-of-swiss-apps-2024\/","url":"https:\/\/www.organisator.ch\/marketing\/2024-09-18\/rekordteilnahme-bei-best-of-swiss-apps-2024\/","name":"Partecipazione record a Best of Swiss Apps 2024 - organizzatore","isPartOf":{"@id":"https:\/\/www.organisator.ch\/#website"},"primaryImageOfPage":{"@id":"https:\/\/www.organisator.ch\/marketing\/2024-09-18\/rekordteilnahme-bei-best-of-swiss-apps-2024\/#primaryimage"},"image":{"@id":"https:\/\/www.organisator.ch\/marketing\/2024-09-18\/rekordteilnahme-bei-best-of-swiss-apps-2024\/#primaryimage"},"thumbnailUrl":"https:\/\/www.markt-kom.com\/wp-content\/uploads\/2024\/06\/Best-of-Swiss-Apps-2023-Award-Night-.jpg","datePublished":"2024-09-18T11:42:33+00:00","dateModified":"2024-11-08T08:13:43+00:00","description":"Partecipazione record a Best of Swiss Apps 2024: inizia il processo di valutazione, la lista ristretta il 3 ottobre, la cerimonia di premiazione il 19 novembre.","breadcrumb":{"@id":"https:\/\/www.organisator.ch\/marketing\/2024-09-18\/rekordteilnahme-bei-best-of-swiss-apps-2024\/#breadcrumb"},"inLanguage":"it-IT","potentialAction":[{"@type":"ReadAction","target":["https:\/\/www.organisator.ch\/marketing\/2024-09-18\/rekordteilnahme-bei-best-of-swiss-apps-2024\/"]}]},{"@type":"ImageObject","inLanguage":"it-IT","@id":"https:\/\/www.organisator.ch\/marketing\/2024-09-18\/rekordteilnahme-bei-best-of-swiss-apps-2024\/#primaryimage","url":"https:\/\/www.markt-kom.com\/wp-content\/uploads\/2024\/06\/Best-of-Swiss-Apps-2023-Award-Night-.jpg","contentUrl":"https:\/\/www.markt-kom.com\/wp-content\/uploads\/2024\/06\/Best-of-Swiss-Apps-2023-Award-Night-.jpg"},{"@type":"BreadcrumbList","@id":"https:\/\/www.organisator.ch\/marketing\/2024-09-18\/rekordteilnahme-bei-best-of-swiss-apps-2024\/#breadcrumb","itemListElement":[{"@type":"ListItem","position":1,"name":"Home","item":"https:\/\/www.organisator.ch\/"},{"@type":"ListItem","position":2,"name":"Rekordteilnahme bei Best of Swiss Apps 2024"}]},{"@type":"WebSite","@id":"https:\/\/www.organisator.ch\/#website","url":"https:\/\/www.organisator.ch\/","name":"Organizzatore","description":"Competente. Pratico. In 10 numeri all'anno, ORGANISATOR presenta i temi essenziali per i manager delle PMI.","publisher":{"@id":"https:\/\/www.organisator.ch\/#organization"},"potentialAction":[{"@type":"SearchAction","target":{"@type":"EntryPoint","urlTemplate":"https:\/\/www.organisator.ch\/?s={search_term_string}"},"query-input":{"@type":"PropertyValueSpecification","valueRequired":true,"valueName":"search_term_string"}}],"inLanguage":"it-IT"},{"@type":"Organization","@id":"https:\/\/www.organisator.ch\/#organization","name":"Organizzatore","url":"https:\/\/www.organisator.ch\/","logo":{"@type":"ImageObject","inLanguage":"it-IT","@id":"https:\/\/www.organisator.ch\/#\/schema\/logo\/image\/","url":"https:\/\/www.organisator.ch\/wp-content\/uploads\/2022\/01\/Logo_Organisator_Website.png","contentUrl":"https:\/\/www.organisator.ch\/wp-content\/uploads\/2022\/01\/Logo_Organisator_Website.png","width":800,"height":77,"caption":"Organisator"},"image":{"@id":"https:\/\/www.organisator.ch\/#\/schema\/logo\/image\/"},"sameAs":["https:\/\/www.facebook.com\/OrganisatorFachmagazin","https:\/\/www.linkedin.com\/showcase\/organisator-das-magazin-fr-kmu","https:\/\/www.xing.com\/news\/pages\/organisator-ch-695","https:\/\/www.youtube.com\/channel\/UCGP2Sq0iWaZwT3BdIAQFYpw"]},{"@type":"Person","@id":"https:\/\/www.organisator.ch\/#\/schema\/person\/4e51799071cd2dd1232ac003643ef5f0","name":"galledia","image":{"@type":"ImageObject","inLanguage":"it-IT","@id":"https:\/\/secure.gravatar.com\/avatar\/78a7f90c01fc2bfc875782a0d4922b37cde2cf184ce347b91316d23cd7f69a36?s=96&d=mm&r=g","url":"https:\/\/secure.gravatar.com\/avatar\/78a7f90c01fc2bfc875782a0d4922b37cde2cf184ce347b91316d23cd7f69a36?s=96&d=mm&r=g","contentUrl":"https:\/\/secure.gravatar.com\/avatar\/78a7f90c01fc2bfc875782a0d4922b37cde2cf184ce347b91316d23cd7f69a36?s=96&d=mm&r=g","caption":"galledia"},"sameAs":["https:\/\/x.com\/admin"],"url":"https:\/\/www.organisator.ch\/it\/author\/galledia\/"}]}},"_links":{"self":[{"href":"https:\/\/www.organisator.ch\/it\/wp-json\/wp\/v2\/posts\/29915","targetHints":{"allow":["GET"]}}],"collection":[{"href":"https:\/\/www.organisator.ch\/it\/wp-json\/wp\/v2\/posts"}],"about":[{"href":"https:\/\/www.organisator.ch\/it\/wp-json\/wp\/v2\/types\/post"}],"author":[{"embeddable":true,"href":"https:\/\/www.organisator.ch\/it\/wp-json\/wp\/v2\/users\/8"}],"replies":[{"embeddable":true,"href":"https:\/\/www.organisator.ch\/it\/wp-json\/wp\/v2\/comments?post=29915"}],"version-history":[{"count":4,"href":"https:\/\/www.organisator.ch\/it\/wp-json\/wp\/v2\/posts\/29915\/revisions"}],"predecessor-version":[{"id":31922,"href":"https:\/\/www.organisator.ch\/it\/wp-json\/wp\/v2\/posts\/29915\/revisions\/31922"}],"wp:attachment":[{"href":"https:\/\/www.organisator.ch\/it\/wp-json\/wp\/v2\/media?parent=29915"}],"wp:term":[{"taxonomy":"category","embeddable":true,"href":"https:\/\/www.organisator.ch\/it\/wp-json\/wp\/v2\/categories?post=29915"},{"taxonomy":"post_tag","embeddable":true,"href":"https:\/\/www.organisator.ch\/it\/wp-json\/wp\/v2\/tags?post=29915"}],"curies":[{"name":"wp","href":"https:\/\/api.w.org\/{rel}","templated":true}]}}