{"id":29970,"date":"2024-09-20T20:59:56","date_gmt":"2024-09-20T18:59:56","guid":{"rendered":"https:\/\/www.markt-kom.com\/?p=223728"},"modified":"2024-11-08T08:39:24","modified_gmt":"2024-11-08T07:39:24","slug":"andrea-arcidiacono-wird-neuer-bundesratssprecher","status":"publish","type":"post","link":"https:\/\/www.organisator.ch\/it\/marketing\/2024-09-20\/andrea-arcidiacono-wird-neuer-bundesratssprecher\/","title":{"rendered":"Andrea Arcidiacono \u00e8 il nuovo portavoce del Consiglio federale"},"content":{"rendered":"<figure id=\"attachment_223729\" class=\"wp-caption aligncenter\" style=\"width: 1064px\" aria-describedby=\"caption-attachment-223729\"><img class=\"aligncenter wp-image-223729 size-full\" src=\"https:\/\/www.markt-kom.com\/wp-content\/uploads\/2024\/09\/Arcidiacono-SRF.jpg\" alt=\"Arcidiacono nuovo portavoce del Consiglio federale 2024\" width=\"1064\" height=\"798\" \/>\r\n<figcaption id=\"caption-attachment-223729\" class=\"wp-caption-text\">Venerd\u00ec \u00e8 stato presentato il nuovo portavoce del Consiglio federale Arcidiacono. (Screenshot: Srf.ch)<\/figcaption>\r\n<\/figure>\r\n<p>Arcidiacono, 58 anni, indipendente, assumer\u00e0 l'incarico il 1\u00b0 ottobre, come ha annunciato venerd\u00ec la Cancelleria federale. Rester\u00e0 direttore dell'agenzia Arcidiacono Consulting Partners fino alla fine di settembre, ma rinuncer\u00e0 a questa carica e alla sua partecipazione azionaria nella societ\u00e0. Vive a Berna.<\/p>\r\n<p>Arcidiacono \u00e8 stato proposto per l'elezione dal Cancelliere federale Viktor Rossi. Il nuovo cancelliere designato conosce il Parlamento federale, la politica federale e i compiti dei media federali, ha dichiarato Rossi ai media a Berna. Arcidiacono \u00e8 di madrelingua italiana e parla tedesco, francese e inglese.<\/p>\r\n<h3><strong>\"Ruoli diversi\"<\/strong><\/h3>\r\n<p>\u00c8 convinto che Arcidiacono garantir\u00e0 la continuit\u00e0. Arcidiacono ha iniziato la sua carriera come giornalista. Ha poi lavorato per l'Amministrazione federale, Presenza Svizzera, Curafutura, l'Universit\u00e0 della Svizzera italiana in Ticino e il Tribunale amministrativo federale.<\/p>\r\n<p>Arcidiacono ha ringraziato per l'elezione nelle quattro lingue nazionali. Ha dichiarato che per lui \u00e8 un grande onore e una grande responsabilit\u00e0 assumere questo importante ruolo. \"La fiducia reciproca \u00e8 il punto di partenza per svolgere al meglio il mio appassionante e difficile compito\".<\/p>\r\n<p>Arcidiacono ha assicurato ai giornalisti che non vede l'ora di lavorare con i rappresentanti dei media, \"anche se assumeremo ruoli diversi\".<\/p>\r\n<p>Ha dichiarato di voler garantire la continuit\u00e0 nella prima fase del suo lavoro. In una seconda fase, vuole analizzare i punti di forza e di debolezza ed esaminare dove e cosa pu\u00f2 essere ulteriormente sviluppato e come.<\/p>\r\n<p><\/p>\r\n<h3><strong>\"L'intero Consiglio federale sar\u00e0 un partito\".<\/strong><\/h3>\r\n<p>Alla domanda sulla sua appartenenza partitica, Arcidiacono ha risposto: \"Sono per la solidariet\u00e0, la responsabilit\u00e0 personale e le pari opportunit\u00e0. Il mio partito sar\u00e0 il Consiglio federale nel suo complesso. Non appartengo a nessun partito\". Ha gi\u00e0 lavorato per membri del Consiglio federale di diversi partiti.<\/p>\r\n<p>Arcidiacono ha iniziato la sua carriera nel giornalismo. Ha lavorato come giornalista e corrispondente parlamentare per il quotidiano <em>Corriere del Ticino<\/em> e il canale televisivo della Svizzera italiana RSI. Dal 2007 al 2009 \u00e8 stato responsabile della redazione di lingua italiana di Swissinfo.<\/p>\r\n<p>Ha poi acquisito esperienza nella comunicazione all'interno e all'esterno dell'Amministrazione federale. \u00c8 stato vice responsabile dell'informazione per i Consiglieri federali Ruth Dreifuss e Pascal Couchepin. Nel 2017 e 2018 \u00e8 stato portavoce dei media presso l'Ufficio federale della sanit\u00e0 pubblica UFSP.<\/p>\r\n<p>Presso l'agenzia di immagine Presenza Svizzera del Dipartimento federale degli affari esteri (DFAE) ha gestito i programmi \"Gottardo 2016\", \"Italia\/Expo Milano 2015\" e \"Verso Expo Milano 2015\". \u00c8 stato inoltre responsabile delle relazioni pubbliche dell'Universit\u00e0 della Svizzera italiana e dell'associazione di assicurazione sanitaria Curafutura. Dal 2009 al 2011 \u00e8 stato responsabile della comunicazione del Tribunale amministrativo federale.<\/p>\r\n<h3><strong>Fisarmonica, jogging, viaggi<\/strong><\/h3>\r\n<p>Arcidiacono annovera tra i suoi hobby suonare la fisarmonica, fare jogging e viaggiare. Il suo predecessore Andr\u00e9 Simonazzi (SP) \u00e8 morto a maggio all'et\u00e0 di 55 anni durante un'escursione. Aveva ricoperto la carica per 15 anni. Fino all'entrata in carica di Arcidiacono, la collega pi\u00f9 vicina a Simonazzi, Ursula Eggenberger, svolger\u00e0 le sue funzioni ad interim.<\/p>\r\n<p>Dirige la Sezione Comunicazione della Cancelleria federale. Torner\u00e0 a ricoprire questo ruolo quando entrer\u00e0 in carica il nuovo vicecancelliere. Rachel Salzmann (al centro) ricopre la seconda carica di vicecancelliere dal 1\u00b0 luglio. <em>(SDA\/swi)<\/em><\/p>","protected":false},"excerpt":{"rendered":"<p>Il ticinese Andrea Arcidiacono sar\u00e0 il nuovo vicecancelliere e portavoce del Consiglio federale. L'economista aziendale della HSG, ex giornalista, responsabile della comunicazione e direttore di agenzia, succeder\u00e0 al defunto vicecancelliere Andr\u00e9 Simonazzi.<\/p>","protected":false},"author":8,"featured_media":0,"comment_status":"closed","ping_status":"closed","sticky":false,"template":"","format":"standard","meta":{"_acf_changed":false,"_yoast_wpseo_focuskw":"Arcidiacono neuer Bundesratssprecher 2024","_yoast_wpseo_metadesc":"Arcidiacono wird neuer Bundesratssprecher ab 1. Oktober 2024. Er folgt auf den verstorbenen Andr\u00e9 Simonazzi.","articlekey":"","footnotes":""},"categories":[29],"tags":[100,2853,4343],"class_list":["post-29970","post","type-post","status-publish","format-standard","hentry","category-marketing","tag-bundesrat","tag-jobchange","tag-markom"],"acf":[],"yoast_head":"<!-- This site is optimized with the Yoast SEO plugin v27.4 - https:\/\/yoast.com\/product\/yoast-seo-wordpress\/ -->\n<title>Andrea Arcidiacono wird neuer Bundesratssprecher - Organisator<\/title>\n<meta name=\"description\" content=\"Arcidiacono wird neuer Bundesratssprecher ab 1. Oktober 2024. Er folgt auf den verstorbenen Andr\u00e9 Simonazzi.\" \/>\n<meta name=\"robots\" content=\"index, follow, max-snippet:-1, max-image-preview:large, max-video-preview:-1\" \/>\n<link rel=\"canonical\" href=\"https:\/\/www.organisator.ch\/it\/marketing\/2024-09-20\/andrea-arcidiacono-wird-neuer-bundesratssprecher\/\" \/>\n<meta property=\"og:locale\" content=\"it_IT\" \/>\n<meta property=\"og:type\" content=\"article\" \/>\n<meta property=\"og:title\" content=\"Andrea Arcidiacono wird neuer Bundesratssprecher - Organisator\" \/>\n<meta property=\"og:description\" content=\"Arcidiacono wird neuer Bundesratssprecher ab 1. Oktober 2024. Er folgt auf den verstorbenen Andr\u00e9 Simonazzi.\" \/>\n<meta property=\"og:url\" content=\"https:\/\/www.organisator.ch\/it\/marketing\/2024-09-20\/andrea-arcidiacono-wird-neuer-bundesratssprecher\/\" \/>\n<meta property=\"og:site_name\" content=\"Organisator\" \/>\n<meta property=\"article:publisher\" content=\"https:\/\/www.facebook.com\/OrganisatorFachmagazin\" \/>\n<meta property=\"article:published_time\" content=\"2024-09-20T18:59:56+00:00\" \/>\n<meta property=\"article:modified_time\" content=\"2024-11-08T07:39:24+00:00\" \/>\n<meta property=\"og:image\" content=\"https:\/\/www.markt-kom.com\/wp-content\/uploads\/2024\/09\/Arcidiacono-SRF.jpg\" \/>\n<meta name=\"author\" content=\"galledia\" \/>\n<meta name=\"twitter:card\" content=\"summary_large_image\" \/>\n<meta name=\"twitter:creator\" content=\"@admin\" \/>\n<script type=\"application\/ld+json\" class=\"yoast-schema-graph\">{\"@context\":\"https:\\\/\\\/schema.org\",\"@graph\":[{\"@type\":\"Article\",\"@id\":\"https:\\\/\\\/www.organisator.ch\\\/marketing\\\/2024-09-20\\\/andrea-arcidiacono-wird-neuer-bundesratssprecher\\\/#article\",\"isPartOf\":{\"@id\":\"https:\\\/\\\/www.organisator.ch\\\/marketing\\\/2024-09-20\\\/andrea-arcidiacono-wird-neuer-bundesratssprecher\\\/\"},\"author\":{\"name\":\"galledia\",\"@id\":\"https:\\\/\\\/www.organisator.ch\\\/#\\\/schema\\\/person\\\/4e51799071cd2dd1232ac003643ef5f0\"},\"headline\":\"Andrea Arcidiacono wird neuer Bundesratssprecher\",\"datePublished\":\"2024-09-20T18:59:56+00:00\",\"dateModified\":\"2024-11-08T07:39:24+00:00\",\"mainEntityOfPage\":{\"@id\":\"https:\\\/\\\/www.organisator.ch\\\/marketing\\\/2024-09-20\\\/andrea-arcidiacono-wird-neuer-bundesratssprecher\\\/\"},\"wordCount\":501,\"publisher\":{\"@id\":\"https:\\\/\\\/www.organisator.ch\\\/#organization\"},\"image\":{\"@id\":\"https:\\\/\\\/www.organisator.ch\\\/marketing\\\/2024-09-20\\\/andrea-arcidiacono-wird-neuer-bundesratssprecher\\\/#primaryimage\"},\"thumbnailUrl\":\"https:\\\/\\\/www.markt-kom.com\\\/wp-content\\\/uploads\\\/2024\\\/09\\\/Arcidiacono-SRF.jpg\",\"keywords\":[\"Bundesrat\",\"Jobchange\",\"MarKom\"],\"articleSection\":[\"MARKETING\"],\"inLanguage\":\"it-IT\"},{\"@type\":\"WebPage\",\"@id\":\"https:\\\/\\\/www.organisator.ch\\\/marketing\\\/2024-09-20\\\/andrea-arcidiacono-wird-neuer-bundesratssprecher\\\/\",\"url\":\"https:\\\/\\\/www.organisator.ch\\\/marketing\\\/2024-09-20\\\/andrea-arcidiacono-wird-neuer-bundesratssprecher\\\/\",\"name\":\"Andrea Arcidiacono wird neuer Bundesratssprecher - Organisator\",\"isPartOf\":{\"@id\":\"https:\\\/\\\/www.organisator.ch\\\/#website\"},\"primaryImageOfPage\":{\"@id\":\"https:\\\/\\\/www.organisator.ch\\\/marketing\\\/2024-09-20\\\/andrea-arcidiacono-wird-neuer-bundesratssprecher\\\/#primaryimage\"},\"image\":{\"@id\":\"https:\\\/\\\/www.organisator.ch\\\/marketing\\\/2024-09-20\\\/andrea-arcidiacono-wird-neuer-bundesratssprecher\\\/#primaryimage\"},\"thumbnailUrl\":\"https:\\\/\\\/www.markt-kom.com\\\/wp-content\\\/uploads\\\/2024\\\/09\\\/Arcidiacono-SRF.jpg\",\"datePublished\":\"2024-09-20T18:59:56+00:00\",\"dateModified\":\"2024-11-08T07:39:24+00:00\",\"description\":\"Arcidiacono wird neuer Bundesratssprecher ab 1. Oktober 2024. Er folgt auf den verstorbenen Andr\u00e9 Simonazzi.\",\"breadcrumb\":{\"@id\":\"https:\\\/\\\/www.organisator.ch\\\/marketing\\\/2024-09-20\\\/andrea-arcidiacono-wird-neuer-bundesratssprecher\\\/#breadcrumb\"},\"inLanguage\":\"it-IT\",\"potentialAction\":[{\"@type\":\"ReadAction\",\"target\":[\"https:\\\/\\\/www.organisator.ch\\\/marketing\\\/2024-09-20\\\/andrea-arcidiacono-wird-neuer-bundesratssprecher\\\/\"]}]},{\"@type\":\"ImageObject\",\"inLanguage\":\"it-IT\",\"@id\":\"https:\\\/\\\/www.organisator.ch\\\/marketing\\\/2024-09-20\\\/andrea-arcidiacono-wird-neuer-bundesratssprecher\\\/#primaryimage\",\"url\":\"https:\\\/\\\/www.markt-kom.com\\\/wp-content\\\/uploads\\\/2024\\\/09\\\/Arcidiacono-SRF.jpg\",\"contentUrl\":\"https:\\\/\\\/www.markt-kom.com\\\/wp-content\\\/uploads\\\/2024\\\/09\\\/Arcidiacono-SRF.jpg\"},{\"@type\":\"BreadcrumbList\",\"@id\":\"https:\\\/\\\/www.organisator.ch\\\/marketing\\\/2024-09-20\\\/andrea-arcidiacono-wird-neuer-bundesratssprecher\\\/#breadcrumb\",\"itemListElement\":[{\"@type\":\"ListItem\",\"position\":1,\"name\":\"Home\",\"item\":\"https:\\\/\\\/www.organisator.ch\\\/\"},{\"@type\":\"ListItem\",\"position\":2,\"name\":\"Andrea Arcidiacono wird neuer Bundesratssprecher\"}]},{\"@type\":\"WebSite\",\"@id\":\"https:\\\/\\\/www.organisator.ch\\\/#website\",\"url\":\"https:\\\/\\\/www.organisator.ch\\\/\",\"name\":\"Organisator\",\"description\":\"Kompetent. Praxisnah. Der ORGANISATOR bereitet in 10 Ausgaben pro Jahr die wesentlichen Themen f\u00fcr F\u00fchrungskr\u00e4fte von KMU auf.\",\"publisher\":{\"@id\":\"https:\\\/\\\/www.organisator.ch\\\/#organization\"},\"potentialAction\":[{\"@type\":\"SearchAction\",\"target\":{\"@type\":\"EntryPoint\",\"urlTemplate\":\"https:\\\/\\\/www.organisator.ch\\\/?s={search_term_string}\"},\"query-input\":{\"@type\":\"PropertyValueSpecification\",\"valueRequired\":true,\"valueName\":\"search_term_string\"}}],\"inLanguage\":\"it-IT\"},{\"@type\":\"Organization\",\"@id\":\"https:\\\/\\\/www.organisator.ch\\\/#organization\",\"name\":\"Organisator\",\"url\":\"https:\\\/\\\/www.organisator.ch\\\/\",\"logo\":{\"@type\":\"ImageObject\",\"inLanguage\":\"it-IT\",\"@id\":\"https:\\\/\\\/www.organisator.ch\\\/#\\\/schema\\\/logo\\\/image\\\/\",\"url\":\"https:\\\/\\\/www.organisator.ch\\\/wp-content\\\/uploads\\\/2022\\\/01\\\/Logo_Organisator_Website.png\",\"contentUrl\":\"https:\\\/\\\/www.organisator.ch\\\/wp-content\\\/uploads\\\/2022\\\/01\\\/Logo_Organisator_Website.png\",\"width\":800,\"height\":77,\"caption\":\"Organisator\"},\"image\":{\"@id\":\"https:\\\/\\\/www.organisator.ch\\\/#\\\/schema\\\/logo\\\/image\\\/\"},\"sameAs\":[\"https:\\\/\\\/www.facebook.com\\\/OrganisatorFachmagazin\",\"https:\\\/\\\/www.linkedin.com\\\/showcase\\\/organisator-das-magazin-fr-kmu\",\"https:\\\/\\\/www.xing.com\\\/news\\\/pages\\\/organisator-ch-695\",\"https:\\\/\\\/www.youtube.com\\\/channel\\\/UCGP2Sq0iWaZwT3BdIAQFYpw\"]},{\"@type\":\"Person\",\"@id\":\"https:\\\/\\\/www.organisator.ch\\\/#\\\/schema\\\/person\\\/4e51799071cd2dd1232ac003643ef5f0\",\"name\":\"galledia\",\"image\":{\"@type\":\"ImageObject\",\"inLanguage\":\"it-IT\",\"@id\":\"https:\\\/\\\/secure.gravatar.com\\\/avatar\\\/78a7f90c01fc2bfc875782a0d4922b37cde2cf184ce347b91316d23cd7f69a36?s=96&d=mm&r=g\",\"url\":\"https:\\\/\\\/secure.gravatar.com\\\/avatar\\\/78a7f90c01fc2bfc875782a0d4922b37cde2cf184ce347b91316d23cd7f69a36?s=96&d=mm&r=g\",\"contentUrl\":\"https:\\\/\\\/secure.gravatar.com\\\/avatar\\\/78a7f90c01fc2bfc875782a0d4922b37cde2cf184ce347b91316d23cd7f69a36?s=96&d=mm&r=g\",\"caption\":\"galledia\"},\"sameAs\":[\"https:\\\/\\\/x.com\\\/admin\"],\"url\":\"https:\\\/\\\/www.organisator.ch\\\/it\\\/author\\\/galledia\\\/\"}]}<\/script>\n<!-- \/ Yoast SEO plugin. -->","yoast_head_json":{"title":"Andrea Arcidiacono \u00e8 il nuovo portavoce del Consiglio federale - Organizzatore","description":"Arcidiacono diventer\u00e0 il nuovo portavoce del Consiglio federale dal 1\u00b0 ottobre 2024, succedendo al defunto Andr\u00e9 Simonazzi.","robots":{"index":"index","follow":"follow","max-snippet":"max-snippet:-1","max-image-preview":"max-image-preview:large","max-video-preview":"max-video-preview:-1"},"canonical":"https:\/\/www.organisator.ch\/it\/marketing\/2024-09-20\/andrea-arcidiacono-wird-neuer-bundesratssprecher\/","og_locale":"it_IT","og_type":"article","og_title":"Andrea Arcidiacono wird neuer Bundesratssprecher - Organisator","og_description":"Arcidiacono wird neuer Bundesratssprecher ab 1. Oktober 2024. Er folgt auf den verstorbenen Andr\u00e9 Simonazzi.","og_url":"https:\/\/www.organisator.ch\/it\/marketing\/2024-09-20\/andrea-arcidiacono-wird-neuer-bundesratssprecher\/","og_site_name":"Organisator","article_publisher":"https:\/\/www.facebook.com\/OrganisatorFachmagazin","article_published_time":"2024-09-20T18:59:56+00:00","article_modified_time":"2024-11-08T07:39:24+00:00","og_image":[{"url":"https:\/\/www.markt-kom.com\/wp-content\/uploads\/2024\/09\/Arcidiacono-SRF.jpg","type":"","width":"","height":""}],"author":"galledia","twitter_card":"summary_large_image","twitter_creator":"@admin","schema":{"@context":"https:\/\/schema.org","@graph":[{"@type":"Article","@id":"https:\/\/www.organisator.ch\/marketing\/2024-09-20\/andrea-arcidiacono-wird-neuer-bundesratssprecher\/#article","isPartOf":{"@id":"https:\/\/www.organisator.ch\/marketing\/2024-09-20\/andrea-arcidiacono-wird-neuer-bundesratssprecher\/"},"author":{"name":"galledia","@id":"https:\/\/www.organisator.ch\/#\/schema\/person\/4e51799071cd2dd1232ac003643ef5f0"},"headline":"Andrea Arcidiacono wird neuer Bundesratssprecher","datePublished":"2024-09-20T18:59:56+00:00","dateModified":"2024-11-08T07:39:24+00:00","mainEntityOfPage":{"@id":"https:\/\/www.organisator.ch\/marketing\/2024-09-20\/andrea-arcidiacono-wird-neuer-bundesratssprecher\/"},"wordCount":501,"publisher":{"@id":"https:\/\/www.organisator.ch\/#organization"},"image":{"@id":"https:\/\/www.organisator.ch\/marketing\/2024-09-20\/andrea-arcidiacono-wird-neuer-bundesratssprecher\/#primaryimage"},"thumbnailUrl":"https:\/\/www.markt-kom.com\/wp-content\/uploads\/2024\/09\/Arcidiacono-SRF.jpg","keywords":["Bundesrat","Jobchange","MarKom"],"articleSection":["MARKETING"],"inLanguage":"it-IT"},{"@type":"WebPage","@id":"https:\/\/www.organisator.ch\/marketing\/2024-09-20\/andrea-arcidiacono-wird-neuer-bundesratssprecher\/","url":"https:\/\/www.organisator.ch\/marketing\/2024-09-20\/andrea-arcidiacono-wird-neuer-bundesratssprecher\/","name":"Andrea Arcidiacono \u00e8 il nuovo portavoce del Consiglio federale - Organizzatore","isPartOf":{"@id":"https:\/\/www.organisator.ch\/#website"},"primaryImageOfPage":{"@id":"https:\/\/www.organisator.ch\/marketing\/2024-09-20\/andrea-arcidiacono-wird-neuer-bundesratssprecher\/#primaryimage"},"image":{"@id":"https:\/\/www.organisator.ch\/marketing\/2024-09-20\/andrea-arcidiacono-wird-neuer-bundesratssprecher\/#primaryimage"},"thumbnailUrl":"https:\/\/www.markt-kom.com\/wp-content\/uploads\/2024\/09\/Arcidiacono-SRF.jpg","datePublished":"2024-09-20T18:59:56+00:00","dateModified":"2024-11-08T07:39:24+00:00","description":"Arcidiacono diventer\u00e0 il nuovo portavoce del Consiglio federale dal 1\u00b0 ottobre 2024, succedendo al defunto Andr\u00e9 Simonazzi.","breadcrumb":{"@id":"https:\/\/www.organisator.ch\/marketing\/2024-09-20\/andrea-arcidiacono-wird-neuer-bundesratssprecher\/#breadcrumb"},"inLanguage":"it-IT","potentialAction":[{"@type":"ReadAction","target":["https:\/\/www.organisator.ch\/marketing\/2024-09-20\/andrea-arcidiacono-wird-neuer-bundesratssprecher\/"]}]},{"@type":"ImageObject","inLanguage":"it-IT","@id":"https:\/\/www.organisator.ch\/marketing\/2024-09-20\/andrea-arcidiacono-wird-neuer-bundesratssprecher\/#primaryimage","url":"https:\/\/www.markt-kom.com\/wp-content\/uploads\/2024\/09\/Arcidiacono-SRF.jpg","contentUrl":"https:\/\/www.markt-kom.com\/wp-content\/uploads\/2024\/09\/Arcidiacono-SRF.jpg"},{"@type":"BreadcrumbList","@id":"https:\/\/www.organisator.ch\/marketing\/2024-09-20\/andrea-arcidiacono-wird-neuer-bundesratssprecher\/#breadcrumb","itemListElement":[{"@type":"ListItem","position":1,"name":"Home","item":"https:\/\/www.organisator.ch\/"},{"@type":"ListItem","position":2,"name":"Andrea Arcidiacono wird neuer Bundesratssprecher"}]},{"@type":"WebSite","@id":"https:\/\/www.organisator.ch\/#website","url":"https:\/\/www.organisator.ch\/","name":"Organizzatore","description":"Competente. Pratico. In 10 numeri all'anno, ORGANISATOR presenta i temi essenziali per i manager delle PMI.","publisher":{"@id":"https:\/\/www.organisator.ch\/#organization"},"potentialAction":[{"@type":"SearchAction","target":{"@type":"EntryPoint","urlTemplate":"https:\/\/www.organisator.ch\/?s={search_term_string}"},"query-input":{"@type":"PropertyValueSpecification","valueRequired":true,"valueName":"search_term_string"}}],"inLanguage":"it-IT"},{"@type":"Organization","@id":"https:\/\/www.organisator.ch\/#organization","name":"Organizzatore","url":"https:\/\/www.organisator.ch\/","logo":{"@type":"ImageObject","inLanguage":"it-IT","@id":"https:\/\/www.organisator.ch\/#\/schema\/logo\/image\/","url":"https:\/\/www.organisator.ch\/wp-content\/uploads\/2022\/01\/Logo_Organisator_Website.png","contentUrl":"https:\/\/www.organisator.ch\/wp-content\/uploads\/2022\/01\/Logo_Organisator_Website.png","width":800,"height":77,"caption":"Organisator"},"image":{"@id":"https:\/\/www.organisator.ch\/#\/schema\/logo\/image\/"},"sameAs":["https:\/\/www.facebook.com\/OrganisatorFachmagazin","https:\/\/www.linkedin.com\/showcase\/organisator-das-magazin-fr-kmu","https:\/\/www.xing.com\/news\/pages\/organisator-ch-695","https:\/\/www.youtube.com\/channel\/UCGP2Sq0iWaZwT3BdIAQFYpw"]},{"@type":"Person","@id":"https:\/\/www.organisator.ch\/#\/schema\/person\/4e51799071cd2dd1232ac003643ef5f0","name":"galledia","image":{"@type":"ImageObject","inLanguage":"it-IT","@id":"https:\/\/secure.gravatar.com\/avatar\/78a7f90c01fc2bfc875782a0d4922b37cde2cf184ce347b91316d23cd7f69a36?s=96&d=mm&r=g","url":"https:\/\/secure.gravatar.com\/avatar\/78a7f90c01fc2bfc875782a0d4922b37cde2cf184ce347b91316d23cd7f69a36?s=96&d=mm&r=g","contentUrl":"https:\/\/secure.gravatar.com\/avatar\/78a7f90c01fc2bfc875782a0d4922b37cde2cf184ce347b91316d23cd7f69a36?s=96&d=mm&r=g","caption":"galledia"},"sameAs":["https:\/\/x.com\/admin"],"url":"https:\/\/www.organisator.ch\/it\/author\/galledia\/"}]}},"_links":{"self":[{"href":"https:\/\/www.organisator.ch\/it\/wp-json\/wp\/v2\/posts\/29970","targetHints":{"allow":["GET"]}}],"collection":[{"href":"https:\/\/www.organisator.ch\/it\/wp-json\/wp\/v2\/posts"}],"about":[{"href":"https:\/\/www.organisator.ch\/it\/wp-json\/wp\/v2\/types\/post"}],"author":[{"embeddable":true,"href":"https:\/\/www.organisator.ch\/it\/wp-json\/wp\/v2\/users\/8"}],"replies":[{"embeddable":true,"href":"https:\/\/www.organisator.ch\/it\/wp-json\/wp\/v2\/comments?post=29970"}],"version-history":[{"count":7,"href":"https:\/\/www.organisator.ch\/it\/wp-json\/wp\/v2\/posts\/29970\/revisions"}],"predecessor-version":[{"id":31902,"href":"https:\/\/www.organisator.ch\/it\/wp-json\/wp\/v2\/posts\/29970\/revisions\/31902"}],"wp:attachment":[{"href":"https:\/\/www.organisator.ch\/it\/wp-json\/wp\/v2\/media?parent=29970"}],"wp:term":[{"taxonomy":"category","embeddable":true,"href":"https:\/\/www.organisator.ch\/it\/wp-json\/wp\/v2\/categories?post=29970"},{"taxonomy":"post_tag","embeddable":true,"href":"https:\/\/www.organisator.ch\/it\/wp-json\/wp\/v2\/tags?post=29970"}],"curies":[{"name":"wp","href":"https:\/\/api.w.org\/{rel}","templated":true}]}}