{"id":29975,"date":"2024-09-22T11:27:57","date_gmt":"2024-09-22T09:27:57","guid":{"rendered":"https:\/\/www.markt-kom.com\/?p=223740"},"modified":"2024-11-08T08:36:48","modified_gmt":"2024-11-08T07:36:48","slug":"nicole-kleger-von-sallea-ist-female-innovator-of-the-year","status":"publish","type":"post","link":"https:\/\/www.organisator.ch\/it\/marketing\/2024-09-22\/nicole-kleger-von-sallea-ist-female-innovator-of-the-year\/","title":{"rendered":"Nicole Kleger di \"Sallea\" \u00e8 la \"Donna innovatrice dell'anno\"."},"content":{"rendered":"<figure id=\"attachment_223741\" class=\"wp-caption aligncenter\" style=\"width: 1200px\" aria-describedby=\"caption-attachment-223741\"><img class=\"aligncenter wp-image-223741 size-full\" src=\"https:\/\/www.markt-kom.com\/wp-content\/uploads\/2024\/09\/FIA-FIF-2024-Kleger.jpg\" alt=\"Forum dell&#039;innovazione femminile 2024\" width=\"1200\" height=\"900\" \/>\r\n<figcaption id=\"caption-attachment-223741\" class=\"wp-caption-text\">(Immagine: zVg.)<\/figcaption>\r\n<\/figure>\r\n<p>Il Female Innovation Forum si rivolge a fondatrici e giovani imprenditrici e mette in contatto il mondo delle startup in Svizzera e all'estero. Secondo l'EY Startup Barometer (2023), solo il 5% delle startup fondate da donne ha ricevuto capitale di rischio. Il forum si \u00e8 posto l'obiettivo di aumentare costantemente questa percentuale e di promuovere e mettere in rete le giovani imprenditrici per rafforzare a lungo termine la piazza economica svizzera.<\/p>\r\n<p>Per la settima volta, nell'ambito del Female Innovation Forum, sono stati assegnati premi a donne innovative in varie categorie. Con il \"Female Innovator of the Year\" e il \"Recognition Award\", anche quest'anno sono stati assegnati due premi della giuria. Inoltre, altre quattro fondatrici sono state premiate insieme a vari partner Collab nelle categorie \"Innovazione sociale\", \"Innovazione digitale\", \"Innovazione per la diversit\u00e0 e l'inclusione\" e \"Innovazione nel design\". La fondatrice e presidente della giuria Sandra-Stella Triebl sottolinea: \"L'economia ha anche un volto femminile. Noi lo mostriamo e lo celebriamo\".<\/p>\r\n<h3>Programma giornaliero con conferenze e workshop<\/h3>\r\n<p>Anche quest'anno il Female Innovation Forum ha offerto diverse opportunit\u00e0 di networking. Nel corso di workshop guidati con cinque fondatrici provenienti da diversi settori, le 260 partecipanti hanno potuto scambiare esperienze e idee e stabilire contatti preziosi.<\/p>\r\n<p>Marion Fogli della banca privata digitale Alpian ha parlato della competenza finanziaria come motore dell'innovazione, mentre l'esperta di imprenditoria sociale Katherin Milligan ha illustrato il percorso per diventare un leader del cambiamento sociale. Larissa Huisgen, vicepresidente di BMW Brand Portfolio, ha spiegato come la trasformazione sia possibile grazie all'innovazione, mentre Pina Schlombs, responsabile della sostenibilit\u00e0 di Siemens, ha presentato l'innovazione come turbo per le industrie sostenibili. Sarah Harbarth della start-up Kuori ha presentato soluzioni per l'economia circolare con una tecnologia innovativa di upcycling.<\/p>\r\n<p>La giornata \u00e8 stata coronata dalla serata di premiazione sotto forma di cena di gala, accompagnata da un altro discorso chiave di Larisa B. Miller, CEO di Phoenix Global Group Holdings.<\/p>\r\n<h3>Premio \"Innovatore femminile dell'anno\" per Nicole Kleger<\/h3>\r\n<p>Il premio principale del Female Innovation Forum 2024, presentato in collaborazione con BMW Svizzera, \u00e8 andato alla spin-off del Politecnico di Zurigo \"Sallea\" e ha premiato la cofondatrice Nicole Kleger. La start-up ha sviluppato un processo innovativo per la produzione di biomateriali per creare strutture tridimensionali su cui far crescere i tessuti della carne. La loro stampa 3D pu\u00f2 essere utilizzata, ad esempio, come base per la coltivazione di carne in laboratorio.<\/p>\r\n<h3>\"Premio di riconoscimento\" per Margaux Peltier<\/h3>\r\n<p>Lo spin-off del Politecnico federale di Losanna EPFL ha sviluppato una soluzione innovativa per utilizzare il calore e il freddo delle infrastrutture sotterranee esistenti. Enerdrape ha progettato pannelli geotermici che possono essere installati in gallerie, parcheggi o stazioni sotterranee. Al loro interno passano diversi strati di tubi, attraverso i quali circola l'acqua e che diventano scambiatori di calore. In questo modo, l'energia degli edifici esistenti viene utilizzata direttamente nel sottosuolo.<\/p>\r\n<p>L'ingegnere Margaux Peltier \u00e8 CEO e cofondatore di \"Enerdrape\" ed \u00e8 responsabile dello sviluppo della strategia aziendale e della sua attuazione. Per questo ha ricevuto il \"Recognition Award\", consegnatole dalla banca privata digitale Alpian.<\/p>\r\n<h3>Quattro premi per donne eccezionali<\/h3>\r\n<p>Il Female Innovation Forum \u00e8 sostenuto da BMW, dalla banca privata digitale Alpian, da DQSolutions, da Siemens, da USM e dal Cantone di Zurigo. Ognuno di loro ha consegnato un premio.<\/p>\r\n<p>Il premio per l'innovazione sociale, in collaborazione con l'Ufficio del lavoro del Cantone di Zurigo, \u00e8 stato consegnato a Sarah Taubman per la sua app e il suo empowerment con\u00a0<a href=\"https:\/\/tarapips-empowerment.com\/\">\"Tara &amp; Pipps\"<\/a>Storie di bambini come preparazione agli interventi medici.<\/p>\r\n<p>Quest'anno il premio per l'innovazione digitale di DQ Solutions \u00e8 andato a Olga Miler, che ha vinto il premio con\u00a0<a href=\"https:\/\/smartpurse.me\/de-ch\">\"Borsa intelligente\"<\/a>\u00a0per una maggiore conoscenza finanziaria come base per la prosperit\u00e0.<\/p>\r\n<p>Siemens ha consegnato il suo Diversity &amp; Inclusion Award a Lisa St\u00e4hli, fondatrice di\u00a0<a href=\"https:\/\/www.hello5050.world\/\">\"ciao mondo 50:50\"<\/a>\u00a0per il loro impegno e per un \"insieme migliore\".<\/p>\r\n<p>E il premio per il design di USM Modular Furniture \u00e8 andato a Ramona Schwarz di\u00a0<a href=\"https:\/\/raynecare.com\/\">\"Rayne Care\"<\/a>\u00a0per il suo disco mestruale.<\/p>","protected":false},"excerpt":{"rendered":"<p>Gioved\u00ec scorso, il Female Innovation Forum (FIF) si \u00e8 svolto per la settima volta presso il BMW Group Brand Experience Centre di D\u00fcbendorf. Organizzato dalla comunit\u00e0 imprenditoriale \"Ladies Drive\", l'evento di quest'anno \u00e8 stato ancora una volta il palcoscenico per il premio \"Innovatore femminile dell'anno\", che quest'anno \u00e8 stato consegnato a Nicole Kleger dello spin-off Sallea dell'ETH.<\/p>","protected":false},"author":8,"featured_media":0,"comment_status":"closed","ping_status":"closed","sticky":false,"template":"","format":"standard","meta":{"_acf_changed":false,"_yoast_wpseo_focuskw":"Female Innovation Forum 2024","_yoast_wpseo_metadesc":"Female Innovation Forum 2024 vernetzt Gr\u00fcnderinnen und vergibt Awards f\u00fcr herausragende Leistungen in verschiedenen Kategorien.","articlekey":"","footnotes":""},"categories":[29],"tags":[66,4522,4523],"class_list":["post-29975","post","type-post","status-publish","format-standard","hentry","category-marketing","tag-awards","tag-female-innovation-forum","tag-ladies-drive"],"acf":[],"yoast_head":"<!-- This site is optimized with the Yoast SEO plugin v27.5 - https:\/\/yoast.com\/product\/yoast-seo-wordpress\/ -->\n<title>Nicole Kleger von \u00abSallea\u00bb ist \u00abFemale Innovator of the Year\u00bb - Organisator<\/title>\n<meta name=\"description\" content=\"Female Innovation Forum 2024 vernetzt Gr\u00fcnderinnen und vergibt Awards f\u00fcr herausragende Leistungen in verschiedenen Kategorien.\" \/>\n<meta name=\"robots\" content=\"index, follow, max-snippet:-1, max-image-preview:large, max-video-preview:-1\" \/>\n<link rel=\"canonical\" href=\"https:\/\/www.organisator.ch\/it\/marketing\/2024-09-22\/nicole-kleger-von-sallea-ist-female-innovator-of-the-year\/\" \/>\n<meta property=\"og:locale\" content=\"it_IT\" \/>\n<meta property=\"og:type\" content=\"article\" \/>\n<meta property=\"og:title\" content=\"Nicole Kleger von \u00abSallea\u00bb ist \u00abFemale Innovator of the Year\u00bb - Organisator\" \/>\n<meta property=\"og:description\" content=\"Female Innovation Forum 2024 vernetzt Gr\u00fcnderinnen und vergibt Awards f\u00fcr herausragende Leistungen in verschiedenen Kategorien.\" \/>\n<meta property=\"og:url\" content=\"https:\/\/www.organisator.ch\/it\/marketing\/2024-09-22\/nicole-kleger-von-sallea-ist-female-innovator-of-the-year\/\" \/>\n<meta property=\"og:site_name\" content=\"Organisator\" \/>\n<meta property=\"article:publisher\" content=\"https:\/\/www.facebook.com\/OrganisatorFachmagazin\" \/>\n<meta property=\"article:published_time\" content=\"2024-09-22T09:27:57+00:00\" \/>\n<meta property=\"article:modified_time\" content=\"2024-11-08T07:36:48+00:00\" \/>\n<meta property=\"og:image\" content=\"https:\/\/www.markt-kom.com\/wp-content\/uploads\/2024\/09\/FIA-FIF-2024-Kleger.jpg\" \/>\n<meta name=\"author\" content=\"galledia\" \/>\n<meta name=\"twitter:card\" content=\"summary_large_image\" \/>\n<meta name=\"twitter:creator\" content=\"@admin\" \/>\n<script type=\"application\/ld+json\" class=\"yoast-schema-graph\">{\"@context\":\"https:\\\/\\\/schema.org\",\"@graph\":[{\"@type\":\"Article\",\"@id\":\"https:\\\/\\\/www.organisator.ch\\\/marketing\\\/2024-09-22\\\/nicole-kleger-von-sallea-ist-female-innovator-of-the-year\\\/#article\",\"isPartOf\":{\"@id\":\"https:\\\/\\\/www.organisator.ch\\\/marketing\\\/2024-09-22\\\/nicole-kleger-von-sallea-ist-female-innovator-of-the-year\\\/\"},\"author\":{\"name\":\"galledia\",\"@id\":\"https:\\\/\\\/www.organisator.ch\\\/#\\\/schema\\\/person\\\/4e51799071cd2dd1232ac003643ef5f0\"},\"headline\":\"Nicole Kleger von \u00abSallea\u00bb ist \u00abFemale Innovator of the Year\u00bb\",\"datePublished\":\"2024-09-22T09:27:57+00:00\",\"dateModified\":\"2024-11-08T07:36:48+00:00\",\"mainEntityOfPage\":{\"@id\":\"https:\\\/\\\/www.organisator.ch\\\/marketing\\\/2024-09-22\\\/nicole-kleger-von-sallea-ist-female-innovator-of-the-year\\\/\"},\"wordCount\":650,\"publisher\":{\"@id\":\"https:\\\/\\\/www.organisator.ch\\\/#organization\"},\"image\":{\"@id\":\"https:\\\/\\\/www.organisator.ch\\\/marketing\\\/2024-09-22\\\/nicole-kleger-von-sallea-ist-female-innovator-of-the-year\\\/#primaryimage\"},\"thumbnailUrl\":\"https:\\\/\\\/www.markt-kom.com\\\/wp-content\\\/uploads\\\/2024\\\/09\\\/FIA-FIF-2024-Kleger.jpg\",\"keywords\":[\"Awards\",\"Female Innovation Forum\",\"Ladies Drive\"],\"articleSection\":[\"MARKETING\"],\"inLanguage\":\"it-IT\"},{\"@type\":\"WebPage\",\"@id\":\"https:\\\/\\\/www.organisator.ch\\\/marketing\\\/2024-09-22\\\/nicole-kleger-von-sallea-ist-female-innovator-of-the-year\\\/\",\"url\":\"https:\\\/\\\/www.organisator.ch\\\/marketing\\\/2024-09-22\\\/nicole-kleger-von-sallea-ist-female-innovator-of-the-year\\\/\",\"name\":\"Nicole Kleger von \u00abSallea\u00bb ist \u00abFemale Innovator of the Year\u00bb - Organisator\",\"isPartOf\":{\"@id\":\"https:\\\/\\\/www.organisator.ch\\\/#website\"},\"primaryImageOfPage\":{\"@id\":\"https:\\\/\\\/www.organisator.ch\\\/marketing\\\/2024-09-22\\\/nicole-kleger-von-sallea-ist-female-innovator-of-the-year\\\/#primaryimage\"},\"image\":{\"@id\":\"https:\\\/\\\/www.organisator.ch\\\/marketing\\\/2024-09-22\\\/nicole-kleger-von-sallea-ist-female-innovator-of-the-year\\\/#primaryimage\"},\"thumbnailUrl\":\"https:\\\/\\\/www.markt-kom.com\\\/wp-content\\\/uploads\\\/2024\\\/09\\\/FIA-FIF-2024-Kleger.jpg\",\"datePublished\":\"2024-09-22T09:27:57+00:00\",\"dateModified\":\"2024-11-08T07:36:48+00:00\",\"description\":\"Female Innovation Forum 2024 vernetzt Gr\u00fcnderinnen und vergibt Awards f\u00fcr herausragende Leistungen in verschiedenen Kategorien.\",\"breadcrumb\":{\"@id\":\"https:\\\/\\\/www.organisator.ch\\\/marketing\\\/2024-09-22\\\/nicole-kleger-von-sallea-ist-female-innovator-of-the-year\\\/#breadcrumb\"},\"inLanguage\":\"it-IT\",\"potentialAction\":[{\"@type\":\"ReadAction\",\"target\":[\"https:\\\/\\\/www.organisator.ch\\\/marketing\\\/2024-09-22\\\/nicole-kleger-von-sallea-ist-female-innovator-of-the-year\\\/\"]}]},{\"@type\":\"ImageObject\",\"inLanguage\":\"it-IT\",\"@id\":\"https:\\\/\\\/www.organisator.ch\\\/marketing\\\/2024-09-22\\\/nicole-kleger-von-sallea-ist-female-innovator-of-the-year\\\/#primaryimage\",\"url\":\"https:\\\/\\\/www.markt-kom.com\\\/wp-content\\\/uploads\\\/2024\\\/09\\\/FIA-FIF-2024-Kleger.jpg\",\"contentUrl\":\"https:\\\/\\\/www.markt-kom.com\\\/wp-content\\\/uploads\\\/2024\\\/09\\\/FIA-FIF-2024-Kleger.jpg\"},{\"@type\":\"BreadcrumbList\",\"@id\":\"https:\\\/\\\/www.organisator.ch\\\/marketing\\\/2024-09-22\\\/nicole-kleger-von-sallea-ist-female-innovator-of-the-year\\\/#breadcrumb\",\"itemListElement\":[{\"@type\":\"ListItem\",\"position\":1,\"name\":\"Home\",\"item\":\"https:\\\/\\\/www.organisator.ch\\\/\"},{\"@type\":\"ListItem\",\"position\":2,\"name\":\"Nicole Kleger von \u00abSallea\u00bb ist \u00abFemale Innovator of the Year\u00bb\"}]},{\"@type\":\"WebSite\",\"@id\":\"https:\\\/\\\/www.organisator.ch\\\/#website\",\"url\":\"https:\\\/\\\/www.organisator.ch\\\/\",\"name\":\"Organisator\",\"description\":\"Kompetent. Praxisnah. Der ORGANISATOR bereitet in 10 Ausgaben pro Jahr die wesentlichen Themen f\u00fcr F\u00fchrungskr\u00e4fte von KMU auf.\",\"publisher\":{\"@id\":\"https:\\\/\\\/www.organisator.ch\\\/#organization\"},\"potentialAction\":[{\"@type\":\"SearchAction\",\"target\":{\"@type\":\"EntryPoint\",\"urlTemplate\":\"https:\\\/\\\/www.organisator.ch\\\/?s={search_term_string}\"},\"query-input\":{\"@type\":\"PropertyValueSpecification\",\"valueRequired\":true,\"valueName\":\"search_term_string\"}}],\"inLanguage\":\"it-IT\"},{\"@type\":\"Organization\",\"@id\":\"https:\\\/\\\/www.organisator.ch\\\/#organization\",\"name\":\"Organisator\",\"url\":\"https:\\\/\\\/www.organisator.ch\\\/\",\"logo\":{\"@type\":\"ImageObject\",\"inLanguage\":\"it-IT\",\"@id\":\"https:\\\/\\\/www.organisator.ch\\\/#\\\/schema\\\/logo\\\/image\\\/\",\"url\":\"https:\\\/\\\/www.organisator.ch\\\/wp-content\\\/uploads\\\/2022\\\/01\\\/Logo_Organisator_Website.png\",\"contentUrl\":\"https:\\\/\\\/www.organisator.ch\\\/wp-content\\\/uploads\\\/2022\\\/01\\\/Logo_Organisator_Website.png\",\"width\":800,\"height\":77,\"caption\":\"Organisator\"},\"image\":{\"@id\":\"https:\\\/\\\/www.organisator.ch\\\/#\\\/schema\\\/logo\\\/image\\\/\"},\"sameAs\":[\"https:\\\/\\\/www.facebook.com\\\/OrganisatorFachmagazin\",\"https:\\\/\\\/www.linkedin.com\\\/showcase\\\/organisator-das-magazin-fr-kmu\",\"https:\\\/\\\/www.xing.com\\\/news\\\/pages\\\/organisator-ch-695\",\"https:\\\/\\\/www.youtube.com\\\/channel\\\/UCGP2Sq0iWaZwT3BdIAQFYpw\"]},{\"@type\":\"Person\",\"@id\":\"https:\\\/\\\/www.organisator.ch\\\/#\\\/schema\\\/person\\\/4e51799071cd2dd1232ac003643ef5f0\",\"name\":\"galledia\",\"image\":{\"@type\":\"ImageObject\",\"inLanguage\":\"it-IT\",\"@id\":\"https:\\\/\\\/secure.gravatar.com\\\/avatar\\\/78a7f90c01fc2bfc875782a0d4922b37cde2cf184ce347b91316d23cd7f69a36?s=96&d=mm&r=g\",\"url\":\"https:\\\/\\\/secure.gravatar.com\\\/avatar\\\/78a7f90c01fc2bfc875782a0d4922b37cde2cf184ce347b91316d23cd7f69a36?s=96&d=mm&r=g\",\"contentUrl\":\"https:\\\/\\\/secure.gravatar.com\\\/avatar\\\/78a7f90c01fc2bfc875782a0d4922b37cde2cf184ce347b91316d23cd7f69a36?s=96&d=mm&r=g\",\"caption\":\"galledia\"},\"sameAs\":[\"https:\\\/\\\/x.com\\\/admin\"],\"url\":\"https:\\\/\\\/www.organisator.ch\\\/it\\\/author\\\/galledia\\\/\"}]}<\/script>\n<!-- \/ Yoast SEO plugin. -->","yoast_head_json":{"title":"Nicole Kleger di \"Sallea\" \u00e8 \"Innovatrice dell'anno\" - Organizzatore","description":"Il Female Innovation Forum 2024 mette in rete le fondatrici e conferisce premi per i risultati eccezionali in varie categorie.","robots":{"index":"index","follow":"follow","max-snippet":"max-snippet:-1","max-image-preview":"max-image-preview:large","max-video-preview":"max-video-preview:-1"},"canonical":"https:\/\/www.organisator.ch\/it\/marketing\/2024-09-22\/nicole-kleger-von-sallea-ist-female-innovator-of-the-year\/","og_locale":"it_IT","og_type":"article","og_title":"Nicole Kleger von \u00abSallea\u00bb ist \u00abFemale Innovator of the Year\u00bb - Organisator","og_description":"Female Innovation Forum 2024 vernetzt Gr\u00fcnderinnen und vergibt Awards f\u00fcr herausragende Leistungen in verschiedenen Kategorien.","og_url":"https:\/\/www.organisator.ch\/it\/marketing\/2024-09-22\/nicole-kleger-von-sallea-ist-female-innovator-of-the-year\/","og_site_name":"Organisator","article_publisher":"https:\/\/www.facebook.com\/OrganisatorFachmagazin","article_published_time":"2024-09-22T09:27:57+00:00","article_modified_time":"2024-11-08T07:36:48+00:00","og_image":[{"url":"https:\/\/www.markt-kom.com\/wp-content\/uploads\/2024\/09\/FIA-FIF-2024-Kleger.jpg","type":"","width":"","height":""}],"author":"galledia","twitter_card":"summary_large_image","twitter_creator":"@admin","schema":{"@context":"https:\/\/schema.org","@graph":[{"@type":"Article","@id":"https:\/\/www.organisator.ch\/marketing\/2024-09-22\/nicole-kleger-von-sallea-ist-female-innovator-of-the-year\/#article","isPartOf":{"@id":"https:\/\/www.organisator.ch\/marketing\/2024-09-22\/nicole-kleger-von-sallea-ist-female-innovator-of-the-year\/"},"author":{"name":"galledia","@id":"https:\/\/www.organisator.ch\/#\/schema\/person\/4e51799071cd2dd1232ac003643ef5f0"},"headline":"Nicole Kleger von \u00abSallea\u00bb ist \u00abFemale Innovator of the Year\u00bb","datePublished":"2024-09-22T09:27:57+00:00","dateModified":"2024-11-08T07:36:48+00:00","mainEntityOfPage":{"@id":"https:\/\/www.organisator.ch\/marketing\/2024-09-22\/nicole-kleger-von-sallea-ist-female-innovator-of-the-year\/"},"wordCount":650,"publisher":{"@id":"https:\/\/www.organisator.ch\/#organization"},"image":{"@id":"https:\/\/www.organisator.ch\/marketing\/2024-09-22\/nicole-kleger-von-sallea-ist-female-innovator-of-the-year\/#primaryimage"},"thumbnailUrl":"https:\/\/www.markt-kom.com\/wp-content\/uploads\/2024\/09\/FIA-FIF-2024-Kleger.jpg","keywords":["Awards","Female Innovation Forum","Ladies Drive"],"articleSection":["MARKETING"],"inLanguage":"it-IT"},{"@type":"WebPage","@id":"https:\/\/www.organisator.ch\/marketing\/2024-09-22\/nicole-kleger-von-sallea-ist-female-innovator-of-the-year\/","url":"https:\/\/www.organisator.ch\/marketing\/2024-09-22\/nicole-kleger-von-sallea-ist-female-innovator-of-the-year\/","name":"Nicole Kleger di \"Sallea\" \u00e8 \"Innovatrice dell'anno\" - Organizzatore","isPartOf":{"@id":"https:\/\/www.organisator.ch\/#website"},"primaryImageOfPage":{"@id":"https:\/\/www.organisator.ch\/marketing\/2024-09-22\/nicole-kleger-von-sallea-ist-female-innovator-of-the-year\/#primaryimage"},"image":{"@id":"https:\/\/www.organisator.ch\/marketing\/2024-09-22\/nicole-kleger-von-sallea-ist-female-innovator-of-the-year\/#primaryimage"},"thumbnailUrl":"https:\/\/www.markt-kom.com\/wp-content\/uploads\/2024\/09\/FIA-FIF-2024-Kleger.jpg","datePublished":"2024-09-22T09:27:57+00:00","dateModified":"2024-11-08T07:36:48+00:00","description":"Il Female Innovation Forum 2024 mette in rete le fondatrici e conferisce premi per i risultati eccezionali in varie categorie.","breadcrumb":{"@id":"https:\/\/www.organisator.ch\/marketing\/2024-09-22\/nicole-kleger-von-sallea-ist-female-innovator-of-the-year\/#breadcrumb"},"inLanguage":"it-IT","potentialAction":[{"@type":"ReadAction","target":["https:\/\/www.organisator.ch\/marketing\/2024-09-22\/nicole-kleger-von-sallea-ist-female-innovator-of-the-year\/"]}]},{"@type":"ImageObject","inLanguage":"it-IT","@id":"https:\/\/www.organisator.ch\/marketing\/2024-09-22\/nicole-kleger-von-sallea-ist-female-innovator-of-the-year\/#primaryimage","url":"https:\/\/www.markt-kom.com\/wp-content\/uploads\/2024\/09\/FIA-FIF-2024-Kleger.jpg","contentUrl":"https:\/\/www.markt-kom.com\/wp-content\/uploads\/2024\/09\/FIA-FIF-2024-Kleger.jpg"},{"@type":"BreadcrumbList","@id":"https:\/\/www.organisator.ch\/marketing\/2024-09-22\/nicole-kleger-von-sallea-ist-female-innovator-of-the-year\/#breadcrumb","itemListElement":[{"@type":"ListItem","position":1,"name":"Home","item":"https:\/\/www.organisator.ch\/"},{"@type":"ListItem","position":2,"name":"Nicole Kleger von \u00abSallea\u00bb ist \u00abFemale Innovator of the Year\u00bb"}]},{"@type":"WebSite","@id":"https:\/\/www.organisator.ch\/#website","url":"https:\/\/www.organisator.ch\/","name":"Organizzatore","description":"Competente. Pratico. In 10 numeri all'anno, ORGANISATOR presenta i temi essenziali per i manager delle PMI.","publisher":{"@id":"https:\/\/www.organisator.ch\/#organization"},"potentialAction":[{"@type":"SearchAction","target":{"@type":"EntryPoint","urlTemplate":"https:\/\/www.organisator.ch\/?s={search_term_string}"},"query-input":{"@type":"PropertyValueSpecification","valueRequired":true,"valueName":"search_term_string"}}],"inLanguage":"it-IT"},{"@type":"Organization","@id":"https:\/\/www.organisator.ch\/#organization","name":"Organizzatore","url":"https:\/\/www.organisator.ch\/","logo":{"@type":"ImageObject","inLanguage":"it-IT","@id":"https:\/\/www.organisator.ch\/#\/schema\/logo\/image\/","url":"https:\/\/www.organisator.ch\/wp-content\/uploads\/2022\/01\/Logo_Organisator_Website.png","contentUrl":"https:\/\/www.organisator.ch\/wp-content\/uploads\/2022\/01\/Logo_Organisator_Website.png","width":800,"height":77,"caption":"Organisator"},"image":{"@id":"https:\/\/www.organisator.ch\/#\/schema\/logo\/image\/"},"sameAs":["https:\/\/www.facebook.com\/OrganisatorFachmagazin","https:\/\/www.linkedin.com\/showcase\/organisator-das-magazin-fr-kmu","https:\/\/www.xing.com\/news\/pages\/organisator-ch-695","https:\/\/www.youtube.com\/channel\/UCGP2Sq0iWaZwT3BdIAQFYpw"]},{"@type":"Person","@id":"https:\/\/www.organisator.ch\/#\/schema\/person\/4e51799071cd2dd1232ac003643ef5f0","name":"galledia","image":{"@type":"ImageObject","inLanguage":"it-IT","@id":"https:\/\/secure.gravatar.com\/avatar\/78a7f90c01fc2bfc875782a0d4922b37cde2cf184ce347b91316d23cd7f69a36?s=96&d=mm&r=g","url":"https:\/\/secure.gravatar.com\/avatar\/78a7f90c01fc2bfc875782a0d4922b37cde2cf184ce347b91316d23cd7f69a36?s=96&d=mm&r=g","contentUrl":"https:\/\/secure.gravatar.com\/avatar\/78a7f90c01fc2bfc875782a0d4922b37cde2cf184ce347b91316d23cd7f69a36?s=96&d=mm&r=g","caption":"galledia"},"sameAs":["https:\/\/x.com\/admin"],"url":"https:\/\/www.organisator.ch\/it\/author\/galledia\/"}]}},"_links":{"self":[{"href":"https:\/\/www.organisator.ch\/it\/wp-json\/wp\/v2\/posts\/29975","targetHints":{"allow":["GET"]}}],"collection":[{"href":"https:\/\/www.organisator.ch\/it\/wp-json\/wp\/v2\/posts"}],"about":[{"href":"https:\/\/www.organisator.ch\/it\/wp-json\/wp\/v2\/types\/post"}],"author":[{"embeddable":true,"href":"https:\/\/www.organisator.ch\/it\/wp-json\/wp\/v2\/users\/8"}],"replies":[{"embeddable":true,"href":"https:\/\/www.organisator.ch\/it\/wp-json\/wp\/v2\/comments?post=29975"}],"version-history":[{"count":6,"href":"https:\/\/www.organisator.ch\/it\/wp-json\/wp\/v2\/posts\/29975\/revisions"}],"predecessor-version":[{"id":31900,"href":"https:\/\/www.organisator.ch\/it\/wp-json\/wp\/v2\/posts\/29975\/revisions\/31900"}],"wp:attachment":[{"href":"https:\/\/www.organisator.ch\/it\/wp-json\/wp\/v2\/media?parent=29975"}],"wp:term":[{"taxonomy":"category","embeddable":true,"href":"https:\/\/www.organisator.ch\/it\/wp-json\/wp\/v2\/categories?post=29975"},{"taxonomy":"post_tag","embeddable":true,"href":"https:\/\/www.organisator.ch\/it\/wp-json\/wp\/v2\/tags?post=29975"}],"curies":[{"name":"wp","href":"https:\/\/api.w.org\/{rel}","templated":true}]}}