{"id":29989,"date":"2024-09-23T09:37:13","date_gmt":"2024-09-23T07:37:13","guid":{"rendered":"https:\/\/www.organisator.ch\/?p=29989"},"modified":"2024-09-23T09:37:13","modified_gmt":"2024-09-23T07:37:13","slug":"robeco-schweiz-ernennt-neue-head-of-sales-und-verstaerkt-das-team","status":"publish","type":"post","link":"https:\/\/www.organisator.ch\/it\/management\/2024-09-23\/robeco-schweiz-ernennt-neue-head-of-sales-und-verstaerkt-das-team\/","title":{"rendered":"Robeco Switzerland nomina il nuovo Head of Sales e rafforza il team"},"content":{"rendered":"<figure id=\"attachment_29991\" aria-describedby=\"caption-attachment-29991\" style=\"width: 680px\" class=\"wp-caption alignnone\"><img loading=\"lazy\" decoding=\"async\" class=\"size-full wp-image-29991\" src=\"https:\/\/www.organisator.ch\/wp-content\/uploads\/2024\/09\/Robeco_Bild_ps.jpg\" alt=\"\" width=\"680\" height=\"303\" srcset=\"https:\/\/www.organisator.ch\/wp-content\/uploads\/2024\/09\/Robeco_Bild_ps.jpg 680w, https:\/\/www.organisator.ch\/wp-content\/uploads\/2024\/09\/Robeco_Bild_ps-18x8.jpg 18w, https:\/\/www.organisator.ch\/wp-content\/uploads\/2024\/09\/Robeco_Bild_ps-375x167.jpg 375w\" sizes=\"auto, (max-width: 680px) 100vw, 680px\" \/><figcaption id=\"caption-attachment-29991\" class=\"wp-caption-text\">Da sinistra a destra Christophe Sohn, Carolin Hefele e Claudio Carc\u00f2. (Immagine: www.robeco.com)<\/figcaption><\/figure>\n<p>Christophe Sohn \u00e8 entrato a far parte del team di vendita di Robeco nella sede di Ginevra in qualit\u00e0 di Senior Sales Manager. Ha iniziato la sua carriera nel settore bancario presso il Cr\u00e9dit Agricole e BNP Paribas, dove si \u00e8 specializzato nella vendita di titoli a reddito fisso e derivati azionari, prima di passare alla vendita di fondi. Negli ultimi dieci anni, Sohn ha lavorato per GAM Investments, dove \u00e8 stato responsabile delle relazioni con gli investitori nella Svizzera francese.<\/p>\n<p>Claudio Carc\u00f2 \u00e8 entrato a far parte del team Wholesales di Robeco nella sede di Zurigo come Senior Sales Manager per la Svizzera e il Liechtenstein. Porta con s\u00e9 oltre 18 anni di esperienza nelle vendite e nella gestione delle relazioni. Carc\u00f2 ha iniziato la sua carriera in UBS e successivamente ha ricoperto diverse posizioni nella vendita di fondi presso asset manager come State Street Global Advisors Ltd, Swisscanto Asset Management Ltd e T. Rowe Price. Pi\u00f9 di recente, ha lavorato nel dinamico settore delle criptovalute e della blockchain presso Crypto Finance (Asset Management) Ltd., che ha lavorato in un'altra societ\u00e0.<\/p>\n<p>David Hrdina, General Manager di Robeco Switzerland, ha commentato: \"Siamo molto lieti di rafforzare il nostro team di vendita con due professionisti di grande esperienza. Non vedo l'ora di lavorare a stretto contatto con Carolin e il suo team per espandere ulteriormente il nostro business in Svizzera e servire i nostri clienti nel miglior modo possibile.\"<\/p>\n<p>Marcello Matranga, Head of Italy &amp; DACH di Robeco, ha aggiunto: \"Grazie all'alta densit\u00e0 di banche private, family office e grandi investitori istituzionali, la Svizzera rimane uno dei mercati pi\u00f9 importanti per Robeco a livello globale. Siamo pienamente impegnati a rafforzare la nostra posizione in questo mercato e non vedo l'ora di lavorare a stretto contatto con Carolin e il suo team per raggiungere i nostri ambiziosi obiettivi.\"<\/p>\n<p>Robeco \u00e8 presente in Svizzera dal 1972, quando il Gruppo ha aperto il suo primo ufficio a Zurigo. A questo \u00e8 seguito un altro ufficio a Ginevra per servire la parte francofona del Paese. L'ufficio svizzero \u00e8 un pioniere nel campo degli investimenti sostenibili, grazie alla lunga collaborazione con il leader di mercato svizzero Sustainable Asset Management (SAM), fondato nel 1995 e acquisito da Robeco nel 2006. Con quasi 100 dipendenti, Robeco \u00e8 uno dei maggiori asset manager internazionali sul mercato svizzero.<\/p>\n<p><em>Fonte: <a href=\"http:\/\/www.robeco.com\">www.robeco.com<\/a><\/em><\/p>","protected":false},"excerpt":{"rendered":"<p>Robeco ha annunciato che Carolin Hefele, entrata in Robeco nel 2021, \u00e8 stata nominata Head of Sales &amp; Marketing Switzerland and Liechtenstein. Inoltre, Robeco ha nominato due esperti professionisti delle vendite, Christophe Sohn e Claudio Carc\u00f2, che rafforzeranno le attivit\u00e0 di distribuzione nella Svizzera tedesca e francese.<\/p>","protected":false},"author":58,"featured_media":29991,"comment_status":"closed","ping_status":"closed","sticky":false,"template":"","format":"standard","meta":{"_acf_changed":false,"_yoast_wpseo_focuskw":"Head of Sales","_yoast_wpseo_metadesc":"Robeco gab bekannt, dass Carolin Hefele, seit 2021 f\u00fcr Robeco t\u00e4tig, zur Head of Sales & Marketing Schweiz und Liechtenstein ernannt wurde.","articlekey":"","footnotes":""},"categories":[28],"tags":[334,4189,424,4524],"class_list":["post-29989","post","type-post","status-publish","format-standard","has-post-thumbnail","hentry","category-management","tag-management","tag-sales","tag-schweiz","tag-team"],"acf":[],"yoast_head":"<!-- This site is optimized with the Yoast SEO plugin v27.5 - https:\/\/yoast.com\/product\/yoast-seo-wordpress\/ -->\n<title>Robeco Schweiz ernennt neue Head of Sales und verst\u00e4rkt das Team - Organisator<\/title>\n<meta name=\"description\" content=\"Robeco gab bekannt, dass Carolin Hefele, seit 2021 f\u00fcr Robeco t\u00e4tig, zur Head of Sales &amp; Marketing Schweiz und Liechtenstein ernannt wurde.\" \/>\n<meta name=\"robots\" content=\"index, follow, max-snippet:-1, max-image-preview:large, max-video-preview:-1\" \/>\n<link rel=\"canonical\" href=\"https:\/\/www.organisator.ch\/it\/gestione-2\/2024-09-23\/robeco-schweiz-ernennt-neue-head-of-sales-und-verstaerkt-das-team\/\" \/>\n<meta property=\"og:locale\" content=\"it_IT\" \/>\n<meta property=\"og:type\" content=\"article\" \/>\n<meta property=\"og:title\" content=\"Robeco Schweiz ernennt neue Head of Sales und verst\u00e4rkt das Team\" \/>\n<meta property=\"og:description\" content=\"Robeco gab bekannt, dass Carolin Hefele, seit 2021 f\u00fcr Robeco t\u00e4tig, zur Head of Sales &amp; Marketing Schweiz und Liechtenstein ernannt wurde.\" \/>\n<meta property=\"og:url\" content=\"https:\/\/www.organisator.ch\/it\/gestione-2\/2024-09-23\/robeco-schweiz-ernennt-neue-head-of-sales-und-verstaerkt-das-team\/\" \/>\n<meta property=\"og:site_name\" content=\"Organisator\" \/>\n<meta property=\"article:publisher\" content=\"https:\/\/www.facebook.com\/OrganisatorFachmagazin\" \/>\n<meta property=\"article:published_time\" content=\"2024-09-23T07:37:13+00:00\" \/>\n<meta property=\"og:image\" content=\"https:\/\/www.organisator.ch\/wp-content\/uploads\/2024\/09\/Robeco_Bild_ps.jpg\" \/>\n\t<meta property=\"og:image:width\" content=\"680\" \/>\n\t<meta property=\"og:image:height\" content=\"303\" \/>\n\t<meta property=\"og:image:type\" content=\"image\/jpeg\" \/>\n<meta name=\"author\" content=\"Adelisa Kalajdzini\" \/>\n<meta name=\"twitter:card\" content=\"summary_large_image\" \/>\n<meta name=\"twitter:title\" content=\"Robeco Schweiz ernennt neue Head of Sales und verst\u00e4rkt das Team\" \/>\n<meta name=\"twitter:description\" content=\"#Robeco gab bekannt, dass #Carolin #Hefele, seit 2021 f\u00fcr Robeco t\u00e4tig, zur #Head #of #Sales &amp; #Marketing #Schweiz und #Liechtenstein ernannt wurde.\" \/>\n<meta name=\"twitter:image\" content=\"https:\/\/www.organisator.ch\/wp-content\/uploads\/2024\/09\/Robeco_Bild_ps.jpg\" \/>\n<script type=\"application\/ld+json\" class=\"yoast-schema-graph\">{\"@context\":\"https:\\\/\\\/schema.org\",\"@graph\":[{\"@type\":\"Article\",\"@id\":\"https:\\\/\\\/www.organisator.ch\\\/management\\\/2024-09-23\\\/robeco-schweiz-ernennt-neue-head-of-sales-und-verstaerkt-das-team\\\/#article\",\"isPartOf\":{\"@id\":\"https:\\\/\\\/www.organisator.ch\\\/management\\\/2024-09-23\\\/robeco-schweiz-ernennt-neue-head-of-sales-und-verstaerkt-das-team\\\/\"},\"author\":{\"name\":\"Adelisa Kalajdzini\",\"@id\":\"https:\\\/\\\/www.organisator.ch\\\/#\\\/schema\\\/person\\\/2e1314a2172123f874db408d8911d3f3\"},\"headline\":\"Robeco Schweiz ernennt neue Head of Sales und verst\u00e4rkt das Team\",\"datePublished\":\"2024-09-23T07:37:13+00:00\",\"mainEntityOfPage\":{\"@id\":\"https:\\\/\\\/www.organisator.ch\\\/management\\\/2024-09-23\\\/robeco-schweiz-ernennt-neue-head-of-sales-und-verstaerkt-das-team\\\/\"},\"wordCount\":401,\"publisher\":{\"@id\":\"https:\\\/\\\/www.organisator.ch\\\/#organization\"},\"image\":{\"@id\":\"https:\\\/\\\/www.organisator.ch\\\/management\\\/2024-09-23\\\/robeco-schweiz-ernennt-neue-head-of-sales-und-verstaerkt-das-team\\\/#primaryimage\"},\"thumbnailUrl\":\"https:\\\/\\\/www.organisator.ch\\\/wp-content\\\/uploads\\\/2024\\\/09\\\/Robeco_Bild_ps.jpg\",\"keywords\":[\"Management\",\"Sales\",\"Schweiz\",\"Team\"],\"articleSection\":[\"MANAGEMENT\"],\"inLanguage\":\"it-IT\"},{\"@type\":\"WebPage\",\"@id\":\"https:\\\/\\\/www.organisator.ch\\\/management\\\/2024-09-23\\\/robeco-schweiz-ernennt-neue-head-of-sales-und-verstaerkt-das-team\\\/\",\"url\":\"https:\\\/\\\/www.organisator.ch\\\/management\\\/2024-09-23\\\/robeco-schweiz-ernennt-neue-head-of-sales-und-verstaerkt-das-team\\\/\",\"name\":\"Robeco Schweiz ernennt neue Head of Sales und verst\u00e4rkt das Team - Organisator\",\"isPartOf\":{\"@id\":\"https:\\\/\\\/www.organisator.ch\\\/#website\"},\"primaryImageOfPage\":{\"@id\":\"https:\\\/\\\/www.organisator.ch\\\/management\\\/2024-09-23\\\/robeco-schweiz-ernennt-neue-head-of-sales-und-verstaerkt-das-team\\\/#primaryimage\"},\"image\":{\"@id\":\"https:\\\/\\\/www.organisator.ch\\\/management\\\/2024-09-23\\\/robeco-schweiz-ernennt-neue-head-of-sales-und-verstaerkt-das-team\\\/#primaryimage\"},\"thumbnailUrl\":\"https:\\\/\\\/www.organisator.ch\\\/wp-content\\\/uploads\\\/2024\\\/09\\\/Robeco_Bild_ps.jpg\",\"datePublished\":\"2024-09-23T07:37:13+00:00\",\"description\":\"Robeco gab bekannt, dass Carolin Hefele, seit 2021 f\u00fcr Robeco t\u00e4tig, zur Head of Sales & Marketing Schweiz und Liechtenstein ernannt wurde.\",\"breadcrumb\":{\"@id\":\"https:\\\/\\\/www.organisator.ch\\\/management\\\/2024-09-23\\\/robeco-schweiz-ernennt-neue-head-of-sales-und-verstaerkt-das-team\\\/#breadcrumb\"},\"inLanguage\":\"it-IT\",\"potentialAction\":[{\"@type\":\"ReadAction\",\"target\":[\"https:\\\/\\\/www.organisator.ch\\\/management\\\/2024-09-23\\\/robeco-schweiz-ernennt-neue-head-of-sales-und-verstaerkt-das-team\\\/\"]}]},{\"@type\":\"ImageObject\",\"inLanguage\":\"it-IT\",\"@id\":\"https:\\\/\\\/www.organisator.ch\\\/management\\\/2024-09-23\\\/robeco-schweiz-ernennt-neue-head-of-sales-und-verstaerkt-das-team\\\/#primaryimage\",\"url\":\"https:\\\/\\\/www.organisator.ch\\\/wp-content\\\/uploads\\\/2024\\\/09\\\/Robeco_Bild_ps.jpg\",\"contentUrl\":\"https:\\\/\\\/www.organisator.ch\\\/wp-content\\\/uploads\\\/2024\\\/09\\\/Robeco_Bild_ps.jpg\",\"width\":680,\"height\":303,\"caption\":\"V.l.n.r Christophe Sohn, Carolin Hefele und Claudio Carc\u00f2. (Bild: www.robeco.com)\"},{\"@type\":\"BreadcrumbList\",\"@id\":\"https:\\\/\\\/www.organisator.ch\\\/management\\\/2024-09-23\\\/robeco-schweiz-ernennt-neue-head-of-sales-und-verstaerkt-das-team\\\/#breadcrumb\",\"itemListElement\":[{\"@type\":\"ListItem\",\"position\":1,\"name\":\"Home\",\"item\":\"https:\\\/\\\/www.organisator.ch\\\/\"},{\"@type\":\"ListItem\",\"position\":2,\"name\":\"Robeco Schweiz ernennt neue Head of Sales und verst\u00e4rkt das Team\"}]},{\"@type\":\"WebSite\",\"@id\":\"https:\\\/\\\/www.organisator.ch\\\/#website\",\"url\":\"https:\\\/\\\/www.organisator.ch\\\/\",\"name\":\"Organisator\",\"description\":\"Kompetent. Praxisnah. Der ORGANISATOR bereitet in 10 Ausgaben pro Jahr die wesentlichen Themen f\u00fcr F\u00fchrungskr\u00e4fte von KMU auf.\",\"publisher\":{\"@id\":\"https:\\\/\\\/www.organisator.ch\\\/#organization\"},\"potentialAction\":[{\"@type\":\"SearchAction\",\"target\":{\"@type\":\"EntryPoint\",\"urlTemplate\":\"https:\\\/\\\/www.organisator.ch\\\/?s={search_term_string}\"},\"query-input\":{\"@type\":\"PropertyValueSpecification\",\"valueRequired\":true,\"valueName\":\"search_term_string\"}}],\"inLanguage\":\"it-IT\"},{\"@type\":\"Organization\",\"@id\":\"https:\\\/\\\/www.organisator.ch\\\/#organization\",\"name\":\"Organisator\",\"url\":\"https:\\\/\\\/www.organisator.ch\\\/\",\"logo\":{\"@type\":\"ImageObject\",\"inLanguage\":\"it-IT\",\"@id\":\"https:\\\/\\\/www.organisator.ch\\\/#\\\/schema\\\/logo\\\/image\\\/\",\"url\":\"https:\\\/\\\/www.organisator.ch\\\/wp-content\\\/uploads\\\/2022\\\/01\\\/Logo_Organisator_Website.png\",\"contentUrl\":\"https:\\\/\\\/www.organisator.ch\\\/wp-content\\\/uploads\\\/2022\\\/01\\\/Logo_Organisator_Website.png\",\"width\":800,\"height\":77,\"caption\":\"Organisator\"},\"image\":{\"@id\":\"https:\\\/\\\/www.organisator.ch\\\/#\\\/schema\\\/logo\\\/image\\\/\"},\"sameAs\":[\"https:\\\/\\\/www.facebook.com\\\/OrganisatorFachmagazin\",\"https:\\\/\\\/www.linkedin.com\\\/showcase\\\/organisator-das-magazin-fr-kmu\",\"https:\\\/\\\/www.xing.com\\\/news\\\/pages\\\/organisator-ch-695\",\"https:\\\/\\\/www.youtube.com\\\/channel\\\/UCGP2Sq0iWaZwT3BdIAQFYpw\"]},{\"@type\":\"Person\",\"@id\":\"https:\\\/\\\/www.organisator.ch\\\/#\\\/schema\\\/person\\\/2e1314a2172123f874db408d8911d3f3\",\"name\":\"Adelisa Kalajdzini\",\"image\":{\"@type\":\"ImageObject\",\"inLanguage\":\"it-IT\",\"@id\":\"https:\\\/\\\/secure.gravatar.com\\\/avatar\\\/09a397c22ac58cad6f160ee8306348599df9df58a8ede73696226897b9fa4b24?s=96&d=mm&r=g\",\"url\":\"https:\\\/\\\/secure.gravatar.com\\\/avatar\\\/09a397c22ac58cad6f160ee8306348599df9df58a8ede73696226897b9fa4b24?s=96&d=mm&r=g\",\"contentUrl\":\"https:\\\/\\\/secure.gravatar.com\\\/avatar\\\/09a397c22ac58cad6f160ee8306348599df9df58a8ede73696226897b9fa4b24?s=96&d=mm&r=g\",\"caption\":\"Adelisa Kalajdzini\"},\"url\":\"https:\\\/\\\/www.organisator.ch\\\/it\\\/author\\\/adelisa-kalajdzini\\\/\"}]}<\/script>\n<!-- \/ Yoast SEO plugin. -->","yoast_head_json":{"title":"Robeco Switzerland nomina il nuovo Head of Sales e rafforza il team - Organiser","description":"Robeco ha annunciato che Carolin Hefele, entrata in Robeco nel 2021, \u00e8 stata nominata Head of Sales &amp; Marketing Switzerland and Liechtenstein.","robots":{"index":"index","follow":"follow","max-snippet":"max-snippet:-1","max-image-preview":"max-image-preview:large","max-video-preview":"max-video-preview:-1"},"canonical":"https:\/\/www.organisator.ch\/it\/gestione-2\/2024-09-23\/robeco-schweiz-ernennt-neue-head-of-sales-und-verstaerkt-das-team\/","og_locale":"it_IT","og_type":"article","og_title":"Robeco Schweiz ernennt neue Head of Sales und verst\u00e4rkt das Team","og_description":"Robeco gab bekannt, dass Carolin Hefele, seit 2021 f\u00fcr Robeco t\u00e4tig, zur Head of Sales & Marketing Schweiz und Liechtenstein ernannt wurde.","og_url":"https:\/\/www.organisator.ch\/it\/gestione-2\/2024-09-23\/robeco-schweiz-ernennt-neue-head-of-sales-und-verstaerkt-das-team\/","og_site_name":"Organisator","article_publisher":"https:\/\/www.facebook.com\/OrganisatorFachmagazin","article_published_time":"2024-09-23T07:37:13+00:00","og_image":[{"width":680,"height":303,"url":"https:\/\/www.organisator.ch\/wp-content\/uploads\/2024\/09\/Robeco_Bild_ps.jpg","type":"image\/jpeg"}],"author":"Adelisa Kalajdzini","twitter_card":"summary_large_image","twitter_title":"Robeco Schweiz ernennt neue Head of Sales und verst\u00e4rkt das Team","twitter_description":"#Robeco gab bekannt, dass #Carolin #Hefele, seit 2021 f\u00fcr Robeco t\u00e4tig, zur #Head #of #Sales & #Marketing #Schweiz und #Liechtenstein ernannt wurde.","twitter_image":"https:\/\/www.organisator.ch\/wp-content\/uploads\/2024\/09\/Robeco_Bild_ps.jpg","schema":{"@context":"https:\/\/schema.org","@graph":[{"@type":"Article","@id":"https:\/\/www.organisator.ch\/management\/2024-09-23\/robeco-schweiz-ernennt-neue-head-of-sales-und-verstaerkt-das-team\/#article","isPartOf":{"@id":"https:\/\/www.organisator.ch\/management\/2024-09-23\/robeco-schweiz-ernennt-neue-head-of-sales-und-verstaerkt-das-team\/"},"author":{"name":"Adelisa Kalajdzini","@id":"https:\/\/www.organisator.ch\/#\/schema\/person\/2e1314a2172123f874db408d8911d3f3"},"headline":"Robeco Schweiz ernennt neue Head of Sales und verst\u00e4rkt das Team","datePublished":"2024-09-23T07:37:13+00:00","mainEntityOfPage":{"@id":"https:\/\/www.organisator.ch\/management\/2024-09-23\/robeco-schweiz-ernennt-neue-head-of-sales-und-verstaerkt-das-team\/"},"wordCount":401,"publisher":{"@id":"https:\/\/www.organisator.ch\/#organization"},"image":{"@id":"https:\/\/www.organisator.ch\/management\/2024-09-23\/robeco-schweiz-ernennt-neue-head-of-sales-und-verstaerkt-das-team\/#primaryimage"},"thumbnailUrl":"https:\/\/www.organisator.ch\/wp-content\/uploads\/2024\/09\/Robeco_Bild_ps.jpg","keywords":["Management","Sales","Schweiz","Team"],"articleSection":["MANAGEMENT"],"inLanguage":"it-IT"},{"@type":"WebPage","@id":"https:\/\/www.organisator.ch\/management\/2024-09-23\/robeco-schweiz-ernennt-neue-head-of-sales-und-verstaerkt-das-team\/","url":"https:\/\/www.organisator.ch\/management\/2024-09-23\/robeco-schweiz-ernennt-neue-head-of-sales-und-verstaerkt-das-team\/","name":"Robeco Switzerland nomina il nuovo Head of Sales e rafforza il team - Organiser","isPartOf":{"@id":"https:\/\/www.organisator.ch\/#website"},"primaryImageOfPage":{"@id":"https:\/\/www.organisator.ch\/management\/2024-09-23\/robeco-schweiz-ernennt-neue-head-of-sales-und-verstaerkt-das-team\/#primaryimage"},"image":{"@id":"https:\/\/www.organisator.ch\/management\/2024-09-23\/robeco-schweiz-ernennt-neue-head-of-sales-und-verstaerkt-das-team\/#primaryimage"},"thumbnailUrl":"https:\/\/www.organisator.ch\/wp-content\/uploads\/2024\/09\/Robeco_Bild_ps.jpg","datePublished":"2024-09-23T07:37:13+00:00","description":"Robeco ha annunciato che Carolin Hefele, entrata in Robeco nel 2021, \u00e8 stata nominata Head of Sales &amp; Marketing Switzerland and Liechtenstein.","breadcrumb":{"@id":"https:\/\/www.organisator.ch\/management\/2024-09-23\/robeco-schweiz-ernennt-neue-head-of-sales-und-verstaerkt-das-team\/#breadcrumb"},"inLanguage":"it-IT","potentialAction":[{"@type":"ReadAction","target":["https:\/\/www.organisator.ch\/management\/2024-09-23\/robeco-schweiz-ernennt-neue-head-of-sales-und-verstaerkt-das-team\/"]}]},{"@type":"ImageObject","inLanguage":"it-IT","@id":"https:\/\/www.organisator.ch\/management\/2024-09-23\/robeco-schweiz-ernennt-neue-head-of-sales-und-verstaerkt-das-team\/#primaryimage","url":"https:\/\/www.organisator.ch\/wp-content\/uploads\/2024\/09\/Robeco_Bild_ps.jpg","contentUrl":"https:\/\/www.organisator.ch\/wp-content\/uploads\/2024\/09\/Robeco_Bild_ps.jpg","width":680,"height":303,"caption":"V.l.n.r Christophe Sohn, Carolin Hefele und Claudio Carc\u00f2. (Bild: www.robeco.com)"},{"@type":"BreadcrumbList","@id":"https:\/\/www.organisator.ch\/management\/2024-09-23\/robeco-schweiz-ernennt-neue-head-of-sales-und-verstaerkt-das-team\/#breadcrumb","itemListElement":[{"@type":"ListItem","position":1,"name":"Home","item":"https:\/\/www.organisator.ch\/"},{"@type":"ListItem","position":2,"name":"Robeco Schweiz ernennt neue Head of Sales und verst\u00e4rkt das Team"}]},{"@type":"WebSite","@id":"https:\/\/www.organisator.ch\/#website","url":"https:\/\/www.organisator.ch\/","name":"Organizzatore","description":"Competente. Pratico. In 10 numeri all'anno, ORGANISATOR presenta i temi essenziali per i manager delle PMI.","publisher":{"@id":"https:\/\/www.organisator.ch\/#organization"},"potentialAction":[{"@type":"SearchAction","target":{"@type":"EntryPoint","urlTemplate":"https:\/\/www.organisator.ch\/?s={search_term_string}"},"query-input":{"@type":"PropertyValueSpecification","valueRequired":true,"valueName":"search_term_string"}}],"inLanguage":"it-IT"},{"@type":"Organization","@id":"https:\/\/www.organisator.ch\/#organization","name":"Organizzatore","url":"https:\/\/www.organisator.ch\/","logo":{"@type":"ImageObject","inLanguage":"it-IT","@id":"https:\/\/www.organisator.ch\/#\/schema\/logo\/image\/","url":"https:\/\/www.organisator.ch\/wp-content\/uploads\/2022\/01\/Logo_Organisator_Website.png","contentUrl":"https:\/\/www.organisator.ch\/wp-content\/uploads\/2022\/01\/Logo_Organisator_Website.png","width":800,"height":77,"caption":"Organisator"},"image":{"@id":"https:\/\/www.organisator.ch\/#\/schema\/logo\/image\/"},"sameAs":["https:\/\/www.facebook.com\/OrganisatorFachmagazin","https:\/\/www.linkedin.com\/showcase\/organisator-das-magazin-fr-kmu","https:\/\/www.xing.com\/news\/pages\/organisator-ch-695","https:\/\/www.youtube.com\/channel\/UCGP2Sq0iWaZwT3BdIAQFYpw"]},{"@type":"Person","@id":"https:\/\/www.organisator.ch\/#\/schema\/person\/2e1314a2172123f874db408d8911d3f3","name":"Adelisa Kalajdzini","image":{"@type":"ImageObject","inLanguage":"it-IT","@id":"https:\/\/secure.gravatar.com\/avatar\/09a397c22ac58cad6f160ee8306348599df9df58a8ede73696226897b9fa4b24?s=96&d=mm&r=g","url":"https:\/\/secure.gravatar.com\/avatar\/09a397c22ac58cad6f160ee8306348599df9df58a8ede73696226897b9fa4b24?s=96&d=mm&r=g","contentUrl":"https:\/\/secure.gravatar.com\/avatar\/09a397c22ac58cad6f160ee8306348599df9df58a8ede73696226897b9fa4b24?s=96&d=mm&r=g","caption":"Adelisa Kalajdzini"},"url":"https:\/\/www.organisator.ch\/it\/author\/adelisa-kalajdzini\/"}]}},"_links":{"self":[{"href":"https:\/\/www.organisator.ch\/it\/wp-json\/wp\/v2\/posts\/29989","targetHints":{"allow":["GET"]}}],"collection":[{"href":"https:\/\/www.organisator.ch\/it\/wp-json\/wp\/v2\/posts"}],"about":[{"href":"https:\/\/www.organisator.ch\/it\/wp-json\/wp\/v2\/types\/post"}],"author":[{"embeddable":true,"href":"https:\/\/www.organisator.ch\/it\/wp-json\/wp\/v2\/users\/58"}],"replies":[{"embeddable":true,"href":"https:\/\/www.organisator.ch\/it\/wp-json\/wp\/v2\/comments?post=29989"}],"version-history":[{"count":5,"href":"https:\/\/www.organisator.ch\/it\/wp-json\/wp\/v2\/posts\/29989\/revisions"}],"predecessor-version":[{"id":30022,"href":"https:\/\/www.organisator.ch\/it\/wp-json\/wp\/v2\/posts\/29989\/revisions\/30022"}],"wp:featuredmedia":[{"embeddable":true,"href":"https:\/\/www.organisator.ch\/it\/wp-json\/wp\/v2\/media\/29991"}],"wp:attachment":[{"href":"https:\/\/www.organisator.ch\/it\/wp-json\/wp\/v2\/media?parent=29989"}],"wp:term":[{"taxonomy":"category","embeddable":true,"href":"https:\/\/www.organisator.ch\/it\/wp-json\/wp\/v2\/categories?post=29989"},{"taxonomy":"post_tag","embeddable":true,"href":"https:\/\/www.organisator.ch\/it\/wp-json\/wp\/v2\/tags?post=29989"}],"curies":[{"name":"wp","href":"https:\/\/api.w.org\/{rel}","templated":true}]}}